{"id":19205,"date":"2021-10-15T08:00:00","date_gmt":"2021-10-15T08:00:00","guid":{"rendered":"https:\/\/aliancaevangelica.pt\/site\/?p=19205"},"modified":"2021-10-07T12:43:38","modified_gmt":"2021-10-07T12:43:38","slug":"a-bencao-de-ler-um-livro","status":"publish","type":"post","link":"https:\/\/aliancaevangelica.pt\/site\/a-bencao-de-ler-um-livro\/","title":{"rendered":"A B\u00caN\u00c7\u00c3O DE LER UM LIVRO"},"content":{"rendered":"<p class=\"p1\">Acabei agora de ler o que considero o melhor livro que j\u00e1 li. De facto, foi como \u00e1gua fresca para a minha alma, dando-me o que, por certo, eu precisava de aprender. Trata-se do livro autobiogr\u00e1fico de Billy Graham, intitulado \u201cJust as I am\u201d (\u201cTal como sou\u201d).<\/p>\n<p class=\"p1\"><strong>Um peda\u00e7o de hist\u00f3ria<\/strong><\/p>\n<p class=\"p1\">Levaria muitas p\u00e1ginas para tentar descrever tudo o que dele recebi. Como barro nas m\u00e3os do Oleiro, que precisa de \u00e1gua para continuar o seu trabalho, este livro foi a \u00e1gua necess\u00e1ria para que eu ainda continue a ser moldada, pois n\u00e3o sou a mesma que era antes de o ter lido.<\/p>\n<p class=\"p1\">Este livro oferece uma leitura enriquecedora, quer para quem aceite quer para quem rejeite o conceito de religi\u00e3o, pois a sua riqueza liter\u00e1ria vai al\u00e9m de qualquer conceito. Trata-se de um peda\u00e7o enorme da hist\u00f3ria mundial e n\u00e3o um enredo em que se procura chegar ao desfecho na \u00faltima p\u00e1gina.<\/p>\n<p class=\"p1\">Os di\u00e1rios de Ruth e Billy Graham, escritos com precis\u00e3o e detalhe, levam-nos pelo mundo, numa miss\u00e3o inimagin\u00e1vel que Deus entregou ao menino que ordenhava vacas, orava num tro\u00e7o de estrada, ainda muito jovem e, deitado no ch\u00e3o, olhava a imensid\u00e3o do firmamento estrelado quando Deus o chamou e continuou a confirmar a chamada at\u00e9 aos seus 99 anos. Ao longo do livro, v\u00ea-se a sua pr\u00f3pria admira\u00e7\u00e3o por ver de onde Deus o trouxe e por onde o levou, n\u00e3o deixando que nada o fizesse perder a vis\u00e3o, mantendo-se na posi\u00e7\u00e3o de humildade requerida.<\/p>\n<p class=\"p1\"><strong>Crescimento do minist\u00e9rio<\/strong><\/p>\n<p class=\"p1\">Para sua pr\u00f3pria surpresa, o minist\u00e9rio que Deus lhe entregou cresceu em muitas direc\u00e7\u00f5es e oportunidades mas nunca alterou a sua postura de humildade. Percebe-se a sua cont\u00ednua depend\u00eancia de Deus, mesmo quando crescia \u00e0 sua volta a influ\u00eancia e admira\u00e7\u00e3o do seu trabalho vinda de homens que se destacavam financeiramente.<\/p>\n<p class=\"p1\">\u00c9 um relato abrangente e minucioso de muitos contactos a alto n\u00edvel, desde o Presidente Eisenhower at\u00e9 ao Presidente George Bush (pai), com a parte positiva e diferente em que foi dada ao mundo a oportunidade invulgar de ouvir o evangelho, com os resultados de mudan\u00e7a na vida de multid\u00f5es, que atingiu muitos l\u00edderes tamb\u00e9m.<\/p>\n<p class=\"p1\">Tr\u00eas homens muito conhecidos na hist\u00f3ria quiseram falar com Billy Graham privadamente: Nehru, Eisenhower e Churchill. N\u00e3o foi sem expectativa que ele recebeu esses convites. Qual seria o assunto ou os assuntos? Nehru, que o recebeu em sil\u00eancio, ficou a ouvir impress\u00e3o de Billy Graham sobre a \u00cdndia at\u00e9 chegar a palavras que saciaram a sua fome espiritual. Eisenhower estava doente e queria fazer paz com Nixon, o seu vice-presidente, com quem tinha diferen\u00e7as de opini\u00e3o a resolver. Brevemente, o seu neto e a filha de Nixon iriam casar, e o General queria a paz entre eles e pediu a ajuda de Billy Graham nesse sentido. Mais tarde, j\u00e1 no hospital, mais uma vez foi pedida ajuda ao evangelista que lhe falou sobre a esperan\u00e7a na eternidade. O convite de Churchill chegou com muita insist\u00eancia. Queria falar com Billy, enquanto decorria a campanha evangel\u00edstica em Londres, que lhe falou da salva\u00e7\u00e3o e do plano de Deus, tendo orado por Churchill, a pedido dele. Tr\u00eas homens que a hist\u00f3ria nos revela como vibrantes e fortes mas cuja necessidade espiritual era igual a todos os mortais, quando a eternidade estava \u00e0 vista.<\/p>\n<p class=\"p1\"><strong>A sua esposa<\/strong><\/p>\n<p class=\"p1\">N\u00e3o imaginam como me senti feliz lendo o que Billy Graham escreveu sobre a esposa Ruth. Descrevendo o dia em que receberam das m\u00e3os do Presidente Clinton a Congressional Gold Medal, a maior honra do Congresso dos EUA dada a um cidad\u00e3o, neste caso a ele e \u00e0 esposa, com a efigie de ambos, disse ele: &#8220;Senti-me totalmente n\u00e3o merecedor desta honra, mas estou felic\u00edssimo que Ruth esteja inclu\u00edda. Sem a sua participa\u00e7\u00e3o e o seu encorajamento atrav\u00e9s dos anos, o meu trabalho teria seria imposs\u00edvel de realizar.\u201d<\/p>\n<p class=\"p1\">Durante esses muitos anos, ela criou os cinco filhos, viajou com ele e esteve ao seu lado, em momentos em que ele precisou da sua companhia em ora\u00e7\u00e3o e o seu conselho que ele sempre considerou e apreciou, sendo ponto alto na ajuda que precisou e recebeu dela.<\/p>\n<p class=\"p1\"><strong>Ramo de flores<\/strong><\/p>\n<p class=\"p1\">Lembrei-me ent\u00e3o que, tr\u00eas dias antes da sua partida para a eternidade, o meu marido, na altura j\u00e1 pouco comunicativo, olhou para mim e disse: \u201cCarmina, tenho estado aqui a pensar que tu nunca te queixaste\u201d. Para mim, foi como se de repente ele viesse com um grande ramo de flores, como gratid\u00e3o por muita coisa, ao longo dos muitos anos em que servimos a Deus juntos e que eu sei ele estava englobando naquela frase.<\/p>\n<p class=\"p1\">Ser\u00e1 muita ousadia da minha parte, mas atrevo-me aqui e hoje a pedir aos maridos que ainda t\u00eam as suas esposas, a percorrer no cora\u00e7\u00e3o o caminho andado e falar o que iria ficar por dizer, mas que elas muito apreciariam ouvir enquanto ainda lhes pode ser dito. Na vida que est\u00e1 a correr depressa demais, h\u00e1 uma d\u00edvida por pagar que umas palavras, um abra\u00e7o e um beijo t\u00eam o dom n\u00e3o s\u00f3 de pagar mas tamb\u00e9m o juro do que j\u00e1 devia ter sido dito. Agora \u00e9 o tempo, &#8220;d\u00e1-lhe as flores enquanto vive&#8221;.<\/p>\n<p class=\"p1\"><strong>O que teria feito diferente<\/strong><\/p>\n<p class=\"p1\">Na an\u00e1lise que faz da sua vida, depois das muitas d\u00e9cadas que o livro atravessa, Billy Graham considera o muito que teria feito diferente. Quantos de n\u00f3s pensamos o mesmo!<\/p>\n<p class=\"p1\">Sobre o seu casamento, refere que ele e a esposa tentaram fazer o melhor. Lamentou os dias em que esteve longe dos filhos, mas que tentou compensar o melhor que p\u00f4de, perante a impossibilidade de n\u00e3o poder reaver esses dias. \u00c9 verdade, sempre podemos compensar, mesmo sem haver a possibilidade de reaver o que se perdeu. O que definitivamente lamentou foi o seu envolvimento na opini\u00e3o pol\u00edtica para que as circunst\u00e2ncias o empurraram. &#8220;Isso diluiu em algum ponto a minha chamada, que eu desejaria ter sido apenas &#8220;pregar o evangelho&#8221;.<\/p>\n<p class=\"p1\">Desejo que este livro seja, para quem ler, a b\u00ean\u00e7\u00e3o que foi para mim. Um exemplo de vida, verdadeiro e inspirador. A minha vida estaria incompleta sem esta leitura.<\/p>\n<p class=\"p1\">\u201cIsto se escrever\u00e1 para a gera\u00e7\u00e3o futura; e o povo que se criar louvar\u00e1 ao Senhor.\u201d (Salmos 102:18)<\/p>\n<p>[movedo_single_image image=&#8221;17117&#8243; animation=&#8221;grve-zoom-in&#8221;]Carmina Coias<\/p>\n<p class=\"p1\">Mission\u00e1ria aposentada<\/p>\n<p class=\"p1\">\n","protected":false},"excerpt":{"rendered":"<p>Acabei agora de ler o que considero o melhor livro que j\u00e1 li. De facto, foi como \u00e1gua fresca para a minha alma, dando-me o que, por certo, eu precisava de aprender. Trata-se do livro autobiogr\u00e1fico de Billy Graham, intitulado \u201cJust as I am\u201d (\u201cTal como sou\u201d). Um peda\u00e7o de hist\u00f3ria Levaria muitas p\u00e1ginas para<\/p>\n","protected":false},"author":2,"featured_media":19206,"comment_status":"open","ping_status":"open","sticky":false,"template":"","format":"standard","meta":{"_uag_custom_page_level_css":"","_themeisle_gutenberg_block_has_review":false,"_vp_format_video_url":"","_vp_image_focal_point":[],"footnotes":""},"categories":[45,47],"tags":[],"class_list":["post-19205","post","type-post","status-publish","format-standard","has-post-thumbnail","hentry","category-geral","category-mulheres-casais-e-familia"],"yoast_head":"<!-- This site is optimized with the Yoast SEO plugin v27.5 - https:\/\/yoast.com\/product\/yoast-seo-wordpress\/ -->\n<title>A B\u00caN\u00c7\u00c3O DE LER UM LIVRO - AEP<\/title>\n<meta name=\"robots\" content=\"index, follow, max-snippet:-1, max-image-preview:large, max-video-preview:-1\" \/>\n<link rel=\"canonical\" href=\"https:\/\/aliancaevangelica.pt\/site\/a-bencao-de-ler-um-livro\/\" \/>\n<meta property=\"og:locale\" content=\"pt_PT\" \/>\n<meta property=\"og:type\" content=\"article\" \/>\n<meta property=\"og:title\" content=\"A B\u00caN\u00c7\u00c3O DE LER UM LIVRO - AEP\" \/>\n<meta property=\"og:description\" content=\"Acabei agora de ler o que considero o melhor livro que j\u00e1 li. De facto, foi como \u00e1gua fresca para a minha alma, dando-me o que, por certo, eu precisava de aprender. Trata-se do livro autobiogr\u00e1fico de Billy Graham, intitulado \u201cJust as I am\u201d (\u201cTal como sou\u201d). Um peda\u00e7o de hist\u00f3ria Levaria muitas p\u00e1ginas para\" \/>\n<meta property=\"og:url\" content=\"https:\/\/aliancaevangelica.pt\/site\/a-bencao-de-ler-um-livro\/\" \/>\n<meta property=\"og:site_name\" content=\"AEP\" \/>\n<meta property=\"article:publisher\" content=\"http:\/\/facebook.com\/aeportuguesa\" \/>\n<meta property=\"article:author\" content=\"aeportugal\" \/>\n<meta property=\"article:published_time\" content=\"2021-10-15T08:00:00+00:00\" \/>\n<meta property=\"og:image\" content=\"https:\/\/aliancaevangelica.pt\/site\/wp-content\/uploads\/2021\/10\/Ler-um-livro.jpg\" \/>\n\t<meta property=\"og:image:width\" content=\"960\" \/>\n\t<meta property=\"og:image:height\" content=\"640\" \/>\n\t<meta property=\"og:image:type\" content=\"image\/jpeg\" \/>\n<meta name=\"author\" content=\"AEP\" \/>\n<meta name=\"twitter:card\" content=\"summary_large_image\" \/>\n<meta name=\"twitter:label1\" content=\"Escrito por\" \/>\n\t<meta name=\"twitter:data1\" content=\"AEP\" \/>\n\t<meta name=\"twitter:label2\" content=\"Tempo estimado de leitura\" \/>\n\t<meta name=\"twitter:data2\" content=\"6 minutos\" \/>\n<script type=\"application\/ld+json\" class=\"yoast-schema-graph\">{\"@context\":\"https:\\\/\\\/schema.org\",\"@graph\":[{\"@type\":\"Article\",\"@id\":\"https:\\\/\\\/aliancaevangelica.pt\\\/site\\\/a-bencao-de-ler-um-livro\\\/#article\",\"isPartOf\":{\"@id\":\"https:\\\/\\\/aliancaevangelica.pt\\\/site\\\/a-bencao-de-ler-um-livro\\\/\"},\"author\":{\"name\":\"AEP\",\"@id\":\"https:\\\/\\\/aliancaevangelica.pt\\\/site\\\/#\\\/schema\\\/person\\\/3b47cfc7535eff1e820f31c2d67eafcf\"},\"headline\":\"A B\u00caN\u00c7\u00c3O DE LER UM LIVRO\",\"datePublished\":\"2021-10-15T08:00:00+00:00\",\"mainEntityOfPage\":{\"@id\":\"https:\\\/\\\/aliancaevangelica.pt\\\/site\\\/a-bencao-de-ler-um-livro\\\/\"},\"wordCount\":1129,\"commentCount\":0,\"publisher\":{\"@id\":\"https:\\\/\\\/aliancaevangelica.pt\\\/site\\\/#organization\"},\"image\":{\"@id\":\"https:\\\/\\\/aliancaevangelica.pt\\\/site\\\/a-bencao-de-ler-um-livro\\\/#primaryimage\"},\"thumbnailUrl\":\"https:\\\/\\\/aliancaevangelica.pt\\\/site\\\/wp-content\\\/uploads\\\/2021\\\/10\\\/Ler-um-livro.jpg\",\"articleSection\":[\"1-Geral\",\"Mulheres, Casais e Fam\u00edlia\"],\"inLanguage\":\"pt-PT\",\"potentialAction\":[{\"@type\":\"CommentAction\",\"name\":\"Comment\",\"target\":[\"https:\\\/\\\/aliancaevangelica.pt\\\/site\\\/a-bencao-de-ler-um-livro\\\/#respond\"]}]},{\"@type\":\"WebPage\",\"@id\":\"https:\\\/\\\/aliancaevangelica.pt\\\/site\\\/a-bencao-de-ler-um-livro\\\/\",\"url\":\"https:\\\/\\\/aliancaevangelica.pt\\\/site\\\/a-bencao-de-ler-um-livro\\\/\",\"name\":\"A B\u00caN\u00c7\u00c3O DE LER UM LIVRO - AEP\",\"isPartOf\":{\"@id\":\"https:\\\/\\\/aliancaevangelica.pt\\\/site\\\/#website\"},\"primaryImageOfPage\":{\"@id\":\"https:\\\/\\\/aliancaevangelica.pt\\\/site\\\/a-bencao-de-ler-um-livro\\\/#primaryimage\"},\"image\":{\"@id\":\"https:\\\/\\\/aliancaevangelica.pt\\\/site\\\/a-bencao-de-ler-um-livro\\\/#primaryimage\"},\"thumbnailUrl\":\"https:\\\/\\\/aliancaevangelica.pt\\\/site\\\/wp-content\\\/uploads\\\/2021\\\/10\\\/Ler-um-livro.jpg\",\"datePublished\":\"2021-10-15T08:00:00+00:00\",\"breadcrumb\":{\"@id\":\"https:\\\/\\\/aliancaevangelica.pt\\\/site\\\/a-bencao-de-ler-um-livro\\\/#breadcrumb\"},\"inLanguage\":\"pt-PT\",\"potentialAction\":[{\"@type\":\"ReadAction\",\"target\":[\"https:\\\/\\\/aliancaevangelica.pt\\\/site\\\/a-bencao-de-ler-um-livro\\\/\"]}]},{\"@type\":\"ImageObject\",\"inLanguage\":\"pt-PT\",\"@id\":\"https:\\\/\\\/aliancaevangelica.pt\\\/site\\\/a-bencao-de-ler-um-livro\\\/#primaryimage\",\"url\":\"https:\\\/\\\/aliancaevangelica.pt\\\/site\\\/wp-content\\\/uploads\\\/2021\\\/10\\\/Ler-um-livro.jpg\",\"contentUrl\":\"https:\\\/\\\/aliancaevangelica.pt\\\/site\\\/wp-content\\\/uploads\\\/2021\\\/10\\\/Ler-um-livro.jpg\",\"width\":960,\"height\":640},{\"@type\":\"BreadcrumbList\",\"@id\":\"https:\\\/\\\/aliancaevangelica.pt\\\/site\\\/a-bencao-de-ler-um-livro\\\/#breadcrumb\",\"itemListElement\":[{\"@type\":\"ListItem\",\"position\":1,\"name\":\"In\u00edcio\",\"item\":\"https:\\\/\\\/aliancaevangelica.pt\\\/site\\\/\"},{\"@type\":\"ListItem\",\"position\":2,\"name\":\"A B\u00caN\u00c7\u00c3O DE LER UM LIVRO\"}]},{\"@type\":\"WebSite\",\"@id\":\"https:\\\/\\\/aliancaevangelica.pt\\\/site\\\/#website\",\"url\":\"https:\\\/\\\/aliancaevangelica.pt\\\/site\\\/\",\"name\":\"Alian\u00e7a Evang\u00e9lica Portuguesa\",\"description\":\"Alian\u00e7a Evang\u00e9lica Portuguesa\",\"publisher\":{\"@id\":\"https:\\\/\\\/aliancaevangelica.pt\\\/site\\\/#organization\"},\"potentialAction\":[{\"@type\":\"SearchAction\",\"target\":{\"@type\":\"EntryPoint\",\"urlTemplate\":\"https:\\\/\\\/aliancaevangelica.pt\\\/site\\\/?s={search_term_string}\"},\"query-input\":{\"@type\":\"PropertyValueSpecification\",\"valueRequired\":true,\"valueName\":\"search_term_string\"}}],\"inLanguage\":\"pt-PT\"},{\"@type\":\"Organization\",\"@id\":\"https:\\\/\\\/aliancaevangelica.pt\\\/site\\\/#organization\",\"name\":\"Alian\u00e7a Evang\u00e9lica Portuguesa\",\"url\":\"https:\\\/\\\/aliancaevangelica.pt\\\/site\\\/\",\"logo\":{\"@type\":\"ImageObject\",\"inLanguage\":\"pt-PT\",\"@id\":\"https:\\\/\\\/aliancaevangelica.pt\\\/site\\\/#\\\/schema\\\/logo\\\/image\\\/\",\"url\":\"https:\\\/\\\/aliancaevangelica.pt\\\/site\\\/wp-content\\\/uploads\\\/2017\\\/11\\\/logo-AEP-cor.png\",\"contentUrl\":\"https:\\\/\\\/aliancaevangelica.pt\\\/site\\\/wp-content\\\/uploads\\\/2017\\\/11\\\/logo-AEP-cor.png\",\"width\":1156,\"height\":672,\"caption\":\"Alian\u00e7a Evang\u00e9lica Portuguesa\"},\"image\":{\"@id\":\"https:\\\/\\\/aliancaevangelica.pt\\\/site\\\/#\\\/schema\\\/logo\\\/image\\\/\"},\"sameAs\":[\"http:\\\/\\\/facebook.com\\\/aeportuguesa\",\"http:\\\/\\\/instagram.com\\\/aliancaep\",\"http:\\\/\\\/youtube.com\\\/aeportuguesa\"]},{\"@type\":\"Person\",\"@id\":\"https:\\\/\\\/aliancaevangelica.pt\\\/site\\\/#\\\/schema\\\/person\\\/3b47cfc7535eff1e820f31c2d67eafcf\",\"name\":\"AEP\",\"sameAs\":[\"aeportugal\"],\"url\":\"https:\\\/\\\/aliancaevangelica.pt\\\/site\\\/author\\\/aeportugal\\\/\"}]}<\/script>\n<!-- \/ Yoast SEO plugin. -->","yoast_head_json":{"title":"A B\u00caN\u00c7\u00c3O DE LER UM LIVRO - AEP","robots":{"index":"index","follow":"follow","max-snippet":"max-snippet:-1","max-image-preview":"max-image-preview:large","max-video-preview":"max-video-preview:-1"},"canonical":"https:\/\/aliancaevangelica.pt\/site\/a-bencao-de-ler-um-livro\/","og_locale":"pt_PT","og_type":"article","og_title":"A B\u00caN\u00c7\u00c3O DE LER UM LIVRO - AEP","og_description":"Acabei agora de ler o que considero o melhor livro que j\u00e1 li. De facto, foi como \u00e1gua fresca para a minha alma, dando-me o que, por certo, eu precisava de aprender. Trata-se do livro autobiogr\u00e1fico de Billy Graham, intitulado \u201cJust as I am\u201d (\u201cTal como sou\u201d). Um peda\u00e7o de hist\u00f3ria Levaria muitas p\u00e1ginas para","og_url":"https:\/\/aliancaevangelica.pt\/site\/a-bencao-de-ler-um-livro\/","og_site_name":"AEP","article_publisher":"http:\/\/facebook.com\/aeportuguesa","article_author":"aeportugal","article_published_time":"2021-10-15T08:00:00+00:00","og_image":[{"width":960,"height":640,"url":"https:\/\/aliancaevangelica.pt\/site\/wp-content\/uploads\/2021\/10\/Ler-um-livro.jpg","type":"image\/jpeg"}],"author":"AEP","twitter_card":"summary_large_image","twitter_misc":{"Escrito por":"AEP","Tempo estimado de leitura":"6 minutos"},"schema":{"@context":"https:\/\/schema.org","@graph":[{"@type":"Article","@id":"https:\/\/aliancaevangelica.pt\/site\/a-bencao-de-ler-um-livro\/#article","isPartOf":{"@id":"https:\/\/aliancaevangelica.pt\/site\/a-bencao-de-ler-um-livro\/"},"author":{"name":"AEP","@id":"https:\/\/aliancaevangelica.pt\/site\/#\/schema\/person\/3b47cfc7535eff1e820f31c2d67eafcf"},"headline":"A B\u00caN\u00c7\u00c3O DE LER UM LIVRO","datePublished":"2021-10-15T08:00:00+00:00","mainEntityOfPage":{"@id":"https:\/\/aliancaevangelica.pt\/site\/a-bencao-de-ler-um-livro\/"},"wordCount":1129,"commentCount":0,"publisher":{"@id":"https:\/\/aliancaevangelica.pt\/site\/#organization"},"image":{"@id":"https:\/\/aliancaevangelica.pt\/site\/a-bencao-de-ler-um-livro\/#primaryimage"},"thumbnailUrl":"https:\/\/aliancaevangelica.pt\/site\/wp-content\/uploads\/2021\/10\/Ler-um-livro.jpg","articleSection":["1-Geral","Mulheres, Casais e Fam\u00edlia"],"inLanguage":"pt-PT","potentialAction":[{"@type":"CommentAction","name":"Comment","target":["https:\/\/aliancaevangelica.pt\/site\/a-bencao-de-ler-um-livro\/#respond"]}]},{"@type":"WebPage","@id":"https:\/\/aliancaevangelica.pt\/site\/a-bencao-de-ler-um-livro\/","url":"https:\/\/aliancaevangelica.pt\/site\/a-bencao-de-ler-um-livro\/","name":"A B\u00caN\u00c7\u00c3O DE LER UM LIVRO - AEP","isPartOf":{"@id":"https:\/\/aliancaevangelica.pt\/site\/#website"},"primaryImageOfPage":{"@id":"https:\/\/aliancaevangelica.pt\/site\/a-bencao-de-ler-um-livro\/#primaryimage"},"image":{"@id":"https:\/\/aliancaevangelica.pt\/site\/a-bencao-de-ler-um-livro\/#primaryimage"},"thumbnailUrl":"https:\/\/aliancaevangelica.pt\/site\/wp-content\/uploads\/2021\/10\/Ler-um-livro.jpg","datePublished":"2021-10-15T08:00:00+00:00","breadcrumb":{"@id":"https:\/\/aliancaevangelica.pt\/site\/a-bencao-de-ler-um-livro\/#breadcrumb"},"inLanguage":"pt-PT","potentialAction":[{"@type":"ReadAction","target":["https:\/\/aliancaevangelica.pt\/site\/a-bencao-de-ler-um-livro\/"]}]},{"@type":"ImageObject","inLanguage":"pt-PT","@id":"https:\/\/aliancaevangelica.pt\/site\/a-bencao-de-ler-um-livro\/#primaryimage","url":"https:\/\/aliancaevangelica.pt\/site\/wp-content\/uploads\/2021\/10\/Ler-um-livro.jpg","contentUrl":"https:\/\/aliancaevangelica.pt\/site\/wp-content\/uploads\/2021\/10\/Ler-um-livro.jpg","width":960,"height":640},{"@type":"BreadcrumbList","@id":"https:\/\/aliancaevangelica.pt\/site\/a-bencao-de-ler-um-livro\/#breadcrumb","itemListElement":[{"@type":"ListItem","position":1,"name":"In\u00edcio","item":"https:\/\/aliancaevangelica.pt\/site\/"},{"@type":"ListItem","position":2,"name":"A B\u00caN\u00c7\u00c3O DE LER UM LIVRO"}]},{"@type":"WebSite","@id":"https:\/\/aliancaevangelica.pt\/site\/#website","url":"https:\/\/aliancaevangelica.pt\/site\/","name":"Alian\u00e7a Evang\u00e9lica Portuguesa","description":"Alian\u00e7a Evang\u00e9lica Portuguesa","publisher":{"@id":"https:\/\/aliancaevangelica.pt\/site\/#organization"},"potentialAction":[{"@type":"SearchAction","target":{"@type":"EntryPoint","urlTemplate":"https:\/\/aliancaevangelica.pt\/site\/?s={search_term_string}"},"query-input":{"@type":"PropertyValueSpecification","valueRequired":true,"valueName":"search_term_string"}}],"inLanguage":"pt-PT"},{"@type":"Organization","@id":"https:\/\/aliancaevangelica.pt\/site\/#organization","name":"Alian\u00e7a Evang\u00e9lica Portuguesa","url":"https:\/\/aliancaevangelica.pt\/site\/","logo":{"@type":"ImageObject","inLanguage":"pt-PT","@id":"https:\/\/aliancaevangelica.pt\/site\/#\/schema\/logo\/image\/","url":"https:\/\/aliancaevangelica.pt\/site\/wp-content\/uploads\/2017\/11\/logo-AEP-cor.png","contentUrl":"https:\/\/aliancaevangelica.pt\/site\/wp-content\/uploads\/2017\/11\/logo-AEP-cor.png","width":1156,"height":672,"caption":"Alian\u00e7a Evang\u00e9lica Portuguesa"},"image":{"@id":"https:\/\/aliancaevangelica.pt\/site\/#\/schema\/logo\/image\/"},"sameAs":["http:\/\/facebook.com\/aeportuguesa","http:\/\/instagram.com\/aliancaep","http:\/\/youtube.com\/aeportuguesa"]},{"@type":"Person","@id":"https:\/\/aliancaevangelica.pt\/site\/#\/schema\/person\/3b47cfc7535eff1e820f31c2d67eafcf","name":"AEP","sameAs":["aeportugal"],"url":"https:\/\/aliancaevangelica.pt\/site\/author\/aeportugal\/"}]}},"uagb_featured_image_src":{"full":["https:\/\/aliancaevangelica.pt\/site\/wp-content\/uploads\/2021\/10\/Ler-um-livro.jpg",960,640,false],"thumbnail":["https:\/\/aliancaevangelica.pt\/site\/wp-content\/uploads\/2021\/10\/Ler-um-livro-150x150.jpg",150,150,true],"medium":["https:\/\/aliancaevangelica.pt\/site\/wp-content\/uploads\/2021\/10\/Ler-um-livro-300x200.jpg",300,200,true],"medium_large":["https:\/\/aliancaevangelica.pt\/site\/wp-content\/uploads\/2021\/10\/Ler-um-livro-768x512.jpg",768,512,true],"large":["https:\/\/aliancaevangelica.pt\/site\/wp-content\/uploads\/2021\/10\/Ler-um-livro.jpg",960,640,false],"1536x1536":["https:\/\/aliancaevangelica.pt\/site\/wp-content\/uploads\/2021\/10\/Ler-um-livro.jpg",960,640,false],"2048x2048":["https:\/\/aliancaevangelica.pt\/site\/wp-content\/uploads\/2021\/10\/Ler-um-livro.jpg",960,640,false],"vp_sm":["https:\/\/aliancaevangelica.pt\/site\/wp-content\/uploads\/2021\/10\/Ler-um-livro.jpg",500,333,false],"vp_md":["https:\/\/aliancaevangelica.pt\/site\/wp-content\/uploads\/2021\/10\/Ler-um-livro.jpg",800,533,false],"vp_lg":["https:\/\/aliancaevangelica.pt\/site\/wp-content\/uploads\/2021\/10\/Ler-um-livro.jpg",960,640,false],"vp_xl":["https:\/\/aliancaevangelica.pt\/site\/wp-content\/uploads\/2021\/10\/Ler-um-livro.jpg",960,640,false],"vp_sm_popup":["https:\/\/aliancaevangelica.pt\/site\/wp-content\/uploads\/2021\/10\/Ler-um-livro.jpg",500,333,false],"vp_md_popup":["https:\/\/aliancaevangelica.pt\/site\/wp-content\/uploads\/2021\/10\/Ler-um-livro.jpg",800,533,false],"vp_xl_popup":["https:\/\/aliancaevangelica.pt\/site\/wp-content\/uploads\/2021\/10\/Ler-um-livro.jpg",960,640,false],"newsx-150x100":["https:\/\/aliancaevangelica.pt\/site\/wp-content\/uploads\/2021\/10\/Ler-um-livro.jpg",150,100,false],"newsx-330x220":["https:\/\/aliancaevangelica.pt\/site\/wp-content\/uploads\/2021\/10\/Ler-um-livro.jpg",330,220,false],"newsx-420x280":["https:\/\/aliancaevangelica.pt\/site\/wp-content\/uploads\/2021\/10\/Ler-um-livro.jpg",420,280,false],"newsx-510x340":["https:\/\/aliancaevangelica.pt\/site\/wp-content\/uploads\/2021\/10\/Ler-um-livro.jpg",510,340,false],"newsx-640x480":["https:\/\/aliancaevangelica.pt\/site\/wp-content\/uploads\/2021\/10\/Ler-um-livro.jpg",640,427,false],"newsx-670x370":["https:\/\/aliancaevangelica.pt\/site\/wp-content\/uploads\/2021\/10\/Ler-um-livro.jpg",555,370,false],"newsx-860x570":["https:\/\/aliancaevangelica.pt\/site\/wp-content\/uploads\/2021\/10\/Ler-um-livro.jpg",855,570,false],"newsx-1000x750":["https:\/\/aliancaevangelica.pt\/site\/wp-content\/uploads\/2021\/10\/Ler-um-livro.jpg",960,640,false],"newsx-1200x600":["https:\/\/aliancaevangelica.pt\/site\/wp-content\/uploads\/2021\/10\/Ler-um-livro.jpg",900,600,false]},"uagb_author_info":{"display_name":"AEP","author_link":"https:\/\/aliancaevangelica.pt\/site\/author\/aeportugal\/"},"uagb_comment_info":0,"uagb_excerpt":"Acabei agora de ler o que considero o melhor livro que j\u00e1 li. De facto, foi como \u00e1gua fresca para a minha alma, dando-me o que, por certo, eu precisava de aprender. Trata-se do livro autobiogr\u00e1fico de Billy Graham, intitulado \u201cJust as I am\u201d (\u201cTal como sou\u201d). Um peda\u00e7o de hist\u00f3ria Levaria muitas p\u00e1ginas para","_links":{"self":[{"href":"https:\/\/aliancaevangelica.pt\/site\/wp-json\/wp\/v2\/posts\/19205","targetHints":{"allow":["GET"]}}],"collection":[{"href":"https:\/\/aliancaevangelica.pt\/site\/wp-json\/wp\/v2\/posts"}],"about":[{"href":"https:\/\/aliancaevangelica.pt\/site\/wp-json\/wp\/v2\/types\/post"}],"author":[{"embeddable":true,"href":"https:\/\/aliancaevangelica.pt\/site\/wp-json\/wp\/v2\/users\/2"}],"replies":[{"embeddable":true,"href":"https:\/\/aliancaevangelica.pt\/site\/wp-json\/wp\/v2\/comments?post=19205"}],"version-history":[{"count":1,"href":"https:\/\/aliancaevangelica.pt\/site\/wp-json\/wp\/v2\/posts\/19205\/revisions"}],"predecessor-version":[{"id":19207,"href":"https:\/\/aliancaevangelica.pt\/site\/wp-json\/wp\/v2\/posts\/19205\/revisions\/19207"}],"wp:featuredmedia":[{"embeddable":true,"href":"https:\/\/aliancaevangelica.pt\/site\/wp-json\/wp\/v2\/media\/19206"}],"wp:attachment":[{"href":"https:\/\/aliancaevangelica.pt\/site\/wp-json\/wp\/v2\/media?parent=19205"}],"wp:term":[{"taxonomy":"category","embeddable":true,"href":"https:\/\/aliancaevangelica.pt\/site\/wp-json\/wp\/v2\/categories?post=19205"},{"taxonomy":"post_tag","embeddable":true,"href":"https:\/\/aliancaevangelica.pt\/site\/wp-json\/wp\/v2\/tags?post=19205"}],"curies":[{"name":"wp","href":"https:\/\/api.w.org\/{rel}","templated":true}]}}