{"id":19199,"date":"2021-10-07T12:24:40","date_gmt":"2021-10-07T12:24:40","guid":{"rendered":"https:\/\/aliancaevangelica.pt\/site\/?p=19199"},"modified":"2026-04-30T19:25:31","modified_gmt":"2026-04-30T19:25:31","slug":"dia-internacional-de-oracao-pela-igreja-perseguida","status":"publish","type":"post","link":"https:\/\/aliancaevangelica.pt\/site\/dia-internacional-de-oracao-pela-igreja-perseguida\/","title":{"rendered":"Dia Internacional de Ora\u00e7\u00e3o pela Igreja Perseguida"},"content":{"rendered":"\n<p><strong>Reserve desde j\u00e1 a data 7 de novembro de 2021<\/strong><\/p>\n\n\n\n<p>Hoje, mais de 300 milh\u00f5es de crist\u00e3os em todo o mundo vivem em lugares onde enfrentam persegui\u00e7\u00e3o. Isto inclui: ass\u00e9dio, deten\u00e7\u00e3o, restri\u00e7\u00f5es legais, viol\u00eancia e at\u00e9 morte, por causa da f\u00e9 em Jesus.<\/p>\n\n\n\n<p>A B\u00edblia diz-nos que devemos orar por aqueles que s\u00e3o maltratados como se n\u00f3s mesmos o f\u00f4ssemos (Heb. 13: 3) e que se um membro do corpo sofre, todos n\u00f3s sofremos (1 Cor. 12:26).<\/p>\n\n\n\n<p>H\u00e1 j\u00e1 mais de duas d\u00e9cadas, a Alian\u00e7a Evang\u00e9lica Mundial organiza \u201co Dia Internacional de Ora\u00e7\u00e3o pela Igreja Perseguida (IDOP)\u201d, como um evento global que une milh\u00f5es de crist\u00e3os em ora\u00e7\u00e3o pela Igreja perseguida.<\/p>\n\n\n\n<p>Anualmente, o IDOP \u00e9 observado no primeiro ou no segundo domingo de novembro, dependendo da conveni\u00eancia e escolha.<br>No dia 14 de Novembro deste ano, a Alian\u00e7a Evang\u00e9lica Portuguesa est\u00e1 a Celebrar o seu Centen\u00e1rio na cidade do Porto na Igreja Evang\u00e9lica Metodista do Mirante.<\/p>\n\n\n\n<p>Marque j\u00e1 a data para aderir ao IDOP deste ano, que ter\u00e1 como tema &#8220;Bem-aventurados os perseguidos&#8221; no dia 7 de novembro de 2021!<\/p>\n","protected":false},"excerpt":{"rendered":"<p>Reserve desde j\u00e1 a data 7 de novembro de 2021 Hoje, mais de 300 milh\u00f5es de crist\u00e3os em todo o mundo vivem em lugares onde enfrentam persegui\u00e7\u00e3o. Isto inclui: ass\u00e9dio, deten\u00e7\u00e3o, restri\u00e7\u00f5es legais, viol\u00eancia e at\u00e9 morte, por causa da f\u00e9 em Jesus. A B\u00edblia diz-nos que devemos orar por aqueles que s\u00e3o maltratados como<\/p>\n","protected":false},"author":2,"featured_media":19197,"comment_status":"open","ping_status":"open","sticky":false,"template":"","format":"standard","meta":{"_uag_custom_page_level_css":"","_themeisle_gutenberg_block_has_review":false,"_vp_format_video_url":"","_vp_image_focal_point":[],"footnotes":""},"categories":[67],"tags":[168],"class_list":["post-19199","post","type-post","status-publish","format-standard","has-post-thumbnail","hentry","category-paz-reconciliacao-e-direitos-humanos","tag-efemerides"],"yoast_head":"<!-- This site is optimized with the Yoast SEO plugin v27.5 - https:\/\/yoast.com\/product\/yoast-seo-wordpress\/ -->\n<title>Dia Internacional de Ora\u00e7\u00e3o pela Igreja Perseguida - AEP<\/title>\n<meta name=\"robots\" content=\"index, follow, max-snippet:-1, max-image-preview:large, max-video-preview:-1\" \/>\n<link rel=\"canonical\" href=\"https:\/\/aliancaevangelica.pt\/site\/dia-internacional-de-oracao-pela-igreja-perseguida\/\" \/>\n<meta property=\"og:locale\" content=\"pt_PT\" \/>\n<meta property=\"og:type\" content=\"article\" \/>\n<meta property=\"og:title\" content=\"Dia Internacional de Ora\u00e7\u00e3o pela Igreja Perseguida - AEP\" \/>\n<meta property=\"og:description\" content=\"Reserve desde j\u00e1 a data 7 de novembro de 2021 Hoje, mais de 300 milh\u00f5es de crist\u00e3os em todo o mundo vivem em lugares onde enfrentam persegui\u00e7\u00e3o. Isto inclui: ass\u00e9dio, deten\u00e7\u00e3o, restri\u00e7\u00f5es legais, viol\u00eancia e at\u00e9 morte, por causa da f\u00e9 em Jesus. A B\u00edblia diz-nos que devemos orar por aqueles que s\u00e3o maltratados como\" \/>\n<meta property=\"og:url\" content=\"https:\/\/aliancaevangelica.pt\/site\/dia-internacional-de-oracao-pela-igreja-perseguida\/\" \/>\n<meta property=\"og:site_name\" content=\"AEP\" \/>\n<meta property=\"article:publisher\" content=\"http:\/\/facebook.com\/aeportuguesa\" \/>\n<meta property=\"article:author\" content=\"aeportugal\" \/>\n<meta property=\"article:published_time\" content=\"2021-10-07T12:24:40+00:00\" \/>\n<meta property=\"article:modified_time\" content=\"2026-04-30T19:25:31+00:00\" \/>\n<meta property=\"og:image\" content=\"https:\/\/aliancaevangelica.pt\/site\/wp-content\/uploads\/2021\/10\/WhatsApp-Image-2021-10-02-at-12.10.55.jpeg\" \/>\n\t<meta property=\"og:image:width\" content=\"314\" \/>\n\t<meta property=\"og:image:height\" content=\"161\" \/>\n\t<meta property=\"og:image:type\" content=\"image\/jpeg\" \/>\n<meta name=\"author\" content=\"AEP\" \/>\n<meta name=\"twitter:card\" content=\"summary_large_image\" \/>\n<meta name=\"twitter:label1\" content=\"Escrito por\" \/>\n\t<meta name=\"twitter:data1\" content=\"AEP\" \/>\n\t<meta name=\"twitter:label2\" content=\"Tempo estimado de leitura\" \/>\n\t<meta name=\"twitter:data2\" content=\"1 minuto\" \/>\n<script type=\"application\/ld+json\" class=\"yoast-schema-graph\">{\"@context\":\"https:\\\/\\\/schema.org\",\"@graph\":[{\"@type\":\"Article\",\"@id\":\"https:\\\/\\\/aliancaevangelica.pt\\\/site\\\/dia-internacional-de-oracao-pela-igreja-perseguida\\\/#article\",\"isPartOf\":{\"@id\":\"https:\\\/\\\/aliancaevangelica.pt\\\/site\\\/dia-internacional-de-oracao-pela-igreja-perseguida\\\/\"},\"author\":{\"name\":\"AEP\",\"@id\":\"https:\\\/\\\/aliancaevangelica.pt\\\/site\\\/#\\\/schema\\\/person\\\/3b47cfc7535eff1e820f31c2d67eafcf\"},\"headline\":\"Dia Internacional de Ora\u00e7\u00e3o pela Igreja Perseguida\",\"datePublished\":\"2021-10-07T12:24:40+00:00\",\"dateModified\":\"2026-04-30T19:25:31+00:00\",\"mainEntityOfPage\":{\"@id\":\"https:\\\/\\\/aliancaevangelica.pt\\\/site\\\/dia-internacional-de-oracao-pela-igreja-perseguida\\\/\"},\"wordCount\":201,\"commentCount\":0,\"publisher\":{\"@id\":\"https:\\\/\\\/aliancaevangelica.pt\\\/site\\\/#organization\"},\"image\":{\"@id\":\"https:\\\/\\\/aliancaevangelica.pt\\\/site\\\/dia-internacional-de-oracao-pela-igreja-perseguida\\\/#primaryimage\"},\"thumbnailUrl\":\"https:\\\/\\\/aliancaevangelica.pt\\\/site\\\/wp-content\\\/uploads\\\/2021\\\/10\\\/WhatsApp-Image-2021-10-02-at-12.10.55.jpeg\",\"keywords\":[\"Efem\u00e9rides\"],\"articleSection\":[\"PAZ, RECONCILIA\u00c7\u00c3O E DIREITOS HUMANOS\"],\"inLanguage\":\"pt-PT\",\"potentialAction\":[{\"@type\":\"CommentAction\",\"name\":\"Comment\",\"target\":[\"https:\\\/\\\/aliancaevangelica.pt\\\/site\\\/dia-internacional-de-oracao-pela-igreja-perseguida\\\/#respond\"]}]},{\"@type\":\"WebPage\",\"@id\":\"https:\\\/\\\/aliancaevangelica.pt\\\/site\\\/dia-internacional-de-oracao-pela-igreja-perseguida\\\/\",\"url\":\"https:\\\/\\\/aliancaevangelica.pt\\\/site\\\/dia-internacional-de-oracao-pela-igreja-perseguida\\\/\",\"name\":\"Dia Internacional de Ora\u00e7\u00e3o pela Igreja Perseguida - AEP\",\"isPartOf\":{\"@id\":\"https:\\\/\\\/aliancaevangelica.pt\\\/site\\\/#website\"},\"primaryImageOfPage\":{\"@id\":\"https:\\\/\\\/aliancaevangelica.pt\\\/site\\\/dia-internacional-de-oracao-pela-igreja-perseguida\\\/#primaryimage\"},\"image\":{\"@id\":\"https:\\\/\\\/aliancaevangelica.pt\\\/site\\\/dia-internacional-de-oracao-pela-igreja-perseguida\\\/#primaryimage\"},\"thumbnailUrl\":\"https:\\\/\\\/aliancaevangelica.pt\\\/site\\\/wp-content\\\/uploads\\\/2021\\\/10\\\/WhatsApp-Image-2021-10-02-at-12.10.55.jpeg\",\"datePublished\":\"2021-10-07T12:24:40+00:00\",\"dateModified\":\"2026-04-30T19:25:31+00:00\",\"breadcrumb\":{\"@id\":\"https:\\\/\\\/aliancaevangelica.pt\\\/site\\\/dia-internacional-de-oracao-pela-igreja-perseguida\\\/#breadcrumb\"},\"inLanguage\":\"pt-PT\",\"potentialAction\":[{\"@type\":\"ReadAction\",\"target\":[\"https:\\\/\\\/aliancaevangelica.pt\\\/site\\\/dia-internacional-de-oracao-pela-igreja-perseguida\\\/\"]}]},{\"@type\":\"ImageObject\",\"inLanguage\":\"pt-PT\",\"@id\":\"https:\\\/\\\/aliancaevangelica.pt\\\/site\\\/dia-internacional-de-oracao-pela-igreja-perseguida\\\/#primaryimage\",\"url\":\"https:\\\/\\\/aliancaevangelica.pt\\\/site\\\/wp-content\\\/uploads\\\/2021\\\/10\\\/WhatsApp-Image-2021-10-02-at-12.10.55.jpeg\",\"contentUrl\":\"https:\\\/\\\/aliancaevangelica.pt\\\/site\\\/wp-content\\\/uploads\\\/2021\\\/10\\\/WhatsApp-Image-2021-10-02-at-12.10.55.jpeg\",\"width\":314,\"height\":161},{\"@type\":\"BreadcrumbList\",\"@id\":\"https:\\\/\\\/aliancaevangelica.pt\\\/site\\\/dia-internacional-de-oracao-pela-igreja-perseguida\\\/#breadcrumb\",\"itemListElement\":[{\"@type\":\"ListItem\",\"position\":1,\"name\":\"In\u00edcio\",\"item\":\"https:\\\/\\\/aliancaevangelica.pt\\\/site\\\/\"},{\"@type\":\"ListItem\",\"position\":2,\"name\":\"Dia Internacional de Ora\u00e7\u00e3o pela Igreja Perseguida\"}]},{\"@type\":\"WebSite\",\"@id\":\"https:\\\/\\\/aliancaevangelica.pt\\\/site\\\/#website\",\"url\":\"https:\\\/\\\/aliancaevangelica.pt\\\/site\\\/\",\"name\":\"Alian\u00e7a Evang\u00e9lica Portuguesa\",\"description\":\"Alian\u00e7a Evang\u00e9lica Portuguesa\",\"publisher\":{\"@id\":\"https:\\\/\\\/aliancaevangelica.pt\\\/site\\\/#organization\"},\"potentialAction\":[{\"@type\":\"SearchAction\",\"target\":{\"@type\":\"EntryPoint\",\"urlTemplate\":\"https:\\\/\\\/aliancaevangelica.pt\\\/site\\\/?s={search_term_string}\"},\"query-input\":{\"@type\":\"PropertyValueSpecification\",\"valueRequired\":true,\"valueName\":\"search_term_string\"}}],\"inLanguage\":\"pt-PT\"},{\"@type\":\"Organization\",\"@id\":\"https:\\\/\\\/aliancaevangelica.pt\\\/site\\\/#organization\",\"name\":\"Alian\u00e7a Evang\u00e9lica Portuguesa\",\"url\":\"https:\\\/\\\/aliancaevangelica.pt\\\/site\\\/\",\"logo\":{\"@type\":\"ImageObject\",\"inLanguage\":\"pt-PT\",\"@id\":\"https:\\\/\\\/aliancaevangelica.pt\\\/site\\\/#\\\/schema\\\/logo\\\/image\\\/\",\"url\":\"https:\\\/\\\/aliancaevangelica.pt\\\/site\\\/wp-content\\\/uploads\\\/2017\\\/11\\\/logo-AEP-cor.png\",\"contentUrl\":\"https:\\\/\\\/aliancaevangelica.pt\\\/site\\\/wp-content\\\/uploads\\\/2017\\\/11\\\/logo-AEP-cor.png\",\"width\":1156,\"height\":672,\"caption\":\"Alian\u00e7a Evang\u00e9lica Portuguesa\"},\"image\":{\"@id\":\"https:\\\/\\\/aliancaevangelica.pt\\\/site\\\/#\\\/schema\\\/logo\\\/image\\\/\"},\"sameAs\":[\"http:\\\/\\\/facebook.com\\\/aeportuguesa\",\"http:\\\/\\\/instagram.com\\\/aliancaep\",\"http:\\\/\\\/youtube.com\\\/aeportuguesa\"]},{\"@type\":\"Person\",\"@id\":\"https:\\\/\\\/aliancaevangelica.pt\\\/site\\\/#\\\/schema\\\/person\\\/3b47cfc7535eff1e820f31c2d67eafcf\",\"name\":\"AEP\",\"sameAs\":[\"aeportugal\"],\"url\":\"https:\\\/\\\/aliancaevangelica.pt\\\/site\\\/author\\\/aeportugal\\\/\"}]}<\/script>\n<!-- \/ Yoast SEO plugin. -->","yoast_head_json":{"title":"Dia Internacional de Ora\u00e7\u00e3o pela Igreja Perseguida - AEP","robots":{"index":"index","follow":"follow","max-snippet":"max-snippet:-1","max-image-preview":"max-image-preview:large","max-video-preview":"max-video-preview:-1"},"canonical":"https:\/\/aliancaevangelica.pt\/site\/dia-internacional-de-oracao-pela-igreja-perseguida\/","og_locale":"pt_PT","og_type":"article","og_title":"Dia Internacional de Ora\u00e7\u00e3o pela Igreja Perseguida - AEP","og_description":"Reserve desde j\u00e1 a data 7 de novembro de 2021 Hoje, mais de 300 milh\u00f5es de crist\u00e3os em todo o mundo vivem em lugares onde enfrentam persegui\u00e7\u00e3o. Isto inclui: ass\u00e9dio, deten\u00e7\u00e3o, restri\u00e7\u00f5es legais, viol\u00eancia e at\u00e9 morte, por causa da f\u00e9 em Jesus. A B\u00edblia diz-nos que devemos orar por aqueles que s\u00e3o maltratados como","og_url":"https:\/\/aliancaevangelica.pt\/site\/dia-internacional-de-oracao-pela-igreja-perseguida\/","og_site_name":"AEP","article_publisher":"http:\/\/facebook.com\/aeportuguesa","article_author":"aeportugal","article_published_time":"2021-10-07T12:24:40+00:00","article_modified_time":"2026-04-30T19:25:31+00:00","og_image":[{"width":314,"height":161,"url":"https:\/\/aliancaevangelica.pt\/site\/wp-content\/uploads\/2021\/10\/WhatsApp-Image-2021-10-02-at-12.10.55.jpeg","type":"image\/jpeg"}],"author":"AEP","twitter_card":"summary_large_image","twitter_misc":{"Escrito por":"AEP","Tempo estimado de leitura":"1 minuto"},"schema":{"@context":"https:\/\/schema.org","@graph":[{"@type":"Article","@id":"https:\/\/aliancaevangelica.pt\/site\/dia-internacional-de-oracao-pela-igreja-perseguida\/#article","isPartOf":{"@id":"https:\/\/aliancaevangelica.pt\/site\/dia-internacional-de-oracao-pela-igreja-perseguida\/"},"author":{"name":"AEP","@id":"https:\/\/aliancaevangelica.pt\/site\/#\/schema\/person\/3b47cfc7535eff1e820f31c2d67eafcf"},"headline":"Dia Internacional de Ora\u00e7\u00e3o pela Igreja Perseguida","datePublished":"2021-10-07T12:24:40+00:00","dateModified":"2026-04-30T19:25:31+00:00","mainEntityOfPage":{"@id":"https:\/\/aliancaevangelica.pt\/site\/dia-internacional-de-oracao-pela-igreja-perseguida\/"},"wordCount":201,"commentCount":0,"publisher":{"@id":"https:\/\/aliancaevangelica.pt\/site\/#organization"},"image":{"@id":"https:\/\/aliancaevangelica.pt\/site\/dia-internacional-de-oracao-pela-igreja-perseguida\/#primaryimage"},"thumbnailUrl":"https:\/\/aliancaevangelica.pt\/site\/wp-content\/uploads\/2021\/10\/WhatsApp-Image-2021-10-02-at-12.10.55.jpeg","keywords":["Efem\u00e9rides"],"articleSection":["PAZ, RECONCILIA\u00c7\u00c3O E DIREITOS HUMANOS"],"inLanguage":"pt-PT","potentialAction":[{"@type":"CommentAction","name":"Comment","target":["https:\/\/aliancaevangelica.pt\/site\/dia-internacional-de-oracao-pela-igreja-perseguida\/#respond"]}]},{"@type":"WebPage","@id":"https:\/\/aliancaevangelica.pt\/site\/dia-internacional-de-oracao-pela-igreja-perseguida\/","url":"https:\/\/aliancaevangelica.pt\/site\/dia-internacional-de-oracao-pela-igreja-perseguida\/","name":"Dia Internacional de Ora\u00e7\u00e3o pela Igreja Perseguida - AEP","isPartOf":{"@id":"https:\/\/aliancaevangelica.pt\/site\/#website"},"primaryImageOfPage":{"@id":"https:\/\/aliancaevangelica.pt\/site\/dia-internacional-de-oracao-pela-igreja-perseguida\/#primaryimage"},"image":{"@id":"https:\/\/aliancaevangelica.pt\/site\/dia-internacional-de-oracao-pela-igreja-perseguida\/#primaryimage"},"thumbnailUrl":"https:\/\/aliancaevangelica.pt\/site\/wp-content\/uploads\/2021\/10\/WhatsApp-Image-2021-10-02-at-12.10.55.jpeg","datePublished":"2021-10-07T12:24:40+00:00","dateModified":"2026-04-30T19:25:31+00:00","breadcrumb":{"@id":"https:\/\/aliancaevangelica.pt\/site\/dia-internacional-de-oracao-pela-igreja-perseguida\/#breadcrumb"},"inLanguage":"pt-PT","potentialAction":[{"@type":"ReadAction","target":["https:\/\/aliancaevangelica.pt\/site\/dia-internacional-de-oracao-pela-igreja-perseguida\/"]}]},{"@type":"ImageObject","inLanguage":"pt-PT","@id":"https:\/\/aliancaevangelica.pt\/site\/dia-internacional-de-oracao-pela-igreja-perseguida\/#primaryimage","url":"https:\/\/aliancaevangelica.pt\/site\/wp-content\/uploads\/2021\/10\/WhatsApp-Image-2021-10-02-at-12.10.55.jpeg","contentUrl":"https:\/\/aliancaevangelica.pt\/site\/wp-content\/uploads\/2021\/10\/WhatsApp-Image-2021-10-02-at-12.10.55.jpeg","width":314,"height":161},{"@type":"BreadcrumbList","@id":"https:\/\/aliancaevangelica.pt\/site\/dia-internacional-de-oracao-pela-igreja-perseguida\/#breadcrumb","itemListElement":[{"@type":"ListItem","position":1,"name":"In\u00edcio","item":"https:\/\/aliancaevangelica.pt\/site\/"},{"@type":"ListItem","position":2,"name":"Dia Internacional de Ora\u00e7\u00e3o pela Igreja Perseguida"}]},{"@type":"WebSite","@id":"https:\/\/aliancaevangelica.pt\/site\/#website","url":"https:\/\/aliancaevangelica.pt\/site\/","name":"Alian\u00e7a Evang\u00e9lica Portuguesa","description":"Alian\u00e7a Evang\u00e9lica Portuguesa","publisher":{"@id":"https:\/\/aliancaevangelica.pt\/site\/#organization"},"potentialAction":[{"@type":"SearchAction","target":{"@type":"EntryPoint","urlTemplate":"https:\/\/aliancaevangelica.pt\/site\/?s={search_term_string}"},"query-input":{"@type":"PropertyValueSpecification","valueRequired":true,"valueName":"search_term_string"}}],"inLanguage":"pt-PT"},{"@type":"Organization","@id":"https:\/\/aliancaevangelica.pt\/site\/#organization","name":"Alian\u00e7a Evang\u00e9lica Portuguesa","url":"https:\/\/aliancaevangelica.pt\/site\/","logo":{"@type":"ImageObject","inLanguage":"pt-PT","@id":"https:\/\/aliancaevangelica.pt\/site\/#\/schema\/logo\/image\/","url":"https:\/\/aliancaevangelica.pt\/site\/wp-content\/uploads\/2017\/11\/logo-AEP-cor.png","contentUrl":"https:\/\/aliancaevangelica.pt\/site\/wp-content\/uploads\/2017\/11\/logo-AEP-cor.png","width":1156,"height":672,"caption":"Alian\u00e7a Evang\u00e9lica Portuguesa"},"image":{"@id":"https:\/\/aliancaevangelica.pt\/site\/#\/schema\/logo\/image\/"},"sameAs":["http:\/\/facebook.com\/aeportuguesa","http:\/\/instagram.com\/aliancaep","http:\/\/youtube.com\/aeportuguesa"]},{"@type":"Person","@id":"https:\/\/aliancaevangelica.pt\/site\/#\/schema\/person\/3b47cfc7535eff1e820f31c2d67eafcf","name":"AEP","sameAs":["aeportugal"],"url":"https:\/\/aliancaevangelica.pt\/site\/author\/aeportugal\/"}]}},"uagb_featured_image_src":{"full":["https:\/\/aliancaevangelica.pt\/site\/wp-content\/uploads\/2021\/10\/WhatsApp-Image-2021-10-02-at-12.10.55.jpeg",314,161,false],"thumbnail":["https:\/\/aliancaevangelica.pt\/site\/wp-content\/uploads\/2021\/10\/WhatsApp-Image-2021-10-02-at-12.10.55-150x150.jpeg",150,150,true],"medium":["https:\/\/aliancaevangelica.pt\/site\/wp-content\/uploads\/2021\/10\/WhatsApp-Image-2021-10-02-at-12.10.55-300x154.jpeg",300,154,true],"medium_large":["https:\/\/aliancaevangelica.pt\/site\/wp-content\/uploads\/2021\/10\/WhatsApp-Image-2021-10-02-at-12.10.55.jpeg",314,161,false],"large":["https:\/\/aliancaevangelica.pt\/site\/wp-content\/uploads\/2021\/10\/WhatsApp-Image-2021-10-02-at-12.10.55.jpeg",314,161,false],"1536x1536":["https:\/\/aliancaevangelica.pt\/site\/wp-content\/uploads\/2021\/10\/WhatsApp-Image-2021-10-02-at-12.10.55.jpeg",314,161,false],"2048x2048":["https:\/\/aliancaevangelica.pt\/site\/wp-content\/uploads\/2021\/10\/WhatsApp-Image-2021-10-02-at-12.10.55.jpeg",314,161,false],"vp_sm":["https:\/\/aliancaevangelica.pt\/site\/wp-content\/uploads\/2021\/10\/WhatsApp-Image-2021-10-02-at-12.10.55.jpeg",314,161,false],"vp_md":["https:\/\/aliancaevangelica.pt\/site\/wp-content\/uploads\/2021\/10\/WhatsApp-Image-2021-10-02-at-12.10.55.jpeg",314,161,false],"vp_lg":["https:\/\/aliancaevangelica.pt\/site\/wp-content\/uploads\/2021\/10\/WhatsApp-Image-2021-10-02-at-12.10.55.jpeg",314,161,false],"vp_xl":["https:\/\/aliancaevangelica.pt\/site\/wp-content\/uploads\/2021\/10\/WhatsApp-Image-2021-10-02-at-12.10.55.jpeg",314,161,false],"vp_sm_popup":["https:\/\/aliancaevangelica.pt\/site\/wp-content\/uploads\/2021\/10\/WhatsApp-Image-2021-10-02-at-12.10.55.jpeg",314,161,false],"vp_md_popup":["https:\/\/aliancaevangelica.pt\/site\/wp-content\/uploads\/2021\/10\/WhatsApp-Image-2021-10-02-at-12.10.55.jpeg",314,161,false],"vp_xl_popup":["https:\/\/aliancaevangelica.pt\/site\/wp-content\/uploads\/2021\/10\/WhatsApp-Image-2021-10-02-at-12.10.55.jpeg",314,161,false],"newsx-150x100":["https:\/\/aliancaevangelica.pt\/site\/wp-content\/uploads\/2021\/10\/WhatsApp-Image-2021-10-02-at-12.10.55.jpeg",150,77,false],"newsx-330x220":["https:\/\/aliancaevangelica.pt\/site\/wp-content\/uploads\/2021\/10\/WhatsApp-Image-2021-10-02-at-12.10.55.jpeg",314,161,false],"newsx-420x280":["https:\/\/aliancaevangelica.pt\/site\/wp-content\/uploads\/2021\/10\/WhatsApp-Image-2021-10-02-at-12.10.55.jpeg",314,161,false],"newsx-510x340":["https:\/\/aliancaevangelica.pt\/site\/wp-content\/uploads\/2021\/10\/WhatsApp-Image-2021-10-02-at-12.10.55.jpeg",314,161,false],"newsx-640x480":["https:\/\/aliancaevangelica.pt\/site\/wp-content\/uploads\/2021\/10\/WhatsApp-Image-2021-10-02-at-12.10.55.jpeg",314,161,false],"newsx-670x370":["https:\/\/aliancaevangelica.pt\/site\/wp-content\/uploads\/2021\/10\/WhatsApp-Image-2021-10-02-at-12.10.55.jpeg",314,161,false],"newsx-860x570":["https:\/\/aliancaevangelica.pt\/site\/wp-content\/uploads\/2021\/10\/WhatsApp-Image-2021-10-02-at-12.10.55.jpeg",314,161,false],"newsx-1000x750":["https:\/\/aliancaevangelica.pt\/site\/wp-content\/uploads\/2021\/10\/WhatsApp-Image-2021-10-02-at-12.10.55.jpeg",314,161,false],"newsx-1200x600":["https:\/\/aliancaevangelica.pt\/site\/wp-content\/uploads\/2021\/10\/WhatsApp-Image-2021-10-02-at-12.10.55.jpeg",314,161,false]},"uagb_author_info":{"display_name":"AEP","author_link":"https:\/\/aliancaevangelica.pt\/site\/author\/aeportugal\/"},"uagb_comment_info":0,"uagb_excerpt":"Reserve desde j\u00e1 a data 7 de novembro de 2021 Hoje, mais de 300 milh\u00f5es de crist\u00e3os em todo o mundo vivem em lugares onde enfrentam persegui\u00e7\u00e3o. Isto inclui: ass\u00e9dio, deten\u00e7\u00e3o, restri\u00e7\u00f5es legais, viol\u00eancia e at\u00e9 morte, por causa da f\u00e9 em Jesus. A B\u00edblia diz-nos que devemos orar por aqueles que s\u00e3o maltratados como","_links":{"self":[{"href":"https:\/\/aliancaevangelica.pt\/site\/wp-json\/wp\/v2\/posts\/19199","targetHints":{"allow":["GET"]}}],"collection":[{"href":"https:\/\/aliancaevangelica.pt\/site\/wp-json\/wp\/v2\/posts"}],"about":[{"href":"https:\/\/aliancaevangelica.pt\/site\/wp-json\/wp\/v2\/types\/post"}],"author":[{"embeddable":true,"href":"https:\/\/aliancaevangelica.pt\/site\/wp-json\/wp\/v2\/users\/2"}],"replies":[{"embeddable":true,"href":"https:\/\/aliancaevangelica.pt\/site\/wp-json\/wp\/v2\/comments?post=19199"}],"version-history":[{"count":1,"href":"https:\/\/aliancaevangelica.pt\/site\/wp-json\/wp\/v2\/posts\/19199\/revisions"}],"predecessor-version":[{"id":19200,"href":"https:\/\/aliancaevangelica.pt\/site\/wp-json\/wp\/v2\/posts\/19199\/revisions\/19200"}],"wp:featuredmedia":[{"embeddable":true,"href":"https:\/\/aliancaevangelica.pt\/site\/wp-json\/wp\/v2\/media\/19197"}],"wp:attachment":[{"href":"https:\/\/aliancaevangelica.pt\/site\/wp-json\/wp\/v2\/media?parent=19199"}],"wp:term":[{"taxonomy":"category","embeddable":true,"href":"https:\/\/aliancaevangelica.pt\/site\/wp-json\/wp\/v2\/categories?post=19199"},{"taxonomy":"post_tag","embeddable":true,"href":"https:\/\/aliancaevangelica.pt\/site\/wp-json\/wp\/v2\/tags?post=19199"}],"curies":[{"name":"wp","href":"https:\/\/api.w.org\/{rel}","templated":true}]}}