{"id":19192,"date":"2021-09-30T18:22:09","date_gmt":"2021-09-30T18:22:09","guid":{"rendered":"https:\/\/aliancaevangelica.pt\/site\/?p=19192"},"modified":"2026-04-07T09:59:39","modified_gmt":"2026-04-07T09:59:39","slug":"comunicado-sobre-o-estado-de-alerta-31-10-2021","status":"publish","type":"post","link":"https:\/\/aliancaevangelica.pt\/site\/comunicado-sobre-o-estado-de-alerta-31-10-2021\/","title":{"rendered":"Comunicado sobre o Estado de Alerta [31\/10\/2021]"},"content":{"rendered":"\n<p>Foram publicadas as seguintes disposi\u00e7\u00f5es legais:<\/p>\n\n\n\n<p><strong><a href=\"https:\/\/data.dre.pt\/eli\/resolconsmin\/135-A\/2021\/09\/29\/p\/dre\">RESOLU\u00c7\u00c3O DO CONSELHO DE MINISTROS N.\u00ba 135-A\/2021 DI\u00c1RIO DA REP\u00daBLICA N.\u00ba 190\/2021, 1.\u00ba SUPLEMENTO, S\u00c9RIE I DE 2021-09-29<\/a><\/strong><\/p>\n\n\n\n<p>Altera as medidas no \u00e2mbito da situa\u00e7\u00e3o de alerta<\/p>\n\n\n\n<p><a href=\"https:\/\/data.dre.pt\/eli\/dec-lei\/78-A\/2021\/09\/29\/p\/dre\"><strong>DECRETO-LEI N.\u00ba 78-A\/2021 &#8211; DI\u00c1RIO DA REP\u00daBLICA N.\u00ba 190\/2021, 1.\u00ba SUPLEMENTO, S\u00c9RIE I DE 2021-09-29<\/strong><\/a><strong><\/strong><\/p>\n\n\n\n<p>Alteram as medidas excecionais e tempor\u00e1rias relativas \u00e0 pandemia da doen\u00e7a COVID-19<br><br>Estas medidas determinam que deixe de haver limita\u00e7\u00f5es de pessoas nos cultos e dispensam a aplica\u00e7\u00e3o de normas da DGS para as celebra\u00e7\u00f5es religiosas, conforme n.\u00ba 3 do art 10 da RCM 135-A\/2021.<\/p>\n\n\n\n<p>As m\u00e1scaras mant\u00eam-se obrigat\u00f3rias, sempre que se possa considerar o culto equipar\u00e1vel a um evento cultural ou a salas de espet\u00e1culo, conforme al\u00ednea d) do art.13B do &nbsp;<a href=\"https:\/\/data.dre.pt\/web\/guest\/pesquisa\/-\/search\/130243053\/details\/normal?l=1\" target=\"_blank\" rel=\"noreferrer noopener\">Decreto-Lei n.\u00ba 10-A\/2020<\/a>, de 13 de mar\u00e7o, com as recentes altera\u00e7\u00f5es, devendo a situa\u00e7\u00e3o ser analisada consoante o caso, seguindo os demais crit\u00e9rios relativos \u00e0 possibilidade de distanciamento, arejamento, quantidade de pessoas, circuitos de movimenta\u00e7\u00e3o etc, no sentido de manter as m\u00e1scaras quando ocorrer maior perigosidade de cont\u00e1gio.<\/p>\n\n\n\n<p>A entrada nesta nova fase \u00e9 uma grande alegria para todos, mas apesar de n\u00e3o haver tantas restri\u00e7\u00f5es recomendamos que haja bom senso na redu\u00e7\u00e3o de medidas consoante o caso concreto da realidade de cada comunidade.<\/p>\n","protected":false},"excerpt":{"rendered":"<p>Foram publicadas as seguintes disposi\u00e7\u00f5es legais: RESOLU\u00c7\u00c3O DO CONSELHO DE MINISTROS N.\u00ba 135-A\/2021 DI\u00c1RIO DA REP\u00daBLICA N.\u00ba 190\/2021, 1.\u00ba SUPLEMENTO, S\u00c9RIE I DE 2021-09-29 Altera as medidas no \u00e2mbito da situa\u00e7\u00e3o de alerta DECRETO-LEI N.\u00ba 78-A\/2021 &#8211; DI\u00c1RIO DA REP\u00daBLICA N.\u00ba 190\/2021, 1.\u00ba SUPLEMENTO, S\u00c9RIE I DE 2021-09-29 Alteram as medidas excecionais e tempor\u00e1rias relativas<\/p>\n","protected":false},"author":2,"featured_media":19193,"comment_status":"closed","ping_status":"open","sticky":false,"template":"","format":"standard","meta":{"_uag_custom_page_level_css":"","_themeisle_gutenberg_block_has_review":false,"_vp_format_video_url":"","_vp_image_focal_point":[],"footnotes":""},"categories":[52],"tags":[],"class_list":["post-19192","post","type-post","status-publish","format-standard","has-post-thumbnail","hentry","category-tomadas-de-posicao"],"yoast_head":"<!-- This site is optimized with the Yoast SEO plugin v27.5 - https:\/\/yoast.com\/product\/yoast-seo-wordpress\/ -->\n<title>Comunicado sobre o Estado de Alerta [31\/10\/2021] - AEP<\/title>\n<meta name=\"robots\" content=\"index, follow, max-snippet:-1, max-image-preview:large, max-video-preview:-1\" \/>\n<link rel=\"canonical\" href=\"https:\/\/aliancaevangelica.pt\/site\/comunicado-sobre-o-estado-de-alerta-31-10-2021\/\" \/>\n<meta property=\"og:locale\" content=\"pt_PT\" \/>\n<meta property=\"og:type\" content=\"article\" \/>\n<meta property=\"og:title\" content=\"Comunicado sobre o Estado de Alerta [31\/10\/2021] - AEP\" \/>\n<meta property=\"og:description\" content=\"Foram publicadas as seguintes disposi\u00e7\u00f5es legais: RESOLU\u00c7\u00c3O DO CONSELHO DE MINISTROS N.\u00ba 135-A\/2021 DI\u00c1RIO DA REP\u00daBLICA N.\u00ba 190\/2021, 1.\u00ba SUPLEMENTO, S\u00c9RIE I DE 2021-09-29 Altera as medidas no \u00e2mbito da situa\u00e7\u00e3o de alerta DECRETO-LEI N.\u00ba 78-A\/2021 &#8211; DI\u00c1RIO DA REP\u00daBLICA N.\u00ba 190\/2021, 1.\u00ba SUPLEMENTO, S\u00c9RIE I DE 2021-09-29 Alteram as medidas excecionais e tempor\u00e1rias relativas\" \/>\n<meta property=\"og:url\" content=\"https:\/\/aliancaevangelica.pt\/site\/comunicado-sobre-o-estado-de-alerta-31-10-2021\/\" \/>\n<meta property=\"og:site_name\" content=\"AEP\" \/>\n<meta property=\"article:publisher\" content=\"http:\/\/facebook.com\/aeportuguesa\" \/>\n<meta property=\"article:author\" content=\"aeportugal\" \/>\n<meta property=\"article:published_time\" content=\"2021-09-30T18:22:09+00:00\" \/>\n<meta property=\"article:modified_time\" content=\"2026-04-07T09:59:39+00:00\" \/>\n<meta property=\"og:image\" content=\"https:\/\/aliancaevangelica.pt\/site\/wp-content\/uploads\/2021\/10\/bigstock-Coronavirus-In-China-Novel-Co-347904061.jpg\" \/>\n\t<meta property=\"og:image:width\" content=\"900\" \/>\n\t<meta property=\"og:image:height\" content=\"600\" \/>\n\t<meta property=\"og:image:type\" content=\"image\/jpeg\" \/>\n<meta name=\"author\" content=\"AEP\" \/>\n<meta name=\"twitter:card\" content=\"summary_large_image\" \/>\n<meta name=\"twitter:label1\" content=\"Escrito por\" \/>\n\t<meta name=\"twitter:data1\" content=\"AEP\" \/>\n\t<meta name=\"twitter:label2\" content=\"Tempo estimado de leitura\" \/>\n\t<meta name=\"twitter:data2\" content=\"1 minuto\" \/>\n<script type=\"application\/ld+json\" class=\"yoast-schema-graph\">{\"@context\":\"https:\\\/\\\/schema.org\",\"@graph\":[{\"@type\":\"Article\",\"@id\":\"https:\\\/\\\/aliancaevangelica.pt\\\/site\\\/comunicado-sobre-o-estado-de-alerta-31-10-2021\\\/#article\",\"isPartOf\":{\"@id\":\"https:\\\/\\\/aliancaevangelica.pt\\\/site\\\/comunicado-sobre-o-estado-de-alerta-31-10-2021\\\/\"},\"author\":{\"name\":\"AEP\",\"@id\":\"https:\\\/\\\/aliancaevangelica.pt\\\/site\\\/#\\\/schema\\\/person\\\/3b47cfc7535eff1e820f31c2d67eafcf\"},\"headline\":\"Comunicado sobre o Estado de Alerta [31\\\/10\\\/2021]\",\"datePublished\":\"2021-09-30T18:22:09+00:00\",\"dateModified\":\"2026-04-07T09:59:39+00:00\",\"mainEntityOfPage\":{\"@id\":\"https:\\\/\\\/aliancaevangelica.pt\\\/site\\\/comunicado-sobre-o-estado-de-alerta-31-10-2021\\\/\"},\"wordCount\":234,\"publisher\":{\"@id\":\"https:\\\/\\\/aliancaevangelica.pt\\\/site\\\/#organization\"},\"image\":{\"@id\":\"https:\\\/\\\/aliancaevangelica.pt\\\/site\\\/comunicado-sobre-o-estado-de-alerta-31-10-2021\\\/#primaryimage\"},\"thumbnailUrl\":\"https:\\\/\\\/aliancaevangelica.pt\\\/site\\\/wp-content\\\/uploads\\\/2021\\\/10\\\/bigstock-Coronavirus-In-China-Novel-Co-347904061.jpg\",\"articleSection\":[\"Tomadas de Posi\u00e7\u00e3o\"],\"inLanguage\":\"pt-PT\"},{\"@type\":\"WebPage\",\"@id\":\"https:\\\/\\\/aliancaevangelica.pt\\\/site\\\/comunicado-sobre-o-estado-de-alerta-31-10-2021\\\/\",\"url\":\"https:\\\/\\\/aliancaevangelica.pt\\\/site\\\/comunicado-sobre-o-estado-de-alerta-31-10-2021\\\/\",\"name\":\"Comunicado sobre o Estado de Alerta [31\\\/10\\\/2021] - AEP\",\"isPartOf\":{\"@id\":\"https:\\\/\\\/aliancaevangelica.pt\\\/site\\\/#website\"},\"primaryImageOfPage\":{\"@id\":\"https:\\\/\\\/aliancaevangelica.pt\\\/site\\\/comunicado-sobre-o-estado-de-alerta-31-10-2021\\\/#primaryimage\"},\"image\":{\"@id\":\"https:\\\/\\\/aliancaevangelica.pt\\\/site\\\/comunicado-sobre-o-estado-de-alerta-31-10-2021\\\/#primaryimage\"},\"thumbnailUrl\":\"https:\\\/\\\/aliancaevangelica.pt\\\/site\\\/wp-content\\\/uploads\\\/2021\\\/10\\\/bigstock-Coronavirus-In-China-Novel-Co-347904061.jpg\",\"datePublished\":\"2021-09-30T18:22:09+00:00\",\"dateModified\":\"2026-04-07T09:59:39+00:00\",\"breadcrumb\":{\"@id\":\"https:\\\/\\\/aliancaevangelica.pt\\\/site\\\/comunicado-sobre-o-estado-de-alerta-31-10-2021\\\/#breadcrumb\"},\"inLanguage\":\"pt-PT\",\"potentialAction\":[{\"@type\":\"ReadAction\",\"target\":[\"https:\\\/\\\/aliancaevangelica.pt\\\/site\\\/comunicado-sobre-o-estado-de-alerta-31-10-2021\\\/\"]}]},{\"@type\":\"ImageObject\",\"inLanguage\":\"pt-PT\",\"@id\":\"https:\\\/\\\/aliancaevangelica.pt\\\/site\\\/comunicado-sobre-o-estado-de-alerta-31-10-2021\\\/#primaryimage\",\"url\":\"https:\\\/\\\/aliancaevangelica.pt\\\/site\\\/wp-content\\\/uploads\\\/2021\\\/10\\\/bigstock-Coronavirus-In-China-Novel-Co-347904061.jpg\",\"contentUrl\":\"https:\\\/\\\/aliancaevangelica.pt\\\/site\\\/wp-content\\\/uploads\\\/2021\\\/10\\\/bigstock-Coronavirus-In-China-Novel-Co-347904061.jpg\",\"width\":900,\"height\":600,\"caption\":\"Coronavirus in China. Novel coronavirus, people in white medical face mask. Concept of coronavirus quarantine vector illustration. Seamless pattern\"},{\"@type\":\"BreadcrumbList\",\"@id\":\"https:\\\/\\\/aliancaevangelica.pt\\\/site\\\/comunicado-sobre-o-estado-de-alerta-31-10-2021\\\/#breadcrumb\",\"itemListElement\":[{\"@type\":\"ListItem\",\"position\":1,\"name\":\"In\u00edcio\",\"item\":\"https:\\\/\\\/aliancaevangelica.pt\\\/site\\\/\"},{\"@type\":\"ListItem\",\"position\":2,\"name\":\"Comunicado sobre o Estado de Alerta [31\\\/10\\\/2021]\"}]},{\"@type\":\"WebSite\",\"@id\":\"https:\\\/\\\/aliancaevangelica.pt\\\/site\\\/#website\",\"url\":\"https:\\\/\\\/aliancaevangelica.pt\\\/site\\\/\",\"name\":\"Alian\u00e7a Evang\u00e9lica Portuguesa\",\"description\":\"Alian\u00e7a Evang\u00e9lica Portuguesa\",\"publisher\":{\"@id\":\"https:\\\/\\\/aliancaevangelica.pt\\\/site\\\/#organization\"},\"potentialAction\":[{\"@type\":\"SearchAction\",\"target\":{\"@type\":\"EntryPoint\",\"urlTemplate\":\"https:\\\/\\\/aliancaevangelica.pt\\\/site\\\/?s={search_term_string}\"},\"query-input\":{\"@type\":\"PropertyValueSpecification\",\"valueRequired\":true,\"valueName\":\"search_term_string\"}}],\"inLanguage\":\"pt-PT\"},{\"@type\":\"Organization\",\"@id\":\"https:\\\/\\\/aliancaevangelica.pt\\\/site\\\/#organization\",\"name\":\"Alian\u00e7a Evang\u00e9lica Portuguesa\",\"url\":\"https:\\\/\\\/aliancaevangelica.pt\\\/site\\\/\",\"logo\":{\"@type\":\"ImageObject\",\"inLanguage\":\"pt-PT\",\"@id\":\"https:\\\/\\\/aliancaevangelica.pt\\\/site\\\/#\\\/schema\\\/logo\\\/image\\\/\",\"url\":\"https:\\\/\\\/aliancaevangelica.pt\\\/site\\\/wp-content\\\/uploads\\\/2017\\\/11\\\/logo-AEP-cor.png\",\"contentUrl\":\"https:\\\/\\\/aliancaevangelica.pt\\\/site\\\/wp-content\\\/uploads\\\/2017\\\/11\\\/logo-AEP-cor.png\",\"width\":1156,\"height\":672,\"caption\":\"Alian\u00e7a Evang\u00e9lica Portuguesa\"},\"image\":{\"@id\":\"https:\\\/\\\/aliancaevangelica.pt\\\/site\\\/#\\\/schema\\\/logo\\\/image\\\/\"},\"sameAs\":[\"http:\\\/\\\/facebook.com\\\/aeportuguesa\",\"http:\\\/\\\/instagram.com\\\/aliancaep\",\"http:\\\/\\\/youtube.com\\\/aeportuguesa\"]},{\"@type\":\"Person\",\"@id\":\"https:\\\/\\\/aliancaevangelica.pt\\\/site\\\/#\\\/schema\\\/person\\\/3b47cfc7535eff1e820f31c2d67eafcf\",\"name\":\"AEP\",\"sameAs\":[\"aeportugal\"],\"url\":\"https:\\\/\\\/aliancaevangelica.pt\\\/site\\\/author\\\/aeportugal\\\/\"}]}<\/script>\n<!-- \/ Yoast SEO plugin. -->","yoast_head_json":{"title":"Comunicado sobre o Estado de Alerta [31\/10\/2021] - AEP","robots":{"index":"index","follow":"follow","max-snippet":"max-snippet:-1","max-image-preview":"max-image-preview:large","max-video-preview":"max-video-preview:-1"},"canonical":"https:\/\/aliancaevangelica.pt\/site\/comunicado-sobre-o-estado-de-alerta-31-10-2021\/","og_locale":"pt_PT","og_type":"article","og_title":"Comunicado sobre o Estado de Alerta [31\/10\/2021] - AEP","og_description":"Foram publicadas as seguintes disposi\u00e7\u00f5es legais: RESOLU\u00c7\u00c3O DO CONSELHO DE MINISTROS N.\u00ba 135-A\/2021 DI\u00c1RIO DA REP\u00daBLICA N.\u00ba 190\/2021, 1.\u00ba SUPLEMENTO, S\u00c9RIE I DE 2021-09-29 Altera as medidas no \u00e2mbito da situa\u00e7\u00e3o de alerta DECRETO-LEI N.\u00ba 78-A\/2021 &#8211; DI\u00c1RIO DA REP\u00daBLICA N.\u00ba 190\/2021, 1.\u00ba SUPLEMENTO, S\u00c9RIE I DE 2021-09-29 Alteram as medidas excecionais e tempor\u00e1rias relativas","og_url":"https:\/\/aliancaevangelica.pt\/site\/comunicado-sobre-o-estado-de-alerta-31-10-2021\/","og_site_name":"AEP","article_publisher":"http:\/\/facebook.com\/aeportuguesa","article_author":"aeportugal","article_published_time":"2021-09-30T18:22:09+00:00","article_modified_time":"2026-04-07T09:59:39+00:00","og_image":[{"width":900,"height":600,"url":"https:\/\/aliancaevangelica.pt\/site\/wp-content\/uploads\/2021\/10\/bigstock-Coronavirus-In-China-Novel-Co-347904061.jpg","type":"image\/jpeg"}],"author":"AEP","twitter_card":"summary_large_image","twitter_misc":{"Escrito por":"AEP","Tempo estimado de leitura":"1 minuto"},"schema":{"@context":"https:\/\/schema.org","@graph":[{"@type":"Article","@id":"https:\/\/aliancaevangelica.pt\/site\/comunicado-sobre-o-estado-de-alerta-31-10-2021\/#article","isPartOf":{"@id":"https:\/\/aliancaevangelica.pt\/site\/comunicado-sobre-o-estado-de-alerta-31-10-2021\/"},"author":{"name":"AEP","@id":"https:\/\/aliancaevangelica.pt\/site\/#\/schema\/person\/3b47cfc7535eff1e820f31c2d67eafcf"},"headline":"Comunicado sobre o Estado de Alerta [31\/10\/2021]","datePublished":"2021-09-30T18:22:09+00:00","dateModified":"2026-04-07T09:59:39+00:00","mainEntityOfPage":{"@id":"https:\/\/aliancaevangelica.pt\/site\/comunicado-sobre-o-estado-de-alerta-31-10-2021\/"},"wordCount":234,"publisher":{"@id":"https:\/\/aliancaevangelica.pt\/site\/#organization"},"image":{"@id":"https:\/\/aliancaevangelica.pt\/site\/comunicado-sobre-o-estado-de-alerta-31-10-2021\/#primaryimage"},"thumbnailUrl":"https:\/\/aliancaevangelica.pt\/site\/wp-content\/uploads\/2021\/10\/bigstock-Coronavirus-In-China-Novel-Co-347904061.jpg","articleSection":["Tomadas de Posi\u00e7\u00e3o"],"inLanguage":"pt-PT"},{"@type":"WebPage","@id":"https:\/\/aliancaevangelica.pt\/site\/comunicado-sobre-o-estado-de-alerta-31-10-2021\/","url":"https:\/\/aliancaevangelica.pt\/site\/comunicado-sobre-o-estado-de-alerta-31-10-2021\/","name":"Comunicado sobre o Estado de Alerta [31\/10\/2021] - AEP","isPartOf":{"@id":"https:\/\/aliancaevangelica.pt\/site\/#website"},"primaryImageOfPage":{"@id":"https:\/\/aliancaevangelica.pt\/site\/comunicado-sobre-o-estado-de-alerta-31-10-2021\/#primaryimage"},"image":{"@id":"https:\/\/aliancaevangelica.pt\/site\/comunicado-sobre-o-estado-de-alerta-31-10-2021\/#primaryimage"},"thumbnailUrl":"https:\/\/aliancaevangelica.pt\/site\/wp-content\/uploads\/2021\/10\/bigstock-Coronavirus-In-China-Novel-Co-347904061.jpg","datePublished":"2021-09-30T18:22:09+00:00","dateModified":"2026-04-07T09:59:39+00:00","breadcrumb":{"@id":"https:\/\/aliancaevangelica.pt\/site\/comunicado-sobre-o-estado-de-alerta-31-10-2021\/#breadcrumb"},"inLanguage":"pt-PT","potentialAction":[{"@type":"ReadAction","target":["https:\/\/aliancaevangelica.pt\/site\/comunicado-sobre-o-estado-de-alerta-31-10-2021\/"]}]},{"@type":"ImageObject","inLanguage":"pt-PT","@id":"https:\/\/aliancaevangelica.pt\/site\/comunicado-sobre-o-estado-de-alerta-31-10-2021\/#primaryimage","url":"https:\/\/aliancaevangelica.pt\/site\/wp-content\/uploads\/2021\/10\/bigstock-Coronavirus-In-China-Novel-Co-347904061.jpg","contentUrl":"https:\/\/aliancaevangelica.pt\/site\/wp-content\/uploads\/2021\/10\/bigstock-Coronavirus-In-China-Novel-Co-347904061.jpg","width":900,"height":600,"caption":"Coronavirus in China. Novel coronavirus, people in white medical face mask. Concept of coronavirus quarantine vector illustration. Seamless pattern"},{"@type":"BreadcrumbList","@id":"https:\/\/aliancaevangelica.pt\/site\/comunicado-sobre-o-estado-de-alerta-31-10-2021\/#breadcrumb","itemListElement":[{"@type":"ListItem","position":1,"name":"In\u00edcio","item":"https:\/\/aliancaevangelica.pt\/site\/"},{"@type":"ListItem","position":2,"name":"Comunicado sobre o Estado de Alerta [31\/10\/2021]"}]},{"@type":"WebSite","@id":"https:\/\/aliancaevangelica.pt\/site\/#website","url":"https:\/\/aliancaevangelica.pt\/site\/","name":"Alian\u00e7a Evang\u00e9lica Portuguesa","description":"Alian\u00e7a Evang\u00e9lica Portuguesa","publisher":{"@id":"https:\/\/aliancaevangelica.pt\/site\/#organization"},"potentialAction":[{"@type":"SearchAction","target":{"@type":"EntryPoint","urlTemplate":"https:\/\/aliancaevangelica.pt\/site\/?s={search_term_string}"},"query-input":{"@type":"PropertyValueSpecification","valueRequired":true,"valueName":"search_term_string"}}],"inLanguage":"pt-PT"},{"@type":"Organization","@id":"https:\/\/aliancaevangelica.pt\/site\/#organization","name":"Alian\u00e7a Evang\u00e9lica Portuguesa","url":"https:\/\/aliancaevangelica.pt\/site\/","logo":{"@type":"ImageObject","inLanguage":"pt-PT","@id":"https:\/\/aliancaevangelica.pt\/site\/#\/schema\/logo\/image\/","url":"https:\/\/aliancaevangelica.pt\/site\/wp-content\/uploads\/2017\/11\/logo-AEP-cor.png","contentUrl":"https:\/\/aliancaevangelica.pt\/site\/wp-content\/uploads\/2017\/11\/logo-AEP-cor.png","width":1156,"height":672,"caption":"Alian\u00e7a Evang\u00e9lica Portuguesa"},"image":{"@id":"https:\/\/aliancaevangelica.pt\/site\/#\/schema\/logo\/image\/"},"sameAs":["http:\/\/facebook.com\/aeportuguesa","http:\/\/instagram.com\/aliancaep","http:\/\/youtube.com\/aeportuguesa"]},{"@type":"Person","@id":"https:\/\/aliancaevangelica.pt\/site\/#\/schema\/person\/3b47cfc7535eff1e820f31c2d67eafcf","name":"AEP","sameAs":["aeportugal"],"url":"https:\/\/aliancaevangelica.pt\/site\/author\/aeportugal\/"}]}},"uagb_featured_image_src":{"full":["https:\/\/aliancaevangelica.pt\/site\/wp-content\/uploads\/2021\/10\/bigstock-Coronavirus-In-China-Novel-Co-347904061.jpg",900,600,false],"thumbnail":["https:\/\/aliancaevangelica.pt\/site\/wp-content\/uploads\/2021\/10\/bigstock-Coronavirus-In-China-Novel-Co-347904061-150x150.jpg",150,150,true],"medium":["https:\/\/aliancaevangelica.pt\/site\/wp-content\/uploads\/2021\/10\/bigstock-Coronavirus-In-China-Novel-Co-347904061-300x200.jpg",300,200,true],"medium_large":["https:\/\/aliancaevangelica.pt\/site\/wp-content\/uploads\/2021\/10\/bigstock-Coronavirus-In-China-Novel-Co-347904061-768x512.jpg",768,512,true],"large":["https:\/\/aliancaevangelica.pt\/site\/wp-content\/uploads\/2021\/10\/bigstock-Coronavirus-In-China-Novel-Co-347904061.jpg",900,600,false],"1536x1536":["https:\/\/aliancaevangelica.pt\/site\/wp-content\/uploads\/2021\/10\/bigstock-Coronavirus-In-China-Novel-Co-347904061.jpg",900,600,false],"2048x2048":["https:\/\/aliancaevangelica.pt\/site\/wp-content\/uploads\/2021\/10\/bigstock-Coronavirus-In-China-Novel-Co-347904061.jpg",900,600,false],"vp_sm":["https:\/\/aliancaevangelica.pt\/site\/wp-content\/uploads\/2021\/10\/bigstock-Coronavirus-In-China-Novel-Co-347904061.jpg",500,333,false],"vp_md":["https:\/\/aliancaevangelica.pt\/site\/wp-content\/uploads\/2021\/10\/bigstock-Coronavirus-In-China-Novel-Co-347904061.jpg",800,533,false],"vp_lg":["https:\/\/aliancaevangelica.pt\/site\/wp-content\/uploads\/2021\/10\/bigstock-Coronavirus-In-China-Novel-Co-347904061.jpg",900,600,false],"vp_xl":["https:\/\/aliancaevangelica.pt\/site\/wp-content\/uploads\/2021\/10\/bigstock-Coronavirus-In-China-Novel-Co-347904061.jpg",900,600,false],"vp_sm_popup":["https:\/\/aliancaevangelica.pt\/site\/wp-content\/uploads\/2021\/10\/bigstock-Coronavirus-In-China-Novel-Co-347904061.jpg",500,333,false],"vp_md_popup":["https:\/\/aliancaevangelica.pt\/site\/wp-content\/uploads\/2021\/10\/bigstock-Coronavirus-In-China-Novel-Co-347904061.jpg",800,533,false],"vp_xl_popup":["https:\/\/aliancaevangelica.pt\/site\/wp-content\/uploads\/2021\/10\/bigstock-Coronavirus-In-China-Novel-Co-347904061.jpg",900,600,false],"newsx-150x100":["https:\/\/aliancaevangelica.pt\/site\/wp-content\/uploads\/2021\/10\/bigstock-Coronavirus-In-China-Novel-Co-347904061.jpg",150,100,false],"newsx-330x220":["https:\/\/aliancaevangelica.pt\/site\/wp-content\/uploads\/2021\/10\/bigstock-Coronavirus-In-China-Novel-Co-347904061.jpg",330,220,false],"newsx-420x280":["https:\/\/aliancaevangelica.pt\/site\/wp-content\/uploads\/2021\/10\/bigstock-Coronavirus-In-China-Novel-Co-347904061.jpg",420,280,false],"newsx-510x340":["https:\/\/aliancaevangelica.pt\/site\/wp-content\/uploads\/2021\/10\/bigstock-Coronavirus-In-China-Novel-Co-347904061.jpg",510,340,false],"newsx-640x480":["https:\/\/aliancaevangelica.pt\/site\/wp-content\/uploads\/2021\/10\/bigstock-Coronavirus-In-China-Novel-Co-347904061.jpg",640,427,false],"newsx-670x370":["https:\/\/aliancaevangelica.pt\/site\/wp-content\/uploads\/2021\/10\/bigstock-Coronavirus-In-China-Novel-Co-347904061.jpg",555,370,false],"newsx-860x570":["https:\/\/aliancaevangelica.pt\/site\/wp-content\/uploads\/2021\/10\/bigstock-Coronavirus-In-China-Novel-Co-347904061.jpg",855,570,false],"newsx-1000x750":["https:\/\/aliancaevangelica.pt\/site\/wp-content\/uploads\/2021\/10\/bigstock-Coronavirus-In-China-Novel-Co-347904061.jpg",900,600,false],"newsx-1200x600":["https:\/\/aliancaevangelica.pt\/site\/wp-content\/uploads\/2021\/10\/bigstock-Coronavirus-In-China-Novel-Co-347904061.jpg",900,600,false]},"uagb_author_info":{"display_name":"AEP","author_link":"https:\/\/aliancaevangelica.pt\/site\/author\/aeportugal\/"},"uagb_comment_info":0,"uagb_excerpt":"Foram publicadas as seguintes disposi\u00e7\u00f5es legais: RESOLU\u00c7\u00c3O DO CONSELHO DE MINISTROS N.\u00ba 135-A\/2021 DI\u00c1RIO DA REP\u00daBLICA N.\u00ba 190\/2021, 1.\u00ba SUPLEMENTO, S\u00c9RIE I DE 2021-09-29 Altera as medidas no \u00e2mbito da situa\u00e7\u00e3o de alerta DECRETO-LEI N.\u00ba 78-A\/2021 &#8211; DI\u00c1RIO DA REP\u00daBLICA N.\u00ba 190\/2021, 1.\u00ba SUPLEMENTO, S\u00c9RIE I DE 2021-09-29 Alteram as medidas excecionais e tempor\u00e1rias relativas","_links":{"self":[{"href":"https:\/\/aliancaevangelica.pt\/site\/wp-json\/wp\/v2\/posts\/19192","targetHints":{"allow":["GET"]}}],"collection":[{"href":"https:\/\/aliancaevangelica.pt\/site\/wp-json\/wp\/v2\/posts"}],"about":[{"href":"https:\/\/aliancaevangelica.pt\/site\/wp-json\/wp\/v2\/types\/post"}],"author":[{"embeddable":true,"href":"https:\/\/aliancaevangelica.pt\/site\/wp-json\/wp\/v2\/users\/2"}],"replies":[{"embeddable":true,"href":"https:\/\/aliancaevangelica.pt\/site\/wp-json\/wp\/v2\/comments?post=19192"}],"version-history":[{"count":1,"href":"https:\/\/aliancaevangelica.pt\/site\/wp-json\/wp\/v2\/posts\/19192\/revisions"}],"predecessor-version":[{"id":19194,"href":"https:\/\/aliancaevangelica.pt\/site\/wp-json\/wp\/v2\/posts\/19192\/revisions\/19194"}],"wp:featuredmedia":[{"embeddable":true,"href":"https:\/\/aliancaevangelica.pt\/site\/wp-json\/wp\/v2\/media\/19193"}],"wp:attachment":[{"href":"https:\/\/aliancaevangelica.pt\/site\/wp-json\/wp\/v2\/media?parent=19192"}],"wp:term":[{"taxonomy":"category","embeddable":true,"href":"https:\/\/aliancaevangelica.pt\/site\/wp-json\/wp\/v2\/categories?post=19192"},{"taxonomy":"post_tag","embeddable":true,"href":"https:\/\/aliancaevangelica.pt\/site\/wp-json\/wp\/v2\/tags?post=19192"}],"curies":[{"name":"wp","href":"https:\/\/api.w.org\/{rel}","templated":true}]}}