{"id":19181,"date":"2021-09-17T09:22:57","date_gmt":"2021-09-17T09:22:57","guid":{"rendered":"https:\/\/aliancaevangelica.pt\/site\/?p=19181"},"modified":"2026-04-07T10:01:25","modified_gmt":"2026-04-07T10:01:25","slug":"covid19-recomendacao-da-aep-p-espacos-de-culto-17-09-2021","status":"publish","type":"post","link":"https:\/\/aliancaevangelica.pt\/site\/covid19-recomendacao-da-aep-p-espacos-de-culto-17-09-2021\/","title":{"rendered":"COVID19: Recomenda\u00e7\u00e3o da AEP p\/ espa\u00e7os de culto [17\/09\/2021]"},"content":{"rendered":"\n<p>Tendo em conta o estado atual da situa\u00e7\u00e3o pand\u00e9mica que ainda vivemos, damos muitas gra\u00e7as a Deus pela boa evolu\u00e7\u00e3o que temos estado a viver e que se encontra refletida nos n\u00fameros di\u00e1rios.<br>Sabemos que devemos continuar a orar e manter cuidados preventivos.<\/p>\n\n\n\n<p>Tendo em conta as normas em vigor da DGS para os mais diversos setores, apesar de n\u00e3o existir uma norma atualizada espec\u00edfica para os locais de culto, a AEP recomenda que:<\/p>\n\n\n\n<ul class=\"wp-block-list\"><li>At\u00e9 outra indica\u00e7\u00e3o, a lota\u00e7\u00e3o das salas de culto seja de 75%<\/li><li>O uso de m\u00e1scara seja obrigat\u00f3rio<\/li><li>As m\u00e3os sejam desinfetadas com alc\u00f3ol gel na admiss\u00e3o dos espa\u00e7os<\/li><li>Seja mantida a comunica\u00e7\u00e3o sobre as medidas de seguran\u00e7a<\/li><\/ul>\n\n\n\n<p>Estes mesmos cuidados s\u00e3o recomendados para as salas adjacentes (como classes de crian\u00e7as e afins).<\/p>\n\n\n\n<p>Oramos pela liberdade de Culto que temos no nosso pa\u00eds e ao mesmo tempo pelo bom senso e seguran\u00e7a com a ajuda de todos!<\/p>\n","protected":false},"excerpt":{"rendered":"<p>Tendo em conta o estado atual da situa\u00e7\u00e3o pand\u00e9mica que ainda vivemos, damos muitas gra\u00e7as a Deus pela boa evolu\u00e7\u00e3o que temos estado a viver e que se encontra refletida nos n\u00fameros di\u00e1rios.Sabemos que devemos continuar a orar e manter cuidados preventivos. Tendo em conta as normas em vigor da DGS para os mais diversos<\/p>\n","protected":false},"author":2,"featured_media":18488,"comment_status":"closed","ping_status":"open","sticky":false,"template":"","format":"standard","meta":{"_uag_custom_page_level_css":"","_themeisle_gutenberg_block_has_review":false,"_vp_format_video_url":"","_vp_image_focal_point":[],"footnotes":""},"categories":[52],"tags":[],"class_list":["post-19181","post","type-post","status-publish","format-standard","has-post-thumbnail","hentry","category-tomadas-de-posicao"],"yoast_head":"<!-- This site is optimized with the Yoast SEO plugin v27.5 - https:\/\/yoast.com\/product\/yoast-seo-wordpress\/ -->\n<title>COVID19: Recomenda\u00e7\u00e3o da AEP p\/ espa\u00e7os de culto [17\/09\/2021] - AEP<\/title>\n<meta name=\"robots\" content=\"index, follow, max-snippet:-1, max-image-preview:large, max-video-preview:-1\" \/>\n<link rel=\"canonical\" href=\"https:\/\/aliancaevangelica.pt\/site\/covid19-recomendacao-da-aep-p-espacos-de-culto-17-09-2021\/\" \/>\n<meta property=\"og:locale\" content=\"pt_PT\" \/>\n<meta property=\"og:type\" content=\"article\" \/>\n<meta property=\"og:title\" content=\"COVID19: Recomenda\u00e7\u00e3o da AEP p\/ espa\u00e7os de culto [17\/09\/2021] - AEP\" \/>\n<meta property=\"og:description\" content=\"Tendo em conta o estado atual da situa\u00e7\u00e3o pand\u00e9mica que ainda vivemos, damos muitas gra\u00e7as a Deus pela boa evolu\u00e7\u00e3o que temos estado a viver e que se encontra refletida nos n\u00fameros di\u00e1rios.Sabemos que devemos continuar a orar e manter cuidados preventivos. Tendo em conta as normas em vigor da DGS para os mais diversos\" \/>\n<meta property=\"og:url\" content=\"https:\/\/aliancaevangelica.pt\/site\/covid19-recomendacao-da-aep-p-espacos-de-culto-17-09-2021\/\" \/>\n<meta property=\"og:site_name\" content=\"AEP\" \/>\n<meta property=\"article:publisher\" content=\"http:\/\/facebook.com\/aeportuguesa\" \/>\n<meta property=\"article:author\" content=\"aeportugal\" \/>\n<meta property=\"article:published_time\" content=\"2021-09-17T09:22:57+00:00\" \/>\n<meta property=\"article:modified_time\" content=\"2026-04-07T10:01:25+00:00\" \/>\n<meta property=\"og:image\" content=\"https:\/\/aliancaevangelica.pt\/site\/wp-content\/uploads\/2020\/10\/comunicado-set-2020_Prancheta-1.png\" \/>\n\t<meta property=\"og:image:width\" content=\"1480\" \/>\n\t<meta property=\"og:image:height\" content=\"609\" \/>\n\t<meta property=\"og:image:type\" content=\"image\/png\" \/>\n<meta name=\"author\" content=\"AEP\" \/>\n<meta name=\"twitter:card\" content=\"summary_large_image\" \/>\n<meta name=\"twitter:label1\" content=\"Escrito por\" \/>\n\t<meta name=\"twitter:data1\" content=\"AEP\" \/>\n\t<meta name=\"twitter:label2\" content=\"Tempo estimado de leitura\" \/>\n\t<meta name=\"twitter:data2\" content=\"1 minuto\" \/>\n<script type=\"application\/ld+json\" class=\"yoast-schema-graph\">{\"@context\":\"https:\\\/\\\/schema.org\",\"@graph\":[{\"@type\":\"Article\",\"@id\":\"https:\\\/\\\/aliancaevangelica.pt\\\/site\\\/covid19-recomendacao-da-aep-p-espacos-de-culto-17-09-2021\\\/#article\",\"isPartOf\":{\"@id\":\"https:\\\/\\\/aliancaevangelica.pt\\\/site\\\/covid19-recomendacao-da-aep-p-espacos-de-culto-17-09-2021\\\/\"},\"author\":{\"name\":\"AEP\",\"@id\":\"https:\\\/\\\/aliancaevangelica.pt\\\/site\\\/#\\\/schema\\\/person\\\/3b47cfc7535eff1e820f31c2d67eafcf\"},\"headline\":\"COVID19: Recomenda\u00e7\u00e3o da AEP p\\\/ espa\u00e7os de culto [17\\\/09\\\/2021]\",\"datePublished\":\"2021-09-17T09:22:57+00:00\",\"dateModified\":\"2026-04-07T10:01:25+00:00\",\"mainEntityOfPage\":{\"@id\":\"https:\\\/\\\/aliancaevangelica.pt\\\/site\\\/covid19-recomendacao-da-aep-p-espacos-de-culto-17-09-2021\\\/\"},\"wordCount\":182,\"publisher\":{\"@id\":\"https:\\\/\\\/aliancaevangelica.pt\\\/site\\\/#organization\"},\"image\":{\"@id\":\"https:\\\/\\\/aliancaevangelica.pt\\\/site\\\/covid19-recomendacao-da-aep-p-espacos-de-culto-17-09-2021\\\/#primaryimage\"},\"thumbnailUrl\":\"https:\\\/\\\/aliancaevangelica.pt\\\/site\\\/wp-content\\\/uploads\\\/2020\\\/10\\\/comunicado-set-2020_Prancheta-1.png\",\"articleSection\":[\"Tomadas de Posi\u00e7\u00e3o\"],\"inLanguage\":\"pt-PT\"},{\"@type\":\"WebPage\",\"@id\":\"https:\\\/\\\/aliancaevangelica.pt\\\/site\\\/covid19-recomendacao-da-aep-p-espacos-de-culto-17-09-2021\\\/\",\"url\":\"https:\\\/\\\/aliancaevangelica.pt\\\/site\\\/covid19-recomendacao-da-aep-p-espacos-de-culto-17-09-2021\\\/\",\"name\":\"COVID19: Recomenda\u00e7\u00e3o da AEP p\\\/ espa\u00e7os de culto [17\\\/09\\\/2021] - AEP\",\"isPartOf\":{\"@id\":\"https:\\\/\\\/aliancaevangelica.pt\\\/site\\\/#website\"},\"primaryImageOfPage\":{\"@id\":\"https:\\\/\\\/aliancaevangelica.pt\\\/site\\\/covid19-recomendacao-da-aep-p-espacos-de-culto-17-09-2021\\\/#primaryimage\"},\"image\":{\"@id\":\"https:\\\/\\\/aliancaevangelica.pt\\\/site\\\/covid19-recomendacao-da-aep-p-espacos-de-culto-17-09-2021\\\/#primaryimage\"},\"thumbnailUrl\":\"https:\\\/\\\/aliancaevangelica.pt\\\/site\\\/wp-content\\\/uploads\\\/2020\\\/10\\\/comunicado-set-2020_Prancheta-1.png\",\"datePublished\":\"2021-09-17T09:22:57+00:00\",\"dateModified\":\"2026-04-07T10:01:25+00:00\",\"breadcrumb\":{\"@id\":\"https:\\\/\\\/aliancaevangelica.pt\\\/site\\\/covid19-recomendacao-da-aep-p-espacos-de-culto-17-09-2021\\\/#breadcrumb\"},\"inLanguage\":\"pt-PT\",\"potentialAction\":[{\"@type\":\"ReadAction\",\"target\":[\"https:\\\/\\\/aliancaevangelica.pt\\\/site\\\/covid19-recomendacao-da-aep-p-espacos-de-culto-17-09-2021\\\/\"]}]},{\"@type\":\"ImageObject\",\"inLanguage\":\"pt-PT\",\"@id\":\"https:\\\/\\\/aliancaevangelica.pt\\\/site\\\/covid19-recomendacao-da-aep-p-espacos-de-culto-17-09-2021\\\/#primaryimage\",\"url\":\"https:\\\/\\\/aliancaevangelica.pt\\\/site\\\/wp-content\\\/uploads\\\/2020\\\/10\\\/comunicado-set-2020_Prancheta-1.png\",\"contentUrl\":\"https:\\\/\\\/aliancaevangelica.pt\\\/site\\\/wp-content\\\/uploads\\\/2020\\\/10\\\/comunicado-set-2020_Prancheta-1.png\",\"width\":1480,\"height\":609},{\"@type\":\"BreadcrumbList\",\"@id\":\"https:\\\/\\\/aliancaevangelica.pt\\\/site\\\/covid19-recomendacao-da-aep-p-espacos-de-culto-17-09-2021\\\/#breadcrumb\",\"itemListElement\":[{\"@type\":\"ListItem\",\"position\":1,\"name\":\"In\u00edcio\",\"item\":\"https:\\\/\\\/aliancaevangelica.pt\\\/site\\\/\"},{\"@type\":\"ListItem\",\"position\":2,\"name\":\"COVID19: Recomenda\u00e7\u00e3o da AEP p\\\/ espa\u00e7os de culto [17\\\/09\\\/2021]\"}]},{\"@type\":\"WebSite\",\"@id\":\"https:\\\/\\\/aliancaevangelica.pt\\\/site\\\/#website\",\"url\":\"https:\\\/\\\/aliancaevangelica.pt\\\/site\\\/\",\"name\":\"Alian\u00e7a Evang\u00e9lica Portuguesa\",\"description\":\"Alian\u00e7a Evang\u00e9lica Portuguesa\",\"publisher\":{\"@id\":\"https:\\\/\\\/aliancaevangelica.pt\\\/site\\\/#organization\"},\"potentialAction\":[{\"@type\":\"SearchAction\",\"target\":{\"@type\":\"EntryPoint\",\"urlTemplate\":\"https:\\\/\\\/aliancaevangelica.pt\\\/site\\\/?s={search_term_string}\"},\"query-input\":{\"@type\":\"PropertyValueSpecification\",\"valueRequired\":true,\"valueName\":\"search_term_string\"}}],\"inLanguage\":\"pt-PT\"},{\"@type\":\"Organization\",\"@id\":\"https:\\\/\\\/aliancaevangelica.pt\\\/site\\\/#organization\",\"name\":\"Alian\u00e7a Evang\u00e9lica Portuguesa\",\"url\":\"https:\\\/\\\/aliancaevangelica.pt\\\/site\\\/\",\"logo\":{\"@type\":\"ImageObject\",\"inLanguage\":\"pt-PT\",\"@id\":\"https:\\\/\\\/aliancaevangelica.pt\\\/site\\\/#\\\/schema\\\/logo\\\/image\\\/\",\"url\":\"https:\\\/\\\/aliancaevangelica.pt\\\/site\\\/wp-content\\\/uploads\\\/2017\\\/11\\\/logo-AEP-cor.png\",\"contentUrl\":\"https:\\\/\\\/aliancaevangelica.pt\\\/site\\\/wp-content\\\/uploads\\\/2017\\\/11\\\/logo-AEP-cor.png\",\"width\":1156,\"height\":672,\"caption\":\"Alian\u00e7a Evang\u00e9lica Portuguesa\"},\"image\":{\"@id\":\"https:\\\/\\\/aliancaevangelica.pt\\\/site\\\/#\\\/schema\\\/logo\\\/image\\\/\"},\"sameAs\":[\"http:\\\/\\\/facebook.com\\\/aeportuguesa\",\"http:\\\/\\\/instagram.com\\\/aliancaep\",\"http:\\\/\\\/youtube.com\\\/aeportuguesa\"]},{\"@type\":\"Person\",\"@id\":\"https:\\\/\\\/aliancaevangelica.pt\\\/site\\\/#\\\/schema\\\/person\\\/3b47cfc7535eff1e820f31c2d67eafcf\",\"name\":\"AEP\",\"sameAs\":[\"aeportugal\"],\"url\":\"https:\\\/\\\/aliancaevangelica.pt\\\/site\\\/author\\\/aeportugal\\\/\"}]}<\/script>\n<!-- \/ Yoast SEO plugin. -->","yoast_head_json":{"title":"COVID19: Recomenda\u00e7\u00e3o da AEP p\/ espa\u00e7os de culto [17\/09\/2021] - AEP","robots":{"index":"index","follow":"follow","max-snippet":"max-snippet:-1","max-image-preview":"max-image-preview:large","max-video-preview":"max-video-preview:-1"},"canonical":"https:\/\/aliancaevangelica.pt\/site\/covid19-recomendacao-da-aep-p-espacos-de-culto-17-09-2021\/","og_locale":"pt_PT","og_type":"article","og_title":"COVID19: Recomenda\u00e7\u00e3o da AEP p\/ espa\u00e7os de culto [17\/09\/2021] - AEP","og_description":"Tendo em conta o estado atual da situa\u00e7\u00e3o pand\u00e9mica que ainda vivemos, damos muitas gra\u00e7as a Deus pela boa evolu\u00e7\u00e3o que temos estado a viver e que se encontra refletida nos n\u00fameros di\u00e1rios.Sabemos que devemos continuar a orar e manter cuidados preventivos. Tendo em conta as normas em vigor da DGS para os mais diversos","og_url":"https:\/\/aliancaevangelica.pt\/site\/covid19-recomendacao-da-aep-p-espacos-de-culto-17-09-2021\/","og_site_name":"AEP","article_publisher":"http:\/\/facebook.com\/aeportuguesa","article_author":"aeportugal","article_published_time":"2021-09-17T09:22:57+00:00","article_modified_time":"2026-04-07T10:01:25+00:00","og_image":[{"width":1480,"height":609,"url":"https:\/\/aliancaevangelica.pt\/site\/wp-content\/uploads\/2020\/10\/comunicado-set-2020_Prancheta-1.png","type":"image\/png"}],"author":"AEP","twitter_card":"summary_large_image","twitter_misc":{"Escrito por":"AEP","Tempo estimado de leitura":"1 minuto"},"schema":{"@context":"https:\/\/schema.org","@graph":[{"@type":"Article","@id":"https:\/\/aliancaevangelica.pt\/site\/covid19-recomendacao-da-aep-p-espacos-de-culto-17-09-2021\/#article","isPartOf":{"@id":"https:\/\/aliancaevangelica.pt\/site\/covid19-recomendacao-da-aep-p-espacos-de-culto-17-09-2021\/"},"author":{"name":"AEP","@id":"https:\/\/aliancaevangelica.pt\/site\/#\/schema\/person\/3b47cfc7535eff1e820f31c2d67eafcf"},"headline":"COVID19: Recomenda\u00e7\u00e3o da AEP p\/ espa\u00e7os de culto [17\/09\/2021]","datePublished":"2021-09-17T09:22:57+00:00","dateModified":"2026-04-07T10:01:25+00:00","mainEntityOfPage":{"@id":"https:\/\/aliancaevangelica.pt\/site\/covid19-recomendacao-da-aep-p-espacos-de-culto-17-09-2021\/"},"wordCount":182,"publisher":{"@id":"https:\/\/aliancaevangelica.pt\/site\/#organization"},"image":{"@id":"https:\/\/aliancaevangelica.pt\/site\/covid19-recomendacao-da-aep-p-espacos-de-culto-17-09-2021\/#primaryimage"},"thumbnailUrl":"https:\/\/aliancaevangelica.pt\/site\/wp-content\/uploads\/2020\/10\/comunicado-set-2020_Prancheta-1.png","articleSection":["Tomadas de Posi\u00e7\u00e3o"],"inLanguage":"pt-PT"},{"@type":"WebPage","@id":"https:\/\/aliancaevangelica.pt\/site\/covid19-recomendacao-da-aep-p-espacos-de-culto-17-09-2021\/","url":"https:\/\/aliancaevangelica.pt\/site\/covid19-recomendacao-da-aep-p-espacos-de-culto-17-09-2021\/","name":"COVID19: Recomenda\u00e7\u00e3o da AEP p\/ espa\u00e7os de culto [17\/09\/2021] - AEP","isPartOf":{"@id":"https:\/\/aliancaevangelica.pt\/site\/#website"},"primaryImageOfPage":{"@id":"https:\/\/aliancaevangelica.pt\/site\/covid19-recomendacao-da-aep-p-espacos-de-culto-17-09-2021\/#primaryimage"},"image":{"@id":"https:\/\/aliancaevangelica.pt\/site\/covid19-recomendacao-da-aep-p-espacos-de-culto-17-09-2021\/#primaryimage"},"thumbnailUrl":"https:\/\/aliancaevangelica.pt\/site\/wp-content\/uploads\/2020\/10\/comunicado-set-2020_Prancheta-1.png","datePublished":"2021-09-17T09:22:57+00:00","dateModified":"2026-04-07T10:01:25+00:00","breadcrumb":{"@id":"https:\/\/aliancaevangelica.pt\/site\/covid19-recomendacao-da-aep-p-espacos-de-culto-17-09-2021\/#breadcrumb"},"inLanguage":"pt-PT","potentialAction":[{"@type":"ReadAction","target":["https:\/\/aliancaevangelica.pt\/site\/covid19-recomendacao-da-aep-p-espacos-de-culto-17-09-2021\/"]}]},{"@type":"ImageObject","inLanguage":"pt-PT","@id":"https:\/\/aliancaevangelica.pt\/site\/covid19-recomendacao-da-aep-p-espacos-de-culto-17-09-2021\/#primaryimage","url":"https:\/\/aliancaevangelica.pt\/site\/wp-content\/uploads\/2020\/10\/comunicado-set-2020_Prancheta-1.png","contentUrl":"https:\/\/aliancaevangelica.pt\/site\/wp-content\/uploads\/2020\/10\/comunicado-set-2020_Prancheta-1.png","width":1480,"height":609},{"@type":"BreadcrumbList","@id":"https:\/\/aliancaevangelica.pt\/site\/covid19-recomendacao-da-aep-p-espacos-de-culto-17-09-2021\/#breadcrumb","itemListElement":[{"@type":"ListItem","position":1,"name":"In\u00edcio","item":"https:\/\/aliancaevangelica.pt\/site\/"},{"@type":"ListItem","position":2,"name":"COVID19: Recomenda\u00e7\u00e3o da AEP p\/ espa\u00e7os de culto [17\/09\/2021]"}]},{"@type":"WebSite","@id":"https:\/\/aliancaevangelica.pt\/site\/#website","url":"https:\/\/aliancaevangelica.pt\/site\/","name":"Alian\u00e7a Evang\u00e9lica Portuguesa","description":"Alian\u00e7a Evang\u00e9lica Portuguesa","publisher":{"@id":"https:\/\/aliancaevangelica.pt\/site\/#organization"},"potentialAction":[{"@type":"SearchAction","target":{"@type":"EntryPoint","urlTemplate":"https:\/\/aliancaevangelica.pt\/site\/?s={search_term_string}"},"query-input":{"@type":"PropertyValueSpecification","valueRequired":true,"valueName":"search_term_string"}}],"inLanguage":"pt-PT"},{"@type":"Organization","@id":"https:\/\/aliancaevangelica.pt\/site\/#organization","name":"Alian\u00e7a Evang\u00e9lica Portuguesa","url":"https:\/\/aliancaevangelica.pt\/site\/","logo":{"@type":"ImageObject","inLanguage":"pt-PT","@id":"https:\/\/aliancaevangelica.pt\/site\/#\/schema\/logo\/image\/","url":"https:\/\/aliancaevangelica.pt\/site\/wp-content\/uploads\/2017\/11\/logo-AEP-cor.png","contentUrl":"https:\/\/aliancaevangelica.pt\/site\/wp-content\/uploads\/2017\/11\/logo-AEP-cor.png","width":1156,"height":672,"caption":"Alian\u00e7a Evang\u00e9lica Portuguesa"},"image":{"@id":"https:\/\/aliancaevangelica.pt\/site\/#\/schema\/logo\/image\/"},"sameAs":["http:\/\/facebook.com\/aeportuguesa","http:\/\/instagram.com\/aliancaep","http:\/\/youtube.com\/aeportuguesa"]},{"@type":"Person","@id":"https:\/\/aliancaevangelica.pt\/site\/#\/schema\/person\/3b47cfc7535eff1e820f31c2d67eafcf","name":"AEP","sameAs":["aeportugal"],"url":"https:\/\/aliancaevangelica.pt\/site\/author\/aeportugal\/"}]}},"uagb_featured_image_src":{"full":["https:\/\/aliancaevangelica.pt\/site\/wp-content\/uploads\/2020\/10\/comunicado-set-2020_Prancheta-1.png",1480,609,false],"thumbnail":["https:\/\/aliancaevangelica.pt\/site\/wp-content\/uploads\/2020\/10\/comunicado-set-2020_Prancheta-1-150x150.png",150,150,true],"medium":["https:\/\/aliancaevangelica.pt\/site\/wp-content\/uploads\/2020\/10\/comunicado-set-2020_Prancheta-1-300x123.png",300,123,true],"medium_large":["https:\/\/aliancaevangelica.pt\/site\/wp-content\/uploads\/2020\/10\/comunicado-set-2020_Prancheta-1-768x316.png",768,316,true],"large":["https:\/\/aliancaevangelica.pt\/site\/wp-content\/uploads\/2020\/10\/comunicado-set-2020_Prancheta-1-1024x421.png",960,395,true],"1536x1536":["https:\/\/aliancaevangelica.pt\/site\/wp-content\/uploads\/2020\/10\/comunicado-set-2020_Prancheta-1.png",1480,609,false],"2048x2048":["https:\/\/aliancaevangelica.pt\/site\/wp-content\/uploads\/2020\/10\/comunicado-set-2020_Prancheta-1.png",1480,609,false],"vp_sm":["https:\/\/aliancaevangelica.pt\/site\/wp-content\/uploads\/2020\/10\/comunicado-set-2020_Prancheta-1.png",500,206,false],"vp_md":["https:\/\/aliancaevangelica.pt\/site\/wp-content\/uploads\/2020\/10\/comunicado-set-2020_Prancheta-1.png",800,329,false],"vp_lg":["https:\/\/aliancaevangelica.pt\/site\/wp-content\/uploads\/2020\/10\/comunicado-set-2020_Prancheta-1.png",1280,527,false],"vp_xl":["https:\/\/aliancaevangelica.pt\/site\/wp-content\/uploads\/2020\/10\/comunicado-set-2020_Prancheta-1.png",1480,609,false],"vp_sm_popup":["https:\/\/aliancaevangelica.pt\/site\/wp-content\/uploads\/2020\/10\/comunicado-set-2020_Prancheta-1.png",500,206,false],"vp_md_popup":["https:\/\/aliancaevangelica.pt\/site\/wp-content\/uploads\/2020\/10\/comunicado-set-2020_Prancheta-1.png",800,329,false],"vp_xl_popup":["https:\/\/aliancaevangelica.pt\/site\/wp-content\/uploads\/2020\/10\/comunicado-set-2020_Prancheta-1.png",1480,609,false],"newsx-150x100":["https:\/\/aliancaevangelica.pt\/site\/wp-content\/uploads\/2020\/10\/comunicado-set-2020_Prancheta-1.png",150,62,false],"newsx-330x220":["https:\/\/aliancaevangelica.pt\/site\/wp-content\/uploads\/2020\/10\/comunicado-set-2020_Prancheta-1.png",330,136,false],"newsx-420x280":["https:\/\/aliancaevangelica.pt\/site\/wp-content\/uploads\/2020\/10\/comunicado-set-2020_Prancheta-1.png",420,173,false],"newsx-510x340":["https:\/\/aliancaevangelica.pt\/site\/wp-content\/uploads\/2020\/10\/comunicado-set-2020_Prancheta-1.png",510,210,false],"newsx-640x480":["https:\/\/aliancaevangelica.pt\/site\/wp-content\/uploads\/2020\/10\/comunicado-set-2020_Prancheta-1.png",640,263,false],"newsx-670x370":["https:\/\/aliancaevangelica.pt\/site\/wp-content\/uploads\/2020\/10\/comunicado-set-2020_Prancheta-1.png",670,276,false],"newsx-860x570":["https:\/\/aliancaevangelica.pt\/site\/wp-content\/uploads\/2020\/10\/comunicado-set-2020_Prancheta-1.png",860,354,false],"newsx-1000x750":["https:\/\/aliancaevangelica.pt\/site\/wp-content\/uploads\/2020\/10\/comunicado-set-2020_Prancheta-1.png",1000,411,false],"newsx-1200x600":["https:\/\/aliancaevangelica.pt\/site\/wp-content\/uploads\/2020\/10\/comunicado-set-2020_Prancheta-1.png",1200,494,false]},"uagb_author_info":{"display_name":"AEP","author_link":"https:\/\/aliancaevangelica.pt\/site\/author\/aeportugal\/"},"uagb_comment_info":0,"uagb_excerpt":"Tendo em conta o estado atual da situa\u00e7\u00e3o pand\u00e9mica que ainda vivemos, damos muitas gra\u00e7as a Deus pela boa evolu\u00e7\u00e3o que temos estado a viver e que se encontra refletida nos n\u00fameros di\u00e1rios.Sabemos que devemos continuar a orar e manter cuidados preventivos. Tendo em conta as normas em vigor da DGS para os mais diversos","_links":{"self":[{"href":"https:\/\/aliancaevangelica.pt\/site\/wp-json\/wp\/v2\/posts\/19181","targetHints":{"allow":["GET"]}}],"collection":[{"href":"https:\/\/aliancaevangelica.pt\/site\/wp-json\/wp\/v2\/posts"}],"about":[{"href":"https:\/\/aliancaevangelica.pt\/site\/wp-json\/wp\/v2\/types\/post"}],"author":[{"embeddable":true,"href":"https:\/\/aliancaevangelica.pt\/site\/wp-json\/wp\/v2\/users\/2"}],"replies":[{"embeddable":true,"href":"https:\/\/aliancaevangelica.pt\/site\/wp-json\/wp\/v2\/comments?post=19181"}],"version-history":[{"count":1,"href":"https:\/\/aliancaevangelica.pt\/site\/wp-json\/wp\/v2\/posts\/19181\/revisions"}],"predecessor-version":[{"id":19182,"href":"https:\/\/aliancaevangelica.pt\/site\/wp-json\/wp\/v2\/posts\/19181\/revisions\/19182"}],"wp:featuredmedia":[{"embeddable":true,"href":"https:\/\/aliancaevangelica.pt\/site\/wp-json\/wp\/v2\/media\/18488"}],"wp:attachment":[{"href":"https:\/\/aliancaevangelica.pt\/site\/wp-json\/wp\/v2\/media?parent=19181"}],"wp:term":[{"taxonomy":"category","embeddable":true,"href":"https:\/\/aliancaevangelica.pt\/site\/wp-json\/wp\/v2\/categories?post=19181"},{"taxonomy":"post_tag","embeddable":true,"href":"https:\/\/aliancaevangelica.pt\/site\/wp-json\/wp\/v2\/tags?post=19181"}],"curies":[{"name":"wp","href":"https:\/\/api.w.org\/{rel}","templated":true}]}}