{"id":19164,"date":"2021-10-01T08:00:00","date_gmt":"2021-10-01T08:00:00","guid":{"rendered":"https:\/\/aliancaevangelica.pt\/site\/?p=19164"},"modified":"2026-04-10T00:12:22","modified_gmt":"2026-04-10T00:12:22","slug":"uma-fe-solida-em-tempos-liquidos","status":"publish","type":"post","link":"https:\/\/aliancaevangelica.pt\/site\/uma-fe-solida-em-tempos-liquidos\/","title":{"rendered":"Uma f\u00e9 s\u00f3lida em tempos l\u00edquidos"},"content":{"rendered":"\n<div aria-hidden=\"true\" class=\"wp-block-spacer\"><\/div>\n\n\n\n<div class=\"wp-block-media-text is-stacked-on-mobile is-vertically-aligned-center\" style=\"grid-template-columns:20% auto\" id=\"wp-block-themeisle-blocks-image-30c9123f\"><figure class=\"wp-block-media-text__media\"><img loading=\"lazy\" decoding=\"async\" width=\"819\" height=\"819\" src=\"https:\/\/aliancaevangelica.pt\/site\/wp-content\/uploads\/2021\/09\/foto-de-perfil-e1775779873364.jpg\" alt=\"\" class=\"wp-image-19163 size-full\" srcset=\"https:\/\/aliancaevangelica.pt\/site\/wp-content\/uploads\/2021\/09\/foto-de-perfil-e1775779873364.jpg 819w, https:\/\/aliancaevangelica.pt\/site\/wp-content\/uploads\/2021\/09\/foto-de-perfil-e1775779873364-300x300.jpg 300w, https:\/\/aliancaevangelica.pt\/site\/wp-content\/uploads\/2021\/09\/foto-de-perfil-e1775779873364-150x150.jpg 150w, https:\/\/aliancaevangelica.pt\/site\/wp-content\/uploads\/2021\/09\/foto-de-perfil-e1775779873364-768x768.jpg 768w, https:\/\/aliancaevangelica.pt\/site\/wp-content\/uploads\/2021\/09\/foto-de-perfil-e1775779873364-500x500.jpg 500w, https:\/\/aliancaevangelica.pt\/site\/wp-content\/uploads\/2021\/09\/foto-de-perfil-e1775779873364-800x800.jpg 800w\" sizes=\"auto, (max-width: 819px) 100vw, 819px\" \/><\/figure><div class=\"wp-block-media-text__content\">\n<h2 class=\"wp-block-heading\">&nbsp;<strong><strong>\u201cVivemos tempos l\u00edquidos. Nada \u00e9 para durar.\u201d<\/strong><\/strong><\/h2>\n\n\n\n<p>Miriam Rodrigues Couveiro<br><em><sub>Estudante no Semin\u00e1rio Teol\u00f3gico Baptista, escritora e locutora no Minist\u00e9rio de comunica\u00e7\u00e3o Mulheres de Esperan\u00e7a.<\/sub><\/em><\/p>\n<\/div><\/div>\n\n\n\n<p class=\"p1 has-medium-font-size\"><strong>N\u00e3o me considero uma perita em sociologia, mas senti-me intrigada por aquilo que uma vez o revolucion\u00e1rio Bauman disse: \u201cVivemos tempos l\u00edquidos. Nada \u00e9 para durar.\u201d Acho que este homem brilhante fez o obs\u00e9quio de tirar as escamas dos nossos olhos modernos para olharmos frente a frente a uma verdade que j\u00e1 foi h\u00e1 muito tempo afirmada, e que por muito que neguemos, est\u00e1 a tornar-se numa assustadora realidade. Gosto de relacionar aquilo que o soci\u00f3logo diz com as palavras j\u00e1 proferidas de Jesus em Mateus 24:12: \u201c(&#8230;) o amor de muitos se esfriar\u00e1&#8230;\u201d<\/strong><\/p>\n\n\n\n<p class=\"p1\">Uma profecia do Messias que fala da fluidez dos nossos tempos &#8211; termo este baumaniano \u2013 isto \u00e9, da superficialidade deste s\u00e9culo e da frieza humana. Bem gostar\u00edamos que esta realidade que Jesus apresenta fosse ut\u00f3pica ou um pesadelo que acabaria por passar com o tempo. No entanto, n\u00e3o podemos mudar as Suas palavras, muito menos fechar o entendimento para estas verdades.<\/p>\n\n\n\n<p class=\"p1\">Cristo deve ser a nossa bitola no dever natural e intr\u00ednseco para estarmos mais conscientes daquilo que aflige e influencia a sociedade p\u00f3s-moderna. Sabemos que esta caracteriza-se por ser ironicamente niilista, sedenta de felicidade e de poder, procurando formas de satisfazer os seus desejos mais egoc\u00eantricos, na maioria das vezes por interm\u00e9dio da desgra\u00e7a dos outros, apenas com o objetivo concreto de \u201csentir-se completa\u201d.<\/p>\n\n\n\n<p class=\"p1\">Neste sentido, Cristo e Bauman pensam o mesmo: uma sociedade individualista que vive obcecada com a sua pr\u00f3pria satisfa\u00e7\u00e3o revela o qu\u00e3o vazia ela \u00e9. No fundo, quer queiramos ou n\u00e3o, estas caracter\u00edsticas tamb\u00e9m poder\u00e3o refletir-se nas igrejas. Como tal, \u00e9 relevante procurarmos responder a algumas quest\u00f5es que se levantam:<\/p>\n\n\n\n<p class=\"p1\">Eu procuro refugiar-me e basear a minha f\u00e9 nas minhas emo\u00e7\u00f5es para me sentir bem comigo mesmo? O que me motiva a estar mais perto de Deus? Ser\u00e1 que a manifesta\u00e7\u00e3o do Esp\u00edrito Santo tem sido deturpada ao longo destes anos nas nossas Igrejas por influ\u00eancia dos desejos mais obscuros da sociedade p\u00f3s-moderna?<\/p>\n\n\n\n<p class=\"p1\">Nos \u00faltimos dias estas indaga\u00e7\u00f5es suscitaram-me uma outra: O desejo de Sentir prop\u00f5e-nos uma a\u00e7\u00e3o de busca, ou mascara a vontade narcisista de receber? Sentir a presen\u00e7a de Deus n\u00e3o compromete a Sua exist\u00eancia e poder absolutos. Isto aplica-se, sobretudo, na forma como nos relacionamos com Ele. N\u00e3o sou a favor de uma teologia apenas epistemol\u00f3gica e racional, mas defendo que a Igreja precisa urgentemente entender que o desejo narc\u00edsico de possuir e experimentar n\u00e3o \u00e9 uma a\u00e7\u00e3o de busca genu\u00edna das b\u00ean\u00e7\u00e3os celestiais ou de procura de intimidade com o Divino. Procuramos e buscamos a Deus na expetativa de O conhecer e sermos moldados por Ele? Ou O buscamos na expetativa de receber algo em troca, como por exemplo: satisfa\u00e7\u00e3o pessoal, realiza\u00e7\u00e3o financeira ou at\u00e9 mesmo sentir aquele pico de emo\u00e7\u00f5es que vai servir de penso r\u00e1pido na minha ferida naquele breve momento?<\/p>\n\n\n\n<p class=\"p1\">Por vezes esperamos que Deus nos fa\u00e7a sentir diferentes, quase como se fossemos super-homens, a quem Deus concede super-poderes. Esperamos que o Esp\u00edrito Santo nos fa\u00e7a sentir sobrenaturais e impar\u00e1veis. Come\u00e7amos a questionar a nossa f\u00e9 quando paramos de \u201csentir\u201d a polaridade de emo\u00e7\u00f5es, essa adrenalina espiritual.Questionamos at\u00e9 a presen\u00e7a absoluta e ineg\u00e1vel de Deus quando j\u00e1 n\u00e3o nos sentimos impar\u00e1veis. Precisamos desconstruir e aprender um conceito de f\u00e9 mais b\u00edblico e cristoc\u00eantrico.<\/p>\n\n\n\n<p class=\"p1\">A f\u00e9 n\u00e3o se baseia ou resume naquilo que alguns afirmam como uma cren\u00e7a para al\u00e9m daquilo que \u00e9 o nosso dom\u00ednio vis\u00edvel. Ela \u00e9 a forte convic\u00e7\u00e3o na evid\u00eancia, e a convic\u00e7\u00e3o n\u00e3o est\u00e1 dependente do nosso estado emocional ou das nossas crises existenciais. Vivemos na era do vazio, conforme Gilles Lipovetsky a batizou. Fala-se em indiferen\u00e7a pura como consequ\u00eancia de uma sociedade extremamente carente de amor, prop\u00f3sito e significado. Nas Igrejas precisamos de ter cuidado com a maneira como vivemos e testemunhamos o Evangelho. Numa era de vazio precisamos de crentes cheios (do Esp\u00edrito de Deus) que transbordam saciando o vazio dos outros! Crentes aut\u00eanticos! Crentes que est\u00e3o cientes do fundamento da sua f\u00e9 al\u00e9m das circunst\u00e2ncias. Crentes completos porque Cristo \u00e9 suficiente, Jesus basta!<\/p>\n\n\n\n<div style=\"height:100px\" aria-hidden=\"true\" class=\"wp-block-spacer\"><\/div>\n","protected":false},"excerpt":{"rendered":"<p>&nbsp;\u201cVivemos tempos l\u00edquidos. Nada \u00e9 para durar.\u201d Miriam Rodrigues CouveiroEstudante no Semin\u00e1rio Teol\u00f3gico Baptista, escritora e locutora no Minist\u00e9rio de comunica\u00e7\u00e3o Mulheres de Esperan\u00e7a. N\u00e3o me considero uma perita em sociologia, mas senti-me intrigada por aquilo que uma vez o revolucion\u00e1rio Bauman disse: \u201cVivemos tempos l\u00edquidos. Nada \u00e9 para durar.\u201d Acho que este homem brilhante<\/p>\n","protected":false},"author":2,"featured_media":19165,"comment_status":"open","ping_status":"open","sticky":false,"template":"","format":"standard","meta":{"_uag_custom_page_level_css":"","_themeisle_gutenberg_block_has_review":false,"_vp_format_video_url":"","_vp_image_focal_point":[],"footnotes":""},"categories":[94,99],"tags":[],"class_list":["post-19164","post","type-post","status-publish","format-standard","has-post-thumbnail","hentry","category-olhares","category-teologia"],"yoast_head":"<!-- This site is optimized with the Yoast SEO plugin v27.5 - https:\/\/yoast.com\/product\/yoast-seo-wordpress\/ -->\n<title>Uma f\u00e9 s\u00f3lida em tempos l\u00edquidos - AEP<\/title>\n<meta name=\"robots\" content=\"index, follow, max-snippet:-1, max-image-preview:large, max-video-preview:-1\" \/>\n<link rel=\"canonical\" href=\"https:\/\/aliancaevangelica.pt\/site\/uma-fe-solida-em-tempos-liquidos\/\" \/>\n<meta property=\"og:locale\" content=\"pt_PT\" \/>\n<meta property=\"og:type\" content=\"article\" \/>\n<meta property=\"og:title\" content=\"Uma f\u00e9 s\u00f3lida em tempos l\u00edquidos - AEP\" \/>\n<meta property=\"og:description\" content=\"&nbsp;\u201cVivemos tempos l\u00edquidos. Nada \u00e9 para durar.\u201d Miriam Rodrigues CouveiroEstudante no Semin\u00e1rio Teol\u00f3gico Baptista, escritora e locutora no Minist\u00e9rio de comunica\u00e7\u00e3o Mulheres de Esperan\u00e7a. N\u00e3o me considero uma perita em sociologia, mas senti-me intrigada por aquilo que uma vez o revolucion\u00e1rio Bauman disse: \u201cVivemos tempos l\u00edquidos. Nada \u00e9 para durar.\u201d Acho que este homem brilhante\" \/>\n<meta property=\"og:url\" content=\"https:\/\/aliancaevangelica.pt\/site\/uma-fe-solida-em-tempos-liquidos\/\" \/>\n<meta property=\"og:site_name\" content=\"AEP\" \/>\n<meta property=\"article:publisher\" content=\"http:\/\/facebook.com\/aeportuguesa\" \/>\n<meta property=\"article:author\" content=\"aeportugal\" \/>\n<meta property=\"article:published_time\" content=\"2021-10-01T08:00:00+00:00\" \/>\n<meta property=\"article:modified_time\" content=\"2026-04-10T00:12:22+00:00\" \/>\n<meta property=\"og:image\" content=\"https:\/\/aliancaevangelica.pt\/site\/wp-content\/uploads\/2021\/09\/Pessoas-na-rua.jpg\" \/>\n\t<meta property=\"og:image:width\" content=\"960\" \/>\n\t<meta property=\"og:image:height\" content=\"640\" \/>\n\t<meta property=\"og:image:type\" content=\"image\/jpeg\" \/>\n<meta name=\"author\" content=\"AEP\" \/>\n<meta name=\"twitter:card\" content=\"summary_large_image\" \/>\n<meta name=\"twitter:label1\" content=\"Escrito por\" \/>\n\t<meta name=\"twitter:data1\" content=\"AEP\" \/>\n\t<meta name=\"twitter:label2\" content=\"Tempo estimado de leitura\" \/>\n\t<meta name=\"twitter:data2\" content=\"5 minutos\" \/>\n<script type=\"application\/ld+json\" class=\"yoast-schema-graph\">{\"@context\":\"https:\\\/\\\/schema.org\",\"@graph\":[{\"@type\":\"Article\",\"@id\":\"https:\\\/\\\/aliancaevangelica.pt\\\/site\\\/uma-fe-solida-em-tempos-liquidos\\\/#article\",\"isPartOf\":{\"@id\":\"https:\\\/\\\/aliancaevangelica.pt\\\/site\\\/uma-fe-solida-em-tempos-liquidos\\\/\"},\"author\":{\"name\":\"AEP\",\"@id\":\"https:\\\/\\\/aliancaevangelica.pt\\\/site\\\/#\\\/schema\\\/person\\\/3b47cfc7535eff1e820f31c2d67eafcf\"},\"headline\":\"Uma f\u00e9 s\u00f3lida em tempos l\u00edquidos\",\"datePublished\":\"2021-10-01T08:00:00+00:00\",\"dateModified\":\"2026-04-10T00:12:22+00:00\",\"mainEntityOfPage\":{\"@id\":\"https:\\\/\\\/aliancaevangelica.pt\\\/site\\\/uma-fe-solida-em-tempos-liquidos\\\/\"},\"wordCount\":770,\"commentCount\":0,\"publisher\":{\"@id\":\"https:\\\/\\\/aliancaevangelica.pt\\\/site\\\/#organization\"},\"image\":{\"@id\":\"https:\\\/\\\/aliancaevangelica.pt\\\/site\\\/uma-fe-solida-em-tempos-liquidos\\\/#primaryimage\"},\"thumbnailUrl\":\"https:\\\/\\\/aliancaevangelica.pt\\\/site\\\/wp-content\\\/uploads\\\/2021\\\/09\\\/Pessoas-na-rua.jpg\",\"articleSection\":[\"Olhares\",\"Teologia\"],\"inLanguage\":\"pt-PT\",\"potentialAction\":[{\"@type\":\"CommentAction\",\"name\":\"Comment\",\"target\":[\"https:\\\/\\\/aliancaevangelica.pt\\\/site\\\/uma-fe-solida-em-tempos-liquidos\\\/#respond\"]}]},{\"@type\":\"WebPage\",\"@id\":\"https:\\\/\\\/aliancaevangelica.pt\\\/site\\\/uma-fe-solida-em-tempos-liquidos\\\/\",\"url\":\"https:\\\/\\\/aliancaevangelica.pt\\\/site\\\/uma-fe-solida-em-tempos-liquidos\\\/\",\"name\":\"Uma f\u00e9 s\u00f3lida em tempos l\u00edquidos - AEP\",\"isPartOf\":{\"@id\":\"https:\\\/\\\/aliancaevangelica.pt\\\/site\\\/#website\"},\"primaryImageOfPage\":{\"@id\":\"https:\\\/\\\/aliancaevangelica.pt\\\/site\\\/uma-fe-solida-em-tempos-liquidos\\\/#primaryimage\"},\"image\":{\"@id\":\"https:\\\/\\\/aliancaevangelica.pt\\\/site\\\/uma-fe-solida-em-tempos-liquidos\\\/#primaryimage\"},\"thumbnailUrl\":\"https:\\\/\\\/aliancaevangelica.pt\\\/site\\\/wp-content\\\/uploads\\\/2021\\\/09\\\/Pessoas-na-rua.jpg\",\"datePublished\":\"2021-10-01T08:00:00+00:00\",\"dateModified\":\"2026-04-10T00:12:22+00:00\",\"breadcrumb\":{\"@id\":\"https:\\\/\\\/aliancaevangelica.pt\\\/site\\\/uma-fe-solida-em-tempos-liquidos\\\/#breadcrumb\"},\"inLanguage\":\"pt-PT\",\"potentialAction\":[{\"@type\":\"ReadAction\",\"target\":[\"https:\\\/\\\/aliancaevangelica.pt\\\/site\\\/uma-fe-solida-em-tempos-liquidos\\\/\"]}]},{\"@type\":\"ImageObject\",\"inLanguage\":\"pt-PT\",\"@id\":\"https:\\\/\\\/aliancaevangelica.pt\\\/site\\\/uma-fe-solida-em-tempos-liquidos\\\/#primaryimage\",\"url\":\"https:\\\/\\\/aliancaevangelica.pt\\\/site\\\/wp-content\\\/uploads\\\/2021\\\/09\\\/Pessoas-na-rua.jpg\",\"contentUrl\":\"https:\\\/\\\/aliancaevangelica.pt\\\/site\\\/wp-content\\\/uploads\\\/2021\\\/09\\\/Pessoas-na-rua.jpg\",\"width\":960,\"height\":640},{\"@type\":\"BreadcrumbList\",\"@id\":\"https:\\\/\\\/aliancaevangelica.pt\\\/site\\\/uma-fe-solida-em-tempos-liquidos\\\/#breadcrumb\",\"itemListElement\":[{\"@type\":\"ListItem\",\"position\":1,\"name\":\"In\u00edcio\",\"item\":\"https:\\\/\\\/aliancaevangelica.pt\\\/site\\\/\"},{\"@type\":\"ListItem\",\"position\":2,\"name\":\"Uma f\u00e9 s\u00f3lida em tempos l\u00edquidos\"}]},{\"@type\":\"WebSite\",\"@id\":\"https:\\\/\\\/aliancaevangelica.pt\\\/site\\\/#website\",\"url\":\"https:\\\/\\\/aliancaevangelica.pt\\\/site\\\/\",\"name\":\"Alian\u00e7a Evang\u00e9lica Portuguesa\",\"description\":\"Alian\u00e7a Evang\u00e9lica Portuguesa\",\"publisher\":{\"@id\":\"https:\\\/\\\/aliancaevangelica.pt\\\/site\\\/#organization\"},\"potentialAction\":[{\"@type\":\"SearchAction\",\"target\":{\"@type\":\"EntryPoint\",\"urlTemplate\":\"https:\\\/\\\/aliancaevangelica.pt\\\/site\\\/?s={search_term_string}\"},\"query-input\":{\"@type\":\"PropertyValueSpecification\",\"valueRequired\":true,\"valueName\":\"search_term_string\"}}],\"inLanguage\":\"pt-PT\"},{\"@type\":\"Organization\",\"@id\":\"https:\\\/\\\/aliancaevangelica.pt\\\/site\\\/#organization\",\"name\":\"Alian\u00e7a Evang\u00e9lica Portuguesa\",\"url\":\"https:\\\/\\\/aliancaevangelica.pt\\\/site\\\/\",\"logo\":{\"@type\":\"ImageObject\",\"inLanguage\":\"pt-PT\",\"@id\":\"https:\\\/\\\/aliancaevangelica.pt\\\/site\\\/#\\\/schema\\\/logo\\\/image\\\/\",\"url\":\"https:\\\/\\\/aliancaevangelica.pt\\\/site\\\/wp-content\\\/uploads\\\/2017\\\/11\\\/logo-AEP-cor.png\",\"contentUrl\":\"https:\\\/\\\/aliancaevangelica.pt\\\/site\\\/wp-content\\\/uploads\\\/2017\\\/11\\\/logo-AEP-cor.png\",\"width\":1156,\"height\":672,\"caption\":\"Alian\u00e7a Evang\u00e9lica Portuguesa\"},\"image\":{\"@id\":\"https:\\\/\\\/aliancaevangelica.pt\\\/site\\\/#\\\/schema\\\/logo\\\/image\\\/\"},\"sameAs\":[\"http:\\\/\\\/facebook.com\\\/aeportuguesa\",\"http:\\\/\\\/instagram.com\\\/aliancaep\",\"http:\\\/\\\/youtube.com\\\/aeportuguesa\"]},{\"@type\":\"Person\",\"@id\":\"https:\\\/\\\/aliancaevangelica.pt\\\/site\\\/#\\\/schema\\\/person\\\/3b47cfc7535eff1e820f31c2d67eafcf\",\"name\":\"AEP\",\"sameAs\":[\"aeportugal\"],\"url\":\"https:\\\/\\\/aliancaevangelica.pt\\\/site\\\/author\\\/aeportugal\\\/\"}]}<\/script>\n<!-- \/ Yoast SEO plugin. -->","yoast_head_json":{"title":"Uma f\u00e9 s\u00f3lida em tempos l\u00edquidos - AEP","robots":{"index":"index","follow":"follow","max-snippet":"max-snippet:-1","max-image-preview":"max-image-preview:large","max-video-preview":"max-video-preview:-1"},"canonical":"https:\/\/aliancaevangelica.pt\/site\/uma-fe-solida-em-tempos-liquidos\/","og_locale":"pt_PT","og_type":"article","og_title":"Uma f\u00e9 s\u00f3lida em tempos l\u00edquidos - AEP","og_description":"&nbsp;\u201cVivemos tempos l\u00edquidos. Nada \u00e9 para durar.\u201d Miriam Rodrigues CouveiroEstudante no Semin\u00e1rio Teol\u00f3gico Baptista, escritora e locutora no Minist\u00e9rio de comunica\u00e7\u00e3o Mulheres de Esperan\u00e7a. N\u00e3o me considero uma perita em sociologia, mas senti-me intrigada por aquilo que uma vez o revolucion\u00e1rio Bauman disse: \u201cVivemos tempos l\u00edquidos. Nada \u00e9 para durar.\u201d Acho que este homem brilhante","og_url":"https:\/\/aliancaevangelica.pt\/site\/uma-fe-solida-em-tempos-liquidos\/","og_site_name":"AEP","article_publisher":"http:\/\/facebook.com\/aeportuguesa","article_author":"aeportugal","article_published_time":"2021-10-01T08:00:00+00:00","article_modified_time":"2026-04-10T00:12:22+00:00","og_image":[{"width":960,"height":640,"url":"https:\/\/aliancaevangelica.pt\/site\/wp-content\/uploads\/2021\/09\/Pessoas-na-rua.jpg","type":"image\/jpeg"}],"author":"AEP","twitter_card":"summary_large_image","twitter_misc":{"Escrito por":"AEP","Tempo estimado de leitura":"5 minutos"},"schema":{"@context":"https:\/\/schema.org","@graph":[{"@type":"Article","@id":"https:\/\/aliancaevangelica.pt\/site\/uma-fe-solida-em-tempos-liquidos\/#article","isPartOf":{"@id":"https:\/\/aliancaevangelica.pt\/site\/uma-fe-solida-em-tempos-liquidos\/"},"author":{"name":"AEP","@id":"https:\/\/aliancaevangelica.pt\/site\/#\/schema\/person\/3b47cfc7535eff1e820f31c2d67eafcf"},"headline":"Uma f\u00e9 s\u00f3lida em tempos l\u00edquidos","datePublished":"2021-10-01T08:00:00+00:00","dateModified":"2026-04-10T00:12:22+00:00","mainEntityOfPage":{"@id":"https:\/\/aliancaevangelica.pt\/site\/uma-fe-solida-em-tempos-liquidos\/"},"wordCount":770,"commentCount":0,"publisher":{"@id":"https:\/\/aliancaevangelica.pt\/site\/#organization"},"image":{"@id":"https:\/\/aliancaevangelica.pt\/site\/uma-fe-solida-em-tempos-liquidos\/#primaryimage"},"thumbnailUrl":"https:\/\/aliancaevangelica.pt\/site\/wp-content\/uploads\/2021\/09\/Pessoas-na-rua.jpg","articleSection":["Olhares","Teologia"],"inLanguage":"pt-PT","potentialAction":[{"@type":"CommentAction","name":"Comment","target":["https:\/\/aliancaevangelica.pt\/site\/uma-fe-solida-em-tempos-liquidos\/#respond"]}]},{"@type":"WebPage","@id":"https:\/\/aliancaevangelica.pt\/site\/uma-fe-solida-em-tempos-liquidos\/","url":"https:\/\/aliancaevangelica.pt\/site\/uma-fe-solida-em-tempos-liquidos\/","name":"Uma f\u00e9 s\u00f3lida em tempos l\u00edquidos - AEP","isPartOf":{"@id":"https:\/\/aliancaevangelica.pt\/site\/#website"},"primaryImageOfPage":{"@id":"https:\/\/aliancaevangelica.pt\/site\/uma-fe-solida-em-tempos-liquidos\/#primaryimage"},"image":{"@id":"https:\/\/aliancaevangelica.pt\/site\/uma-fe-solida-em-tempos-liquidos\/#primaryimage"},"thumbnailUrl":"https:\/\/aliancaevangelica.pt\/site\/wp-content\/uploads\/2021\/09\/Pessoas-na-rua.jpg","datePublished":"2021-10-01T08:00:00+00:00","dateModified":"2026-04-10T00:12:22+00:00","breadcrumb":{"@id":"https:\/\/aliancaevangelica.pt\/site\/uma-fe-solida-em-tempos-liquidos\/#breadcrumb"},"inLanguage":"pt-PT","potentialAction":[{"@type":"ReadAction","target":["https:\/\/aliancaevangelica.pt\/site\/uma-fe-solida-em-tempos-liquidos\/"]}]},{"@type":"ImageObject","inLanguage":"pt-PT","@id":"https:\/\/aliancaevangelica.pt\/site\/uma-fe-solida-em-tempos-liquidos\/#primaryimage","url":"https:\/\/aliancaevangelica.pt\/site\/wp-content\/uploads\/2021\/09\/Pessoas-na-rua.jpg","contentUrl":"https:\/\/aliancaevangelica.pt\/site\/wp-content\/uploads\/2021\/09\/Pessoas-na-rua.jpg","width":960,"height":640},{"@type":"BreadcrumbList","@id":"https:\/\/aliancaevangelica.pt\/site\/uma-fe-solida-em-tempos-liquidos\/#breadcrumb","itemListElement":[{"@type":"ListItem","position":1,"name":"In\u00edcio","item":"https:\/\/aliancaevangelica.pt\/site\/"},{"@type":"ListItem","position":2,"name":"Uma f\u00e9 s\u00f3lida em tempos l\u00edquidos"}]},{"@type":"WebSite","@id":"https:\/\/aliancaevangelica.pt\/site\/#website","url":"https:\/\/aliancaevangelica.pt\/site\/","name":"Alian\u00e7a Evang\u00e9lica Portuguesa","description":"Alian\u00e7a Evang\u00e9lica Portuguesa","publisher":{"@id":"https:\/\/aliancaevangelica.pt\/site\/#organization"},"potentialAction":[{"@type":"SearchAction","target":{"@type":"EntryPoint","urlTemplate":"https:\/\/aliancaevangelica.pt\/site\/?s={search_term_string}"},"query-input":{"@type":"PropertyValueSpecification","valueRequired":true,"valueName":"search_term_string"}}],"inLanguage":"pt-PT"},{"@type":"Organization","@id":"https:\/\/aliancaevangelica.pt\/site\/#organization","name":"Alian\u00e7a Evang\u00e9lica Portuguesa","url":"https:\/\/aliancaevangelica.pt\/site\/","logo":{"@type":"ImageObject","inLanguage":"pt-PT","@id":"https:\/\/aliancaevangelica.pt\/site\/#\/schema\/logo\/image\/","url":"https:\/\/aliancaevangelica.pt\/site\/wp-content\/uploads\/2017\/11\/logo-AEP-cor.png","contentUrl":"https:\/\/aliancaevangelica.pt\/site\/wp-content\/uploads\/2017\/11\/logo-AEP-cor.png","width":1156,"height":672,"caption":"Alian\u00e7a Evang\u00e9lica Portuguesa"},"image":{"@id":"https:\/\/aliancaevangelica.pt\/site\/#\/schema\/logo\/image\/"},"sameAs":["http:\/\/facebook.com\/aeportuguesa","http:\/\/instagram.com\/aliancaep","http:\/\/youtube.com\/aeportuguesa"]},{"@type":"Person","@id":"https:\/\/aliancaevangelica.pt\/site\/#\/schema\/person\/3b47cfc7535eff1e820f31c2d67eafcf","name":"AEP","sameAs":["aeportugal"],"url":"https:\/\/aliancaevangelica.pt\/site\/author\/aeportugal\/"}]}},"uagb_featured_image_src":{"full":["https:\/\/aliancaevangelica.pt\/site\/wp-content\/uploads\/2021\/09\/Pessoas-na-rua.jpg",960,640,false],"thumbnail":["https:\/\/aliancaevangelica.pt\/site\/wp-content\/uploads\/2021\/09\/Pessoas-na-rua-150x150.jpg",150,150,true],"medium":["https:\/\/aliancaevangelica.pt\/site\/wp-content\/uploads\/2021\/09\/Pessoas-na-rua-300x200.jpg",300,200,true],"medium_large":["https:\/\/aliancaevangelica.pt\/site\/wp-content\/uploads\/2021\/09\/Pessoas-na-rua-768x512.jpg",768,512,true],"large":["https:\/\/aliancaevangelica.pt\/site\/wp-content\/uploads\/2021\/09\/Pessoas-na-rua.jpg",960,640,false],"1536x1536":["https:\/\/aliancaevangelica.pt\/site\/wp-content\/uploads\/2021\/09\/Pessoas-na-rua.jpg",960,640,false],"2048x2048":["https:\/\/aliancaevangelica.pt\/site\/wp-content\/uploads\/2021\/09\/Pessoas-na-rua.jpg",960,640,false],"vp_sm":["https:\/\/aliancaevangelica.pt\/site\/wp-content\/uploads\/2021\/09\/Pessoas-na-rua.jpg",500,333,false],"vp_md":["https:\/\/aliancaevangelica.pt\/site\/wp-content\/uploads\/2021\/09\/Pessoas-na-rua.jpg",800,533,false],"vp_lg":["https:\/\/aliancaevangelica.pt\/site\/wp-content\/uploads\/2021\/09\/Pessoas-na-rua.jpg",960,640,false],"vp_xl":["https:\/\/aliancaevangelica.pt\/site\/wp-content\/uploads\/2021\/09\/Pessoas-na-rua.jpg",960,640,false],"vp_sm_popup":["https:\/\/aliancaevangelica.pt\/site\/wp-content\/uploads\/2021\/09\/Pessoas-na-rua.jpg",500,333,false],"vp_md_popup":["https:\/\/aliancaevangelica.pt\/site\/wp-content\/uploads\/2021\/09\/Pessoas-na-rua.jpg",800,533,false],"vp_xl_popup":["https:\/\/aliancaevangelica.pt\/site\/wp-content\/uploads\/2021\/09\/Pessoas-na-rua.jpg",960,640,false],"newsx-150x100":["https:\/\/aliancaevangelica.pt\/site\/wp-content\/uploads\/2021\/09\/Pessoas-na-rua.jpg",150,100,false],"newsx-330x220":["https:\/\/aliancaevangelica.pt\/site\/wp-content\/uploads\/2021\/09\/Pessoas-na-rua.jpg",330,220,false],"newsx-420x280":["https:\/\/aliancaevangelica.pt\/site\/wp-content\/uploads\/2021\/09\/Pessoas-na-rua.jpg",420,280,false],"newsx-510x340":["https:\/\/aliancaevangelica.pt\/site\/wp-content\/uploads\/2021\/09\/Pessoas-na-rua.jpg",510,340,false],"newsx-640x480":["https:\/\/aliancaevangelica.pt\/site\/wp-content\/uploads\/2021\/09\/Pessoas-na-rua.jpg",640,427,false],"newsx-670x370":["https:\/\/aliancaevangelica.pt\/site\/wp-content\/uploads\/2021\/09\/Pessoas-na-rua.jpg",555,370,false],"newsx-860x570":["https:\/\/aliancaevangelica.pt\/site\/wp-content\/uploads\/2021\/09\/Pessoas-na-rua.jpg",855,570,false],"newsx-1000x750":["https:\/\/aliancaevangelica.pt\/site\/wp-content\/uploads\/2021\/09\/Pessoas-na-rua.jpg",960,640,false],"newsx-1200x600":["https:\/\/aliancaevangelica.pt\/site\/wp-content\/uploads\/2021\/09\/Pessoas-na-rua.jpg",900,600,false]},"uagb_author_info":{"display_name":"AEP","author_link":"https:\/\/aliancaevangelica.pt\/site\/author\/aeportugal\/"},"uagb_comment_info":0,"uagb_excerpt":"&nbsp;\u201cVivemos tempos l\u00edquidos. Nada \u00e9 para durar.\u201d Miriam Rodrigues CouveiroEstudante no Semin\u00e1rio Teol\u00f3gico Baptista, escritora e locutora no Minist\u00e9rio de comunica\u00e7\u00e3o Mulheres de Esperan\u00e7a. N\u00e3o me considero uma perita em sociologia, mas senti-me intrigada por aquilo que uma vez o revolucion\u00e1rio Bauman disse: \u201cVivemos tempos l\u00edquidos. Nada \u00e9 para durar.\u201d Acho que este homem brilhante","_links":{"self":[{"href":"https:\/\/aliancaevangelica.pt\/site\/wp-json\/wp\/v2\/posts\/19164","targetHints":{"allow":["GET"]}}],"collection":[{"href":"https:\/\/aliancaevangelica.pt\/site\/wp-json\/wp\/v2\/posts"}],"about":[{"href":"https:\/\/aliancaevangelica.pt\/site\/wp-json\/wp\/v2\/types\/post"}],"author":[{"embeddable":true,"href":"https:\/\/aliancaevangelica.pt\/site\/wp-json\/wp\/v2\/users\/2"}],"replies":[{"embeddable":true,"href":"https:\/\/aliancaevangelica.pt\/site\/wp-json\/wp\/v2\/comments?post=19164"}],"version-history":[{"count":8,"href":"https:\/\/aliancaevangelica.pt\/site\/wp-json\/wp\/v2\/posts\/19164\/revisions"}],"predecessor-version":[{"id":22871,"href":"https:\/\/aliancaevangelica.pt\/site\/wp-json\/wp\/v2\/posts\/19164\/revisions\/22871"}],"wp:featuredmedia":[{"embeddable":true,"href":"https:\/\/aliancaevangelica.pt\/site\/wp-json\/wp\/v2\/media\/19165"}],"wp:attachment":[{"href":"https:\/\/aliancaevangelica.pt\/site\/wp-json\/wp\/v2\/media?parent=19164"}],"wp:term":[{"taxonomy":"category","embeddable":true,"href":"https:\/\/aliancaevangelica.pt\/site\/wp-json\/wp\/v2\/categories?post=19164"},{"taxonomy":"post_tag","embeddable":true,"href":"https:\/\/aliancaevangelica.pt\/site\/wp-json\/wp\/v2\/tags?post=19164"}],"curies":[{"name":"wp","href":"https:\/\/api.w.org\/{rel}","templated":true}]}}