{"id":19159,"date":"2021-09-17T08:00:00","date_gmt":"2021-09-17T08:00:00","guid":{"rendered":"https:\/\/aliancaevangelica.pt\/site\/?p=19159"},"modified":"2021-09-16T13:54:31","modified_gmt":"2021-09-16T13:54:31","slug":"como-estao-as-tuas-financas","status":"publish","type":"post","link":"https:\/\/aliancaevangelica.pt\/site\/como-estao-as-tuas-financas\/","title":{"rendered":"Como est\u00e3o as tuas finan\u00e7as?"},"content":{"rendered":"<p class=\"p1\">Na agita\u00e7\u00e3o do nosso dia, vivemos t\u00e3o apressados com os nossos trabalhos e afazeres que n\u00e3o nos permitimos refletir sobre o que estamos a fazer e o seu prop\u00f3sito. Desde pequenos percebemos que neste mundo precisamos de trabalhar, ganhar dinheiro e adquirir bens. Entramos em modo autom\u00e1tico e frequentemente acreditamos que Deus n\u00e3o se interessa pelas coisas terrenas. <strong>O que nos escapa \u00e9 que as coisas terrenas s\u00e3o na verdade um teste para as coisas celestiais. <\/strong><\/p>\n<p class=\"p1\">Sim, estamos a ser testados! De facto, a forma como gerimos as nossas finan\u00e7as revela o que vai no nosso cora\u00e7\u00e3o e mostra aquilo em que verdadeiramente acreditamos. <strong>Por detr\u00e1s de problemas financeiros encontramos fragilidades no nosso car\u00e1cter que precisam ser trabalhadas.<\/strong> A impaci\u00eancia leva ao consumo compulsivo, o ego\u00edsmo \u00e0 falta de generosidade, o amor ao dinheiro ao descontentamento, a gan\u00e2ncia \u00e0 desonestidade e poder\u00edamos continuar. Aquilo que mais amamos ir\u00e1 receber n\u00e3o s\u00f3 a nossa aten\u00e7\u00e3o como tamb\u00e9m o nosso dinheiro. \u00c9 poss\u00edvel cada vez mais observar, que muitas fam\u00edlias s\u00e3o destru\u00eddas por causa das finan\u00e7as, contudo, a culpa n\u00e3o \u00e9 do dinheiro, ele apenas reflete o nosso cora\u00e7\u00e3o.<\/p>\n<p class=\"p1\">Mas Deus n\u00e3o s\u00f3 nos testa, como Ele na sua infinita bondade nos d\u00e1 as respostas necess\u00e1rias. <strong>O tema dinheiro e bens \u00e9 amplamente falado na B\u00edblia!<\/strong> Na verdade, encontramos mais sobre este assunto do que outros que consideramos \u00e0 partida mais espirituais como a f\u00e9 e a ora\u00e7\u00e3o. Se o pr\u00f3prio Jesus ensinou tanto sobre este tema \u00e9 porque precisamos olhar para esta \u00e1rea na nossa vida como algo importante e espiritual. <strong>Na B\u00edblia encontramos muitos princ\u00edpios financeiros que trazem prosperidade e avisos de atitudes que levam \u00e0 pobreza.<\/strong> Esses valores impactantes s\u00e3o intemporais, universais e podem ser aplicados a pessoas, fam\u00edlias, empresas e pa\u00edses.<\/p>\n<p class=\"p1\">Um dos bons exemplos que encontramos na B\u00edblia \u00e9 o da mulher virtuosa. Uma refer\u00eancia muito conhecida que mostra um exemplo de boa gest\u00e3o. N\u00e3o sabemos o seu passado, n\u00e3o sabemos o seu nome, mas sabemos que tinha muitas virtudes, que nada lhe faltava e que era uma b\u00ean\u00e7\u00e3o para a sua fam\u00edlia. Ela \u00e9 apresentada como uma administradora s\u00e1bia que trabalha de boa vontade em prol da sua fam\u00edlia, cuida dos seus neg\u00f3cios, planeia o futuro, investe para multiplicar os seus bens, \u00e9 generosa, faz o bem ao pr\u00f3ximo e \u00e9 confi\u00e1vel (Prov. 31:10-20). Seremos todos como ela?<\/p>\n<p class=\"p1\">Aplicar os princ\u00edpios financeiros de Deus na nossa vida \u00e9 uma caminhada turbulenta que exige disciplina! <strong>O dinheiro diariamente compete com Deus pelo dom\u00ednio da nossa vida.<\/strong> Somos bombardeados pelo descontentamento, pela ideia que precisamos sempre de mais e de melhor. No entanto, Deus nos chama a sermos livres e essa liberdade tamb\u00e9m passa pela nossa vida financeira. <strong>O segredo est\u00e1 em entregarmos todas as coisas a Deus, sermos fi\u00e9is aos seus princ\u00edpios e experimentarmos uma vida de contentamento.<\/strong> O nosso cora\u00e7\u00e3o deve estar nas riquezas celestiais e a raz\u00e3o deve lidar com as terrenas.<\/p>\n<p class=\"p1\">Se gostarias de aprender mais sobre finan\u00e7as b\u00edblicas, podes seguir a p\u00e1gina de facebook GPS \u2013 Gerir, Poupar, Somar.<\/p>\n<p>[movedo_single_image image=&#8221;19158&#8243; animation=&#8221;grve-zoom-in&#8221;]Ana Sofia Bessa<\/p>\n<p class=\"p1\">Formada em Economia<\/p>\n<p class=\"p1\">\n","protected":false},"excerpt":{"rendered":"<p>Na agita\u00e7\u00e3o do nosso dia, vivemos t\u00e3o apressados com os nossos trabalhos e afazeres que n\u00e3o nos permitimos refletir sobre o que estamos a fazer e o seu prop\u00f3sito. Desde pequenos percebemos que neste mundo precisamos de trabalhar, ganhar dinheiro e adquirir bens. Entramos em modo autom\u00e1tico e frequentemente acreditamos que Deus n\u00e3o se interessa<\/p>\n","protected":false},"author":2,"featured_media":19160,"comment_status":"open","ping_status":"open","sticky":false,"template":"","format":"standard","meta":{"_uag_custom_page_level_css":"","_themeisle_gutenberg_block_has_review":false,"_vp_format_video_url":"","_vp_image_focal_point":[],"footnotes":""},"categories":[45,47],"tags":[],"class_list":["post-19159","post","type-post","status-publish","format-standard","has-post-thumbnail","hentry","category-geral","category-mulheres-casais-e-familia"],"yoast_head":"<!-- This site is optimized with the Yoast SEO plugin v27.5 - https:\/\/yoast.com\/product\/yoast-seo-wordpress\/ -->\n<title>Como est\u00e3o as tuas finan\u00e7as? - AEP<\/title>\n<meta name=\"robots\" content=\"index, follow, max-snippet:-1, max-image-preview:large, max-video-preview:-1\" \/>\n<link rel=\"canonical\" href=\"https:\/\/aliancaevangelica.pt\/site\/como-estao-as-tuas-financas\/\" \/>\n<meta property=\"og:locale\" content=\"pt_PT\" \/>\n<meta property=\"og:type\" content=\"article\" \/>\n<meta property=\"og:title\" content=\"Como est\u00e3o as tuas finan\u00e7as? - AEP\" \/>\n<meta property=\"og:description\" content=\"Na agita\u00e7\u00e3o do nosso dia, vivemos t\u00e3o apressados com os nossos trabalhos e afazeres que n\u00e3o nos permitimos refletir sobre o que estamos a fazer e o seu prop\u00f3sito. Desde pequenos percebemos que neste mundo precisamos de trabalhar, ganhar dinheiro e adquirir bens. Entramos em modo autom\u00e1tico e frequentemente acreditamos que Deus n\u00e3o se interessa\" \/>\n<meta property=\"og:url\" content=\"https:\/\/aliancaevangelica.pt\/site\/como-estao-as-tuas-financas\/\" \/>\n<meta property=\"og:site_name\" content=\"AEP\" \/>\n<meta property=\"article:publisher\" content=\"http:\/\/facebook.com\/aeportuguesa\" \/>\n<meta property=\"article:author\" content=\"aeportugal\" \/>\n<meta property=\"article:published_time\" content=\"2021-09-17T08:00:00+00:00\" \/>\n<meta property=\"og:image\" content=\"https:\/\/aliancaevangelica.pt\/site\/wp-content\/uploads\/2021\/09\/Captura-de-ecra\u0303-2021-09-16-a\u0300s-14.49.34.png\" \/>\n\t<meta property=\"og:image:width\" content=\"957\" \/>\n\t<meta property=\"og:image:height\" content=\"530\" \/>\n\t<meta property=\"og:image:type\" content=\"image\/png\" \/>\n<meta name=\"author\" content=\"AEP\" \/>\n<meta name=\"twitter:card\" content=\"summary_large_image\" \/>\n<meta name=\"twitter:label1\" content=\"Escrito por\" \/>\n\t<meta name=\"twitter:data1\" content=\"AEP\" \/>\n\t<meta name=\"twitter:label2\" content=\"Tempo estimado de leitura\" \/>\n\t<meta name=\"twitter:data2\" content=\"3 minutos\" \/>\n<script type=\"application\/ld+json\" class=\"yoast-schema-graph\">{\"@context\":\"https:\\\/\\\/schema.org\",\"@graph\":[{\"@type\":\"Article\",\"@id\":\"https:\\\/\\\/aliancaevangelica.pt\\\/site\\\/como-estao-as-tuas-financas\\\/#article\",\"isPartOf\":{\"@id\":\"https:\\\/\\\/aliancaevangelica.pt\\\/site\\\/como-estao-as-tuas-financas\\\/\"},\"author\":{\"name\":\"AEP\",\"@id\":\"https:\\\/\\\/aliancaevangelica.pt\\\/site\\\/#\\\/schema\\\/person\\\/3b47cfc7535eff1e820f31c2d67eafcf\"},\"headline\":\"Como est\u00e3o as tuas finan\u00e7as?\",\"datePublished\":\"2021-09-17T08:00:00+00:00\",\"mainEntityOfPage\":{\"@id\":\"https:\\\/\\\/aliancaevangelica.pt\\\/site\\\/como-estao-as-tuas-financas\\\/\"},\"wordCount\":568,\"commentCount\":0,\"publisher\":{\"@id\":\"https:\\\/\\\/aliancaevangelica.pt\\\/site\\\/#organization\"},\"image\":{\"@id\":\"https:\\\/\\\/aliancaevangelica.pt\\\/site\\\/como-estao-as-tuas-financas\\\/#primaryimage\"},\"thumbnailUrl\":\"https:\\\/\\\/aliancaevangelica.pt\\\/site\\\/wp-content\\\/uploads\\\/2021\\\/09\\\/Captura-de-ecra\u0303-2021-09-16-a\u0300s-14.49.34.png\",\"articleSection\":[\"1-Geral\",\"Mulheres, Casais e Fam\u00edlia\"],\"inLanguage\":\"pt-PT\",\"potentialAction\":[{\"@type\":\"CommentAction\",\"name\":\"Comment\",\"target\":[\"https:\\\/\\\/aliancaevangelica.pt\\\/site\\\/como-estao-as-tuas-financas\\\/#respond\"]}]},{\"@type\":\"WebPage\",\"@id\":\"https:\\\/\\\/aliancaevangelica.pt\\\/site\\\/como-estao-as-tuas-financas\\\/\",\"url\":\"https:\\\/\\\/aliancaevangelica.pt\\\/site\\\/como-estao-as-tuas-financas\\\/\",\"name\":\"Como est\u00e3o as tuas finan\u00e7as? - AEP\",\"isPartOf\":{\"@id\":\"https:\\\/\\\/aliancaevangelica.pt\\\/site\\\/#website\"},\"primaryImageOfPage\":{\"@id\":\"https:\\\/\\\/aliancaevangelica.pt\\\/site\\\/como-estao-as-tuas-financas\\\/#primaryimage\"},\"image\":{\"@id\":\"https:\\\/\\\/aliancaevangelica.pt\\\/site\\\/como-estao-as-tuas-financas\\\/#primaryimage\"},\"thumbnailUrl\":\"https:\\\/\\\/aliancaevangelica.pt\\\/site\\\/wp-content\\\/uploads\\\/2021\\\/09\\\/Captura-de-ecra\u0303-2021-09-16-a\u0300s-14.49.34.png\",\"datePublished\":\"2021-09-17T08:00:00+00:00\",\"breadcrumb\":{\"@id\":\"https:\\\/\\\/aliancaevangelica.pt\\\/site\\\/como-estao-as-tuas-financas\\\/#breadcrumb\"},\"inLanguage\":\"pt-PT\",\"potentialAction\":[{\"@type\":\"ReadAction\",\"target\":[\"https:\\\/\\\/aliancaevangelica.pt\\\/site\\\/como-estao-as-tuas-financas\\\/\"]}]},{\"@type\":\"ImageObject\",\"inLanguage\":\"pt-PT\",\"@id\":\"https:\\\/\\\/aliancaevangelica.pt\\\/site\\\/como-estao-as-tuas-financas\\\/#primaryimage\",\"url\":\"https:\\\/\\\/aliancaevangelica.pt\\\/site\\\/wp-content\\\/uploads\\\/2021\\\/09\\\/Captura-de-ecra\u0303-2021-09-16-a\u0300s-14.49.34.png\",\"contentUrl\":\"https:\\\/\\\/aliancaevangelica.pt\\\/site\\\/wp-content\\\/uploads\\\/2021\\\/09\\\/Captura-de-ecra\u0303-2021-09-16-a\u0300s-14.49.34.png\",\"width\":957,\"height\":530},{\"@type\":\"BreadcrumbList\",\"@id\":\"https:\\\/\\\/aliancaevangelica.pt\\\/site\\\/como-estao-as-tuas-financas\\\/#breadcrumb\",\"itemListElement\":[{\"@type\":\"ListItem\",\"position\":1,\"name\":\"In\u00edcio\",\"item\":\"https:\\\/\\\/aliancaevangelica.pt\\\/site\\\/\"},{\"@type\":\"ListItem\",\"position\":2,\"name\":\"Como est\u00e3o as tuas finan\u00e7as?\"}]},{\"@type\":\"WebSite\",\"@id\":\"https:\\\/\\\/aliancaevangelica.pt\\\/site\\\/#website\",\"url\":\"https:\\\/\\\/aliancaevangelica.pt\\\/site\\\/\",\"name\":\"Alian\u00e7a Evang\u00e9lica Portuguesa\",\"description\":\"Alian\u00e7a Evang\u00e9lica Portuguesa\",\"publisher\":{\"@id\":\"https:\\\/\\\/aliancaevangelica.pt\\\/site\\\/#organization\"},\"potentialAction\":[{\"@type\":\"SearchAction\",\"target\":{\"@type\":\"EntryPoint\",\"urlTemplate\":\"https:\\\/\\\/aliancaevangelica.pt\\\/site\\\/?s={search_term_string}\"},\"query-input\":{\"@type\":\"PropertyValueSpecification\",\"valueRequired\":true,\"valueName\":\"search_term_string\"}}],\"inLanguage\":\"pt-PT\"},{\"@type\":\"Organization\",\"@id\":\"https:\\\/\\\/aliancaevangelica.pt\\\/site\\\/#organization\",\"name\":\"Alian\u00e7a Evang\u00e9lica Portuguesa\",\"url\":\"https:\\\/\\\/aliancaevangelica.pt\\\/site\\\/\",\"logo\":{\"@type\":\"ImageObject\",\"inLanguage\":\"pt-PT\",\"@id\":\"https:\\\/\\\/aliancaevangelica.pt\\\/site\\\/#\\\/schema\\\/logo\\\/image\\\/\",\"url\":\"https:\\\/\\\/aliancaevangelica.pt\\\/site\\\/wp-content\\\/uploads\\\/2017\\\/11\\\/logo-AEP-cor.png\",\"contentUrl\":\"https:\\\/\\\/aliancaevangelica.pt\\\/site\\\/wp-content\\\/uploads\\\/2017\\\/11\\\/logo-AEP-cor.png\",\"width\":1156,\"height\":672,\"caption\":\"Alian\u00e7a Evang\u00e9lica Portuguesa\"},\"image\":{\"@id\":\"https:\\\/\\\/aliancaevangelica.pt\\\/site\\\/#\\\/schema\\\/logo\\\/image\\\/\"},\"sameAs\":[\"http:\\\/\\\/facebook.com\\\/aeportuguesa\",\"http:\\\/\\\/instagram.com\\\/aliancaep\",\"http:\\\/\\\/youtube.com\\\/aeportuguesa\"]},{\"@type\":\"Person\",\"@id\":\"https:\\\/\\\/aliancaevangelica.pt\\\/site\\\/#\\\/schema\\\/person\\\/3b47cfc7535eff1e820f31c2d67eafcf\",\"name\":\"AEP\",\"sameAs\":[\"aeportugal\"],\"url\":\"https:\\\/\\\/aliancaevangelica.pt\\\/site\\\/author\\\/aeportugal\\\/\"}]}<\/script>\n<!-- \/ Yoast SEO plugin. -->","yoast_head_json":{"title":"Como est\u00e3o as tuas finan\u00e7as? - AEP","robots":{"index":"index","follow":"follow","max-snippet":"max-snippet:-1","max-image-preview":"max-image-preview:large","max-video-preview":"max-video-preview:-1"},"canonical":"https:\/\/aliancaevangelica.pt\/site\/como-estao-as-tuas-financas\/","og_locale":"pt_PT","og_type":"article","og_title":"Como est\u00e3o as tuas finan\u00e7as? - AEP","og_description":"Na agita\u00e7\u00e3o do nosso dia, vivemos t\u00e3o apressados com os nossos trabalhos e afazeres que n\u00e3o nos permitimos refletir sobre o que estamos a fazer e o seu prop\u00f3sito. Desde pequenos percebemos que neste mundo precisamos de trabalhar, ganhar dinheiro e adquirir bens. Entramos em modo autom\u00e1tico e frequentemente acreditamos que Deus n\u00e3o se interessa","og_url":"https:\/\/aliancaevangelica.pt\/site\/como-estao-as-tuas-financas\/","og_site_name":"AEP","article_publisher":"http:\/\/facebook.com\/aeportuguesa","article_author":"aeportugal","article_published_time":"2021-09-17T08:00:00+00:00","og_image":[{"width":957,"height":530,"url":"https:\/\/aliancaevangelica.pt\/site\/wp-content\/uploads\/2021\/09\/Captura-de-ecra\u0303-2021-09-16-a\u0300s-14.49.34.png","type":"image\/png"}],"author":"AEP","twitter_card":"summary_large_image","twitter_misc":{"Escrito por":"AEP","Tempo estimado de leitura":"3 minutos"},"schema":{"@context":"https:\/\/schema.org","@graph":[{"@type":"Article","@id":"https:\/\/aliancaevangelica.pt\/site\/como-estao-as-tuas-financas\/#article","isPartOf":{"@id":"https:\/\/aliancaevangelica.pt\/site\/como-estao-as-tuas-financas\/"},"author":{"name":"AEP","@id":"https:\/\/aliancaevangelica.pt\/site\/#\/schema\/person\/3b47cfc7535eff1e820f31c2d67eafcf"},"headline":"Como est\u00e3o as tuas finan\u00e7as?","datePublished":"2021-09-17T08:00:00+00:00","mainEntityOfPage":{"@id":"https:\/\/aliancaevangelica.pt\/site\/como-estao-as-tuas-financas\/"},"wordCount":568,"commentCount":0,"publisher":{"@id":"https:\/\/aliancaevangelica.pt\/site\/#organization"},"image":{"@id":"https:\/\/aliancaevangelica.pt\/site\/como-estao-as-tuas-financas\/#primaryimage"},"thumbnailUrl":"https:\/\/aliancaevangelica.pt\/site\/wp-content\/uploads\/2021\/09\/Captura-de-ecra\u0303-2021-09-16-a\u0300s-14.49.34.png","articleSection":["1-Geral","Mulheres, Casais e Fam\u00edlia"],"inLanguage":"pt-PT","potentialAction":[{"@type":"CommentAction","name":"Comment","target":["https:\/\/aliancaevangelica.pt\/site\/como-estao-as-tuas-financas\/#respond"]}]},{"@type":"WebPage","@id":"https:\/\/aliancaevangelica.pt\/site\/como-estao-as-tuas-financas\/","url":"https:\/\/aliancaevangelica.pt\/site\/como-estao-as-tuas-financas\/","name":"Como est\u00e3o as tuas finan\u00e7as? - AEP","isPartOf":{"@id":"https:\/\/aliancaevangelica.pt\/site\/#website"},"primaryImageOfPage":{"@id":"https:\/\/aliancaevangelica.pt\/site\/como-estao-as-tuas-financas\/#primaryimage"},"image":{"@id":"https:\/\/aliancaevangelica.pt\/site\/como-estao-as-tuas-financas\/#primaryimage"},"thumbnailUrl":"https:\/\/aliancaevangelica.pt\/site\/wp-content\/uploads\/2021\/09\/Captura-de-ecra\u0303-2021-09-16-a\u0300s-14.49.34.png","datePublished":"2021-09-17T08:00:00+00:00","breadcrumb":{"@id":"https:\/\/aliancaevangelica.pt\/site\/como-estao-as-tuas-financas\/#breadcrumb"},"inLanguage":"pt-PT","potentialAction":[{"@type":"ReadAction","target":["https:\/\/aliancaevangelica.pt\/site\/como-estao-as-tuas-financas\/"]}]},{"@type":"ImageObject","inLanguage":"pt-PT","@id":"https:\/\/aliancaevangelica.pt\/site\/como-estao-as-tuas-financas\/#primaryimage","url":"https:\/\/aliancaevangelica.pt\/site\/wp-content\/uploads\/2021\/09\/Captura-de-ecra\u0303-2021-09-16-a\u0300s-14.49.34.png","contentUrl":"https:\/\/aliancaevangelica.pt\/site\/wp-content\/uploads\/2021\/09\/Captura-de-ecra\u0303-2021-09-16-a\u0300s-14.49.34.png","width":957,"height":530},{"@type":"BreadcrumbList","@id":"https:\/\/aliancaevangelica.pt\/site\/como-estao-as-tuas-financas\/#breadcrumb","itemListElement":[{"@type":"ListItem","position":1,"name":"In\u00edcio","item":"https:\/\/aliancaevangelica.pt\/site\/"},{"@type":"ListItem","position":2,"name":"Como est\u00e3o as tuas finan\u00e7as?"}]},{"@type":"WebSite","@id":"https:\/\/aliancaevangelica.pt\/site\/#website","url":"https:\/\/aliancaevangelica.pt\/site\/","name":"Alian\u00e7a Evang\u00e9lica Portuguesa","description":"Alian\u00e7a Evang\u00e9lica Portuguesa","publisher":{"@id":"https:\/\/aliancaevangelica.pt\/site\/#organization"},"potentialAction":[{"@type":"SearchAction","target":{"@type":"EntryPoint","urlTemplate":"https:\/\/aliancaevangelica.pt\/site\/?s={search_term_string}"},"query-input":{"@type":"PropertyValueSpecification","valueRequired":true,"valueName":"search_term_string"}}],"inLanguage":"pt-PT"},{"@type":"Organization","@id":"https:\/\/aliancaevangelica.pt\/site\/#organization","name":"Alian\u00e7a Evang\u00e9lica Portuguesa","url":"https:\/\/aliancaevangelica.pt\/site\/","logo":{"@type":"ImageObject","inLanguage":"pt-PT","@id":"https:\/\/aliancaevangelica.pt\/site\/#\/schema\/logo\/image\/","url":"https:\/\/aliancaevangelica.pt\/site\/wp-content\/uploads\/2017\/11\/logo-AEP-cor.png","contentUrl":"https:\/\/aliancaevangelica.pt\/site\/wp-content\/uploads\/2017\/11\/logo-AEP-cor.png","width":1156,"height":672,"caption":"Alian\u00e7a Evang\u00e9lica Portuguesa"},"image":{"@id":"https:\/\/aliancaevangelica.pt\/site\/#\/schema\/logo\/image\/"},"sameAs":["http:\/\/facebook.com\/aeportuguesa","http:\/\/instagram.com\/aliancaep","http:\/\/youtube.com\/aeportuguesa"]},{"@type":"Person","@id":"https:\/\/aliancaevangelica.pt\/site\/#\/schema\/person\/3b47cfc7535eff1e820f31c2d67eafcf","name":"AEP","sameAs":["aeportugal"],"url":"https:\/\/aliancaevangelica.pt\/site\/author\/aeportugal\/"}]}},"uagb_featured_image_src":{"full":["https:\/\/aliancaevangelica.pt\/site\/wp-content\/uploads\/2021\/09\/Captura-de-ecra\u0303-2021-09-16-a\u0300s-14.49.34.png",957,530,false],"thumbnail":["https:\/\/aliancaevangelica.pt\/site\/wp-content\/uploads\/2021\/09\/Captura-de-ecra\u0303-2021-09-16-a\u0300s-14.49.34-150x150.png",150,150,true],"medium":["https:\/\/aliancaevangelica.pt\/site\/wp-content\/uploads\/2021\/09\/Captura-de-ecra\u0303-2021-09-16-a\u0300s-14.49.34-300x166.png",300,166,true],"medium_large":["https:\/\/aliancaevangelica.pt\/site\/wp-content\/uploads\/2021\/09\/Captura-de-ecra\u0303-2021-09-16-a\u0300s-14.49.34-768x425.png",768,425,true],"large":["https:\/\/aliancaevangelica.pt\/site\/wp-content\/uploads\/2021\/09\/Captura-de-ecra\u0303-2021-09-16-a\u0300s-14.49.34.png",957,530,false],"1536x1536":["https:\/\/aliancaevangelica.pt\/site\/wp-content\/uploads\/2021\/09\/Captura-de-ecra\u0303-2021-09-16-a\u0300s-14.49.34.png",957,530,false],"2048x2048":["https:\/\/aliancaevangelica.pt\/site\/wp-content\/uploads\/2021\/09\/Captura-de-ecra\u0303-2021-09-16-a\u0300s-14.49.34.png",957,530,false],"vp_sm":["https:\/\/aliancaevangelica.pt\/site\/wp-content\/uploads\/2021\/09\/Captura-de-ecra\u0303-2021-09-16-a\u0300s-14.49.34.png",500,277,false],"vp_md":["https:\/\/aliancaevangelica.pt\/site\/wp-content\/uploads\/2021\/09\/Captura-de-ecra\u0303-2021-09-16-a\u0300s-14.49.34.png",800,443,false],"vp_lg":["https:\/\/aliancaevangelica.pt\/site\/wp-content\/uploads\/2021\/09\/Captura-de-ecra\u0303-2021-09-16-a\u0300s-14.49.34.png",957,530,false],"vp_xl":["https:\/\/aliancaevangelica.pt\/site\/wp-content\/uploads\/2021\/09\/Captura-de-ecra\u0303-2021-09-16-a\u0300s-14.49.34.png",957,530,false],"vp_sm_popup":["https:\/\/aliancaevangelica.pt\/site\/wp-content\/uploads\/2021\/09\/Captura-de-ecra\u0303-2021-09-16-a\u0300s-14.49.34.png",500,277,false],"vp_md_popup":["https:\/\/aliancaevangelica.pt\/site\/wp-content\/uploads\/2021\/09\/Captura-de-ecra\u0303-2021-09-16-a\u0300s-14.49.34.png",800,443,false],"vp_xl_popup":["https:\/\/aliancaevangelica.pt\/site\/wp-content\/uploads\/2021\/09\/Captura-de-ecra\u0303-2021-09-16-a\u0300s-14.49.34.png",957,530,false],"newsx-150x100":["https:\/\/aliancaevangelica.pt\/site\/wp-content\/uploads\/2021\/09\/Captura-de-ecra\u0303-2021-09-16-a\u0300s-14.49.34.png",150,83,false],"newsx-330x220":["https:\/\/aliancaevangelica.pt\/site\/wp-content\/uploads\/2021\/09\/Captura-de-ecra\u0303-2021-09-16-a\u0300s-14.49.34.png",330,183,false],"newsx-420x280":["https:\/\/aliancaevangelica.pt\/site\/wp-content\/uploads\/2021\/09\/Captura-de-ecra\u0303-2021-09-16-a\u0300s-14.49.34.png",420,233,false],"newsx-510x340":["https:\/\/aliancaevangelica.pt\/site\/wp-content\/uploads\/2021\/09\/Captura-de-ecra\u0303-2021-09-16-a\u0300s-14.49.34.png",510,282,false],"newsx-640x480":["https:\/\/aliancaevangelica.pt\/site\/wp-content\/uploads\/2021\/09\/Captura-de-ecra\u0303-2021-09-16-a\u0300s-14.49.34.png",640,354,false],"newsx-670x370":["https:\/\/aliancaevangelica.pt\/site\/wp-content\/uploads\/2021\/09\/Captura-de-ecra\u0303-2021-09-16-a\u0300s-14.49.34.png",668,370,false],"newsx-860x570":["https:\/\/aliancaevangelica.pt\/site\/wp-content\/uploads\/2021\/09\/Captura-de-ecra\u0303-2021-09-16-a\u0300s-14.49.34.png",860,476,false],"newsx-1000x750":["https:\/\/aliancaevangelica.pt\/site\/wp-content\/uploads\/2021\/09\/Captura-de-ecra\u0303-2021-09-16-a\u0300s-14.49.34.png",957,530,false],"newsx-1200x600":["https:\/\/aliancaevangelica.pt\/site\/wp-content\/uploads\/2021\/09\/Captura-de-ecra\u0303-2021-09-16-a\u0300s-14.49.34.png",957,530,false]},"uagb_author_info":{"display_name":"AEP","author_link":"https:\/\/aliancaevangelica.pt\/site\/author\/aeportugal\/"},"uagb_comment_info":0,"uagb_excerpt":"Na agita\u00e7\u00e3o do nosso dia, vivemos t\u00e3o apressados com os nossos trabalhos e afazeres que n\u00e3o nos permitimos refletir sobre o que estamos a fazer e o seu prop\u00f3sito. Desde pequenos percebemos que neste mundo precisamos de trabalhar, ganhar dinheiro e adquirir bens. Entramos em modo autom\u00e1tico e frequentemente acreditamos que Deus n\u00e3o se interessa","_links":{"self":[{"href":"https:\/\/aliancaevangelica.pt\/site\/wp-json\/wp\/v2\/posts\/19159","targetHints":{"allow":["GET"]}}],"collection":[{"href":"https:\/\/aliancaevangelica.pt\/site\/wp-json\/wp\/v2\/posts"}],"about":[{"href":"https:\/\/aliancaevangelica.pt\/site\/wp-json\/wp\/v2\/types\/post"}],"author":[{"embeddable":true,"href":"https:\/\/aliancaevangelica.pt\/site\/wp-json\/wp\/v2\/users\/2"}],"replies":[{"embeddable":true,"href":"https:\/\/aliancaevangelica.pt\/site\/wp-json\/wp\/v2\/comments?post=19159"}],"version-history":[{"count":2,"href":"https:\/\/aliancaevangelica.pt\/site\/wp-json\/wp\/v2\/posts\/19159\/revisions"}],"predecessor-version":[{"id":19162,"href":"https:\/\/aliancaevangelica.pt\/site\/wp-json\/wp\/v2\/posts\/19159\/revisions\/19162"}],"wp:featuredmedia":[{"embeddable":true,"href":"https:\/\/aliancaevangelica.pt\/site\/wp-json\/wp\/v2\/media\/19160"}],"wp:attachment":[{"href":"https:\/\/aliancaevangelica.pt\/site\/wp-json\/wp\/v2\/media?parent=19159"}],"wp:term":[{"taxonomy":"category","embeddable":true,"href":"https:\/\/aliancaevangelica.pt\/site\/wp-json\/wp\/v2\/categories?post=19159"},{"taxonomy":"post_tag","embeddable":true,"href":"https:\/\/aliancaevangelica.pt\/site\/wp-json\/wp\/v2\/tags?post=19159"}],"curies":[{"name":"wp","href":"https:\/\/api.w.org\/{rel}","templated":true}]}}