{"id":19133,"date":"2021-09-03T15:15:27","date_gmt":"2021-09-03T15:15:27","guid":{"rendered":"https:\/\/aliancaevangelica.pt\/site\/?p=19133"},"modified":"2021-09-03T15:15:30","modified_gmt":"2021-09-03T15:15:30","slug":"sera-tempo-de-avancar","status":"publish","type":"post","link":"https:\/\/aliancaevangelica.pt\/site\/sera-tempo-de-avancar\/","title":{"rendered":"Ser\u00e1 tempo de avan\u00e7ar?"},"content":{"rendered":"<p class=\"p1\">J\u00e1 lhe aconteceu, alguma vez, fazer uma pergunta sem esperar ou desejar uma resposta? Sim, pode parecer estranho. Habitualmente, se perguntamos \u00e9 porque precisamos de uma resposta. Contudo, nem sempre assim \u00e9. E, de facto, ao folhear a B\u00edblia, encontro duas perguntas feitas em momentos diferentes a pessoas diferentes e que t\u00eam essa particularidade curiosa: n\u00e3o foram feitas para ser respondidas, mas para despertar uma reflex\u00e3o imediata e indicar caminho. Servem para chamar a aten\u00e7\u00e3o para a urg\u00eancia do momento e a necessidade de agir rapidamente.<\/p>\n<p class=\"p1\"><strong>Duas perguntas<\/strong><\/p>\n<p class=\"p1\">A primeira acontece em casa de Jac\u00f3, j\u00e1 numa fase avan\u00e7ada da sua vida. O ambiente est\u00e1 tenso pois existe uma necessidade grande por suprir. H\u00e1 uma falta extrema de alimento, fome. E a pergunta salta dos l\u00e1bios de Jac\u00f3 para os seus filhos: \u201cPor que estais olhando uns para os outros?\u201d (G\u00e9nesis 42:1) Sem esperar que respondam, ele prossegue: \u201cEis que tenho ouvido que h\u00e1 mantimentos no Egito; descei para l\u00e1, e comprai-nos dali, para que vivamos e n\u00e3o morramos.\u201d (G\u00e9nesis 42:2)<\/p>\n<p class=\"p1\">A segunda acontece ao ar livre, junto ao Mar Vermelho, num momento dram\u00e1tico em que povo hebreu precisa de o atravessar e ser livre, e o ex\u00e9rcito eg\u00edpcio vem a caminho para impedir. Deus pergunta a Mois\u00e9s: \u201cPorque clamas a Mim?\u201d E acrescenta, de imediato: \u201cDize aos filhos de Israel que marchem.\u201d\u00a0(\u00caxodo 14:15).<\/p>\n<p class=\"p1\">Em ambas as circunst\u00e2ncias h\u00e1 que agir rapidamente. N\u00e3o \u00e9 tempo de \u201colhar uns para os outros\u201d nem sequer de clamar a Deus. \u00c9 altura de avan\u00e7ar!<\/p>\n<p class=\"p1\"><strong>Dar o salto<\/strong><\/p>\n<p class=\"p1\">J\u00e1 todas experienci\u00e1mos momentos desses na nossa vida, em que foi premente decidir e passar \u00e0 ac\u00e7\u00e3o. Nessa altura, sentimos coragem e for\u00e7a para o fazer? Ou fic\u00e1mos tolhidas pela incerteza e mesmo por algum medo e n\u00e3o ous\u00e1mos correr?<\/p>\n<p class=\"p1\">A prop\u00f3sito disto, vem-me \u00e0 mente uma curiosidade acerca da impala. \u00c9 um animal elegante que vive em manadas nas savanas africanas. Li que consegue correr \u00e0 velocidade de 90 km\/h e dar saltos de cerca de 3 metros de altura, possuidor de uma boa audi\u00e7\u00e3o e de reflexos r\u00e1pidos. Contudo, apesar dessa extrema agilidade, num Jardim Zool\u00f3gico a impala pode ficar num espa\u00e7o rodeado de um muro de apenas 1 metro e meio de altura e n\u00e3o sair\u00e1 de l\u00e1. Embora tenha em si toda a capacidade para o saltar, e fugir rapidamente, n\u00e3o o far\u00e1. Porqu\u00ea? Porque s\u00f3 salta em circunst\u00e2ncias em que consiga ver onde \u00e9 que ir\u00e1 ter.<\/p>\n<p class=\"p1\">Por vezes, no nosso percurso de vida, surgem momentos em que \u00e9 premente agir, dar o salto! Essa \u00e9 a maior urg\u00eancia de todas. Mas n\u00e3o devemos ainda orar? Se j\u00e1 or\u00e1mos e entendemos a direc\u00e7\u00e3o por onde Deus nos quer levar, por onde precisamos de ir, avan\u00e7ar pode ser agora a nossa primeira necessidade. Contudo, todos temos um pouco de \u201cimpala\u201d em n\u00f3s. Onde irei ter, com este salto? Onde \u00e9 que os meus p\u00e9s ir\u00e3o tocar? O que ir\u00e1 acontecer? A prud\u00eancia assim nos aconselha. Se devemos ponderar bem sobre a decis\u00e3o a tomar, avaliar as circunst\u00e2ncias e os benef\u00edcios de o fazer ou n\u00e3o, por outro lado devemos tamb\u00e9m contar com a ajuda de Deus em cada passo que dermos. Ele mesmo nos promete: \u201cInstruir-te-ei, e ensinar-te-ei o caminho que deves seguir; guiar-te-ei com os meus olhos.\u201d Salmos 32:8<\/p>\n<p class=\"p1\">Os filhos de Jac\u00f3 foram ao Egito e a\u00ed n\u00e3o s\u00f3 encontraram alimento mas tiveram uma emotiva reconcilia\u00e7\u00e3o familiar e iniciaram uma nova etapa na vida.<\/p>\n<p class=\"p1\">O povo de Israel atravessou o Mar Vermelho e ficou definitivamente livre do jugo eg\u00edpcio.<\/p>\n<p class=\"p1\"><strong>M\u00e3os que nos pegam<\/strong><\/p>\n<p class=\"p1\">Numa noite dif\u00edcil, L\u00f3 sabe que \u00e9 altura de tomar uma decis\u00e3o mas parece n\u00e3o conseguir. Deus enviou mensageiros a sua casa que o avisaram que deve abandonar rapidamente a cidade onde vive. Sodoma ir\u00e1 ser destru\u00edda no dia seguinte e, nessa mesma noite, ele deve deixar a sua casa, juntamente com a esposa e as suas duas filhas. \u201cE ao amanhecer os anjos apertaram com L\u00f3, dizendo: Levanta-te, toma tua mulher e tuas duas filhas que aqui est\u00e3o, para que n\u00e3o pere\u00e7as na injusti\u00e7a desta cidade. Ele, por\u00e9m, demorava-se\u2026\u201d (G\u00e9nesis 19:15,16)<\/p>\n<p class=\"p1\">Na verdade, L\u00f3 nunca chega a assumir a decis\u00e3o. Contudo, a sua vida \u00e9 salva porque \u201caqueles homens lhe pegaram pela m\u00e3o, e pela m\u00e3o de sua mulher e de suas duas filhas, sendo-lhe o Senhor misericordioso, e tiraram-no, e puseram-no fora da cidade.\u201d (G\u00e9nesis 19:16) Sim, foi preciso pegar-lhes nas m\u00e3os e lev\u00e1-los dali.<\/p>\n<p class=\"p1\">J\u00e1 todas vivemos tempo suficiente para entender que no nosso percurso devida deparamo-nos, aqui e ali, com encruzilhadas e decis\u00f5es a tomar. Sim, s\u00e3o momentos de \u201cdar o salto\u201d, assumir um novo caminho, mudar de direc\u00e7\u00e3o talvez. A vis\u00e3o sobre o futuro \u00e9 limitada e a perguntas borbulham em n\u00f3s: Onde irei chegar? Como ir\u00e1 ser? Estarei a fazer a melhor escolha?<\/p>\n<p class=\"p1\">Deus sabe que assim \u00e9. Ele conhece bem a nossa fragilidade e os nossos pensamentos, que n\u00e3o s\u00e3o t\u00e3o elevados quanto os Seus. Assim, fiquemos atentas \u00e0 direc\u00e7\u00e3o de Deus sobre a nossa vida, sobremodo importante nestas alturas. Ele fala e faz-nos sentir a Sua vontade. Se Ele confirmar, ir\u00e1 ser connosco e pegar nas nossas m\u00e3os se necess\u00e1rio! Busquemos a Deus de cora\u00e7\u00e3o e guardemos connosco as palavras seguras do salmista: \u201cPorque contigo entrei pelo meio de um esquadr\u00e3o e com o meu Deus saltei uma muralha.\u201d (Salmo 18:29)<\/p>\n<p>[movedo_single_image image=&#8221;17799&#8243; animation=&#8221;grve-zoom-in&#8221;]Bertina Coias Tom\u00e9<\/p>\n<p>Psic\u00f3loga, Especialista em Psicologia Cl\u00ednica e da Sa\u00fade e em Psicologia Comunit\u00e1ria.<\/p>\n<p class=\"p1\">\n","protected":false},"excerpt":{"rendered":"<p>J\u00e1 lhe aconteceu, alguma vez, fazer uma pergunta sem esperar ou desejar uma resposta? Sim, pode parecer estranho. Habitualmente, se perguntamos \u00e9 porque precisamos de uma resposta. Contudo, nem sempre assim \u00e9. E, de facto, ao folhear a B\u00edblia, encontro duas perguntas feitas em momentos diferentes a pessoas diferentes e que t\u00eam essa particularidade curiosa:<\/p>\n","protected":false},"author":2,"featured_media":19134,"comment_status":"open","ping_status":"open","sticky":false,"template":"","format":"standard","meta":{"_uag_custom_page_level_css":"","_themeisle_gutenberg_block_has_review":false,"_vp_format_video_url":"","_vp_image_focal_point":[],"footnotes":""},"categories":[45,47],"tags":[],"class_list":["post-19133","post","type-post","status-publish","format-standard","has-post-thumbnail","hentry","category-geral","category-mulheres-casais-e-familia"],"yoast_head":"<!-- This site is optimized with the Yoast SEO plugin v27.5 - https:\/\/yoast.com\/product\/yoast-seo-wordpress\/ -->\n<title>Ser\u00e1 tempo de avan\u00e7ar? - AEP<\/title>\n<meta name=\"robots\" content=\"index, follow, max-snippet:-1, max-image-preview:large, max-video-preview:-1\" \/>\n<link rel=\"canonical\" href=\"https:\/\/aliancaevangelica.pt\/site\/sera-tempo-de-avancar\/\" \/>\n<meta property=\"og:locale\" content=\"pt_PT\" \/>\n<meta property=\"og:type\" content=\"article\" \/>\n<meta property=\"og:title\" content=\"Ser\u00e1 tempo de avan\u00e7ar? - AEP\" \/>\n<meta property=\"og:description\" content=\"J\u00e1 lhe aconteceu, alguma vez, fazer uma pergunta sem esperar ou desejar uma resposta? Sim, pode parecer estranho. Habitualmente, se perguntamos \u00e9 porque precisamos de uma resposta. Contudo, nem sempre assim \u00e9. E, de facto, ao folhear a B\u00edblia, encontro duas perguntas feitas em momentos diferentes a pessoas diferentes e que t\u00eam essa particularidade curiosa:\" \/>\n<meta property=\"og:url\" content=\"https:\/\/aliancaevangelica.pt\/site\/sera-tempo-de-avancar\/\" \/>\n<meta property=\"og:site_name\" content=\"AEP\" \/>\n<meta property=\"article:publisher\" content=\"http:\/\/facebook.com\/aeportuguesa\" \/>\n<meta property=\"article:author\" content=\"aeportugal\" \/>\n<meta property=\"article:published_time\" content=\"2021-09-03T15:15:27+00:00\" \/>\n<meta property=\"article:modified_time\" content=\"2021-09-03T15:15:30+00:00\" \/>\n<meta property=\"og:image\" content=\"https:\/\/aliancaevangelica.pt\/site\/wp-content\/uploads\/2021\/09\/Impala.jpg\" \/>\n\t<meta property=\"og:image:width\" content=\"960\" \/>\n\t<meta property=\"og:image:height\" content=\"640\" \/>\n\t<meta property=\"og:image:type\" content=\"image\/jpeg\" \/>\n<meta name=\"author\" content=\"AEP\" \/>\n<meta name=\"twitter:card\" content=\"summary_large_image\" \/>\n<meta name=\"twitter:label1\" content=\"Escrito por\" \/>\n\t<meta name=\"twitter:data1\" content=\"AEP\" \/>\n\t<meta name=\"twitter:label2\" content=\"Tempo estimado de leitura\" \/>\n\t<meta name=\"twitter:data2\" content=\"5 minutos\" \/>\n<script type=\"application\/ld+json\" class=\"yoast-schema-graph\">{\"@context\":\"https:\\\/\\\/schema.org\",\"@graph\":[{\"@type\":\"Article\",\"@id\":\"https:\\\/\\\/aliancaevangelica.pt\\\/site\\\/sera-tempo-de-avancar\\\/#article\",\"isPartOf\":{\"@id\":\"https:\\\/\\\/aliancaevangelica.pt\\\/site\\\/sera-tempo-de-avancar\\\/\"},\"author\":{\"name\":\"AEP\",\"@id\":\"https:\\\/\\\/aliancaevangelica.pt\\\/site\\\/#\\\/schema\\\/person\\\/3b47cfc7535eff1e820f31c2d67eafcf\"},\"headline\":\"Ser\u00e1 tempo de avan\u00e7ar?\",\"datePublished\":\"2021-09-03T15:15:27+00:00\",\"dateModified\":\"2021-09-03T15:15:30+00:00\",\"mainEntityOfPage\":{\"@id\":\"https:\\\/\\\/aliancaevangelica.pt\\\/site\\\/sera-tempo-de-avancar\\\/\"},\"wordCount\":976,\"commentCount\":0,\"publisher\":{\"@id\":\"https:\\\/\\\/aliancaevangelica.pt\\\/site\\\/#organization\"},\"image\":{\"@id\":\"https:\\\/\\\/aliancaevangelica.pt\\\/site\\\/sera-tempo-de-avancar\\\/#primaryimage\"},\"thumbnailUrl\":\"https:\\\/\\\/aliancaevangelica.pt\\\/site\\\/wp-content\\\/uploads\\\/2021\\\/09\\\/Impala.jpg\",\"articleSection\":[\"1-Geral\",\"Mulheres, Casais e Fam\u00edlia\"],\"inLanguage\":\"pt-PT\",\"potentialAction\":[{\"@type\":\"CommentAction\",\"name\":\"Comment\",\"target\":[\"https:\\\/\\\/aliancaevangelica.pt\\\/site\\\/sera-tempo-de-avancar\\\/#respond\"]}]},{\"@type\":\"WebPage\",\"@id\":\"https:\\\/\\\/aliancaevangelica.pt\\\/site\\\/sera-tempo-de-avancar\\\/\",\"url\":\"https:\\\/\\\/aliancaevangelica.pt\\\/site\\\/sera-tempo-de-avancar\\\/\",\"name\":\"Ser\u00e1 tempo de avan\u00e7ar? - AEP\",\"isPartOf\":{\"@id\":\"https:\\\/\\\/aliancaevangelica.pt\\\/site\\\/#website\"},\"primaryImageOfPage\":{\"@id\":\"https:\\\/\\\/aliancaevangelica.pt\\\/site\\\/sera-tempo-de-avancar\\\/#primaryimage\"},\"image\":{\"@id\":\"https:\\\/\\\/aliancaevangelica.pt\\\/site\\\/sera-tempo-de-avancar\\\/#primaryimage\"},\"thumbnailUrl\":\"https:\\\/\\\/aliancaevangelica.pt\\\/site\\\/wp-content\\\/uploads\\\/2021\\\/09\\\/Impala.jpg\",\"datePublished\":\"2021-09-03T15:15:27+00:00\",\"dateModified\":\"2021-09-03T15:15:30+00:00\",\"breadcrumb\":{\"@id\":\"https:\\\/\\\/aliancaevangelica.pt\\\/site\\\/sera-tempo-de-avancar\\\/#breadcrumb\"},\"inLanguage\":\"pt-PT\",\"potentialAction\":[{\"@type\":\"ReadAction\",\"target\":[\"https:\\\/\\\/aliancaevangelica.pt\\\/site\\\/sera-tempo-de-avancar\\\/\"]}]},{\"@type\":\"ImageObject\",\"inLanguage\":\"pt-PT\",\"@id\":\"https:\\\/\\\/aliancaevangelica.pt\\\/site\\\/sera-tempo-de-avancar\\\/#primaryimage\",\"url\":\"https:\\\/\\\/aliancaevangelica.pt\\\/site\\\/wp-content\\\/uploads\\\/2021\\\/09\\\/Impala.jpg\",\"contentUrl\":\"https:\\\/\\\/aliancaevangelica.pt\\\/site\\\/wp-content\\\/uploads\\\/2021\\\/09\\\/Impala.jpg\",\"width\":960,\"height\":640},{\"@type\":\"BreadcrumbList\",\"@id\":\"https:\\\/\\\/aliancaevangelica.pt\\\/site\\\/sera-tempo-de-avancar\\\/#breadcrumb\",\"itemListElement\":[{\"@type\":\"ListItem\",\"position\":1,\"name\":\"In\u00edcio\",\"item\":\"https:\\\/\\\/aliancaevangelica.pt\\\/site\\\/\"},{\"@type\":\"ListItem\",\"position\":2,\"name\":\"Ser\u00e1 tempo de avan\u00e7ar?\"}]},{\"@type\":\"WebSite\",\"@id\":\"https:\\\/\\\/aliancaevangelica.pt\\\/site\\\/#website\",\"url\":\"https:\\\/\\\/aliancaevangelica.pt\\\/site\\\/\",\"name\":\"Alian\u00e7a Evang\u00e9lica Portuguesa\",\"description\":\"Alian\u00e7a Evang\u00e9lica Portuguesa\",\"publisher\":{\"@id\":\"https:\\\/\\\/aliancaevangelica.pt\\\/site\\\/#organization\"},\"potentialAction\":[{\"@type\":\"SearchAction\",\"target\":{\"@type\":\"EntryPoint\",\"urlTemplate\":\"https:\\\/\\\/aliancaevangelica.pt\\\/site\\\/?s={search_term_string}\"},\"query-input\":{\"@type\":\"PropertyValueSpecification\",\"valueRequired\":true,\"valueName\":\"search_term_string\"}}],\"inLanguage\":\"pt-PT\"},{\"@type\":\"Organization\",\"@id\":\"https:\\\/\\\/aliancaevangelica.pt\\\/site\\\/#organization\",\"name\":\"Alian\u00e7a Evang\u00e9lica Portuguesa\",\"url\":\"https:\\\/\\\/aliancaevangelica.pt\\\/site\\\/\",\"logo\":{\"@type\":\"ImageObject\",\"inLanguage\":\"pt-PT\",\"@id\":\"https:\\\/\\\/aliancaevangelica.pt\\\/site\\\/#\\\/schema\\\/logo\\\/image\\\/\",\"url\":\"https:\\\/\\\/aliancaevangelica.pt\\\/site\\\/wp-content\\\/uploads\\\/2017\\\/11\\\/logo-AEP-cor.png\",\"contentUrl\":\"https:\\\/\\\/aliancaevangelica.pt\\\/site\\\/wp-content\\\/uploads\\\/2017\\\/11\\\/logo-AEP-cor.png\",\"width\":1156,\"height\":672,\"caption\":\"Alian\u00e7a Evang\u00e9lica Portuguesa\"},\"image\":{\"@id\":\"https:\\\/\\\/aliancaevangelica.pt\\\/site\\\/#\\\/schema\\\/logo\\\/image\\\/\"},\"sameAs\":[\"http:\\\/\\\/facebook.com\\\/aeportuguesa\",\"http:\\\/\\\/instagram.com\\\/aliancaep\",\"http:\\\/\\\/youtube.com\\\/aeportuguesa\"]},{\"@type\":\"Person\",\"@id\":\"https:\\\/\\\/aliancaevangelica.pt\\\/site\\\/#\\\/schema\\\/person\\\/3b47cfc7535eff1e820f31c2d67eafcf\",\"name\":\"AEP\",\"sameAs\":[\"aeportugal\"],\"url\":\"https:\\\/\\\/aliancaevangelica.pt\\\/site\\\/author\\\/aeportugal\\\/\"}]}<\/script>\n<!-- \/ Yoast SEO plugin. -->","yoast_head_json":{"title":"Ser\u00e1 tempo de avan\u00e7ar? - AEP","robots":{"index":"index","follow":"follow","max-snippet":"max-snippet:-1","max-image-preview":"max-image-preview:large","max-video-preview":"max-video-preview:-1"},"canonical":"https:\/\/aliancaevangelica.pt\/site\/sera-tempo-de-avancar\/","og_locale":"pt_PT","og_type":"article","og_title":"Ser\u00e1 tempo de avan\u00e7ar? - AEP","og_description":"J\u00e1 lhe aconteceu, alguma vez, fazer uma pergunta sem esperar ou desejar uma resposta? Sim, pode parecer estranho. Habitualmente, se perguntamos \u00e9 porque precisamos de uma resposta. Contudo, nem sempre assim \u00e9. E, de facto, ao folhear a B\u00edblia, encontro duas perguntas feitas em momentos diferentes a pessoas diferentes e que t\u00eam essa particularidade curiosa:","og_url":"https:\/\/aliancaevangelica.pt\/site\/sera-tempo-de-avancar\/","og_site_name":"AEP","article_publisher":"http:\/\/facebook.com\/aeportuguesa","article_author":"aeportugal","article_published_time":"2021-09-03T15:15:27+00:00","article_modified_time":"2021-09-03T15:15:30+00:00","og_image":[{"width":960,"height":640,"url":"https:\/\/aliancaevangelica.pt\/site\/wp-content\/uploads\/2021\/09\/Impala.jpg","type":"image\/jpeg"}],"author":"AEP","twitter_card":"summary_large_image","twitter_misc":{"Escrito por":"AEP","Tempo estimado de leitura":"5 minutos"},"schema":{"@context":"https:\/\/schema.org","@graph":[{"@type":"Article","@id":"https:\/\/aliancaevangelica.pt\/site\/sera-tempo-de-avancar\/#article","isPartOf":{"@id":"https:\/\/aliancaevangelica.pt\/site\/sera-tempo-de-avancar\/"},"author":{"name":"AEP","@id":"https:\/\/aliancaevangelica.pt\/site\/#\/schema\/person\/3b47cfc7535eff1e820f31c2d67eafcf"},"headline":"Ser\u00e1 tempo de avan\u00e7ar?","datePublished":"2021-09-03T15:15:27+00:00","dateModified":"2021-09-03T15:15:30+00:00","mainEntityOfPage":{"@id":"https:\/\/aliancaevangelica.pt\/site\/sera-tempo-de-avancar\/"},"wordCount":976,"commentCount":0,"publisher":{"@id":"https:\/\/aliancaevangelica.pt\/site\/#organization"},"image":{"@id":"https:\/\/aliancaevangelica.pt\/site\/sera-tempo-de-avancar\/#primaryimage"},"thumbnailUrl":"https:\/\/aliancaevangelica.pt\/site\/wp-content\/uploads\/2021\/09\/Impala.jpg","articleSection":["1-Geral","Mulheres, Casais e Fam\u00edlia"],"inLanguage":"pt-PT","potentialAction":[{"@type":"CommentAction","name":"Comment","target":["https:\/\/aliancaevangelica.pt\/site\/sera-tempo-de-avancar\/#respond"]}]},{"@type":"WebPage","@id":"https:\/\/aliancaevangelica.pt\/site\/sera-tempo-de-avancar\/","url":"https:\/\/aliancaevangelica.pt\/site\/sera-tempo-de-avancar\/","name":"Ser\u00e1 tempo de avan\u00e7ar? - AEP","isPartOf":{"@id":"https:\/\/aliancaevangelica.pt\/site\/#website"},"primaryImageOfPage":{"@id":"https:\/\/aliancaevangelica.pt\/site\/sera-tempo-de-avancar\/#primaryimage"},"image":{"@id":"https:\/\/aliancaevangelica.pt\/site\/sera-tempo-de-avancar\/#primaryimage"},"thumbnailUrl":"https:\/\/aliancaevangelica.pt\/site\/wp-content\/uploads\/2021\/09\/Impala.jpg","datePublished":"2021-09-03T15:15:27+00:00","dateModified":"2021-09-03T15:15:30+00:00","breadcrumb":{"@id":"https:\/\/aliancaevangelica.pt\/site\/sera-tempo-de-avancar\/#breadcrumb"},"inLanguage":"pt-PT","potentialAction":[{"@type":"ReadAction","target":["https:\/\/aliancaevangelica.pt\/site\/sera-tempo-de-avancar\/"]}]},{"@type":"ImageObject","inLanguage":"pt-PT","@id":"https:\/\/aliancaevangelica.pt\/site\/sera-tempo-de-avancar\/#primaryimage","url":"https:\/\/aliancaevangelica.pt\/site\/wp-content\/uploads\/2021\/09\/Impala.jpg","contentUrl":"https:\/\/aliancaevangelica.pt\/site\/wp-content\/uploads\/2021\/09\/Impala.jpg","width":960,"height":640},{"@type":"BreadcrumbList","@id":"https:\/\/aliancaevangelica.pt\/site\/sera-tempo-de-avancar\/#breadcrumb","itemListElement":[{"@type":"ListItem","position":1,"name":"In\u00edcio","item":"https:\/\/aliancaevangelica.pt\/site\/"},{"@type":"ListItem","position":2,"name":"Ser\u00e1 tempo de avan\u00e7ar?"}]},{"@type":"WebSite","@id":"https:\/\/aliancaevangelica.pt\/site\/#website","url":"https:\/\/aliancaevangelica.pt\/site\/","name":"Alian\u00e7a Evang\u00e9lica Portuguesa","description":"Alian\u00e7a Evang\u00e9lica Portuguesa","publisher":{"@id":"https:\/\/aliancaevangelica.pt\/site\/#organization"},"potentialAction":[{"@type":"SearchAction","target":{"@type":"EntryPoint","urlTemplate":"https:\/\/aliancaevangelica.pt\/site\/?s={search_term_string}"},"query-input":{"@type":"PropertyValueSpecification","valueRequired":true,"valueName":"search_term_string"}}],"inLanguage":"pt-PT"},{"@type":"Organization","@id":"https:\/\/aliancaevangelica.pt\/site\/#organization","name":"Alian\u00e7a Evang\u00e9lica Portuguesa","url":"https:\/\/aliancaevangelica.pt\/site\/","logo":{"@type":"ImageObject","inLanguage":"pt-PT","@id":"https:\/\/aliancaevangelica.pt\/site\/#\/schema\/logo\/image\/","url":"https:\/\/aliancaevangelica.pt\/site\/wp-content\/uploads\/2017\/11\/logo-AEP-cor.png","contentUrl":"https:\/\/aliancaevangelica.pt\/site\/wp-content\/uploads\/2017\/11\/logo-AEP-cor.png","width":1156,"height":672,"caption":"Alian\u00e7a Evang\u00e9lica Portuguesa"},"image":{"@id":"https:\/\/aliancaevangelica.pt\/site\/#\/schema\/logo\/image\/"},"sameAs":["http:\/\/facebook.com\/aeportuguesa","http:\/\/instagram.com\/aliancaep","http:\/\/youtube.com\/aeportuguesa"]},{"@type":"Person","@id":"https:\/\/aliancaevangelica.pt\/site\/#\/schema\/person\/3b47cfc7535eff1e820f31c2d67eafcf","name":"AEP","sameAs":["aeportugal"],"url":"https:\/\/aliancaevangelica.pt\/site\/author\/aeportugal\/"}]}},"uagb_featured_image_src":{"full":["https:\/\/aliancaevangelica.pt\/site\/wp-content\/uploads\/2021\/09\/Impala.jpg",960,640,false],"thumbnail":["https:\/\/aliancaevangelica.pt\/site\/wp-content\/uploads\/2021\/09\/Impala-150x150.jpg",150,150,true],"medium":["https:\/\/aliancaevangelica.pt\/site\/wp-content\/uploads\/2021\/09\/Impala-300x200.jpg",300,200,true],"medium_large":["https:\/\/aliancaevangelica.pt\/site\/wp-content\/uploads\/2021\/09\/Impala-768x512.jpg",768,512,true],"large":["https:\/\/aliancaevangelica.pt\/site\/wp-content\/uploads\/2021\/09\/Impala.jpg",960,640,false],"1536x1536":["https:\/\/aliancaevangelica.pt\/site\/wp-content\/uploads\/2021\/09\/Impala.jpg",960,640,false],"2048x2048":["https:\/\/aliancaevangelica.pt\/site\/wp-content\/uploads\/2021\/09\/Impala.jpg",960,640,false],"vp_sm":["https:\/\/aliancaevangelica.pt\/site\/wp-content\/uploads\/2021\/09\/Impala.jpg",500,333,false],"vp_md":["https:\/\/aliancaevangelica.pt\/site\/wp-content\/uploads\/2021\/09\/Impala.jpg",800,533,false],"vp_lg":["https:\/\/aliancaevangelica.pt\/site\/wp-content\/uploads\/2021\/09\/Impala.jpg",960,640,false],"vp_xl":["https:\/\/aliancaevangelica.pt\/site\/wp-content\/uploads\/2021\/09\/Impala.jpg",960,640,false],"vp_sm_popup":["https:\/\/aliancaevangelica.pt\/site\/wp-content\/uploads\/2021\/09\/Impala.jpg",500,333,false],"vp_md_popup":["https:\/\/aliancaevangelica.pt\/site\/wp-content\/uploads\/2021\/09\/Impala.jpg",800,533,false],"vp_xl_popup":["https:\/\/aliancaevangelica.pt\/site\/wp-content\/uploads\/2021\/09\/Impala.jpg",960,640,false],"newsx-150x100":["https:\/\/aliancaevangelica.pt\/site\/wp-content\/uploads\/2021\/09\/Impala.jpg",150,100,false],"newsx-330x220":["https:\/\/aliancaevangelica.pt\/site\/wp-content\/uploads\/2021\/09\/Impala.jpg",330,220,false],"newsx-420x280":["https:\/\/aliancaevangelica.pt\/site\/wp-content\/uploads\/2021\/09\/Impala.jpg",420,280,false],"newsx-510x340":["https:\/\/aliancaevangelica.pt\/site\/wp-content\/uploads\/2021\/09\/Impala.jpg",510,340,false],"newsx-640x480":["https:\/\/aliancaevangelica.pt\/site\/wp-content\/uploads\/2021\/09\/Impala.jpg",640,427,false],"newsx-670x370":["https:\/\/aliancaevangelica.pt\/site\/wp-content\/uploads\/2021\/09\/Impala.jpg",555,370,false],"newsx-860x570":["https:\/\/aliancaevangelica.pt\/site\/wp-content\/uploads\/2021\/09\/Impala.jpg",855,570,false],"newsx-1000x750":["https:\/\/aliancaevangelica.pt\/site\/wp-content\/uploads\/2021\/09\/Impala.jpg",960,640,false],"newsx-1200x600":["https:\/\/aliancaevangelica.pt\/site\/wp-content\/uploads\/2021\/09\/Impala.jpg",900,600,false]},"uagb_author_info":{"display_name":"AEP","author_link":"https:\/\/aliancaevangelica.pt\/site\/author\/aeportugal\/"},"uagb_comment_info":0,"uagb_excerpt":"J\u00e1 lhe aconteceu, alguma vez, fazer uma pergunta sem esperar ou desejar uma resposta? Sim, pode parecer estranho. Habitualmente, se perguntamos \u00e9 porque precisamos de uma resposta. Contudo, nem sempre assim \u00e9. E, de facto, ao folhear a B\u00edblia, encontro duas perguntas feitas em momentos diferentes a pessoas diferentes e que t\u00eam essa particularidade curiosa:","_links":{"self":[{"href":"https:\/\/aliancaevangelica.pt\/site\/wp-json\/wp\/v2\/posts\/19133","targetHints":{"allow":["GET"]}}],"collection":[{"href":"https:\/\/aliancaevangelica.pt\/site\/wp-json\/wp\/v2\/posts"}],"about":[{"href":"https:\/\/aliancaevangelica.pt\/site\/wp-json\/wp\/v2\/types\/post"}],"author":[{"embeddable":true,"href":"https:\/\/aliancaevangelica.pt\/site\/wp-json\/wp\/v2\/users\/2"}],"replies":[{"embeddable":true,"href":"https:\/\/aliancaevangelica.pt\/site\/wp-json\/wp\/v2\/comments?post=19133"}],"version-history":[{"count":2,"href":"https:\/\/aliancaevangelica.pt\/site\/wp-json\/wp\/v2\/posts\/19133\/revisions"}],"predecessor-version":[{"id":19136,"href":"https:\/\/aliancaevangelica.pt\/site\/wp-json\/wp\/v2\/posts\/19133\/revisions\/19136"}],"wp:featuredmedia":[{"embeddable":true,"href":"https:\/\/aliancaevangelica.pt\/site\/wp-json\/wp\/v2\/media\/19134"}],"wp:attachment":[{"href":"https:\/\/aliancaevangelica.pt\/site\/wp-json\/wp\/v2\/media?parent=19133"}],"wp:term":[{"taxonomy":"category","embeddable":true,"href":"https:\/\/aliancaevangelica.pt\/site\/wp-json\/wp\/v2\/categories?post=19133"},{"taxonomy":"post_tag","embeddable":true,"href":"https:\/\/aliancaevangelica.pt\/site\/wp-json\/wp\/v2\/tags?post=19133"}],"curies":[{"name":"wp","href":"https:\/\/api.w.org\/{rel}","templated":true}]}}