{"id":19113,"date":"2021-07-23T09:52:51","date_gmt":"2021-07-23T09:52:51","guid":{"rendered":"https:\/\/aliancaevangelica.pt\/site\/?p=19113"},"modified":"2021-07-23T09:52:55","modified_gmt":"2021-07-23T09:52:55","slug":"paz-acima-das-circunstancias","status":"publish","type":"post","link":"https:\/\/aliancaevangelica.pt\/site\/paz-acima-das-circunstancias\/","title":{"rendered":"PAZ, ACIMA DAS CIRCUNST\u00c2NCIAS"},"content":{"rendered":"<p>Cantar na cela de uma pris\u00e3o n\u00e3o era algo vulgar. Contudo, foi o que Paulo e Silas fizeram. \u201cE, perto da meia-noite, Paulo e Silas oravam e cantavam hinos a Deus, e os outros presos os escutavam.\u201d (Atos 16:25) Eles estavam presos mas as suas vozes n\u00e3o. Aquela era a sua oportunidade de mostrar ao carcereiro e aos outros presos quem era o Deus a quem serviam. A sua atitude foi nada menos do que viver acima das circunst\u00e2ncias e n\u00e3o debaixo delas.<\/p>\n<p>Essa \u00e9 a vontade do Senhor para o nosso dia de hoje e podemos contar com Ele. Como dizia o salmista: \u201cElevoos meus olhos para os montes: de onde me vir\u00e1 o socorro? O meu socorro vem do Senhor, que fez o c\u00e9u e a terra.\u201d (Salmo 121:1,2)<\/p>\n<p><span class=\"s2\">O novelo, o cajado e a pedra<\/span><\/p>\n<p>Recentemente, estive internada no hospital por quatro dias e esta foi a confian\u00e7a que ali recebi: n\u00e3o \u00e9 o lugar onde estamos que define a nossa posi\u00e7\u00e3o diante Daquele que nos guia, mesmo quando n\u00e3o compreendamos os Seus des\u00edgnios.<\/p>\n<p>Ali, lembrei-me de Gide\u00e3o e do seu &#8220;novelo de l\u00e3\u201d,vencendo as suas d\u00favidas (Ju\u00edzes 6,36 a 40)<\/p>\n<p>Pensei tamb\u00e9m em Mois\u00e9s, com o &#8220;cajado&#8221; na m\u00e3o,afirmando a sua certeza em Deus e no Seu livramento a um povo cansado (\u00caxodo 14:13 a15)<\/p>\n<p>Recordei a certeza sentida por David de que Deus ia guiar a \u201cpedra&#8221; e anular o gigante (I Samuel 17)<\/p>\n<p>Numa escala maior ou menor, quase todos n\u00f3s j\u00e1 tivemos o nosso &#8220;novelo de l\u00e3&#8221;, o nosso \u201ccajado&#8221; e a nossa &#8220;pedra\u201dna m\u00e3o, sabendo que o Autor do livramento est\u00e1 ao nosso lado e ter\u00e1 sempre \u00faltima palavra para o que for e quando for preciso.<\/p>\n<p>Lembremos as &#8220;d\u00favidas&#8221; que O Senhor j\u00e1 dissipou, os &#8220;caminhos que abriu&#8221; e os &#8220;gigantes vencidos&#8221;.<\/p>\n<p>O meu desejo \u00e9 que a paz que tenho recebido, vinda destes exemplos, vos alcance seja qual for a vossa necessidade, porque O Senhor \u00e9 o mesmo, Ele n\u00e3o muda na Sua ac\u00e7\u00e3omesmo quando n\u00e3o entendemos os caminhos por onde nos vai levando.<\/p>\n<p><span class=\"s2\">As asas do livramento<\/span><a name=\"_GoBack\"><\/a><\/p>\n<p>Temos um Deus que nos renova. Ele diz: &#8220;Esque\u00e7am o que se foi, n\u00e3o vivam no passado. Estou fazendo uma coisa nova.&#8221; Isa\u00edas 43,18,19. Quando a nossa &#8220;tenda\u201d pareceestar-se a romper, Deus ainda vai renovando a nossa alma com a paz que este mundo n\u00e3o conhece. \u00c9 o que estou a receber hoje e o Senhor tem em abund\u00e2ncia para dar a quem precisa. \u00c9 s\u00f3 pedir.<\/p>\n<p>A borboleta no casulo &#8220;sente&#8221; a sua pris\u00e3o at\u00e9 ele se abrir e, ainda que passando pelo &#8220;estreitamento da sa\u00edda&#8221;, ela abre asas e voa alto e livre no C\u00e9u sem limites. Ainda no &#8220;casulo&#8221;, vamos lembrar pela f\u00e9 as asas do Seu livramento.<\/p>\n<p>Desejo a todos os meus amigos a paz que eu tenho. Shalom.<\/p>\n<p>\u201cMas os que esperam no Senhor renovar\u00e3o as for\u00e7as, subir\u00e3o com asas como \u00e1guias; correr\u00e3o, e n\u00e3o se cansar\u00e3o; caminhar\u00e3o, e n\u00e3o se fatigar\u00e3o.\u201d (Isa\u00edas 40:31)<\/p>\n<p>[movedo_single_image image=&#8221;17117&#8243; animation=&#8221;grve-zoom-in&#8221;]<strong>Carmina Coias<\/strong><br \/>\nMission\u00e1ria Aposentada<\/p>\n","protected":false},"excerpt":{"rendered":"<p>Cantar na cela de uma pris\u00e3o n\u00e3o era algo vulgar. Contudo, foi o que Paulo e Silas fizeram. \u201cE, perto da meia-noite, Paulo e Silas oravam e cantavam hinos a Deus, e os outros presos os escutavam.\u201d (Atos 16:25) Eles estavam presos mas as suas vozes n\u00e3o. Aquela era a sua oportunidade de mostrar ao<\/p>\n","protected":false},"author":2,"featured_media":19114,"comment_status":"open","ping_status":"open","sticky":false,"template":"","format":"standard","meta":{"_uag_custom_page_level_css":"","_themeisle_gutenberg_block_has_review":false,"_vp_format_video_url":"","_vp_image_focal_point":[],"footnotes":""},"categories":[45,47],"tags":[],"class_list":["post-19113","post","type-post","status-publish","format-standard","has-post-thumbnail","hentry","category-geral","category-mulheres-casais-e-familia"],"yoast_head":"<!-- This site is optimized with the Yoast SEO plugin v27.5 - https:\/\/yoast.com\/product\/yoast-seo-wordpress\/ -->\n<title>PAZ, ACIMA DAS CIRCUNST\u00c2NCIAS - AEP<\/title>\n<meta name=\"robots\" content=\"index, follow, max-snippet:-1, max-image-preview:large, max-video-preview:-1\" \/>\n<link rel=\"canonical\" href=\"https:\/\/aliancaevangelica.pt\/site\/paz-acima-das-circunstancias\/\" \/>\n<meta property=\"og:locale\" content=\"pt_PT\" \/>\n<meta property=\"og:type\" content=\"article\" \/>\n<meta property=\"og:title\" content=\"PAZ, ACIMA DAS CIRCUNST\u00c2NCIAS - AEP\" \/>\n<meta property=\"og:description\" content=\"Cantar na cela de uma pris\u00e3o n\u00e3o era algo vulgar. Contudo, foi o que Paulo e Silas fizeram. \u201cE, perto da meia-noite, Paulo e Silas oravam e cantavam hinos a Deus, e os outros presos os escutavam.\u201d (Atos 16:25) Eles estavam presos mas as suas vozes n\u00e3o. Aquela era a sua oportunidade de mostrar ao\" \/>\n<meta property=\"og:url\" content=\"https:\/\/aliancaevangelica.pt\/site\/paz-acima-das-circunstancias\/\" \/>\n<meta property=\"og:site_name\" content=\"AEP\" \/>\n<meta property=\"article:publisher\" content=\"http:\/\/facebook.com\/aeportuguesa\" \/>\n<meta property=\"article:author\" content=\"aeportugal\" \/>\n<meta property=\"article:published_time\" content=\"2021-07-23T09:52:51+00:00\" \/>\n<meta property=\"article:modified_time\" content=\"2021-07-23T09:52:55+00:00\" \/>\n<meta property=\"og:image\" content=\"https:\/\/aliancaevangelica.pt\/site\/wp-content\/uploads\/2021\/07\/D84B60C5-3DB8-48A0-A1A6-01F4A301F1D4.jpeg\" \/>\n\t<meta property=\"og:image:width\" content=\"2188\" \/>\n\t<meta property=\"og:image:height\" content=\"1229\" \/>\n\t<meta property=\"og:image:type\" content=\"image\/jpeg\" \/>\n<meta name=\"author\" content=\"AEP\" \/>\n<meta name=\"twitter:card\" content=\"summary_large_image\" \/>\n<meta name=\"twitter:label1\" content=\"Escrito por\" \/>\n\t<meta name=\"twitter:data1\" content=\"AEP\" \/>\n\t<meta name=\"twitter:label2\" content=\"Tempo estimado de leitura\" \/>\n\t<meta name=\"twitter:data2\" content=\"3 minutos\" \/>\n<script type=\"application\/ld+json\" class=\"yoast-schema-graph\">{\"@context\":\"https:\\\/\\\/schema.org\",\"@graph\":[{\"@type\":\"Article\",\"@id\":\"https:\\\/\\\/aliancaevangelica.pt\\\/site\\\/paz-acima-das-circunstancias\\\/#article\",\"isPartOf\":{\"@id\":\"https:\\\/\\\/aliancaevangelica.pt\\\/site\\\/paz-acima-das-circunstancias\\\/\"},\"author\":{\"name\":\"AEP\",\"@id\":\"https:\\\/\\\/aliancaevangelica.pt\\\/site\\\/#\\\/schema\\\/person\\\/3b47cfc7535eff1e820f31c2d67eafcf\"},\"headline\":\"PAZ, ACIMA DAS CIRCUNST\u00c2NCIAS\",\"datePublished\":\"2021-07-23T09:52:51+00:00\",\"dateModified\":\"2021-07-23T09:52:55+00:00\",\"mainEntityOfPage\":{\"@id\":\"https:\\\/\\\/aliancaevangelica.pt\\\/site\\\/paz-acima-das-circunstancias\\\/\"},\"wordCount\":543,\"commentCount\":0,\"publisher\":{\"@id\":\"https:\\\/\\\/aliancaevangelica.pt\\\/site\\\/#organization\"},\"image\":{\"@id\":\"https:\\\/\\\/aliancaevangelica.pt\\\/site\\\/paz-acima-das-circunstancias\\\/#primaryimage\"},\"thumbnailUrl\":\"https:\\\/\\\/aliancaevangelica.pt\\\/site\\\/wp-content\\\/uploads\\\/2021\\\/07\\\/D84B60C5-3DB8-48A0-A1A6-01F4A301F1D4.jpeg\",\"articleSection\":[\"1-Geral\",\"Mulheres, Casais e Fam\u00edlia\"],\"inLanguage\":\"pt-PT\",\"potentialAction\":[{\"@type\":\"CommentAction\",\"name\":\"Comment\",\"target\":[\"https:\\\/\\\/aliancaevangelica.pt\\\/site\\\/paz-acima-das-circunstancias\\\/#respond\"]}]},{\"@type\":\"WebPage\",\"@id\":\"https:\\\/\\\/aliancaevangelica.pt\\\/site\\\/paz-acima-das-circunstancias\\\/\",\"url\":\"https:\\\/\\\/aliancaevangelica.pt\\\/site\\\/paz-acima-das-circunstancias\\\/\",\"name\":\"PAZ, ACIMA DAS CIRCUNST\u00c2NCIAS - AEP\",\"isPartOf\":{\"@id\":\"https:\\\/\\\/aliancaevangelica.pt\\\/site\\\/#website\"},\"primaryImageOfPage\":{\"@id\":\"https:\\\/\\\/aliancaevangelica.pt\\\/site\\\/paz-acima-das-circunstancias\\\/#primaryimage\"},\"image\":{\"@id\":\"https:\\\/\\\/aliancaevangelica.pt\\\/site\\\/paz-acima-das-circunstancias\\\/#primaryimage\"},\"thumbnailUrl\":\"https:\\\/\\\/aliancaevangelica.pt\\\/site\\\/wp-content\\\/uploads\\\/2021\\\/07\\\/D84B60C5-3DB8-48A0-A1A6-01F4A301F1D4.jpeg\",\"datePublished\":\"2021-07-23T09:52:51+00:00\",\"dateModified\":\"2021-07-23T09:52:55+00:00\",\"breadcrumb\":{\"@id\":\"https:\\\/\\\/aliancaevangelica.pt\\\/site\\\/paz-acima-das-circunstancias\\\/#breadcrumb\"},\"inLanguage\":\"pt-PT\",\"potentialAction\":[{\"@type\":\"ReadAction\",\"target\":[\"https:\\\/\\\/aliancaevangelica.pt\\\/site\\\/paz-acima-das-circunstancias\\\/\"]}]},{\"@type\":\"ImageObject\",\"inLanguage\":\"pt-PT\",\"@id\":\"https:\\\/\\\/aliancaevangelica.pt\\\/site\\\/paz-acima-das-circunstancias\\\/#primaryimage\",\"url\":\"https:\\\/\\\/aliancaevangelica.pt\\\/site\\\/wp-content\\\/uploads\\\/2021\\\/07\\\/D84B60C5-3DB8-48A0-A1A6-01F4A301F1D4.jpeg\",\"contentUrl\":\"https:\\\/\\\/aliancaevangelica.pt\\\/site\\\/wp-content\\\/uploads\\\/2021\\\/07\\\/D84B60C5-3DB8-48A0-A1A6-01F4A301F1D4.jpeg\",\"width\":2188,\"height\":1229},{\"@type\":\"BreadcrumbList\",\"@id\":\"https:\\\/\\\/aliancaevangelica.pt\\\/site\\\/paz-acima-das-circunstancias\\\/#breadcrumb\",\"itemListElement\":[{\"@type\":\"ListItem\",\"position\":1,\"name\":\"In\u00edcio\",\"item\":\"https:\\\/\\\/aliancaevangelica.pt\\\/site\\\/\"},{\"@type\":\"ListItem\",\"position\":2,\"name\":\"PAZ, ACIMA DAS CIRCUNST\u00c2NCIAS\"}]},{\"@type\":\"WebSite\",\"@id\":\"https:\\\/\\\/aliancaevangelica.pt\\\/site\\\/#website\",\"url\":\"https:\\\/\\\/aliancaevangelica.pt\\\/site\\\/\",\"name\":\"Alian\u00e7a Evang\u00e9lica Portuguesa\",\"description\":\"Alian\u00e7a Evang\u00e9lica Portuguesa\",\"publisher\":{\"@id\":\"https:\\\/\\\/aliancaevangelica.pt\\\/site\\\/#organization\"},\"potentialAction\":[{\"@type\":\"SearchAction\",\"target\":{\"@type\":\"EntryPoint\",\"urlTemplate\":\"https:\\\/\\\/aliancaevangelica.pt\\\/site\\\/?s={search_term_string}\"},\"query-input\":{\"@type\":\"PropertyValueSpecification\",\"valueRequired\":true,\"valueName\":\"search_term_string\"}}],\"inLanguage\":\"pt-PT\"},{\"@type\":\"Organization\",\"@id\":\"https:\\\/\\\/aliancaevangelica.pt\\\/site\\\/#organization\",\"name\":\"Alian\u00e7a Evang\u00e9lica Portuguesa\",\"url\":\"https:\\\/\\\/aliancaevangelica.pt\\\/site\\\/\",\"logo\":{\"@type\":\"ImageObject\",\"inLanguage\":\"pt-PT\",\"@id\":\"https:\\\/\\\/aliancaevangelica.pt\\\/site\\\/#\\\/schema\\\/logo\\\/image\\\/\",\"url\":\"https:\\\/\\\/aliancaevangelica.pt\\\/site\\\/wp-content\\\/uploads\\\/2017\\\/11\\\/logo-AEP-cor.png\",\"contentUrl\":\"https:\\\/\\\/aliancaevangelica.pt\\\/site\\\/wp-content\\\/uploads\\\/2017\\\/11\\\/logo-AEP-cor.png\",\"width\":1156,\"height\":672,\"caption\":\"Alian\u00e7a Evang\u00e9lica Portuguesa\"},\"image\":{\"@id\":\"https:\\\/\\\/aliancaevangelica.pt\\\/site\\\/#\\\/schema\\\/logo\\\/image\\\/\"},\"sameAs\":[\"http:\\\/\\\/facebook.com\\\/aeportuguesa\",\"http:\\\/\\\/instagram.com\\\/aliancaep\",\"http:\\\/\\\/youtube.com\\\/aeportuguesa\"]},{\"@type\":\"Person\",\"@id\":\"https:\\\/\\\/aliancaevangelica.pt\\\/site\\\/#\\\/schema\\\/person\\\/3b47cfc7535eff1e820f31c2d67eafcf\",\"name\":\"AEP\",\"sameAs\":[\"aeportugal\"],\"url\":\"https:\\\/\\\/aliancaevangelica.pt\\\/site\\\/author\\\/aeportugal\\\/\"}]}<\/script>\n<!-- \/ Yoast SEO plugin. -->","yoast_head_json":{"title":"PAZ, ACIMA DAS CIRCUNST\u00c2NCIAS - AEP","robots":{"index":"index","follow":"follow","max-snippet":"max-snippet:-1","max-image-preview":"max-image-preview:large","max-video-preview":"max-video-preview:-1"},"canonical":"https:\/\/aliancaevangelica.pt\/site\/paz-acima-das-circunstancias\/","og_locale":"pt_PT","og_type":"article","og_title":"PAZ, ACIMA DAS CIRCUNST\u00c2NCIAS - AEP","og_description":"Cantar na cela de uma pris\u00e3o n\u00e3o era algo vulgar. Contudo, foi o que Paulo e Silas fizeram. \u201cE, perto da meia-noite, Paulo e Silas oravam e cantavam hinos a Deus, e os outros presos os escutavam.\u201d (Atos 16:25) Eles estavam presos mas as suas vozes n\u00e3o. Aquela era a sua oportunidade de mostrar ao","og_url":"https:\/\/aliancaevangelica.pt\/site\/paz-acima-das-circunstancias\/","og_site_name":"AEP","article_publisher":"http:\/\/facebook.com\/aeportuguesa","article_author":"aeportugal","article_published_time":"2021-07-23T09:52:51+00:00","article_modified_time":"2021-07-23T09:52:55+00:00","og_image":[{"width":2188,"height":1229,"url":"https:\/\/aliancaevangelica.pt\/site\/wp-content\/uploads\/2021\/07\/D84B60C5-3DB8-48A0-A1A6-01F4A301F1D4.jpeg","type":"image\/jpeg"}],"author":"AEP","twitter_card":"summary_large_image","twitter_misc":{"Escrito por":"AEP","Tempo estimado de leitura":"3 minutos"},"schema":{"@context":"https:\/\/schema.org","@graph":[{"@type":"Article","@id":"https:\/\/aliancaevangelica.pt\/site\/paz-acima-das-circunstancias\/#article","isPartOf":{"@id":"https:\/\/aliancaevangelica.pt\/site\/paz-acima-das-circunstancias\/"},"author":{"name":"AEP","@id":"https:\/\/aliancaevangelica.pt\/site\/#\/schema\/person\/3b47cfc7535eff1e820f31c2d67eafcf"},"headline":"PAZ, ACIMA DAS CIRCUNST\u00c2NCIAS","datePublished":"2021-07-23T09:52:51+00:00","dateModified":"2021-07-23T09:52:55+00:00","mainEntityOfPage":{"@id":"https:\/\/aliancaevangelica.pt\/site\/paz-acima-das-circunstancias\/"},"wordCount":543,"commentCount":0,"publisher":{"@id":"https:\/\/aliancaevangelica.pt\/site\/#organization"},"image":{"@id":"https:\/\/aliancaevangelica.pt\/site\/paz-acima-das-circunstancias\/#primaryimage"},"thumbnailUrl":"https:\/\/aliancaevangelica.pt\/site\/wp-content\/uploads\/2021\/07\/D84B60C5-3DB8-48A0-A1A6-01F4A301F1D4.jpeg","articleSection":["1-Geral","Mulheres, Casais e Fam\u00edlia"],"inLanguage":"pt-PT","potentialAction":[{"@type":"CommentAction","name":"Comment","target":["https:\/\/aliancaevangelica.pt\/site\/paz-acima-das-circunstancias\/#respond"]}]},{"@type":"WebPage","@id":"https:\/\/aliancaevangelica.pt\/site\/paz-acima-das-circunstancias\/","url":"https:\/\/aliancaevangelica.pt\/site\/paz-acima-das-circunstancias\/","name":"PAZ, ACIMA DAS CIRCUNST\u00c2NCIAS - AEP","isPartOf":{"@id":"https:\/\/aliancaevangelica.pt\/site\/#website"},"primaryImageOfPage":{"@id":"https:\/\/aliancaevangelica.pt\/site\/paz-acima-das-circunstancias\/#primaryimage"},"image":{"@id":"https:\/\/aliancaevangelica.pt\/site\/paz-acima-das-circunstancias\/#primaryimage"},"thumbnailUrl":"https:\/\/aliancaevangelica.pt\/site\/wp-content\/uploads\/2021\/07\/D84B60C5-3DB8-48A0-A1A6-01F4A301F1D4.jpeg","datePublished":"2021-07-23T09:52:51+00:00","dateModified":"2021-07-23T09:52:55+00:00","breadcrumb":{"@id":"https:\/\/aliancaevangelica.pt\/site\/paz-acima-das-circunstancias\/#breadcrumb"},"inLanguage":"pt-PT","potentialAction":[{"@type":"ReadAction","target":["https:\/\/aliancaevangelica.pt\/site\/paz-acima-das-circunstancias\/"]}]},{"@type":"ImageObject","inLanguage":"pt-PT","@id":"https:\/\/aliancaevangelica.pt\/site\/paz-acima-das-circunstancias\/#primaryimage","url":"https:\/\/aliancaevangelica.pt\/site\/wp-content\/uploads\/2021\/07\/D84B60C5-3DB8-48A0-A1A6-01F4A301F1D4.jpeg","contentUrl":"https:\/\/aliancaevangelica.pt\/site\/wp-content\/uploads\/2021\/07\/D84B60C5-3DB8-48A0-A1A6-01F4A301F1D4.jpeg","width":2188,"height":1229},{"@type":"BreadcrumbList","@id":"https:\/\/aliancaevangelica.pt\/site\/paz-acima-das-circunstancias\/#breadcrumb","itemListElement":[{"@type":"ListItem","position":1,"name":"In\u00edcio","item":"https:\/\/aliancaevangelica.pt\/site\/"},{"@type":"ListItem","position":2,"name":"PAZ, ACIMA DAS CIRCUNST\u00c2NCIAS"}]},{"@type":"WebSite","@id":"https:\/\/aliancaevangelica.pt\/site\/#website","url":"https:\/\/aliancaevangelica.pt\/site\/","name":"Alian\u00e7a Evang\u00e9lica Portuguesa","description":"Alian\u00e7a Evang\u00e9lica Portuguesa","publisher":{"@id":"https:\/\/aliancaevangelica.pt\/site\/#organization"},"potentialAction":[{"@type":"SearchAction","target":{"@type":"EntryPoint","urlTemplate":"https:\/\/aliancaevangelica.pt\/site\/?s={search_term_string}"},"query-input":{"@type":"PropertyValueSpecification","valueRequired":true,"valueName":"search_term_string"}}],"inLanguage":"pt-PT"},{"@type":"Organization","@id":"https:\/\/aliancaevangelica.pt\/site\/#organization","name":"Alian\u00e7a Evang\u00e9lica Portuguesa","url":"https:\/\/aliancaevangelica.pt\/site\/","logo":{"@type":"ImageObject","inLanguage":"pt-PT","@id":"https:\/\/aliancaevangelica.pt\/site\/#\/schema\/logo\/image\/","url":"https:\/\/aliancaevangelica.pt\/site\/wp-content\/uploads\/2017\/11\/logo-AEP-cor.png","contentUrl":"https:\/\/aliancaevangelica.pt\/site\/wp-content\/uploads\/2017\/11\/logo-AEP-cor.png","width":1156,"height":672,"caption":"Alian\u00e7a Evang\u00e9lica Portuguesa"},"image":{"@id":"https:\/\/aliancaevangelica.pt\/site\/#\/schema\/logo\/image\/"},"sameAs":["http:\/\/facebook.com\/aeportuguesa","http:\/\/instagram.com\/aliancaep","http:\/\/youtube.com\/aeportuguesa"]},{"@type":"Person","@id":"https:\/\/aliancaevangelica.pt\/site\/#\/schema\/person\/3b47cfc7535eff1e820f31c2d67eafcf","name":"AEP","sameAs":["aeportugal"],"url":"https:\/\/aliancaevangelica.pt\/site\/author\/aeportugal\/"}]}},"uagb_featured_image_src":{"full":["https:\/\/aliancaevangelica.pt\/site\/wp-content\/uploads\/2021\/07\/D84B60C5-3DB8-48A0-A1A6-01F4A301F1D4.jpeg",2188,1229,false],"thumbnail":["https:\/\/aliancaevangelica.pt\/site\/wp-content\/uploads\/2021\/07\/D84B60C5-3DB8-48A0-A1A6-01F4A301F1D4-150x150.jpeg",150,150,true],"medium":["https:\/\/aliancaevangelica.pt\/site\/wp-content\/uploads\/2021\/07\/D84B60C5-3DB8-48A0-A1A6-01F4A301F1D4-300x169.jpeg",300,169,true],"medium_large":["https:\/\/aliancaevangelica.pt\/site\/wp-content\/uploads\/2021\/07\/D84B60C5-3DB8-48A0-A1A6-01F4A301F1D4-768x431.jpeg",768,431,true],"large":["https:\/\/aliancaevangelica.pt\/site\/wp-content\/uploads\/2021\/07\/D84B60C5-3DB8-48A0-A1A6-01F4A301F1D4-1024x575.jpeg",960,539,true],"1536x1536":["https:\/\/aliancaevangelica.pt\/site\/wp-content\/uploads\/2021\/07\/D84B60C5-3DB8-48A0-A1A6-01F4A301F1D4-1536x863.jpeg",1536,863,true],"2048x2048":["https:\/\/aliancaevangelica.pt\/site\/wp-content\/uploads\/2021\/07\/D84B60C5-3DB8-48A0-A1A6-01F4A301F1D4-2048x1150.jpeg",2048,1150,true],"vp_sm":["https:\/\/aliancaevangelica.pt\/site\/wp-content\/uploads\/2021\/07\/D84B60C5-3DB8-48A0-A1A6-01F4A301F1D4.jpeg",500,281,false],"vp_md":["https:\/\/aliancaevangelica.pt\/site\/wp-content\/uploads\/2021\/07\/D84B60C5-3DB8-48A0-A1A6-01F4A301F1D4.jpeg",800,449,false],"vp_lg":["https:\/\/aliancaevangelica.pt\/site\/wp-content\/uploads\/2021\/07\/D84B60C5-3DB8-48A0-A1A6-01F4A301F1D4.jpeg",1280,719,false],"vp_xl":["https:\/\/aliancaevangelica.pt\/site\/wp-content\/uploads\/2021\/07\/D84B60C5-3DB8-48A0-A1A6-01F4A301F1D4.jpeg",1920,1078,false],"vp_sm_popup":["https:\/\/aliancaevangelica.pt\/site\/wp-content\/uploads\/2021\/07\/D84B60C5-3DB8-48A0-A1A6-01F4A301F1D4.jpeg",500,281,false],"vp_md_popup":["https:\/\/aliancaevangelica.pt\/site\/wp-content\/uploads\/2021\/07\/D84B60C5-3DB8-48A0-A1A6-01F4A301F1D4.jpeg",800,449,false],"vp_xl_popup":["https:\/\/aliancaevangelica.pt\/site\/wp-content\/uploads\/2021\/07\/D84B60C5-3DB8-48A0-A1A6-01F4A301F1D4.jpeg",1920,1078,false],"newsx-150x100":["https:\/\/aliancaevangelica.pt\/site\/wp-content\/uploads\/2021\/07\/D84B60C5-3DB8-48A0-A1A6-01F4A301F1D4.jpeg",150,84,false],"newsx-330x220":["https:\/\/aliancaevangelica.pt\/site\/wp-content\/uploads\/2021\/07\/D84B60C5-3DB8-48A0-A1A6-01F4A301F1D4.jpeg",330,185,false],"newsx-420x280":["https:\/\/aliancaevangelica.pt\/site\/wp-content\/uploads\/2021\/07\/D84B60C5-3DB8-48A0-A1A6-01F4A301F1D4.jpeg",420,236,false],"newsx-510x340":["https:\/\/aliancaevangelica.pt\/site\/wp-content\/uploads\/2021\/07\/D84B60C5-3DB8-48A0-A1A6-01F4A301F1D4.jpeg",510,286,false],"newsx-640x480":["https:\/\/aliancaevangelica.pt\/site\/wp-content\/uploads\/2021\/07\/D84B60C5-3DB8-48A0-A1A6-01F4A301F1D4.jpeg",640,359,false],"newsx-670x370":["https:\/\/aliancaevangelica.pt\/site\/wp-content\/uploads\/2021\/07\/D84B60C5-3DB8-48A0-A1A6-01F4A301F1D4.jpeg",659,370,false],"newsx-860x570":["https:\/\/aliancaevangelica.pt\/site\/wp-content\/uploads\/2021\/07\/D84B60C5-3DB8-48A0-A1A6-01F4A301F1D4.jpeg",860,483,false],"newsx-1000x750":["https:\/\/aliancaevangelica.pt\/site\/wp-content\/uploads\/2021\/07\/D84B60C5-3DB8-48A0-A1A6-01F4A301F1D4.jpeg",1000,562,false],"newsx-1200x600":["https:\/\/aliancaevangelica.pt\/site\/wp-content\/uploads\/2021\/07\/D84B60C5-3DB8-48A0-A1A6-01F4A301F1D4.jpeg",1068,600,false]},"uagb_author_info":{"display_name":"AEP","author_link":"https:\/\/aliancaevangelica.pt\/site\/author\/aeportugal\/"},"uagb_comment_info":0,"uagb_excerpt":"Cantar na cela de uma pris\u00e3o n\u00e3o era algo vulgar. Contudo, foi o que Paulo e Silas fizeram. \u201cE, perto da meia-noite, Paulo e Silas oravam e cantavam hinos a Deus, e os outros presos os escutavam.\u201d (Atos 16:25) Eles estavam presos mas as suas vozes n\u00e3o. Aquela era a sua oportunidade de mostrar ao","_links":{"self":[{"href":"https:\/\/aliancaevangelica.pt\/site\/wp-json\/wp\/v2\/posts\/19113","targetHints":{"allow":["GET"]}}],"collection":[{"href":"https:\/\/aliancaevangelica.pt\/site\/wp-json\/wp\/v2\/posts"}],"about":[{"href":"https:\/\/aliancaevangelica.pt\/site\/wp-json\/wp\/v2\/types\/post"}],"author":[{"embeddable":true,"href":"https:\/\/aliancaevangelica.pt\/site\/wp-json\/wp\/v2\/users\/2"}],"replies":[{"embeddable":true,"href":"https:\/\/aliancaevangelica.pt\/site\/wp-json\/wp\/v2\/comments?post=19113"}],"version-history":[{"count":1,"href":"https:\/\/aliancaevangelica.pt\/site\/wp-json\/wp\/v2\/posts\/19113\/revisions"}],"predecessor-version":[{"id":19115,"href":"https:\/\/aliancaevangelica.pt\/site\/wp-json\/wp\/v2\/posts\/19113\/revisions\/19115"}],"wp:featuredmedia":[{"embeddable":true,"href":"https:\/\/aliancaevangelica.pt\/site\/wp-json\/wp\/v2\/media\/19114"}],"wp:attachment":[{"href":"https:\/\/aliancaevangelica.pt\/site\/wp-json\/wp\/v2\/media?parent=19113"}],"wp:term":[{"taxonomy":"category","embeddable":true,"href":"https:\/\/aliancaevangelica.pt\/site\/wp-json\/wp\/v2\/categories?post=19113"},{"taxonomy":"post_tag","embeddable":true,"href":"https:\/\/aliancaevangelica.pt\/site\/wp-json\/wp\/v2\/tags?post=19113"}],"curies":[{"name":"wp","href":"https:\/\/api.w.org\/{rel}","templated":true}]}}