{"id":19108,"date":"2021-07-09T15:06:06","date_gmt":"2021-07-09T15:06:06","guid":{"rendered":"https:\/\/aliancaevangelica.pt\/site\/?p=19108"},"modified":"2021-07-09T15:06:09","modified_gmt":"2021-07-09T15:06:09","slug":"as-duas-rosas","status":"publish","type":"post","link":"https:\/\/aliancaevangelica.pt\/site\/as-duas-rosas\/","title":{"rendered":"As Duas Rosas"},"content":{"rendered":"<p class=\"p1\">Era Dia da M\u00e3e. Eu tinha 17 anos e na igreja recebera uma rosa para oferecer \u00e0 minha m\u00e3e, naquela manh\u00e3 de Maio, cheia de sol.<\/p>\n<p class=\"p1\">Ao entregar-lhe, comovi-me. Era natural, pela rela\u00e7\u00e3o t\u00e3o pr\u00f3xima e carinhosa que tinha com ela. Era um prazer entregar-lhe a rosa, como s\u00edmbolo de tanta coisa que desde beb\u00e9 nos unia uma \u00e0 outra.<\/p>\n<p class=\"p1\">Contudo, estava sensibilizada tamb\u00e9m por outro motivo, e disse-o: \u201cM\u00e3e, hoje gostava de ter duas rosas para oferecer: uma a ti e outra \u00e0 minha m\u00e3e chinesa.\u201d<\/p>\n<p class=\"p1\">M\u00e3e chinesa\u2026 Era assim que eu designava a minha m\u00e3e biol\u00f3gica, que me dera \u00e0 luz, em Macau. Na altura, ela tinha 21 anos e, sentindo-se desprovida de condi\u00e7\u00f5es para ficar comigo, acabara por decidir encaminhar-me para a adop\u00e7\u00e3o. E assim, com dez meses, fui entregue a este casal portugu\u00eas que residia em Macau, agora meus pais, que j\u00e1 tinham uma filha biol\u00f3gica e oravam por uma beb\u00e9 para adoptar.<\/p>\n<p class=\"p1\">A minha m\u00e3e comoveu-se tamb\u00e9m, concordou que seria lindo eu poder faz\u00ea-lo e combinou comigo que esse seria um plano para concretizar um dia. Na verdade, na altura da adop\u00e7\u00e3o os meus pais haviam pedido alguns elementos mais sobre a identidade da minha m\u00e3e biol\u00f3gica (fotoc\u00f3pia de dois documentos dela), que lhes foram concedidos, para que um dia eu tivesse alguns recursos mais para procurar a minha Orqu\u00eddea de Ouro (significado do nome chin\u00eas da minha m\u00e3e).<\/p>\n<p class=\"p1\">Entretanto, os anos passaram. Conclu\u00ed o meu curso, casei e fui m\u00e3e h\u00e1 2 anos atr\u00e1s. O meu marido, que tamb\u00e9m \u00e9 adoptado, decidiu procurar a sua m\u00e3e biol\u00f3gica. Envolvemo-nos os dois nesse processo e fomos bem sucedidos! Sim, ele encontrou a sua m\u00e3e! E voltei a pensar em encetar o mesmo processo.<\/p>\n<p class=\"p1\">Comecei por contactar uma ex-colega da minha m\u00e3e adoptiva, que vive em Macau. Ela foi a uma casa onde supostamente a minha m\u00e3e biol\u00f3gica viveria, segundo o endere\u00e7o que t\u00ednhamos. Afinal, j\u00e1 n\u00e3o residia l\u00e1. Os vizinhos contaram que h\u00e1 10 anos ela sa\u00edra dali mas asseguraram que ela continuava a viver em Macau, embora fosse da China continental, pois viam-na ocasionalmente.<\/p>\n<p class=\"p1\">Ent\u00e3o, foi altura de escrever para o Departamento de Adop\u00e7\u00f5es em Macau. Responderam-me prontamente e foram procurar a minha m\u00e3e, levando fotografias minhas, ainda beb\u00e9 e outras mais recentes que eu lhes enviara. E conseguiram localiz\u00e1-la! Ela vive com a m\u00e3e, minha av\u00f3 materna, e ambas ficaram muito felizes por ter not\u00edcias minhas. Enviaram-me fotografias delas, que recebi com alegria, e tenho observado com curiosidade e carinho.<\/p>\n<p class=\"p1\">Muitas vezes me perguntam o que sinto acerca da minha m\u00e3e biol\u00f3gica. A \u00faltima vez que tal aconteceu foi no programa televisivo de Manuel Lu\u00eds Goucha, onde particip\u00e1mos, o meu marido e eu, no passado dia 30 de Junho. Na verdade, n\u00e3o existe ressentimento nem revolta em mim. Acredito que entregar um filho para adop\u00e7\u00e3o pode ser um acto de amor, de grande altru\u00edsmo e generosidade. Reconhecendo que n\u00e3o tinha condi\u00e7\u00f5es, a minha m\u00e3e disp\u00f4s-se a oferecer-me, assim, um futuro melhor. Sonho com o dia de a encontrar presencialmente, de a abra\u00e7ar e, ent\u00e3o, oferecer-lhe uma rosa. Estou a recolher fundos nesse sentido.<\/p>\n<p class=\"p1\">Ser adoptada lembra-me sempre o amor de Jesus, que fez o mesmo por todos n\u00f3s, tal como referiu S. Paulo: \u201ce nos predestinou para sermos filhos de ado\u00e7\u00e3o por Jesus Cristo, para si mesmo, segundo o benepl\u00e1cito de sua vontade.\u201d (Ef\u00e9sios 1:5)<\/p>\n<p class=\"p1\">Se desejar conhecer melhor a nossa hist\u00f3ria de adop\u00e7\u00e3o, do meu marido e a minha, poder\u00e1 adquirir o nosso livro \u201cAdoptados e Unidos pelo Amor\u201d, contactando-nos por e-mail: <a href=\"mailto:adoptadosvm@gmail.com\"><span class=\"s1\">adoptadosvm@gmail.com<\/span><\/a><\/p>\n<p>[movedo_single_image image=&#8221;19107&#8243; animation=&#8221;grve-zoom-in&#8221;]Melissa Raquel Coias Tom\u00e9 Marini<\/p>\n<p class=\"p1\">M\u00e9dica de Medicina Tradicional Chinesa<\/p>\n<p class=\"p1\">\n","protected":false},"excerpt":{"rendered":"<p>Era Dia da M\u00e3e. Eu tinha 17 anos e na igreja recebera uma rosa para oferecer \u00e0 minha m\u00e3e, naquela manh\u00e3 de Maio, cheia de sol. Ao entregar-lhe, comovi-me. Era natural, pela rela\u00e7\u00e3o t\u00e3o pr\u00f3xima e carinhosa que tinha com ela. Era um prazer entregar-lhe a rosa, como s\u00edmbolo de tanta coisa que desde beb\u00e9<\/p>\n","protected":false},"author":2,"featured_media":19109,"comment_status":"open","ping_status":"open","sticky":false,"template":"","format":"standard","meta":{"_uag_custom_page_level_css":"","_themeisle_gutenberg_block_has_review":false,"_vp_format_video_url":"","_vp_image_focal_point":[],"footnotes":""},"categories":[45,47],"tags":[],"class_list":["post-19108","post","type-post","status-publish","format-standard","has-post-thumbnail","hentry","category-geral","category-mulheres-casais-e-familia"],"yoast_head":"<!-- This site is optimized with the Yoast SEO plugin v27.5 - https:\/\/yoast.com\/product\/yoast-seo-wordpress\/ -->\n<title>As Duas Rosas - AEP<\/title>\n<meta name=\"robots\" content=\"index, follow, max-snippet:-1, max-image-preview:large, max-video-preview:-1\" \/>\n<link rel=\"canonical\" href=\"https:\/\/aliancaevangelica.pt\/site\/as-duas-rosas\/\" \/>\n<meta property=\"og:locale\" content=\"pt_PT\" \/>\n<meta property=\"og:type\" content=\"article\" \/>\n<meta property=\"og:title\" content=\"As Duas Rosas - AEP\" \/>\n<meta property=\"og:description\" content=\"Era Dia da M\u00e3e. Eu tinha 17 anos e na igreja recebera uma rosa para oferecer \u00e0 minha m\u00e3e, naquela manh\u00e3 de Maio, cheia de sol. Ao entregar-lhe, comovi-me. Era natural, pela rela\u00e7\u00e3o t\u00e3o pr\u00f3xima e carinhosa que tinha com ela. Era um prazer entregar-lhe a rosa, como s\u00edmbolo de tanta coisa que desde beb\u00e9\" \/>\n<meta property=\"og:url\" content=\"https:\/\/aliancaevangelica.pt\/site\/as-duas-rosas\/\" \/>\n<meta property=\"og:site_name\" content=\"AEP\" \/>\n<meta property=\"article:publisher\" content=\"http:\/\/facebook.com\/aeportuguesa\" \/>\n<meta property=\"article:author\" content=\"aeportugal\" \/>\n<meta property=\"article:published_time\" content=\"2021-07-09T15:06:06+00:00\" \/>\n<meta property=\"article:modified_time\" content=\"2021-07-09T15:06:09+00:00\" \/>\n<meta property=\"og:image\" content=\"https:\/\/aliancaevangelica.pt\/site\/wp-content\/uploads\/2021\/07\/Duas-rosas-2.jpg\" \/>\n\t<meta property=\"og:image:width\" content=\"960\" \/>\n\t<meta property=\"og:image:height\" content=\"635\" \/>\n\t<meta property=\"og:image:type\" content=\"image\/jpeg\" \/>\n<meta name=\"author\" content=\"AEP\" \/>\n<meta name=\"twitter:card\" content=\"summary_large_image\" \/>\n<meta name=\"twitter:label1\" content=\"Escrito por\" \/>\n\t<meta name=\"twitter:data1\" content=\"AEP\" \/>\n\t<meta name=\"twitter:label2\" content=\"Tempo estimado de leitura\" \/>\n\t<meta name=\"twitter:data2\" content=\"3 minutos\" \/>\n<script type=\"application\/ld+json\" class=\"yoast-schema-graph\">{\"@context\":\"https:\\\/\\\/schema.org\",\"@graph\":[{\"@type\":\"Article\",\"@id\":\"https:\\\/\\\/aliancaevangelica.pt\\\/site\\\/as-duas-rosas\\\/#article\",\"isPartOf\":{\"@id\":\"https:\\\/\\\/aliancaevangelica.pt\\\/site\\\/as-duas-rosas\\\/\"},\"author\":{\"name\":\"AEP\",\"@id\":\"https:\\\/\\\/aliancaevangelica.pt\\\/site\\\/#\\\/schema\\\/person\\\/3b47cfc7535eff1e820f31c2d67eafcf\"},\"headline\":\"As Duas Rosas\",\"datePublished\":\"2021-07-09T15:06:06+00:00\",\"dateModified\":\"2021-07-09T15:06:09+00:00\",\"mainEntityOfPage\":{\"@id\":\"https:\\\/\\\/aliancaevangelica.pt\\\/site\\\/as-duas-rosas\\\/\"},\"wordCount\":665,\"commentCount\":0,\"publisher\":{\"@id\":\"https:\\\/\\\/aliancaevangelica.pt\\\/site\\\/#organization\"},\"image\":{\"@id\":\"https:\\\/\\\/aliancaevangelica.pt\\\/site\\\/as-duas-rosas\\\/#primaryimage\"},\"thumbnailUrl\":\"https:\\\/\\\/aliancaevangelica.pt\\\/site\\\/wp-content\\\/uploads\\\/2021\\\/07\\\/Duas-rosas-2.jpg\",\"articleSection\":[\"1-Geral\",\"Mulheres, Casais e Fam\u00edlia\"],\"inLanguage\":\"pt-PT\",\"potentialAction\":[{\"@type\":\"CommentAction\",\"name\":\"Comment\",\"target\":[\"https:\\\/\\\/aliancaevangelica.pt\\\/site\\\/as-duas-rosas\\\/#respond\"]}]},{\"@type\":\"WebPage\",\"@id\":\"https:\\\/\\\/aliancaevangelica.pt\\\/site\\\/as-duas-rosas\\\/\",\"url\":\"https:\\\/\\\/aliancaevangelica.pt\\\/site\\\/as-duas-rosas\\\/\",\"name\":\"As Duas Rosas - AEP\",\"isPartOf\":{\"@id\":\"https:\\\/\\\/aliancaevangelica.pt\\\/site\\\/#website\"},\"primaryImageOfPage\":{\"@id\":\"https:\\\/\\\/aliancaevangelica.pt\\\/site\\\/as-duas-rosas\\\/#primaryimage\"},\"image\":{\"@id\":\"https:\\\/\\\/aliancaevangelica.pt\\\/site\\\/as-duas-rosas\\\/#primaryimage\"},\"thumbnailUrl\":\"https:\\\/\\\/aliancaevangelica.pt\\\/site\\\/wp-content\\\/uploads\\\/2021\\\/07\\\/Duas-rosas-2.jpg\",\"datePublished\":\"2021-07-09T15:06:06+00:00\",\"dateModified\":\"2021-07-09T15:06:09+00:00\",\"breadcrumb\":{\"@id\":\"https:\\\/\\\/aliancaevangelica.pt\\\/site\\\/as-duas-rosas\\\/#breadcrumb\"},\"inLanguage\":\"pt-PT\",\"potentialAction\":[{\"@type\":\"ReadAction\",\"target\":[\"https:\\\/\\\/aliancaevangelica.pt\\\/site\\\/as-duas-rosas\\\/\"]}]},{\"@type\":\"ImageObject\",\"inLanguage\":\"pt-PT\",\"@id\":\"https:\\\/\\\/aliancaevangelica.pt\\\/site\\\/as-duas-rosas\\\/#primaryimage\",\"url\":\"https:\\\/\\\/aliancaevangelica.pt\\\/site\\\/wp-content\\\/uploads\\\/2021\\\/07\\\/Duas-rosas-2.jpg\",\"contentUrl\":\"https:\\\/\\\/aliancaevangelica.pt\\\/site\\\/wp-content\\\/uploads\\\/2021\\\/07\\\/Duas-rosas-2.jpg\",\"width\":960,\"height\":635},{\"@type\":\"BreadcrumbList\",\"@id\":\"https:\\\/\\\/aliancaevangelica.pt\\\/site\\\/as-duas-rosas\\\/#breadcrumb\",\"itemListElement\":[{\"@type\":\"ListItem\",\"position\":1,\"name\":\"In\u00edcio\",\"item\":\"https:\\\/\\\/aliancaevangelica.pt\\\/site\\\/\"},{\"@type\":\"ListItem\",\"position\":2,\"name\":\"As Duas Rosas\"}]},{\"@type\":\"WebSite\",\"@id\":\"https:\\\/\\\/aliancaevangelica.pt\\\/site\\\/#website\",\"url\":\"https:\\\/\\\/aliancaevangelica.pt\\\/site\\\/\",\"name\":\"Alian\u00e7a Evang\u00e9lica Portuguesa\",\"description\":\"Alian\u00e7a Evang\u00e9lica Portuguesa\",\"publisher\":{\"@id\":\"https:\\\/\\\/aliancaevangelica.pt\\\/site\\\/#organization\"},\"potentialAction\":[{\"@type\":\"SearchAction\",\"target\":{\"@type\":\"EntryPoint\",\"urlTemplate\":\"https:\\\/\\\/aliancaevangelica.pt\\\/site\\\/?s={search_term_string}\"},\"query-input\":{\"@type\":\"PropertyValueSpecification\",\"valueRequired\":true,\"valueName\":\"search_term_string\"}}],\"inLanguage\":\"pt-PT\"},{\"@type\":\"Organization\",\"@id\":\"https:\\\/\\\/aliancaevangelica.pt\\\/site\\\/#organization\",\"name\":\"Alian\u00e7a Evang\u00e9lica Portuguesa\",\"url\":\"https:\\\/\\\/aliancaevangelica.pt\\\/site\\\/\",\"logo\":{\"@type\":\"ImageObject\",\"inLanguage\":\"pt-PT\",\"@id\":\"https:\\\/\\\/aliancaevangelica.pt\\\/site\\\/#\\\/schema\\\/logo\\\/image\\\/\",\"url\":\"https:\\\/\\\/aliancaevangelica.pt\\\/site\\\/wp-content\\\/uploads\\\/2017\\\/11\\\/logo-AEP-cor.png\",\"contentUrl\":\"https:\\\/\\\/aliancaevangelica.pt\\\/site\\\/wp-content\\\/uploads\\\/2017\\\/11\\\/logo-AEP-cor.png\",\"width\":1156,\"height\":672,\"caption\":\"Alian\u00e7a Evang\u00e9lica Portuguesa\"},\"image\":{\"@id\":\"https:\\\/\\\/aliancaevangelica.pt\\\/site\\\/#\\\/schema\\\/logo\\\/image\\\/\"},\"sameAs\":[\"http:\\\/\\\/facebook.com\\\/aeportuguesa\",\"http:\\\/\\\/instagram.com\\\/aliancaep\",\"http:\\\/\\\/youtube.com\\\/aeportuguesa\"]},{\"@type\":\"Person\",\"@id\":\"https:\\\/\\\/aliancaevangelica.pt\\\/site\\\/#\\\/schema\\\/person\\\/3b47cfc7535eff1e820f31c2d67eafcf\",\"name\":\"AEP\",\"sameAs\":[\"aeportugal\"],\"url\":\"https:\\\/\\\/aliancaevangelica.pt\\\/site\\\/author\\\/aeportugal\\\/\"}]}<\/script>\n<!-- \/ Yoast SEO plugin. -->","yoast_head_json":{"title":"As Duas Rosas - AEP","robots":{"index":"index","follow":"follow","max-snippet":"max-snippet:-1","max-image-preview":"max-image-preview:large","max-video-preview":"max-video-preview:-1"},"canonical":"https:\/\/aliancaevangelica.pt\/site\/as-duas-rosas\/","og_locale":"pt_PT","og_type":"article","og_title":"As Duas Rosas - AEP","og_description":"Era Dia da M\u00e3e. Eu tinha 17 anos e na igreja recebera uma rosa para oferecer \u00e0 minha m\u00e3e, naquela manh\u00e3 de Maio, cheia de sol. Ao entregar-lhe, comovi-me. Era natural, pela rela\u00e7\u00e3o t\u00e3o pr\u00f3xima e carinhosa que tinha com ela. Era um prazer entregar-lhe a rosa, como s\u00edmbolo de tanta coisa que desde beb\u00e9","og_url":"https:\/\/aliancaevangelica.pt\/site\/as-duas-rosas\/","og_site_name":"AEP","article_publisher":"http:\/\/facebook.com\/aeportuguesa","article_author":"aeportugal","article_published_time":"2021-07-09T15:06:06+00:00","article_modified_time":"2021-07-09T15:06:09+00:00","og_image":[{"width":960,"height":635,"url":"https:\/\/aliancaevangelica.pt\/site\/wp-content\/uploads\/2021\/07\/Duas-rosas-2.jpg","type":"image\/jpeg"}],"author":"AEP","twitter_card":"summary_large_image","twitter_misc":{"Escrito por":"AEP","Tempo estimado de leitura":"3 minutos"},"schema":{"@context":"https:\/\/schema.org","@graph":[{"@type":"Article","@id":"https:\/\/aliancaevangelica.pt\/site\/as-duas-rosas\/#article","isPartOf":{"@id":"https:\/\/aliancaevangelica.pt\/site\/as-duas-rosas\/"},"author":{"name":"AEP","@id":"https:\/\/aliancaevangelica.pt\/site\/#\/schema\/person\/3b47cfc7535eff1e820f31c2d67eafcf"},"headline":"As Duas Rosas","datePublished":"2021-07-09T15:06:06+00:00","dateModified":"2021-07-09T15:06:09+00:00","mainEntityOfPage":{"@id":"https:\/\/aliancaevangelica.pt\/site\/as-duas-rosas\/"},"wordCount":665,"commentCount":0,"publisher":{"@id":"https:\/\/aliancaevangelica.pt\/site\/#organization"},"image":{"@id":"https:\/\/aliancaevangelica.pt\/site\/as-duas-rosas\/#primaryimage"},"thumbnailUrl":"https:\/\/aliancaevangelica.pt\/site\/wp-content\/uploads\/2021\/07\/Duas-rosas-2.jpg","articleSection":["1-Geral","Mulheres, Casais e Fam\u00edlia"],"inLanguage":"pt-PT","potentialAction":[{"@type":"CommentAction","name":"Comment","target":["https:\/\/aliancaevangelica.pt\/site\/as-duas-rosas\/#respond"]}]},{"@type":"WebPage","@id":"https:\/\/aliancaevangelica.pt\/site\/as-duas-rosas\/","url":"https:\/\/aliancaevangelica.pt\/site\/as-duas-rosas\/","name":"As Duas Rosas - AEP","isPartOf":{"@id":"https:\/\/aliancaevangelica.pt\/site\/#website"},"primaryImageOfPage":{"@id":"https:\/\/aliancaevangelica.pt\/site\/as-duas-rosas\/#primaryimage"},"image":{"@id":"https:\/\/aliancaevangelica.pt\/site\/as-duas-rosas\/#primaryimage"},"thumbnailUrl":"https:\/\/aliancaevangelica.pt\/site\/wp-content\/uploads\/2021\/07\/Duas-rosas-2.jpg","datePublished":"2021-07-09T15:06:06+00:00","dateModified":"2021-07-09T15:06:09+00:00","breadcrumb":{"@id":"https:\/\/aliancaevangelica.pt\/site\/as-duas-rosas\/#breadcrumb"},"inLanguage":"pt-PT","potentialAction":[{"@type":"ReadAction","target":["https:\/\/aliancaevangelica.pt\/site\/as-duas-rosas\/"]}]},{"@type":"ImageObject","inLanguage":"pt-PT","@id":"https:\/\/aliancaevangelica.pt\/site\/as-duas-rosas\/#primaryimage","url":"https:\/\/aliancaevangelica.pt\/site\/wp-content\/uploads\/2021\/07\/Duas-rosas-2.jpg","contentUrl":"https:\/\/aliancaevangelica.pt\/site\/wp-content\/uploads\/2021\/07\/Duas-rosas-2.jpg","width":960,"height":635},{"@type":"BreadcrumbList","@id":"https:\/\/aliancaevangelica.pt\/site\/as-duas-rosas\/#breadcrumb","itemListElement":[{"@type":"ListItem","position":1,"name":"In\u00edcio","item":"https:\/\/aliancaevangelica.pt\/site\/"},{"@type":"ListItem","position":2,"name":"As Duas Rosas"}]},{"@type":"WebSite","@id":"https:\/\/aliancaevangelica.pt\/site\/#website","url":"https:\/\/aliancaevangelica.pt\/site\/","name":"Alian\u00e7a Evang\u00e9lica Portuguesa","description":"Alian\u00e7a Evang\u00e9lica Portuguesa","publisher":{"@id":"https:\/\/aliancaevangelica.pt\/site\/#organization"},"potentialAction":[{"@type":"SearchAction","target":{"@type":"EntryPoint","urlTemplate":"https:\/\/aliancaevangelica.pt\/site\/?s={search_term_string}"},"query-input":{"@type":"PropertyValueSpecification","valueRequired":true,"valueName":"search_term_string"}}],"inLanguage":"pt-PT"},{"@type":"Organization","@id":"https:\/\/aliancaevangelica.pt\/site\/#organization","name":"Alian\u00e7a Evang\u00e9lica Portuguesa","url":"https:\/\/aliancaevangelica.pt\/site\/","logo":{"@type":"ImageObject","inLanguage":"pt-PT","@id":"https:\/\/aliancaevangelica.pt\/site\/#\/schema\/logo\/image\/","url":"https:\/\/aliancaevangelica.pt\/site\/wp-content\/uploads\/2017\/11\/logo-AEP-cor.png","contentUrl":"https:\/\/aliancaevangelica.pt\/site\/wp-content\/uploads\/2017\/11\/logo-AEP-cor.png","width":1156,"height":672,"caption":"Alian\u00e7a Evang\u00e9lica Portuguesa"},"image":{"@id":"https:\/\/aliancaevangelica.pt\/site\/#\/schema\/logo\/image\/"},"sameAs":["http:\/\/facebook.com\/aeportuguesa","http:\/\/instagram.com\/aliancaep","http:\/\/youtube.com\/aeportuguesa"]},{"@type":"Person","@id":"https:\/\/aliancaevangelica.pt\/site\/#\/schema\/person\/3b47cfc7535eff1e820f31c2d67eafcf","name":"AEP","sameAs":["aeportugal"],"url":"https:\/\/aliancaevangelica.pt\/site\/author\/aeportugal\/"}]}},"uagb_featured_image_src":{"full":["https:\/\/aliancaevangelica.pt\/site\/wp-content\/uploads\/2021\/07\/Duas-rosas-2.jpg",960,635,false],"thumbnail":["https:\/\/aliancaevangelica.pt\/site\/wp-content\/uploads\/2021\/07\/Duas-rosas-2-150x150.jpg",150,150,true],"medium":["https:\/\/aliancaevangelica.pt\/site\/wp-content\/uploads\/2021\/07\/Duas-rosas-2-300x198.jpg",300,198,true],"medium_large":["https:\/\/aliancaevangelica.pt\/site\/wp-content\/uploads\/2021\/07\/Duas-rosas-2-768x508.jpg",768,508,true],"large":["https:\/\/aliancaevangelica.pt\/site\/wp-content\/uploads\/2021\/07\/Duas-rosas-2.jpg",960,635,false],"1536x1536":["https:\/\/aliancaevangelica.pt\/site\/wp-content\/uploads\/2021\/07\/Duas-rosas-2.jpg",960,635,false],"2048x2048":["https:\/\/aliancaevangelica.pt\/site\/wp-content\/uploads\/2021\/07\/Duas-rosas-2.jpg",960,635,false],"vp_sm":["https:\/\/aliancaevangelica.pt\/site\/wp-content\/uploads\/2021\/07\/Duas-rosas-2.jpg",500,331,false],"vp_md":["https:\/\/aliancaevangelica.pt\/site\/wp-content\/uploads\/2021\/07\/Duas-rosas-2.jpg",800,529,false],"vp_lg":["https:\/\/aliancaevangelica.pt\/site\/wp-content\/uploads\/2021\/07\/Duas-rosas-2.jpg",960,635,false],"vp_xl":["https:\/\/aliancaevangelica.pt\/site\/wp-content\/uploads\/2021\/07\/Duas-rosas-2.jpg",960,635,false],"vp_sm_popup":["https:\/\/aliancaevangelica.pt\/site\/wp-content\/uploads\/2021\/07\/Duas-rosas-2.jpg",500,331,false],"vp_md_popup":["https:\/\/aliancaevangelica.pt\/site\/wp-content\/uploads\/2021\/07\/Duas-rosas-2.jpg",800,529,false],"vp_xl_popup":["https:\/\/aliancaevangelica.pt\/site\/wp-content\/uploads\/2021\/07\/Duas-rosas-2.jpg",960,635,false],"newsx-150x100":["https:\/\/aliancaevangelica.pt\/site\/wp-content\/uploads\/2021\/07\/Duas-rosas-2.jpg",150,100,false],"newsx-330x220":["https:\/\/aliancaevangelica.pt\/site\/wp-content\/uploads\/2021\/07\/Duas-rosas-2.jpg",330,218,false],"newsx-420x280":["https:\/\/aliancaevangelica.pt\/site\/wp-content\/uploads\/2021\/07\/Duas-rosas-2.jpg",420,278,false],"newsx-510x340":["https:\/\/aliancaevangelica.pt\/site\/wp-content\/uploads\/2021\/07\/Duas-rosas-2.jpg",510,337,false],"newsx-640x480":["https:\/\/aliancaevangelica.pt\/site\/wp-content\/uploads\/2021\/07\/Duas-rosas-2.jpg",640,423,false],"newsx-670x370":["https:\/\/aliancaevangelica.pt\/site\/wp-content\/uploads\/2021\/07\/Duas-rosas-2.jpg",559,370,false],"newsx-860x570":["https:\/\/aliancaevangelica.pt\/site\/wp-content\/uploads\/2021\/07\/Duas-rosas-2.jpg",860,570,false],"newsx-1000x750":["https:\/\/aliancaevangelica.pt\/site\/wp-content\/uploads\/2021\/07\/Duas-rosas-2.jpg",960,635,false],"newsx-1200x600":["https:\/\/aliancaevangelica.pt\/site\/wp-content\/uploads\/2021\/07\/Duas-rosas-2.jpg",907,600,false]},"uagb_author_info":{"display_name":"AEP","author_link":"https:\/\/aliancaevangelica.pt\/site\/author\/aeportugal\/"},"uagb_comment_info":0,"uagb_excerpt":"Era Dia da M\u00e3e. Eu tinha 17 anos e na igreja recebera uma rosa para oferecer \u00e0 minha m\u00e3e, naquela manh\u00e3 de Maio, cheia de sol. Ao entregar-lhe, comovi-me. Era natural, pela rela\u00e7\u00e3o t\u00e3o pr\u00f3xima e carinhosa que tinha com ela. Era um prazer entregar-lhe a rosa, como s\u00edmbolo de tanta coisa que desde beb\u00e9","_links":{"self":[{"href":"https:\/\/aliancaevangelica.pt\/site\/wp-json\/wp\/v2\/posts\/19108","targetHints":{"allow":["GET"]}}],"collection":[{"href":"https:\/\/aliancaevangelica.pt\/site\/wp-json\/wp\/v2\/posts"}],"about":[{"href":"https:\/\/aliancaevangelica.pt\/site\/wp-json\/wp\/v2\/types\/post"}],"author":[{"embeddable":true,"href":"https:\/\/aliancaevangelica.pt\/site\/wp-json\/wp\/v2\/users\/2"}],"replies":[{"embeddable":true,"href":"https:\/\/aliancaevangelica.pt\/site\/wp-json\/wp\/v2\/comments?post=19108"}],"version-history":[{"count":1,"href":"https:\/\/aliancaevangelica.pt\/site\/wp-json\/wp\/v2\/posts\/19108\/revisions"}],"predecessor-version":[{"id":19110,"href":"https:\/\/aliancaevangelica.pt\/site\/wp-json\/wp\/v2\/posts\/19108\/revisions\/19110"}],"wp:featuredmedia":[{"embeddable":true,"href":"https:\/\/aliancaevangelica.pt\/site\/wp-json\/wp\/v2\/media\/19109"}],"wp:attachment":[{"href":"https:\/\/aliancaevangelica.pt\/site\/wp-json\/wp\/v2\/media?parent=19108"}],"wp:term":[{"taxonomy":"category","embeddable":true,"href":"https:\/\/aliancaevangelica.pt\/site\/wp-json\/wp\/v2\/categories?post=19108"},{"taxonomy":"post_tag","embeddable":true,"href":"https:\/\/aliancaevangelica.pt\/site\/wp-json\/wp\/v2\/tags?post=19108"}],"curies":[{"name":"wp","href":"https:\/\/api.w.org\/{rel}","templated":true}]}}