{"id":19104,"date":"2021-07-06T17:19:54","date_gmt":"2021-07-06T17:19:54","guid":{"rendered":"https:\/\/aliancaevangelica.pt\/site\/?p=19104"},"modified":"2021-07-06T17:19:58","modified_gmt":"2021-07-06T17:19:58","slug":"aep-recebida-pela-ministra-da-justica","status":"publish","type":"post","link":"https:\/\/aliancaevangelica.pt\/site\/aep-recebida-pela-ministra-da-justica\/","title":{"rendered":"AEP recebida pela Ministra da Justi\u00e7a"},"content":{"rendered":"\n<p>A dire\u00e7\u00e3o da AEP foi recebida esta manh\u00e3 em audi\u00eancia pela Ministra da Justi\u00e7a, Dra Francica Van Dunem, a fim de convidar Sua Excel\u00eancia para a Celebra\u00e7\u00e3o do Centen\u00e1rio da AEP, a realizar-se a na cidade do Porto, a 14 de novembro pr\u00f3ximo.<\/p>\n\n\n\n<p>Foi tamb\u00e9m um momento para, entre outros assuntos de grande import\u00e2ncia para as igrejas e desenvolvimento das boas rela\u00e7\u00f5es do governo com as comunidades evang\u00e9licas, ser oferecida uma B\u00edblia, um livro sobre a Igreja perseguida e orar a Deus pelos nossos governantes.<\/p>\n\n\n\n<p>Gratos a Deus por esta oportunidade! <\/p>\n","protected":false},"excerpt":{"rendered":"<p>A dire\u00e7\u00e3o da AEP foi recebida esta manh\u00e3 em audi\u00eancia pela Ministra da Justi\u00e7a, Dra Francica Van Dunem, a fim de convidar Sua Excel\u00eancia para a Celebra\u00e7\u00e3o do Centen\u00e1rio da AEP, a realizar-se a na cidade do Porto, a 14 de novembro pr\u00f3ximo. Foi tamb\u00e9m um momento para, entre outros assuntos de grande import\u00e2ncia para<\/p>\n","protected":false},"author":2,"featured_media":19105,"comment_status":"open","ping_status":"open","sticky":false,"template":"","format":"standard","meta":{"_uag_custom_page_level_css":"","_themeisle_gutenberg_block_has_review":false,"_vp_format_video_url":"","_vp_image_focal_point":[],"footnotes":""},"categories":[45,3,2,7],"tags":[],"class_list":["post-19104","post","type-post","status-publish","format-standard","has-post-thumbnail","hentry","category-geral","category-artigos-gerais","category-anuncios","category-noticias"],"yoast_head":"<!-- This site is optimized with the Yoast SEO plugin v27.5 - https:\/\/yoast.com\/product\/yoast-seo-wordpress\/ -->\n<title>AEP recebida pela Ministra da Justi\u00e7a - AEP<\/title>\n<meta name=\"robots\" content=\"index, follow, max-snippet:-1, max-image-preview:large, max-video-preview:-1\" \/>\n<link rel=\"canonical\" href=\"https:\/\/aliancaevangelica.pt\/site\/aep-recebida-pela-ministra-da-justica\/\" \/>\n<meta property=\"og:locale\" content=\"pt_PT\" \/>\n<meta property=\"og:type\" content=\"article\" \/>\n<meta property=\"og:title\" content=\"AEP recebida pela Ministra da Justi\u00e7a - AEP\" \/>\n<meta property=\"og:description\" content=\"A dire\u00e7\u00e3o da AEP foi recebida esta manh\u00e3 em audi\u00eancia pela Ministra da Justi\u00e7a, Dra Francica Van Dunem, a fim de convidar Sua Excel\u00eancia para a Celebra\u00e7\u00e3o do Centen\u00e1rio da AEP, a realizar-se a na cidade do Porto, a 14 de novembro pr\u00f3ximo. Foi tamb\u00e9m um momento para, entre outros assuntos de grande import\u00e2ncia para\" \/>\n<meta property=\"og:url\" content=\"https:\/\/aliancaevangelica.pt\/site\/aep-recebida-pela-ministra-da-justica\/\" \/>\n<meta property=\"og:site_name\" content=\"AEP\" \/>\n<meta property=\"article:publisher\" content=\"http:\/\/facebook.com\/aeportuguesa\" \/>\n<meta property=\"article:author\" content=\"aeportugal\" \/>\n<meta property=\"article:published_time\" content=\"2021-07-06T17:19:54+00:00\" \/>\n<meta property=\"article:modified_time\" content=\"2021-07-06T17:19:58+00:00\" \/>\n<meta property=\"og:image\" content=\"https:\/\/aliancaevangelica.pt\/site\/wp-content\/uploads\/2021\/07\/WhatsApp-Image-2021-07-06-at-14.42.47.jpeg\" \/>\n\t<meta property=\"og:image:width\" content=\"1024\" \/>\n\t<meta property=\"og:image:height\" content=\"768\" \/>\n\t<meta property=\"og:image:type\" content=\"image\/jpeg\" \/>\n<meta name=\"author\" content=\"AEP\" \/>\n<meta name=\"twitter:card\" content=\"summary_large_image\" \/>\n<meta name=\"twitter:label1\" content=\"Escrito por\" \/>\n\t<meta name=\"twitter:data1\" content=\"AEP\" \/>\n\t<meta name=\"twitter:label2\" content=\"Tempo estimado de leitura\" \/>\n\t<meta name=\"twitter:data2\" content=\"1 minuto\" \/>\n<script type=\"application\/ld+json\" class=\"yoast-schema-graph\">{\"@context\":\"https:\\\/\\\/schema.org\",\"@graph\":[{\"@type\":\"Article\",\"@id\":\"https:\\\/\\\/aliancaevangelica.pt\\\/site\\\/aep-recebida-pela-ministra-da-justica\\\/#article\",\"isPartOf\":{\"@id\":\"https:\\\/\\\/aliancaevangelica.pt\\\/site\\\/aep-recebida-pela-ministra-da-justica\\\/\"},\"author\":{\"name\":\"AEP\",\"@id\":\"https:\\\/\\\/aliancaevangelica.pt\\\/site\\\/#\\\/schema\\\/person\\\/3b47cfc7535eff1e820f31c2d67eafcf\"},\"headline\":\"AEP recebida pela Ministra da Justi\u00e7a\",\"datePublished\":\"2021-07-06T17:19:54+00:00\",\"dateModified\":\"2021-07-06T17:19:58+00:00\",\"mainEntityOfPage\":{\"@id\":\"https:\\\/\\\/aliancaevangelica.pt\\\/site\\\/aep-recebida-pela-ministra-da-justica\\\/\"},\"wordCount\":109,\"commentCount\":0,\"publisher\":{\"@id\":\"https:\\\/\\\/aliancaevangelica.pt\\\/site\\\/#organization\"},\"image\":{\"@id\":\"https:\\\/\\\/aliancaevangelica.pt\\\/site\\\/aep-recebida-pela-ministra-da-justica\\\/#primaryimage\"},\"thumbnailUrl\":\"https:\\\/\\\/aliancaevangelica.pt\\\/site\\\/wp-content\\\/uploads\\\/2021\\\/07\\\/WhatsApp-Image-2021-07-06-at-14.42.47.jpeg\",\"articleSection\":[\"1-Geral\",\"2-Artigos Gerais\",\"4-An\u00fancios\",\"Not\u00edcias\"],\"inLanguage\":\"pt-PT\",\"potentialAction\":[{\"@type\":\"CommentAction\",\"name\":\"Comment\",\"target\":[\"https:\\\/\\\/aliancaevangelica.pt\\\/site\\\/aep-recebida-pela-ministra-da-justica\\\/#respond\"]}]},{\"@type\":\"WebPage\",\"@id\":\"https:\\\/\\\/aliancaevangelica.pt\\\/site\\\/aep-recebida-pela-ministra-da-justica\\\/\",\"url\":\"https:\\\/\\\/aliancaevangelica.pt\\\/site\\\/aep-recebida-pela-ministra-da-justica\\\/\",\"name\":\"AEP recebida pela Ministra da Justi\u00e7a - AEP\",\"isPartOf\":{\"@id\":\"https:\\\/\\\/aliancaevangelica.pt\\\/site\\\/#website\"},\"primaryImageOfPage\":{\"@id\":\"https:\\\/\\\/aliancaevangelica.pt\\\/site\\\/aep-recebida-pela-ministra-da-justica\\\/#primaryimage\"},\"image\":{\"@id\":\"https:\\\/\\\/aliancaevangelica.pt\\\/site\\\/aep-recebida-pela-ministra-da-justica\\\/#primaryimage\"},\"thumbnailUrl\":\"https:\\\/\\\/aliancaevangelica.pt\\\/site\\\/wp-content\\\/uploads\\\/2021\\\/07\\\/WhatsApp-Image-2021-07-06-at-14.42.47.jpeg\",\"datePublished\":\"2021-07-06T17:19:54+00:00\",\"dateModified\":\"2021-07-06T17:19:58+00:00\",\"breadcrumb\":{\"@id\":\"https:\\\/\\\/aliancaevangelica.pt\\\/site\\\/aep-recebida-pela-ministra-da-justica\\\/#breadcrumb\"},\"inLanguage\":\"pt-PT\",\"potentialAction\":[{\"@type\":\"ReadAction\",\"target\":[\"https:\\\/\\\/aliancaevangelica.pt\\\/site\\\/aep-recebida-pela-ministra-da-justica\\\/\"]}]},{\"@type\":\"ImageObject\",\"inLanguage\":\"pt-PT\",\"@id\":\"https:\\\/\\\/aliancaevangelica.pt\\\/site\\\/aep-recebida-pela-ministra-da-justica\\\/#primaryimage\",\"url\":\"https:\\\/\\\/aliancaevangelica.pt\\\/site\\\/wp-content\\\/uploads\\\/2021\\\/07\\\/WhatsApp-Image-2021-07-06-at-14.42.47.jpeg\",\"contentUrl\":\"https:\\\/\\\/aliancaevangelica.pt\\\/site\\\/wp-content\\\/uploads\\\/2021\\\/07\\\/WhatsApp-Image-2021-07-06-at-14.42.47.jpeg\",\"width\":1024,\"height\":768},{\"@type\":\"BreadcrumbList\",\"@id\":\"https:\\\/\\\/aliancaevangelica.pt\\\/site\\\/aep-recebida-pela-ministra-da-justica\\\/#breadcrumb\",\"itemListElement\":[{\"@type\":\"ListItem\",\"position\":1,\"name\":\"In\u00edcio\",\"item\":\"https:\\\/\\\/aliancaevangelica.pt\\\/site\\\/\"},{\"@type\":\"ListItem\",\"position\":2,\"name\":\"AEP recebida pela Ministra da Justi\u00e7a\"}]},{\"@type\":\"WebSite\",\"@id\":\"https:\\\/\\\/aliancaevangelica.pt\\\/site\\\/#website\",\"url\":\"https:\\\/\\\/aliancaevangelica.pt\\\/site\\\/\",\"name\":\"Alian\u00e7a Evang\u00e9lica Portuguesa\",\"description\":\"Alian\u00e7a Evang\u00e9lica Portuguesa\",\"publisher\":{\"@id\":\"https:\\\/\\\/aliancaevangelica.pt\\\/site\\\/#organization\"},\"potentialAction\":[{\"@type\":\"SearchAction\",\"target\":{\"@type\":\"EntryPoint\",\"urlTemplate\":\"https:\\\/\\\/aliancaevangelica.pt\\\/site\\\/?s={search_term_string}\"},\"query-input\":{\"@type\":\"PropertyValueSpecification\",\"valueRequired\":true,\"valueName\":\"search_term_string\"}}],\"inLanguage\":\"pt-PT\"},{\"@type\":\"Organization\",\"@id\":\"https:\\\/\\\/aliancaevangelica.pt\\\/site\\\/#organization\",\"name\":\"Alian\u00e7a Evang\u00e9lica Portuguesa\",\"url\":\"https:\\\/\\\/aliancaevangelica.pt\\\/site\\\/\",\"logo\":{\"@type\":\"ImageObject\",\"inLanguage\":\"pt-PT\",\"@id\":\"https:\\\/\\\/aliancaevangelica.pt\\\/site\\\/#\\\/schema\\\/logo\\\/image\\\/\",\"url\":\"https:\\\/\\\/aliancaevangelica.pt\\\/site\\\/wp-content\\\/uploads\\\/2017\\\/11\\\/logo-AEP-cor.png\",\"contentUrl\":\"https:\\\/\\\/aliancaevangelica.pt\\\/site\\\/wp-content\\\/uploads\\\/2017\\\/11\\\/logo-AEP-cor.png\",\"width\":1156,\"height\":672,\"caption\":\"Alian\u00e7a Evang\u00e9lica Portuguesa\"},\"image\":{\"@id\":\"https:\\\/\\\/aliancaevangelica.pt\\\/site\\\/#\\\/schema\\\/logo\\\/image\\\/\"},\"sameAs\":[\"http:\\\/\\\/facebook.com\\\/aeportuguesa\",\"http:\\\/\\\/instagram.com\\\/aliancaep\",\"http:\\\/\\\/youtube.com\\\/aeportuguesa\"]},{\"@type\":\"Person\",\"@id\":\"https:\\\/\\\/aliancaevangelica.pt\\\/site\\\/#\\\/schema\\\/person\\\/3b47cfc7535eff1e820f31c2d67eafcf\",\"name\":\"AEP\",\"sameAs\":[\"aeportugal\"],\"url\":\"https:\\\/\\\/aliancaevangelica.pt\\\/site\\\/author\\\/aeportugal\\\/\"}]}<\/script>\n<!-- \/ Yoast SEO plugin. -->","yoast_head_json":{"title":"AEP recebida pela Ministra da Justi\u00e7a - AEP","robots":{"index":"index","follow":"follow","max-snippet":"max-snippet:-1","max-image-preview":"max-image-preview:large","max-video-preview":"max-video-preview:-1"},"canonical":"https:\/\/aliancaevangelica.pt\/site\/aep-recebida-pela-ministra-da-justica\/","og_locale":"pt_PT","og_type":"article","og_title":"AEP recebida pela Ministra da Justi\u00e7a - AEP","og_description":"A dire\u00e7\u00e3o da AEP foi recebida esta manh\u00e3 em audi\u00eancia pela Ministra da Justi\u00e7a, Dra Francica Van Dunem, a fim de convidar Sua Excel\u00eancia para a Celebra\u00e7\u00e3o do Centen\u00e1rio da AEP, a realizar-se a na cidade do Porto, a 14 de novembro pr\u00f3ximo. Foi tamb\u00e9m um momento para, entre outros assuntos de grande import\u00e2ncia para","og_url":"https:\/\/aliancaevangelica.pt\/site\/aep-recebida-pela-ministra-da-justica\/","og_site_name":"AEP","article_publisher":"http:\/\/facebook.com\/aeportuguesa","article_author":"aeportugal","article_published_time":"2021-07-06T17:19:54+00:00","article_modified_time":"2021-07-06T17:19:58+00:00","og_image":[{"width":1024,"height":768,"url":"https:\/\/aliancaevangelica.pt\/site\/wp-content\/uploads\/2021\/07\/WhatsApp-Image-2021-07-06-at-14.42.47.jpeg","type":"image\/jpeg"}],"author":"AEP","twitter_card":"summary_large_image","twitter_misc":{"Escrito por":"AEP","Tempo estimado de leitura":"1 minuto"},"schema":{"@context":"https:\/\/schema.org","@graph":[{"@type":"Article","@id":"https:\/\/aliancaevangelica.pt\/site\/aep-recebida-pela-ministra-da-justica\/#article","isPartOf":{"@id":"https:\/\/aliancaevangelica.pt\/site\/aep-recebida-pela-ministra-da-justica\/"},"author":{"name":"AEP","@id":"https:\/\/aliancaevangelica.pt\/site\/#\/schema\/person\/3b47cfc7535eff1e820f31c2d67eafcf"},"headline":"AEP recebida pela Ministra da Justi\u00e7a","datePublished":"2021-07-06T17:19:54+00:00","dateModified":"2021-07-06T17:19:58+00:00","mainEntityOfPage":{"@id":"https:\/\/aliancaevangelica.pt\/site\/aep-recebida-pela-ministra-da-justica\/"},"wordCount":109,"commentCount":0,"publisher":{"@id":"https:\/\/aliancaevangelica.pt\/site\/#organization"},"image":{"@id":"https:\/\/aliancaevangelica.pt\/site\/aep-recebida-pela-ministra-da-justica\/#primaryimage"},"thumbnailUrl":"https:\/\/aliancaevangelica.pt\/site\/wp-content\/uploads\/2021\/07\/WhatsApp-Image-2021-07-06-at-14.42.47.jpeg","articleSection":["1-Geral","2-Artigos Gerais","4-An\u00fancios","Not\u00edcias"],"inLanguage":"pt-PT","potentialAction":[{"@type":"CommentAction","name":"Comment","target":["https:\/\/aliancaevangelica.pt\/site\/aep-recebida-pela-ministra-da-justica\/#respond"]}]},{"@type":"WebPage","@id":"https:\/\/aliancaevangelica.pt\/site\/aep-recebida-pela-ministra-da-justica\/","url":"https:\/\/aliancaevangelica.pt\/site\/aep-recebida-pela-ministra-da-justica\/","name":"AEP recebida pela Ministra da Justi\u00e7a - AEP","isPartOf":{"@id":"https:\/\/aliancaevangelica.pt\/site\/#website"},"primaryImageOfPage":{"@id":"https:\/\/aliancaevangelica.pt\/site\/aep-recebida-pela-ministra-da-justica\/#primaryimage"},"image":{"@id":"https:\/\/aliancaevangelica.pt\/site\/aep-recebida-pela-ministra-da-justica\/#primaryimage"},"thumbnailUrl":"https:\/\/aliancaevangelica.pt\/site\/wp-content\/uploads\/2021\/07\/WhatsApp-Image-2021-07-06-at-14.42.47.jpeg","datePublished":"2021-07-06T17:19:54+00:00","dateModified":"2021-07-06T17:19:58+00:00","breadcrumb":{"@id":"https:\/\/aliancaevangelica.pt\/site\/aep-recebida-pela-ministra-da-justica\/#breadcrumb"},"inLanguage":"pt-PT","potentialAction":[{"@type":"ReadAction","target":["https:\/\/aliancaevangelica.pt\/site\/aep-recebida-pela-ministra-da-justica\/"]}]},{"@type":"ImageObject","inLanguage":"pt-PT","@id":"https:\/\/aliancaevangelica.pt\/site\/aep-recebida-pela-ministra-da-justica\/#primaryimage","url":"https:\/\/aliancaevangelica.pt\/site\/wp-content\/uploads\/2021\/07\/WhatsApp-Image-2021-07-06-at-14.42.47.jpeg","contentUrl":"https:\/\/aliancaevangelica.pt\/site\/wp-content\/uploads\/2021\/07\/WhatsApp-Image-2021-07-06-at-14.42.47.jpeg","width":1024,"height":768},{"@type":"BreadcrumbList","@id":"https:\/\/aliancaevangelica.pt\/site\/aep-recebida-pela-ministra-da-justica\/#breadcrumb","itemListElement":[{"@type":"ListItem","position":1,"name":"In\u00edcio","item":"https:\/\/aliancaevangelica.pt\/site\/"},{"@type":"ListItem","position":2,"name":"AEP recebida pela Ministra da Justi\u00e7a"}]},{"@type":"WebSite","@id":"https:\/\/aliancaevangelica.pt\/site\/#website","url":"https:\/\/aliancaevangelica.pt\/site\/","name":"Alian\u00e7a Evang\u00e9lica Portuguesa","description":"Alian\u00e7a Evang\u00e9lica Portuguesa","publisher":{"@id":"https:\/\/aliancaevangelica.pt\/site\/#organization"},"potentialAction":[{"@type":"SearchAction","target":{"@type":"EntryPoint","urlTemplate":"https:\/\/aliancaevangelica.pt\/site\/?s={search_term_string}"},"query-input":{"@type":"PropertyValueSpecification","valueRequired":true,"valueName":"search_term_string"}}],"inLanguage":"pt-PT"},{"@type":"Organization","@id":"https:\/\/aliancaevangelica.pt\/site\/#organization","name":"Alian\u00e7a Evang\u00e9lica Portuguesa","url":"https:\/\/aliancaevangelica.pt\/site\/","logo":{"@type":"ImageObject","inLanguage":"pt-PT","@id":"https:\/\/aliancaevangelica.pt\/site\/#\/schema\/logo\/image\/","url":"https:\/\/aliancaevangelica.pt\/site\/wp-content\/uploads\/2017\/11\/logo-AEP-cor.png","contentUrl":"https:\/\/aliancaevangelica.pt\/site\/wp-content\/uploads\/2017\/11\/logo-AEP-cor.png","width":1156,"height":672,"caption":"Alian\u00e7a Evang\u00e9lica Portuguesa"},"image":{"@id":"https:\/\/aliancaevangelica.pt\/site\/#\/schema\/logo\/image\/"},"sameAs":["http:\/\/facebook.com\/aeportuguesa","http:\/\/instagram.com\/aliancaep","http:\/\/youtube.com\/aeportuguesa"]},{"@type":"Person","@id":"https:\/\/aliancaevangelica.pt\/site\/#\/schema\/person\/3b47cfc7535eff1e820f31c2d67eafcf","name":"AEP","sameAs":["aeportugal"],"url":"https:\/\/aliancaevangelica.pt\/site\/author\/aeportugal\/"}]}},"uagb_featured_image_src":{"full":["https:\/\/aliancaevangelica.pt\/site\/wp-content\/uploads\/2021\/07\/WhatsApp-Image-2021-07-06-at-14.42.47.jpeg",1024,768,false],"thumbnail":["https:\/\/aliancaevangelica.pt\/site\/wp-content\/uploads\/2021\/07\/WhatsApp-Image-2021-07-06-at-14.42.47-150x150.jpeg",150,150,true],"medium":["https:\/\/aliancaevangelica.pt\/site\/wp-content\/uploads\/2021\/07\/WhatsApp-Image-2021-07-06-at-14.42.47-300x225.jpeg",300,225,true],"medium_large":["https:\/\/aliancaevangelica.pt\/site\/wp-content\/uploads\/2021\/07\/WhatsApp-Image-2021-07-06-at-14.42.47-768x576.jpeg",768,576,true],"large":["https:\/\/aliancaevangelica.pt\/site\/wp-content\/uploads\/2021\/07\/WhatsApp-Image-2021-07-06-at-14.42.47.jpeg",960,720,false],"1536x1536":["https:\/\/aliancaevangelica.pt\/site\/wp-content\/uploads\/2021\/07\/WhatsApp-Image-2021-07-06-at-14.42.47.jpeg",1024,768,false],"2048x2048":["https:\/\/aliancaevangelica.pt\/site\/wp-content\/uploads\/2021\/07\/WhatsApp-Image-2021-07-06-at-14.42.47.jpeg",1024,768,false],"vp_sm":["https:\/\/aliancaevangelica.pt\/site\/wp-content\/uploads\/2021\/07\/WhatsApp-Image-2021-07-06-at-14.42.47.jpeg",500,375,false],"vp_md":["https:\/\/aliancaevangelica.pt\/site\/wp-content\/uploads\/2021\/07\/WhatsApp-Image-2021-07-06-at-14.42.47.jpeg",800,600,false],"vp_lg":["https:\/\/aliancaevangelica.pt\/site\/wp-content\/uploads\/2021\/07\/WhatsApp-Image-2021-07-06-at-14.42.47.jpeg",1024,768,false],"vp_xl":["https:\/\/aliancaevangelica.pt\/site\/wp-content\/uploads\/2021\/07\/WhatsApp-Image-2021-07-06-at-14.42.47.jpeg",1024,768,false],"vp_sm_popup":["https:\/\/aliancaevangelica.pt\/site\/wp-content\/uploads\/2021\/07\/WhatsApp-Image-2021-07-06-at-14.42.47.jpeg",500,375,false],"vp_md_popup":["https:\/\/aliancaevangelica.pt\/site\/wp-content\/uploads\/2021\/07\/WhatsApp-Image-2021-07-06-at-14.42.47.jpeg",800,600,false],"vp_xl_popup":["https:\/\/aliancaevangelica.pt\/site\/wp-content\/uploads\/2021\/07\/WhatsApp-Image-2021-07-06-at-14.42.47.jpeg",1024,768,false],"newsx-150x100":["https:\/\/aliancaevangelica.pt\/site\/wp-content\/uploads\/2021\/07\/WhatsApp-Image-2021-07-06-at-14.42.47.jpeg",133,100,false],"newsx-330x220":["https:\/\/aliancaevangelica.pt\/site\/wp-content\/uploads\/2021\/07\/WhatsApp-Image-2021-07-06-at-14.42.47.jpeg",293,220,false],"newsx-420x280":["https:\/\/aliancaevangelica.pt\/site\/wp-content\/uploads\/2021\/07\/WhatsApp-Image-2021-07-06-at-14.42.47.jpeg",373,280,false],"newsx-510x340":["https:\/\/aliancaevangelica.pt\/site\/wp-content\/uploads\/2021\/07\/WhatsApp-Image-2021-07-06-at-14.42.47.jpeg",453,340,false],"newsx-640x480":["https:\/\/aliancaevangelica.pt\/site\/wp-content\/uploads\/2021\/07\/WhatsApp-Image-2021-07-06-at-14.42.47.jpeg",640,480,false],"newsx-670x370":["https:\/\/aliancaevangelica.pt\/site\/wp-content\/uploads\/2021\/07\/WhatsApp-Image-2021-07-06-at-14.42.47.jpeg",493,370,false],"newsx-860x570":["https:\/\/aliancaevangelica.pt\/site\/wp-content\/uploads\/2021\/07\/WhatsApp-Image-2021-07-06-at-14.42.47.jpeg",760,570,false],"newsx-1000x750":["https:\/\/aliancaevangelica.pt\/site\/wp-content\/uploads\/2021\/07\/WhatsApp-Image-2021-07-06-at-14.42.47.jpeg",1000,750,false],"newsx-1200x600":["https:\/\/aliancaevangelica.pt\/site\/wp-content\/uploads\/2021\/07\/WhatsApp-Image-2021-07-06-at-14.42.47.jpeg",800,600,false]},"uagb_author_info":{"display_name":"AEP","author_link":"https:\/\/aliancaevangelica.pt\/site\/author\/aeportugal\/"},"uagb_comment_info":0,"uagb_excerpt":"A dire\u00e7\u00e3o da AEP foi recebida esta manh\u00e3 em audi\u00eancia pela Ministra da Justi\u00e7a, Dra Francica Van Dunem, a fim de convidar Sua Excel\u00eancia para a Celebra\u00e7\u00e3o do Centen\u00e1rio da AEP, a realizar-se a na cidade do Porto, a 14 de novembro pr\u00f3ximo. Foi tamb\u00e9m um momento para, entre outros assuntos de grande import\u00e2ncia para","_links":{"self":[{"href":"https:\/\/aliancaevangelica.pt\/site\/wp-json\/wp\/v2\/posts\/19104","targetHints":{"allow":["GET"]}}],"collection":[{"href":"https:\/\/aliancaevangelica.pt\/site\/wp-json\/wp\/v2\/posts"}],"about":[{"href":"https:\/\/aliancaevangelica.pt\/site\/wp-json\/wp\/v2\/types\/post"}],"author":[{"embeddable":true,"href":"https:\/\/aliancaevangelica.pt\/site\/wp-json\/wp\/v2\/users\/2"}],"replies":[{"embeddable":true,"href":"https:\/\/aliancaevangelica.pt\/site\/wp-json\/wp\/v2\/comments?post=19104"}],"version-history":[{"count":1,"href":"https:\/\/aliancaevangelica.pt\/site\/wp-json\/wp\/v2\/posts\/19104\/revisions"}],"predecessor-version":[{"id":19106,"href":"https:\/\/aliancaevangelica.pt\/site\/wp-json\/wp\/v2\/posts\/19104\/revisions\/19106"}],"wp:featuredmedia":[{"embeddable":true,"href":"https:\/\/aliancaevangelica.pt\/site\/wp-json\/wp\/v2\/media\/19105"}],"wp:attachment":[{"href":"https:\/\/aliancaevangelica.pt\/site\/wp-json\/wp\/v2\/media?parent=19104"}],"wp:term":[{"taxonomy":"category","embeddable":true,"href":"https:\/\/aliancaevangelica.pt\/site\/wp-json\/wp\/v2\/categories?post=19104"},{"taxonomy":"post_tag","embeddable":true,"href":"https:\/\/aliancaevangelica.pt\/site\/wp-json\/wp\/v2\/tags?post=19104"}],"curies":[{"name":"wp","href":"https:\/\/api.w.org\/{rel}","templated":true}]}}