{"id":19083,"date":"2021-06-25T11:14:13","date_gmt":"2021-06-25T11:14:13","guid":{"rendered":"https:\/\/aliancaevangelica.pt\/site\/?p=19083"},"modified":"2026-04-14T11:25:33","modified_gmt":"2026-04-14T11:25:33","slug":"vira-como-chuva","status":"publish","type":"post","link":"https:\/\/aliancaevangelica.pt\/site\/vira-como-chuva\/","title":{"rendered":"Vir\u00e1 como a chuva"},"content":{"rendered":"\n<div style=\"height:25px\" aria-hidden=\"true\" class=\"wp-block-spacer\"><\/div>\n\n\n\n<div class=\"wp-block-media-text is-stacked-on-mobile is-vertically-aligned-bottom\" style=\"grid-template-columns:23% auto\" id=\"wp-block-themeisle-blocks-image-30c9123f\"><figure class=\"wp-block-media-text__media\"><img loading=\"lazy\" decoding=\"async\" width=\"246\" height=\"246\" src=\"https:\/\/aliancaevangelica.pt\/site\/wp-content\/uploads\/2017\/11\/Bertina.jpg\" alt=\"\" class=\"wp-image-15246 size-full\" srcset=\"https:\/\/aliancaevangelica.pt\/site\/wp-content\/uploads\/2017\/11\/Bertina.jpg 246w, https:\/\/aliancaevangelica.pt\/site\/wp-content\/uploads\/2017\/11\/Bertina-150x150.jpg 150w\" sizes=\"auto, (max-width: 246px) 100vw, 246px\" \/><\/figure><div class=\"wp-block-media-text__content\">\n<h2 class=\"wp-block-heading\">&nbsp;Cada dia \u00e9 vivido com o Seu amparo<\/h2>\n\n\n\n<p>Bertina Coias Tom\u00e9<br><em><em><sub>Psic\u00f3loga, Especialista em Psicologia Cl\u00ednica e da Sa\u00fade e em Psicologia Comunit\u00e1ria.<\/sub><\/em><\/em><\/p>\n<\/div><\/div>\n\n\n\n<div style=\"height:25px\" aria-hidden=\"true\" class=\"wp-block-spacer\"><\/div>\n\n\n\n<h4 class=\"wp-block-heading p1\">Gosto de ver chover. Gosto de ouvir chover. Depois, gosto do aroma da terra molhada.<\/h4>\n\n\n\n<p class=\"p1\"><strong>Em dias de chuva, v\u00eam-me \u00e0 mente as palavras de Oseias (6:3b):<\/strong><br><strong><em>\u201cEle a n\u00f3s vir\u00e1 como a chuva, como chuva ser\u00f4dia que rega a terra.\u201d<\/em><\/strong><\/p>\n\n\n\n<p class=\"p1\">Pode acontecer pensarmos em Deus como Algu\u00e9m distante, at\u00e9 inacess\u00edvel. Contudo, esta afirma\u00e7\u00e3o refere um Deus que vem a n\u00f3s, que se aproxima e toca na nossa vida. De que forma o faz? Vir\u00e1 como chuva, diz a passagem b\u00edblica. Dou por mim a pensar que nesta chuva e encontro a\u00ed tr\u00eas caracter\u00edsticas.<\/p>\n\n\n\n<h3 class=\"wp-block-heading p1\"><strong>Nova<\/strong><\/h3>\n\n\n\n<p class=\"p1\">N\u00e3o existe chuva velha. Nem usada, gasta ou remendada. \u00c9 sempre nova, recebida em 1\u00aa m\u00e3o. Transparente, fresca, l\u00edmpida em cada gota. Assim \u00e9 o toque de Deus na nossa vida. O Seu amor puro oferece-nos o novo. \u201cSe algu\u00e9m est\u00e1 em Cristo, nova criatura \u00e9. As coisas velhas j\u00e1 passaram, eis que tudo se fez novo\u201d, lembra-nos S. Paulo (II Cor\u00edntios 5:17)<\/p>\n\n\n\n<p class=\"p1\">\u201cEis que fa\u00e7o novas todas as coisas.\u201d (Apocalipse 21:15)<\/p>\n\n\n\n<h3 class=\"wp-block-heading p1\"><strong>Geradora de vida<\/strong><\/h3>\n\n\n\n<p class=\"p1\">A chuva cai na terra seca, refresca-a e desperta vida. Em pouco tempo, veremos germinar por ali plantas diversas. E o cen\u00e1rio \u00e1rido muda, passando a um fundo verde salpicado pelas cores das flores silvestres.<\/p>\n\n\n\n<p class=\"p1\">De igual modo, ao tocar na nossa vida, mesmo que ressequida ou inerte, Ele faz nascer e crescer sentimentos, perspectivas, ideias, ac\u00e7\u00f5es, frutos da Sua presen\u00e7a, que oferecem uma nova vis\u00e3o e uma din\u00e2mica pr\u00f3pria aos nossos dias.<\/p>\n\n\n\n<h3 class=\"wp-block-heading p1\"><strong>Ser\u00f4dia<\/strong><\/h3>\n\n\n\n<p class=\"p1\">A chuva \u00e9 ser\u00f4dia, ou seja, acontece fora do tempo, pois n\u00e3o est\u00e1 limitada por ele. Surge como uma prenda que se recebe num dia que n\u00e3o \u00e9 o do anivers\u00e1rio nem \u00e9 Natal. Apanha-nos de surpresa e delicia-nos.<\/p>\n\n\n\n<p class=\"p1\">Acredito que Deus tem prazer em vir a n\u00f3s e aben\u00e7oar-nos, mesmo que seja no dia menos esperado. Enxugar as nossas l\u00e1grimas, curar as nossas feridas, levar-nos aos ombros, como o pastor que encontra a ovelha perdida, oferecer-nos paz.<\/p>\n\n\n\n<p class=\"p1\">Preparei esta reflex\u00e3o uma noite, para a partilhar na manh\u00e3 do dia seguinte, num tempo devocional por Zoom. De manh\u00e3, assim que acordei, ouvi a chuva que ca\u00eda l\u00e1 fora\u2026 Quase no in\u00edcio do Ver\u00e3o, sem ser muito esperada. Fez-me bem ouvi-la, como se vincasse esta verdade b\u00edblica. Sim, Deus est\u00e1 perto, como a chuva que cai, natural e suavemente.<\/p>\n\n\n\n<h3 class=\"wp-block-heading p1\">\u201cTu, \u00f3 Deus, mandaste a chuva em abund\u00e2ncia, confortaste a tua heran\u00e7a, quando estava cansada.\u201d (Salmo 68:9)<\/h3>\n\n\n\n<div style=\"height:100px\" aria-hidden=\"true\" class=\"wp-block-spacer\"><\/div>\n","protected":false},"excerpt":{"rendered":"<p>&nbsp;Cada dia \u00e9 vivido com o Seu amparo Bertina Coias Tom\u00e9Psic\u00f3loga, Especialista em Psicologia Cl\u00ednica e da Sa\u00fade e em Psicologia Comunit\u00e1ria. Gosto de ver chover. Gosto de ouvir chover. Depois, gosto do aroma da terra molhada. Em dias de chuva, v\u00eam-me \u00e0 mente as palavras de Oseias (6:3b):\u201cEle a n\u00f3s vir\u00e1 como a chuva,<\/p>\n","protected":false},"author":2,"featured_media":19084,"comment_status":"open","ping_status":"open","sticky":false,"template":"","format":"standard","meta":{"_uag_custom_page_level_css":"","_themeisle_gutenberg_block_has_review":false,"_vp_format_video_url":"","_vp_image_focal_point":[],"footnotes":""},"categories":[47,94],"tags":[],"class_list":["post-19083","post","type-post","status-publish","format-standard","has-post-thumbnail","hentry","category-mulheres-casais-e-familia","category-olhares"],"yoast_head":"<!-- This site is optimized with the Yoast SEO plugin v27.5 - https:\/\/yoast.com\/product\/yoast-seo-wordpress\/ -->\n<title>Vir\u00e1 como a chuva - AEP<\/title>\n<meta name=\"robots\" content=\"index, follow, max-snippet:-1, max-image-preview:large, max-video-preview:-1\" \/>\n<link rel=\"canonical\" href=\"https:\/\/aliancaevangelica.pt\/site\/vira-como-chuva\/\" \/>\n<meta property=\"og:locale\" content=\"pt_PT\" \/>\n<meta property=\"og:type\" content=\"article\" \/>\n<meta property=\"og:title\" content=\"Vir\u00e1 como a chuva - AEP\" \/>\n<meta property=\"og:description\" content=\"&nbsp;Cada dia \u00e9 vivido com o Seu amparo Bertina Coias Tom\u00e9Psic\u00f3loga, Especialista em Psicologia Cl\u00ednica e da Sa\u00fade e em Psicologia Comunit\u00e1ria. Gosto de ver chover. Gosto de ouvir chover. Depois, gosto do aroma da terra molhada. Em dias de chuva, v\u00eam-me \u00e0 mente as palavras de Oseias (6:3b):\u201cEle a n\u00f3s vir\u00e1 como a chuva,\" \/>\n<meta property=\"og:url\" content=\"https:\/\/aliancaevangelica.pt\/site\/vira-como-chuva\/\" \/>\n<meta property=\"og:site_name\" content=\"AEP\" \/>\n<meta property=\"article:publisher\" content=\"http:\/\/facebook.com\/aeportuguesa\" \/>\n<meta property=\"article:author\" content=\"aeportugal\" \/>\n<meta property=\"article:published_time\" content=\"2021-06-25T11:14:13+00:00\" \/>\n<meta property=\"article:modified_time\" content=\"2026-04-14T11:25:33+00:00\" \/>\n<meta property=\"og:image\" content=\"https:\/\/aliancaevangelica.pt\/site\/wp-content\/uploads\/2021\/06\/Chuva-Jasmins.jpg\" \/>\n\t<meta property=\"og:image:width\" content=\"960\" \/>\n\t<meta property=\"og:image:height\" content=\"696\" \/>\n\t<meta property=\"og:image:type\" content=\"image\/jpeg\" \/>\n<meta name=\"author\" content=\"AEP\" \/>\n<meta name=\"twitter:card\" content=\"summary_large_image\" \/>\n<meta name=\"twitter:label1\" content=\"Escrito por\" \/>\n\t<meta name=\"twitter:data1\" content=\"AEP\" \/>\n\t<meta name=\"twitter:label2\" content=\"Tempo estimado de leitura\" \/>\n\t<meta name=\"twitter:data2\" content=\"3 minutos\" \/>\n<script type=\"application\/ld+json\" class=\"yoast-schema-graph\">{\"@context\":\"https:\\\/\\\/schema.org\",\"@graph\":[{\"@type\":\"Article\",\"@id\":\"https:\\\/\\\/aliancaevangelica.pt\\\/site\\\/vira-como-chuva\\\/#article\",\"isPartOf\":{\"@id\":\"https:\\\/\\\/aliancaevangelica.pt\\\/site\\\/vira-como-chuva\\\/\"},\"author\":{\"name\":\"AEP\",\"@id\":\"https:\\\/\\\/aliancaevangelica.pt\\\/site\\\/#\\\/schema\\\/person\\\/3b47cfc7535eff1e820f31c2d67eafcf\"},\"headline\":\"Vir\u00e1 como a chuva\",\"datePublished\":\"2021-06-25T11:14:13+00:00\",\"dateModified\":\"2026-04-14T11:25:33+00:00\",\"mainEntityOfPage\":{\"@id\":\"https:\\\/\\\/aliancaevangelica.pt\\\/site\\\/vira-como-chuva\\\/\"},\"wordCount\":455,\"commentCount\":0,\"publisher\":{\"@id\":\"https:\\\/\\\/aliancaevangelica.pt\\\/site\\\/#organization\"},\"image\":{\"@id\":\"https:\\\/\\\/aliancaevangelica.pt\\\/site\\\/vira-como-chuva\\\/#primaryimage\"},\"thumbnailUrl\":\"https:\\\/\\\/aliancaevangelica.pt\\\/site\\\/wp-content\\\/uploads\\\/2021\\\/06\\\/Chuva-Jasmins.jpg\",\"articleSection\":[\"Mulheres, Casais e Fam\u00edlia\",\"Olhares\"],\"inLanguage\":\"pt-PT\",\"potentialAction\":[{\"@type\":\"CommentAction\",\"name\":\"Comment\",\"target\":[\"https:\\\/\\\/aliancaevangelica.pt\\\/site\\\/vira-como-chuva\\\/#respond\"]}]},{\"@type\":\"WebPage\",\"@id\":\"https:\\\/\\\/aliancaevangelica.pt\\\/site\\\/vira-como-chuva\\\/\",\"url\":\"https:\\\/\\\/aliancaevangelica.pt\\\/site\\\/vira-como-chuva\\\/\",\"name\":\"Vir\u00e1 como a chuva - AEP\",\"isPartOf\":{\"@id\":\"https:\\\/\\\/aliancaevangelica.pt\\\/site\\\/#website\"},\"primaryImageOfPage\":{\"@id\":\"https:\\\/\\\/aliancaevangelica.pt\\\/site\\\/vira-como-chuva\\\/#primaryimage\"},\"image\":{\"@id\":\"https:\\\/\\\/aliancaevangelica.pt\\\/site\\\/vira-como-chuva\\\/#primaryimage\"},\"thumbnailUrl\":\"https:\\\/\\\/aliancaevangelica.pt\\\/site\\\/wp-content\\\/uploads\\\/2021\\\/06\\\/Chuva-Jasmins.jpg\",\"datePublished\":\"2021-06-25T11:14:13+00:00\",\"dateModified\":\"2026-04-14T11:25:33+00:00\",\"breadcrumb\":{\"@id\":\"https:\\\/\\\/aliancaevangelica.pt\\\/site\\\/vira-como-chuva\\\/#breadcrumb\"},\"inLanguage\":\"pt-PT\",\"potentialAction\":[{\"@type\":\"ReadAction\",\"target\":[\"https:\\\/\\\/aliancaevangelica.pt\\\/site\\\/vira-como-chuva\\\/\"]}]},{\"@type\":\"ImageObject\",\"inLanguage\":\"pt-PT\",\"@id\":\"https:\\\/\\\/aliancaevangelica.pt\\\/site\\\/vira-como-chuva\\\/#primaryimage\",\"url\":\"https:\\\/\\\/aliancaevangelica.pt\\\/site\\\/wp-content\\\/uploads\\\/2021\\\/06\\\/Chuva-Jasmins.jpg\",\"contentUrl\":\"https:\\\/\\\/aliancaevangelica.pt\\\/site\\\/wp-content\\\/uploads\\\/2021\\\/06\\\/Chuva-Jasmins.jpg\",\"width\":960,\"height\":696},{\"@type\":\"BreadcrumbList\",\"@id\":\"https:\\\/\\\/aliancaevangelica.pt\\\/site\\\/vira-como-chuva\\\/#breadcrumb\",\"itemListElement\":[{\"@type\":\"ListItem\",\"position\":1,\"name\":\"In\u00edcio\",\"item\":\"https:\\\/\\\/aliancaevangelica.pt\\\/site\\\/\"},{\"@type\":\"ListItem\",\"position\":2,\"name\":\"Vir\u00e1 como a chuva\"}]},{\"@type\":\"WebSite\",\"@id\":\"https:\\\/\\\/aliancaevangelica.pt\\\/site\\\/#website\",\"url\":\"https:\\\/\\\/aliancaevangelica.pt\\\/site\\\/\",\"name\":\"Alian\u00e7a Evang\u00e9lica Portuguesa\",\"description\":\"Alian\u00e7a Evang\u00e9lica Portuguesa\",\"publisher\":{\"@id\":\"https:\\\/\\\/aliancaevangelica.pt\\\/site\\\/#organization\"},\"potentialAction\":[{\"@type\":\"SearchAction\",\"target\":{\"@type\":\"EntryPoint\",\"urlTemplate\":\"https:\\\/\\\/aliancaevangelica.pt\\\/site\\\/?s={search_term_string}\"},\"query-input\":{\"@type\":\"PropertyValueSpecification\",\"valueRequired\":true,\"valueName\":\"search_term_string\"}}],\"inLanguage\":\"pt-PT\"},{\"@type\":\"Organization\",\"@id\":\"https:\\\/\\\/aliancaevangelica.pt\\\/site\\\/#organization\",\"name\":\"Alian\u00e7a Evang\u00e9lica Portuguesa\",\"url\":\"https:\\\/\\\/aliancaevangelica.pt\\\/site\\\/\",\"logo\":{\"@type\":\"ImageObject\",\"inLanguage\":\"pt-PT\",\"@id\":\"https:\\\/\\\/aliancaevangelica.pt\\\/site\\\/#\\\/schema\\\/logo\\\/image\\\/\",\"url\":\"https:\\\/\\\/aliancaevangelica.pt\\\/site\\\/wp-content\\\/uploads\\\/2017\\\/11\\\/logo-AEP-cor.png\",\"contentUrl\":\"https:\\\/\\\/aliancaevangelica.pt\\\/site\\\/wp-content\\\/uploads\\\/2017\\\/11\\\/logo-AEP-cor.png\",\"width\":1156,\"height\":672,\"caption\":\"Alian\u00e7a Evang\u00e9lica Portuguesa\"},\"image\":{\"@id\":\"https:\\\/\\\/aliancaevangelica.pt\\\/site\\\/#\\\/schema\\\/logo\\\/image\\\/\"},\"sameAs\":[\"http:\\\/\\\/facebook.com\\\/aeportuguesa\",\"http:\\\/\\\/instagram.com\\\/aliancaep\",\"http:\\\/\\\/youtube.com\\\/aeportuguesa\"]},{\"@type\":\"Person\",\"@id\":\"https:\\\/\\\/aliancaevangelica.pt\\\/site\\\/#\\\/schema\\\/person\\\/3b47cfc7535eff1e820f31c2d67eafcf\",\"name\":\"AEP\",\"sameAs\":[\"aeportugal\"],\"url\":\"https:\\\/\\\/aliancaevangelica.pt\\\/site\\\/author\\\/aeportugal\\\/\"}]}<\/script>\n<!-- \/ Yoast SEO plugin. -->","yoast_head_json":{"title":"Vir\u00e1 como a chuva - AEP","robots":{"index":"index","follow":"follow","max-snippet":"max-snippet:-1","max-image-preview":"max-image-preview:large","max-video-preview":"max-video-preview:-1"},"canonical":"https:\/\/aliancaevangelica.pt\/site\/vira-como-chuva\/","og_locale":"pt_PT","og_type":"article","og_title":"Vir\u00e1 como a chuva - AEP","og_description":"&nbsp;Cada dia \u00e9 vivido com o Seu amparo Bertina Coias Tom\u00e9Psic\u00f3loga, Especialista em Psicologia Cl\u00ednica e da Sa\u00fade e em Psicologia Comunit\u00e1ria. Gosto de ver chover. Gosto de ouvir chover. Depois, gosto do aroma da terra molhada. Em dias de chuva, v\u00eam-me \u00e0 mente as palavras de Oseias (6:3b):\u201cEle a n\u00f3s vir\u00e1 como a chuva,","og_url":"https:\/\/aliancaevangelica.pt\/site\/vira-como-chuva\/","og_site_name":"AEP","article_publisher":"http:\/\/facebook.com\/aeportuguesa","article_author":"aeportugal","article_published_time":"2021-06-25T11:14:13+00:00","article_modified_time":"2026-04-14T11:25:33+00:00","og_image":[{"width":960,"height":696,"url":"https:\/\/aliancaevangelica.pt\/site\/wp-content\/uploads\/2021\/06\/Chuva-Jasmins.jpg","type":"image\/jpeg"}],"author":"AEP","twitter_card":"summary_large_image","twitter_misc":{"Escrito por":"AEP","Tempo estimado de leitura":"3 minutos"},"schema":{"@context":"https:\/\/schema.org","@graph":[{"@type":"Article","@id":"https:\/\/aliancaevangelica.pt\/site\/vira-como-chuva\/#article","isPartOf":{"@id":"https:\/\/aliancaevangelica.pt\/site\/vira-como-chuva\/"},"author":{"name":"AEP","@id":"https:\/\/aliancaevangelica.pt\/site\/#\/schema\/person\/3b47cfc7535eff1e820f31c2d67eafcf"},"headline":"Vir\u00e1 como a chuva","datePublished":"2021-06-25T11:14:13+00:00","dateModified":"2026-04-14T11:25:33+00:00","mainEntityOfPage":{"@id":"https:\/\/aliancaevangelica.pt\/site\/vira-como-chuva\/"},"wordCount":455,"commentCount":0,"publisher":{"@id":"https:\/\/aliancaevangelica.pt\/site\/#organization"},"image":{"@id":"https:\/\/aliancaevangelica.pt\/site\/vira-como-chuva\/#primaryimage"},"thumbnailUrl":"https:\/\/aliancaevangelica.pt\/site\/wp-content\/uploads\/2021\/06\/Chuva-Jasmins.jpg","articleSection":["Mulheres, Casais e Fam\u00edlia","Olhares"],"inLanguage":"pt-PT","potentialAction":[{"@type":"CommentAction","name":"Comment","target":["https:\/\/aliancaevangelica.pt\/site\/vira-como-chuva\/#respond"]}]},{"@type":"WebPage","@id":"https:\/\/aliancaevangelica.pt\/site\/vira-como-chuva\/","url":"https:\/\/aliancaevangelica.pt\/site\/vira-como-chuva\/","name":"Vir\u00e1 como a chuva - AEP","isPartOf":{"@id":"https:\/\/aliancaevangelica.pt\/site\/#website"},"primaryImageOfPage":{"@id":"https:\/\/aliancaevangelica.pt\/site\/vira-como-chuva\/#primaryimage"},"image":{"@id":"https:\/\/aliancaevangelica.pt\/site\/vira-como-chuva\/#primaryimage"},"thumbnailUrl":"https:\/\/aliancaevangelica.pt\/site\/wp-content\/uploads\/2021\/06\/Chuva-Jasmins.jpg","datePublished":"2021-06-25T11:14:13+00:00","dateModified":"2026-04-14T11:25:33+00:00","breadcrumb":{"@id":"https:\/\/aliancaevangelica.pt\/site\/vira-como-chuva\/#breadcrumb"},"inLanguage":"pt-PT","potentialAction":[{"@type":"ReadAction","target":["https:\/\/aliancaevangelica.pt\/site\/vira-como-chuva\/"]}]},{"@type":"ImageObject","inLanguage":"pt-PT","@id":"https:\/\/aliancaevangelica.pt\/site\/vira-como-chuva\/#primaryimage","url":"https:\/\/aliancaevangelica.pt\/site\/wp-content\/uploads\/2021\/06\/Chuva-Jasmins.jpg","contentUrl":"https:\/\/aliancaevangelica.pt\/site\/wp-content\/uploads\/2021\/06\/Chuva-Jasmins.jpg","width":960,"height":696},{"@type":"BreadcrumbList","@id":"https:\/\/aliancaevangelica.pt\/site\/vira-como-chuva\/#breadcrumb","itemListElement":[{"@type":"ListItem","position":1,"name":"In\u00edcio","item":"https:\/\/aliancaevangelica.pt\/site\/"},{"@type":"ListItem","position":2,"name":"Vir\u00e1 como a chuva"}]},{"@type":"WebSite","@id":"https:\/\/aliancaevangelica.pt\/site\/#website","url":"https:\/\/aliancaevangelica.pt\/site\/","name":"Alian\u00e7a Evang\u00e9lica Portuguesa","description":"Alian\u00e7a Evang\u00e9lica Portuguesa","publisher":{"@id":"https:\/\/aliancaevangelica.pt\/site\/#organization"},"potentialAction":[{"@type":"SearchAction","target":{"@type":"EntryPoint","urlTemplate":"https:\/\/aliancaevangelica.pt\/site\/?s={search_term_string}"},"query-input":{"@type":"PropertyValueSpecification","valueRequired":true,"valueName":"search_term_string"}}],"inLanguage":"pt-PT"},{"@type":"Organization","@id":"https:\/\/aliancaevangelica.pt\/site\/#organization","name":"Alian\u00e7a Evang\u00e9lica Portuguesa","url":"https:\/\/aliancaevangelica.pt\/site\/","logo":{"@type":"ImageObject","inLanguage":"pt-PT","@id":"https:\/\/aliancaevangelica.pt\/site\/#\/schema\/logo\/image\/","url":"https:\/\/aliancaevangelica.pt\/site\/wp-content\/uploads\/2017\/11\/logo-AEP-cor.png","contentUrl":"https:\/\/aliancaevangelica.pt\/site\/wp-content\/uploads\/2017\/11\/logo-AEP-cor.png","width":1156,"height":672,"caption":"Alian\u00e7a Evang\u00e9lica Portuguesa"},"image":{"@id":"https:\/\/aliancaevangelica.pt\/site\/#\/schema\/logo\/image\/"},"sameAs":["http:\/\/facebook.com\/aeportuguesa","http:\/\/instagram.com\/aliancaep","http:\/\/youtube.com\/aeportuguesa"]},{"@type":"Person","@id":"https:\/\/aliancaevangelica.pt\/site\/#\/schema\/person\/3b47cfc7535eff1e820f31c2d67eafcf","name":"AEP","sameAs":["aeportugal"],"url":"https:\/\/aliancaevangelica.pt\/site\/author\/aeportugal\/"}]}},"uagb_featured_image_src":{"full":["https:\/\/aliancaevangelica.pt\/site\/wp-content\/uploads\/2021\/06\/Chuva-Jasmins.jpg",960,696,false],"thumbnail":["https:\/\/aliancaevangelica.pt\/site\/wp-content\/uploads\/2021\/06\/Chuva-Jasmins-150x150.jpg",150,150,true],"medium":["https:\/\/aliancaevangelica.pt\/site\/wp-content\/uploads\/2021\/06\/Chuva-Jasmins-300x218.jpg",300,218,true],"medium_large":["https:\/\/aliancaevangelica.pt\/site\/wp-content\/uploads\/2021\/06\/Chuva-Jasmins-768x557.jpg",768,557,true],"large":["https:\/\/aliancaevangelica.pt\/site\/wp-content\/uploads\/2021\/06\/Chuva-Jasmins.jpg",960,696,false],"1536x1536":["https:\/\/aliancaevangelica.pt\/site\/wp-content\/uploads\/2021\/06\/Chuva-Jasmins.jpg",960,696,false],"2048x2048":["https:\/\/aliancaevangelica.pt\/site\/wp-content\/uploads\/2021\/06\/Chuva-Jasmins.jpg",960,696,false],"vp_sm":["https:\/\/aliancaevangelica.pt\/site\/wp-content\/uploads\/2021\/06\/Chuva-Jasmins.jpg",500,363,false],"vp_md":["https:\/\/aliancaevangelica.pt\/site\/wp-content\/uploads\/2021\/06\/Chuva-Jasmins.jpg",800,580,false],"vp_lg":["https:\/\/aliancaevangelica.pt\/site\/wp-content\/uploads\/2021\/06\/Chuva-Jasmins.jpg",960,696,false],"vp_xl":["https:\/\/aliancaevangelica.pt\/site\/wp-content\/uploads\/2021\/06\/Chuva-Jasmins.jpg",960,696,false],"vp_sm_popup":["https:\/\/aliancaevangelica.pt\/site\/wp-content\/uploads\/2021\/06\/Chuva-Jasmins.jpg",500,363,false],"vp_md_popup":["https:\/\/aliancaevangelica.pt\/site\/wp-content\/uploads\/2021\/06\/Chuva-Jasmins.jpg",800,580,false],"vp_xl_popup":["https:\/\/aliancaevangelica.pt\/site\/wp-content\/uploads\/2021\/06\/Chuva-Jasmins.jpg",960,696,false],"newsx-150x100":["https:\/\/aliancaevangelica.pt\/site\/wp-content\/uploads\/2021\/06\/Chuva-Jasmins.jpg",138,100,false],"newsx-330x220":["https:\/\/aliancaevangelica.pt\/site\/wp-content\/uploads\/2021\/06\/Chuva-Jasmins.jpg",303,220,false],"newsx-420x280":["https:\/\/aliancaevangelica.pt\/site\/wp-content\/uploads\/2021\/06\/Chuva-Jasmins.jpg",386,280,false],"newsx-510x340":["https:\/\/aliancaevangelica.pt\/site\/wp-content\/uploads\/2021\/06\/Chuva-Jasmins.jpg",469,340,false],"newsx-640x480":["https:\/\/aliancaevangelica.pt\/site\/wp-content\/uploads\/2021\/06\/Chuva-Jasmins.jpg",640,464,false],"newsx-670x370":["https:\/\/aliancaevangelica.pt\/site\/wp-content\/uploads\/2021\/06\/Chuva-Jasmins.jpg",510,370,false],"newsx-860x570":["https:\/\/aliancaevangelica.pt\/site\/wp-content\/uploads\/2021\/06\/Chuva-Jasmins.jpg",786,570,false],"newsx-1000x750":["https:\/\/aliancaevangelica.pt\/site\/wp-content\/uploads\/2021\/06\/Chuva-Jasmins.jpg",960,696,false],"newsx-1200x600":["https:\/\/aliancaevangelica.pt\/site\/wp-content\/uploads\/2021\/06\/Chuva-Jasmins.jpg",828,600,false]},"uagb_author_info":{"display_name":"AEP","author_link":"https:\/\/aliancaevangelica.pt\/site\/author\/aeportugal\/"},"uagb_comment_info":0,"uagb_excerpt":"&nbsp;Cada dia \u00e9 vivido com o Seu amparo Bertina Coias Tom\u00e9Psic\u00f3loga, Especialista em Psicologia Cl\u00ednica e da Sa\u00fade e em Psicologia Comunit\u00e1ria. Gosto de ver chover. Gosto de ouvir chover. Depois, gosto do aroma da terra molhada. Em dias de chuva, v\u00eam-me \u00e0 mente as palavras de Oseias (6:3b):\u201cEle a n\u00f3s vir\u00e1 como a chuva,","_links":{"self":[{"href":"https:\/\/aliancaevangelica.pt\/site\/wp-json\/wp\/v2\/posts\/19083","targetHints":{"allow":["GET"]}}],"collection":[{"href":"https:\/\/aliancaevangelica.pt\/site\/wp-json\/wp\/v2\/posts"}],"about":[{"href":"https:\/\/aliancaevangelica.pt\/site\/wp-json\/wp\/v2\/types\/post"}],"author":[{"embeddable":true,"href":"https:\/\/aliancaevangelica.pt\/site\/wp-json\/wp\/v2\/users\/2"}],"replies":[{"embeddable":true,"href":"https:\/\/aliancaevangelica.pt\/site\/wp-json\/wp\/v2\/comments?post=19083"}],"version-history":[{"count":8,"href":"https:\/\/aliancaevangelica.pt\/site\/wp-json\/wp\/v2\/posts\/19083\/revisions"}],"predecessor-version":[{"id":22683,"href":"https:\/\/aliancaevangelica.pt\/site\/wp-json\/wp\/v2\/posts\/19083\/revisions\/22683"}],"wp:featuredmedia":[{"embeddable":true,"href":"https:\/\/aliancaevangelica.pt\/site\/wp-json\/wp\/v2\/media\/19084"}],"wp:attachment":[{"href":"https:\/\/aliancaevangelica.pt\/site\/wp-json\/wp\/v2\/media?parent=19083"}],"wp:term":[{"taxonomy":"category","embeddable":true,"href":"https:\/\/aliancaevangelica.pt\/site\/wp-json\/wp\/v2\/categories?post=19083"},{"taxonomy":"post_tag","embeddable":true,"href":"https:\/\/aliancaevangelica.pt\/site\/wp-json\/wp\/v2\/tags?post=19083"}],"curies":[{"name":"wp","href":"https:\/\/api.w.org\/{rel}","templated":true}]}}