{"id":18974,"date":"2021-05-31T09:00:00","date_gmt":"2021-05-31T09:00:00","guid":{"rendered":"https:\/\/aliancaevangelica.pt\/site\/?p=18974"},"modified":"2026-04-30T19:27:55","modified_gmt":"2026-04-30T19:27:55","slug":"10-de-junho-dia-nacional-de-oracao","status":"publish","type":"post","link":"https:\/\/aliancaevangelica.pt\/site\/10-de-junho-dia-nacional-de-oracao\/","title":{"rendered":"10 de Junho &#8211; Dia Nacional de Ora\u00e7\u00e3o 2021"},"content":{"rendered":"\n<p>10 de Junho \u00e9 o Dia de Portugal e a AEP lan\u00e7a o seguinte desafio:<strong>10 de Junho, 10 cidades, 10 minutos de ora\u00e7\u00e3o!<\/strong><\/p>\n\n\n\n<p>Depois deste ano sui generis com a pandemia, restri\u00e7\u00f5es e confinamento, estamos gratos a Deus pelas not\u00edcias de desconfinamento e um regressar a pouco e pouco \u00e0 normalidade.<\/p>\n\n\n\n<p>Damos gra\u00e7as a Deus pela Liberdade de culto e de proclamarmos o nome do nosso SENHOR Jesus Cristo.<\/p>\n\n\n\n<p>Assim, \u00e0 semelhan\u00e7a do ano anterior, em que, no in\u00edcio do primeiro desconfinamento e do regresso \u00e1s reuni\u00f5es presenciais, unimos o pa\u00eds em ora\u00e7\u00e3o numa forma espont\u00e2nea, em direto de 7 cidades com 7 minutos de ora\u00e7\u00e3o, este ano gostar\u00edamos de voltar a faz\u00ea-lo. Desta vez no dia 10 de Junho, 10 minutos de ora\u00e7\u00e3o em 10 cidades diferentes!<\/p>\n\n\n\n<p>Esta \u00e9 uma iniciativa que visa promover a unidade da Igreja evang\u00e9lica em Portugal na ora\u00e7\u00e3o a favor da Na\u00e7\u00e3o e da pr\u00f3pria Igreja de Jesus Cristo e para que o Senhor da Igreja nos d\u00ea paix\u00e3o pelas pessoas que ainda n\u00e3o O conhecem.<\/p>\n\n\n\n<p>A Assessoria de Ora\u00e7\u00e3o da Alian\u00e7a Evang\u00e9lica Portuguesa planeou, assim, diversas reuni\u00f5es. Apelamos&nbsp;ao envolvimento de todos, at\u00e9 porque acreditamos que a ora\u00e7\u00e3o e o&nbsp;testemunho s\u00e3o recursos necess\u00e1rios e indispens\u00e1veis a grandes vit\u00f3rias.<\/p>\n\n\n\n<p>Brevemente vamos disponibilizar aqui a listagem dos Encontros de Ora\u00e7\u00e3o a n\u00edvel nacional&nbsp;<strong>que ser\u00e3o transmitidos em direto nas redes socias da Alian\u00e7a Evang\u00e9lica.<\/strong><\/p>\n\n\n\n<p>Esperamos o dia de ora\u00e7\u00e3o por Portugal 2021 seja um acontecimento marcante para cada&nbsp;uma das igrejas e para todo o povo de Deus em Portugal.<\/p>\n\n\n\n<p>DEUS est\u00e1 atento \u00e0s nossas ora\u00e7\u00f5es e trabalha a favor dos que nEle esperam!<\/p>\n","protected":false},"excerpt":{"rendered":"<p>10 de Junho \u00e9 o Dia de Portugal e a AEP lan\u00e7a o seguinte desafio:10 de Junho, 10 cidades, 10 minutos de ora\u00e7\u00e3o! Depois deste ano sui generis com a pandemia, restri\u00e7\u00f5es e confinamento, estamos gratos a Deus pelas not\u00edcias de desconfinamento e um regressar a pouco e pouco \u00e0 normalidade. Damos gra\u00e7as a Deus<\/p>\n","protected":false},"author":2,"featured_media":18977,"comment_status":"closed","ping_status":"open","sticky":false,"template":"","format":"standard","meta":{"_uag_custom_page_level_css":"","_themeisle_gutenberg_block_has_review":false,"_vp_format_video_url":"","_vp_image_focal_point":[],"footnotes":""},"categories":[101],"tags":[168],"class_list":["post-18974","post","type-post","status-publish","format-standard","has-post-thumbnail","hentry","category-oracao","tag-efemerides"],"yoast_head":"<!-- This site is optimized with the Yoast SEO plugin v27.5 - https:\/\/yoast.com\/product\/yoast-seo-wordpress\/ -->\n<title>10 de Junho - Dia Nacional de Ora\u00e7\u00e3o 2021 - AEP<\/title>\n<meta name=\"robots\" content=\"index, follow, max-snippet:-1, max-image-preview:large, max-video-preview:-1\" \/>\n<link rel=\"canonical\" href=\"https:\/\/aliancaevangelica.pt\/site\/10-de-junho-dia-nacional-de-oracao\/\" \/>\n<meta property=\"og:locale\" content=\"pt_PT\" \/>\n<meta property=\"og:type\" content=\"article\" \/>\n<meta property=\"og:title\" content=\"10 de Junho - Dia Nacional de Ora\u00e7\u00e3o 2021 - AEP\" \/>\n<meta property=\"og:description\" content=\"10 de Junho \u00e9 o Dia de Portugal e a AEP lan\u00e7a o seguinte desafio:10 de Junho, 10 cidades, 10 minutos de ora\u00e7\u00e3o! Depois deste ano sui generis com a pandemia, restri\u00e7\u00f5es e confinamento, estamos gratos a Deus pelas not\u00edcias de desconfinamento e um regressar a pouco e pouco \u00e0 normalidade. Damos gra\u00e7as a Deus\" \/>\n<meta property=\"og:url\" content=\"https:\/\/aliancaevangelica.pt\/site\/10-de-junho-dia-nacional-de-oracao\/\" \/>\n<meta property=\"og:site_name\" content=\"AEP\" \/>\n<meta property=\"article:publisher\" content=\"http:\/\/facebook.com\/aeportuguesa\" \/>\n<meta property=\"article:author\" content=\"aeportugal\" \/>\n<meta property=\"article:published_time\" content=\"2021-05-31T09:00:00+00:00\" \/>\n<meta property=\"article:modified_time\" content=\"2026-04-30T19:27:55+00:00\" \/>\n<meta property=\"og:image\" content=\"https:\/\/aliancaevangelica.pt\/site\/wp-content\/uploads\/2021\/05\/10-de-Junho-10-cidades-10-minutos-de-orac\u0327a\u0303o.-1.jpg\" \/>\n\t<meta property=\"og:image:width\" content=\"1080\" \/>\n\t<meta property=\"og:image:height\" content=\"1080\" \/>\n\t<meta property=\"og:image:type\" content=\"image\/jpeg\" \/>\n<meta name=\"author\" content=\"AEP\" \/>\n<meta name=\"twitter:card\" content=\"summary_large_image\" \/>\n<meta name=\"twitter:label1\" content=\"Escrito por\" \/>\n\t<meta name=\"twitter:data1\" content=\"AEP\" \/>\n\t<meta name=\"twitter:label2\" content=\"Tempo estimado de leitura\" \/>\n\t<meta name=\"twitter:data2\" content=\"1 minuto\" \/>\n<script type=\"application\/ld+json\" class=\"yoast-schema-graph\">{\"@context\":\"https:\\\/\\\/schema.org\",\"@graph\":[{\"@type\":\"Article\",\"@id\":\"https:\\\/\\\/aliancaevangelica.pt\\\/site\\\/10-de-junho-dia-nacional-de-oracao\\\/#article\",\"isPartOf\":{\"@id\":\"https:\\\/\\\/aliancaevangelica.pt\\\/site\\\/10-de-junho-dia-nacional-de-oracao\\\/\"},\"author\":{\"name\":\"AEP\",\"@id\":\"https:\\\/\\\/aliancaevangelica.pt\\\/site\\\/#\\\/schema\\\/person\\\/3b47cfc7535eff1e820f31c2d67eafcf\"},\"headline\":\"10 de Junho &#8211; Dia Nacional de Ora\u00e7\u00e3o 2021\",\"datePublished\":\"2021-05-31T09:00:00+00:00\",\"dateModified\":\"2026-04-30T19:27:55+00:00\",\"mainEntityOfPage\":{\"@id\":\"https:\\\/\\\/aliancaevangelica.pt\\\/site\\\/10-de-junho-dia-nacional-de-oracao\\\/\"},\"wordCount\":306,\"publisher\":{\"@id\":\"https:\\\/\\\/aliancaevangelica.pt\\\/site\\\/#organization\"},\"image\":{\"@id\":\"https:\\\/\\\/aliancaevangelica.pt\\\/site\\\/10-de-junho-dia-nacional-de-oracao\\\/#primaryimage\"},\"thumbnailUrl\":\"https:\\\/\\\/aliancaevangelica.pt\\\/site\\\/wp-content\\\/uploads\\\/2021\\\/05\\\/10-de-Junho-10-cidades-10-minutos-de-orac\u0327a\u0303o.-1.jpg\",\"keywords\":[\"Efem\u00e9rides\"],\"articleSection\":[\"ORA\u00c7\u00c3O\"],\"inLanguage\":\"pt-PT\"},{\"@type\":\"WebPage\",\"@id\":\"https:\\\/\\\/aliancaevangelica.pt\\\/site\\\/10-de-junho-dia-nacional-de-oracao\\\/\",\"url\":\"https:\\\/\\\/aliancaevangelica.pt\\\/site\\\/10-de-junho-dia-nacional-de-oracao\\\/\",\"name\":\"10 de Junho - Dia Nacional de Ora\u00e7\u00e3o 2021 - AEP\",\"isPartOf\":{\"@id\":\"https:\\\/\\\/aliancaevangelica.pt\\\/site\\\/#website\"},\"primaryImageOfPage\":{\"@id\":\"https:\\\/\\\/aliancaevangelica.pt\\\/site\\\/10-de-junho-dia-nacional-de-oracao\\\/#primaryimage\"},\"image\":{\"@id\":\"https:\\\/\\\/aliancaevangelica.pt\\\/site\\\/10-de-junho-dia-nacional-de-oracao\\\/#primaryimage\"},\"thumbnailUrl\":\"https:\\\/\\\/aliancaevangelica.pt\\\/site\\\/wp-content\\\/uploads\\\/2021\\\/05\\\/10-de-Junho-10-cidades-10-minutos-de-orac\u0327a\u0303o.-1.jpg\",\"datePublished\":\"2021-05-31T09:00:00+00:00\",\"dateModified\":\"2026-04-30T19:27:55+00:00\",\"breadcrumb\":{\"@id\":\"https:\\\/\\\/aliancaevangelica.pt\\\/site\\\/10-de-junho-dia-nacional-de-oracao\\\/#breadcrumb\"},\"inLanguage\":\"pt-PT\",\"potentialAction\":[{\"@type\":\"ReadAction\",\"target\":[\"https:\\\/\\\/aliancaevangelica.pt\\\/site\\\/10-de-junho-dia-nacional-de-oracao\\\/\"]}]},{\"@type\":\"ImageObject\",\"inLanguage\":\"pt-PT\",\"@id\":\"https:\\\/\\\/aliancaevangelica.pt\\\/site\\\/10-de-junho-dia-nacional-de-oracao\\\/#primaryimage\",\"url\":\"https:\\\/\\\/aliancaevangelica.pt\\\/site\\\/wp-content\\\/uploads\\\/2021\\\/05\\\/10-de-Junho-10-cidades-10-minutos-de-orac\u0327a\u0303o.-1.jpg\",\"contentUrl\":\"https:\\\/\\\/aliancaevangelica.pt\\\/site\\\/wp-content\\\/uploads\\\/2021\\\/05\\\/10-de-Junho-10-cidades-10-minutos-de-orac\u0327a\u0303o.-1.jpg\",\"width\":1080,\"height\":1080},{\"@type\":\"BreadcrumbList\",\"@id\":\"https:\\\/\\\/aliancaevangelica.pt\\\/site\\\/10-de-junho-dia-nacional-de-oracao\\\/#breadcrumb\",\"itemListElement\":[{\"@type\":\"ListItem\",\"position\":1,\"name\":\"In\u00edcio\",\"item\":\"https:\\\/\\\/aliancaevangelica.pt\\\/site\\\/\"},{\"@type\":\"ListItem\",\"position\":2,\"name\":\"10 de Junho &#8211; Dia Nacional de Ora\u00e7\u00e3o 2021\"}]},{\"@type\":\"WebSite\",\"@id\":\"https:\\\/\\\/aliancaevangelica.pt\\\/site\\\/#website\",\"url\":\"https:\\\/\\\/aliancaevangelica.pt\\\/site\\\/\",\"name\":\"Alian\u00e7a Evang\u00e9lica Portuguesa\",\"description\":\"Alian\u00e7a Evang\u00e9lica Portuguesa\",\"publisher\":{\"@id\":\"https:\\\/\\\/aliancaevangelica.pt\\\/site\\\/#organization\"},\"potentialAction\":[{\"@type\":\"SearchAction\",\"target\":{\"@type\":\"EntryPoint\",\"urlTemplate\":\"https:\\\/\\\/aliancaevangelica.pt\\\/site\\\/?s={search_term_string}\"},\"query-input\":{\"@type\":\"PropertyValueSpecification\",\"valueRequired\":true,\"valueName\":\"search_term_string\"}}],\"inLanguage\":\"pt-PT\"},{\"@type\":\"Organization\",\"@id\":\"https:\\\/\\\/aliancaevangelica.pt\\\/site\\\/#organization\",\"name\":\"Alian\u00e7a Evang\u00e9lica Portuguesa\",\"url\":\"https:\\\/\\\/aliancaevangelica.pt\\\/site\\\/\",\"logo\":{\"@type\":\"ImageObject\",\"inLanguage\":\"pt-PT\",\"@id\":\"https:\\\/\\\/aliancaevangelica.pt\\\/site\\\/#\\\/schema\\\/logo\\\/image\\\/\",\"url\":\"https:\\\/\\\/aliancaevangelica.pt\\\/site\\\/wp-content\\\/uploads\\\/2017\\\/11\\\/logo-AEP-cor.png\",\"contentUrl\":\"https:\\\/\\\/aliancaevangelica.pt\\\/site\\\/wp-content\\\/uploads\\\/2017\\\/11\\\/logo-AEP-cor.png\",\"width\":1156,\"height\":672,\"caption\":\"Alian\u00e7a Evang\u00e9lica Portuguesa\"},\"image\":{\"@id\":\"https:\\\/\\\/aliancaevangelica.pt\\\/site\\\/#\\\/schema\\\/logo\\\/image\\\/\"},\"sameAs\":[\"http:\\\/\\\/facebook.com\\\/aeportuguesa\",\"http:\\\/\\\/instagram.com\\\/aliancaep\",\"http:\\\/\\\/youtube.com\\\/aeportuguesa\"]},{\"@type\":\"Person\",\"@id\":\"https:\\\/\\\/aliancaevangelica.pt\\\/site\\\/#\\\/schema\\\/person\\\/3b47cfc7535eff1e820f31c2d67eafcf\",\"name\":\"AEP\",\"sameAs\":[\"aeportugal\"],\"url\":\"https:\\\/\\\/aliancaevangelica.pt\\\/site\\\/author\\\/aeportugal\\\/\"}]}<\/script>\n<!-- \/ Yoast SEO plugin. -->","yoast_head_json":{"title":"10 de Junho - Dia Nacional de Ora\u00e7\u00e3o 2021 - AEP","robots":{"index":"index","follow":"follow","max-snippet":"max-snippet:-1","max-image-preview":"max-image-preview:large","max-video-preview":"max-video-preview:-1"},"canonical":"https:\/\/aliancaevangelica.pt\/site\/10-de-junho-dia-nacional-de-oracao\/","og_locale":"pt_PT","og_type":"article","og_title":"10 de Junho - Dia Nacional de Ora\u00e7\u00e3o 2021 - AEP","og_description":"10 de Junho \u00e9 o Dia de Portugal e a AEP lan\u00e7a o seguinte desafio:10 de Junho, 10 cidades, 10 minutos de ora\u00e7\u00e3o! Depois deste ano sui generis com a pandemia, restri\u00e7\u00f5es e confinamento, estamos gratos a Deus pelas not\u00edcias de desconfinamento e um regressar a pouco e pouco \u00e0 normalidade. Damos gra\u00e7as a Deus","og_url":"https:\/\/aliancaevangelica.pt\/site\/10-de-junho-dia-nacional-de-oracao\/","og_site_name":"AEP","article_publisher":"http:\/\/facebook.com\/aeportuguesa","article_author":"aeportugal","article_published_time":"2021-05-31T09:00:00+00:00","article_modified_time":"2026-04-30T19:27:55+00:00","og_image":[{"width":1080,"height":1080,"url":"https:\/\/aliancaevangelica.pt\/site\/wp-content\/uploads\/2021\/05\/10-de-Junho-10-cidades-10-minutos-de-orac\u0327a\u0303o.-1.jpg","type":"image\/jpeg"}],"author":"AEP","twitter_card":"summary_large_image","twitter_misc":{"Escrito por":"AEP","Tempo estimado de leitura":"1 minuto"},"schema":{"@context":"https:\/\/schema.org","@graph":[{"@type":"Article","@id":"https:\/\/aliancaevangelica.pt\/site\/10-de-junho-dia-nacional-de-oracao\/#article","isPartOf":{"@id":"https:\/\/aliancaevangelica.pt\/site\/10-de-junho-dia-nacional-de-oracao\/"},"author":{"name":"AEP","@id":"https:\/\/aliancaevangelica.pt\/site\/#\/schema\/person\/3b47cfc7535eff1e820f31c2d67eafcf"},"headline":"10 de Junho &#8211; Dia Nacional de Ora\u00e7\u00e3o 2021","datePublished":"2021-05-31T09:00:00+00:00","dateModified":"2026-04-30T19:27:55+00:00","mainEntityOfPage":{"@id":"https:\/\/aliancaevangelica.pt\/site\/10-de-junho-dia-nacional-de-oracao\/"},"wordCount":306,"publisher":{"@id":"https:\/\/aliancaevangelica.pt\/site\/#organization"},"image":{"@id":"https:\/\/aliancaevangelica.pt\/site\/10-de-junho-dia-nacional-de-oracao\/#primaryimage"},"thumbnailUrl":"https:\/\/aliancaevangelica.pt\/site\/wp-content\/uploads\/2021\/05\/10-de-Junho-10-cidades-10-minutos-de-orac\u0327a\u0303o.-1.jpg","keywords":["Efem\u00e9rides"],"articleSection":["ORA\u00c7\u00c3O"],"inLanguage":"pt-PT"},{"@type":"WebPage","@id":"https:\/\/aliancaevangelica.pt\/site\/10-de-junho-dia-nacional-de-oracao\/","url":"https:\/\/aliancaevangelica.pt\/site\/10-de-junho-dia-nacional-de-oracao\/","name":"10 de Junho - Dia Nacional de Ora\u00e7\u00e3o 2021 - AEP","isPartOf":{"@id":"https:\/\/aliancaevangelica.pt\/site\/#website"},"primaryImageOfPage":{"@id":"https:\/\/aliancaevangelica.pt\/site\/10-de-junho-dia-nacional-de-oracao\/#primaryimage"},"image":{"@id":"https:\/\/aliancaevangelica.pt\/site\/10-de-junho-dia-nacional-de-oracao\/#primaryimage"},"thumbnailUrl":"https:\/\/aliancaevangelica.pt\/site\/wp-content\/uploads\/2021\/05\/10-de-Junho-10-cidades-10-minutos-de-orac\u0327a\u0303o.-1.jpg","datePublished":"2021-05-31T09:00:00+00:00","dateModified":"2026-04-30T19:27:55+00:00","breadcrumb":{"@id":"https:\/\/aliancaevangelica.pt\/site\/10-de-junho-dia-nacional-de-oracao\/#breadcrumb"},"inLanguage":"pt-PT","potentialAction":[{"@type":"ReadAction","target":["https:\/\/aliancaevangelica.pt\/site\/10-de-junho-dia-nacional-de-oracao\/"]}]},{"@type":"ImageObject","inLanguage":"pt-PT","@id":"https:\/\/aliancaevangelica.pt\/site\/10-de-junho-dia-nacional-de-oracao\/#primaryimage","url":"https:\/\/aliancaevangelica.pt\/site\/wp-content\/uploads\/2021\/05\/10-de-Junho-10-cidades-10-minutos-de-orac\u0327a\u0303o.-1.jpg","contentUrl":"https:\/\/aliancaevangelica.pt\/site\/wp-content\/uploads\/2021\/05\/10-de-Junho-10-cidades-10-minutos-de-orac\u0327a\u0303o.-1.jpg","width":1080,"height":1080},{"@type":"BreadcrumbList","@id":"https:\/\/aliancaevangelica.pt\/site\/10-de-junho-dia-nacional-de-oracao\/#breadcrumb","itemListElement":[{"@type":"ListItem","position":1,"name":"In\u00edcio","item":"https:\/\/aliancaevangelica.pt\/site\/"},{"@type":"ListItem","position":2,"name":"10 de Junho &#8211; Dia Nacional de Ora\u00e7\u00e3o 2021"}]},{"@type":"WebSite","@id":"https:\/\/aliancaevangelica.pt\/site\/#website","url":"https:\/\/aliancaevangelica.pt\/site\/","name":"Alian\u00e7a Evang\u00e9lica Portuguesa","description":"Alian\u00e7a Evang\u00e9lica Portuguesa","publisher":{"@id":"https:\/\/aliancaevangelica.pt\/site\/#organization"},"potentialAction":[{"@type":"SearchAction","target":{"@type":"EntryPoint","urlTemplate":"https:\/\/aliancaevangelica.pt\/site\/?s={search_term_string}"},"query-input":{"@type":"PropertyValueSpecification","valueRequired":true,"valueName":"search_term_string"}}],"inLanguage":"pt-PT"},{"@type":"Organization","@id":"https:\/\/aliancaevangelica.pt\/site\/#organization","name":"Alian\u00e7a Evang\u00e9lica Portuguesa","url":"https:\/\/aliancaevangelica.pt\/site\/","logo":{"@type":"ImageObject","inLanguage":"pt-PT","@id":"https:\/\/aliancaevangelica.pt\/site\/#\/schema\/logo\/image\/","url":"https:\/\/aliancaevangelica.pt\/site\/wp-content\/uploads\/2017\/11\/logo-AEP-cor.png","contentUrl":"https:\/\/aliancaevangelica.pt\/site\/wp-content\/uploads\/2017\/11\/logo-AEP-cor.png","width":1156,"height":672,"caption":"Alian\u00e7a Evang\u00e9lica Portuguesa"},"image":{"@id":"https:\/\/aliancaevangelica.pt\/site\/#\/schema\/logo\/image\/"},"sameAs":["http:\/\/facebook.com\/aeportuguesa","http:\/\/instagram.com\/aliancaep","http:\/\/youtube.com\/aeportuguesa"]},{"@type":"Person","@id":"https:\/\/aliancaevangelica.pt\/site\/#\/schema\/person\/3b47cfc7535eff1e820f31c2d67eafcf","name":"AEP","sameAs":["aeportugal"],"url":"https:\/\/aliancaevangelica.pt\/site\/author\/aeportugal\/"}]}},"uagb_featured_image_src":{"full":["https:\/\/aliancaevangelica.pt\/site\/wp-content\/uploads\/2021\/05\/10-de-Junho-10-cidades-10-minutos-de-orac\u0327a\u0303o.-1.jpg",1080,1080,false],"thumbnail":["https:\/\/aliancaevangelica.pt\/site\/wp-content\/uploads\/2021\/05\/10-de-Junho-10-cidades-10-minutos-de-orac\u0327a\u0303o.-1-150x150.jpg",150,150,true],"medium":["https:\/\/aliancaevangelica.pt\/site\/wp-content\/uploads\/2021\/05\/10-de-Junho-10-cidades-10-minutos-de-orac\u0327a\u0303o.-1-300x300.jpg",300,300,true],"medium_large":["https:\/\/aliancaevangelica.pt\/site\/wp-content\/uploads\/2021\/05\/10-de-Junho-10-cidades-10-minutos-de-orac\u0327a\u0303o.-1-768x768.jpg",768,768,true],"large":["https:\/\/aliancaevangelica.pt\/site\/wp-content\/uploads\/2021\/05\/10-de-Junho-10-cidades-10-minutos-de-orac\u0327a\u0303o.-1-1024x1024.jpg",960,960,true],"1536x1536":["https:\/\/aliancaevangelica.pt\/site\/wp-content\/uploads\/2021\/05\/10-de-Junho-10-cidades-10-minutos-de-orac\u0327a\u0303o.-1.jpg",1080,1080,false],"2048x2048":["https:\/\/aliancaevangelica.pt\/site\/wp-content\/uploads\/2021\/05\/10-de-Junho-10-cidades-10-minutos-de-orac\u0327a\u0303o.-1.jpg",1080,1080,false],"vp_sm":["https:\/\/aliancaevangelica.pt\/site\/wp-content\/uploads\/2021\/05\/10-de-Junho-10-cidades-10-minutos-de-orac\u0327a\u0303o.-1.jpg",500,500,false],"vp_md":["https:\/\/aliancaevangelica.pt\/site\/wp-content\/uploads\/2021\/05\/10-de-Junho-10-cidades-10-minutos-de-orac\u0327a\u0303o.-1.jpg",800,800,false],"vp_lg":["https:\/\/aliancaevangelica.pt\/site\/wp-content\/uploads\/2021\/05\/10-de-Junho-10-cidades-10-minutos-de-orac\u0327a\u0303o.-1.jpg",1080,1080,false],"vp_xl":["https:\/\/aliancaevangelica.pt\/site\/wp-content\/uploads\/2021\/05\/10-de-Junho-10-cidades-10-minutos-de-orac\u0327a\u0303o.-1.jpg",1080,1080,false],"vp_sm_popup":["https:\/\/aliancaevangelica.pt\/site\/wp-content\/uploads\/2021\/05\/10-de-Junho-10-cidades-10-minutos-de-orac\u0327a\u0303o.-1.jpg",500,500,false],"vp_md_popup":["https:\/\/aliancaevangelica.pt\/site\/wp-content\/uploads\/2021\/05\/10-de-Junho-10-cidades-10-minutos-de-orac\u0327a\u0303o.-1.jpg",800,800,false],"vp_xl_popup":["https:\/\/aliancaevangelica.pt\/site\/wp-content\/uploads\/2021\/05\/10-de-Junho-10-cidades-10-minutos-de-orac\u0327a\u0303o.-1.jpg",1080,1080,false],"newsx-150x100":["https:\/\/aliancaevangelica.pt\/site\/wp-content\/uploads\/2021\/05\/10-de-Junho-10-cidades-10-minutos-de-orac\u0327a\u0303o.-1.jpg",100,100,false],"newsx-330x220":["https:\/\/aliancaevangelica.pt\/site\/wp-content\/uploads\/2021\/05\/10-de-Junho-10-cidades-10-minutos-de-orac\u0327a\u0303o.-1.jpg",220,220,false],"newsx-420x280":["https:\/\/aliancaevangelica.pt\/site\/wp-content\/uploads\/2021\/05\/10-de-Junho-10-cidades-10-minutos-de-orac\u0327a\u0303o.-1.jpg",280,280,false],"newsx-510x340":["https:\/\/aliancaevangelica.pt\/site\/wp-content\/uploads\/2021\/05\/10-de-Junho-10-cidades-10-minutos-de-orac\u0327a\u0303o.-1.jpg",340,340,false],"newsx-640x480":["https:\/\/aliancaevangelica.pt\/site\/wp-content\/uploads\/2021\/05\/10-de-Junho-10-cidades-10-minutos-de-orac\u0327a\u0303o.-1.jpg",480,480,false],"newsx-670x370":["https:\/\/aliancaevangelica.pt\/site\/wp-content\/uploads\/2021\/05\/10-de-Junho-10-cidades-10-minutos-de-orac\u0327a\u0303o.-1.jpg",370,370,false],"newsx-860x570":["https:\/\/aliancaevangelica.pt\/site\/wp-content\/uploads\/2021\/05\/10-de-Junho-10-cidades-10-minutos-de-orac\u0327a\u0303o.-1.jpg",570,570,false],"newsx-1000x750":["https:\/\/aliancaevangelica.pt\/site\/wp-content\/uploads\/2021\/05\/10-de-Junho-10-cidades-10-minutos-de-orac\u0327a\u0303o.-1.jpg",750,750,false],"newsx-1200x600":["https:\/\/aliancaevangelica.pt\/site\/wp-content\/uploads\/2021\/05\/10-de-Junho-10-cidades-10-minutos-de-orac\u0327a\u0303o.-1.jpg",600,600,false]},"uagb_author_info":{"display_name":"AEP","author_link":"https:\/\/aliancaevangelica.pt\/site\/author\/aeportugal\/"},"uagb_comment_info":0,"uagb_excerpt":"10 de Junho \u00e9 o Dia de Portugal e a AEP lan\u00e7a o seguinte desafio:10 de Junho, 10 cidades, 10 minutos de ora\u00e7\u00e3o! Depois deste ano sui generis com a pandemia, restri\u00e7\u00f5es e confinamento, estamos gratos a Deus pelas not\u00edcias de desconfinamento e um regressar a pouco e pouco \u00e0 normalidade. Damos gra\u00e7as a Deus","_links":{"self":[{"href":"https:\/\/aliancaevangelica.pt\/site\/wp-json\/wp\/v2\/posts\/18974","targetHints":{"allow":["GET"]}}],"collection":[{"href":"https:\/\/aliancaevangelica.pt\/site\/wp-json\/wp\/v2\/posts"}],"about":[{"href":"https:\/\/aliancaevangelica.pt\/site\/wp-json\/wp\/v2\/types\/post"}],"author":[{"embeddable":true,"href":"https:\/\/aliancaevangelica.pt\/site\/wp-json\/wp\/v2\/users\/2"}],"replies":[{"embeddable":true,"href":"https:\/\/aliancaevangelica.pt\/site\/wp-json\/wp\/v2\/comments?post=18974"}],"version-history":[{"count":2,"href":"https:\/\/aliancaevangelica.pt\/site\/wp-json\/wp\/v2\/posts\/18974\/revisions"}],"predecessor-version":[{"id":23177,"href":"https:\/\/aliancaevangelica.pt\/site\/wp-json\/wp\/v2\/posts\/18974\/revisions\/23177"}],"wp:featuredmedia":[{"embeddable":true,"href":"https:\/\/aliancaevangelica.pt\/site\/wp-json\/wp\/v2\/media\/18977"}],"wp:attachment":[{"href":"https:\/\/aliancaevangelica.pt\/site\/wp-json\/wp\/v2\/media?parent=18974"}],"wp:term":[{"taxonomy":"category","embeddable":true,"href":"https:\/\/aliancaevangelica.pt\/site\/wp-json\/wp\/v2\/categories?post=18974"},{"taxonomy":"post_tag","embeddable":true,"href":"https:\/\/aliancaevangelica.pt\/site\/wp-json\/wp\/v2\/tags?post=18974"}],"curies":[{"name":"wp","href":"https:\/\/api.w.org\/{rel}","templated":true}]}}