{"id":18971,"date":"2021-05-28T08:30:00","date_gmt":"2021-05-28T08:30:00","guid":{"rendered":"https:\/\/aliancaevangelica.pt\/site\/?p=18971"},"modified":"2021-05-19T09:58:16","modified_gmt":"2021-05-19T09:58:16","slug":"jedida-servindo-nos-bastidores","status":"publish","type":"post","link":"https:\/\/aliancaevangelica.pt\/site\/jedida-servindo-nos-bastidores\/","title":{"rendered":"JEDIDA &#8211; Servindo nos Bastidores"},"content":{"rendered":"<p class=\"p1\">Confesso que n\u00e3o sabia o nome desta mulher. Sabia que existia mas n\u00e3o sabia o seu nome. \u00c9 prov\u00e1vel que a leitora tamb\u00e9m n\u00e3o a conhe\u00e7a pelo nome. Jedida foi a m\u00e3e de Josias, um menino que come\u00e7ou a reinar aos 8 anos de idade. O que a Palavra de Deus nos fala sobre Jedida \u00e9 apenas isto, que ela era m\u00e3e de Josias.<\/p>\n<p class=\"p1\">S\u00e3o as circunst\u00e2ncias da altura, o ambiente familiar e a vida do seu pequeno filho Josias que d\u00e3o algumas pistas de como seria esta mulher.<\/p>\n<p class=\"p1\">Jedida era esposa de Amon e nora de Manass\u00e9s, dois dos piores e mais perversos reis de Israel. Amon reinou apenas durante dois anos, morreu ainda jovem, deixando vi\u00fava a sua esposa Jedida, com seu filho Josias.<\/p>\n<p class=\"p1\">Bem, at\u00e9 aqui n\u00e3o conseguimos saber nada sobre Jedida, mas \u00e9 quando o seu marido morre e seu pequeno filho herda o trono que come\u00e7amos a ter algumas pistas sobre ela.<\/p>\n<p class=\"p1\">Amon tinha seguido os passos de seu pai ao tornar-se um rei mau e id\u00f3latra. Porque que \u00e9 que com Josias foi diferente? O ambiente familiar era de iniquidade. O povo de Israel viva em iniquidade e desprezo pelo Senhor. Com uma m\u00e1 influ\u00eancia t\u00e3o grande e sendo Josias t\u00e3o pequeno, o que fez com que n\u00e3o entrasse na mesma corrente? Porque havia uma Jedida.<\/p>\n<p class=\"p1\">Apesar de toda a m\u00e1 influ\u00eancia interna e externa, Jedida ter\u00e1 sido uma mulher fiel ao Senhor e ensinado a Palavra de Deus ao seu pequeno filho. Josias cresceu a amar e temer ao Senhor e por isso, apesar de sua tenra idade, Deus o usou para trazer o seu povo de volta ao arrependimento.<\/p>\n<p class=\"p1\">Por vezes tal como Jedida, algumas mulheres n\u00e3o s\u00e3o conhecidas por seu nome. \u00c0s vezes, conhecemo-las pela esposa do&#8230; ou pela m\u00e3e de&#8230; Isso muitas vezes acontece porque o seu trabalho n\u00e3o \u00e9 t\u00e3o vis\u00edvel, mas muito de bastidores. Cuidar de uma casa, educar e discipular os filhos nos caminhos do Senhor, aconselhar, ser de suporte em momentos de dificuldade &#8211; estas s\u00e3o algumas das formas de servir que n\u00e3o s\u00e3o vis\u00edveis, \u00e9 servi\u00e7o de bastidores. Contudo, apesar da sua pouca visibilidade, s\u00e3o estes tipos de servi\u00e7o que fazem toda a diferen\u00e7a. Na verdade, eles s\u00e3o fundamentais. O que teria acontecido se Jedida n\u00e3o tivesse ensinado a Josias os caminhos do Senhor? Em que tipo de rei se tornaria Josias, se Jedida fosse uma m\u00e3e cujo exemplo n\u00e3o fosse bom? \u00c9 verdade que apesar do bom ensino da sua m\u00e3e, Josias podia ter-se tornado num rei que n\u00e3o seguia o Senhor. Nem sempre o nosso servi\u00e7o tem os resultados que esperamos, mas isso jamais nos deve impedir de fazer a nossa parte.<\/p>\n<p class=\"p1\">Contra tudo e contra todos, Jedida rumou contra a corrente de iniquidade em que se vivia e levou Josias a conhecer o verdadeiro Deus. Haver\u00e1 fun\u00e7\u00e3o mais gloriosa que esta?<\/p>\n<p class=\"p1\">Vivemos num tempo em que \u00e0 nossa volta existe uma grande corrente de iniquidade. Que isso n\u00e3o nos desanime mas que nos possa trazer \u00e0 consci\u00eancia o qu\u00e3o importante \u00e9 seremos servas de bastidores, seja como m\u00e3es, como av\u00f3s, como tias, como professoras de escola dominical, como esposas. N\u00e3o importa em que posi\u00e7\u00e3o estamos mas sim o facto de podermos tomar este lugar que nos pertence de ensinar, discipular, cuidar, orientar e aconselhar aqueles que Deus tem colocado ao nosso cuidado. N\u00e3o conseguimos medir o tamanho do impacto que o nosso servi\u00e7o pode ter. Talvez o resultado n\u00e3o seja um rei Josias, \u00e9 poss\u00edvel que continuemos no anonimato e que nosso nome nem seja conhecido, mas certamente se formos fi\u00e9is o nosso servi\u00e7o ser\u00e1 impactante.<\/p>\n<p>[movedo_single_image image=&#8221;18970&#8243; animation=&#8221;grve-zoom-in&#8221;]Sara Rosa<\/p>\n<p class=\"p1\">Serve a Deus, com o seu marido, Pr. H\u00e9lio Rosa, na igreja Assembleia de Deus em Vila do Conde.<\/p>\n<p class=\"p1\">\n","protected":false},"excerpt":{"rendered":"<p>Confesso que n\u00e3o sabia o nome desta mulher. Sabia que existia mas n\u00e3o sabia o seu nome. \u00c9 prov\u00e1vel que a leitora tamb\u00e9m n\u00e3o a conhe\u00e7a pelo nome. Jedida foi a m\u00e3e de Josias, um menino que come\u00e7ou a reinar aos 8 anos de idade. O que a Palavra de Deus nos fala sobre Jedida<\/p>\n","protected":false},"author":2,"featured_media":18972,"comment_status":"open","ping_status":"open","sticky":false,"template":"","format":"standard","meta":{"_uag_custom_page_level_css":"","_themeisle_gutenberg_block_has_review":false,"_vp_format_video_url":"","_vp_image_focal_point":[],"footnotes":""},"categories":[45,47],"tags":[],"class_list":["post-18971","post","type-post","status-publish","format-standard","has-post-thumbnail","hentry","category-geral","category-mulheres-casais-e-familia"],"yoast_head":"<!-- This site is optimized with the Yoast SEO plugin v27.5 - https:\/\/yoast.com\/product\/yoast-seo-wordpress\/ -->\n<title>JEDIDA - Servindo nos Bastidores - AEP<\/title>\n<meta name=\"robots\" content=\"index, follow, max-snippet:-1, max-image-preview:large, max-video-preview:-1\" \/>\n<link rel=\"canonical\" href=\"https:\/\/aliancaevangelica.pt\/site\/jedida-servindo-nos-bastidores\/\" \/>\n<meta property=\"og:locale\" content=\"pt_PT\" \/>\n<meta property=\"og:type\" content=\"article\" \/>\n<meta property=\"og:title\" content=\"JEDIDA - Servindo nos Bastidores - AEP\" \/>\n<meta property=\"og:description\" content=\"Confesso que n\u00e3o sabia o nome desta mulher. Sabia que existia mas n\u00e3o sabia o seu nome. \u00c9 prov\u00e1vel que a leitora tamb\u00e9m n\u00e3o a conhe\u00e7a pelo nome. Jedida foi a m\u00e3e de Josias, um menino que come\u00e7ou a reinar aos 8 anos de idade. O que a Palavra de Deus nos fala sobre Jedida\" \/>\n<meta property=\"og:url\" content=\"https:\/\/aliancaevangelica.pt\/site\/jedida-servindo-nos-bastidores\/\" \/>\n<meta property=\"og:site_name\" content=\"AEP\" \/>\n<meta property=\"article:publisher\" content=\"http:\/\/facebook.com\/aeportuguesa\" \/>\n<meta property=\"article:author\" content=\"aeportugal\" \/>\n<meta property=\"article:published_time\" content=\"2021-05-28T08:30:00+00:00\" \/>\n<meta property=\"og:image\" content=\"https:\/\/aliancaevangelica.pt\/site\/wp-content\/uploads\/2021\/05\/Captura-de-ecra\u0303-2021-05-19-a\u0300s-10.53.08.png\" \/>\n\t<meta property=\"og:image:width\" content=\"958\" \/>\n\t<meta property=\"og:image:height\" content=\"634\" \/>\n\t<meta property=\"og:image:type\" content=\"image\/png\" \/>\n<meta name=\"author\" content=\"AEP\" \/>\n<meta name=\"twitter:card\" content=\"summary_large_image\" \/>\n<meta name=\"twitter:label1\" content=\"Escrito por\" \/>\n\t<meta name=\"twitter:data1\" content=\"AEP\" \/>\n\t<meta name=\"twitter:label2\" content=\"Tempo estimado de leitura\" \/>\n\t<meta name=\"twitter:data2\" content=\"3 minutos\" \/>\n<script type=\"application\/ld+json\" class=\"yoast-schema-graph\">{\"@context\":\"https:\\\/\\\/schema.org\",\"@graph\":[{\"@type\":\"Article\",\"@id\":\"https:\\\/\\\/aliancaevangelica.pt\\\/site\\\/jedida-servindo-nos-bastidores\\\/#article\",\"isPartOf\":{\"@id\":\"https:\\\/\\\/aliancaevangelica.pt\\\/site\\\/jedida-servindo-nos-bastidores\\\/\"},\"author\":{\"name\":\"AEP\",\"@id\":\"https:\\\/\\\/aliancaevangelica.pt\\\/site\\\/#\\\/schema\\\/person\\\/3b47cfc7535eff1e820f31c2d67eafcf\"},\"headline\":\"JEDIDA &#8211; Servindo nos Bastidores\",\"datePublished\":\"2021-05-28T08:30:00+00:00\",\"mainEntityOfPage\":{\"@id\":\"https:\\\/\\\/aliancaevangelica.pt\\\/site\\\/jedida-servindo-nos-bastidores\\\/\"},\"wordCount\":682,\"commentCount\":0,\"publisher\":{\"@id\":\"https:\\\/\\\/aliancaevangelica.pt\\\/site\\\/#organization\"},\"image\":{\"@id\":\"https:\\\/\\\/aliancaevangelica.pt\\\/site\\\/jedida-servindo-nos-bastidores\\\/#primaryimage\"},\"thumbnailUrl\":\"https:\\\/\\\/aliancaevangelica.pt\\\/site\\\/wp-content\\\/uploads\\\/2021\\\/05\\\/Captura-de-ecra\u0303-2021-05-19-a\u0300s-10.53.08.png\",\"articleSection\":[\"1-Geral\",\"Mulheres, Casais e Fam\u00edlia\"],\"inLanguage\":\"pt-PT\",\"potentialAction\":[{\"@type\":\"CommentAction\",\"name\":\"Comment\",\"target\":[\"https:\\\/\\\/aliancaevangelica.pt\\\/site\\\/jedida-servindo-nos-bastidores\\\/#respond\"]}]},{\"@type\":\"WebPage\",\"@id\":\"https:\\\/\\\/aliancaevangelica.pt\\\/site\\\/jedida-servindo-nos-bastidores\\\/\",\"url\":\"https:\\\/\\\/aliancaevangelica.pt\\\/site\\\/jedida-servindo-nos-bastidores\\\/\",\"name\":\"JEDIDA - Servindo nos Bastidores - AEP\",\"isPartOf\":{\"@id\":\"https:\\\/\\\/aliancaevangelica.pt\\\/site\\\/#website\"},\"primaryImageOfPage\":{\"@id\":\"https:\\\/\\\/aliancaevangelica.pt\\\/site\\\/jedida-servindo-nos-bastidores\\\/#primaryimage\"},\"image\":{\"@id\":\"https:\\\/\\\/aliancaevangelica.pt\\\/site\\\/jedida-servindo-nos-bastidores\\\/#primaryimage\"},\"thumbnailUrl\":\"https:\\\/\\\/aliancaevangelica.pt\\\/site\\\/wp-content\\\/uploads\\\/2021\\\/05\\\/Captura-de-ecra\u0303-2021-05-19-a\u0300s-10.53.08.png\",\"datePublished\":\"2021-05-28T08:30:00+00:00\",\"breadcrumb\":{\"@id\":\"https:\\\/\\\/aliancaevangelica.pt\\\/site\\\/jedida-servindo-nos-bastidores\\\/#breadcrumb\"},\"inLanguage\":\"pt-PT\",\"potentialAction\":[{\"@type\":\"ReadAction\",\"target\":[\"https:\\\/\\\/aliancaevangelica.pt\\\/site\\\/jedida-servindo-nos-bastidores\\\/\"]}]},{\"@type\":\"ImageObject\",\"inLanguage\":\"pt-PT\",\"@id\":\"https:\\\/\\\/aliancaevangelica.pt\\\/site\\\/jedida-servindo-nos-bastidores\\\/#primaryimage\",\"url\":\"https:\\\/\\\/aliancaevangelica.pt\\\/site\\\/wp-content\\\/uploads\\\/2021\\\/05\\\/Captura-de-ecra\u0303-2021-05-19-a\u0300s-10.53.08.png\",\"contentUrl\":\"https:\\\/\\\/aliancaevangelica.pt\\\/site\\\/wp-content\\\/uploads\\\/2021\\\/05\\\/Captura-de-ecra\u0303-2021-05-19-a\u0300s-10.53.08.png\",\"width\":958,\"height\":634},{\"@type\":\"BreadcrumbList\",\"@id\":\"https:\\\/\\\/aliancaevangelica.pt\\\/site\\\/jedida-servindo-nos-bastidores\\\/#breadcrumb\",\"itemListElement\":[{\"@type\":\"ListItem\",\"position\":1,\"name\":\"In\u00edcio\",\"item\":\"https:\\\/\\\/aliancaevangelica.pt\\\/site\\\/\"},{\"@type\":\"ListItem\",\"position\":2,\"name\":\"JEDIDA &#8211; Servindo nos Bastidores\"}]},{\"@type\":\"WebSite\",\"@id\":\"https:\\\/\\\/aliancaevangelica.pt\\\/site\\\/#website\",\"url\":\"https:\\\/\\\/aliancaevangelica.pt\\\/site\\\/\",\"name\":\"Alian\u00e7a Evang\u00e9lica Portuguesa\",\"description\":\"Alian\u00e7a Evang\u00e9lica Portuguesa\",\"publisher\":{\"@id\":\"https:\\\/\\\/aliancaevangelica.pt\\\/site\\\/#organization\"},\"potentialAction\":[{\"@type\":\"SearchAction\",\"target\":{\"@type\":\"EntryPoint\",\"urlTemplate\":\"https:\\\/\\\/aliancaevangelica.pt\\\/site\\\/?s={search_term_string}\"},\"query-input\":{\"@type\":\"PropertyValueSpecification\",\"valueRequired\":true,\"valueName\":\"search_term_string\"}}],\"inLanguage\":\"pt-PT\"},{\"@type\":\"Organization\",\"@id\":\"https:\\\/\\\/aliancaevangelica.pt\\\/site\\\/#organization\",\"name\":\"Alian\u00e7a Evang\u00e9lica Portuguesa\",\"url\":\"https:\\\/\\\/aliancaevangelica.pt\\\/site\\\/\",\"logo\":{\"@type\":\"ImageObject\",\"inLanguage\":\"pt-PT\",\"@id\":\"https:\\\/\\\/aliancaevangelica.pt\\\/site\\\/#\\\/schema\\\/logo\\\/image\\\/\",\"url\":\"https:\\\/\\\/aliancaevangelica.pt\\\/site\\\/wp-content\\\/uploads\\\/2017\\\/11\\\/logo-AEP-cor.png\",\"contentUrl\":\"https:\\\/\\\/aliancaevangelica.pt\\\/site\\\/wp-content\\\/uploads\\\/2017\\\/11\\\/logo-AEP-cor.png\",\"width\":1156,\"height\":672,\"caption\":\"Alian\u00e7a Evang\u00e9lica Portuguesa\"},\"image\":{\"@id\":\"https:\\\/\\\/aliancaevangelica.pt\\\/site\\\/#\\\/schema\\\/logo\\\/image\\\/\"},\"sameAs\":[\"http:\\\/\\\/facebook.com\\\/aeportuguesa\",\"http:\\\/\\\/instagram.com\\\/aliancaep\",\"http:\\\/\\\/youtube.com\\\/aeportuguesa\"]},{\"@type\":\"Person\",\"@id\":\"https:\\\/\\\/aliancaevangelica.pt\\\/site\\\/#\\\/schema\\\/person\\\/3b47cfc7535eff1e820f31c2d67eafcf\",\"name\":\"AEP\",\"sameAs\":[\"aeportugal\"],\"url\":\"https:\\\/\\\/aliancaevangelica.pt\\\/site\\\/author\\\/aeportugal\\\/\"}]}<\/script>\n<!-- \/ Yoast SEO plugin. -->","yoast_head_json":{"title":"JEDIDA - Servindo nos Bastidores - AEP","robots":{"index":"index","follow":"follow","max-snippet":"max-snippet:-1","max-image-preview":"max-image-preview:large","max-video-preview":"max-video-preview:-1"},"canonical":"https:\/\/aliancaevangelica.pt\/site\/jedida-servindo-nos-bastidores\/","og_locale":"pt_PT","og_type":"article","og_title":"JEDIDA - Servindo nos Bastidores - AEP","og_description":"Confesso que n\u00e3o sabia o nome desta mulher. Sabia que existia mas n\u00e3o sabia o seu nome. \u00c9 prov\u00e1vel que a leitora tamb\u00e9m n\u00e3o a conhe\u00e7a pelo nome. Jedida foi a m\u00e3e de Josias, um menino que come\u00e7ou a reinar aos 8 anos de idade. O que a Palavra de Deus nos fala sobre Jedida","og_url":"https:\/\/aliancaevangelica.pt\/site\/jedida-servindo-nos-bastidores\/","og_site_name":"AEP","article_publisher":"http:\/\/facebook.com\/aeportuguesa","article_author":"aeportugal","article_published_time":"2021-05-28T08:30:00+00:00","og_image":[{"width":958,"height":634,"url":"https:\/\/aliancaevangelica.pt\/site\/wp-content\/uploads\/2021\/05\/Captura-de-ecra\u0303-2021-05-19-a\u0300s-10.53.08.png","type":"image\/png"}],"author":"AEP","twitter_card":"summary_large_image","twitter_misc":{"Escrito por":"AEP","Tempo estimado de leitura":"3 minutos"},"schema":{"@context":"https:\/\/schema.org","@graph":[{"@type":"Article","@id":"https:\/\/aliancaevangelica.pt\/site\/jedida-servindo-nos-bastidores\/#article","isPartOf":{"@id":"https:\/\/aliancaevangelica.pt\/site\/jedida-servindo-nos-bastidores\/"},"author":{"name":"AEP","@id":"https:\/\/aliancaevangelica.pt\/site\/#\/schema\/person\/3b47cfc7535eff1e820f31c2d67eafcf"},"headline":"JEDIDA &#8211; Servindo nos Bastidores","datePublished":"2021-05-28T08:30:00+00:00","mainEntityOfPage":{"@id":"https:\/\/aliancaevangelica.pt\/site\/jedida-servindo-nos-bastidores\/"},"wordCount":682,"commentCount":0,"publisher":{"@id":"https:\/\/aliancaevangelica.pt\/site\/#organization"},"image":{"@id":"https:\/\/aliancaevangelica.pt\/site\/jedida-servindo-nos-bastidores\/#primaryimage"},"thumbnailUrl":"https:\/\/aliancaevangelica.pt\/site\/wp-content\/uploads\/2021\/05\/Captura-de-ecra\u0303-2021-05-19-a\u0300s-10.53.08.png","articleSection":["1-Geral","Mulheres, Casais e Fam\u00edlia"],"inLanguage":"pt-PT","potentialAction":[{"@type":"CommentAction","name":"Comment","target":["https:\/\/aliancaevangelica.pt\/site\/jedida-servindo-nos-bastidores\/#respond"]}]},{"@type":"WebPage","@id":"https:\/\/aliancaevangelica.pt\/site\/jedida-servindo-nos-bastidores\/","url":"https:\/\/aliancaevangelica.pt\/site\/jedida-servindo-nos-bastidores\/","name":"JEDIDA - Servindo nos Bastidores - AEP","isPartOf":{"@id":"https:\/\/aliancaevangelica.pt\/site\/#website"},"primaryImageOfPage":{"@id":"https:\/\/aliancaevangelica.pt\/site\/jedida-servindo-nos-bastidores\/#primaryimage"},"image":{"@id":"https:\/\/aliancaevangelica.pt\/site\/jedida-servindo-nos-bastidores\/#primaryimage"},"thumbnailUrl":"https:\/\/aliancaevangelica.pt\/site\/wp-content\/uploads\/2021\/05\/Captura-de-ecra\u0303-2021-05-19-a\u0300s-10.53.08.png","datePublished":"2021-05-28T08:30:00+00:00","breadcrumb":{"@id":"https:\/\/aliancaevangelica.pt\/site\/jedida-servindo-nos-bastidores\/#breadcrumb"},"inLanguage":"pt-PT","potentialAction":[{"@type":"ReadAction","target":["https:\/\/aliancaevangelica.pt\/site\/jedida-servindo-nos-bastidores\/"]}]},{"@type":"ImageObject","inLanguage":"pt-PT","@id":"https:\/\/aliancaevangelica.pt\/site\/jedida-servindo-nos-bastidores\/#primaryimage","url":"https:\/\/aliancaevangelica.pt\/site\/wp-content\/uploads\/2021\/05\/Captura-de-ecra\u0303-2021-05-19-a\u0300s-10.53.08.png","contentUrl":"https:\/\/aliancaevangelica.pt\/site\/wp-content\/uploads\/2021\/05\/Captura-de-ecra\u0303-2021-05-19-a\u0300s-10.53.08.png","width":958,"height":634},{"@type":"BreadcrumbList","@id":"https:\/\/aliancaevangelica.pt\/site\/jedida-servindo-nos-bastidores\/#breadcrumb","itemListElement":[{"@type":"ListItem","position":1,"name":"In\u00edcio","item":"https:\/\/aliancaevangelica.pt\/site\/"},{"@type":"ListItem","position":2,"name":"JEDIDA &#8211; Servindo nos Bastidores"}]},{"@type":"WebSite","@id":"https:\/\/aliancaevangelica.pt\/site\/#website","url":"https:\/\/aliancaevangelica.pt\/site\/","name":"Alian\u00e7a Evang\u00e9lica Portuguesa","description":"Alian\u00e7a Evang\u00e9lica Portuguesa","publisher":{"@id":"https:\/\/aliancaevangelica.pt\/site\/#organization"},"potentialAction":[{"@type":"SearchAction","target":{"@type":"EntryPoint","urlTemplate":"https:\/\/aliancaevangelica.pt\/site\/?s={search_term_string}"},"query-input":{"@type":"PropertyValueSpecification","valueRequired":true,"valueName":"search_term_string"}}],"inLanguage":"pt-PT"},{"@type":"Organization","@id":"https:\/\/aliancaevangelica.pt\/site\/#organization","name":"Alian\u00e7a Evang\u00e9lica Portuguesa","url":"https:\/\/aliancaevangelica.pt\/site\/","logo":{"@type":"ImageObject","inLanguage":"pt-PT","@id":"https:\/\/aliancaevangelica.pt\/site\/#\/schema\/logo\/image\/","url":"https:\/\/aliancaevangelica.pt\/site\/wp-content\/uploads\/2017\/11\/logo-AEP-cor.png","contentUrl":"https:\/\/aliancaevangelica.pt\/site\/wp-content\/uploads\/2017\/11\/logo-AEP-cor.png","width":1156,"height":672,"caption":"Alian\u00e7a Evang\u00e9lica Portuguesa"},"image":{"@id":"https:\/\/aliancaevangelica.pt\/site\/#\/schema\/logo\/image\/"},"sameAs":["http:\/\/facebook.com\/aeportuguesa","http:\/\/instagram.com\/aliancaep","http:\/\/youtube.com\/aeportuguesa"]},{"@type":"Person","@id":"https:\/\/aliancaevangelica.pt\/site\/#\/schema\/person\/3b47cfc7535eff1e820f31c2d67eafcf","name":"AEP","sameAs":["aeportugal"],"url":"https:\/\/aliancaevangelica.pt\/site\/author\/aeportugal\/"}]}},"uagb_featured_image_src":{"full":["https:\/\/aliancaevangelica.pt\/site\/wp-content\/uploads\/2021\/05\/Captura-de-ecra\u0303-2021-05-19-a\u0300s-10.53.08.png",958,634,false],"thumbnail":["https:\/\/aliancaevangelica.pt\/site\/wp-content\/uploads\/2021\/05\/Captura-de-ecra\u0303-2021-05-19-a\u0300s-10.53.08-150x150.png",150,150,true],"medium":["https:\/\/aliancaevangelica.pt\/site\/wp-content\/uploads\/2021\/05\/Captura-de-ecra\u0303-2021-05-19-a\u0300s-10.53.08-300x199.png",300,199,true],"medium_large":["https:\/\/aliancaevangelica.pt\/site\/wp-content\/uploads\/2021\/05\/Captura-de-ecra\u0303-2021-05-19-a\u0300s-10.53.08-768x508.png",768,508,true],"large":["https:\/\/aliancaevangelica.pt\/site\/wp-content\/uploads\/2021\/05\/Captura-de-ecra\u0303-2021-05-19-a\u0300s-10.53.08.png",958,634,false],"1536x1536":["https:\/\/aliancaevangelica.pt\/site\/wp-content\/uploads\/2021\/05\/Captura-de-ecra\u0303-2021-05-19-a\u0300s-10.53.08.png",958,634,false],"2048x2048":["https:\/\/aliancaevangelica.pt\/site\/wp-content\/uploads\/2021\/05\/Captura-de-ecra\u0303-2021-05-19-a\u0300s-10.53.08.png",958,634,false],"vp_sm":["https:\/\/aliancaevangelica.pt\/site\/wp-content\/uploads\/2021\/05\/Captura-de-ecra\u0303-2021-05-19-a\u0300s-10.53.08.png",500,331,false],"vp_md":["https:\/\/aliancaevangelica.pt\/site\/wp-content\/uploads\/2021\/05\/Captura-de-ecra\u0303-2021-05-19-a\u0300s-10.53.08.png",800,529,false],"vp_lg":["https:\/\/aliancaevangelica.pt\/site\/wp-content\/uploads\/2021\/05\/Captura-de-ecra\u0303-2021-05-19-a\u0300s-10.53.08.png",958,634,false],"vp_xl":["https:\/\/aliancaevangelica.pt\/site\/wp-content\/uploads\/2021\/05\/Captura-de-ecra\u0303-2021-05-19-a\u0300s-10.53.08.png",958,634,false],"vp_sm_popup":["https:\/\/aliancaevangelica.pt\/site\/wp-content\/uploads\/2021\/05\/Captura-de-ecra\u0303-2021-05-19-a\u0300s-10.53.08.png",500,331,false],"vp_md_popup":["https:\/\/aliancaevangelica.pt\/site\/wp-content\/uploads\/2021\/05\/Captura-de-ecra\u0303-2021-05-19-a\u0300s-10.53.08.png",800,529,false],"vp_xl_popup":["https:\/\/aliancaevangelica.pt\/site\/wp-content\/uploads\/2021\/05\/Captura-de-ecra\u0303-2021-05-19-a\u0300s-10.53.08.png",958,634,false],"newsx-150x100":["https:\/\/aliancaevangelica.pt\/site\/wp-content\/uploads\/2021\/05\/Captura-de-ecra\u0303-2021-05-19-a\u0300s-10.53.08.png",150,100,false],"newsx-330x220":["https:\/\/aliancaevangelica.pt\/site\/wp-content\/uploads\/2021\/05\/Captura-de-ecra\u0303-2021-05-19-a\u0300s-10.53.08.png",330,218,false],"newsx-420x280":["https:\/\/aliancaevangelica.pt\/site\/wp-content\/uploads\/2021\/05\/Captura-de-ecra\u0303-2021-05-19-a\u0300s-10.53.08.png",420,278,false],"newsx-510x340":["https:\/\/aliancaevangelica.pt\/site\/wp-content\/uploads\/2021\/05\/Captura-de-ecra\u0303-2021-05-19-a\u0300s-10.53.08.png",510,338,false],"newsx-640x480":["https:\/\/aliancaevangelica.pt\/site\/wp-content\/uploads\/2021\/05\/Captura-de-ecra\u0303-2021-05-19-a\u0300s-10.53.08.png",640,424,false],"newsx-670x370":["https:\/\/aliancaevangelica.pt\/site\/wp-content\/uploads\/2021\/05\/Captura-de-ecra\u0303-2021-05-19-a\u0300s-10.53.08.png",559,370,false],"newsx-860x570":["https:\/\/aliancaevangelica.pt\/site\/wp-content\/uploads\/2021\/05\/Captura-de-ecra\u0303-2021-05-19-a\u0300s-10.53.08.png",860,570,false],"newsx-1000x750":["https:\/\/aliancaevangelica.pt\/site\/wp-content\/uploads\/2021\/05\/Captura-de-ecra\u0303-2021-05-19-a\u0300s-10.53.08.png",958,634,false],"newsx-1200x600":["https:\/\/aliancaevangelica.pt\/site\/wp-content\/uploads\/2021\/05\/Captura-de-ecra\u0303-2021-05-19-a\u0300s-10.53.08.png",907,600,false]},"uagb_author_info":{"display_name":"AEP","author_link":"https:\/\/aliancaevangelica.pt\/site\/author\/aeportugal\/"},"uagb_comment_info":0,"uagb_excerpt":"Confesso que n\u00e3o sabia o nome desta mulher. Sabia que existia mas n\u00e3o sabia o seu nome. \u00c9 prov\u00e1vel que a leitora tamb\u00e9m n\u00e3o a conhe\u00e7a pelo nome. Jedida foi a m\u00e3e de Josias, um menino que come\u00e7ou a reinar aos 8 anos de idade. O que a Palavra de Deus nos fala sobre Jedida","_links":{"self":[{"href":"https:\/\/aliancaevangelica.pt\/site\/wp-json\/wp\/v2\/posts\/18971","targetHints":{"allow":["GET"]}}],"collection":[{"href":"https:\/\/aliancaevangelica.pt\/site\/wp-json\/wp\/v2\/posts"}],"about":[{"href":"https:\/\/aliancaevangelica.pt\/site\/wp-json\/wp\/v2\/types\/post"}],"author":[{"embeddable":true,"href":"https:\/\/aliancaevangelica.pt\/site\/wp-json\/wp\/v2\/users\/2"}],"replies":[{"embeddable":true,"href":"https:\/\/aliancaevangelica.pt\/site\/wp-json\/wp\/v2\/comments?post=18971"}],"version-history":[{"count":1,"href":"https:\/\/aliancaevangelica.pt\/site\/wp-json\/wp\/v2\/posts\/18971\/revisions"}],"predecessor-version":[{"id":18973,"href":"https:\/\/aliancaevangelica.pt\/site\/wp-json\/wp\/v2\/posts\/18971\/revisions\/18973"}],"wp:featuredmedia":[{"embeddable":true,"href":"https:\/\/aliancaevangelica.pt\/site\/wp-json\/wp\/v2\/media\/18972"}],"wp:attachment":[{"href":"https:\/\/aliancaevangelica.pt\/site\/wp-json\/wp\/v2\/media?parent=18971"}],"wp:term":[{"taxonomy":"category","embeddable":true,"href":"https:\/\/aliancaevangelica.pt\/site\/wp-json\/wp\/v2\/categories?post=18971"},{"taxonomy":"post_tag","embeddable":true,"href":"https:\/\/aliancaevangelica.pt\/site\/wp-json\/wp\/v2\/tags?post=18971"}],"curies":[{"name":"wp","href":"https:\/\/api.w.org\/{rel}","templated":true}]}}