{"id":18955,"date":"2021-05-14T08:00:00","date_gmt":"2021-05-14T08:00:00","guid":{"rendered":"https:\/\/aliancaevangelica.pt\/site\/?p=18955"},"modified":"2021-05-13T16:49:02","modified_gmt":"2021-05-13T16:49:02","slug":"o-compromisso","status":"publish","type":"post","link":"https:\/\/aliancaevangelica.pt\/site\/o-compromisso\/","title":{"rendered":"O compromisso"},"content":{"rendered":"<p class=\"p1\">Conta-se que, certa vez, um homem idoso foi a um Centro de Sa\u00fade para retirar os pontos da sua m\u00e3o, que fora suturada. A fila de espera dos pacientes movia-se lentamente, enquanto ele olhava para o rel\u00f3gio, inquieto. Acabou por informar a enfermeira de que tinha um compromisso dentro de 1 hora e, por isso, estava com pressa. Ent\u00e3o ela levou-o para uma outra sala, observou-o, consultou um dos m\u00e9dicos sobre o estado da m\u00e3o e teve autoriza\u00e7\u00e3o para retirar os pontos. Perguntou-lhe: \u201c Est\u00e1 com pressa para ir a outra consulta m\u00e9dica?\u201d Ele respondeu: \u201c N\u00e3o, vou tomar o pequeno-almo\u00e7o com a minha esposa, que est\u00e1 num Lar de 3\u00aa Idade.\u201d A enfermeira perguntou-lhe sobre a sa\u00fade da esposa e soube que tinha a doen\u00e7a de Alzheimer. \u201cEla ir\u00e1 ficar triste se chegar atrasado?\u201d, perguntou. O homem respondeu-lhe que h\u00e1 5 anos que ela j\u00e1 n\u00e3o o reconhecia. Surpreendida, a enfermeira questionou: \u201c E ainda vai v\u00ea-la todas as manh\u00e3s, apesar de ela n\u00e3o saber quem o senhor \u00e9?\u201d O homem idoso sorriu e respondeu: \u201cSim, porque ela n\u00e3o sabe quem eu sou, mas eu ainda sei quem ela \u00e9!\u201d<\/p>\n<p class=\"p1\">Apesar das circunst\u00e2ncias, ele mantinha com a esposa o compromisso de amor de muitos anos, numa medida que faz lembrar o amor de Jesus pelos seus disc\u00edpulos: &#8220;E tendo amado os seus, amou-os at\u00e9 ao fim.&#8221; (Jo\u00e3o 13:1)<\/p>\n<p class=\"p1\">Compromisso\u2026 O que \u00e9 que esta palavra nos faz pensar?<\/p>\n<p class=\"p1\">Hoje em dia, nos meios comerciais, recorre-se muito \u00e0 possibilidade de agir sem compromisso. &#8220;Visite o nosso andar-modelo sem compromisso&#8221;, &#8220;Assista a uma das nossas aulas sem compromisso&#8221;, &#8220;Experimente este novo modelo do carro sem compromisso&#8221;, &#8220;Pe\u00e7a uma simula\u00e7\u00e3o do empr\u00e9stimo que precisa, sem compromisso&#8221;, entre muitos outros exemplos que poder\u00edamos dar. S\u00e3o vantagens a aproveitar, por certo.<\/p>\n<p class=\"p1\">Contudo, na rela\u00e7\u00e3o com Deus \u00e9 totalmente diferente. Como crist\u00e3os, Ele pede-nos compromisso. \u201cSe algu\u00e9m quer vir ap\u00f3s mim, negue-se a si mesmo, e tome cada dia a sua cruz, e siga-me.\u201d (Lucas 9:23)<\/p>\n<p class=\"p1\">Jos\u00e9 foi um homem realmente comprometido com Deus, determinado em ser fiel, mesmo em circunst\u00e2ncias dif\u00edceis. A sua vida come\u00e7ou de forma privilegiada, mimado pelo pai e pela m\u00e3e, como um filho especial. Contudo, quando tinha 17 anos, tudo mudou. Os irm\u00e3os venderam-no como escravo. Foi levado para o Egipto, onde foi acusado por um crime que n\u00e3o cometera e acabou por ser preso injustamente. Na altura, a m\u00e3e j\u00e1 havia falecido e o pai n\u00e3o envidou esfor\u00e7os para o procurar, uma vez que os irm\u00e3os lhe sugeriram que ele havia morrido. Certamente que se sentiu, muitas vezes, sozinho e confuso. Porque \u00e9 que a vida dele estaria a levar aquele caminho? Contudo, a fidelidade de Deus esteve sempre presente.<\/p>\n<p class=\"p1\">Tal sucedeu em casa de Pot\u00edfar, onde trabalhava: \u201cE Jos\u00e9 foi levado ao Egipto, e Potifar, oficial de Fara\u00f3, capit\u00e3o da guarda, homem eg\u00edpcio, comprou-o da m\u00e3o dos ismaelitas que o tinham levado l\u00e1. E o SENHOR estava com Jos\u00e9, e foi homem pr\u00f3spero; e estava na casa de seu senhor eg\u00edpcio. Vendo, pois, o seu senhor que o SENHOR estava com ele, e tudo o que fazia o SENHOR prosperava em sua m\u00e3o, Jos\u00e9 achou gra\u00e7a em seus olhos, e servia-o; e ele o p\u00f4s sobre a sua casa, e entregou na sua m\u00e3o tudo o que tinha.\u201d (G\u00e9nesis 39:1-4)<\/p>\n<p class=\"p1\">E at\u00e9 mesmo na pris\u00e3o: \u201cE o senhor de Jos\u00e9 o tomou, e o entregou na casa do c\u00e1rcere, no lugar onde os presos do rei estavam encarcerados; assim esteve ali na casa do c\u00e1rcere. O Senhor, por\u00e9m, estava com Jos\u00e9, e estendeu sobre ele a sua benignidade, e deu-lhe gra\u00e7a aos olhos do carcereiro-mor. E o carcereiro-mor entregou na m\u00e3o de Jos\u00e9 todos os presos que estavam na casa do c\u00e1rcere, e ele ordenava tudo o que se fazia ali. E o carcereiro-mor n\u00e3o teve cuidado de nenhuma coisa que estava na m\u00e3o dele, porquanto o Senhor estava com ele, e tudo o que fazia o Senhor prosperava.\u201d (G\u00e9nesis 39:20-23)<\/p>\n<p class=\"p1\">E, finalmente, viu cumprido o grande prop\u00f3sito de Deus para a sua vida, no dia em que foi nomeado governador do Egipto: \u201cE tirou Fara\u00f3 o anel da sua m\u00e3o, e o p\u00f4s na m\u00e3o de Jos\u00e9, e o fez vestir de roupas de linho fino, e p\u00f4s um colar de ouro no seu pesco\u00e7o.\u201d (G\u00e9nesis 41:42)<\/p>\n<p class=\"p1\">Ele acabou por ser tamb\u00e9m um testemunho da fidelidade de Deus para a sua fam\u00edlia. Pouco antes de falecer, o seu pai, Jac\u00f3, assim o descreveu: \u201cJos\u00e9 \u00e9 um ramo frut\u00edfero, ramo frut\u00edfero junto \u00e0 fonte; seus ramos correm sobre o muro. Os flecheiros lhe deram amargura, e o flecharam e odiaram. O seu arco, por\u00e9m, susteve-se no forte, e os bra\u00e7os de suas m\u00e3os foram fortalecidos pelas m\u00e3os do Valente de Jac\u00f3 (de onde \u00e9 o pastor e a pedra de Israel).\u201d (G\u00e9nesis 49:22-24)<\/p>\n<p class=\"p1\">Como crist\u00e3os, Deus espera de n\u00f3s o compromisso de O amarmos e servirmos ao longo da nossa vida, at\u00e9 mesmo no tempo de adversidade. Da mesma forma, Ele est\u00e1 comprometido em ficar pr\u00f3ximo de n\u00f3s em todos os momentos, como fez com Jos\u00e9.<\/p>\n<p class=\"p1\">Assim, seja qual for a circunst\u00e2ncia que estejamos a viver hoje, renovemos o nosso compromisso com Ele, na certeza de que a Sua fidelidade n\u00e3o nos faltar\u00e1.<\/p>\n<p class=\"p1\">\u201cN\u00e3o temas, porque eu te remi; chamei-te pelo teu nome, tu \u00e9s meu. Quando passares pelas \u00e1guas estarei contigo, e quando pelos rios, eles n\u00e3o te submergir\u00e3o; quando passares pelo fogo, n\u00e3o te queimar\u00e1s, nem a chama arder\u00e1 em ti. Porque eu sou o Senhor teu Deus, o Santo de Israel, o teu Salvador;\u201d (Isa\u00edas 43:1-3)<\/p>\n<p>[movedo_single_image image=&#8221;18954&#8243; animation=&#8221;grve-zoom-in&#8221;]Lurdes Lima Capucho<\/p>\n<p class=\"p1\">Evangelista<\/p>\n<p class=\"p1\">\n","protected":false},"excerpt":{"rendered":"<p>Conta-se que, certa vez, um homem idoso foi a um Centro de Sa\u00fade para retirar os pontos da sua m\u00e3o, que fora suturada. A fila de espera dos pacientes movia-se lentamente, enquanto ele olhava para o rel\u00f3gio, inquieto. Acabou por informar a enfermeira de que tinha um compromisso dentro de 1 hora e, por isso,<\/p>\n","protected":false},"author":2,"featured_media":18957,"comment_status":"open","ping_status":"open","sticky":false,"template":"","format":"standard","meta":{"_uag_custom_page_level_css":"","_themeisle_gutenberg_block_has_review":false,"_vp_format_video_url":"","_vp_image_focal_point":[],"footnotes":""},"categories":[45,47],"tags":[],"class_list":["post-18955","post","type-post","status-publish","format-standard","has-post-thumbnail","hentry","category-geral","category-mulheres-casais-e-familia"],"yoast_head":"<!-- This site is optimized with the Yoast SEO plugin v27.5 - https:\/\/yoast.com\/product\/yoast-seo-wordpress\/ -->\n<title>O compromisso - AEP<\/title>\n<meta name=\"robots\" content=\"index, follow, max-snippet:-1, max-image-preview:large, max-video-preview:-1\" \/>\n<link rel=\"canonical\" href=\"https:\/\/aliancaevangelica.pt\/site\/o-compromisso\/\" \/>\n<meta property=\"og:locale\" content=\"pt_PT\" \/>\n<meta property=\"og:type\" content=\"article\" \/>\n<meta property=\"og:title\" content=\"O compromisso - AEP\" \/>\n<meta property=\"og:description\" content=\"Conta-se que, certa vez, um homem idoso foi a um Centro de Sa\u00fade para retirar os pontos da sua m\u00e3o, que fora suturada. A fila de espera dos pacientes movia-se lentamente, enquanto ele olhava para o rel\u00f3gio, inquieto. Acabou por informar a enfermeira de que tinha um compromisso dentro de 1 hora e, por isso,\" \/>\n<meta property=\"og:url\" content=\"https:\/\/aliancaevangelica.pt\/site\/o-compromisso\/\" \/>\n<meta property=\"og:site_name\" content=\"AEP\" \/>\n<meta property=\"article:publisher\" content=\"http:\/\/facebook.com\/aeportuguesa\" \/>\n<meta property=\"article:author\" content=\"aeportugal\" \/>\n<meta property=\"article:published_time\" content=\"2021-05-14T08:00:00+00:00\" \/>\n<meta property=\"og:image\" content=\"https:\/\/aliancaevangelica.pt\/site\/wp-content\/uploads\/2021\/05\/Casal-Idoso-2.jpg\" \/>\n\t<meta property=\"og:image:width\" content=\"960\" \/>\n\t<meta property=\"og:image:height\" content=\"650\" \/>\n\t<meta property=\"og:image:type\" content=\"image\/jpeg\" \/>\n<meta name=\"author\" content=\"AEP\" \/>\n<meta name=\"twitter:card\" content=\"summary_large_image\" \/>\n<meta name=\"twitter:label1\" content=\"Escrito por\" \/>\n\t<meta name=\"twitter:data1\" content=\"AEP\" \/>\n\t<meta name=\"twitter:label2\" content=\"Tempo estimado de leitura\" \/>\n\t<meta name=\"twitter:data2\" content=\"5 minutos\" \/>\n<script type=\"application\/ld+json\" class=\"yoast-schema-graph\">{\"@context\":\"https:\\\/\\\/schema.org\",\"@graph\":[{\"@type\":\"Article\",\"@id\":\"https:\\\/\\\/aliancaevangelica.pt\\\/site\\\/o-compromisso\\\/#article\",\"isPartOf\":{\"@id\":\"https:\\\/\\\/aliancaevangelica.pt\\\/site\\\/o-compromisso\\\/\"},\"author\":{\"name\":\"AEP\",\"@id\":\"https:\\\/\\\/aliancaevangelica.pt\\\/site\\\/#\\\/schema\\\/person\\\/3b47cfc7535eff1e820f31c2d67eafcf\"},\"headline\":\"O compromisso\",\"datePublished\":\"2021-05-14T08:00:00+00:00\",\"mainEntityOfPage\":{\"@id\":\"https:\\\/\\\/aliancaevangelica.pt\\\/site\\\/o-compromisso\\\/\"},\"wordCount\":1012,\"commentCount\":0,\"publisher\":{\"@id\":\"https:\\\/\\\/aliancaevangelica.pt\\\/site\\\/#organization\"},\"image\":{\"@id\":\"https:\\\/\\\/aliancaevangelica.pt\\\/site\\\/o-compromisso\\\/#primaryimage\"},\"thumbnailUrl\":\"https:\\\/\\\/aliancaevangelica.pt\\\/site\\\/wp-content\\\/uploads\\\/2021\\\/05\\\/Casal-Idoso-2.jpg\",\"articleSection\":[\"1-Geral\",\"Mulheres, Casais e Fam\u00edlia\"],\"inLanguage\":\"pt-PT\",\"potentialAction\":[{\"@type\":\"CommentAction\",\"name\":\"Comment\",\"target\":[\"https:\\\/\\\/aliancaevangelica.pt\\\/site\\\/o-compromisso\\\/#respond\"]}]},{\"@type\":\"WebPage\",\"@id\":\"https:\\\/\\\/aliancaevangelica.pt\\\/site\\\/o-compromisso\\\/\",\"url\":\"https:\\\/\\\/aliancaevangelica.pt\\\/site\\\/o-compromisso\\\/\",\"name\":\"O compromisso - AEP\",\"isPartOf\":{\"@id\":\"https:\\\/\\\/aliancaevangelica.pt\\\/site\\\/#website\"},\"primaryImageOfPage\":{\"@id\":\"https:\\\/\\\/aliancaevangelica.pt\\\/site\\\/o-compromisso\\\/#primaryimage\"},\"image\":{\"@id\":\"https:\\\/\\\/aliancaevangelica.pt\\\/site\\\/o-compromisso\\\/#primaryimage\"},\"thumbnailUrl\":\"https:\\\/\\\/aliancaevangelica.pt\\\/site\\\/wp-content\\\/uploads\\\/2021\\\/05\\\/Casal-Idoso-2.jpg\",\"datePublished\":\"2021-05-14T08:00:00+00:00\",\"breadcrumb\":{\"@id\":\"https:\\\/\\\/aliancaevangelica.pt\\\/site\\\/o-compromisso\\\/#breadcrumb\"},\"inLanguage\":\"pt-PT\",\"potentialAction\":[{\"@type\":\"ReadAction\",\"target\":[\"https:\\\/\\\/aliancaevangelica.pt\\\/site\\\/o-compromisso\\\/\"]}]},{\"@type\":\"ImageObject\",\"inLanguage\":\"pt-PT\",\"@id\":\"https:\\\/\\\/aliancaevangelica.pt\\\/site\\\/o-compromisso\\\/#primaryimage\",\"url\":\"https:\\\/\\\/aliancaevangelica.pt\\\/site\\\/wp-content\\\/uploads\\\/2021\\\/05\\\/Casal-Idoso-2.jpg\",\"contentUrl\":\"https:\\\/\\\/aliancaevangelica.pt\\\/site\\\/wp-content\\\/uploads\\\/2021\\\/05\\\/Casal-Idoso-2.jpg\",\"width\":960,\"height\":650},{\"@type\":\"BreadcrumbList\",\"@id\":\"https:\\\/\\\/aliancaevangelica.pt\\\/site\\\/o-compromisso\\\/#breadcrumb\",\"itemListElement\":[{\"@type\":\"ListItem\",\"position\":1,\"name\":\"In\u00edcio\",\"item\":\"https:\\\/\\\/aliancaevangelica.pt\\\/site\\\/\"},{\"@type\":\"ListItem\",\"position\":2,\"name\":\"O compromisso\"}]},{\"@type\":\"WebSite\",\"@id\":\"https:\\\/\\\/aliancaevangelica.pt\\\/site\\\/#website\",\"url\":\"https:\\\/\\\/aliancaevangelica.pt\\\/site\\\/\",\"name\":\"Alian\u00e7a Evang\u00e9lica Portuguesa\",\"description\":\"Alian\u00e7a Evang\u00e9lica Portuguesa\",\"publisher\":{\"@id\":\"https:\\\/\\\/aliancaevangelica.pt\\\/site\\\/#organization\"},\"potentialAction\":[{\"@type\":\"SearchAction\",\"target\":{\"@type\":\"EntryPoint\",\"urlTemplate\":\"https:\\\/\\\/aliancaevangelica.pt\\\/site\\\/?s={search_term_string}\"},\"query-input\":{\"@type\":\"PropertyValueSpecification\",\"valueRequired\":true,\"valueName\":\"search_term_string\"}}],\"inLanguage\":\"pt-PT\"},{\"@type\":\"Organization\",\"@id\":\"https:\\\/\\\/aliancaevangelica.pt\\\/site\\\/#organization\",\"name\":\"Alian\u00e7a Evang\u00e9lica Portuguesa\",\"url\":\"https:\\\/\\\/aliancaevangelica.pt\\\/site\\\/\",\"logo\":{\"@type\":\"ImageObject\",\"inLanguage\":\"pt-PT\",\"@id\":\"https:\\\/\\\/aliancaevangelica.pt\\\/site\\\/#\\\/schema\\\/logo\\\/image\\\/\",\"url\":\"https:\\\/\\\/aliancaevangelica.pt\\\/site\\\/wp-content\\\/uploads\\\/2017\\\/11\\\/logo-AEP-cor.png\",\"contentUrl\":\"https:\\\/\\\/aliancaevangelica.pt\\\/site\\\/wp-content\\\/uploads\\\/2017\\\/11\\\/logo-AEP-cor.png\",\"width\":1156,\"height\":672,\"caption\":\"Alian\u00e7a Evang\u00e9lica Portuguesa\"},\"image\":{\"@id\":\"https:\\\/\\\/aliancaevangelica.pt\\\/site\\\/#\\\/schema\\\/logo\\\/image\\\/\"},\"sameAs\":[\"http:\\\/\\\/facebook.com\\\/aeportuguesa\",\"http:\\\/\\\/instagram.com\\\/aliancaep\",\"http:\\\/\\\/youtube.com\\\/aeportuguesa\"]},{\"@type\":\"Person\",\"@id\":\"https:\\\/\\\/aliancaevangelica.pt\\\/site\\\/#\\\/schema\\\/person\\\/3b47cfc7535eff1e820f31c2d67eafcf\",\"name\":\"AEP\",\"sameAs\":[\"aeportugal\"],\"url\":\"https:\\\/\\\/aliancaevangelica.pt\\\/site\\\/author\\\/aeportugal\\\/\"}]}<\/script>\n<!-- \/ Yoast SEO plugin. -->","yoast_head_json":{"title":"O compromisso - AEP","robots":{"index":"index","follow":"follow","max-snippet":"max-snippet:-1","max-image-preview":"max-image-preview:large","max-video-preview":"max-video-preview:-1"},"canonical":"https:\/\/aliancaevangelica.pt\/site\/o-compromisso\/","og_locale":"pt_PT","og_type":"article","og_title":"O compromisso - AEP","og_description":"Conta-se que, certa vez, um homem idoso foi a um Centro de Sa\u00fade para retirar os pontos da sua m\u00e3o, que fora suturada. A fila de espera dos pacientes movia-se lentamente, enquanto ele olhava para o rel\u00f3gio, inquieto. Acabou por informar a enfermeira de que tinha um compromisso dentro de 1 hora e, por isso,","og_url":"https:\/\/aliancaevangelica.pt\/site\/o-compromisso\/","og_site_name":"AEP","article_publisher":"http:\/\/facebook.com\/aeportuguesa","article_author":"aeportugal","article_published_time":"2021-05-14T08:00:00+00:00","og_image":[{"width":960,"height":650,"url":"https:\/\/aliancaevangelica.pt\/site\/wp-content\/uploads\/2021\/05\/Casal-Idoso-2.jpg","type":"image\/jpeg"}],"author":"AEP","twitter_card":"summary_large_image","twitter_misc":{"Escrito por":"AEP","Tempo estimado de leitura":"5 minutos"},"schema":{"@context":"https:\/\/schema.org","@graph":[{"@type":"Article","@id":"https:\/\/aliancaevangelica.pt\/site\/o-compromisso\/#article","isPartOf":{"@id":"https:\/\/aliancaevangelica.pt\/site\/o-compromisso\/"},"author":{"name":"AEP","@id":"https:\/\/aliancaevangelica.pt\/site\/#\/schema\/person\/3b47cfc7535eff1e820f31c2d67eafcf"},"headline":"O compromisso","datePublished":"2021-05-14T08:00:00+00:00","mainEntityOfPage":{"@id":"https:\/\/aliancaevangelica.pt\/site\/o-compromisso\/"},"wordCount":1012,"commentCount":0,"publisher":{"@id":"https:\/\/aliancaevangelica.pt\/site\/#organization"},"image":{"@id":"https:\/\/aliancaevangelica.pt\/site\/o-compromisso\/#primaryimage"},"thumbnailUrl":"https:\/\/aliancaevangelica.pt\/site\/wp-content\/uploads\/2021\/05\/Casal-Idoso-2.jpg","articleSection":["1-Geral","Mulheres, Casais e Fam\u00edlia"],"inLanguage":"pt-PT","potentialAction":[{"@type":"CommentAction","name":"Comment","target":["https:\/\/aliancaevangelica.pt\/site\/o-compromisso\/#respond"]}]},{"@type":"WebPage","@id":"https:\/\/aliancaevangelica.pt\/site\/o-compromisso\/","url":"https:\/\/aliancaevangelica.pt\/site\/o-compromisso\/","name":"O compromisso - AEP","isPartOf":{"@id":"https:\/\/aliancaevangelica.pt\/site\/#website"},"primaryImageOfPage":{"@id":"https:\/\/aliancaevangelica.pt\/site\/o-compromisso\/#primaryimage"},"image":{"@id":"https:\/\/aliancaevangelica.pt\/site\/o-compromisso\/#primaryimage"},"thumbnailUrl":"https:\/\/aliancaevangelica.pt\/site\/wp-content\/uploads\/2021\/05\/Casal-Idoso-2.jpg","datePublished":"2021-05-14T08:00:00+00:00","breadcrumb":{"@id":"https:\/\/aliancaevangelica.pt\/site\/o-compromisso\/#breadcrumb"},"inLanguage":"pt-PT","potentialAction":[{"@type":"ReadAction","target":["https:\/\/aliancaevangelica.pt\/site\/o-compromisso\/"]}]},{"@type":"ImageObject","inLanguage":"pt-PT","@id":"https:\/\/aliancaevangelica.pt\/site\/o-compromisso\/#primaryimage","url":"https:\/\/aliancaevangelica.pt\/site\/wp-content\/uploads\/2021\/05\/Casal-Idoso-2.jpg","contentUrl":"https:\/\/aliancaevangelica.pt\/site\/wp-content\/uploads\/2021\/05\/Casal-Idoso-2.jpg","width":960,"height":650},{"@type":"BreadcrumbList","@id":"https:\/\/aliancaevangelica.pt\/site\/o-compromisso\/#breadcrumb","itemListElement":[{"@type":"ListItem","position":1,"name":"In\u00edcio","item":"https:\/\/aliancaevangelica.pt\/site\/"},{"@type":"ListItem","position":2,"name":"O compromisso"}]},{"@type":"WebSite","@id":"https:\/\/aliancaevangelica.pt\/site\/#website","url":"https:\/\/aliancaevangelica.pt\/site\/","name":"Alian\u00e7a Evang\u00e9lica Portuguesa","description":"Alian\u00e7a Evang\u00e9lica Portuguesa","publisher":{"@id":"https:\/\/aliancaevangelica.pt\/site\/#organization"},"potentialAction":[{"@type":"SearchAction","target":{"@type":"EntryPoint","urlTemplate":"https:\/\/aliancaevangelica.pt\/site\/?s={search_term_string}"},"query-input":{"@type":"PropertyValueSpecification","valueRequired":true,"valueName":"search_term_string"}}],"inLanguage":"pt-PT"},{"@type":"Organization","@id":"https:\/\/aliancaevangelica.pt\/site\/#organization","name":"Alian\u00e7a Evang\u00e9lica Portuguesa","url":"https:\/\/aliancaevangelica.pt\/site\/","logo":{"@type":"ImageObject","inLanguage":"pt-PT","@id":"https:\/\/aliancaevangelica.pt\/site\/#\/schema\/logo\/image\/","url":"https:\/\/aliancaevangelica.pt\/site\/wp-content\/uploads\/2017\/11\/logo-AEP-cor.png","contentUrl":"https:\/\/aliancaevangelica.pt\/site\/wp-content\/uploads\/2017\/11\/logo-AEP-cor.png","width":1156,"height":672,"caption":"Alian\u00e7a Evang\u00e9lica Portuguesa"},"image":{"@id":"https:\/\/aliancaevangelica.pt\/site\/#\/schema\/logo\/image\/"},"sameAs":["http:\/\/facebook.com\/aeportuguesa","http:\/\/instagram.com\/aliancaep","http:\/\/youtube.com\/aeportuguesa"]},{"@type":"Person","@id":"https:\/\/aliancaevangelica.pt\/site\/#\/schema\/person\/3b47cfc7535eff1e820f31c2d67eafcf","name":"AEP","sameAs":["aeportugal"],"url":"https:\/\/aliancaevangelica.pt\/site\/author\/aeportugal\/"}]}},"uagb_featured_image_src":{"full":["https:\/\/aliancaevangelica.pt\/site\/wp-content\/uploads\/2021\/05\/Casal-Idoso-2.jpg",960,650,false],"thumbnail":["https:\/\/aliancaevangelica.pt\/site\/wp-content\/uploads\/2021\/05\/Casal-Idoso-2-150x150.jpg",150,150,true],"medium":["https:\/\/aliancaevangelica.pt\/site\/wp-content\/uploads\/2021\/05\/Casal-Idoso-2-300x203.jpg",300,203,true],"medium_large":["https:\/\/aliancaevangelica.pt\/site\/wp-content\/uploads\/2021\/05\/Casal-Idoso-2-768x520.jpg",768,520,true],"large":["https:\/\/aliancaevangelica.pt\/site\/wp-content\/uploads\/2021\/05\/Casal-Idoso-2.jpg",960,650,false],"1536x1536":["https:\/\/aliancaevangelica.pt\/site\/wp-content\/uploads\/2021\/05\/Casal-Idoso-2.jpg",960,650,false],"2048x2048":["https:\/\/aliancaevangelica.pt\/site\/wp-content\/uploads\/2021\/05\/Casal-Idoso-2.jpg",960,650,false],"vp_sm":["https:\/\/aliancaevangelica.pt\/site\/wp-content\/uploads\/2021\/05\/Casal-Idoso-2.jpg",500,339,false],"vp_md":["https:\/\/aliancaevangelica.pt\/site\/wp-content\/uploads\/2021\/05\/Casal-Idoso-2.jpg",800,542,false],"vp_lg":["https:\/\/aliancaevangelica.pt\/site\/wp-content\/uploads\/2021\/05\/Casal-Idoso-2.jpg",960,650,false],"vp_xl":["https:\/\/aliancaevangelica.pt\/site\/wp-content\/uploads\/2021\/05\/Casal-Idoso-2.jpg",960,650,false],"vp_sm_popup":["https:\/\/aliancaevangelica.pt\/site\/wp-content\/uploads\/2021\/05\/Casal-Idoso-2.jpg",500,339,false],"vp_md_popup":["https:\/\/aliancaevangelica.pt\/site\/wp-content\/uploads\/2021\/05\/Casal-Idoso-2.jpg",800,542,false],"vp_xl_popup":["https:\/\/aliancaevangelica.pt\/site\/wp-content\/uploads\/2021\/05\/Casal-Idoso-2.jpg",960,650,false],"newsx-150x100":["https:\/\/aliancaevangelica.pt\/site\/wp-content\/uploads\/2021\/05\/Casal-Idoso-2.jpg",148,100,false],"newsx-330x220":["https:\/\/aliancaevangelica.pt\/site\/wp-content\/uploads\/2021\/05\/Casal-Idoso-2.jpg",325,220,false],"newsx-420x280":["https:\/\/aliancaevangelica.pt\/site\/wp-content\/uploads\/2021\/05\/Casal-Idoso-2.jpg",414,280,false],"newsx-510x340":["https:\/\/aliancaevangelica.pt\/site\/wp-content\/uploads\/2021\/05\/Casal-Idoso-2.jpg",502,340,false],"newsx-640x480":["https:\/\/aliancaevangelica.pt\/site\/wp-content\/uploads\/2021\/05\/Casal-Idoso-2.jpg",640,433,false],"newsx-670x370":["https:\/\/aliancaevangelica.pt\/site\/wp-content\/uploads\/2021\/05\/Casal-Idoso-2.jpg",546,370,false],"newsx-860x570":["https:\/\/aliancaevangelica.pt\/site\/wp-content\/uploads\/2021\/05\/Casal-Idoso-2.jpg",842,570,false],"newsx-1000x750":["https:\/\/aliancaevangelica.pt\/site\/wp-content\/uploads\/2021\/05\/Casal-Idoso-2.jpg",960,650,false],"newsx-1200x600":["https:\/\/aliancaevangelica.pt\/site\/wp-content\/uploads\/2021\/05\/Casal-Idoso-2.jpg",886,600,false]},"uagb_author_info":{"display_name":"AEP","author_link":"https:\/\/aliancaevangelica.pt\/site\/author\/aeportugal\/"},"uagb_comment_info":0,"uagb_excerpt":"Conta-se que, certa vez, um homem idoso foi a um Centro de Sa\u00fade para retirar os pontos da sua m\u00e3o, que fora suturada. A fila de espera dos pacientes movia-se lentamente, enquanto ele olhava para o rel\u00f3gio, inquieto. Acabou por informar a enfermeira de que tinha um compromisso dentro de 1 hora e, por isso,","_links":{"self":[{"href":"https:\/\/aliancaevangelica.pt\/site\/wp-json\/wp\/v2\/posts\/18955","targetHints":{"allow":["GET"]}}],"collection":[{"href":"https:\/\/aliancaevangelica.pt\/site\/wp-json\/wp\/v2\/posts"}],"about":[{"href":"https:\/\/aliancaevangelica.pt\/site\/wp-json\/wp\/v2\/types\/post"}],"author":[{"embeddable":true,"href":"https:\/\/aliancaevangelica.pt\/site\/wp-json\/wp\/v2\/users\/2"}],"replies":[{"embeddable":true,"href":"https:\/\/aliancaevangelica.pt\/site\/wp-json\/wp\/v2\/comments?post=18955"}],"version-history":[{"count":1,"href":"https:\/\/aliancaevangelica.pt\/site\/wp-json\/wp\/v2\/posts\/18955\/revisions"}],"predecessor-version":[{"id":18956,"href":"https:\/\/aliancaevangelica.pt\/site\/wp-json\/wp\/v2\/posts\/18955\/revisions\/18956"}],"wp:featuredmedia":[{"embeddable":true,"href":"https:\/\/aliancaevangelica.pt\/site\/wp-json\/wp\/v2\/media\/18957"}],"wp:attachment":[{"href":"https:\/\/aliancaevangelica.pt\/site\/wp-json\/wp\/v2\/media?parent=18955"}],"wp:term":[{"taxonomy":"category","embeddable":true,"href":"https:\/\/aliancaevangelica.pt\/site\/wp-json\/wp\/v2\/categories?post=18955"},{"taxonomy":"post_tag","embeddable":true,"href":"https:\/\/aliancaevangelica.pt\/site\/wp-json\/wp\/v2\/tags?post=18955"}],"curies":[{"name":"wp","href":"https:\/\/api.w.org\/{rel}","templated":true}]}}