{"id":18947,"date":"2021-05-12T11:40:01","date_gmt":"2021-05-12T11:40:01","guid":{"rendered":"https:\/\/aliancaevangelica.pt\/site\/?p=18947"},"modified":"2026-04-07T10:01:15","modified_gmt":"2026-04-07T10:01:15","slug":"trafico-de-seres-humanos-vamos-combate-lo","status":"publish","type":"post","link":"https:\/\/aliancaevangelica.pt\/site\/trafico-de-seres-humanos-vamos-combate-lo\/","title":{"rendered":"Tomada de Posi\u00e7\u00e3o da AEP- Tr\u00e1fico de Seres Humanos"},"content":{"rendered":"\n<div class=\"wp-block-group\"><div class=\"wp-block-group__inner-container is-layout-flow wp-block-group-is-layout-flow\">\n<div class=\"page\" title=\"Page 1\">\n<div class=\"section\">\n<div class=\"layoutArea\">\n<div class=\"column\">\n<p>O Tra\u0301fico de Seres Humanos e\u0301 um crime pu\u0301blico e na\u0303o acontece apenas em outros pai\u0301ses e continentes. Todos ouvimos as u\u0301ltimas noti\u0301cias sobre as condic\u0327o\u0303es dos imigrantes em Portugal, no Alentejo. A verdade e\u0301 que ja\u0301 anteriormente, eram divulgadas noti\u0301cias pontuais sobre este problema. E, de facto, os dados recolhidos pelo Observato\u0301rio de Tra\u0301fico de Seres Humanos, indicam que a explorac\u0327a\u0303o laboral representou 70% do total das vi\u0301timas confirmadas entre 2008 e 2019. Numa de\u0301cada, registaram-se 547 vi\u0301timas deste tipo de Tra\u0301fico de Seres Humanos, a maioria, homens.<\/p>\n<p>Consta que o nu\u0301mero de imigrantes no distrito de Beja podera\u0301 chegar aos 20.000.<\/p>\n<p>Muitos chegara\u0303o a Portugal, trazidos pelos contratadores de ma\u0303o-de-obra tempora\u0301ria, com vistos turi\u0301sticos, e depois ficam de forma ilegal na regia\u0303o. A apanha dos frutos vermelhos nas estufas localizadas na zona litoral do concelho de Odemira, os olivais e amendoais nos concelhos de Beja e Ferreira do Alentejo, absorvem a grande maioria da ma\u0303o-de-obra do distrito: quase doze mil trabalhadores (Jornal de Noti\u0301cias 3-5-2021).<\/p>\n<p>Alguns destes trabalhadores vindos da A\u0301sia relatam que pagam cerca de 10.000\u20ac para virem para a Europa (incluindo Portugal). Vivem em casas, que, por vezes, chegam a albergar 30 pessoas, podendo ate\u0301 ter de dividir a cama com outra pessoa.<\/p>\n<p>Ao que sabemos, foi uma (ou mais) destas situac\u0327o\u0303es de aglomerado de trabalhadores sem condic\u0327o\u0303es condignas, que gerou um surto de Covid19 em Odemira e que levou a cercas sanita\u0301rias no concelho, despoletando a investigac\u0327a\u0303o das Autoridades Portuguesas sobre as condic\u0327o\u0303es dos trabalhadores no local.<\/p>\n<p>No geral, estes imigrantes fogem a\u0300 pobreza, e encontram explorac\u0327a\u0303o e completa negac\u0327a\u0303o dos seus direitos. Auxi\u0301lio a\u0300 imigrac\u0327a\u0303o ilegal, explorac\u0327a\u0303o laboral e tra\u0301fico de seres humanos sa\u0303o crimes muito pro\u0301ximos e igualmente graves, sendo que ao u\u0301ltimo deles acresce a perda total de liberdade das pessoas, ja\u0301 que os traficantes ficam frequentemente com os seus documentos, e ainda os ameac\u0327am ou a\u0300s suas fami\u0301lias, caso tentem fugir, alegando que te\u0302m um di\u0301vida para com eles, pela \u201cajuda\u201d prestada a transitar desde o pai\u0301s de origem ate\u0301 ao pai\u0301s de destino, e\/ou a encontrar trabalho.<\/p>\n<p>Depois de Odemira, ja\u0301 outros locais com grande nu\u0301mero de imigrantes a trabalhar na agricultura, habitualmente em estufas, tentam amenizar ou revelar as condic\u0327o\u0303es dos trabalhadores, de forma a que o mesmo tipo de problema na\u0303o se repita (falamos por exemplo de Pego\u0303es e Albufeira).<\/p>\n<p>Perante tais acontecimentos, a Alianc\u0327a Evange\u0301lica Portuguesa reitera a afirmac\u0327a\u0303o ja\u0301 anteriormente proferida, de veemente condenac\u0327a\u0303o dos crimes de Tra\u0301fico de Seres Humanos. Estes crimes atentam contra a liberdade como um direito fundamental de todos os seres humanos, direito esse consagrado na Declarac\u0327a\u0303o Universal dos Direitos do Homem. A reprovac\u0327a\u0303o deste crime hediondo foi, tambe\u0301m, desde logo, institui\u0301da por Deus, quando entregou a Sua Lei ao Seu povo, e esta\u0301 registada nos livros de E\u0302xodo e Deuterono\u0301mio.<\/p>\n<p>O Tra\u0301fico de Seres Humanos, como todos os crimes, deve ser tratado pelas entidades competentes, mas na\u0303o nos isenta da responsabilidade de sinalizar e <span style=\"font-size: inherit;\">denunciar quando dele temos suspeita ou conhecimento, ainda que o devamos fazer de forma cautelosa e conforme aconselhado pelas autoridades.<\/span><\/p>\n<\/div>\n<\/div>\n<\/div>\n<\/div>\n<div class=\"page\" title=\"Page 2\">\n<div class=\"section\">\n<div class=\"layoutArea\">\n<div class=\"column\">\n<p>Desta forma, no seguimento do que aqui foi exposto, e no intuito de sermos parte integrante do combate e prevenc\u0327a\u0303o deste flagelo, e\u0301 importante ter em conta algumas recomendac\u0327o\u0303es que, sempre que possi\u0301vel, devemos colocar em pra\u0301tica. Assim, a Alianc\u0327a Evange\u0301lica Portuguesa apresenta a\u0300 comunidade evange\u0301lica portuguesa e aos demais cidada\u0303os, algumas sugesto\u0303es, gerais e especi\u0301ficas, para sermos agentes ativos contra o Tra\u0301fico de Seres Humanos. Portanto, todos devemos:<\/p>\n<ol>\n<li>Aprender sobre o feno\u0301meno do tra\u0301fico de seres humanos e saber como identificar as vi\u0301timas.<\/li>\n<li>Saber o Nu\u0301mero de Emerge\u0302ncia em Portugal e denunciar alguma situac\u0327a\u0303o suspeita &#8211; 144 (nu\u0301mero de emerge\u0302ncia social 24h\/dia).<\/li>\n<li>Ser um consumidor informado. Conhecer as empresas e os produtos que podera\u0303o resultar de uma produc\u0327a\u0303o com recurso a tra\u0301fico de seres humanos.<\/li>\n<li>Ser volunta\u0301rio(a) em projetos anti tra\u0301fico na comunidade.<\/li>\n<li>Tentar perceber, junto das autoridades locais, que ac\u0327o\u0303es esta\u0303o em curso relativamente a este problema.<\/li>\n<li>Estar informados sobre noti\u0301cias e acontecimentos relacionados com o tema.<\/li>\n<li>Organizar eventos de sensibilizac\u0327a\u0303o sobre o TSH: ver um documenta\u0301rio, entender o que podemos fazer para combater este crime, designadamente analisando a nossa cadeia de consumo. Verificar se na nossa biblioteca local existe, pelo menos, um livro sobre o tema e, se na\u0303o, diligenciar nesse sentido.<\/li>\n<li>Organizar eventos de angariac\u0327a\u0303o de fundos para ajudar uma instituic\u0327a\u0303o que fac\u0327a prevenc\u0327a\u0303o ou resgate\/ apoie as vi\u0301timas.<\/li>\n<li>Encorajar as escolas\/ agrupamentos de escolas para inserirem a prevenc\u0327a\u0303o do TSH nos seus curri\u0301culos da disciplina de Cidadania\/ Educac\u0327a\u0303o Moral e Religiosa.<\/li>\n<li>Usar as redes sociais para prevenir\/ sensibilizar sobre o tra\u0301fico de seres humanos.<\/li>\n<li>Verificar se o local de trabalho onde estamos esta\u0301 preparado para identificar vi\u0301timas de tra\u0301fico de seres humanos.<\/li>\n<li>Na medida das possibilidades de cada um, ser mentor\/ acompanhar alguma crianc\u0327a\/ jovem sem suporte familiar. Os traficantes geralmente procuram as pessoas mais vulnera\u0301veis nas suas estrate\u0301gias de recrutamento.<\/li>\n<li>Pais e cuidadores: falem com os vossos filhos sobre este tema, para os alertar dos perigos e cuidados que devem ter, designadamente nas redes sociais, jogos online, abordagem por desconhecidos, etc.<\/li>\n<li>Jovens: Aprendam a reconhecer as ta\u0301ticas de recrutamento dos traficantes: seduc\u0327a\u0303o online, ofertas de trabalho\/formac\u0327a\u0303o no estrangeiro, muito promissoras, etc.<\/li>\n<li>Comunidades de fe\u0301 (igrejas): podera\u0303o organizar sesso\u0303es de sensibilizac\u0327a\u0303o adequadas a\u0300s diferentes faixas eta\u0301rias. Incluir a prevenc\u0327a\u0303o do TSH nos <span style=\"font-size: inherit;\">curri\u0301culos da Escola Dominical e Ministe\u0301rios Juvenis.<\/span><\/li>\n<\/ol>\n<\/div>\n<\/div>\n<\/div>\n<\/div>\n<div class=\"page\" title=\"Page 3\">\n<div class=\"section\">\n<div class=\"layoutArea\">\n<div class=\"column\">\n<p>Empresa\u0301rios: Se tem uma empresa e pode oferecer emprego, formac\u0327a\u0303o, etc., pode desta forma ajudar uma possi\u0301vel vi\u0301tima ou impedir que algue\u0301m caia numa rede de tra\u0301fico, por falta de oportunidades laborais condignas.<\/p>\n<p>Estudantes universita\u0301rios: organizem ac\u0327o\u0303es de sensibilizac\u0327a\u0303o ou fac\u0327am investigac\u0327a\u0303o\/ trabalhos de pesquisa sobre o TSH.<\/p>\n<p>Aos profissionais de sau\u0301de: realizac\u0327a\u0303o de formac\u0327a\u0303o para identificar sinais de TSH, priorizar cuidados para as vi\u0301timas.<\/p>\n<p>Jornalistas: realizac\u0327a\u0303o de reportagens sobre o tema e o resgate de vi\u0301timas.<\/p>\n<p>Advogados: concedam ajuda, se possi\u0301vel, em regime probono, na defesa das vi\u0301timas e condenac\u0327a\u0303o dos traficantes. Apoiem na legalizac\u0327a\u0303o, documentac\u0327a\u0303o de imigrantes, etc.<\/p>\n<p>Pela Palavra de Deus somos alertados a erguer a nossa voz pelos que na\u0303o podem faze\u0302-lo (Prove\u0301rbios 31:8-9). Por isso, sensibilizamos a comunidade evange\u0301lica a mobilizar-se contra o Tra\u0301fico de Seres Humanos. A vida humana na\u0303o tem prec\u0327o, e cada ser humano e\u0301 precioso aos olhos do Criador. Cremos que Deus deseja que cada um seja livre e viva em pleno os seus direitos na sociedade, com paz e condic\u0327o\u0303es de vida dignas e em igualdade para todos.<\/p>\n<p>Elsa Pereira, Assessora AEP\u00a0<\/p>\n<\/div>\n<\/div>\n<\/div>\n<\/div>\n<\/div><\/div>\n\n\n\n<p><\/p>\n","protected":false},"excerpt":{"rendered":"<p>O Tra\u0301fico de Seres Humanos e\u0301 um crime pu\u0301blico e na\u0303o acontece apenas em outros pai\u0301ses e continentes. Todos ouvimos as u\u0301ltimas noti\u0301cias sobre as condic\u0327o\u0303es dos imigrantes em Portugal, no Alentejo. A verdade e\u0301 que ja\u0301 anteriormente, eram divulgadas noti\u0301cias pontuais sobre este problema. E, de facto, os dados recolhidos pelo Observato\u0301rio de Tra\u0301fico<\/p>\n","protected":false},"author":2,"featured_media":18950,"comment_status":"closed","ping_status":"open","sticky":false,"template":"","format":"standard","meta":{"_uag_custom_page_level_css":"","_themeisle_gutenberg_block_has_review":false,"_vp_format_video_url":"","_vp_image_focal_point":[],"footnotes":""},"categories":[],"tags":[145],"class_list":["post-18947","post","type-post","status-publish","format-standard","has-post-thumbnail","hentry","tag-tomadas-de-posicao"],"yoast_head":"<!-- This site is optimized with the Yoast SEO plugin v27.5 - https:\/\/yoast.com\/product\/yoast-seo-wordpress\/ -->\n<title>Tomada de Posi\u00e7\u00e3o da AEP- Tr\u00e1fico de Seres Humanos - AEP<\/title>\n<meta name=\"robots\" content=\"index, follow, max-snippet:-1, max-image-preview:large, max-video-preview:-1\" \/>\n<link rel=\"canonical\" href=\"https:\/\/aliancaevangelica.pt\/site\/trafico-de-seres-humanos-vamos-combate-lo\/\" \/>\n<meta property=\"og:locale\" content=\"pt_PT\" \/>\n<meta property=\"og:type\" content=\"article\" \/>\n<meta property=\"og:title\" content=\"Tomada de Posi\u00e7\u00e3o da AEP- Tr\u00e1fico de Seres Humanos - AEP\" \/>\n<meta property=\"og:description\" content=\"O Tra\u0301fico de Seres Humanos e\u0301 um crime pu\u0301blico e na\u0303o acontece apenas em outros pai\u0301ses e continentes. Todos ouvimos as u\u0301ltimas noti\u0301cias sobre as condic\u0327o\u0303es dos imigrantes em Portugal, no Alentejo. A verdade e\u0301 que ja\u0301 anteriormente, eram divulgadas noti\u0301cias pontuais sobre este problema. E, de facto, os dados recolhidos pelo Observato\u0301rio de Tra\u0301fico\" \/>\n<meta property=\"og:url\" content=\"https:\/\/aliancaevangelica.pt\/site\/trafico-de-seres-humanos-vamos-combate-lo\/\" \/>\n<meta property=\"og:site_name\" content=\"AEP\" \/>\n<meta property=\"article:publisher\" content=\"http:\/\/facebook.com\/aeportuguesa\" \/>\n<meta property=\"article:author\" content=\"aeportugal\" \/>\n<meta property=\"article:published_time\" content=\"2021-05-12T11:40:01+00:00\" \/>\n<meta property=\"article:modified_time\" content=\"2026-04-07T10:01:15+00:00\" \/>\n<meta property=\"og:image\" content=\"https:\/\/aliancaevangelica.pt\/site\/wp-content\/uploads\/2021\/05\/Captura-de-ecra\u0303-2021-05-12-a\u0300s-12.34.45.png\" \/>\n\t<meta property=\"og:image:width\" content=\"1025\" \/>\n\t<meta property=\"og:image:height\" content=\"722\" \/>\n\t<meta property=\"og:image:type\" content=\"image\/png\" \/>\n<meta name=\"author\" content=\"AEP\" \/>\n<meta name=\"twitter:card\" content=\"summary_large_image\" \/>\n<meta name=\"twitter:label1\" content=\"Escrito por\" \/>\n\t<meta name=\"twitter:data1\" content=\"AEP\" \/>\n\t<meta name=\"twitter:label2\" content=\"Tempo estimado de leitura\" \/>\n\t<meta name=\"twitter:data2\" content=\"6 minutos\" \/>\n<script type=\"application\/ld+json\" class=\"yoast-schema-graph\">{\"@context\":\"https:\\\/\\\/schema.org\",\"@graph\":[{\"@type\":\"Article\",\"@id\":\"https:\\\/\\\/aliancaevangelica.pt\\\/site\\\/trafico-de-seres-humanos-vamos-combate-lo\\\/#article\",\"isPartOf\":{\"@id\":\"https:\\\/\\\/aliancaevangelica.pt\\\/site\\\/trafico-de-seres-humanos-vamos-combate-lo\\\/\"},\"author\":{\"name\":\"AEP\",\"@id\":\"https:\\\/\\\/aliancaevangelica.pt\\\/site\\\/#\\\/schema\\\/person\\\/3b47cfc7535eff1e820f31c2d67eafcf\"},\"headline\":\"Tomada de Posi\u00e7\u00e3o da AEP- Tr\u00e1fico de Seres Humanos\",\"datePublished\":\"2021-05-12T11:40:01+00:00\",\"dateModified\":\"2026-04-07T10:01:15+00:00\",\"mainEntityOfPage\":{\"@id\":\"https:\\\/\\\/aliancaevangelica.pt\\\/site\\\/trafico-de-seres-humanos-vamos-combate-lo\\\/\"},\"wordCount\":1275,\"publisher\":{\"@id\":\"https:\\\/\\\/aliancaevangelica.pt\\\/site\\\/#organization\"},\"image\":{\"@id\":\"https:\\\/\\\/aliancaevangelica.pt\\\/site\\\/trafico-de-seres-humanos-vamos-combate-lo\\\/#primaryimage\"},\"thumbnailUrl\":\"https:\\\/\\\/aliancaevangelica.pt\\\/site\\\/wp-content\\\/uploads\\\/2021\\\/05\\\/Captura-de-ecra\u0303-2021-05-12-a\u0300s-12.34.45.png\",\"keywords\":[\"Tomadas de Posi\u00e7\u00e3o\"],\"inLanguage\":\"pt-PT\"},{\"@type\":\"WebPage\",\"@id\":\"https:\\\/\\\/aliancaevangelica.pt\\\/site\\\/trafico-de-seres-humanos-vamos-combate-lo\\\/\",\"url\":\"https:\\\/\\\/aliancaevangelica.pt\\\/site\\\/trafico-de-seres-humanos-vamos-combate-lo\\\/\",\"name\":\"Tomada de Posi\u00e7\u00e3o da AEP- Tr\u00e1fico de Seres Humanos - AEP\",\"isPartOf\":{\"@id\":\"https:\\\/\\\/aliancaevangelica.pt\\\/site\\\/#website\"},\"primaryImageOfPage\":{\"@id\":\"https:\\\/\\\/aliancaevangelica.pt\\\/site\\\/trafico-de-seres-humanos-vamos-combate-lo\\\/#primaryimage\"},\"image\":{\"@id\":\"https:\\\/\\\/aliancaevangelica.pt\\\/site\\\/trafico-de-seres-humanos-vamos-combate-lo\\\/#primaryimage\"},\"thumbnailUrl\":\"https:\\\/\\\/aliancaevangelica.pt\\\/site\\\/wp-content\\\/uploads\\\/2021\\\/05\\\/Captura-de-ecra\u0303-2021-05-12-a\u0300s-12.34.45.png\",\"datePublished\":\"2021-05-12T11:40:01+00:00\",\"dateModified\":\"2026-04-07T10:01:15+00:00\",\"breadcrumb\":{\"@id\":\"https:\\\/\\\/aliancaevangelica.pt\\\/site\\\/trafico-de-seres-humanos-vamos-combate-lo\\\/#breadcrumb\"},\"inLanguage\":\"pt-PT\",\"potentialAction\":[{\"@type\":\"ReadAction\",\"target\":[\"https:\\\/\\\/aliancaevangelica.pt\\\/site\\\/trafico-de-seres-humanos-vamos-combate-lo\\\/\"]}]},{\"@type\":\"ImageObject\",\"inLanguage\":\"pt-PT\",\"@id\":\"https:\\\/\\\/aliancaevangelica.pt\\\/site\\\/trafico-de-seres-humanos-vamos-combate-lo\\\/#primaryimage\",\"url\":\"https:\\\/\\\/aliancaevangelica.pt\\\/site\\\/wp-content\\\/uploads\\\/2021\\\/05\\\/Captura-de-ecra\u0303-2021-05-12-a\u0300s-12.34.45.png\",\"contentUrl\":\"https:\\\/\\\/aliancaevangelica.pt\\\/site\\\/wp-content\\\/uploads\\\/2021\\\/05\\\/Captura-de-ecra\u0303-2021-05-12-a\u0300s-12.34.45.png\",\"width\":1025,\"height\":722},{\"@type\":\"BreadcrumbList\",\"@id\":\"https:\\\/\\\/aliancaevangelica.pt\\\/site\\\/trafico-de-seres-humanos-vamos-combate-lo\\\/#breadcrumb\",\"itemListElement\":[{\"@type\":\"ListItem\",\"position\":1,\"name\":\"In\u00edcio\",\"item\":\"https:\\\/\\\/aliancaevangelica.pt\\\/site\\\/\"},{\"@type\":\"ListItem\",\"position\":2,\"name\":\"Tomada de Posi\u00e7\u00e3o da AEP- Tr\u00e1fico de Seres Humanos\"}]},{\"@type\":\"WebSite\",\"@id\":\"https:\\\/\\\/aliancaevangelica.pt\\\/site\\\/#website\",\"url\":\"https:\\\/\\\/aliancaevangelica.pt\\\/site\\\/\",\"name\":\"Alian\u00e7a Evang\u00e9lica Portuguesa\",\"description\":\"Alian\u00e7a Evang\u00e9lica Portuguesa\",\"publisher\":{\"@id\":\"https:\\\/\\\/aliancaevangelica.pt\\\/site\\\/#organization\"},\"potentialAction\":[{\"@type\":\"SearchAction\",\"target\":{\"@type\":\"EntryPoint\",\"urlTemplate\":\"https:\\\/\\\/aliancaevangelica.pt\\\/site\\\/?s={search_term_string}\"},\"query-input\":{\"@type\":\"PropertyValueSpecification\",\"valueRequired\":true,\"valueName\":\"search_term_string\"}}],\"inLanguage\":\"pt-PT\"},{\"@type\":\"Organization\",\"@id\":\"https:\\\/\\\/aliancaevangelica.pt\\\/site\\\/#organization\",\"name\":\"Alian\u00e7a Evang\u00e9lica Portuguesa\",\"url\":\"https:\\\/\\\/aliancaevangelica.pt\\\/site\\\/\",\"logo\":{\"@type\":\"ImageObject\",\"inLanguage\":\"pt-PT\",\"@id\":\"https:\\\/\\\/aliancaevangelica.pt\\\/site\\\/#\\\/schema\\\/logo\\\/image\\\/\",\"url\":\"https:\\\/\\\/aliancaevangelica.pt\\\/site\\\/wp-content\\\/uploads\\\/2017\\\/11\\\/logo-AEP-cor.png\",\"contentUrl\":\"https:\\\/\\\/aliancaevangelica.pt\\\/site\\\/wp-content\\\/uploads\\\/2017\\\/11\\\/logo-AEP-cor.png\",\"width\":1156,\"height\":672,\"caption\":\"Alian\u00e7a Evang\u00e9lica Portuguesa\"},\"image\":{\"@id\":\"https:\\\/\\\/aliancaevangelica.pt\\\/site\\\/#\\\/schema\\\/logo\\\/image\\\/\"},\"sameAs\":[\"http:\\\/\\\/facebook.com\\\/aeportuguesa\",\"http:\\\/\\\/instagram.com\\\/aliancaep\",\"http:\\\/\\\/youtube.com\\\/aeportuguesa\"]},{\"@type\":\"Person\",\"@id\":\"https:\\\/\\\/aliancaevangelica.pt\\\/site\\\/#\\\/schema\\\/person\\\/3b47cfc7535eff1e820f31c2d67eafcf\",\"name\":\"AEP\",\"sameAs\":[\"aeportugal\"],\"url\":\"https:\\\/\\\/aliancaevangelica.pt\\\/site\\\/author\\\/aeportugal\\\/\"}]}<\/script>\n<!-- \/ Yoast SEO plugin. -->","yoast_head_json":{"title":"Tomada de Posi\u00e7\u00e3o da AEP- Tr\u00e1fico de Seres Humanos - AEP","robots":{"index":"index","follow":"follow","max-snippet":"max-snippet:-1","max-image-preview":"max-image-preview:large","max-video-preview":"max-video-preview:-1"},"canonical":"https:\/\/aliancaevangelica.pt\/site\/trafico-de-seres-humanos-vamos-combate-lo\/","og_locale":"pt_PT","og_type":"article","og_title":"Tomada de Posi\u00e7\u00e3o da AEP- Tr\u00e1fico de Seres Humanos - AEP","og_description":"O Tra\u0301fico de Seres Humanos e\u0301 um crime pu\u0301blico e na\u0303o acontece apenas em outros pai\u0301ses e continentes. Todos ouvimos as u\u0301ltimas noti\u0301cias sobre as condic\u0327o\u0303es dos imigrantes em Portugal, no Alentejo. A verdade e\u0301 que ja\u0301 anteriormente, eram divulgadas noti\u0301cias pontuais sobre este problema. E, de facto, os dados recolhidos pelo Observato\u0301rio de Tra\u0301fico","og_url":"https:\/\/aliancaevangelica.pt\/site\/trafico-de-seres-humanos-vamos-combate-lo\/","og_site_name":"AEP","article_publisher":"http:\/\/facebook.com\/aeportuguesa","article_author":"aeportugal","article_published_time":"2021-05-12T11:40:01+00:00","article_modified_time":"2026-04-07T10:01:15+00:00","og_image":[{"width":1025,"height":722,"url":"https:\/\/aliancaevangelica.pt\/site\/wp-content\/uploads\/2021\/05\/Captura-de-ecra\u0303-2021-05-12-a\u0300s-12.34.45.png","type":"image\/png"}],"author":"AEP","twitter_card":"summary_large_image","twitter_misc":{"Escrito por":"AEP","Tempo estimado de leitura":"6 minutos"},"schema":{"@context":"https:\/\/schema.org","@graph":[{"@type":"Article","@id":"https:\/\/aliancaevangelica.pt\/site\/trafico-de-seres-humanos-vamos-combate-lo\/#article","isPartOf":{"@id":"https:\/\/aliancaevangelica.pt\/site\/trafico-de-seres-humanos-vamos-combate-lo\/"},"author":{"name":"AEP","@id":"https:\/\/aliancaevangelica.pt\/site\/#\/schema\/person\/3b47cfc7535eff1e820f31c2d67eafcf"},"headline":"Tomada de Posi\u00e7\u00e3o da AEP- Tr\u00e1fico de Seres Humanos","datePublished":"2021-05-12T11:40:01+00:00","dateModified":"2026-04-07T10:01:15+00:00","mainEntityOfPage":{"@id":"https:\/\/aliancaevangelica.pt\/site\/trafico-de-seres-humanos-vamos-combate-lo\/"},"wordCount":1275,"publisher":{"@id":"https:\/\/aliancaevangelica.pt\/site\/#organization"},"image":{"@id":"https:\/\/aliancaevangelica.pt\/site\/trafico-de-seres-humanos-vamos-combate-lo\/#primaryimage"},"thumbnailUrl":"https:\/\/aliancaevangelica.pt\/site\/wp-content\/uploads\/2021\/05\/Captura-de-ecra\u0303-2021-05-12-a\u0300s-12.34.45.png","keywords":["Tomadas de Posi\u00e7\u00e3o"],"inLanguage":"pt-PT"},{"@type":"WebPage","@id":"https:\/\/aliancaevangelica.pt\/site\/trafico-de-seres-humanos-vamos-combate-lo\/","url":"https:\/\/aliancaevangelica.pt\/site\/trafico-de-seres-humanos-vamos-combate-lo\/","name":"Tomada de Posi\u00e7\u00e3o da AEP- Tr\u00e1fico de Seres Humanos - AEP","isPartOf":{"@id":"https:\/\/aliancaevangelica.pt\/site\/#website"},"primaryImageOfPage":{"@id":"https:\/\/aliancaevangelica.pt\/site\/trafico-de-seres-humanos-vamos-combate-lo\/#primaryimage"},"image":{"@id":"https:\/\/aliancaevangelica.pt\/site\/trafico-de-seres-humanos-vamos-combate-lo\/#primaryimage"},"thumbnailUrl":"https:\/\/aliancaevangelica.pt\/site\/wp-content\/uploads\/2021\/05\/Captura-de-ecra\u0303-2021-05-12-a\u0300s-12.34.45.png","datePublished":"2021-05-12T11:40:01+00:00","dateModified":"2026-04-07T10:01:15+00:00","breadcrumb":{"@id":"https:\/\/aliancaevangelica.pt\/site\/trafico-de-seres-humanos-vamos-combate-lo\/#breadcrumb"},"inLanguage":"pt-PT","potentialAction":[{"@type":"ReadAction","target":["https:\/\/aliancaevangelica.pt\/site\/trafico-de-seres-humanos-vamos-combate-lo\/"]}]},{"@type":"ImageObject","inLanguage":"pt-PT","@id":"https:\/\/aliancaevangelica.pt\/site\/trafico-de-seres-humanos-vamos-combate-lo\/#primaryimage","url":"https:\/\/aliancaevangelica.pt\/site\/wp-content\/uploads\/2021\/05\/Captura-de-ecra\u0303-2021-05-12-a\u0300s-12.34.45.png","contentUrl":"https:\/\/aliancaevangelica.pt\/site\/wp-content\/uploads\/2021\/05\/Captura-de-ecra\u0303-2021-05-12-a\u0300s-12.34.45.png","width":1025,"height":722},{"@type":"BreadcrumbList","@id":"https:\/\/aliancaevangelica.pt\/site\/trafico-de-seres-humanos-vamos-combate-lo\/#breadcrumb","itemListElement":[{"@type":"ListItem","position":1,"name":"In\u00edcio","item":"https:\/\/aliancaevangelica.pt\/site\/"},{"@type":"ListItem","position":2,"name":"Tomada de Posi\u00e7\u00e3o da AEP- Tr\u00e1fico de Seres Humanos"}]},{"@type":"WebSite","@id":"https:\/\/aliancaevangelica.pt\/site\/#website","url":"https:\/\/aliancaevangelica.pt\/site\/","name":"Alian\u00e7a Evang\u00e9lica Portuguesa","description":"Alian\u00e7a Evang\u00e9lica Portuguesa","publisher":{"@id":"https:\/\/aliancaevangelica.pt\/site\/#organization"},"potentialAction":[{"@type":"SearchAction","target":{"@type":"EntryPoint","urlTemplate":"https:\/\/aliancaevangelica.pt\/site\/?s={search_term_string}"},"query-input":{"@type":"PropertyValueSpecification","valueRequired":true,"valueName":"search_term_string"}}],"inLanguage":"pt-PT"},{"@type":"Organization","@id":"https:\/\/aliancaevangelica.pt\/site\/#organization","name":"Alian\u00e7a Evang\u00e9lica Portuguesa","url":"https:\/\/aliancaevangelica.pt\/site\/","logo":{"@type":"ImageObject","inLanguage":"pt-PT","@id":"https:\/\/aliancaevangelica.pt\/site\/#\/schema\/logo\/image\/","url":"https:\/\/aliancaevangelica.pt\/site\/wp-content\/uploads\/2017\/11\/logo-AEP-cor.png","contentUrl":"https:\/\/aliancaevangelica.pt\/site\/wp-content\/uploads\/2017\/11\/logo-AEP-cor.png","width":1156,"height":672,"caption":"Alian\u00e7a Evang\u00e9lica Portuguesa"},"image":{"@id":"https:\/\/aliancaevangelica.pt\/site\/#\/schema\/logo\/image\/"},"sameAs":["http:\/\/facebook.com\/aeportuguesa","http:\/\/instagram.com\/aliancaep","http:\/\/youtube.com\/aeportuguesa"]},{"@type":"Person","@id":"https:\/\/aliancaevangelica.pt\/site\/#\/schema\/person\/3b47cfc7535eff1e820f31c2d67eafcf","name":"AEP","sameAs":["aeportugal"],"url":"https:\/\/aliancaevangelica.pt\/site\/author\/aeportugal\/"}]}},"uagb_featured_image_src":{"full":["https:\/\/aliancaevangelica.pt\/site\/wp-content\/uploads\/2021\/05\/Captura-de-ecra\u0303-2021-05-12-a\u0300s-12.34.45.png",1025,722,false],"thumbnail":["https:\/\/aliancaevangelica.pt\/site\/wp-content\/uploads\/2021\/05\/Captura-de-ecra\u0303-2021-05-12-a\u0300s-12.34.45-150x150.png",150,150,true],"medium":["https:\/\/aliancaevangelica.pt\/site\/wp-content\/uploads\/2021\/05\/Captura-de-ecra\u0303-2021-05-12-a\u0300s-12.34.45-300x211.png",300,211,true],"medium_large":["https:\/\/aliancaevangelica.pt\/site\/wp-content\/uploads\/2021\/05\/Captura-de-ecra\u0303-2021-05-12-a\u0300s-12.34.45-768x541.png",768,541,true],"large":["https:\/\/aliancaevangelica.pt\/site\/wp-content\/uploads\/2021\/05\/Captura-de-ecra\u0303-2021-05-12-a\u0300s-12.34.45.png",960,676,false],"1536x1536":["https:\/\/aliancaevangelica.pt\/site\/wp-content\/uploads\/2021\/05\/Captura-de-ecra\u0303-2021-05-12-a\u0300s-12.34.45.png",1025,722,false],"2048x2048":["https:\/\/aliancaevangelica.pt\/site\/wp-content\/uploads\/2021\/05\/Captura-de-ecra\u0303-2021-05-12-a\u0300s-12.34.45.png",1025,722,false],"vp_sm":["https:\/\/aliancaevangelica.pt\/site\/wp-content\/uploads\/2021\/05\/Captura-de-ecra\u0303-2021-05-12-a\u0300s-12.34.45.png",500,352,false],"vp_md":["https:\/\/aliancaevangelica.pt\/site\/wp-content\/uploads\/2021\/05\/Captura-de-ecra\u0303-2021-05-12-a\u0300s-12.34.45.png",800,564,false],"vp_lg":["https:\/\/aliancaevangelica.pt\/site\/wp-content\/uploads\/2021\/05\/Captura-de-ecra\u0303-2021-05-12-a\u0300s-12.34.45.png",1025,722,false],"vp_xl":["https:\/\/aliancaevangelica.pt\/site\/wp-content\/uploads\/2021\/05\/Captura-de-ecra\u0303-2021-05-12-a\u0300s-12.34.45.png",1025,722,false],"vp_sm_popup":["https:\/\/aliancaevangelica.pt\/site\/wp-content\/uploads\/2021\/05\/Captura-de-ecra\u0303-2021-05-12-a\u0300s-12.34.45.png",500,352,false],"vp_md_popup":["https:\/\/aliancaevangelica.pt\/site\/wp-content\/uploads\/2021\/05\/Captura-de-ecra\u0303-2021-05-12-a\u0300s-12.34.45.png",800,564,false],"vp_xl_popup":["https:\/\/aliancaevangelica.pt\/site\/wp-content\/uploads\/2021\/05\/Captura-de-ecra\u0303-2021-05-12-a\u0300s-12.34.45.png",1025,722,false],"newsx-150x100":["https:\/\/aliancaevangelica.pt\/site\/wp-content\/uploads\/2021\/05\/Captura-de-ecra\u0303-2021-05-12-a\u0300s-12.34.45.png",142,100,false],"newsx-330x220":["https:\/\/aliancaevangelica.pt\/site\/wp-content\/uploads\/2021\/05\/Captura-de-ecra\u0303-2021-05-12-a\u0300s-12.34.45.png",312,220,false],"newsx-420x280":["https:\/\/aliancaevangelica.pt\/site\/wp-content\/uploads\/2021\/05\/Captura-de-ecra\u0303-2021-05-12-a\u0300s-12.34.45.png",398,280,false],"newsx-510x340":["https:\/\/aliancaevangelica.pt\/site\/wp-content\/uploads\/2021\/05\/Captura-de-ecra\u0303-2021-05-12-a\u0300s-12.34.45.png",483,340,false],"newsx-640x480":["https:\/\/aliancaevangelica.pt\/site\/wp-content\/uploads\/2021\/05\/Captura-de-ecra\u0303-2021-05-12-a\u0300s-12.34.45.png",640,451,false],"newsx-670x370":["https:\/\/aliancaevangelica.pt\/site\/wp-content\/uploads\/2021\/05\/Captura-de-ecra\u0303-2021-05-12-a\u0300s-12.34.45.png",525,370,false],"newsx-860x570":["https:\/\/aliancaevangelica.pt\/site\/wp-content\/uploads\/2021\/05\/Captura-de-ecra\u0303-2021-05-12-a\u0300s-12.34.45.png",809,570,false],"newsx-1000x750":["https:\/\/aliancaevangelica.pt\/site\/wp-content\/uploads\/2021\/05\/Captura-de-ecra\u0303-2021-05-12-a\u0300s-12.34.45.png",1000,704,false],"newsx-1200x600":["https:\/\/aliancaevangelica.pt\/site\/wp-content\/uploads\/2021\/05\/Captura-de-ecra\u0303-2021-05-12-a\u0300s-12.34.45.png",852,600,false]},"uagb_author_info":{"display_name":"AEP","author_link":"https:\/\/aliancaevangelica.pt\/site\/author\/aeportugal\/"},"uagb_comment_info":0,"uagb_excerpt":"O Tra\u0301fico de Seres Humanos e\u0301 um crime pu\u0301blico e na\u0303o acontece apenas em outros pai\u0301ses e continentes. Todos ouvimos as u\u0301ltimas noti\u0301cias sobre as condic\u0327o\u0303es dos imigrantes em Portugal, no Alentejo. A verdade e\u0301 que ja\u0301 anteriormente, eram divulgadas noti\u0301cias pontuais sobre este problema. E, de facto, os dados recolhidos pelo Observato\u0301rio de Tra\u0301fico","_links":{"self":[{"href":"https:\/\/aliancaevangelica.pt\/site\/wp-json\/wp\/v2\/posts\/18947","targetHints":{"allow":["GET"]}}],"collection":[{"href":"https:\/\/aliancaevangelica.pt\/site\/wp-json\/wp\/v2\/posts"}],"about":[{"href":"https:\/\/aliancaevangelica.pt\/site\/wp-json\/wp\/v2\/types\/post"}],"author":[{"embeddable":true,"href":"https:\/\/aliancaevangelica.pt\/site\/wp-json\/wp\/v2\/users\/2"}],"replies":[{"embeddable":true,"href":"https:\/\/aliancaevangelica.pt\/site\/wp-json\/wp\/v2\/comments?post=18947"}],"version-history":[{"count":9,"href":"https:\/\/aliancaevangelica.pt\/site\/wp-json\/wp\/v2\/posts\/18947\/revisions"}],"predecessor-version":[{"id":18969,"href":"https:\/\/aliancaevangelica.pt\/site\/wp-json\/wp\/v2\/posts\/18947\/revisions\/18969"}],"wp:featuredmedia":[{"embeddable":true,"href":"https:\/\/aliancaevangelica.pt\/site\/wp-json\/wp\/v2\/media\/18950"}],"wp:attachment":[{"href":"https:\/\/aliancaevangelica.pt\/site\/wp-json\/wp\/v2\/media?parent=18947"}],"wp:term":[{"taxonomy":"category","embeddable":true,"href":"https:\/\/aliancaevangelica.pt\/site\/wp-json\/wp\/v2\/categories?post=18947"},{"taxonomy":"post_tag","embeddable":true,"href":"https:\/\/aliancaevangelica.pt\/site\/wp-json\/wp\/v2\/tags?post=18947"}],"curies":[{"name":"wp","href":"https:\/\/api.w.org\/{rel}","templated":true}]}}