{"id":18925,"date":"2021-04-28T16:07:39","date_gmt":"2021-04-28T16:07:39","guid":{"rendered":"https:\/\/aliancaevangelica.pt\/site\/?p=18925"},"modified":"2021-04-28T16:09:52","modified_gmt":"2021-04-28T16:09:52","slug":"webinar-trafico-de-seres-humanos-na-era-digital","status":"publish","type":"post","link":"https:\/\/aliancaevangelica.pt\/site\/webinar-trafico-de-seres-humanos-na-era-digital\/","title":{"rendered":"Webinar &#8220;Tr\u00e1fico de Seres Humanos na Era Digital&#8221;"},"content":{"rendered":"\n<p>A Rede Regional de Lisboa e Vale do Tejo de Apoio e Prote\u00e7\u00e3o a V\u00edtimas de Tr\u00e1fico de Seres Humanos vai dinamizar o Webinar:&nbsp;<strong>\u201cTr\u00e1fico de Seres Humanos na Era Digital: Que quest\u00f5es se colocam?\u201d<\/strong>&nbsp;no pr\u00f3ximo dia&nbsp;<strong>30 de Abril<\/strong>&nbsp;de 2021 pelas&nbsp;<strong>14:30h<\/strong>&nbsp;via Plataforma&nbsp;<strong>Zoom<\/strong>.<\/p>\n\n\n\n<p>A inscri\u00e7\u00e3o \u00e9&nbsp;gratuita e obrigat\u00f3ria&nbsp;atrav\u00e9s do link:<\/p>\n\n\n\n<p><a href=\"https:\/\/forms.gle\/wicR9kx1ffYZScd8A\">https:\/\/forms.gle\/wicR9kx1ffYZScd8A<\/a><\/p>\n\n\n\n<p>O evento ir\u00e1 contar com uma participa\u00e7\u00e3o internacional pelo que a ferramenta da Tradu\u00e7\u00e3o Simult\u00e2nea estar\u00e1 dispon\u00edvel no decorrer de todo o Webinar (Portugu\u00eas\/ Ingl\u00eas e Ingl\u00eas\/ Portugu\u00eas)<\/p>\n\n\n\n<p>Convidamos a que partilhem nas vossas redes nacionais e internacionais.<\/p>\n\n\n\n<p>Ap\u00f3s inscri\u00e7\u00e3o, ser\u00e1 partilhado o link de acesso ao Webinar.<\/p>\n\n\n\n<p>Para esclarecimento de quest\u00f5es, por favor contactar para o&nbsp;<a href=\"mailto:info@apflisboa.net\" target=\"_blank\" rel=\"noreferrer noopener\">info@apflisboa.net<\/a>&nbsp;ou +351913858556<\/p>\n","protected":false},"excerpt":{"rendered":"<p>A Rede Regional de Lisboa e Vale do Tejo de Apoio e Prote\u00e7\u00e3o a V\u00edtimas de Tr\u00e1fico de Seres Humanos vai dinamizar o Webinar:&nbsp;\u201cTr\u00e1fico de Seres Humanos na Era Digital: Que quest\u00f5es se colocam?\u201d&nbsp;no pr\u00f3ximo dia&nbsp;30 de Abril&nbsp;de 2021 pelas&nbsp;14:30h&nbsp;via Plataforma&nbsp;Zoom. A inscri\u00e7\u00e3o \u00e9&nbsp;gratuita e obrigat\u00f3ria&nbsp;atrav\u00e9s do link: https:\/\/forms.gle\/wicR9kx1ffYZScd8A O evento ir\u00e1 contar com uma<\/p>\n","protected":false},"author":2,"featured_media":18927,"comment_status":"open","ping_status":"open","sticky":false,"template":"","format":"standard","meta":{"_uag_custom_page_level_css":"","_themeisle_gutenberg_block_has_review":false,"_vp_format_video_url":"","_vp_image_focal_point":[],"footnotes":""},"categories":[45],"tags":[181,182,143],"class_list":["post-18925","post","type-post","status-publish","format-standard","has-post-thumbnail","hentry","category-geral","tag-1-geral","tag-2-artigos-gerais","tag-noticias"],"yoast_head":"<!-- This site is optimized with the Yoast SEO plugin v27.5 - https:\/\/yoast.com\/product\/yoast-seo-wordpress\/ -->\n<title>Webinar &quot;Tr\u00e1fico de Seres Humanos na Era Digital&quot; - AEP<\/title>\n<meta name=\"robots\" content=\"index, follow, max-snippet:-1, max-image-preview:large, max-video-preview:-1\" \/>\n<link rel=\"canonical\" href=\"https:\/\/aliancaevangelica.pt\/site\/webinar-trafico-de-seres-humanos-na-era-digital\/\" \/>\n<meta property=\"og:locale\" content=\"pt_PT\" \/>\n<meta property=\"og:type\" content=\"article\" \/>\n<meta property=\"og:title\" content=\"Webinar &quot;Tr\u00e1fico de Seres Humanos na Era Digital&quot; - AEP\" \/>\n<meta property=\"og:description\" content=\"A Rede Regional de Lisboa e Vale do Tejo de Apoio e Prote\u00e7\u00e3o a V\u00edtimas de Tr\u00e1fico de Seres Humanos vai dinamizar o Webinar:&nbsp;\u201cTr\u00e1fico de Seres Humanos na Era Digital: Que quest\u00f5es se colocam?\u201d&nbsp;no pr\u00f3ximo dia&nbsp;30 de Abril&nbsp;de 2021 pelas&nbsp;14:30h&nbsp;via Plataforma&nbsp;Zoom. A inscri\u00e7\u00e3o \u00e9&nbsp;gratuita e obrigat\u00f3ria&nbsp;atrav\u00e9s do link: https:\/\/forms.gle\/wicR9kx1ffYZScd8A O evento ir\u00e1 contar com uma\" \/>\n<meta property=\"og:url\" content=\"https:\/\/aliancaevangelica.pt\/site\/webinar-trafico-de-seres-humanos-na-era-digital\/\" \/>\n<meta property=\"og:site_name\" content=\"AEP\" \/>\n<meta property=\"article:publisher\" content=\"http:\/\/facebook.com\/aeportuguesa\" \/>\n<meta property=\"article:author\" content=\"aeportugal\" \/>\n<meta property=\"article:published_time\" content=\"2021-04-28T16:07:39+00:00\" \/>\n<meta property=\"article:modified_time\" content=\"2021-04-28T16:09:52+00:00\" \/>\n<meta property=\"og:image\" content=\"https:\/\/aliancaevangelica.pt\/site\/wp-content\/uploads\/2021\/04\/Captura-de-ecra\u0303-2021-04-28-a\u0300s-17.09.11.png\" \/>\n\t<meta property=\"og:image:width\" content=\"807\" \/>\n\t<meta property=\"og:image:height\" content=\"775\" \/>\n\t<meta property=\"og:image:type\" content=\"image\/png\" \/>\n<meta name=\"author\" content=\"AEP\" \/>\n<meta name=\"twitter:card\" content=\"summary_large_image\" \/>\n<meta name=\"twitter:label1\" content=\"Escrito por\" \/>\n\t<meta name=\"twitter:data1\" content=\"AEP\" \/>\n\t<meta name=\"twitter:label2\" content=\"Tempo estimado de leitura\" \/>\n\t<meta name=\"twitter:data2\" content=\"1 minuto\" \/>\n<script type=\"application\/ld+json\" class=\"yoast-schema-graph\">{\"@context\":\"https:\\\/\\\/schema.org\",\"@graph\":[{\"@type\":\"Article\",\"@id\":\"https:\\\/\\\/aliancaevangelica.pt\\\/site\\\/webinar-trafico-de-seres-humanos-na-era-digital\\\/#article\",\"isPartOf\":{\"@id\":\"https:\\\/\\\/aliancaevangelica.pt\\\/site\\\/webinar-trafico-de-seres-humanos-na-era-digital\\\/\"},\"author\":{\"name\":\"AEP\",\"@id\":\"https:\\\/\\\/aliancaevangelica.pt\\\/site\\\/#\\\/schema\\\/person\\\/3b47cfc7535eff1e820f31c2d67eafcf\"},\"headline\":\"Webinar &#8220;Tr\u00e1fico de Seres Humanos na Era Digital&#8221;\",\"datePublished\":\"2021-04-28T16:07:39+00:00\",\"dateModified\":\"2021-04-28T16:09:52+00:00\",\"mainEntityOfPage\":{\"@id\":\"https:\\\/\\\/aliancaevangelica.pt\\\/site\\\/webinar-trafico-de-seres-humanos-na-era-digital\\\/\"},\"wordCount\":162,\"commentCount\":0,\"publisher\":{\"@id\":\"https:\\\/\\\/aliancaevangelica.pt\\\/site\\\/#organization\"},\"image\":{\"@id\":\"https:\\\/\\\/aliancaevangelica.pt\\\/site\\\/webinar-trafico-de-seres-humanos-na-era-digital\\\/#primaryimage\"},\"thumbnailUrl\":\"https:\\\/\\\/aliancaevangelica.pt\\\/site\\\/wp-content\\\/uploads\\\/2021\\\/04\\\/Captura-de-ecra\u0303-2021-04-28-a\u0300s-17.09.11.png\",\"keywords\":[\"1-Geral\",\"2-Artigos Gerais\",\"Not\u00edcias\"],\"articleSection\":[\"GERAL\"],\"inLanguage\":\"pt-PT\",\"potentialAction\":[{\"@type\":\"CommentAction\",\"name\":\"Comment\",\"target\":[\"https:\\\/\\\/aliancaevangelica.pt\\\/site\\\/webinar-trafico-de-seres-humanos-na-era-digital\\\/#respond\"]}]},{\"@type\":\"WebPage\",\"@id\":\"https:\\\/\\\/aliancaevangelica.pt\\\/site\\\/webinar-trafico-de-seres-humanos-na-era-digital\\\/\",\"url\":\"https:\\\/\\\/aliancaevangelica.pt\\\/site\\\/webinar-trafico-de-seres-humanos-na-era-digital\\\/\",\"name\":\"Webinar \\\"Tr\u00e1fico de Seres Humanos na Era Digital\\\" - AEP\",\"isPartOf\":{\"@id\":\"https:\\\/\\\/aliancaevangelica.pt\\\/site\\\/#website\"},\"primaryImageOfPage\":{\"@id\":\"https:\\\/\\\/aliancaevangelica.pt\\\/site\\\/webinar-trafico-de-seres-humanos-na-era-digital\\\/#primaryimage\"},\"image\":{\"@id\":\"https:\\\/\\\/aliancaevangelica.pt\\\/site\\\/webinar-trafico-de-seres-humanos-na-era-digital\\\/#primaryimage\"},\"thumbnailUrl\":\"https:\\\/\\\/aliancaevangelica.pt\\\/site\\\/wp-content\\\/uploads\\\/2021\\\/04\\\/Captura-de-ecra\u0303-2021-04-28-a\u0300s-17.09.11.png\",\"datePublished\":\"2021-04-28T16:07:39+00:00\",\"dateModified\":\"2021-04-28T16:09:52+00:00\",\"breadcrumb\":{\"@id\":\"https:\\\/\\\/aliancaevangelica.pt\\\/site\\\/webinar-trafico-de-seres-humanos-na-era-digital\\\/#breadcrumb\"},\"inLanguage\":\"pt-PT\",\"potentialAction\":[{\"@type\":\"ReadAction\",\"target\":[\"https:\\\/\\\/aliancaevangelica.pt\\\/site\\\/webinar-trafico-de-seres-humanos-na-era-digital\\\/\"]}]},{\"@type\":\"ImageObject\",\"inLanguage\":\"pt-PT\",\"@id\":\"https:\\\/\\\/aliancaevangelica.pt\\\/site\\\/webinar-trafico-de-seres-humanos-na-era-digital\\\/#primaryimage\",\"url\":\"https:\\\/\\\/aliancaevangelica.pt\\\/site\\\/wp-content\\\/uploads\\\/2021\\\/04\\\/Captura-de-ecra\u0303-2021-04-28-a\u0300s-17.09.11.png\",\"contentUrl\":\"https:\\\/\\\/aliancaevangelica.pt\\\/site\\\/wp-content\\\/uploads\\\/2021\\\/04\\\/Captura-de-ecra\u0303-2021-04-28-a\u0300s-17.09.11.png\",\"width\":807,\"height\":775},{\"@type\":\"BreadcrumbList\",\"@id\":\"https:\\\/\\\/aliancaevangelica.pt\\\/site\\\/webinar-trafico-de-seres-humanos-na-era-digital\\\/#breadcrumb\",\"itemListElement\":[{\"@type\":\"ListItem\",\"position\":1,\"name\":\"In\u00edcio\",\"item\":\"https:\\\/\\\/aliancaevangelica.pt\\\/site\\\/\"},{\"@type\":\"ListItem\",\"position\":2,\"name\":\"Webinar &#8220;Tr\u00e1fico de Seres Humanos na Era Digital&#8221;\"}]},{\"@type\":\"WebSite\",\"@id\":\"https:\\\/\\\/aliancaevangelica.pt\\\/site\\\/#website\",\"url\":\"https:\\\/\\\/aliancaevangelica.pt\\\/site\\\/\",\"name\":\"Alian\u00e7a Evang\u00e9lica Portuguesa\",\"description\":\"Alian\u00e7a Evang\u00e9lica Portuguesa\",\"publisher\":{\"@id\":\"https:\\\/\\\/aliancaevangelica.pt\\\/site\\\/#organization\"},\"potentialAction\":[{\"@type\":\"SearchAction\",\"target\":{\"@type\":\"EntryPoint\",\"urlTemplate\":\"https:\\\/\\\/aliancaevangelica.pt\\\/site\\\/?s={search_term_string}\"},\"query-input\":{\"@type\":\"PropertyValueSpecification\",\"valueRequired\":true,\"valueName\":\"search_term_string\"}}],\"inLanguage\":\"pt-PT\"},{\"@type\":\"Organization\",\"@id\":\"https:\\\/\\\/aliancaevangelica.pt\\\/site\\\/#organization\",\"name\":\"Alian\u00e7a Evang\u00e9lica Portuguesa\",\"url\":\"https:\\\/\\\/aliancaevangelica.pt\\\/site\\\/\",\"logo\":{\"@type\":\"ImageObject\",\"inLanguage\":\"pt-PT\",\"@id\":\"https:\\\/\\\/aliancaevangelica.pt\\\/site\\\/#\\\/schema\\\/logo\\\/image\\\/\",\"url\":\"https:\\\/\\\/aliancaevangelica.pt\\\/site\\\/wp-content\\\/uploads\\\/2017\\\/11\\\/logo-AEP-cor.png\",\"contentUrl\":\"https:\\\/\\\/aliancaevangelica.pt\\\/site\\\/wp-content\\\/uploads\\\/2017\\\/11\\\/logo-AEP-cor.png\",\"width\":1156,\"height\":672,\"caption\":\"Alian\u00e7a Evang\u00e9lica Portuguesa\"},\"image\":{\"@id\":\"https:\\\/\\\/aliancaevangelica.pt\\\/site\\\/#\\\/schema\\\/logo\\\/image\\\/\"},\"sameAs\":[\"http:\\\/\\\/facebook.com\\\/aeportuguesa\",\"http:\\\/\\\/instagram.com\\\/aliancaep\",\"http:\\\/\\\/youtube.com\\\/aeportuguesa\"]},{\"@type\":\"Person\",\"@id\":\"https:\\\/\\\/aliancaevangelica.pt\\\/site\\\/#\\\/schema\\\/person\\\/3b47cfc7535eff1e820f31c2d67eafcf\",\"name\":\"AEP\",\"sameAs\":[\"aeportugal\"],\"url\":\"https:\\\/\\\/aliancaevangelica.pt\\\/site\\\/author\\\/aeportugal\\\/\"}]}<\/script>\n<!-- \/ Yoast SEO plugin. -->","yoast_head_json":{"title":"Webinar \"Tr\u00e1fico de Seres Humanos na Era Digital\" - AEP","robots":{"index":"index","follow":"follow","max-snippet":"max-snippet:-1","max-image-preview":"max-image-preview:large","max-video-preview":"max-video-preview:-1"},"canonical":"https:\/\/aliancaevangelica.pt\/site\/webinar-trafico-de-seres-humanos-na-era-digital\/","og_locale":"pt_PT","og_type":"article","og_title":"Webinar \"Tr\u00e1fico de Seres Humanos na Era Digital\" - AEP","og_description":"A Rede Regional de Lisboa e Vale do Tejo de Apoio e Prote\u00e7\u00e3o a V\u00edtimas de Tr\u00e1fico de Seres Humanos vai dinamizar o Webinar:&nbsp;\u201cTr\u00e1fico de Seres Humanos na Era Digital: Que quest\u00f5es se colocam?\u201d&nbsp;no pr\u00f3ximo dia&nbsp;30 de Abril&nbsp;de 2021 pelas&nbsp;14:30h&nbsp;via Plataforma&nbsp;Zoom. A inscri\u00e7\u00e3o \u00e9&nbsp;gratuita e obrigat\u00f3ria&nbsp;atrav\u00e9s do link: https:\/\/forms.gle\/wicR9kx1ffYZScd8A O evento ir\u00e1 contar com uma","og_url":"https:\/\/aliancaevangelica.pt\/site\/webinar-trafico-de-seres-humanos-na-era-digital\/","og_site_name":"AEP","article_publisher":"http:\/\/facebook.com\/aeportuguesa","article_author":"aeportugal","article_published_time":"2021-04-28T16:07:39+00:00","article_modified_time":"2021-04-28T16:09:52+00:00","og_image":[{"width":807,"height":775,"url":"https:\/\/aliancaevangelica.pt\/site\/wp-content\/uploads\/2021\/04\/Captura-de-ecra\u0303-2021-04-28-a\u0300s-17.09.11.png","type":"image\/png"}],"author":"AEP","twitter_card":"summary_large_image","twitter_misc":{"Escrito por":"AEP","Tempo estimado de leitura":"1 minuto"},"schema":{"@context":"https:\/\/schema.org","@graph":[{"@type":"Article","@id":"https:\/\/aliancaevangelica.pt\/site\/webinar-trafico-de-seres-humanos-na-era-digital\/#article","isPartOf":{"@id":"https:\/\/aliancaevangelica.pt\/site\/webinar-trafico-de-seres-humanos-na-era-digital\/"},"author":{"name":"AEP","@id":"https:\/\/aliancaevangelica.pt\/site\/#\/schema\/person\/3b47cfc7535eff1e820f31c2d67eafcf"},"headline":"Webinar &#8220;Tr\u00e1fico de Seres Humanos na Era Digital&#8221;","datePublished":"2021-04-28T16:07:39+00:00","dateModified":"2021-04-28T16:09:52+00:00","mainEntityOfPage":{"@id":"https:\/\/aliancaevangelica.pt\/site\/webinar-trafico-de-seres-humanos-na-era-digital\/"},"wordCount":162,"commentCount":0,"publisher":{"@id":"https:\/\/aliancaevangelica.pt\/site\/#organization"},"image":{"@id":"https:\/\/aliancaevangelica.pt\/site\/webinar-trafico-de-seres-humanos-na-era-digital\/#primaryimage"},"thumbnailUrl":"https:\/\/aliancaevangelica.pt\/site\/wp-content\/uploads\/2021\/04\/Captura-de-ecra\u0303-2021-04-28-a\u0300s-17.09.11.png","keywords":["1-Geral","2-Artigos Gerais","Not\u00edcias"],"articleSection":["GERAL"],"inLanguage":"pt-PT","potentialAction":[{"@type":"CommentAction","name":"Comment","target":["https:\/\/aliancaevangelica.pt\/site\/webinar-trafico-de-seres-humanos-na-era-digital\/#respond"]}]},{"@type":"WebPage","@id":"https:\/\/aliancaevangelica.pt\/site\/webinar-trafico-de-seres-humanos-na-era-digital\/","url":"https:\/\/aliancaevangelica.pt\/site\/webinar-trafico-de-seres-humanos-na-era-digital\/","name":"Webinar \"Tr\u00e1fico de Seres Humanos na Era Digital\" - AEP","isPartOf":{"@id":"https:\/\/aliancaevangelica.pt\/site\/#website"},"primaryImageOfPage":{"@id":"https:\/\/aliancaevangelica.pt\/site\/webinar-trafico-de-seres-humanos-na-era-digital\/#primaryimage"},"image":{"@id":"https:\/\/aliancaevangelica.pt\/site\/webinar-trafico-de-seres-humanos-na-era-digital\/#primaryimage"},"thumbnailUrl":"https:\/\/aliancaevangelica.pt\/site\/wp-content\/uploads\/2021\/04\/Captura-de-ecra\u0303-2021-04-28-a\u0300s-17.09.11.png","datePublished":"2021-04-28T16:07:39+00:00","dateModified":"2021-04-28T16:09:52+00:00","breadcrumb":{"@id":"https:\/\/aliancaevangelica.pt\/site\/webinar-trafico-de-seres-humanos-na-era-digital\/#breadcrumb"},"inLanguage":"pt-PT","potentialAction":[{"@type":"ReadAction","target":["https:\/\/aliancaevangelica.pt\/site\/webinar-trafico-de-seres-humanos-na-era-digital\/"]}]},{"@type":"ImageObject","inLanguage":"pt-PT","@id":"https:\/\/aliancaevangelica.pt\/site\/webinar-trafico-de-seres-humanos-na-era-digital\/#primaryimage","url":"https:\/\/aliancaevangelica.pt\/site\/wp-content\/uploads\/2021\/04\/Captura-de-ecra\u0303-2021-04-28-a\u0300s-17.09.11.png","contentUrl":"https:\/\/aliancaevangelica.pt\/site\/wp-content\/uploads\/2021\/04\/Captura-de-ecra\u0303-2021-04-28-a\u0300s-17.09.11.png","width":807,"height":775},{"@type":"BreadcrumbList","@id":"https:\/\/aliancaevangelica.pt\/site\/webinar-trafico-de-seres-humanos-na-era-digital\/#breadcrumb","itemListElement":[{"@type":"ListItem","position":1,"name":"In\u00edcio","item":"https:\/\/aliancaevangelica.pt\/site\/"},{"@type":"ListItem","position":2,"name":"Webinar &#8220;Tr\u00e1fico de Seres Humanos na Era Digital&#8221;"}]},{"@type":"WebSite","@id":"https:\/\/aliancaevangelica.pt\/site\/#website","url":"https:\/\/aliancaevangelica.pt\/site\/","name":"Alian\u00e7a Evang\u00e9lica Portuguesa","description":"Alian\u00e7a Evang\u00e9lica Portuguesa","publisher":{"@id":"https:\/\/aliancaevangelica.pt\/site\/#organization"},"potentialAction":[{"@type":"SearchAction","target":{"@type":"EntryPoint","urlTemplate":"https:\/\/aliancaevangelica.pt\/site\/?s={search_term_string}"},"query-input":{"@type":"PropertyValueSpecification","valueRequired":true,"valueName":"search_term_string"}}],"inLanguage":"pt-PT"},{"@type":"Organization","@id":"https:\/\/aliancaevangelica.pt\/site\/#organization","name":"Alian\u00e7a Evang\u00e9lica Portuguesa","url":"https:\/\/aliancaevangelica.pt\/site\/","logo":{"@type":"ImageObject","inLanguage":"pt-PT","@id":"https:\/\/aliancaevangelica.pt\/site\/#\/schema\/logo\/image\/","url":"https:\/\/aliancaevangelica.pt\/site\/wp-content\/uploads\/2017\/11\/logo-AEP-cor.png","contentUrl":"https:\/\/aliancaevangelica.pt\/site\/wp-content\/uploads\/2017\/11\/logo-AEP-cor.png","width":1156,"height":672,"caption":"Alian\u00e7a Evang\u00e9lica Portuguesa"},"image":{"@id":"https:\/\/aliancaevangelica.pt\/site\/#\/schema\/logo\/image\/"},"sameAs":["http:\/\/facebook.com\/aeportuguesa","http:\/\/instagram.com\/aliancaep","http:\/\/youtube.com\/aeportuguesa"]},{"@type":"Person","@id":"https:\/\/aliancaevangelica.pt\/site\/#\/schema\/person\/3b47cfc7535eff1e820f31c2d67eafcf","name":"AEP","sameAs":["aeportugal"],"url":"https:\/\/aliancaevangelica.pt\/site\/author\/aeportugal\/"}]}},"uagb_featured_image_src":{"full":["https:\/\/aliancaevangelica.pt\/site\/wp-content\/uploads\/2021\/04\/Captura-de-ecra\u0303-2021-04-28-a\u0300s-17.09.11.png",807,775,false],"thumbnail":["https:\/\/aliancaevangelica.pt\/site\/wp-content\/uploads\/2021\/04\/Captura-de-ecra\u0303-2021-04-28-a\u0300s-17.09.11-150x150.png",150,150,true],"medium":["https:\/\/aliancaevangelica.pt\/site\/wp-content\/uploads\/2021\/04\/Captura-de-ecra\u0303-2021-04-28-a\u0300s-17.09.11-300x288.png",300,288,true],"medium_large":["https:\/\/aliancaevangelica.pt\/site\/wp-content\/uploads\/2021\/04\/Captura-de-ecra\u0303-2021-04-28-a\u0300s-17.09.11-768x738.png",768,738,true],"large":["https:\/\/aliancaevangelica.pt\/site\/wp-content\/uploads\/2021\/04\/Captura-de-ecra\u0303-2021-04-28-a\u0300s-17.09.11.png",807,775,false],"1536x1536":["https:\/\/aliancaevangelica.pt\/site\/wp-content\/uploads\/2021\/04\/Captura-de-ecra\u0303-2021-04-28-a\u0300s-17.09.11.png",807,775,false],"2048x2048":["https:\/\/aliancaevangelica.pt\/site\/wp-content\/uploads\/2021\/04\/Captura-de-ecra\u0303-2021-04-28-a\u0300s-17.09.11.png",807,775,false],"vp_sm":["https:\/\/aliancaevangelica.pt\/site\/wp-content\/uploads\/2021\/04\/Captura-de-ecra\u0303-2021-04-28-a\u0300s-17.09.11.png",500,480,false],"vp_md":["https:\/\/aliancaevangelica.pt\/site\/wp-content\/uploads\/2021\/04\/Captura-de-ecra\u0303-2021-04-28-a\u0300s-17.09.11.png",800,768,false],"vp_lg":["https:\/\/aliancaevangelica.pt\/site\/wp-content\/uploads\/2021\/04\/Captura-de-ecra\u0303-2021-04-28-a\u0300s-17.09.11.png",807,775,false],"vp_xl":["https:\/\/aliancaevangelica.pt\/site\/wp-content\/uploads\/2021\/04\/Captura-de-ecra\u0303-2021-04-28-a\u0300s-17.09.11.png",807,775,false],"vp_sm_popup":["https:\/\/aliancaevangelica.pt\/site\/wp-content\/uploads\/2021\/04\/Captura-de-ecra\u0303-2021-04-28-a\u0300s-17.09.11.png",500,480,false],"vp_md_popup":["https:\/\/aliancaevangelica.pt\/site\/wp-content\/uploads\/2021\/04\/Captura-de-ecra\u0303-2021-04-28-a\u0300s-17.09.11.png",800,768,false],"vp_xl_popup":["https:\/\/aliancaevangelica.pt\/site\/wp-content\/uploads\/2021\/04\/Captura-de-ecra\u0303-2021-04-28-a\u0300s-17.09.11.png",807,775,false],"newsx-150x100":["https:\/\/aliancaevangelica.pt\/site\/wp-content\/uploads\/2021\/04\/Captura-de-ecra\u0303-2021-04-28-a\u0300s-17.09.11.png",104,100,false],"newsx-330x220":["https:\/\/aliancaevangelica.pt\/site\/wp-content\/uploads\/2021\/04\/Captura-de-ecra\u0303-2021-04-28-a\u0300s-17.09.11.png",229,220,false],"newsx-420x280":["https:\/\/aliancaevangelica.pt\/site\/wp-content\/uploads\/2021\/04\/Captura-de-ecra\u0303-2021-04-28-a\u0300s-17.09.11.png",292,280,false],"newsx-510x340":["https:\/\/aliancaevangelica.pt\/site\/wp-content\/uploads\/2021\/04\/Captura-de-ecra\u0303-2021-04-28-a\u0300s-17.09.11.png",354,340,false],"newsx-640x480":["https:\/\/aliancaevangelica.pt\/site\/wp-content\/uploads\/2021\/04\/Captura-de-ecra\u0303-2021-04-28-a\u0300s-17.09.11.png",500,480,false],"newsx-670x370":["https:\/\/aliancaevangelica.pt\/site\/wp-content\/uploads\/2021\/04\/Captura-de-ecra\u0303-2021-04-28-a\u0300s-17.09.11.png",385,370,false],"newsx-860x570":["https:\/\/aliancaevangelica.pt\/site\/wp-content\/uploads\/2021\/04\/Captura-de-ecra\u0303-2021-04-28-a\u0300s-17.09.11.png",594,570,false],"newsx-1000x750":["https:\/\/aliancaevangelica.pt\/site\/wp-content\/uploads\/2021\/04\/Captura-de-ecra\u0303-2021-04-28-a\u0300s-17.09.11.png",781,750,false],"newsx-1200x600":["https:\/\/aliancaevangelica.pt\/site\/wp-content\/uploads\/2021\/04\/Captura-de-ecra\u0303-2021-04-28-a\u0300s-17.09.11.png",625,600,false]},"uagb_author_info":{"display_name":"AEP","author_link":"https:\/\/aliancaevangelica.pt\/site\/author\/aeportugal\/"},"uagb_comment_info":0,"uagb_excerpt":"A Rede Regional de Lisboa e Vale do Tejo de Apoio e Prote\u00e7\u00e3o a V\u00edtimas de Tr\u00e1fico de Seres Humanos vai dinamizar o Webinar:&nbsp;\u201cTr\u00e1fico de Seres Humanos na Era Digital: Que quest\u00f5es se colocam?\u201d&nbsp;no pr\u00f3ximo dia&nbsp;30 de Abril&nbsp;de 2021 pelas&nbsp;14:30h&nbsp;via Plataforma&nbsp;Zoom. A inscri\u00e7\u00e3o \u00e9&nbsp;gratuita e obrigat\u00f3ria&nbsp;atrav\u00e9s do link: https:\/\/forms.gle\/wicR9kx1ffYZScd8A O evento ir\u00e1 contar com uma","_links":{"self":[{"href":"https:\/\/aliancaevangelica.pt\/site\/wp-json\/wp\/v2\/posts\/18925","targetHints":{"allow":["GET"]}}],"collection":[{"href":"https:\/\/aliancaevangelica.pt\/site\/wp-json\/wp\/v2\/posts"}],"about":[{"href":"https:\/\/aliancaevangelica.pt\/site\/wp-json\/wp\/v2\/types\/post"}],"author":[{"embeddable":true,"href":"https:\/\/aliancaevangelica.pt\/site\/wp-json\/wp\/v2\/users\/2"}],"replies":[{"embeddable":true,"href":"https:\/\/aliancaevangelica.pt\/site\/wp-json\/wp\/v2\/comments?post=18925"}],"version-history":[{"count":1,"href":"https:\/\/aliancaevangelica.pt\/site\/wp-json\/wp\/v2\/posts\/18925\/revisions"}],"predecessor-version":[{"id":18926,"href":"https:\/\/aliancaevangelica.pt\/site\/wp-json\/wp\/v2\/posts\/18925\/revisions\/18926"}],"wp:featuredmedia":[{"embeddable":true,"href":"https:\/\/aliancaevangelica.pt\/site\/wp-json\/wp\/v2\/media\/18927"}],"wp:attachment":[{"href":"https:\/\/aliancaevangelica.pt\/site\/wp-json\/wp\/v2\/media?parent=18925"}],"wp:term":[{"taxonomy":"category","embeddable":true,"href":"https:\/\/aliancaevangelica.pt\/site\/wp-json\/wp\/v2\/categories?post=18925"},{"taxonomy":"post_tag","embeddable":true,"href":"https:\/\/aliancaevangelica.pt\/site\/wp-json\/wp\/v2\/tags?post=18925"}],"curies":[{"name":"wp","href":"https:\/\/api.w.org\/{rel}","templated":true}]}}