{"id":18915,"date":"2021-04-21T13:58:14","date_gmt":"2021-04-21T13:58:14","guid":{"rendered":"https:\/\/aliancaevangelica.pt\/site\/?p=18915"},"modified":"2021-04-21T13:58:17","modified_gmt":"2021-04-21T13:58:17","slug":"refletir-2021","status":"publish","type":"post","link":"https:\/\/aliancaevangelica.pt\/site\/refletir-2021\/","title":{"rendered":"Refletir 2021"},"content":{"rendered":"\n<p>A confer\u00eancia Refletir deste ano ser\u00e1 no dia 22 maio. Ir\u00e1 decorrer na Casa da Cidade, Lisboa, em modo presencial, com o n\u00famero de pessoas permitido de acordo com as restri\u00e7\u00f5es em vigor no momento, sendo tamb\u00e9m emitido via online, em direto para individuais e igrejas\/polos, a n\u00edvel nacional e internacional (portugu\u00eas\/ingl\u00eas\/espanhol).<\/p>\n\n\n\n<p>Teremos como orador principal desta confer\u00eancia o escritor Philip Yancey e o tema ser\u00e1 &#8220;Luz e Trevas&#8221; &#8211; pensando no sofrimento da cidade e na esperan\u00e7a de que a igreja, no seu todo, e cada um, individualmente, possam levar luz (esperan\u00e7a) aonde existem trevas (sofrimento). O Ir. Philip Yancey ir\u00e1 estar no Encontro presencialmente.<\/p>\n\n\n\n<p>Teremos tamb\u00e9m a interven\u00e7\u00e3o da oradora Mafalda Ribeiro e quatro momentos Ted Talk, com diferentes abordagens acerca do tema deste ano.&nbsp;<\/p>\n\n\n\n<p>+Info, programa e inscri\u00e7\u00f5es em\u00a0<a rel=\"noreferrer noopener\" href=\"http:\/\/www.refletir.net\/\" target=\"_blank\">www.refletir.net<\/a><\/p>\n\n\n\n<p><\/p>\n","protected":false},"excerpt":{"rendered":"<p>A confer\u00eancia Refletir deste ano ser\u00e1 no dia 22 maio. Ir\u00e1 decorrer na Casa da Cidade, Lisboa, em modo presencial, com o n\u00famero de pessoas permitido de acordo com as<\/p>\n","protected":false},"author":2,"featured_media":18916,"comment_status":"open","ping_status":"open","sticky":false,"template":"","format":"standard","meta":{"_uag_custom_page_level_css":"","_themeisle_gutenberg_block_has_review":false,"_vp_format_video_url":"","_vp_image_focal_point":[],"footnotes":""},"categories":[45,3,2,46],"tags":[],"class_list":["post-18915","post","type-post","status-publish","format-standard","has-post-thumbnail","hentry","category-geral","category-artigos-gerais","category-anuncios","category-eventos"],"yoast_head":"<!-- This site is optimized with the Yoast SEO plugin v27.5 - https:\/\/yoast.com\/product\/yoast-seo-wordpress\/ -->\n<title>Refletir 2021 - AEP<\/title>\n<meta name=\"robots\" content=\"index, follow, max-snippet:-1, max-image-preview:large, max-video-preview:-1\" \/>\n<link rel=\"canonical\" href=\"https:\/\/aliancaevangelica.pt\/site\/refletir-2021\/\" \/>\n<meta property=\"og:locale\" content=\"pt_PT\" \/>\n<meta property=\"og:type\" content=\"article\" \/>\n<meta property=\"og:title\" content=\"Refletir 2021 - AEP\" \/>\n<meta property=\"og:description\" content=\"A confer\u00eancia Refletir deste ano ser\u00e1 no dia 22 maio. Ir\u00e1 decorrer na Casa da Cidade, Lisboa, em modo presencial, com o n\u00famero de pessoas permitido de acordo com as\" \/>\n<meta property=\"og:url\" content=\"https:\/\/aliancaevangelica.pt\/site\/refletir-2021\/\" \/>\n<meta property=\"og:site_name\" content=\"AEP\" \/>\n<meta property=\"article:publisher\" content=\"http:\/\/facebook.com\/aeportuguesa\" \/>\n<meta property=\"article:author\" content=\"aeportugal\" \/>\n<meta property=\"article:published_time\" content=\"2021-04-21T13:58:14+00:00\" \/>\n<meta property=\"article:modified_time\" content=\"2021-04-21T13:58:17+00:00\" \/>\n<meta property=\"og:image\" content=\"https:\/\/aliancaevangelica.pt\/site\/wp-content\/uploads\/2021\/04\/Refletir-2021_16x9_low.jpg\" \/>\n\t<meta property=\"og:image:width\" content=\"1200\" \/>\n\t<meta property=\"og:image:height\" content=\"675\" \/>\n\t<meta property=\"og:image:type\" content=\"image\/jpeg\" \/>\n<meta name=\"author\" content=\"AEP\" \/>\n<meta name=\"twitter:card\" content=\"summary_large_image\" \/>\n<meta name=\"twitter:label1\" content=\"Escrito por\" \/>\n\t<meta name=\"twitter:data1\" content=\"AEP\" \/>\n\t<meta name=\"twitter:label2\" content=\"Tempo estimado de leitura\" \/>\n\t<meta name=\"twitter:data2\" content=\"1 minuto\" \/>\n<script type=\"application\/ld+json\" class=\"yoast-schema-graph\">{\"@context\":\"https:\\\/\\\/schema.org\",\"@graph\":[{\"@type\":\"Article\",\"@id\":\"https:\\\/\\\/aliancaevangelica.pt\\\/site\\\/refletir-2021\\\/#article\",\"isPartOf\":{\"@id\":\"https:\\\/\\\/aliancaevangelica.pt\\\/site\\\/refletir-2021\\\/\"},\"author\":{\"name\":\"AEP\",\"@id\":\"https:\\\/\\\/aliancaevangelica.pt\\\/site\\\/#\\\/schema\\\/person\\\/3b47cfc7535eff1e820f31c2d67eafcf\"},\"headline\":\"Refletir 2021\",\"datePublished\":\"2021-04-21T13:58:14+00:00\",\"dateModified\":\"2021-04-21T13:58:17+00:00\",\"mainEntityOfPage\":{\"@id\":\"https:\\\/\\\/aliancaevangelica.pt\\\/site\\\/refletir-2021\\\/\"},\"wordCount\":152,\"commentCount\":0,\"publisher\":{\"@id\":\"https:\\\/\\\/aliancaevangelica.pt\\\/site\\\/#organization\"},\"image\":{\"@id\":\"https:\\\/\\\/aliancaevangelica.pt\\\/site\\\/refletir-2021\\\/#primaryimage\"},\"thumbnailUrl\":\"https:\\\/\\\/aliancaevangelica.pt\\\/site\\\/wp-content\\\/uploads\\\/2021\\\/04\\\/Refletir-2021_16x9_low.jpg\",\"articleSection\":[\"1-Geral\",\"2-Artigos Gerais\",\"4-An\u00fancios\",\"Eventos\"],\"inLanguage\":\"pt-PT\",\"potentialAction\":[{\"@type\":\"CommentAction\",\"name\":\"Comment\",\"target\":[\"https:\\\/\\\/aliancaevangelica.pt\\\/site\\\/refletir-2021\\\/#respond\"]}]},{\"@type\":\"WebPage\",\"@id\":\"https:\\\/\\\/aliancaevangelica.pt\\\/site\\\/refletir-2021\\\/\",\"url\":\"https:\\\/\\\/aliancaevangelica.pt\\\/site\\\/refletir-2021\\\/\",\"name\":\"Refletir 2021 - AEP\",\"isPartOf\":{\"@id\":\"https:\\\/\\\/aliancaevangelica.pt\\\/site\\\/#website\"},\"primaryImageOfPage\":{\"@id\":\"https:\\\/\\\/aliancaevangelica.pt\\\/site\\\/refletir-2021\\\/#primaryimage\"},\"image\":{\"@id\":\"https:\\\/\\\/aliancaevangelica.pt\\\/site\\\/refletir-2021\\\/#primaryimage\"},\"thumbnailUrl\":\"https:\\\/\\\/aliancaevangelica.pt\\\/site\\\/wp-content\\\/uploads\\\/2021\\\/04\\\/Refletir-2021_16x9_low.jpg\",\"datePublished\":\"2021-04-21T13:58:14+00:00\",\"dateModified\":\"2021-04-21T13:58:17+00:00\",\"breadcrumb\":{\"@id\":\"https:\\\/\\\/aliancaevangelica.pt\\\/site\\\/refletir-2021\\\/#breadcrumb\"},\"inLanguage\":\"pt-PT\",\"potentialAction\":[{\"@type\":\"ReadAction\",\"target\":[\"https:\\\/\\\/aliancaevangelica.pt\\\/site\\\/refletir-2021\\\/\"]}]},{\"@type\":\"ImageObject\",\"inLanguage\":\"pt-PT\",\"@id\":\"https:\\\/\\\/aliancaevangelica.pt\\\/site\\\/refletir-2021\\\/#primaryimage\",\"url\":\"https:\\\/\\\/aliancaevangelica.pt\\\/site\\\/wp-content\\\/uploads\\\/2021\\\/04\\\/Refletir-2021_16x9_low.jpg\",\"contentUrl\":\"https:\\\/\\\/aliancaevangelica.pt\\\/site\\\/wp-content\\\/uploads\\\/2021\\\/04\\\/Refletir-2021_16x9_low.jpg\",\"width\":1200,\"height\":675},{\"@type\":\"BreadcrumbList\",\"@id\":\"https:\\\/\\\/aliancaevangelica.pt\\\/site\\\/refletir-2021\\\/#breadcrumb\",\"itemListElement\":[{\"@type\":\"ListItem\",\"position\":1,\"name\":\"In\u00edcio\",\"item\":\"https:\\\/\\\/aliancaevangelica.pt\\\/site\\\/\"},{\"@type\":\"ListItem\",\"position\":2,\"name\":\"Refletir 2021\"}]},{\"@type\":\"WebSite\",\"@id\":\"https:\\\/\\\/aliancaevangelica.pt\\\/site\\\/#website\",\"url\":\"https:\\\/\\\/aliancaevangelica.pt\\\/site\\\/\",\"name\":\"Alian\u00e7a Evang\u00e9lica Portuguesa\",\"description\":\"Alian\u00e7a Evang\u00e9lica Portuguesa\",\"publisher\":{\"@id\":\"https:\\\/\\\/aliancaevangelica.pt\\\/site\\\/#organization\"},\"potentialAction\":[{\"@type\":\"SearchAction\",\"target\":{\"@type\":\"EntryPoint\",\"urlTemplate\":\"https:\\\/\\\/aliancaevangelica.pt\\\/site\\\/?s={search_term_string}\"},\"query-input\":{\"@type\":\"PropertyValueSpecification\",\"valueRequired\":true,\"valueName\":\"search_term_string\"}}],\"inLanguage\":\"pt-PT\"},{\"@type\":\"Organization\",\"@id\":\"https:\\\/\\\/aliancaevangelica.pt\\\/site\\\/#organization\",\"name\":\"Alian\u00e7a Evang\u00e9lica Portuguesa\",\"url\":\"https:\\\/\\\/aliancaevangelica.pt\\\/site\\\/\",\"logo\":{\"@type\":\"ImageObject\",\"inLanguage\":\"pt-PT\",\"@id\":\"https:\\\/\\\/aliancaevangelica.pt\\\/site\\\/#\\\/schema\\\/logo\\\/image\\\/\",\"url\":\"https:\\\/\\\/aliancaevangelica.pt\\\/site\\\/wp-content\\\/uploads\\\/2017\\\/11\\\/logo-AEP-cor.png\",\"contentUrl\":\"https:\\\/\\\/aliancaevangelica.pt\\\/site\\\/wp-content\\\/uploads\\\/2017\\\/11\\\/logo-AEP-cor.png\",\"width\":1156,\"height\":672,\"caption\":\"Alian\u00e7a Evang\u00e9lica Portuguesa\"},\"image\":{\"@id\":\"https:\\\/\\\/aliancaevangelica.pt\\\/site\\\/#\\\/schema\\\/logo\\\/image\\\/\"},\"sameAs\":[\"http:\\\/\\\/facebook.com\\\/aeportuguesa\",\"http:\\\/\\\/instagram.com\\\/aliancaep\",\"http:\\\/\\\/youtube.com\\\/aeportuguesa\"]},{\"@type\":\"Person\",\"@id\":\"https:\\\/\\\/aliancaevangelica.pt\\\/site\\\/#\\\/schema\\\/person\\\/3b47cfc7535eff1e820f31c2d67eafcf\",\"name\":\"AEP\",\"sameAs\":[\"aeportugal\"],\"url\":\"https:\\\/\\\/aliancaevangelica.pt\\\/site\\\/author\\\/aeportugal\\\/\"}]}<\/script>\n<!-- \/ Yoast SEO plugin. -->","yoast_head_json":{"title":"Refletir 2021 - AEP","robots":{"index":"index","follow":"follow","max-snippet":"max-snippet:-1","max-image-preview":"max-image-preview:large","max-video-preview":"max-video-preview:-1"},"canonical":"https:\/\/aliancaevangelica.pt\/site\/refletir-2021\/","og_locale":"pt_PT","og_type":"article","og_title":"Refletir 2021 - AEP","og_description":"A confer\u00eancia Refletir deste ano ser\u00e1 no dia 22 maio. Ir\u00e1 decorrer na Casa da Cidade, Lisboa, em modo presencial, com o n\u00famero de pessoas permitido de acordo com as","og_url":"https:\/\/aliancaevangelica.pt\/site\/refletir-2021\/","og_site_name":"AEP","article_publisher":"http:\/\/facebook.com\/aeportuguesa","article_author":"aeportugal","article_published_time":"2021-04-21T13:58:14+00:00","article_modified_time":"2021-04-21T13:58:17+00:00","og_image":[{"width":1200,"height":675,"url":"https:\/\/aliancaevangelica.pt\/site\/wp-content\/uploads\/2021\/04\/Refletir-2021_16x9_low.jpg","type":"image\/jpeg"}],"author":"AEP","twitter_card":"summary_large_image","twitter_misc":{"Escrito por":"AEP","Tempo estimado de leitura":"1 minuto"},"schema":{"@context":"https:\/\/schema.org","@graph":[{"@type":"Article","@id":"https:\/\/aliancaevangelica.pt\/site\/refletir-2021\/#article","isPartOf":{"@id":"https:\/\/aliancaevangelica.pt\/site\/refletir-2021\/"},"author":{"name":"AEP","@id":"https:\/\/aliancaevangelica.pt\/site\/#\/schema\/person\/3b47cfc7535eff1e820f31c2d67eafcf"},"headline":"Refletir 2021","datePublished":"2021-04-21T13:58:14+00:00","dateModified":"2021-04-21T13:58:17+00:00","mainEntityOfPage":{"@id":"https:\/\/aliancaevangelica.pt\/site\/refletir-2021\/"},"wordCount":152,"commentCount":0,"publisher":{"@id":"https:\/\/aliancaevangelica.pt\/site\/#organization"},"image":{"@id":"https:\/\/aliancaevangelica.pt\/site\/refletir-2021\/#primaryimage"},"thumbnailUrl":"https:\/\/aliancaevangelica.pt\/site\/wp-content\/uploads\/2021\/04\/Refletir-2021_16x9_low.jpg","articleSection":["1-Geral","2-Artigos Gerais","4-An\u00fancios","Eventos"],"inLanguage":"pt-PT","potentialAction":[{"@type":"CommentAction","name":"Comment","target":["https:\/\/aliancaevangelica.pt\/site\/refletir-2021\/#respond"]}]},{"@type":"WebPage","@id":"https:\/\/aliancaevangelica.pt\/site\/refletir-2021\/","url":"https:\/\/aliancaevangelica.pt\/site\/refletir-2021\/","name":"Refletir 2021 - AEP","isPartOf":{"@id":"https:\/\/aliancaevangelica.pt\/site\/#website"},"primaryImageOfPage":{"@id":"https:\/\/aliancaevangelica.pt\/site\/refletir-2021\/#primaryimage"},"image":{"@id":"https:\/\/aliancaevangelica.pt\/site\/refletir-2021\/#primaryimage"},"thumbnailUrl":"https:\/\/aliancaevangelica.pt\/site\/wp-content\/uploads\/2021\/04\/Refletir-2021_16x9_low.jpg","datePublished":"2021-04-21T13:58:14+00:00","dateModified":"2021-04-21T13:58:17+00:00","breadcrumb":{"@id":"https:\/\/aliancaevangelica.pt\/site\/refletir-2021\/#breadcrumb"},"inLanguage":"pt-PT","potentialAction":[{"@type":"ReadAction","target":["https:\/\/aliancaevangelica.pt\/site\/refletir-2021\/"]}]},{"@type":"ImageObject","inLanguage":"pt-PT","@id":"https:\/\/aliancaevangelica.pt\/site\/refletir-2021\/#primaryimage","url":"https:\/\/aliancaevangelica.pt\/site\/wp-content\/uploads\/2021\/04\/Refletir-2021_16x9_low.jpg","contentUrl":"https:\/\/aliancaevangelica.pt\/site\/wp-content\/uploads\/2021\/04\/Refletir-2021_16x9_low.jpg","width":1200,"height":675},{"@type":"BreadcrumbList","@id":"https:\/\/aliancaevangelica.pt\/site\/refletir-2021\/#breadcrumb","itemListElement":[{"@type":"ListItem","position":1,"name":"In\u00edcio","item":"https:\/\/aliancaevangelica.pt\/site\/"},{"@type":"ListItem","position":2,"name":"Refletir 2021"}]},{"@type":"WebSite","@id":"https:\/\/aliancaevangelica.pt\/site\/#website","url":"https:\/\/aliancaevangelica.pt\/site\/","name":"Alian\u00e7a Evang\u00e9lica Portuguesa","description":"Alian\u00e7a Evang\u00e9lica Portuguesa","publisher":{"@id":"https:\/\/aliancaevangelica.pt\/site\/#organization"},"potentialAction":[{"@type":"SearchAction","target":{"@type":"EntryPoint","urlTemplate":"https:\/\/aliancaevangelica.pt\/site\/?s={search_term_string}"},"query-input":{"@type":"PropertyValueSpecification","valueRequired":true,"valueName":"search_term_string"}}],"inLanguage":"pt-PT"},{"@type":"Organization","@id":"https:\/\/aliancaevangelica.pt\/site\/#organization","name":"Alian\u00e7a Evang\u00e9lica Portuguesa","url":"https:\/\/aliancaevangelica.pt\/site\/","logo":{"@type":"ImageObject","inLanguage":"pt-PT","@id":"https:\/\/aliancaevangelica.pt\/site\/#\/schema\/logo\/image\/","url":"https:\/\/aliancaevangelica.pt\/site\/wp-content\/uploads\/2017\/11\/logo-AEP-cor.png","contentUrl":"https:\/\/aliancaevangelica.pt\/site\/wp-content\/uploads\/2017\/11\/logo-AEP-cor.png","width":1156,"height":672,"caption":"Alian\u00e7a Evang\u00e9lica Portuguesa"},"image":{"@id":"https:\/\/aliancaevangelica.pt\/site\/#\/schema\/logo\/image\/"},"sameAs":["http:\/\/facebook.com\/aeportuguesa","http:\/\/instagram.com\/aliancaep","http:\/\/youtube.com\/aeportuguesa"]},{"@type":"Person","@id":"https:\/\/aliancaevangelica.pt\/site\/#\/schema\/person\/3b47cfc7535eff1e820f31c2d67eafcf","name":"AEP","sameAs":["aeportugal"],"url":"https:\/\/aliancaevangelica.pt\/site\/author\/aeportugal\/"}]}},"uagb_featured_image_src":{"full":["https:\/\/aliancaevangelica.pt\/site\/wp-content\/uploads\/2021\/04\/Refletir-2021_16x9_low.jpg",1200,675,false],"thumbnail":["https:\/\/aliancaevangelica.pt\/site\/wp-content\/uploads\/2021\/04\/Refletir-2021_16x9_low-150x150.jpg",150,150,true],"medium":["https:\/\/aliancaevangelica.pt\/site\/wp-content\/uploads\/2021\/04\/Refletir-2021_16x9_low-300x169.jpg",300,169,true],"medium_large":["https:\/\/aliancaevangelica.pt\/site\/wp-content\/uploads\/2021\/04\/Refletir-2021_16x9_low-768x432.jpg",768,432,true],"large":["https:\/\/aliancaevangelica.pt\/site\/wp-content\/uploads\/2021\/04\/Refletir-2021_16x9_low-1024x576.jpg",960,540,true],"1536x1536":["https:\/\/aliancaevangelica.pt\/site\/wp-content\/uploads\/2021\/04\/Refletir-2021_16x9_low.jpg",1200,675,false],"2048x2048":["https:\/\/aliancaevangelica.pt\/site\/wp-content\/uploads\/2021\/04\/Refletir-2021_16x9_low.jpg",1200,675,false],"vp_sm":["https:\/\/aliancaevangelica.pt\/site\/wp-content\/uploads\/2021\/04\/Refletir-2021_16x9_low.jpg",500,281,false],"vp_md":["https:\/\/aliancaevangelica.pt\/site\/wp-content\/uploads\/2021\/04\/Refletir-2021_16x9_low.jpg",800,450,false],"vp_lg":["https:\/\/aliancaevangelica.pt\/site\/wp-content\/uploads\/2021\/04\/Refletir-2021_16x9_low.jpg",1200,675,false],"vp_xl":["https:\/\/aliancaevangelica.pt\/site\/wp-content\/uploads\/2021\/04\/Refletir-2021_16x9_low.jpg",1200,675,false],"vp_sm_popup":["https:\/\/aliancaevangelica.pt\/site\/wp-content\/uploads\/2021\/04\/Refletir-2021_16x9_low.jpg",500,281,false],"vp_md_popup":["https:\/\/aliancaevangelica.pt\/site\/wp-content\/uploads\/2021\/04\/Refletir-2021_16x9_low.jpg",800,450,false],"vp_xl_popup":["https:\/\/aliancaevangelica.pt\/site\/wp-content\/uploads\/2021\/04\/Refletir-2021_16x9_low.jpg",1200,675,false],"newsx-150x100":["https:\/\/aliancaevangelica.pt\/site\/wp-content\/uploads\/2021\/04\/Refletir-2021_16x9_low.jpg",150,84,false],"newsx-330x220":["https:\/\/aliancaevangelica.pt\/site\/wp-content\/uploads\/2021\/04\/Refletir-2021_16x9_low.jpg",330,186,false],"newsx-420x280":["https:\/\/aliancaevangelica.pt\/site\/wp-content\/uploads\/2021\/04\/Refletir-2021_16x9_low.jpg",420,236,false],"newsx-510x340":["https:\/\/aliancaevangelica.pt\/site\/wp-content\/uploads\/2021\/04\/Refletir-2021_16x9_low.jpg",510,287,false],"newsx-640x480":["https:\/\/aliancaevangelica.pt\/site\/wp-content\/uploads\/2021\/04\/Refletir-2021_16x9_low.jpg",640,360,false],"newsx-670x370":["https:\/\/aliancaevangelica.pt\/site\/wp-content\/uploads\/2021\/04\/Refletir-2021_16x9_low.jpg",658,370,false],"newsx-860x570":["https:\/\/aliancaevangelica.pt\/site\/wp-content\/uploads\/2021\/04\/Refletir-2021_16x9_low.jpg",860,484,false],"newsx-1000x750":["https:\/\/aliancaevangelica.pt\/site\/wp-content\/uploads\/2021\/04\/Refletir-2021_16x9_low.jpg",1000,563,false],"newsx-1200x600":["https:\/\/aliancaevangelica.pt\/site\/wp-content\/uploads\/2021\/04\/Refletir-2021_16x9_low.jpg",1067,600,false]},"uagb_author_info":{"display_name":"AEP","author_link":"https:\/\/aliancaevangelica.pt\/site\/author\/aeportugal\/"},"uagb_comment_info":0,"uagb_excerpt":"A confer\u00eancia Refletir deste ano ser\u00e1 no dia 22 maio. Ir\u00e1 decorrer na Casa da Cidade, Lisboa, em modo presencial, com o n\u00famero de pessoas permitido de acordo com as","_links":{"self":[{"href":"https:\/\/aliancaevangelica.pt\/site\/wp-json\/wp\/v2\/posts\/18915","targetHints":{"allow":["GET"]}}],"collection":[{"href":"https:\/\/aliancaevangelica.pt\/site\/wp-json\/wp\/v2\/posts"}],"about":[{"href":"https:\/\/aliancaevangelica.pt\/site\/wp-json\/wp\/v2\/types\/post"}],"author":[{"embeddable":true,"href":"https:\/\/aliancaevangelica.pt\/site\/wp-json\/wp\/v2\/users\/2"}],"replies":[{"embeddable":true,"href":"https:\/\/aliancaevangelica.pt\/site\/wp-json\/wp\/v2\/comments?post=18915"}],"version-history":[{"count":1,"href":"https:\/\/aliancaevangelica.pt\/site\/wp-json\/wp\/v2\/posts\/18915\/revisions"}],"predecessor-version":[{"id":18917,"href":"https:\/\/aliancaevangelica.pt\/site\/wp-json\/wp\/v2\/posts\/18915\/revisions\/18917"}],"wp:featuredmedia":[{"embeddable":true,"href":"https:\/\/aliancaevangelica.pt\/site\/wp-json\/wp\/v2\/media\/18916"}],"wp:attachment":[{"href":"https:\/\/aliancaevangelica.pt\/site\/wp-json\/wp\/v2\/media?parent=18915"}],"wp:term":[{"taxonomy":"category","embeddable":true,"href":"https:\/\/aliancaevangelica.pt\/site\/wp-json\/wp\/v2\/categories?post=18915"},{"taxonomy":"post_tag","embeddable":true,"href":"https:\/\/aliancaevangelica.pt\/site\/wp-json\/wp\/v2\/tags?post=18915"}],"curies":[{"name":"wp","href":"https:\/\/api.w.org\/{rel}","templated":true}]}}