{"id":18898,"date":"2021-04-16T13:53:33","date_gmt":"2021-04-16T13:53:33","guid":{"rendered":"https:\/\/aliancaevangelica.pt\/site\/?p=18898"},"modified":"2026-04-10T00:37:12","modified_gmt":"2026-04-10T00:37:12","slug":"censos-2021","status":"publish","type":"post","link":"https:\/\/aliancaevangelica.pt\/site\/censos-2021\/","title":{"rendered":"Censos 2021"},"content":{"rendered":"\n<p>J\u00e1 come\u00e7aram a decorrer os Censos 2021, que nos v\u00e3o permitir ficar a conhecer melhor as carater\u00edsticas do nosso pa\u00eds, tais como quantos somos, a nossa demografia, escolaridade e, entre outros aspetos, as nossas cren\u00e7as religiosas. Provavelmente, at\u00e9 j\u00e1 ter\u00e1 recebido pelo correio as cartas do INE (Instituto Nacional de Estat\u00edstica) com os respetivos c\u00f3digos para responder online aos question\u00e1rios dos Censos 2021.<\/p>\n\n\n\n<p>A prop\u00f3sito, lembramos que a quest\u00e3o&nbsp;<strong>&#8220;Indique qual \u00e9 a sua religi\u00e3o&#8221;<\/strong>&nbsp;\u00e9 facultativa, mas n\u00f3s gostar\u00edamos de incentivar todos os evang\u00e9licos a responderem e a colocarem a cruz na religi\u00e3o&nbsp;<strong>&#8220;Protestante \/ Evang\u00e9lica&#8221;<\/strong>, para que esse indicador seja posteriormente expresso em futuras estat\u00edsticas.<\/p>\n\n\n\n<p>Lembramos que as respostas pela internet podem ser dadas a partir de 19 abril em\u00a0<strong><a href=\"https:\/\/censos.ine.pt\/xportal\/xmain?xpgid=censos21_main&amp;xpid=CENSOS21&amp;xlang=pt\">www.censos2021.ine.pt<\/a><\/strong>\u00a0(com o respetivo c\u00f3digo recebido pelo correio).<br>At\u00e9 03 de maio, pode tamb\u00e9m responder-se aos question\u00e1rios por outros meios alternativos disponibilizados pelo Instituto Nacional de Estat\u00edstica (INE), nomeadamente pelo n\u00famero de telefone\u00a0<strong>21 054 20 21<\/strong>. As respostas poder\u00e3o ainda ser dadas nos e-balc\u00f5es das Juntas de Freguesia ou preenchendo os question\u00e1rios em papel que os recenseadores come\u00e7ar\u00e3o a entregar a partir de 31 de maio, cumprindo protocolos de seguran\u00e7a em sa\u00fade p\u00fablica.<br>Ao todo, estar\u00e3o envolvidas na realiza\u00e7\u00e3o e tratamento dos dados do Censos 2021 cerca de 15.000 pessoas, a quem felicitamos por todo o trabalho requerido.<\/p>\n","protected":false},"excerpt":{"rendered":"<p>J\u00e1 come\u00e7aram a decorrer os Censos 2021, que nos v\u00e3o permitir ficar a conhecer melhor as carater\u00edsticas do nosso pa\u00eds, tais como quantos somos, a nossa demografia, escolaridade e, entre outros aspetos, as nossas cren\u00e7as religiosas. Provavelmente, at\u00e9 j\u00e1 ter\u00e1 recebido pelo correio as cartas do INE (Instituto Nacional de Estat\u00edstica) com os respetivos c\u00f3digos<\/p>\n","protected":false},"author":2,"featured_media":18913,"comment_status":"open","ping_status":"open","sticky":false,"template":"","format":"standard","meta":{"_uag_custom_page_level_css":"","_themeisle_gutenberg_block_has_review":false,"_vp_format_video_url":"","_vp_image_focal_point":[],"footnotes":""},"categories":[],"tags":[146,145],"class_list":["post-18898","post","type-post","status-publish","format-standard","has-post-thumbnail","hentry","tag-recursos","tag-tomadas-de-posicao"],"yoast_head":"<!-- This site is optimized with the Yoast SEO plugin v27.5 - https:\/\/yoast.com\/product\/yoast-seo-wordpress\/ -->\n<title>Censos 2021 - AEP<\/title>\n<meta name=\"robots\" content=\"index, follow, max-snippet:-1, max-image-preview:large, max-video-preview:-1\" \/>\n<link rel=\"canonical\" href=\"https:\/\/aliancaevangelica.pt\/site\/censos-2021\/\" \/>\n<meta property=\"og:locale\" content=\"pt_PT\" \/>\n<meta property=\"og:type\" content=\"article\" \/>\n<meta property=\"og:title\" content=\"Censos 2021 - AEP\" \/>\n<meta property=\"og:description\" content=\"J\u00e1 come\u00e7aram a decorrer os Censos 2021, que nos v\u00e3o permitir ficar a conhecer melhor as carater\u00edsticas do nosso pa\u00eds, tais como quantos somos, a nossa demografia, escolaridade e, entre outros aspetos, as nossas cren\u00e7as religiosas. Provavelmente, at\u00e9 j\u00e1 ter\u00e1 recebido pelo correio as cartas do INE (Instituto Nacional de Estat\u00edstica) com os respetivos c\u00f3digos\" \/>\n<meta property=\"og:url\" content=\"https:\/\/aliancaevangelica.pt\/site\/censos-2021\/\" \/>\n<meta property=\"og:site_name\" content=\"AEP\" \/>\n<meta property=\"article:publisher\" content=\"http:\/\/facebook.com\/aeportuguesa\" \/>\n<meta property=\"article:author\" content=\"aeportugal\" \/>\n<meta property=\"article:published_time\" content=\"2021-04-16T13:53:33+00:00\" \/>\n<meta property=\"article:modified_time\" content=\"2026-04-10T00:37:12+00:00\" \/>\n<meta property=\"og:image\" content=\"https:\/\/aliancaevangelica.pt\/site\/wp-content\/uploads\/2021\/04\/Captura-de-ecra\u0303-2021-04-16-a\u0300s-15.56.32.png\" \/>\n\t<meta property=\"og:image:width\" content=\"625\" \/>\n\t<meta property=\"og:image:height\" content=\"757\" \/>\n\t<meta property=\"og:image:type\" content=\"image\/png\" \/>\n<meta name=\"author\" content=\"AEP\" \/>\n<meta name=\"twitter:card\" content=\"summary_large_image\" \/>\n<meta name=\"twitter:label1\" content=\"Escrito por\" \/>\n\t<meta name=\"twitter:data1\" content=\"AEP\" \/>\n\t<meta name=\"twitter:label2\" content=\"Tempo estimado de leitura\" \/>\n\t<meta name=\"twitter:data2\" content=\"2 minutos\" \/>\n<script type=\"application\/ld+json\" class=\"yoast-schema-graph\">{\"@context\":\"https:\\\/\\\/schema.org\",\"@graph\":[{\"@type\":\"Article\",\"@id\":\"https:\\\/\\\/aliancaevangelica.pt\\\/site\\\/censos-2021\\\/#article\",\"isPartOf\":{\"@id\":\"https:\\\/\\\/aliancaevangelica.pt\\\/site\\\/censos-2021\\\/\"},\"author\":{\"name\":\"AEP\",\"@id\":\"https:\\\/\\\/aliancaevangelica.pt\\\/site\\\/#\\\/schema\\\/person\\\/3b47cfc7535eff1e820f31c2d67eafcf\"},\"headline\":\"Censos 2021\",\"datePublished\":\"2021-04-16T13:53:33+00:00\",\"dateModified\":\"2026-04-10T00:37:12+00:00\",\"mainEntityOfPage\":{\"@id\":\"https:\\\/\\\/aliancaevangelica.pt\\\/site\\\/censos-2021\\\/\"},\"wordCount\":246,\"commentCount\":0,\"publisher\":{\"@id\":\"https:\\\/\\\/aliancaevangelica.pt\\\/site\\\/#organization\"},\"image\":{\"@id\":\"https:\\\/\\\/aliancaevangelica.pt\\\/site\\\/censos-2021\\\/#primaryimage\"},\"thumbnailUrl\":\"https:\\\/\\\/aliancaevangelica.pt\\\/site\\\/wp-content\\\/uploads\\\/2021\\\/04\\\/Captura-de-ecra\u0303-2021-04-16-a\u0300s-15.56.32.png\",\"keywords\":[\"Recursos\",\"Tomadas de Posi\u00e7\u00e3o\"],\"inLanguage\":\"pt-PT\",\"potentialAction\":[{\"@type\":\"CommentAction\",\"name\":\"Comment\",\"target\":[\"https:\\\/\\\/aliancaevangelica.pt\\\/site\\\/censos-2021\\\/#respond\"]}]},{\"@type\":\"WebPage\",\"@id\":\"https:\\\/\\\/aliancaevangelica.pt\\\/site\\\/censos-2021\\\/\",\"url\":\"https:\\\/\\\/aliancaevangelica.pt\\\/site\\\/censos-2021\\\/\",\"name\":\"Censos 2021 - AEP\",\"isPartOf\":{\"@id\":\"https:\\\/\\\/aliancaevangelica.pt\\\/site\\\/#website\"},\"primaryImageOfPage\":{\"@id\":\"https:\\\/\\\/aliancaevangelica.pt\\\/site\\\/censos-2021\\\/#primaryimage\"},\"image\":{\"@id\":\"https:\\\/\\\/aliancaevangelica.pt\\\/site\\\/censos-2021\\\/#primaryimage\"},\"thumbnailUrl\":\"https:\\\/\\\/aliancaevangelica.pt\\\/site\\\/wp-content\\\/uploads\\\/2021\\\/04\\\/Captura-de-ecra\u0303-2021-04-16-a\u0300s-15.56.32.png\",\"datePublished\":\"2021-04-16T13:53:33+00:00\",\"dateModified\":\"2026-04-10T00:37:12+00:00\",\"breadcrumb\":{\"@id\":\"https:\\\/\\\/aliancaevangelica.pt\\\/site\\\/censos-2021\\\/#breadcrumb\"},\"inLanguage\":\"pt-PT\",\"potentialAction\":[{\"@type\":\"ReadAction\",\"target\":[\"https:\\\/\\\/aliancaevangelica.pt\\\/site\\\/censos-2021\\\/\"]}]},{\"@type\":\"ImageObject\",\"inLanguage\":\"pt-PT\",\"@id\":\"https:\\\/\\\/aliancaevangelica.pt\\\/site\\\/censos-2021\\\/#primaryimage\",\"url\":\"https:\\\/\\\/aliancaevangelica.pt\\\/site\\\/wp-content\\\/uploads\\\/2021\\\/04\\\/Captura-de-ecra\u0303-2021-04-16-a\u0300s-15.56.32.png\",\"contentUrl\":\"https:\\\/\\\/aliancaevangelica.pt\\\/site\\\/wp-content\\\/uploads\\\/2021\\\/04\\\/Captura-de-ecra\u0303-2021-04-16-a\u0300s-15.56.32.png\",\"width\":625,\"height\":757},{\"@type\":\"BreadcrumbList\",\"@id\":\"https:\\\/\\\/aliancaevangelica.pt\\\/site\\\/censos-2021\\\/#breadcrumb\",\"itemListElement\":[{\"@type\":\"ListItem\",\"position\":1,\"name\":\"In\u00edcio\",\"item\":\"https:\\\/\\\/aliancaevangelica.pt\\\/site\\\/\"},{\"@type\":\"ListItem\",\"position\":2,\"name\":\"Censos 2021\"}]},{\"@type\":\"WebSite\",\"@id\":\"https:\\\/\\\/aliancaevangelica.pt\\\/site\\\/#website\",\"url\":\"https:\\\/\\\/aliancaevangelica.pt\\\/site\\\/\",\"name\":\"Alian\u00e7a Evang\u00e9lica Portuguesa\",\"description\":\"Alian\u00e7a Evang\u00e9lica Portuguesa\",\"publisher\":{\"@id\":\"https:\\\/\\\/aliancaevangelica.pt\\\/site\\\/#organization\"},\"potentialAction\":[{\"@type\":\"SearchAction\",\"target\":{\"@type\":\"EntryPoint\",\"urlTemplate\":\"https:\\\/\\\/aliancaevangelica.pt\\\/site\\\/?s={search_term_string}\"},\"query-input\":{\"@type\":\"PropertyValueSpecification\",\"valueRequired\":true,\"valueName\":\"search_term_string\"}}],\"inLanguage\":\"pt-PT\"},{\"@type\":\"Organization\",\"@id\":\"https:\\\/\\\/aliancaevangelica.pt\\\/site\\\/#organization\",\"name\":\"Alian\u00e7a Evang\u00e9lica Portuguesa\",\"url\":\"https:\\\/\\\/aliancaevangelica.pt\\\/site\\\/\",\"logo\":{\"@type\":\"ImageObject\",\"inLanguage\":\"pt-PT\",\"@id\":\"https:\\\/\\\/aliancaevangelica.pt\\\/site\\\/#\\\/schema\\\/logo\\\/image\\\/\",\"url\":\"https:\\\/\\\/aliancaevangelica.pt\\\/site\\\/wp-content\\\/uploads\\\/2017\\\/11\\\/logo-AEP-cor.png\",\"contentUrl\":\"https:\\\/\\\/aliancaevangelica.pt\\\/site\\\/wp-content\\\/uploads\\\/2017\\\/11\\\/logo-AEP-cor.png\",\"width\":1156,\"height\":672,\"caption\":\"Alian\u00e7a Evang\u00e9lica Portuguesa\"},\"image\":{\"@id\":\"https:\\\/\\\/aliancaevangelica.pt\\\/site\\\/#\\\/schema\\\/logo\\\/image\\\/\"},\"sameAs\":[\"http:\\\/\\\/facebook.com\\\/aeportuguesa\",\"http:\\\/\\\/instagram.com\\\/aliancaep\",\"http:\\\/\\\/youtube.com\\\/aeportuguesa\"]},{\"@type\":\"Person\",\"@id\":\"https:\\\/\\\/aliancaevangelica.pt\\\/site\\\/#\\\/schema\\\/person\\\/3b47cfc7535eff1e820f31c2d67eafcf\",\"name\":\"AEP\",\"sameAs\":[\"aeportugal\"],\"url\":\"https:\\\/\\\/aliancaevangelica.pt\\\/site\\\/author\\\/aeportugal\\\/\"}]}<\/script>\n<!-- \/ Yoast SEO plugin. -->","yoast_head_json":{"title":"Censos 2021 - AEP","robots":{"index":"index","follow":"follow","max-snippet":"max-snippet:-1","max-image-preview":"max-image-preview:large","max-video-preview":"max-video-preview:-1"},"canonical":"https:\/\/aliancaevangelica.pt\/site\/censos-2021\/","og_locale":"pt_PT","og_type":"article","og_title":"Censos 2021 - AEP","og_description":"J\u00e1 come\u00e7aram a decorrer os Censos 2021, que nos v\u00e3o permitir ficar a conhecer melhor as carater\u00edsticas do nosso pa\u00eds, tais como quantos somos, a nossa demografia, escolaridade e, entre outros aspetos, as nossas cren\u00e7as religiosas. Provavelmente, at\u00e9 j\u00e1 ter\u00e1 recebido pelo correio as cartas do INE (Instituto Nacional de Estat\u00edstica) com os respetivos c\u00f3digos","og_url":"https:\/\/aliancaevangelica.pt\/site\/censos-2021\/","og_site_name":"AEP","article_publisher":"http:\/\/facebook.com\/aeportuguesa","article_author":"aeportugal","article_published_time":"2021-04-16T13:53:33+00:00","article_modified_time":"2026-04-10T00:37:12+00:00","og_image":[{"width":625,"height":757,"url":"https:\/\/aliancaevangelica.pt\/site\/wp-content\/uploads\/2021\/04\/Captura-de-ecra\u0303-2021-04-16-a\u0300s-15.56.32.png","type":"image\/png"}],"author":"AEP","twitter_card":"summary_large_image","twitter_misc":{"Escrito por":"AEP","Tempo estimado de leitura":"2 minutos"},"schema":{"@context":"https:\/\/schema.org","@graph":[{"@type":"Article","@id":"https:\/\/aliancaevangelica.pt\/site\/censos-2021\/#article","isPartOf":{"@id":"https:\/\/aliancaevangelica.pt\/site\/censos-2021\/"},"author":{"name":"AEP","@id":"https:\/\/aliancaevangelica.pt\/site\/#\/schema\/person\/3b47cfc7535eff1e820f31c2d67eafcf"},"headline":"Censos 2021","datePublished":"2021-04-16T13:53:33+00:00","dateModified":"2026-04-10T00:37:12+00:00","mainEntityOfPage":{"@id":"https:\/\/aliancaevangelica.pt\/site\/censos-2021\/"},"wordCount":246,"commentCount":0,"publisher":{"@id":"https:\/\/aliancaevangelica.pt\/site\/#organization"},"image":{"@id":"https:\/\/aliancaevangelica.pt\/site\/censos-2021\/#primaryimage"},"thumbnailUrl":"https:\/\/aliancaevangelica.pt\/site\/wp-content\/uploads\/2021\/04\/Captura-de-ecra\u0303-2021-04-16-a\u0300s-15.56.32.png","keywords":["Recursos","Tomadas de Posi\u00e7\u00e3o"],"inLanguage":"pt-PT","potentialAction":[{"@type":"CommentAction","name":"Comment","target":["https:\/\/aliancaevangelica.pt\/site\/censos-2021\/#respond"]}]},{"@type":"WebPage","@id":"https:\/\/aliancaevangelica.pt\/site\/censos-2021\/","url":"https:\/\/aliancaevangelica.pt\/site\/censos-2021\/","name":"Censos 2021 - AEP","isPartOf":{"@id":"https:\/\/aliancaevangelica.pt\/site\/#website"},"primaryImageOfPage":{"@id":"https:\/\/aliancaevangelica.pt\/site\/censos-2021\/#primaryimage"},"image":{"@id":"https:\/\/aliancaevangelica.pt\/site\/censos-2021\/#primaryimage"},"thumbnailUrl":"https:\/\/aliancaevangelica.pt\/site\/wp-content\/uploads\/2021\/04\/Captura-de-ecra\u0303-2021-04-16-a\u0300s-15.56.32.png","datePublished":"2021-04-16T13:53:33+00:00","dateModified":"2026-04-10T00:37:12+00:00","breadcrumb":{"@id":"https:\/\/aliancaevangelica.pt\/site\/censos-2021\/#breadcrumb"},"inLanguage":"pt-PT","potentialAction":[{"@type":"ReadAction","target":["https:\/\/aliancaevangelica.pt\/site\/censos-2021\/"]}]},{"@type":"ImageObject","inLanguage":"pt-PT","@id":"https:\/\/aliancaevangelica.pt\/site\/censos-2021\/#primaryimage","url":"https:\/\/aliancaevangelica.pt\/site\/wp-content\/uploads\/2021\/04\/Captura-de-ecra\u0303-2021-04-16-a\u0300s-15.56.32.png","contentUrl":"https:\/\/aliancaevangelica.pt\/site\/wp-content\/uploads\/2021\/04\/Captura-de-ecra\u0303-2021-04-16-a\u0300s-15.56.32.png","width":625,"height":757},{"@type":"BreadcrumbList","@id":"https:\/\/aliancaevangelica.pt\/site\/censos-2021\/#breadcrumb","itemListElement":[{"@type":"ListItem","position":1,"name":"In\u00edcio","item":"https:\/\/aliancaevangelica.pt\/site\/"},{"@type":"ListItem","position":2,"name":"Censos 2021"}]},{"@type":"WebSite","@id":"https:\/\/aliancaevangelica.pt\/site\/#website","url":"https:\/\/aliancaevangelica.pt\/site\/","name":"Alian\u00e7a Evang\u00e9lica Portuguesa","description":"Alian\u00e7a Evang\u00e9lica Portuguesa","publisher":{"@id":"https:\/\/aliancaevangelica.pt\/site\/#organization"},"potentialAction":[{"@type":"SearchAction","target":{"@type":"EntryPoint","urlTemplate":"https:\/\/aliancaevangelica.pt\/site\/?s={search_term_string}"},"query-input":{"@type":"PropertyValueSpecification","valueRequired":true,"valueName":"search_term_string"}}],"inLanguage":"pt-PT"},{"@type":"Organization","@id":"https:\/\/aliancaevangelica.pt\/site\/#organization","name":"Alian\u00e7a Evang\u00e9lica Portuguesa","url":"https:\/\/aliancaevangelica.pt\/site\/","logo":{"@type":"ImageObject","inLanguage":"pt-PT","@id":"https:\/\/aliancaevangelica.pt\/site\/#\/schema\/logo\/image\/","url":"https:\/\/aliancaevangelica.pt\/site\/wp-content\/uploads\/2017\/11\/logo-AEP-cor.png","contentUrl":"https:\/\/aliancaevangelica.pt\/site\/wp-content\/uploads\/2017\/11\/logo-AEP-cor.png","width":1156,"height":672,"caption":"Alian\u00e7a Evang\u00e9lica Portuguesa"},"image":{"@id":"https:\/\/aliancaevangelica.pt\/site\/#\/schema\/logo\/image\/"},"sameAs":["http:\/\/facebook.com\/aeportuguesa","http:\/\/instagram.com\/aliancaep","http:\/\/youtube.com\/aeportuguesa"]},{"@type":"Person","@id":"https:\/\/aliancaevangelica.pt\/site\/#\/schema\/person\/3b47cfc7535eff1e820f31c2d67eafcf","name":"AEP","sameAs":["aeportugal"],"url":"https:\/\/aliancaevangelica.pt\/site\/author\/aeportugal\/"}]}},"uagb_featured_image_src":{"full":["https:\/\/aliancaevangelica.pt\/site\/wp-content\/uploads\/2021\/04\/Captura-de-ecra\u0303-2021-04-16-a\u0300s-15.56.32.png",625,757,false],"thumbnail":["https:\/\/aliancaevangelica.pt\/site\/wp-content\/uploads\/2021\/04\/Captura-de-ecra\u0303-2021-04-16-a\u0300s-15.56.32-150x150.png",150,150,true],"medium":["https:\/\/aliancaevangelica.pt\/site\/wp-content\/uploads\/2021\/04\/Captura-de-ecra\u0303-2021-04-16-a\u0300s-15.56.32-248x300.png",248,300,true],"medium_large":["https:\/\/aliancaevangelica.pt\/site\/wp-content\/uploads\/2021\/04\/Captura-de-ecra\u0303-2021-04-16-a\u0300s-15.56.32.png",625,757,false],"large":["https:\/\/aliancaevangelica.pt\/site\/wp-content\/uploads\/2021\/04\/Captura-de-ecra\u0303-2021-04-16-a\u0300s-15.56.32.png",625,757,false],"1536x1536":["https:\/\/aliancaevangelica.pt\/site\/wp-content\/uploads\/2021\/04\/Captura-de-ecra\u0303-2021-04-16-a\u0300s-15.56.32.png",625,757,false],"2048x2048":["https:\/\/aliancaevangelica.pt\/site\/wp-content\/uploads\/2021\/04\/Captura-de-ecra\u0303-2021-04-16-a\u0300s-15.56.32.png",625,757,false],"vp_sm":["https:\/\/aliancaevangelica.pt\/site\/wp-content\/uploads\/2021\/04\/Captura-de-ecra\u0303-2021-04-16-a\u0300s-15.56.32.png",500,606,false],"vp_md":["https:\/\/aliancaevangelica.pt\/site\/wp-content\/uploads\/2021\/04\/Captura-de-ecra\u0303-2021-04-16-a\u0300s-15.56.32.png",625,757,false],"vp_lg":["https:\/\/aliancaevangelica.pt\/site\/wp-content\/uploads\/2021\/04\/Captura-de-ecra\u0303-2021-04-16-a\u0300s-15.56.32.png",625,757,false],"vp_xl":["https:\/\/aliancaevangelica.pt\/site\/wp-content\/uploads\/2021\/04\/Captura-de-ecra\u0303-2021-04-16-a\u0300s-15.56.32.png",625,757,false],"vp_sm_popup":["https:\/\/aliancaevangelica.pt\/site\/wp-content\/uploads\/2021\/04\/Captura-de-ecra\u0303-2021-04-16-a\u0300s-15.56.32.png",500,606,false],"vp_md_popup":["https:\/\/aliancaevangelica.pt\/site\/wp-content\/uploads\/2021\/04\/Captura-de-ecra\u0303-2021-04-16-a\u0300s-15.56.32.png",625,757,false],"vp_xl_popup":["https:\/\/aliancaevangelica.pt\/site\/wp-content\/uploads\/2021\/04\/Captura-de-ecra\u0303-2021-04-16-a\u0300s-15.56.32.png",625,757,false],"newsx-150x100":["https:\/\/aliancaevangelica.pt\/site\/wp-content\/uploads\/2021\/04\/Captura-de-ecra\u0303-2021-04-16-a\u0300s-15.56.32.png",83,100,false],"newsx-330x220":["https:\/\/aliancaevangelica.pt\/site\/wp-content\/uploads\/2021\/04\/Captura-de-ecra\u0303-2021-04-16-a\u0300s-15.56.32.png",182,220,false],"newsx-420x280":["https:\/\/aliancaevangelica.pt\/site\/wp-content\/uploads\/2021\/04\/Captura-de-ecra\u0303-2021-04-16-a\u0300s-15.56.32.png",231,280,false],"newsx-510x340":["https:\/\/aliancaevangelica.pt\/site\/wp-content\/uploads\/2021\/04\/Captura-de-ecra\u0303-2021-04-16-a\u0300s-15.56.32.png",281,340,false],"newsx-640x480":["https:\/\/aliancaevangelica.pt\/site\/wp-content\/uploads\/2021\/04\/Captura-de-ecra\u0303-2021-04-16-a\u0300s-15.56.32.png",396,480,false],"newsx-670x370":["https:\/\/aliancaevangelica.pt\/site\/wp-content\/uploads\/2021\/04\/Captura-de-ecra\u0303-2021-04-16-a\u0300s-15.56.32.png",305,370,false],"newsx-860x570":["https:\/\/aliancaevangelica.pt\/site\/wp-content\/uploads\/2021\/04\/Captura-de-ecra\u0303-2021-04-16-a\u0300s-15.56.32.png",471,570,false],"newsx-1000x750":["https:\/\/aliancaevangelica.pt\/site\/wp-content\/uploads\/2021\/04\/Captura-de-ecra\u0303-2021-04-16-a\u0300s-15.56.32.png",619,750,false],"newsx-1200x600":["https:\/\/aliancaevangelica.pt\/site\/wp-content\/uploads\/2021\/04\/Captura-de-ecra\u0303-2021-04-16-a\u0300s-15.56.32.png",495,600,false]},"uagb_author_info":{"display_name":"AEP","author_link":"https:\/\/aliancaevangelica.pt\/site\/author\/aeportugal\/"},"uagb_comment_info":0,"uagb_excerpt":"J\u00e1 come\u00e7aram a decorrer os Censos 2021, que nos v\u00e3o permitir ficar a conhecer melhor as carater\u00edsticas do nosso pa\u00eds, tais como quantos somos, a nossa demografia, escolaridade e, entre outros aspetos, as nossas cren\u00e7as religiosas. Provavelmente, at\u00e9 j\u00e1 ter\u00e1 recebido pelo correio as cartas do INE (Instituto Nacional de Estat\u00edstica) com os respetivos c\u00f3digos","_links":{"self":[{"href":"https:\/\/aliancaevangelica.pt\/site\/wp-json\/wp\/v2\/posts\/18898","targetHints":{"allow":["GET"]}}],"collection":[{"href":"https:\/\/aliancaevangelica.pt\/site\/wp-json\/wp\/v2\/posts"}],"about":[{"href":"https:\/\/aliancaevangelica.pt\/site\/wp-json\/wp\/v2\/types\/post"}],"author":[{"embeddable":true,"href":"https:\/\/aliancaevangelica.pt\/site\/wp-json\/wp\/v2\/users\/2"}],"replies":[{"embeddable":true,"href":"https:\/\/aliancaevangelica.pt\/site\/wp-json\/wp\/v2\/comments?post=18898"}],"version-history":[{"count":2,"href":"https:\/\/aliancaevangelica.pt\/site\/wp-json\/wp\/v2\/posts\/18898\/revisions"}],"predecessor-version":[{"id":18920,"href":"https:\/\/aliancaevangelica.pt\/site\/wp-json\/wp\/v2\/posts\/18898\/revisions\/18920"}],"wp:featuredmedia":[{"embeddable":true,"href":"https:\/\/aliancaevangelica.pt\/site\/wp-json\/wp\/v2\/media\/18913"}],"wp:attachment":[{"href":"https:\/\/aliancaevangelica.pt\/site\/wp-json\/wp\/v2\/media?parent=18898"}],"wp:term":[{"taxonomy":"category","embeddable":true,"href":"https:\/\/aliancaevangelica.pt\/site\/wp-json\/wp\/v2\/categories?post=18898"},{"taxonomy":"post_tag","embeddable":true,"href":"https:\/\/aliancaevangelica.pt\/site\/wp-json\/wp\/v2\/tags?post=18898"}],"curies":[{"name":"wp","href":"https:\/\/api.w.org\/{rel}","templated":true}]}}