{"id":18885,"date":"2021-04-16T08:30:00","date_gmt":"2021-04-16T08:30:00","guid":{"rendered":"https:\/\/aliancaevangelica.pt\/site\/?p=18885"},"modified":"2021-04-13T13:05:23","modified_gmt":"2021-04-13T13:05:23","slug":"a-cevada-de-rute","status":"publish","type":"post","link":"https:\/\/aliancaevangelica.pt\/site\/a-cevada-de-rute\/","title":{"rendered":"A CEVADA DE RUTE"},"content":{"rendered":"\n<p class=\"p1\"><em>\u201cDeixa-me colher e juntar espigas por entre os molhos ap\u00f3s os segadores.\u201d (Rute 2:7)<\/em><\/p>\n\n\n\n<div class=\"wp-block-group\"><div class=\"wp-block-group__inner-container is-layout-flow wp-block-group-is-layout-flow\">\n<p class=\"p1\">Tenho pensado em Rute.<\/p>\n\n\n\n<p class=\"p1\">Aflorou no meu pensamento quando pensava na imensa vulnerabilidade dos migrantes.<\/p>\n\n\n\n<div class=\"wp-block-group\"><div class=\"wp-block-group__inner-container is-layout-flow wp-block-group-is-layout-flow\">\n<p class=\"p1\">Quando se d\u00e3o crises socioecon\u00f3micas em algum lugar, seguem-se movimentos migrat\u00f3rios dos locais onde escasseia o alimento, o emprego, o dinheiro, as oportunidades, a paz, a seguran\u00e7a, etc, para locais onde estes s\u00e3o mais abundantes. Facilmente se conclui que, desde h\u00e1 mil\u00e9nios, os cereais s\u00e3o um forte atractivo e uma das principais b\u00fassolas destes movimentos populacionais.<\/p>\n\n\n\n<p class=\"p1\">Rute e Noemi chegaram a Bel\u00e9m no princ\u00edpio da sega da cevada. Tinham viajado a p\u00e9, partindo de Moabe, terra natal de Rute.<\/p>\n<\/div><\/div>\n\n\n\n<p class=\"p1\">A cevada foi um dos primeiros gr\u00e3os cultivados no Crescente F\u00e9rtil, estimando-se que tenha sido<span class=\"Apple-converted-space\">&nbsp; <\/span>domesticada em 8000 AC a partir do seu progenitor selvagem Hordeum spontaneum. Os registos arqueol\u00f3gicos d\u00e3o conta do cultivo da cevada em 5000 AC no Egipto, em 2350 AC na Mesopot\u00e2mia, em 3000 AC no noroeste da Europa, e em 1500 AC na China.<\/p>\n\n\n\n<p class=\"p1\">A cevada, <i>Hordeum vulgare<\/i>, foi a principal \u201cplanta do p\u00e3o\u201d dos hebreus, gregos e romanos e tamb\u00e9m de grande parte da Europa at\u00e9 ao s\u00e9culo XVI. Actualmente, representa a quarta maior colheita de gr\u00e3os do mundo (depois do trigo, o arroz e o milho).<\/p>\n\n\n\n<p class=\"p3\">Rute e Noemi estavam em luto. Rute, do marido. Noemi, do marido e dos filhos.<\/p>\n\n\n\n<p class=\"p3\">E a hist\u00f3ria come\u00e7a assim: \u201cE sucedeu que, nos dias em que os ju\u00edzes julgavam, houve uma fome na terra\u201d.<\/p>\n\n\n\n<p class=\"p2\">N\u00e3o \u00e9 certo, mas levanta-se a hip\u00f3tese de ter sido Samuel o seu escritor, por volta do ano 1322 AC.<\/p>\n\n\n\n<p class=\"p2\">Falava de fome.<\/p>\n\n\n\n<p class=\"p2\">Pois bem, foi este o motivo que levou Elimeleque, efrateu, natural de Bel\u00e9m de Jud\u00e1, a \u201cperegrinar nos campos de Moabe\u201d. Consigo foram a esposa, Noemi, e os seus filhos, Malom e Quiliom.<\/p>\n\n\n\n<p class=\"p2\">Moabe ficava do outro lado do Mar Morto. Terra montanhosa. Povo em frequente conflito com Israel. A l\u00edngua talvez n\u00e3o fosse muito diferente. A religi\u00e3o, ao contr\u00e1rio da de Israel, era polite\u00edsta.<\/p>\n\n\n\n<p class=\"p2\">A fam\u00edlia procurou saciar a fome no campo deste povo estrangeiro.<\/p>\n\n\n\n<p class=\"p2\">Assentaram.<\/p>\n\n\n\n<p class=\"p2\">O marido de Noemi n\u00e3o mais regressou ao pa\u00eds natal. Noemi enviuvou.<\/p>\n\n\n\n<p class=\"p2\">Os filhos cresceram e casaram com mulheres da terra que os acolhera, as moabitas Rute e Orfa.<\/p>\n\n\n\n<p class=\"p2\">Depois, tamb\u00e9m estes morreram. Sobraram tr\u00eas mulheres, cada uma com a(s) sua(s) perda(s). Aqueciam-se em conjunto, em torno da fogueira desolada do luto.<\/p>\n\n\n\n<p class=\"p2\">Mulheres, em tempo de homens. Vi\u00favas, em tempo em que eram votadas ao desprezo. Uma das quais desfilhada. Como (sobre)viver daqui para a frente?<\/p>\n\n\n\n<p class=\"p1\">Adapt\u00e1vel a um espectro clim\u00e1tico mais amplo do que qualquer outro cereal, a cevada possui variedades em \u00e1reas temperadas, sub\u00e1rcticas ou subtropicais. Embora o crescimento se d\u00ea melhor em esta\u00e7\u00f5es de pelo menos noventa dias, \u00e9 capaz de crescer e amadurecer num per\u00edodo mais curto do que qualquer outro cereal.<\/p>\n\n\n\n<p class=\"p2\">Corriam rumores de que em Bel\u00e9m havia alimento outra vez. Esta not\u00edcia foi uma brisa de alento para Noemi.<\/p>\n\n\n\n<p class=\"p2\">As tr\u00eas mulheres levantaram-se e come\u00e7aram a caminhar. Para Noemi seria um regresso. Agora seria a vez de Rute e Orfa serem estrangeiras do outro lado do Mar Morto.<\/p>\n\n\n\n<p class=\"p2\">Davam passos iguais uns aos outros quando, num instante, Noemi se deteve. Olhou para as m\u00e3os. J\u00e1 tinha perdido quase todos, quase tudo. Abriu as m\u00e3os. Completamente. N\u00e3o quis agarrar, n\u00e3o quis reter. Quis libertar, desenla\u00e7ar quem tamb\u00e9m tinha perdido muito. As suas noras.<\/p>\n\n\n\n<p class=\"p2\">\u201cIde, voltai cada uma \u00e0 casa de sua m\u00e3e; e o Senhor use convosco de benevol\u00eancia, como v\u00f3s usastes com os defuntos e comigo. O Senhor vos d\u00ea que acheis descanso cada uma em casa de seu marido.\u201d, disse.<\/p>\n\n\n\n<p class=\"p2\">Noemi beijou-as. Levantaram a voz do sofrimento e choraram juntas.<\/p>\n\n\n\n<p class=\"p2\">Achando que nada tinha para lhes oferecer e que nada havia para esperar, insistiu com as noras para que seguissem o caminho da casa materna.<\/p>\n\n\n\n<p class=\"p2\">Choraram outra vez, sonoramente, juntas.<\/p>\n\n\n\n<p class=\"p2\">Orfa despediu-se e foi. Rute, por\u00e9m, apegou-se a Noemi. \u201cEis que voltou tua cunhada ao seu povo e aos seus deuses: volta tu tamb\u00e9m ap\u00f3s a tua cunhada\u201d, reiterou Noemi.<\/p>\n\n\n\n<p class=\"p2\">Foi ent\u00e3o que Rute declarou, f\u00e9rrea, irredut\u00edvel: \u201cN\u00e3o me instes para que te deixe e me afaste de ao p\u00e9 de ti: porque aonde quer que tu fores irei eu, e onde quer que pousares \u00e0 noite ali pousarei eu; o teu povo \u00e9 o meu povo, o teu Deus \u00e9 o meu Deus; onde quer que morreres morrerei eu, e ali serei sepultada: fa\u00e7a-me assim o Senhor, e outro tanto, se outra coisa que n\u00e3o seja a morte me separar de ti\u201d.<\/p>\n\n\n\n<p class=\"p2\">E foram.<\/p>\n\n\n\n<p class=\"p2\">Tempo e passos. Algumas pausas. Finalmente, chegaram a Bel\u00e9m.<\/p>\n\n\n\n<p class=\"p2\">\u201cCheia parti e vazia cheguei\u201d, disse Noemi.<\/p>\n\n\n\n<p class=\"p2\">E quis mudar de nome. \u201cN\u00e3o me chamem Agrad\u00e1vel (significado de Noemi), chamem-me<span class=\"Apple-converted-space\">&nbsp; <\/span>Amarga (Mara)\u201d, instou \u00e0s suas conterr\u00e2neas saudosas. \u201cPorque grande amargura me tem dado o Todo-Poderoso\u201d.<\/p>\n\n\n\n<p class=\"p1\">Com maior resist\u00eancia ao calor seco do que outros pequenos gr\u00e3os, a cevada floresce em \u00e1reas pr\u00f3ximas do deserto no Norte de \u00c1frica, onde \u00e9 semeada principalmente no outono. As planta\u00e7\u00f5es semeadas na primavera s\u00e3o mais bem-sucedidas nas \u00e1reas mais frias e h\u00famidas da Europa ocidental e da Am\u00e9rica do Norte.<\/p>\n\n\n\n<p class=\"p2\">Olharam em volta. Os campos, brancos. Um som de vento e fric\u00e7\u00e3o. A sega da cevada tinha come\u00e7ado.<span class=\"Apple-converted-space\">&nbsp; <\/span>As m\u00e3os r\u00e1pidas dos ceifeiros tocavam harpa nas espigas. Colhiam e avan\u00e7avam. Colhiam e avan\u00e7avam.<\/p>\n\n\n\n<p class=\"p2\">O apelo do est\u00f4mago vazio, um pensamento que lhe exigia ocupar-se, um sentimento de apego, um desejo de cuidar de Noemi foram as m\u00e3os que empurraram Rute para o campo.<\/p>\n\n\n\n<p class=\"p2\">Seguiu no encalce dos ceifeiros. Estes recebiam o sal\u00e1rio ao fim de cada jornada de trabalho. Rute, n\u00e3o. Pediu a um dos segadores autoriza\u00e7\u00e3o para respigar. Quer isto dizer recolher as espigas e os gr\u00e3os que escapassem \u00e0s m\u00e3os dos segadores ou o que ca\u00edsse no ch\u00e3o. E levava para casa. Fariam p\u00e3o.<\/p>\n\n\n\n<p class=\"p1\">Ainda hoje, a farinha de cevada \u00e9 utilizada para fazer p\u00e3o de tipo \u00e1zimo (achatado) e papas, especialmente no Norte de \u00c1frica e em partes da \u00c1sia, onde continua a ser um gr\u00e3o alimentar b\u00e1sico. Por conter pouco gl\u00faten, uma subst\u00e2ncia proteica el\u00e1stica, a cevada n\u00e3o serve para fazer p\u00e3o poroso (\u201cinsuflado\u201d).<\/p>\n\n\n\n<p class=\"p1\">Actualmente, \u00e9 utilizada principalmente como forragem verde e ra\u00e7\u00e3o para o gado; como fonte de malte para bebidas alco\u00f3licas, especialmente a cerveja; e ainda na produ\u00e7\u00e3o de medicamentos; para al\u00e9m de ser componente de flocos e farinhas para panifica\u00e7\u00e3o.<\/p>\n\n\n\n<p class=\"p2\">Boaz era o dono daquele campo. Pertencia \u00e0 fam\u00edlia e gera\u00e7\u00e3o de Elimeleque, sogro de Rute.<\/p>\n\n\n\n<p class=\"p2\">Um servo deu conta do quanto Rute se esfor\u00e7ava dia ap\u00f3s dia, do pouco descanso, e do cuidado que manifestava para com Noemi.<\/p>\n\n\n\n<p class=\"p2\">Um olhar de gra\u00e7a pousou em Rute.<\/p>\n\n\n\n<p class=\"p2\">\u201cQue o Senhor recompense o teu feito. Que o Senhor, o Deus de Israel, sob cujas asas vieste buscar ref\u00fagio, te recompense ricamente\u201d. Com estas palavras aben\u00e7oou Boaz a Rute. E tamb\u00e9m com indica\u00e7\u00f5es aos seus servos para que favorecessem o trabalho desta estrangeira, a aproximassem das condi\u00e7\u00f5es de trabalho dos jornaleiros e avolumassem o que esta recolhia e levava para casa.<\/p>\n\n\n\n<p class=\"p2\">Comentando com Noemi o sucedido, esta viu no agir de Boaz a m\u00e3o providencial de Deus:<\/p>\n\n\n\n<p class=\"p2\">\u201cBendito seja ele no Senhor, que n\u00e3o tem deixado a sua benefic\u00eancia nem para com os vivos nem para com os mortos\u201d.<\/p>\n\n\n\n<p class=\"p2\">Um toque de gra\u00e7a humedeceu os olhos cansados de Noemi. Abriu-os e viu em Boaz um remidor. \u201cEle ser\u00e1 restaurador da tua vida e consolador da tua velhice\u201d, concordavam as conterr\u00e2neas.<\/p>\n\n\n\n<p class=\"p2\">Com efeito, a reden\u00e7\u00e3o chegaria. Da viuvez de Rute, no despertar de descend\u00eancia aos que tinham partido, e colocando um neto no rega\u00e7o de Noemi para esta cuidar.<\/p>\n\n\n\n<p class=\"p2\">De seu nome, Obede, viria a ser pai de Jess\u00e9, av\u00f4 de David. Raiz de Jesus.<\/p>\n\n\n\n<p class=\"p1\">No campo cient\u00edfico, procura-se desenvolver variedades capazes de produzir sementes suficientes mesmo sob condi\u00e7\u00f5es de elevada temperatura ou seca.<\/p>\n\n\n\n<p class=\"p2\">Afinal, como nasce um redentor na aridez do luto, na secura do deserto, no calor de uma terra estranha?<\/p>\n\n\n\n<p class=\"p2\">Eis que, de repente, Bel\u00e9m (<i>Beit Lechem<\/i>) volta a significar \u201cCasa do P\u00e3o\u201d.<\/p>\n\n\n\n<p class=\"p1\"><strong>Bibliografia:<\/strong><\/p>\n\n\n\n<p class=\"p1\">&#8211; Livro de Rute (in B\u00edblia Sagrada)<\/p>\n\n\n\n<p class=\"p1\">&#8211; Encyclopaedia Britannica (<a href=\"http:\/\/www.britannica.com\/plant\/barley-cereal\">www.britannica.com\/plant\/barley-cereal<\/a>)<\/p>\n<\/div><\/div>\n\n\n<p>[movedo_single_image image=&#8221;18884&#8243; animation=&#8221;grve-zoom-in&#8221;]Abigail Ribeiro<\/p>\n<p class=\"p1\">M\u00e9dica Psiquiatra<\/p>\n<p class=\"p1\">\n","protected":false},"excerpt":{"rendered":"<p>\u201cDeixa-me colher e juntar espigas por entre os molhos ap\u00f3s os segadores.\u201d (Rute 2:7) Tenho pensado em Rute. Aflorou no meu pensamento quando pensava na imensa vulnerabilidade dos migrantes. Quando se d\u00e3o crises socioecon\u00f3micas em algum lugar, seguem-se movimentos migrat\u00f3rios dos locais onde escasseia o alimento, o emprego, o dinheiro, as oportunidades, a paz, a<\/p>\n","protected":false},"author":2,"featured_media":18887,"comment_status":"open","ping_status":"open","sticky":false,"template":"","format":"standard","meta":{"_uag_custom_page_level_css":"","_themeisle_gutenberg_block_has_review":false,"_vp_format_video_url":"","_vp_image_focal_point":[],"footnotes":""},"categories":[45,47],"tags":[],"class_list":["post-18885","post","type-post","status-publish","format-standard","has-post-thumbnail","hentry","category-geral","category-mulheres-casais-e-familia"],"yoast_head":"<!-- This site is optimized with the Yoast SEO plugin v27.5 - https:\/\/yoast.com\/product\/yoast-seo-wordpress\/ -->\n<title>A CEVADA DE RUTE - AEP<\/title>\n<meta name=\"robots\" content=\"index, follow, max-snippet:-1, max-image-preview:large, max-video-preview:-1\" \/>\n<link rel=\"canonical\" href=\"https:\/\/aliancaevangelica.pt\/site\/a-cevada-de-rute\/\" \/>\n<meta property=\"og:locale\" content=\"pt_PT\" \/>\n<meta property=\"og:type\" content=\"article\" \/>\n<meta property=\"og:title\" content=\"A CEVADA DE RUTE - AEP\" \/>\n<meta property=\"og:description\" content=\"\u201cDeixa-me colher e juntar espigas por entre os molhos ap\u00f3s os segadores.\u201d (Rute 2:7) Tenho pensado em Rute. Aflorou no meu pensamento quando pensava na imensa vulnerabilidade dos migrantes. Quando se d\u00e3o crises socioecon\u00f3micas em algum lugar, seguem-se movimentos migrat\u00f3rios dos locais onde escasseia o alimento, o emprego, o dinheiro, as oportunidades, a paz, a\" \/>\n<meta property=\"og:url\" content=\"https:\/\/aliancaevangelica.pt\/site\/a-cevada-de-rute\/\" \/>\n<meta property=\"og:site_name\" content=\"AEP\" \/>\n<meta property=\"article:publisher\" content=\"http:\/\/facebook.com\/aeportuguesa\" \/>\n<meta property=\"article:author\" content=\"aeportugal\" \/>\n<meta property=\"article:published_time\" content=\"2021-04-16T08:30:00+00:00\" \/>\n<meta property=\"og:image\" content=\"https:\/\/aliancaevangelica.pt\/site\/wp-content\/uploads\/2021\/04\/Cevada.jpg\" \/>\n\t<meta property=\"og:image:width\" content=\"474\" \/>\n\t<meta property=\"og:image:height\" content=\"316\" \/>\n\t<meta property=\"og:image:type\" content=\"image\/jpeg\" \/>\n<meta name=\"author\" content=\"AEP\" \/>\n<meta name=\"twitter:card\" content=\"summary_large_image\" \/>\n<meta name=\"twitter:label1\" content=\"Escrito por\" \/>\n\t<meta name=\"twitter:data1\" content=\"AEP\" \/>\n\t<meta name=\"twitter:label2\" content=\"Tempo estimado de leitura\" \/>\n\t<meta name=\"twitter:data2\" content=\"7 minutos\" \/>\n<script type=\"application\/ld+json\" class=\"yoast-schema-graph\">{\"@context\":\"https:\\\/\\\/schema.org\",\"@graph\":[{\"@type\":\"Article\",\"@id\":\"https:\\\/\\\/aliancaevangelica.pt\\\/site\\\/a-cevada-de-rute\\\/#article\",\"isPartOf\":{\"@id\":\"https:\\\/\\\/aliancaevangelica.pt\\\/site\\\/a-cevada-de-rute\\\/\"},\"author\":{\"name\":\"AEP\",\"@id\":\"https:\\\/\\\/aliancaevangelica.pt\\\/site\\\/#\\\/schema\\\/person\\\/3b47cfc7535eff1e820f31c2d67eafcf\"},\"headline\":\"A CEVADA DE RUTE\",\"datePublished\":\"2021-04-16T08:30:00+00:00\",\"mainEntityOfPage\":{\"@id\":\"https:\\\/\\\/aliancaevangelica.pt\\\/site\\\/a-cevada-de-rute\\\/\"},\"wordCount\":1480,\"commentCount\":0,\"publisher\":{\"@id\":\"https:\\\/\\\/aliancaevangelica.pt\\\/site\\\/#organization\"},\"image\":{\"@id\":\"https:\\\/\\\/aliancaevangelica.pt\\\/site\\\/a-cevada-de-rute\\\/#primaryimage\"},\"thumbnailUrl\":\"https:\\\/\\\/aliancaevangelica.pt\\\/site\\\/wp-content\\\/uploads\\\/2021\\\/04\\\/Cevada.jpg\",\"articleSection\":[\"1-Geral\",\"MULHERES, CASAIS E FAM\u00cdLIA\"],\"inLanguage\":\"pt-PT\",\"potentialAction\":[{\"@type\":\"CommentAction\",\"name\":\"Comment\",\"target\":[\"https:\\\/\\\/aliancaevangelica.pt\\\/site\\\/a-cevada-de-rute\\\/#respond\"]}]},{\"@type\":\"WebPage\",\"@id\":\"https:\\\/\\\/aliancaevangelica.pt\\\/site\\\/a-cevada-de-rute\\\/\",\"url\":\"https:\\\/\\\/aliancaevangelica.pt\\\/site\\\/a-cevada-de-rute\\\/\",\"name\":\"A CEVADA DE RUTE - AEP\",\"isPartOf\":{\"@id\":\"https:\\\/\\\/aliancaevangelica.pt\\\/site\\\/#website\"},\"primaryImageOfPage\":{\"@id\":\"https:\\\/\\\/aliancaevangelica.pt\\\/site\\\/a-cevada-de-rute\\\/#primaryimage\"},\"image\":{\"@id\":\"https:\\\/\\\/aliancaevangelica.pt\\\/site\\\/a-cevada-de-rute\\\/#primaryimage\"},\"thumbnailUrl\":\"https:\\\/\\\/aliancaevangelica.pt\\\/site\\\/wp-content\\\/uploads\\\/2021\\\/04\\\/Cevada.jpg\",\"datePublished\":\"2021-04-16T08:30:00+00:00\",\"breadcrumb\":{\"@id\":\"https:\\\/\\\/aliancaevangelica.pt\\\/site\\\/a-cevada-de-rute\\\/#breadcrumb\"},\"inLanguage\":\"pt-PT\",\"potentialAction\":[{\"@type\":\"ReadAction\",\"target\":[\"https:\\\/\\\/aliancaevangelica.pt\\\/site\\\/a-cevada-de-rute\\\/\"]}]},{\"@type\":\"ImageObject\",\"inLanguage\":\"pt-PT\",\"@id\":\"https:\\\/\\\/aliancaevangelica.pt\\\/site\\\/a-cevada-de-rute\\\/#primaryimage\",\"url\":\"https:\\\/\\\/aliancaevangelica.pt\\\/site\\\/wp-content\\\/uploads\\\/2021\\\/04\\\/Cevada.jpg\",\"contentUrl\":\"https:\\\/\\\/aliancaevangelica.pt\\\/site\\\/wp-content\\\/uploads\\\/2021\\\/04\\\/Cevada.jpg\",\"width\":474,\"height\":316},{\"@type\":\"BreadcrumbList\",\"@id\":\"https:\\\/\\\/aliancaevangelica.pt\\\/site\\\/a-cevada-de-rute\\\/#breadcrumb\",\"itemListElement\":[{\"@type\":\"ListItem\",\"position\":1,\"name\":\"In\u00edcio\",\"item\":\"https:\\\/\\\/aliancaevangelica.pt\\\/site\\\/\"},{\"@type\":\"ListItem\",\"position\":2,\"name\":\"A CEVADA DE RUTE\"}]},{\"@type\":\"WebSite\",\"@id\":\"https:\\\/\\\/aliancaevangelica.pt\\\/site\\\/#website\",\"url\":\"https:\\\/\\\/aliancaevangelica.pt\\\/site\\\/\",\"name\":\"Alian\u00e7a Evang\u00e9lica Portuguesa\",\"description\":\"Alian\u00e7a Evang\u00e9lica Portuguesa\",\"publisher\":{\"@id\":\"https:\\\/\\\/aliancaevangelica.pt\\\/site\\\/#organization\"},\"potentialAction\":[{\"@type\":\"SearchAction\",\"target\":{\"@type\":\"EntryPoint\",\"urlTemplate\":\"https:\\\/\\\/aliancaevangelica.pt\\\/site\\\/?s={search_term_string}\"},\"query-input\":{\"@type\":\"PropertyValueSpecification\",\"valueRequired\":true,\"valueName\":\"search_term_string\"}}],\"inLanguage\":\"pt-PT\"},{\"@type\":\"Organization\",\"@id\":\"https:\\\/\\\/aliancaevangelica.pt\\\/site\\\/#organization\",\"name\":\"Alian\u00e7a Evang\u00e9lica Portuguesa\",\"url\":\"https:\\\/\\\/aliancaevangelica.pt\\\/site\\\/\",\"logo\":{\"@type\":\"ImageObject\",\"inLanguage\":\"pt-PT\",\"@id\":\"https:\\\/\\\/aliancaevangelica.pt\\\/site\\\/#\\\/schema\\\/logo\\\/image\\\/\",\"url\":\"https:\\\/\\\/aliancaevangelica.pt\\\/site\\\/wp-content\\\/uploads\\\/2017\\\/11\\\/logo-AEP-cor.png\",\"contentUrl\":\"https:\\\/\\\/aliancaevangelica.pt\\\/site\\\/wp-content\\\/uploads\\\/2017\\\/11\\\/logo-AEP-cor.png\",\"width\":1156,\"height\":672,\"caption\":\"Alian\u00e7a Evang\u00e9lica Portuguesa\"},\"image\":{\"@id\":\"https:\\\/\\\/aliancaevangelica.pt\\\/site\\\/#\\\/schema\\\/logo\\\/image\\\/\"},\"sameAs\":[\"http:\\\/\\\/facebook.com\\\/aeportuguesa\",\"http:\\\/\\\/instagram.com\\\/aliancaep\",\"http:\\\/\\\/youtube.com\\\/aeportuguesa\"]},{\"@type\":\"Person\",\"@id\":\"https:\\\/\\\/aliancaevangelica.pt\\\/site\\\/#\\\/schema\\\/person\\\/3b47cfc7535eff1e820f31c2d67eafcf\",\"name\":\"AEP\",\"sameAs\":[\"aeportugal\"],\"url\":\"https:\\\/\\\/aliancaevangelica.pt\\\/site\\\/author\\\/aeportugal\\\/\"}]}<\/script>\n<!-- \/ Yoast SEO plugin. -->","yoast_head_json":{"title":"A CEVADA DE RUTE - AEP","robots":{"index":"index","follow":"follow","max-snippet":"max-snippet:-1","max-image-preview":"max-image-preview:large","max-video-preview":"max-video-preview:-1"},"canonical":"https:\/\/aliancaevangelica.pt\/site\/a-cevada-de-rute\/","og_locale":"pt_PT","og_type":"article","og_title":"A CEVADA DE RUTE - AEP","og_description":"\u201cDeixa-me colher e juntar espigas por entre os molhos ap\u00f3s os segadores.\u201d (Rute 2:7) Tenho pensado em Rute. Aflorou no meu pensamento quando pensava na imensa vulnerabilidade dos migrantes. Quando se d\u00e3o crises socioecon\u00f3micas em algum lugar, seguem-se movimentos migrat\u00f3rios dos locais onde escasseia o alimento, o emprego, o dinheiro, as oportunidades, a paz, a","og_url":"https:\/\/aliancaevangelica.pt\/site\/a-cevada-de-rute\/","og_site_name":"AEP","article_publisher":"http:\/\/facebook.com\/aeportuguesa","article_author":"aeportugal","article_published_time":"2021-04-16T08:30:00+00:00","og_image":[{"width":474,"height":316,"url":"https:\/\/aliancaevangelica.pt\/site\/wp-content\/uploads\/2021\/04\/Cevada.jpg","type":"image\/jpeg"}],"author":"AEP","twitter_card":"summary_large_image","twitter_misc":{"Escrito por":"AEP","Tempo estimado de leitura":"7 minutos"},"schema":{"@context":"https:\/\/schema.org","@graph":[{"@type":"Article","@id":"https:\/\/aliancaevangelica.pt\/site\/a-cevada-de-rute\/#article","isPartOf":{"@id":"https:\/\/aliancaevangelica.pt\/site\/a-cevada-de-rute\/"},"author":{"name":"AEP","@id":"https:\/\/aliancaevangelica.pt\/site\/#\/schema\/person\/3b47cfc7535eff1e820f31c2d67eafcf"},"headline":"A CEVADA DE RUTE","datePublished":"2021-04-16T08:30:00+00:00","mainEntityOfPage":{"@id":"https:\/\/aliancaevangelica.pt\/site\/a-cevada-de-rute\/"},"wordCount":1480,"commentCount":0,"publisher":{"@id":"https:\/\/aliancaevangelica.pt\/site\/#organization"},"image":{"@id":"https:\/\/aliancaevangelica.pt\/site\/a-cevada-de-rute\/#primaryimage"},"thumbnailUrl":"https:\/\/aliancaevangelica.pt\/site\/wp-content\/uploads\/2021\/04\/Cevada.jpg","articleSection":["1-Geral","MULHERES, CASAIS E FAM\u00cdLIA"],"inLanguage":"pt-PT","potentialAction":[{"@type":"CommentAction","name":"Comment","target":["https:\/\/aliancaevangelica.pt\/site\/a-cevada-de-rute\/#respond"]}]},{"@type":"WebPage","@id":"https:\/\/aliancaevangelica.pt\/site\/a-cevada-de-rute\/","url":"https:\/\/aliancaevangelica.pt\/site\/a-cevada-de-rute\/","name":"A CEVADA DE RUTE - AEP","isPartOf":{"@id":"https:\/\/aliancaevangelica.pt\/site\/#website"},"primaryImageOfPage":{"@id":"https:\/\/aliancaevangelica.pt\/site\/a-cevada-de-rute\/#primaryimage"},"image":{"@id":"https:\/\/aliancaevangelica.pt\/site\/a-cevada-de-rute\/#primaryimage"},"thumbnailUrl":"https:\/\/aliancaevangelica.pt\/site\/wp-content\/uploads\/2021\/04\/Cevada.jpg","datePublished":"2021-04-16T08:30:00+00:00","breadcrumb":{"@id":"https:\/\/aliancaevangelica.pt\/site\/a-cevada-de-rute\/#breadcrumb"},"inLanguage":"pt-PT","potentialAction":[{"@type":"ReadAction","target":["https:\/\/aliancaevangelica.pt\/site\/a-cevada-de-rute\/"]}]},{"@type":"ImageObject","inLanguage":"pt-PT","@id":"https:\/\/aliancaevangelica.pt\/site\/a-cevada-de-rute\/#primaryimage","url":"https:\/\/aliancaevangelica.pt\/site\/wp-content\/uploads\/2021\/04\/Cevada.jpg","contentUrl":"https:\/\/aliancaevangelica.pt\/site\/wp-content\/uploads\/2021\/04\/Cevada.jpg","width":474,"height":316},{"@type":"BreadcrumbList","@id":"https:\/\/aliancaevangelica.pt\/site\/a-cevada-de-rute\/#breadcrumb","itemListElement":[{"@type":"ListItem","position":1,"name":"In\u00edcio","item":"https:\/\/aliancaevangelica.pt\/site\/"},{"@type":"ListItem","position":2,"name":"A CEVADA DE RUTE"}]},{"@type":"WebSite","@id":"https:\/\/aliancaevangelica.pt\/site\/#website","url":"https:\/\/aliancaevangelica.pt\/site\/","name":"Alian\u00e7a Evang\u00e9lica Portuguesa","description":"Alian\u00e7a Evang\u00e9lica Portuguesa","publisher":{"@id":"https:\/\/aliancaevangelica.pt\/site\/#organization"},"potentialAction":[{"@type":"SearchAction","target":{"@type":"EntryPoint","urlTemplate":"https:\/\/aliancaevangelica.pt\/site\/?s={search_term_string}"},"query-input":{"@type":"PropertyValueSpecification","valueRequired":true,"valueName":"search_term_string"}}],"inLanguage":"pt-PT"},{"@type":"Organization","@id":"https:\/\/aliancaevangelica.pt\/site\/#organization","name":"Alian\u00e7a Evang\u00e9lica Portuguesa","url":"https:\/\/aliancaevangelica.pt\/site\/","logo":{"@type":"ImageObject","inLanguage":"pt-PT","@id":"https:\/\/aliancaevangelica.pt\/site\/#\/schema\/logo\/image\/","url":"https:\/\/aliancaevangelica.pt\/site\/wp-content\/uploads\/2017\/11\/logo-AEP-cor.png","contentUrl":"https:\/\/aliancaevangelica.pt\/site\/wp-content\/uploads\/2017\/11\/logo-AEP-cor.png","width":1156,"height":672,"caption":"Alian\u00e7a Evang\u00e9lica Portuguesa"},"image":{"@id":"https:\/\/aliancaevangelica.pt\/site\/#\/schema\/logo\/image\/"},"sameAs":["http:\/\/facebook.com\/aeportuguesa","http:\/\/instagram.com\/aliancaep","http:\/\/youtube.com\/aeportuguesa"]},{"@type":"Person","@id":"https:\/\/aliancaevangelica.pt\/site\/#\/schema\/person\/3b47cfc7535eff1e820f31c2d67eafcf","name":"AEP","sameAs":["aeportugal"],"url":"https:\/\/aliancaevangelica.pt\/site\/author\/aeportugal\/"}]}},"uagb_featured_image_src":{"full":["https:\/\/aliancaevangelica.pt\/site\/wp-content\/uploads\/2021\/04\/Cevada.jpg",474,316,false],"thumbnail":["https:\/\/aliancaevangelica.pt\/site\/wp-content\/uploads\/2021\/04\/Cevada-150x150.jpg",150,150,true],"medium":["https:\/\/aliancaevangelica.pt\/site\/wp-content\/uploads\/2021\/04\/Cevada-300x200.jpg",300,200,true],"medium_large":["https:\/\/aliancaevangelica.pt\/site\/wp-content\/uploads\/2021\/04\/Cevada.jpg",474,316,false],"large":["https:\/\/aliancaevangelica.pt\/site\/wp-content\/uploads\/2021\/04\/Cevada.jpg",474,316,false],"1536x1536":["https:\/\/aliancaevangelica.pt\/site\/wp-content\/uploads\/2021\/04\/Cevada.jpg",474,316,false],"2048x2048":["https:\/\/aliancaevangelica.pt\/site\/wp-content\/uploads\/2021\/04\/Cevada.jpg",474,316,false],"vp_sm":["https:\/\/aliancaevangelica.pt\/site\/wp-content\/uploads\/2021\/04\/Cevada.jpg",474,316,false],"vp_md":["https:\/\/aliancaevangelica.pt\/site\/wp-content\/uploads\/2021\/04\/Cevada.jpg",474,316,false],"vp_lg":["https:\/\/aliancaevangelica.pt\/site\/wp-content\/uploads\/2021\/04\/Cevada.jpg",474,316,false],"vp_xl":["https:\/\/aliancaevangelica.pt\/site\/wp-content\/uploads\/2021\/04\/Cevada.jpg",474,316,false],"vp_sm_popup":["https:\/\/aliancaevangelica.pt\/site\/wp-content\/uploads\/2021\/04\/Cevada.jpg",474,316,false],"vp_md_popup":["https:\/\/aliancaevangelica.pt\/site\/wp-content\/uploads\/2021\/04\/Cevada.jpg",474,316,false],"vp_xl_popup":["https:\/\/aliancaevangelica.pt\/site\/wp-content\/uploads\/2021\/04\/Cevada.jpg",474,316,false],"newsx-150x100":["https:\/\/aliancaevangelica.pt\/site\/wp-content\/uploads\/2021\/04\/Cevada.jpg",150,100,false],"newsx-330x220":["https:\/\/aliancaevangelica.pt\/site\/wp-content\/uploads\/2021\/04\/Cevada.jpg",330,220,false],"newsx-420x280":["https:\/\/aliancaevangelica.pt\/site\/wp-content\/uploads\/2021\/04\/Cevada.jpg",420,280,false],"newsx-510x340":["https:\/\/aliancaevangelica.pt\/site\/wp-content\/uploads\/2021\/04\/Cevada.jpg",474,316,false],"newsx-640x480":["https:\/\/aliancaevangelica.pt\/site\/wp-content\/uploads\/2021\/04\/Cevada.jpg",474,316,false],"newsx-670x370":["https:\/\/aliancaevangelica.pt\/site\/wp-content\/uploads\/2021\/04\/Cevada.jpg",474,316,false],"newsx-860x570":["https:\/\/aliancaevangelica.pt\/site\/wp-content\/uploads\/2021\/04\/Cevada.jpg",474,316,false],"newsx-1000x750":["https:\/\/aliancaevangelica.pt\/site\/wp-content\/uploads\/2021\/04\/Cevada.jpg",474,316,false],"newsx-1200x600":["https:\/\/aliancaevangelica.pt\/site\/wp-content\/uploads\/2021\/04\/Cevada.jpg",474,316,false]},"uagb_author_info":{"display_name":"AEP","author_link":"https:\/\/aliancaevangelica.pt\/site\/author\/aeportugal\/"},"uagb_comment_info":0,"uagb_excerpt":"\u201cDeixa-me colher e juntar espigas por entre os molhos ap\u00f3s os segadores.\u201d (Rute 2:7) Tenho pensado em Rute. Aflorou no meu pensamento quando pensava na imensa vulnerabilidade dos migrantes. Quando se d\u00e3o crises socioecon\u00f3micas em algum lugar, seguem-se movimentos migrat\u00f3rios dos locais onde escasseia o alimento, o emprego, o dinheiro, as oportunidades, a paz, a","_links":{"self":[{"href":"https:\/\/aliancaevangelica.pt\/site\/wp-json\/wp\/v2\/posts\/18885","targetHints":{"allow":["GET"]}}],"collection":[{"href":"https:\/\/aliancaevangelica.pt\/site\/wp-json\/wp\/v2\/posts"}],"about":[{"href":"https:\/\/aliancaevangelica.pt\/site\/wp-json\/wp\/v2\/types\/post"}],"author":[{"embeddable":true,"href":"https:\/\/aliancaevangelica.pt\/site\/wp-json\/wp\/v2\/users\/2"}],"replies":[{"embeddable":true,"href":"https:\/\/aliancaevangelica.pt\/site\/wp-json\/wp\/v2\/comments?post=18885"}],"version-history":[{"count":7,"href":"https:\/\/aliancaevangelica.pt\/site\/wp-json\/wp\/v2\/posts\/18885\/revisions"}],"predecessor-version":[{"id":18893,"href":"https:\/\/aliancaevangelica.pt\/site\/wp-json\/wp\/v2\/posts\/18885\/revisions\/18893"}],"wp:featuredmedia":[{"embeddable":true,"href":"https:\/\/aliancaevangelica.pt\/site\/wp-json\/wp\/v2\/media\/18887"}],"wp:attachment":[{"href":"https:\/\/aliancaevangelica.pt\/site\/wp-json\/wp\/v2\/media?parent=18885"}],"wp:term":[{"taxonomy":"category","embeddable":true,"href":"https:\/\/aliancaevangelica.pt\/site\/wp-json\/wp\/v2\/categories?post=18885"},{"taxonomy":"post_tag","embeddable":true,"href":"https:\/\/aliancaevangelica.pt\/site\/wp-json\/wp\/v2\/tags?post=18885"}],"curies":[{"name":"wp","href":"https:\/\/api.w.org\/{rel}","templated":true}]}}