{"id":18862,"date":"2021-04-09T12:02:26","date_gmt":"2021-04-09T12:02:26","guid":{"rendered":"https:\/\/aliancaevangelica.pt\/site\/?p=18862"},"modified":"2021-04-09T13:20:06","modified_gmt":"2021-04-09T13:20:06","slug":"paixao-global-2030","status":"publish","type":"post","link":"https:\/\/aliancaevangelica.pt\/site\/paixao-global-2030\/","title":{"rendered":"Paix\u00e3o Global 2030"},"content":{"rendered":"\n<p>O mundo est\u00e1 em mudan\u00e7a. Perante todos os desafios da atualidade, como trazer esperan\u00e7a e \u00e2nimo a quem est\u00e1 cansado e preocupado? Como mostrar amor ao pr\u00f3ximo? Como \u00e9 que podemos ser uma igreja relevante na comunidade, nos dias de hoje? A pensar em todas estas quest\u00f5es, nasceu o projeto \u201cPaix\u00e3o Global 2030\u201d, baseado no desafio de Amar a Deus e ao pr\u00f3ximo.<\/p>\n\n\n\n<p>Trata-se de uma iniciativa mission\u00e1ria da Alian\u00e7a Evang\u00e9lica Portuguesa \u2013 AEP, em parceria com a Miss\u00e3o Evang\u00e9lica Intercultural \u2013 MEVIC, que pretende chamar o povo crist\u00e3o de volta \u00e0 paix\u00e3o por Cristo e \u00e0 compaix\u00e3o pelos perdidos e pelos que sofrem nos pa\u00edses de l\u00edngua oficial portuguesa, e n\u00e3o s\u00f3. A partir deste resgate da paix\u00e3o e da compaix\u00e3o, e com base na ora\u00e7\u00e3o constante, pretende-se motivar e mobilizar a comunidade evang\u00e9lica lus\u00f3fona para a planta\u00e7\u00e3o e revitaliza\u00e7\u00e3o de igrejas, ao despertamento de lideran\u00e7a jovem, \u00e0 abordagem e colabora\u00e7\u00e3o multiculturais e outros assuntos com relev\u00e2ncia para a expans\u00e3o do Reino de Deus.<\/p>\n\n\n\n<p>Haver\u00e1 uma pr\u00e9-confer\u00eancia a 17 de abril. J\u00e1 a confer\u00eancia de lan\u00e7amento acontecer\u00e1 no dia 24 de Abril de 2021, a partir das 11h. Ser\u00e1 um evento online e gratuito, aberto para todos os crist\u00e3os de todas as idades. Contar\u00e1 com diferentes plen\u00e1rias, debates, workshops e ainda com um concerto para celebrar a Lusofonia.<\/p>\n\n\n\n<figure class=\"wp-block-image size-large\"><img loading=\"lazy\" decoding=\"async\" width=\"1024\" height=\"759\" src=\"https:\/\/aliancaevangelica.pt\/site\/wp-content\/uploads\/2021\/03\/WhatsApp-Image-2021-04-07-at-16.56.03-1024x759.jpeg\" alt=\"\" class=\"wp-image-18857\" srcset=\"https:\/\/aliancaevangelica.pt\/site\/wp-content\/uploads\/2021\/03\/WhatsApp-Image-2021-04-07-at-16.56.03-1024x759.jpeg 1024w, https:\/\/aliancaevangelica.pt\/site\/wp-content\/uploads\/2021\/03\/WhatsApp-Image-2021-04-07-at-16.56.03-300x223.jpeg 300w, https:\/\/aliancaevangelica.pt\/site\/wp-content\/uploads\/2021\/03\/WhatsApp-Image-2021-04-07-at-16.56.03-768x570.jpeg 768w, https:\/\/aliancaevangelica.pt\/site\/wp-content\/uploads\/2021\/03\/WhatsApp-Image-2021-04-07-at-16.56.03-1536x1139.jpeg 1536w, https:\/\/aliancaevangelica.pt\/site\/wp-content\/uploads\/2021\/03\/WhatsApp-Image-2021-04-07-at-16.56.03.jpeg 1920w\" sizes=\"auto, (max-width: 1024px) 100vw, 1024px\" \/><\/figure>\n\n\n\n<p>O link para inscri\u00e7\u00e3o na Confer\u00eancia \u00e9: <br>Logo em seguida receber\u00e1 emails com as indica\u00e7\u00f5es de como poder\u00e1 registar-se nos workshops da sua prefer\u00eancia ou paix\u00e3o e de como participar na pr\u00e9-Confer\u00eancia do dia 17\/4.<\/p>\n\n\n\n<p>Haver\u00e1 tamb\u00e9m v\u00e1rios programas opcionais de mentoria anual, correspondentes ao tema de cada workshop. Recomendamos a participa\u00e7\u00e3o de cada crist\u00e3o em um deles.<\/p>\n\n\n\n<p>Mais info em <a href=\"http:\/\/www.paixaoglobal2030.com\" data-type=\"URL\" data-id=\"www.paixaoglobal2030.com\">paixaoglobal2030.com<\/a><\/p>\n\n\n\n<p>Fica o desafio para se envolver, desde j\u00e1, connosco neste projeto mission\u00e1rio &#8220;Paix\u00e3o Global 2030&#8221;!<\/p>\n\n\n\n<figure class=\"wp-block-gallery columns-1 is-cropped wp-block-gallery-1 is-layout-flex wp-block-gallery-is-layout-flex\"><ul class=\"blocks-gallery-grid\"><li class=\"blocks-gallery-item\"><figure><img decoding=\"async\" src=\"https:\/\/aliancaevangelica.pt\/site\/wp-content\/uploads\/2021\/03\/WhatsApp-Image-2021-04-07-at-16.56.15-1-1013x1024.jpeg\" alt=\"\" data-id=\"18859\" data-full-url=\"https:\/\/aliancaevangelica.pt\/site\/wp-content\/uploads\/2021\/03\/WhatsApp-Image-2021-04-07-at-16.56.15-1.jpeg\" data-link=\"https:\/\/aliancaevangelica.pt\/site\/eventos\/conferencia-paixao-global-2030-24-abril\/whatsapp-image-2021-04-07-at-16-56-15-2\/\" class=\"wp-image-18859\"\/><\/figure><\/li><\/ul><\/figure>\n","protected":false},"excerpt":{"rendered":"<p>O mundo est\u00e1 em mudan\u00e7a. Perante todos os desafios da atualidade, como trazer esperan\u00e7a e \u00e2nimo a quem est\u00e1 cansado e preocupado? Como mostrar amor ao pr\u00f3ximo? Como \u00e9 que<\/p>\n","protected":false},"author":2,"featured_media":18771,"comment_status":"open","ping_status":"open","sticky":false,"template":"","format":"standard","meta":{"_uag_custom_page_level_css":"","_themeisle_gutenberg_block_has_review":false,"_vp_format_video_url":"","_vp_image_focal_point":[],"footnotes":""},"categories":[45,3,2,46,7],"tags":[],"class_list":["post-18862","post","type-post","status-publish","format-standard","has-post-thumbnail","hentry","category-geral","category-artigos-gerais","category-anuncios","category-eventos","category-noticias"],"yoast_head":"<!-- This site is optimized with the Yoast SEO plugin v27.5 - https:\/\/yoast.com\/product\/yoast-seo-wordpress\/ -->\n<title>Paix\u00e3o Global 2030 - AEP<\/title>\n<meta name=\"robots\" content=\"index, follow, max-snippet:-1, max-image-preview:large, max-video-preview:-1\" \/>\n<link rel=\"canonical\" href=\"https:\/\/aliancaevangelica.pt\/site\/paixao-global-2030\/\" \/>\n<meta property=\"og:locale\" content=\"pt_PT\" \/>\n<meta property=\"og:type\" content=\"article\" \/>\n<meta property=\"og:title\" content=\"Paix\u00e3o Global 2030 - AEP\" \/>\n<meta property=\"og:description\" content=\"O mundo est\u00e1 em mudan\u00e7a. Perante todos os desafios da atualidade, como trazer esperan\u00e7a e \u00e2nimo a quem est\u00e1 cansado e preocupado? Como mostrar amor ao pr\u00f3ximo? Como \u00e9 que\" \/>\n<meta property=\"og:url\" content=\"https:\/\/aliancaevangelica.pt\/site\/paixao-global-2030\/\" \/>\n<meta property=\"og:site_name\" content=\"AEP\" \/>\n<meta property=\"article:publisher\" content=\"http:\/\/facebook.com\/aeportuguesa\" \/>\n<meta property=\"article:author\" content=\"aeportugal\" \/>\n<meta property=\"article:published_time\" content=\"2021-04-09T12:02:26+00:00\" \/>\n<meta property=\"article:modified_time\" content=\"2021-04-09T13:20:06+00:00\" \/>\n<meta property=\"og:image\" content=\"https:\/\/aliancaevangelica.pt\/site\/wp-content\/uploads\/2021\/03\/Captura-de-ecra\u0303-2021-03-16-a\u0300s-15.27.26-1.png\" \/>\n\t<meta property=\"og:image:width\" content=\"797\" \/>\n\t<meta property=\"og:image:height\" content=\"1129\" \/>\n\t<meta property=\"og:image:type\" content=\"image\/png\" \/>\n<meta name=\"author\" content=\"AEP\" \/>\n<meta name=\"twitter:card\" content=\"summary_large_image\" \/>\n<meta name=\"twitter:label1\" content=\"Escrito por\" \/>\n\t<meta name=\"twitter:data1\" content=\"AEP\" \/>\n\t<meta name=\"twitter:label2\" content=\"Tempo estimado de leitura\" \/>\n\t<meta name=\"twitter:data2\" content=\"2 minutos\" \/>\n<script type=\"application\/ld+json\" class=\"yoast-schema-graph\">{\"@context\":\"https:\\\/\\\/schema.org\",\"@graph\":[{\"@type\":\"Article\",\"@id\":\"https:\\\/\\\/aliancaevangelica.pt\\\/site\\\/paixao-global-2030\\\/#article\",\"isPartOf\":{\"@id\":\"https:\\\/\\\/aliancaevangelica.pt\\\/site\\\/paixao-global-2030\\\/\"},\"author\":{\"name\":\"AEP\",\"@id\":\"https:\\\/\\\/aliancaevangelica.pt\\\/site\\\/#\\\/schema\\\/person\\\/3b47cfc7535eff1e820f31c2d67eafcf\"},\"headline\":\"Paix\u00e3o Global 2030\",\"datePublished\":\"2021-04-09T12:02:26+00:00\",\"dateModified\":\"2021-04-09T13:20:06+00:00\",\"mainEntityOfPage\":{\"@id\":\"https:\\\/\\\/aliancaevangelica.pt\\\/site\\\/paixao-global-2030\\\/\"},\"wordCount\":334,\"commentCount\":0,\"publisher\":{\"@id\":\"https:\\\/\\\/aliancaevangelica.pt\\\/site\\\/#organization\"},\"image\":{\"@id\":\"https:\\\/\\\/aliancaevangelica.pt\\\/site\\\/paixao-global-2030\\\/#primaryimage\"},\"thumbnailUrl\":\"https:\\\/\\\/aliancaevangelica.pt\\\/site\\\/wp-content\\\/uploads\\\/2021\\\/03\\\/Captura-de-ecra\u0303-2021-03-16-a\u0300s-15.27.26-1.png\",\"articleSection\":[\"1-Geral\",\"2-Artigos Gerais\",\"4-An\u00fancios\",\"Eventos\",\"Not\u00edcias\"],\"inLanguage\":\"pt-PT\",\"potentialAction\":[{\"@type\":\"CommentAction\",\"name\":\"Comment\",\"target\":[\"https:\\\/\\\/aliancaevangelica.pt\\\/site\\\/paixao-global-2030\\\/#respond\"]}]},{\"@type\":\"WebPage\",\"@id\":\"https:\\\/\\\/aliancaevangelica.pt\\\/site\\\/paixao-global-2030\\\/\",\"url\":\"https:\\\/\\\/aliancaevangelica.pt\\\/site\\\/paixao-global-2030\\\/\",\"name\":\"Paix\u00e3o Global 2030 - AEP\",\"isPartOf\":{\"@id\":\"https:\\\/\\\/aliancaevangelica.pt\\\/site\\\/#website\"},\"primaryImageOfPage\":{\"@id\":\"https:\\\/\\\/aliancaevangelica.pt\\\/site\\\/paixao-global-2030\\\/#primaryimage\"},\"image\":{\"@id\":\"https:\\\/\\\/aliancaevangelica.pt\\\/site\\\/paixao-global-2030\\\/#primaryimage\"},\"thumbnailUrl\":\"https:\\\/\\\/aliancaevangelica.pt\\\/site\\\/wp-content\\\/uploads\\\/2021\\\/03\\\/Captura-de-ecra\u0303-2021-03-16-a\u0300s-15.27.26-1.png\",\"datePublished\":\"2021-04-09T12:02:26+00:00\",\"dateModified\":\"2021-04-09T13:20:06+00:00\",\"breadcrumb\":{\"@id\":\"https:\\\/\\\/aliancaevangelica.pt\\\/site\\\/paixao-global-2030\\\/#breadcrumb\"},\"inLanguage\":\"pt-PT\",\"potentialAction\":[{\"@type\":\"ReadAction\",\"target\":[\"https:\\\/\\\/aliancaevangelica.pt\\\/site\\\/paixao-global-2030\\\/\"]}]},{\"@type\":\"ImageObject\",\"inLanguage\":\"pt-PT\",\"@id\":\"https:\\\/\\\/aliancaevangelica.pt\\\/site\\\/paixao-global-2030\\\/#primaryimage\",\"url\":\"https:\\\/\\\/aliancaevangelica.pt\\\/site\\\/wp-content\\\/uploads\\\/2021\\\/03\\\/Captura-de-ecra\u0303-2021-03-16-a\u0300s-15.27.26-1.png\",\"contentUrl\":\"https:\\\/\\\/aliancaevangelica.pt\\\/site\\\/wp-content\\\/uploads\\\/2021\\\/03\\\/Captura-de-ecra\u0303-2021-03-16-a\u0300s-15.27.26-1.png\",\"width\":797,\"height\":1129},{\"@type\":\"BreadcrumbList\",\"@id\":\"https:\\\/\\\/aliancaevangelica.pt\\\/site\\\/paixao-global-2030\\\/#breadcrumb\",\"itemListElement\":[{\"@type\":\"ListItem\",\"position\":1,\"name\":\"In\u00edcio\",\"item\":\"https:\\\/\\\/aliancaevangelica.pt\\\/site\\\/\"},{\"@type\":\"ListItem\",\"position\":2,\"name\":\"Paix\u00e3o Global 2030\"}]},{\"@type\":\"WebSite\",\"@id\":\"https:\\\/\\\/aliancaevangelica.pt\\\/site\\\/#website\",\"url\":\"https:\\\/\\\/aliancaevangelica.pt\\\/site\\\/\",\"name\":\"Alian\u00e7a Evang\u00e9lica Portuguesa\",\"description\":\"Alian\u00e7a Evang\u00e9lica Portuguesa\",\"publisher\":{\"@id\":\"https:\\\/\\\/aliancaevangelica.pt\\\/site\\\/#organization\"},\"potentialAction\":[{\"@type\":\"SearchAction\",\"target\":{\"@type\":\"EntryPoint\",\"urlTemplate\":\"https:\\\/\\\/aliancaevangelica.pt\\\/site\\\/?s={search_term_string}\"},\"query-input\":{\"@type\":\"PropertyValueSpecification\",\"valueRequired\":true,\"valueName\":\"search_term_string\"}}],\"inLanguage\":\"pt-PT\"},{\"@type\":\"Organization\",\"@id\":\"https:\\\/\\\/aliancaevangelica.pt\\\/site\\\/#organization\",\"name\":\"Alian\u00e7a Evang\u00e9lica Portuguesa\",\"url\":\"https:\\\/\\\/aliancaevangelica.pt\\\/site\\\/\",\"logo\":{\"@type\":\"ImageObject\",\"inLanguage\":\"pt-PT\",\"@id\":\"https:\\\/\\\/aliancaevangelica.pt\\\/site\\\/#\\\/schema\\\/logo\\\/image\\\/\",\"url\":\"https:\\\/\\\/aliancaevangelica.pt\\\/site\\\/wp-content\\\/uploads\\\/2017\\\/11\\\/logo-AEP-cor.png\",\"contentUrl\":\"https:\\\/\\\/aliancaevangelica.pt\\\/site\\\/wp-content\\\/uploads\\\/2017\\\/11\\\/logo-AEP-cor.png\",\"width\":1156,\"height\":672,\"caption\":\"Alian\u00e7a Evang\u00e9lica Portuguesa\"},\"image\":{\"@id\":\"https:\\\/\\\/aliancaevangelica.pt\\\/site\\\/#\\\/schema\\\/logo\\\/image\\\/\"},\"sameAs\":[\"http:\\\/\\\/facebook.com\\\/aeportuguesa\",\"http:\\\/\\\/instagram.com\\\/aliancaep\",\"http:\\\/\\\/youtube.com\\\/aeportuguesa\"]},{\"@type\":\"Person\",\"@id\":\"https:\\\/\\\/aliancaevangelica.pt\\\/site\\\/#\\\/schema\\\/person\\\/3b47cfc7535eff1e820f31c2d67eafcf\",\"name\":\"AEP\",\"sameAs\":[\"aeportugal\"],\"url\":\"https:\\\/\\\/aliancaevangelica.pt\\\/site\\\/author\\\/aeportugal\\\/\"}]}<\/script>\n<!-- \/ Yoast SEO plugin. -->","yoast_head_json":{"title":"Paix\u00e3o Global 2030 - AEP","robots":{"index":"index","follow":"follow","max-snippet":"max-snippet:-1","max-image-preview":"max-image-preview:large","max-video-preview":"max-video-preview:-1"},"canonical":"https:\/\/aliancaevangelica.pt\/site\/paixao-global-2030\/","og_locale":"pt_PT","og_type":"article","og_title":"Paix\u00e3o Global 2030 - AEP","og_description":"O mundo est\u00e1 em mudan\u00e7a. Perante todos os desafios da atualidade, como trazer esperan\u00e7a e \u00e2nimo a quem est\u00e1 cansado e preocupado? Como mostrar amor ao pr\u00f3ximo? Como \u00e9 que","og_url":"https:\/\/aliancaevangelica.pt\/site\/paixao-global-2030\/","og_site_name":"AEP","article_publisher":"http:\/\/facebook.com\/aeportuguesa","article_author":"aeportugal","article_published_time":"2021-04-09T12:02:26+00:00","article_modified_time":"2021-04-09T13:20:06+00:00","og_image":[{"width":797,"height":1129,"url":"https:\/\/aliancaevangelica.pt\/site\/wp-content\/uploads\/2021\/03\/Captura-de-ecra\u0303-2021-03-16-a\u0300s-15.27.26-1.png","type":"image\/png"}],"author":"AEP","twitter_card":"summary_large_image","twitter_misc":{"Escrito por":"AEP","Tempo estimado de leitura":"2 minutos"},"schema":{"@context":"https:\/\/schema.org","@graph":[{"@type":"Article","@id":"https:\/\/aliancaevangelica.pt\/site\/paixao-global-2030\/#article","isPartOf":{"@id":"https:\/\/aliancaevangelica.pt\/site\/paixao-global-2030\/"},"author":{"name":"AEP","@id":"https:\/\/aliancaevangelica.pt\/site\/#\/schema\/person\/3b47cfc7535eff1e820f31c2d67eafcf"},"headline":"Paix\u00e3o Global 2030","datePublished":"2021-04-09T12:02:26+00:00","dateModified":"2021-04-09T13:20:06+00:00","mainEntityOfPage":{"@id":"https:\/\/aliancaevangelica.pt\/site\/paixao-global-2030\/"},"wordCount":334,"commentCount":0,"publisher":{"@id":"https:\/\/aliancaevangelica.pt\/site\/#organization"},"image":{"@id":"https:\/\/aliancaevangelica.pt\/site\/paixao-global-2030\/#primaryimage"},"thumbnailUrl":"https:\/\/aliancaevangelica.pt\/site\/wp-content\/uploads\/2021\/03\/Captura-de-ecra\u0303-2021-03-16-a\u0300s-15.27.26-1.png","articleSection":["1-Geral","2-Artigos Gerais","4-An\u00fancios","Eventos","Not\u00edcias"],"inLanguage":"pt-PT","potentialAction":[{"@type":"CommentAction","name":"Comment","target":["https:\/\/aliancaevangelica.pt\/site\/paixao-global-2030\/#respond"]}]},{"@type":"WebPage","@id":"https:\/\/aliancaevangelica.pt\/site\/paixao-global-2030\/","url":"https:\/\/aliancaevangelica.pt\/site\/paixao-global-2030\/","name":"Paix\u00e3o Global 2030 - AEP","isPartOf":{"@id":"https:\/\/aliancaevangelica.pt\/site\/#website"},"primaryImageOfPage":{"@id":"https:\/\/aliancaevangelica.pt\/site\/paixao-global-2030\/#primaryimage"},"image":{"@id":"https:\/\/aliancaevangelica.pt\/site\/paixao-global-2030\/#primaryimage"},"thumbnailUrl":"https:\/\/aliancaevangelica.pt\/site\/wp-content\/uploads\/2021\/03\/Captura-de-ecra\u0303-2021-03-16-a\u0300s-15.27.26-1.png","datePublished":"2021-04-09T12:02:26+00:00","dateModified":"2021-04-09T13:20:06+00:00","breadcrumb":{"@id":"https:\/\/aliancaevangelica.pt\/site\/paixao-global-2030\/#breadcrumb"},"inLanguage":"pt-PT","potentialAction":[{"@type":"ReadAction","target":["https:\/\/aliancaevangelica.pt\/site\/paixao-global-2030\/"]}]},{"@type":"ImageObject","inLanguage":"pt-PT","@id":"https:\/\/aliancaevangelica.pt\/site\/paixao-global-2030\/#primaryimage","url":"https:\/\/aliancaevangelica.pt\/site\/wp-content\/uploads\/2021\/03\/Captura-de-ecra\u0303-2021-03-16-a\u0300s-15.27.26-1.png","contentUrl":"https:\/\/aliancaevangelica.pt\/site\/wp-content\/uploads\/2021\/03\/Captura-de-ecra\u0303-2021-03-16-a\u0300s-15.27.26-1.png","width":797,"height":1129},{"@type":"BreadcrumbList","@id":"https:\/\/aliancaevangelica.pt\/site\/paixao-global-2030\/#breadcrumb","itemListElement":[{"@type":"ListItem","position":1,"name":"In\u00edcio","item":"https:\/\/aliancaevangelica.pt\/site\/"},{"@type":"ListItem","position":2,"name":"Paix\u00e3o Global 2030"}]},{"@type":"WebSite","@id":"https:\/\/aliancaevangelica.pt\/site\/#website","url":"https:\/\/aliancaevangelica.pt\/site\/","name":"Alian\u00e7a Evang\u00e9lica Portuguesa","description":"Alian\u00e7a Evang\u00e9lica Portuguesa","publisher":{"@id":"https:\/\/aliancaevangelica.pt\/site\/#organization"},"potentialAction":[{"@type":"SearchAction","target":{"@type":"EntryPoint","urlTemplate":"https:\/\/aliancaevangelica.pt\/site\/?s={search_term_string}"},"query-input":{"@type":"PropertyValueSpecification","valueRequired":true,"valueName":"search_term_string"}}],"inLanguage":"pt-PT"},{"@type":"Organization","@id":"https:\/\/aliancaevangelica.pt\/site\/#organization","name":"Alian\u00e7a Evang\u00e9lica Portuguesa","url":"https:\/\/aliancaevangelica.pt\/site\/","logo":{"@type":"ImageObject","inLanguage":"pt-PT","@id":"https:\/\/aliancaevangelica.pt\/site\/#\/schema\/logo\/image\/","url":"https:\/\/aliancaevangelica.pt\/site\/wp-content\/uploads\/2017\/11\/logo-AEP-cor.png","contentUrl":"https:\/\/aliancaevangelica.pt\/site\/wp-content\/uploads\/2017\/11\/logo-AEP-cor.png","width":1156,"height":672,"caption":"Alian\u00e7a Evang\u00e9lica Portuguesa"},"image":{"@id":"https:\/\/aliancaevangelica.pt\/site\/#\/schema\/logo\/image\/"},"sameAs":["http:\/\/facebook.com\/aeportuguesa","http:\/\/instagram.com\/aliancaep","http:\/\/youtube.com\/aeportuguesa"]},{"@type":"Person","@id":"https:\/\/aliancaevangelica.pt\/site\/#\/schema\/person\/3b47cfc7535eff1e820f31c2d67eafcf","name":"AEP","sameAs":["aeportugal"],"url":"https:\/\/aliancaevangelica.pt\/site\/author\/aeportugal\/"}]}},"uagb_featured_image_src":{"full":["https:\/\/aliancaevangelica.pt\/site\/wp-content\/uploads\/2021\/03\/Captura-de-ecra\u0303-2021-03-16-a\u0300s-15.27.26-1.png",797,1129,false],"thumbnail":["https:\/\/aliancaevangelica.pt\/site\/wp-content\/uploads\/2021\/03\/Captura-de-ecra\u0303-2021-03-16-a\u0300s-15.27.26-1-150x150.png",150,150,true],"medium":["https:\/\/aliancaevangelica.pt\/site\/wp-content\/uploads\/2021\/03\/Captura-de-ecra\u0303-2021-03-16-a\u0300s-15.27.26-1-212x300.png",212,300,true],"medium_large":["https:\/\/aliancaevangelica.pt\/site\/wp-content\/uploads\/2021\/03\/Captura-de-ecra\u0303-2021-03-16-a\u0300s-15.27.26-1-768x1088.png",768,1088,true],"large":["https:\/\/aliancaevangelica.pt\/site\/wp-content\/uploads\/2021\/03\/Captura-de-ecra\u0303-2021-03-16-a\u0300s-15.27.26-1-723x1024.png",723,1024,true],"1536x1536":["https:\/\/aliancaevangelica.pt\/site\/wp-content\/uploads\/2021\/03\/Captura-de-ecra\u0303-2021-03-16-a\u0300s-15.27.26-1.png",797,1129,false],"2048x2048":["https:\/\/aliancaevangelica.pt\/site\/wp-content\/uploads\/2021\/03\/Captura-de-ecra\u0303-2021-03-16-a\u0300s-15.27.26-1.png",797,1129,false],"vp_sm":["https:\/\/aliancaevangelica.pt\/site\/wp-content\/uploads\/2021\/03\/Captura-de-ecra\u0303-2021-03-16-a\u0300s-15.27.26-1.png",500,708,false],"vp_md":["https:\/\/aliancaevangelica.pt\/site\/wp-content\/uploads\/2021\/03\/Captura-de-ecra\u0303-2021-03-16-a\u0300s-15.27.26-1.png",797,1129,false],"vp_lg":["https:\/\/aliancaevangelica.pt\/site\/wp-content\/uploads\/2021\/03\/Captura-de-ecra\u0303-2021-03-16-a\u0300s-15.27.26-1.png",797,1129,false],"vp_xl":["https:\/\/aliancaevangelica.pt\/site\/wp-content\/uploads\/2021\/03\/Captura-de-ecra\u0303-2021-03-16-a\u0300s-15.27.26-1.png",797,1129,false],"vp_sm_popup":["https:\/\/aliancaevangelica.pt\/site\/wp-content\/uploads\/2021\/03\/Captura-de-ecra\u0303-2021-03-16-a\u0300s-15.27.26-1.png",500,708,false],"vp_md_popup":["https:\/\/aliancaevangelica.pt\/site\/wp-content\/uploads\/2021\/03\/Captura-de-ecra\u0303-2021-03-16-a\u0300s-15.27.26-1.png",797,1129,false],"vp_xl_popup":["https:\/\/aliancaevangelica.pt\/site\/wp-content\/uploads\/2021\/03\/Captura-de-ecra\u0303-2021-03-16-a\u0300s-15.27.26-1.png",797,1129,false],"newsx-150x100":["https:\/\/aliancaevangelica.pt\/site\/wp-content\/uploads\/2021\/03\/Captura-de-ecra\u0303-2021-03-16-a\u0300s-15.27.26-1.png",71,100,false],"newsx-330x220":["https:\/\/aliancaevangelica.pt\/site\/wp-content\/uploads\/2021\/03\/Captura-de-ecra\u0303-2021-03-16-a\u0300s-15.27.26-1.png",155,220,false],"newsx-420x280":["https:\/\/aliancaevangelica.pt\/site\/wp-content\/uploads\/2021\/03\/Captura-de-ecra\u0303-2021-03-16-a\u0300s-15.27.26-1.png",198,280,false],"newsx-510x340":["https:\/\/aliancaevangelica.pt\/site\/wp-content\/uploads\/2021\/03\/Captura-de-ecra\u0303-2021-03-16-a\u0300s-15.27.26-1.png",240,340,false],"newsx-640x480":["https:\/\/aliancaevangelica.pt\/site\/wp-content\/uploads\/2021\/03\/Captura-de-ecra\u0303-2021-03-16-a\u0300s-15.27.26-1.png",339,480,false],"newsx-670x370":["https:\/\/aliancaevangelica.pt\/site\/wp-content\/uploads\/2021\/03\/Captura-de-ecra\u0303-2021-03-16-a\u0300s-15.27.26-1.png",261,370,false],"newsx-860x570":["https:\/\/aliancaevangelica.pt\/site\/wp-content\/uploads\/2021\/03\/Captura-de-ecra\u0303-2021-03-16-a\u0300s-15.27.26-1.png",402,570,false],"newsx-1000x750":["https:\/\/aliancaevangelica.pt\/site\/wp-content\/uploads\/2021\/03\/Captura-de-ecra\u0303-2021-03-16-a\u0300s-15.27.26-1.png",529,750,false],"newsx-1200x600":["https:\/\/aliancaevangelica.pt\/site\/wp-content\/uploads\/2021\/03\/Captura-de-ecra\u0303-2021-03-16-a\u0300s-15.27.26-1.png",424,600,false]},"uagb_author_info":{"display_name":"AEP","author_link":"https:\/\/aliancaevangelica.pt\/site\/author\/aeportugal\/"},"uagb_comment_info":0,"uagb_excerpt":"O mundo est\u00e1 em mudan\u00e7a. Perante todos os desafios da atualidade, como trazer esperan\u00e7a e \u00e2nimo a quem est\u00e1 cansado e preocupado? Como mostrar amor ao pr\u00f3ximo? Como \u00e9 que","_links":{"self":[{"href":"https:\/\/aliancaevangelica.pt\/site\/wp-json\/wp\/v2\/posts\/18862","targetHints":{"allow":["GET"]}}],"collection":[{"href":"https:\/\/aliancaevangelica.pt\/site\/wp-json\/wp\/v2\/posts"}],"about":[{"href":"https:\/\/aliancaevangelica.pt\/site\/wp-json\/wp\/v2\/types\/post"}],"author":[{"embeddable":true,"href":"https:\/\/aliancaevangelica.pt\/site\/wp-json\/wp\/v2\/users\/2"}],"replies":[{"embeddable":true,"href":"https:\/\/aliancaevangelica.pt\/site\/wp-json\/wp\/v2\/comments?post=18862"}],"version-history":[{"count":2,"href":"https:\/\/aliancaevangelica.pt\/site\/wp-json\/wp\/v2\/posts\/18862\/revisions"}],"predecessor-version":[{"id":18878,"href":"https:\/\/aliancaevangelica.pt\/site\/wp-json\/wp\/v2\/posts\/18862\/revisions\/18878"}],"wp:featuredmedia":[{"embeddable":true,"href":"https:\/\/aliancaevangelica.pt\/site\/wp-json\/wp\/v2\/media\/18771"}],"wp:attachment":[{"href":"https:\/\/aliancaevangelica.pt\/site\/wp-json\/wp\/v2\/media?parent=18862"}],"wp:term":[{"taxonomy":"category","embeddable":true,"href":"https:\/\/aliancaevangelica.pt\/site\/wp-json\/wp\/v2\/categories?post=18862"},{"taxonomy":"post_tag","embeddable":true,"href":"https:\/\/aliancaevangelica.pt\/site\/wp-json\/wp\/v2\/tags?post=18862"}],"curies":[{"name":"wp","href":"https:\/\/api.w.org\/{rel}","templated":true}]}}