{"id":18819,"date":"2021-03-25T11:08:02","date_gmt":"2021-03-25T11:08:02","guid":{"rendered":"https:\/\/aliancaevangelica.pt\/site\/?p=18819"},"modified":"2021-03-25T11:08:04","modified_gmt":"2021-03-25T11:08:04","slug":"pode-ajudar-a-aep-atraves-da-sua-declaracao-de-irs","status":"publish","type":"post","link":"https:\/\/aliancaevangelica.pt\/site\/pode-ajudar-a-aep-atraves-da-sua-declaracao-de-irs\/","title":{"rendered":"Pode ajudar a AEP atrav\u00e9s da sua declara\u00e7\u00e3o de IRS"},"content":{"rendered":"","protected":false},"excerpt":{"rendered":"","protected":false},"author":2,"featured_media":18820,"comment_status":"open","ping_status":"open","sticky":false,"template":"","format":"standard","meta":{"_uag_custom_page_level_css":"","_themeisle_gutenberg_block_has_review":false,"_vp_format_video_url":"","_vp_image_focal_point":[],"footnotes":""},"categories":[45,3],"tags":[142],"class_list":["post-18819","post","type-post","status-publish","format-standard","has-post-thumbnail","hentry","category-geral","category-artigos-gerais","tag-4-anuncios"],"yoast_head":"<!-- This site is optimized with the Yoast SEO plugin v27.5 - https:\/\/yoast.com\/product\/yoast-seo-wordpress\/ -->\n<title>Pode ajudar a AEP atrav\u00e9s da sua declara\u00e7\u00e3o de IRS - AEP<\/title>\n<meta name=\"robots\" content=\"index, follow, max-snippet:-1, max-image-preview:large, max-video-preview:-1\" \/>\n<link rel=\"canonical\" href=\"https:\/\/aliancaevangelica.pt\/site\/pode-ajudar-a-aep-atraves-da-sua-declaracao-de-irs\/\" \/>\n<meta property=\"og:locale\" content=\"pt_PT\" \/>\n<meta property=\"og:type\" content=\"article\" \/>\n<meta property=\"og:title\" content=\"Pode ajudar a AEP atrav\u00e9s da sua declara\u00e7\u00e3o de IRS - AEP\" \/>\n<meta property=\"og:url\" content=\"https:\/\/aliancaevangelica.pt\/site\/pode-ajudar-a-aep-atraves-da-sua-declaracao-de-irs\/\" \/>\n<meta property=\"og:site_name\" content=\"AEP\" \/>\n<meta property=\"article:publisher\" content=\"http:\/\/facebook.com\/aeportuguesa\" \/>\n<meta property=\"article:author\" content=\"aeportugal\" \/>\n<meta property=\"article:published_time\" content=\"2021-03-25T11:08:02+00:00\" \/>\n<meta property=\"article:modified_time\" content=\"2021-03-25T11:08:04+00:00\" \/>\n<meta property=\"og:image\" content=\"https:\/\/aliancaevangelica.pt\/site\/wp-content\/uploads\/2021\/03\/WhatsApp-Image-2021-03-18-at-16.09.18.jpeg\" \/>\n\t<meta property=\"og:image:width\" content=\"814\" \/>\n\t<meta property=\"og:image:height\" content=\"1018\" \/>\n\t<meta property=\"og:image:type\" content=\"image\/jpeg\" \/>\n<meta name=\"author\" content=\"AEP\" \/>\n<meta name=\"twitter:card\" content=\"summary_large_image\" \/>\n<meta name=\"twitter:label1\" content=\"Escrito por\" \/>\n\t<meta name=\"twitter:data1\" content=\"AEP\" \/>\n<script type=\"application\/ld+json\" class=\"yoast-schema-graph\">{\"@context\":\"https:\\\/\\\/schema.org\",\"@graph\":[{\"@type\":\"Article\",\"@id\":\"https:\\\/\\\/aliancaevangelica.pt\\\/site\\\/pode-ajudar-a-aep-atraves-da-sua-declaracao-de-irs\\\/#article\",\"isPartOf\":{\"@id\":\"https:\\\/\\\/aliancaevangelica.pt\\\/site\\\/pode-ajudar-a-aep-atraves-da-sua-declaracao-de-irs\\\/\"},\"author\":{\"name\":\"AEP\",\"@id\":\"https:\\\/\\\/aliancaevangelica.pt\\\/site\\\/#\\\/schema\\\/person\\\/3b47cfc7535eff1e820f31c2d67eafcf\"},\"headline\":\"Pode ajudar a AEP atrav\u00e9s da sua declara\u00e7\u00e3o de IRS\",\"datePublished\":\"2021-03-25T11:08:02+00:00\",\"dateModified\":\"2021-03-25T11:08:04+00:00\",\"mainEntityOfPage\":{\"@id\":\"https:\\\/\\\/aliancaevangelica.pt\\\/site\\\/pode-ajudar-a-aep-atraves-da-sua-declaracao-de-irs\\\/\"},\"wordCount\":12,\"commentCount\":0,\"publisher\":{\"@id\":\"https:\\\/\\\/aliancaevangelica.pt\\\/site\\\/#organization\"},\"image\":{\"@id\":\"https:\\\/\\\/aliancaevangelica.pt\\\/site\\\/pode-ajudar-a-aep-atraves-da-sua-declaracao-de-irs\\\/#primaryimage\"},\"thumbnailUrl\":\"https:\\\/\\\/aliancaevangelica.pt\\\/site\\\/wp-content\\\/uploads\\\/2021\\\/03\\\/WhatsApp-Image-2021-03-18-at-16.09.18.jpeg\",\"keywords\":[\"4-An\u00fancios\"],\"articleSection\":[\"1-Geral\",\"2-Artigos Gerais\"],\"inLanguage\":\"pt-PT\",\"potentialAction\":[{\"@type\":\"CommentAction\",\"name\":\"Comment\",\"target\":[\"https:\\\/\\\/aliancaevangelica.pt\\\/site\\\/pode-ajudar-a-aep-atraves-da-sua-declaracao-de-irs\\\/#respond\"]}]},{\"@type\":\"WebPage\",\"@id\":\"https:\\\/\\\/aliancaevangelica.pt\\\/site\\\/pode-ajudar-a-aep-atraves-da-sua-declaracao-de-irs\\\/\",\"url\":\"https:\\\/\\\/aliancaevangelica.pt\\\/site\\\/pode-ajudar-a-aep-atraves-da-sua-declaracao-de-irs\\\/\",\"name\":\"Pode ajudar a AEP atrav\u00e9s da sua declara\u00e7\u00e3o de IRS - AEP\",\"isPartOf\":{\"@id\":\"https:\\\/\\\/aliancaevangelica.pt\\\/site\\\/#website\"},\"primaryImageOfPage\":{\"@id\":\"https:\\\/\\\/aliancaevangelica.pt\\\/site\\\/pode-ajudar-a-aep-atraves-da-sua-declaracao-de-irs\\\/#primaryimage\"},\"image\":{\"@id\":\"https:\\\/\\\/aliancaevangelica.pt\\\/site\\\/pode-ajudar-a-aep-atraves-da-sua-declaracao-de-irs\\\/#primaryimage\"},\"thumbnailUrl\":\"https:\\\/\\\/aliancaevangelica.pt\\\/site\\\/wp-content\\\/uploads\\\/2021\\\/03\\\/WhatsApp-Image-2021-03-18-at-16.09.18.jpeg\",\"datePublished\":\"2021-03-25T11:08:02+00:00\",\"dateModified\":\"2021-03-25T11:08:04+00:00\",\"breadcrumb\":{\"@id\":\"https:\\\/\\\/aliancaevangelica.pt\\\/site\\\/pode-ajudar-a-aep-atraves-da-sua-declaracao-de-irs\\\/#breadcrumb\"},\"inLanguage\":\"pt-PT\",\"potentialAction\":[{\"@type\":\"ReadAction\",\"target\":[\"https:\\\/\\\/aliancaevangelica.pt\\\/site\\\/pode-ajudar-a-aep-atraves-da-sua-declaracao-de-irs\\\/\"]}]},{\"@type\":\"ImageObject\",\"inLanguage\":\"pt-PT\",\"@id\":\"https:\\\/\\\/aliancaevangelica.pt\\\/site\\\/pode-ajudar-a-aep-atraves-da-sua-declaracao-de-irs\\\/#primaryimage\",\"url\":\"https:\\\/\\\/aliancaevangelica.pt\\\/site\\\/wp-content\\\/uploads\\\/2021\\\/03\\\/WhatsApp-Image-2021-03-18-at-16.09.18.jpeg\",\"contentUrl\":\"https:\\\/\\\/aliancaevangelica.pt\\\/site\\\/wp-content\\\/uploads\\\/2021\\\/03\\\/WhatsApp-Image-2021-03-18-at-16.09.18.jpeg\",\"width\":814,\"height\":1018},{\"@type\":\"BreadcrumbList\",\"@id\":\"https:\\\/\\\/aliancaevangelica.pt\\\/site\\\/pode-ajudar-a-aep-atraves-da-sua-declaracao-de-irs\\\/#breadcrumb\",\"itemListElement\":[{\"@type\":\"ListItem\",\"position\":1,\"name\":\"In\u00edcio\",\"item\":\"https:\\\/\\\/aliancaevangelica.pt\\\/site\\\/\"},{\"@type\":\"ListItem\",\"position\":2,\"name\":\"Pode ajudar a AEP atrav\u00e9s da sua declara\u00e7\u00e3o de IRS\"}]},{\"@type\":\"WebSite\",\"@id\":\"https:\\\/\\\/aliancaevangelica.pt\\\/site\\\/#website\",\"url\":\"https:\\\/\\\/aliancaevangelica.pt\\\/site\\\/\",\"name\":\"Alian\u00e7a Evang\u00e9lica Portuguesa\",\"description\":\"Alian\u00e7a Evang\u00e9lica Portuguesa\",\"publisher\":{\"@id\":\"https:\\\/\\\/aliancaevangelica.pt\\\/site\\\/#organization\"},\"potentialAction\":[{\"@type\":\"SearchAction\",\"target\":{\"@type\":\"EntryPoint\",\"urlTemplate\":\"https:\\\/\\\/aliancaevangelica.pt\\\/site\\\/?s={search_term_string}\"},\"query-input\":{\"@type\":\"PropertyValueSpecification\",\"valueRequired\":true,\"valueName\":\"search_term_string\"}}],\"inLanguage\":\"pt-PT\"},{\"@type\":\"Organization\",\"@id\":\"https:\\\/\\\/aliancaevangelica.pt\\\/site\\\/#organization\",\"name\":\"Alian\u00e7a Evang\u00e9lica Portuguesa\",\"url\":\"https:\\\/\\\/aliancaevangelica.pt\\\/site\\\/\",\"logo\":{\"@type\":\"ImageObject\",\"inLanguage\":\"pt-PT\",\"@id\":\"https:\\\/\\\/aliancaevangelica.pt\\\/site\\\/#\\\/schema\\\/logo\\\/image\\\/\",\"url\":\"https:\\\/\\\/aliancaevangelica.pt\\\/site\\\/wp-content\\\/uploads\\\/2017\\\/11\\\/logo-AEP-cor.png\",\"contentUrl\":\"https:\\\/\\\/aliancaevangelica.pt\\\/site\\\/wp-content\\\/uploads\\\/2017\\\/11\\\/logo-AEP-cor.png\",\"width\":1156,\"height\":672,\"caption\":\"Alian\u00e7a Evang\u00e9lica Portuguesa\"},\"image\":{\"@id\":\"https:\\\/\\\/aliancaevangelica.pt\\\/site\\\/#\\\/schema\\\/logo\\\/image\\\/\"},\"sameAs\":[\"http:\\\/\\\/facebook.com\\\/aeportuguesa\",\"http:\\\/\\\/instagram.com\\\/aliancaep\",\"http:\\\/\\\/youtube.com\\\/aeportuguesa\"]},{\"@type\":\"Person\",\"@id\":\"https:\\\/\\\/aliancaevangelica.pt\\\/site\\\/#\\\/schema\\\/person\\\/3b47cfc7535eff1e820f31c2d67eafcf\",\"name\":\"AEP\",\"sameAs\":[\"aeportugal\"],\"url\":\"https:\\\/\\\/aliancaevangelica.pt\\\/site\\\/author\\\/aeportugal\\\/\"}]}<\/script>\n<!-- \/ Yoast SEO plugin. -->","yoast_head_json":{"title":"Pode ajudar a AEP atrav\u00e9s da sua declara\u00e7\u00e3o de IRS - AEP","robots":{"index":"index","follow":"follow","max-snippet":"max-snippet:-1","max-image-preview":"max-image-preview:large","max-video-preview":"max-video-preview:-1"},"canonical":"https:\/\/aliancaevangelica.pt\/site\/pode-ajudar-a-aep-atraves-da-sua-declaracao-de-irs\/","og_locale":"pt_PT","og_type":"article","og_title":"Pode ajudar a AEP atrav\u00e9s da sua declara\u00e7\u00e3o de IRS - AEP","og_url":"https:\/\/aliancaevangelica.pt\/site\/pode-ajudar-a-aep-atraves-da-sua-declaracao-de-irs\/","og_site_name":"AEP","article_publisher":"http:\/\/facebook.com\/aeportuguesa","article_author":"aeportugal","article_published_time":"2021-03-25T11:08:02+00:00","article_modified_time":"2021-03-25T11:08:04+00:00","og_image":[{"width":814,"height":1018,"url":"https:\/\/aliancaevangelica.pt\/site\/wp-content\/uploads\/2021\/03\/WhatsApp-Image-2021-03-18-at-16.09.18.jpeg","type":"image\/jpeg"}],"author":"AEP","twitter_card":"summary_large_image","twitter_misc":{"Escrito por":"AEP"},"schema":{"@context":"https:\/\/schema.org","@graph":[{"@type":"Article","@id":"https:\/\/aliancaevangelica.pt\/site\/pode-ajudar-a-aep-atraves-da-sua-declaracao-de-irs\/#article","isPartOf":{"@id":"https:\/\/aliancaevangelica.pt\/site\/pode-ajudar-a-aep-atraves-da-sua-declaracao-de-irs\/"},"author":{"name":"AEP","@id":"https:\/\/aliancaevangelica.pt\/site\/#\/schema\/person\/3b47cfc7535eff1e820f31c2d67eafcf"},"headline":"Pode ajudar a AEP atrav\u00e9s da sua declara\u00e7\u00e3o de IRS","datePublished":"2021-03-25T11:08:02+00:00","dateModified":"2021-03-25T11:08:04+00:00","mainEntityOfPage":{"@id":"https:\/\/aliancaevangelica.pt\/site\/pode-ajudar-a-aep-atraves-da-sua-declaracao-de-irs\/"},"wordCount":12,"commentCount":0,"publisher":{"@id":"https:\/\/aliancaevangelica.pt\/site\/#organization"},"image":{"@id":"https:\/\/aliancaevangelica.pt\/site\/pode-ajudar-a-aep-atraves-da-sua-declaracao-de-irs\/#primaryimage"},"thumbnailUrl":"https:\/\/aliancaevangelica.pt\/site\/wp-content\/uploads\/2021\/03\/WhatsApp-Image-2021-03-18-at-16.09.18.jpeg","keywords":["4-An\u00fancios"],"articleSection":["1-Geral","2-Artigos Gerais"],"inLanguage":"pt-PT","potentialAction":[{"@type":"CommentAction","name":"Comment","target":["https:\/\/aliancaevangelica.pt\/site\/pode-ajudar-a-aep-atraves-da-sua-declaracao-de-irs\/#respond"]}]},{"@type":"WebPage","@id":"https:\/\/aliancaevangelica.pt\/site\/pode-ajudar-a-aep-atraves-da-sua-declaracao-de-irs\/","url":"https:\/\/aliancaevangelica.pt\/site\/pode-ajudar-a-aep-atraves-da-sua-declaracao-de-irs\/","name":"Pode ajudar a AEP atrav\u00e9s da sua declara\u00e7\u00e3o de IRS - AEP","isPartOf":{"@id":"https:\/\/aliancaevangelica.pt\/site\/#website"},"primaryImageOfPage":{"@id":"https:\/\/aliancaevangelica.pt\/site\/pode-ajudar-a-aep-atraves-da-sua-declaracao-de-irs\/#primaryimage"},"image":{"@id":"https:\/\/aliancaevangelica.pt\/site\/pode-ajudar-a-aep-atraves-da-sua-declaracao-de-irs\/#primaryimage"},"thumbnailUrl":"https:\/\/aliancaevangelica.pt\/site\/wp-content\/uploads\/2021\/03\/WhatsApp-Image-2021-03-18-at-16.09.18.jpeg","datePublished":"2021-03-25T11:08:02+00:00","dateModified":"2021-03-25T11:08:04+00:00","breadcrumb":{"@id":"https:\/\/aliancaevangelica.pt\/site\/pode-ajudar-a-aep-atraves-da-sua-declaracao-de-irs\/#breadcrumb"},"inLanguage":"pt-PT","potentialAction":[{"@type":"ReadAction","target":["https:\/\/aliancaevangelica.pt\/site\/pode-ajudar-a-aep-atraves-da-sua-declaracao-de-irs\/"]}]},{"@type":"ImageObject","inLanguage":"pt-PT","@id":"https:\/\/aliancaevangelica.pt\/site\/pode-ajudar-a-aep-atraves-da-sua-declaracao-de-irs\/#primaryimage","url":"https:\/\/aliancaevangelica.pt\/site\/wp-content\/uploads\/2021\/03\/WhatsApp-Image-2021-03-18-at-16.09.18.jpeg","contentUrl":"https:\/\/aliancaevangelica.pt\/site\/wp-content\/uploads\/2021\/03\/WhatsApp-Image-2021-03-18-at-16.09.18.jpeg","width":814,"height":1018},{"@type":"BreadcrumbList","@id":"https:\/\/aliancaevangelica.pt\/site\/pode-ajudar-a-aep-atraves-da-sua-declaracao-de-irs\/#breadcrumb","itemListElement":[{"@type":"ListItem","position":1,"name":"In\u00edcio","item":"https:\/\/aliancaevangelica.pt\/site\/"},{"@type":"ListItem","position":2,"name":"Pode ajudar a AEP atrav\u00e9s da sua declara\u00e7\u00e3o de IRS"}]},{"@type":"WebSite","@id":"https:\/\/aliancaevangelica.pt\/site\/#website","url":"https:\/\/aliancaevangelica.pt\/site\/","name":"Alian\u00e7a Evang\u00e9lica Portuguesa","description":"Alian\u00e7a Evang\u00e9lica Portuguesa","publisher":{"@id":"https:\/\/aliancaevangelica.pt\/site\/#organization"},"potentialAction":[{"@type":"SearchAction","target":{"@type":"EntryPoint","urlTemplate":"https:\/\/aliancaevangelica.pt\/site\/?s={search_term_string}"},"query-input":{"@type":"PropertyValueSpecification","valueRequired":true,"valueName":"search_term_string"}}],"inLanguage":"pt-PT"},{"@type":"Organization","@id":"https:\/\/aliancaevangelica.pt\/site\/#organization","name":"Alian\u00e7a Evang\u00e9lica Portuguesa","url":"https:\/\/aliancaevangelica.pt\/site\/","logo":{"@type":"ImageObject","inLanguage":"pt-PT","@id":"https:\/\/aliancaevangelica.pt\/site\/#\/schema\/logo\/image\/","url":"https:\/\/aliancaevangelica.pt\/site\/wp-content\/uploads\/2017\/11\/logo-AEP-cor.png","contentUrl":"https:\/\/aliancaevangelica.pt\/site\/wp-content\/uploads\/2017\/11\/logo-AEP-cor.png","width":1156,"height":672,"caption":"Alian\u00e7a Evang\u00e9lica Portuguesa"},"image":{"@id":"https:\/\/aliancaevangelica.pt\/site\/#\/schema\/logo\/image\/"},"sameAs":["http:\/\/facebook.com\/aeportuguesa","http:\/\/instagram.com\/aliancaep","http:\/\/youtube.com\/aeportuguesa"]},{"@type":"Person","@id":"https:\/\/aliancaevangelica.pt\/site\/#\/schema\/person\/3b47cfc7535eff1e820f31c2d67eafcf","name":"AEP","sameAs":["aeportugal"],"url":"https:\/\/aliancaevangelica.pt\/site\/author\/aeportugal\/"}]}},"uagb_featured_image_src":{"full":["https:\/\/aliancaevangelica.pt\/site\/wp-content\/uploads\/2021\/03\/WhatsApp-Image-2021-03-18-at-16.09.18.jpeg",814,1018,false],"thumbnail":["https:\/\/aliancaevangelica.pt\/site\/wp-content\/uploads\/2021\/03\/WhatsApp-Image-2021-03-18-at-16.09.18-150x150.jpeg",150,150,true],"medium":["https:\/\/aliancaevangelica.pt\/site\/wp-content\/uploads\/2021\/03\/WhatsApp-Image-2021-03-18-at-16.09.18-240x300.jpeg",240,300,true],"medium_large":["https:\/\/aliancaevangelica.pt\/site\/wp-content\/uploads\/2021\/03\/WhatsApp-Image-2021-03-18-at-16.09.18-768x960.jpeg",768,960,true],"large":["https:\/\/aliancaevangelica.pt\/site\/wp-content\/uploads\/2021\/03\/WhatsApp-Image-2021-03-18-at-16.09.18.jpeg",814,1018,false],"1536x1536":["https:\/\/aliancaevangelica.pt\/site\/wp-content\/uploads\/2021\/03\/WhatsApp-Image-2021-03-18-at-16.09.18.jpeg",814,1018,false],"2048x2048":["https:\/\/aliancaevangelica.pt\/site\/wp-content\/uploads\/2021\/03\/WhatsApp-Image-2021-03-18-at-16.09.18.jpeg",814,1018,false],"vp_sm":["https:\/\/aliancaevangelica.pt\/site\/wp-content\/uploads\/2021\/03\/WhatsApp-Image-2021-03-18-at-16.09.18.jpeg",500,625,false],"vp_md":["https:\/\/aliancaevangelica.pt\/site\/wp-content\/uploads\/2021\/03\/WhatsApp-Image-2021-03-18-at-16.09.18.jpeg",800,1000,false],"vp_lg":["https:\/\/aliancaevangelica.pt\/site\/wp-content\/uploads\/2021\/03\/WhatsApp-Image-2021-03-18-at-16.09.18.jpeg",814,1018,false],"vp_xl":["https:\/\/aliancaevangelica.pt\/site\/wp-content\/uploads\/2021\/03\/WhatsApp-Image-2021-03-18-at-16.09.18.jpeg",814,1018,false],"vp_sm_popup":["https:\/\/aliancaevangelica.pt\/site\/wp-content\/uploads\/2021\/03\/WhatsApp-Image-2021-03-18-at-16.09.18.jpeg",500,625,false],"vp_md_popup":["https:\/\/aliancaevangelica.pt\/site\/wp-content\/uploads\/2021\/03\/WhatsApp-Image-2021-03-18-at-16.09.18.jpeg",800,1000,false],"vp_xl_popup":["https:\/\/aliancaevangelica.pt\/site\/wp-content\/uploads\/2021\/03\/WhatsApp-Image-2021-03-18-at-16.09.18.jpeg",814,1018,false],"newsx-150x100":["https:\/\/aliancaevangelica.pt\/site\/wp-content\/uploads\/2021\/03\/WhatsApp-Image-2021-03-18-at-16.09.18.jpeg",80,100,false],"newsx-330x220":["https:\/\/aliancaevangelica.pt\/site\/wp-content\/uploads\/2021\/03\/WhatsApp-Image-2021-03-18-at-16.09.18.jpeg",176,220,false],"newsx-420x280":["https:\/\/aliancaevangelica.pt\/site\/wp-content\/uploads\/2021\/03\/WhatsApp-Image-2021-03-18-at-16.09.18.jpeg",224,280,false],"newsx-510x340":["https:\/\/aliancaevangelica.pt\/site\/wp-content\/uploads\/2021\/03\/WhatsApp-Image-2021-03-18-at-16.09.18.jpeg",272,340,false],"newsx-640x480":["https:\/\/aliancaevangelica.pt\/site\/wp-content\/uploads\/2021\/03\/WhatsApp-Image-2021-03-18-at-16.09.18.jpeg",384,480,false],"newsx-670x370":["https:\/\/aliancaevangelica.pt\/site\/wp-content\/uploads\/2021\/03\/WhatsApp-Image-2021-03-18-at-16.09.18.jpeg",296,370,false],"newsx-860x570":["https:\/\/aliancaevangelica.pt\/site\/wp-content\/uploads\/2021\/03\/WhatsApp-Image-2021-03-18-at-16.09.18.jpeg",456,570,false],"newsx-1000x750":["https:\/\/aliancaevangelica.pt\/site\/wp-content\/uploads\/2021\/03\/WhatsApp-Image-2021-03-18-at-16.09.18.jpeg",600,750,false],"newsx-1200x600":["https:\/\/aliancaevangelica.pt\/site\/wp-content\/uploads\/2021\/03\/WhatsApp-Image-2021-03-18-at-16.09.18.jpeg",480,600,false]},"uagb_author_info":{"display_name":"AEP","author_link":"https:\/\/aliancaevangelica.pt\/site\/author\/aeportugal\/"},"uagb_comment_info":0,"uagb_excerpt":null,"_links":{"self":[{"href":"https:\/\/aliancaevangelica.pt\/site\/wp-json\/wp\/v2\/posts\/18819","targetHints":{"allow":["GET"]}}],"collection":[{"href":"https:\/\/aliancaevangelica.pt\/site\/wp-json\/wp\/v2\/posts"}],"about":[{"href":"https:\/\/aliancaevangelica.pt\/site\/wp-json\/wp\/v2\/types\/post"}],"author":[{"embeddable":true,"href":"https:\/\/aliancaevangelica.pt\/site\/wp-json\/wp\/v2\/users\/2"}],"replies":[{"embeddable":true,"href":"https:\/\/aliancaevangelica.pt\/site\/wp-json\/wp\/v2\/comments?post=18819"}],"version-history":[{"count":1,"href":"https:\/\/aliancaevangelica.pt\/site\/wp-json\/wp\/v2\/posts\/18819\/revisions"}],"predecessor-version":[{"id":18821,"href":"https:\/\/aliancaevangelica.pt\/site\/wp-json\/wp\/v2\/posts\/18819\/revisions\/18821"}],"wp:featuredmedia":[{"embeddable":true,"href":"https:\/\/aliancaevangelica.pt\/site\/wp-json\/wp\/v2\/media\/18820"}],"wp:attachment":[{"href":"https:\/\/aliancaevangelica.pt\/site\/wp-json\/wp\/v2\/media?parent=18819"}],"wp:term":[{"taxonomy":"category","embeddable":true,"href":"https:\/\/aliancaevangelica.pt\/site\/wp-json\/wp\/v2\/categories?post=18819"},{"taxonomy":"post_tag","embeddable":true,"href":"https:\/\/aliancaevangelica.pt\/site\/wp-json\/wp\/v2\/tags?post=18819"}],"curies":[{"name":"wp","href":"https:\/\/api.w.org\/{rel}","templated":true}]}}