{"id":18814,"date":"2021-03-24T14:47:35","date_gmt":"2021-03-24T14:47:35","guid":{"rendered":"https:\/\/aliancaevangelica.pt\/site\/?p=18814"},"modified":"2021-03-29T12:33:54","modified_gmt":"2021-03-29T12:33:54","slug":"hope-fest","status":"publish","type":"post","link":"https:\/\/aliancaevangelica.pt\/site\/hope-fest\/","title":{"rendered":"Hope Fest"},"content":{"rendered":"\n<p>Vamos celebrar juntos a P\u00e1scoa online na sexta-feira, 2 abril, \u00e0s 21h com o HOPE FEST. Ser\u00e1 uma oportunidade para partilhar boas not\u00edcias cheias de Esperan\u00e7a!<\/p>\n\n\n\n<p>No programa vamos contar com hist\u00f3rias, testemunhos, m\u00fasica, Palavra e desafios.<\/p>\n\n\n\n<p>Com Macaia, Ricardo Coelho, Isaac Reis, entre outros convidados.<\/p>\n\n\n\n<p>Para acompanhar online em:<\/p>\n\n\n\n<p>-Site: <a href=\"https:\/\/hopefest.pt\">https:\/\/hopefest.pt<\/a><\/p>\n\n\n\n<p>&#8211; Facebook: <a href=\"https:\/\/fb.me\/e\/u2R4mrZH\">https:\/\/fb.me\/e\/u2R4mrZH<\/a><\/p>\n\n\n\n<p>-YouTube: <a href=\"https:\/\/youtu.be\/d5nyZwHKeVo\">https:\/\/youtu.be\/d5nyZwHKeVo<\/a><\/p>\n\n\n\n<p>-Instagram: <a href=\"https:\/\/Instagram.com\/hopefest_\">https:\/\/Instagram.com\/hopefest_<\/a><\/p>\n\n\n\n<p>Dire\u00e7\u00e3o musical: Ricardo Coelho<br>Produ\u00e7\u00e3o: Nuno Coelho<br>Organiza\u00e7\u00e3o: Alian\u00e7a Evang\u00e9lica Portuguesa<\/p>\n\n\n\n<p>Mais info em <a href=\"https:\/\/hopefest.pt\"><a href=\"https:\/\/hopefest.pt\/\">https:\/\/hopefest.pt<\/a><\/a><\/p>\n","protected":false},"excerpt":{"rendered":"<p>Vamos celebrar juntos a P\u00e1scoa online na sexta-feira, 2 abril, \u00e0s 21h com o HOPE FEST. Ser\u00e1 uma oportunidade para partilhar boas not\u00edcias cheias de Esperan\u00e7a! No programa vamos contar com hist\u00f3rias, testemunhos, m\u00fasica, Palavra e desafios. Com Macaia, Ricardo Coelho, Isaac Reis, entre outros convidados. Para acompanhar online em: -Site: https:\/\/hopefest.pt &#8211; Facebook: https:\/\/fb.me\/e\/u2R4mrZH<\/p>\n","protected":false},"author":2,"featured_media":18782,"comment_status":"open","ping_status":"open","sticky":false,"template":"","format":"standard","meta":{"_uag_custom_page_level_css":"","_themeisle_gutenberg_block_has_review":false,"_vp_format_video_url":"","_vp_image_focal_point":[],"footnotes":""},"categories":[45,3],"tags":[142,144],"class_list":["post-18814","post","type-post","status-publish","format-standard","has-post-thumbnail","hentry","category-geral","category-artigos-gerais","tag-4-anuncios","tag-eventos"],"yoast_head":"<!-- This site is optimized with the Yoast SEO plugin v27.5 - https:\/\/yoast.com\/product\/yoast-seo-wordpress\/ -->\n<title>Hope Fest - AEP<\/title>\n<meta name=\"robots\" content=\"index, follow, max-snippet:-1, max-image-preview:large, max-video-preview:-1\" \/>\n<link rel=\"canonical\" href=\"https:\/\/aliancaevangelica.pt\/site\/hope-fest\/\" \/>\n<meta property=\"og:locale\" content=\"pt_PT\" \/>\n<meta property=\"og:type\" content=\"article\" \/>\n<meta property=\"og:title\" content=\"Hope Fest - AEP\" \/>\n<meta property=\"og:description\" content=\"Vamos celebrar juntos a P\u00e1scoa online na sexta-feira, 2 abril, \u00e0s 21h com o HOPE FEST. Ser\u00e1 uma oportunidade para partilhar boas not\u00edcias cheias de Esperan\u00e7a! No programa vamos contar com hist\u00f3rias, testemunhos, m\u00fasica, Palavra e desafios. Com Macaia, Ricardo Coelho, Isaac Reis, entre outros convidados. Para acompanhar online em: -Site: https:\/\/hopefest.pt &#8211; Facebook: https:\/\/fb.me\/e\/u2R4mrZH\" \/>\n<meta property=\"og:url\" content=\"https:\/\/aliancaevangelica.pt\/site\/hope-fest\/\" \/>\n<meta property=\"og:site_name\" content=\"AEP\" \/>\n<meta property=\"article:publisher\" content=\"http:\/\/facebook.com\/aeportuguesa\" \/>\n<meta property=\"article:author\" content=\"aeportugal\" \/>\n<meta property=\"article:published_time\" content=\"2021-03-24T14:47:35+00:00\" \/>\n<meta property=\"article:modified_time\" content=\"2021-03-29T12:33:54+00:00\" \/>\n<meta property=\"og:image\" content=\"https:\/\/aliancaevangelica.pt\/site\/wp-content\/uploads\/2021\/03\/WhatsApp-Image-2021-03-15-at-17.23.29.jpeg\" \/>\n\t<meta property=\"og:image:width\" content=\"1080\" \/>\n\t<meta property=\"og:image:height\" content=\"1080\" \/>\n\t<meta property=\"og:image:type\" content=\"image\/jpeg\" \/>\n<meta name=\"author\" content=\"AEP\" \/>\n<meta name=\"twitter:card\" content=\"summary_large_image\" \/>\n<meta name=\"twitter:label1\" content=\"Escrito por\" \/>\n\t<meta name=\"twitter:data1\" content=\"AEP\" \/>\n<script type=\"application\/ld+json\" class=\"yoast-schema-graph\">{\"@context\":\"https:\\\/\\\/schema.org\",\"@graph\":[{\"@type\":\"Article\",\"@id\":\"https:\\\/\\\/aliancaevangelica.pt\\\/site\\\/hope-fest\\\/#article\",\"isPartOf\":{\"@id\":\"https:\\\/\\\/aliancaevangelica.pt\\\/site\\\/hope-fest\\\/\"},\"author\":{\"name\":\"AEP\",\"@id\":\"https:\\\/\\\/aliancaevangelica.pt\\\/site\\\/#\\\/schema\\\/person\\\/3b47cfc7535eff1e820f31c2d67eafcf\"},\"headline\":\"Hope Fest\",\"datePublished\":\"2021-03-24T14:47:35+00:00\",\"dateModified\":\"2021-03-29T12:33:54+00:00\",\"mainEntityOfPage\":{\"@id\":\"https:\\\/\\\/aliancaevangelica.pt\\\/site\\\/hope-fest\\\/\"},\"wordCount\":100,\"commentCount\":0,\"publisher\":{\"@id\":\"https:\\\/\\\/aliancaevangelica.pt\\\/site\\\/#organization\"},\"image\":{\"@id\":\"https:\\\/\\\/aliancaevangelica.pt\\\/site\\\/hope-fest\\\/#primaryimage\"},\"thumbnailUrl\":\"https:\\\/\\\/aliancaevangelica.pt\\\/site\\\/wp-content\\\/uploads\\\/2021\\\/03\\\/WhatsApp-Image-2021-03-15-at-17.23.29.jpeg\",\"keywords\":[\"4-An\u00fancios\",\"Eventos\"],\"articleSection\":[\"1-Geral\",\"2-Artigos Gerais\"],\"inLanguage\":\"pt-PT\",\"potentialAction\":[{\"@type\":\"CommentAction\",\"name\":\"Comment\",\"target\":[\"https:\\\/\\\/aliancaevangelica.pt\\\/site\\\/hope-fest\\\/#respond\"]}]},{\"@type\":\"WebPage\",\"@id\":\"https:\\\/\\\/aliancaevangelica.pt\\\/site\\\/hope-fest\\\/\",\"url\":\"https:\\\/\\\/aliancaevangelica.pt\\\/site\\\/hope-fest\\\/\",\"name\":\"Hope Fest - AEP\",\"isPartOf\":{\"@id\":\"https:\\\/\\\/aliancaevangelica.pt\\\/site\\\/#website\"},\"primaryImageOfPage\":{\"@id\":\"https:\\\/\\\/aliancaevangelica.pt\\\/site\\\/hope-fest\\\/#primaryimage\"},\"image\":{\"@id\":\"https:\\\/\\\/aliancaevangelica.pt\\\/site\\\/hope-fest\\\/#primaryimage\"},\"thumbnailUrl\":\"https:\\\/\\\/aliancaevangelica.pt\\\/site\\\/wp-content\\\/uploads\\\/2021\\\/03\\\/WhatsApp-Image-2021-03-15-at-17.23.29.jpeg\",\"datePublished\":\"2021-03-24T14:47:35+00:00\",\"dateModified\":\"2021-03-29T12:33:54+00:00\",\"breadcrumb\":{\"@id\":\"https:\\\/\\\/aliancaevangelica.pt\\\/site\\\/hope-fest\\\/#breadcrumb\"},\"inLanguage\":\"pt-PT\",\"potentialAction\":[{\"@type\":\"ReadAction\",\"target\":[\"https:\\\/\\\/aliancaevangelica.pt\\\/site\\\/hope-fest\\\/\"]}]},{\"@type\":\"ImageObject\",\"inLanguage\":\"pt-PT\",\"@id\":\"https:\\\/\\\/aliancaevangelica.pt\\\/site\\\/hope-fest\\\/#primaryimage\",\"url\":\"https:\\\/\\\/aliancaevangelica.pt\\\/site\\\/wp-content\\\/uploads\\\/2021\\\/03\\\/WhatsApp-Image-2021-03-15-at-17.23.29.jpeg\",\"contentUrl\":\"https:\\\/\\\/aliancaevangelica.pt\\\/site\\\/wp-content\\\/uploads\\\/2021\\\/03\\\/WhatsApp-Image-2021-03-15-at-17.23.29.jpeg\",\"width\":1080,\"height\":1080},{\"@type\":\"BreadcrumbList\",\"@id\":\"https:\\\/\\\/aliancaevangelica.pt\\\/site\\\/hope-fest\\\/#breadcrumb\",\"itemListElement\":[{\"@type\":\"ListItem\",\"position\":1,\"name\":\"In\u00edcio\",\"item\":\"https:\\\/\\\/aliancaevangelica.pt\\\/site\\\/\"},{\"@type\":\"ListItem\",\"position\":2,\"name\":\"Hope Fest\"}]},{\"@type\":\"WebSite\",\"@id\":\"https:\\\/\\\/aliancaevangelica.pt\\\/site\\\/#website\",\"url\":\"https:\\\/\\\/aliancaevangelica.pt\\\/site\\\/\",\"name\":\"Alian\u00e7a Evang\u00e9lica Portuguesa\",\"description\":\"Alian\u00e7a Evang\u00e9lica Portuguesa\",\"publisher\":{\"@id\":\"https:\\\/\\\/aliancaevangelica.pt\\\/site\\\/#organization\"},\"potentialAction\":[{\"@type\":\"SearchAction\",\"target\":{\"@type\":\"EntryPoint\",\"urlTemplate\":\"https:\\\/\\\/aliancaevangelica.pt\\\/site\\\/?s={search_term_string}\"},\"query-input\":{\"@type\":\"PropertyValueSpecification\",\"valueRequired\":true,\"valueName\":\"search_term_string\"}}],\"inLanguage\":\"pt-PT\"},{\"@type\":\"Organization\",\"@id\":\"https:\\\/\\\/aliancaevangelica.pt\\\/site\\\/#organization\",\"name\":\"Alian\u00e7a Evang\u00e9lica Portuguesa\",\"url\":\"https:\\\/\\\/aliancaevangelica.pt\\\/site\\\/\",\"logo\":{\"@type\":\"ImageObject\",\"inLanguage\":\"pt-PT\",\"@id\":\"https:\\\/\\\/aliancaevangelica.pt\\\/site\\\/#\\\/schema\\\/logo\\\/image\\\/\",\"url\":\"https:\\\/\\\/aliancaevangelica.pt\\\/site\\\/wp-content\\\/uploads\\\/2017\\\/11\\\/logo-AEP-cor.png\",\"contentUrl\":\"https:\\\/\\\/aliancaevangelica.pt\\\/site\\\/wp-content\\\/uploads\\\/2017\\\/11\\\/logo-AEP-cor.png\",\"width\":1156,\"height\":672,\"caption\":\"Alian\u00e7a Evang\u00e9lica Portuguesa\"},\"image\":{\"@id\":\"https:\\\/\\\/aliancaevangelica.pt\\\/site\\\/#\\\/schema\\\/logo\\\/image\\\/\"},\"sameAs\":[\"http:\\\/\\\/facebook.com\\\/aeportuguesa\",\"http:\\\/\\\/instagram.com\\\/aliancaep\",\"http:\\\/\\\/youtube.com\\\/aeportuguesa\"]},{\"@type\":\"Person\",\"@id\":\"https:\\\/\\\/aliancaevangelica.pt\\\/site\\\/#\\\/schema\\\/person\\\/3b47cfc7535eff1e820f31c2d67eafcf\",\"name\":\"AEP\",\"sameAs\":[\"aeportugal\"],\"url\":\"https:\\\/\\\/aliancaevangelica.pt\\\/site\\\/author\\\/aeportugal\\\/\"}]}<\/script>\n<!-- \/ Yoast SEO plugin. -->","yoast_head_json":{"title":"Hope Fest - AEP","robots":{"index":"index","follow":"follow","max-snippet":"max-snippet:-1","max-image-preview":"max-image-preview:large","max-video-preview":"max-video-preview:-1"},"canonical":"https:\/\/aliancaevangelica.pt\/site\/hope-fest\/","og_locale":"pt_PT","og_type":"article","og_title":"Hope Fest - AEP","og_description":"Vamos celebrar juntos a P\u00e1scoa online na sexta-feira, 2 abril, \u00e0s 21h com o HOPE FEST. Ser\u00e1 uma oportunidade para partilhar boas not\u00edcias cheias de Esperan\u00e7a! No programa vamos contar com hist\u00f3rias, testemunhos, m\u00fasica, Palavra e desafios. Com Macaia, Ricardo Coelho, Isaac Reis, entre outros convidados. Para acompanhar online em: -Site: https:\/\/hopefest.pt &#8211; Facebook: https:\/\/fb.me\/e\/u2R4mrZH","og_url":"https:\/\/aliancaevangelica.pt\/site\/hope-fest\/","og_site_name":"AEP","article_publisher":"http:\/\/facebook.com\/aeportuguesa","article_author":"aeportugal","article_published_time":"2021-03-24T14:47:35+00:00","article_modified_time":"2021-03-29T12:33:54+00:00","og_image":[{"width":1080,"height":1080,"url":"https:\/\/aliancaevangelica.pt\/site\/wp-content\/uploads\/2021\/03\/WhatsApp-Image-2021-03-15-at-17.23.29.jpeg","type":"image\/jpeg"}],"author":"AEP","twitter_card":"summary_large_image","twitter_misc":{"Escrito por":"AEP"},"schema":{"@context":"https:\/\/schema.org","@graph":[{"@type":"Article","@id":"https:\/\/aliancaevangelica.pt\/site\/hope-fest\/#article","isPartOf":{"@id":"https:\/\/aliancaevangelica.pt\/site\/hope-fest\/"},"author":{"name":"AEP","@id":"https:\/\/aliancaevangelica.pt\/site\/#\/schema\/person\/3b47cfc7535eff1e820f31c2d67eafcf"},"headline":"Hope Fest","datePublished":"2021-03-24T14:47:35+00:00","dateModified":"2021-03-29T12:33:54+00:00","mainEntityOfPage":{"@id":"https:\/\/aliancaevangelica.pt\/site\/hope-fest\/"},"wordCount":100,"commentCount":0,"publisher":{"@id":"https:\/\/aliancaevangelica.pt\/site\/#organization"},"image":{"@id":"https:\/\/aliancaevangelica.pt\/site\/hope-fest\/#primaryimage"},"thumbnailUrl":"https:\/\/aliancaevangelica.pt\/site\/wp-content\/uploads\/2021\/03\/WhatsApp-Image-2021-03-15-at-17.23.29.jpeg","keywords":["4-An\u00fancios","Eventos"],"articleSection":["1-Geral","2-Artigos Gerais"],"inLanguage":"pt-PT","potentialAction":[{"@type":"CommentAction","name":"Comment","target":["https:\/\/aliancaevangelica.pt\/site\/hope-fest\/#respond"]}]},{"@type":"WebPage","@id":"https:\/\/aliancaevangelica.pt\/site\/hope-fest\/","url":"https:\/\/aliancaevangelica.pt\/site\/hope-fest\/","name":"Hope Fest - AEP","isPartOf":{"@id":"https:\/\/aliancaevangelica.pt\/site\/#website"},"primaryImageOfPage":{"@id":"https:\/\/aliancaevangelica.pt\/site\/hope-fest\/#primaryimage"},"image":{"@id":"https:\/\/aliancaevangelica.pt\/site\/hope-fest\/#primaryimage"},"thumbnailUrl":"https:\/\/aliancaevangelica.pt\/site\/wp-content\/uploads\/2021\/03\/WhatsApp-Image-2021-03-15-at-17.23.29.jpeg","datePublished":"2021-03-24T14:47:35+00:00","dateModified":"2021-03-29T12:33:54+00:00","breadcrumb":{"@id":"https:\/\/aliancaevangelica.pt\/site\/hope-fest\/#breadcrumb"},"inLanguage":"pt-PT","potentialAction":[{"@type":"ReadAction","target":["https:\/\/aliancaevangelica.pt\/site\/hope-fest\/"]}]},{"@type":"ImageObject","inLanguage":"pt-PT","@id":"https:\/\/aliancaevangelica.pt\/site\/hope-fest\/#primaryimage","url":"https:\/\/aliancaevangelica.pt\/site\/wp-content\/uploads\/2021\/03\/WhatsApp-Image-2021-03-15-at-17.23.29.jpeg","contentUrl":"https:\/\/aliancaevangelica.pt\/site\/wp-content\/uploads\/2021\/03\/WhatsApp-Image-2021-03-15-at-17.23.29.jpeg","width":1080,"height":1080},{"@type":"BreadcrumbList","@id":"https:\/\/aliancaevangelica.pt\/site\/hope-fest\/#breadcrumb","itemListElement":[{"@type":"ListItem","position":1,"name":"In\u00edcio","item":"https:\/\/aliancaevangelica.pt\/site\/"},{"@type":"ListItem","position":2,"name":"Hope Fest"}]},{"@type":"WebSite","@id":"https:\/\/aliancaevangelica.pt\/site\/#website","url":"https:\/\/aliancaevangelica.pt\/site\/","name":"Alian\u00e7a Evang\u00e9lica Portuguesa","description":"Alian\u00e7a Evang\u00e9lica Portuguesa","publisher":{"@id":"https:\/\/aliancaevangelica.pt\/site\/#organization"},"potentialAction":[{"@type":"SearchAction","target":{"@type":"EntryPoint","urlTemplate":"https:\/\/aliancaevangelica.pt\/site\/?s={search_term_string}"},"query-input":{"@type":"PropertyValueSpecification","valueRequired":true,"valueName":"search_term_string"}}],"inLanguage":"pt-PT"},{"@type":"Organization","@id":"https:\/\/aliancaevangelica.pt\/site\/#organization","name":"Alian\u00e7a Evang\u00e9lica Portuguesa","url":"https:\/\/aliancaevangelica.pt\/site\/","logo":{"@type":"ImageObject","inLanguage":"pt-PT","@id":"https:\/\/aliancaevangelica.pt\/site\/#\/schema\/logo\/image\/","url":"https:\/\/aliancaevangelica.pt\/site\/wp-content\/uploads\/2017\/11\/logo-AEP-cor.png","contentUrl":"https:\/\/aliancaevangelica.pt\/site\/wp-content\/uploads\/2017\/11\/logo-AEP-cor.png","width":1156,"height":672,"caption":"Alian\u00e7a Evang\u00e9lica Portuguesa"},"image":{"@id":"https:\/\/aliancaevangelica.pt\/site\/#\/schema\/logo\/image\/"},"sameAs":["http:\/\/facebook.com\/aeportuguesa","http:\/\/instagram.com\/aliancaep","http:\/\/youtube.com\/aeportuguesa"]},{"@type":"Person","@id":"https:\/\/aliancaevangelica.pt\/site\/#\/schema\/person\/3b47cfc7535eff1e820f31c2d67eafcf","name":"AEP","sameAs":["aeportugal"],"url":"https:\/\/aliancaevangelica.pt\/site\/author\/aeportugal\/"}]}},"uagb_featured_image_src":{"full":["https:\/\/aliancaevangelica.pt\/site\/wp-content\/uploads\/2021\/03\/WhatsApp-Image-2021-03-15-at-17.23.29.jpeg",1080,1080,false],"thumbnail":["https:\/\/aliancaevangelica.pt\/site\/wp-content\/uploads\/2021\/03\/WhatsApp-Image-2021-03-15-at-17.23.29-150x150.jpeg",150,150,true],"medium":["https:\/\/aliancaevangelica.pt\/site\/wp-content\/uploads\/2021\/03\/WhatsApp-Image-2021-03-15-at-17.23.29-300x300.jpeg",300,300,true],"medium_large":["https:\/\/aliancaevangelica.pt\/site\/wp-content\/uploads\/2021\/03\/WhatsApp-Image-2021-03-15-at-17.23.29-768x768.jpeg",768,768,true],"large":["https:\/\/aliancaevangelica.pt\/site\/wp-content\/uploads\/2021\/03\/WhatsApp-Image-2021-03-15-at-17.23.29-1024x1024.jpeg",960,960,true],"1536x1536":["https:\/\/aliancaevangelica.pt\/site\/wp-content\/uploads\/2021\/03\/WhatsApp-Image-2021-03-15-at-17.23.29.jpeg",1080,1080,false],"2048x2048":["https:\/\/aliancaevangelica.pt\/site\/wp-content\/uploads\/2021\/03\/WhatsApp-Image-2021-03-15-at-17.23.29.jpeg",1080,1080,false],"vp_sm":["https:\/\/aliancaevangelica.pt\/site\/wp-content\/uploads\/2021\/03\/WhatsApp-Image-2021-03-15-at-17.23.29.jpeg",500,500,false],"vp_md":["https:\/\/aliancaevangelica.pt\/site\/wp-content\/uploads\/2021\/03\/WhatsApp-Image-2021-03-15-at-17.23.29.jpeg",800,800,false],"vp_lg":["https:\/\/aliancaevangelica.pt\/site\/wp-content\/uploads\/2021\/03\/WhatsApp-Image-2021-03-15-at-17.23.29.jpeg",1080,1080,false],"vp_xl":["https:\/\/aliancaevangelica.pt\/site\/wp-content\/uploads\/2021\/03\/WhatsApp-Image-2021-03-15-at-17.23.29.jpeg",1080,1080,false],"vp_sm_popup":["https:\/\/aliancaevangelica.pt\/site\/wp-content\/uploads\/2021\/03\/WhatsApp-Image-2021-03-15-at-17.23.29.jpeg",500,500,false],"vp_md_popup":["https:\/\/aliancaevangelica.pt\/site\/wp-content\/uploads\/2021\/03\/WhatsApp-Image-2021-03-15-at-17.23.29.jpeg",800,800,false],"vp_xl_popup":["https:\/\/aliancaevangelica.pt\/site\/wp-content\/uploads\/2021\/03\/WhatsApp-Image-2021-03-15-at-17.23.29.jpeg",1080,1080,false],"newsx-150x100":["https:\/\/aliancaevangelica.pt\/site\/wp-content\/uploads\/2021\/03\/WhatsApp-Image-2021-03-15-at-17.23.29.jpeg",100,100,false],"newsx-330x220":["https:\/\/aliancaevangelica.pt\/site\/wp-content\/uploads\/2021\/03\/WhatsApp-Image-2021-03-15-at-17.23.29.jpeg",220,220,false],"newsx-420x280":["https:\/\/aliancaevangelica.pt\/site\/wp-content\/uploads\/2021\/03\/WhatsApp-Image-2021-03-15-at-17.23.29.jpeg",280,280,false],"newsx-510x340":["https:\/\/aliancaevangelica.pt\/site\/wp-content\/uploads\/2021\/03\/WhatsApp-Image-2021-03-15-at-17.23.29.jpeg",340,340,false],"newsx-640x480":["https:\/\/aliancaevangelica.pt\/site\/wp-content\/uploads\/2021\/03\/WhatsApp-Image-2021-03-15-at-17.23.29.jpeg",480,480,false],"newsx-670x370":["https:\/\/aliancaevangelica.pt\/site\/wp-content\/uploads\/2021\/03\/WhatsApp-Image-2021-03-15-at-17.23.29.jpeg",370,370,false],"newsx-860x570":["https:\/\/aliancaevangelica.pt\/site\/wp-content\/uploads\/2021\/03\/WhatsApp-Image-2021-03-15-at-17.23.29.jpeg",570,570,false],"newsx-1000x750":["https:\/\/aliancaevangelica.pt\/site\/wp-content\/uploads\/2021\/03\/WhatsApp-Image-2021-03-15-at-17.23.29.jpeg",750,750,false],"newsx-1200x600":["https:\/\/aliancaevangelica.pt\/site\/wp-content\/uploads\/2021\/03\/WhatsApp-Image-2021-03-15-at-17.23.29.jpeg",600,600,false]},"uagb_author_info":{"display_name":"AEP","author_link":"https:\/\/aliancaevangelica.pt\/site\/author\/aeportugal\/"},"uagb_comment_info":0,"uagb_excerpt":"Vamos celebrar juntos a P\u00e1scoa online na sexta-feira, 2 abril, \u00e0s 21h com o HOPE FEST. Ser\u00e1 uma oportunidade para partilhar boas not\u00edcias cheias de Esperan\u00e7a! No programa vamos contar com hist\u00f3rias, testemunhos, m\u00fasica, Palavra e desafios. Com Macaia, Ricardo Coelho, Isaac Reis, entre outros convidados. Para acompanhar online em: -Site: https:\/\/hopefest.pt &#8211; Facebook: https:\/\/fb.me\/e\/u2R4mrZH","_links":{"self":[{"href":"https:\/\/aliancaevangelica.pt\/site\/wp-json\/wp\/v2\/posts\/18814","targetHints":{"allow":["GET"]}}],"collection":[{"href":"https:\/\/aliancaevangelica.pt\/site\/wp-json\/wp\/v2\/posts"}],"about":[{"href":"https:\/\/aliancaevangelica.pt\/site\/wp-json\/wp\/v2\/types\/post"}],"author":[{"embeddable":true,"href":"https:\/\/aliancaevangelica.pt\/site\/wp-json\/wp\/v2\/users\/2"}],"replies":[{"embeddable":true,"href":"https:\/\/aliancaevangelica.pt\/site\/wp-json\/wp\/v2\/comments?post=18814"}],"version-history":[{"count":5,"href":"https:\/\/aliancaevangelica.pt\/site\/wp-json\/wp\/v2\/posts\/18814\/revisions"}],"predecessor-version":[{"id":18832,"href":"https:\/\/aliancaevangelica.pt\/site\/wp-json\/wp\/v2\/posts\/18814\/revisions\/18832"}],"wp:featuredmedia":[{"embeddable":true,"href":"https:\/\/aliancaevangelica.pt\/site\/wp-json\/wp\/v2\/media\/18782"}],"wp:attachment":[{"href":"https:\/\/aliancaevangelica.pt\/site\/wp-json\/wp\/v2\/media?parent=18814"}],"wp:term":[{"taxonomy":"category","embeddable":true,"href":"https:\/\/aliancaevangelica.pt\/site\/wp-json\/wp\/v2\/categories?post=18814"},{"taxonomy":"post_tag","embeddable":true,"href":"https:\/\/aliancaevangelica.pt\/site\/wp-json\/wp\/v2\/tags?post=18814"}],"curies":[{"name":"wp","href":"https:\/\/api.w.org\/{rel}","templated":true}]}}