{"id":18806,"date":"2021-04-02T08:00:00","date_gmt":"2021-04-02T08:00:00","guid":{"rendered":"https:\/\/aliancaevangelica.pt\/site\/?p=18806"},"modified":"2021-03-23T16:04:02","modified_gmt":"2021-03-23T16:04:02","slug":"a-arte-no-proposito-divino","status":"publish","type":"post","link":"https:\/\/aliancaevangelica.pt\/site\/a-arte-no-proposito-divino\/","title":{"rendered":"A arte no prop\u00f3sito divino"},"content":{"rendered":"<p class=\"p1\">O meu nome \u00e9 V\u00e2nia Magalh\u00e3es e sou formada na \u00e1rea das artes pl\u00e1sticas e banda desenhada\/ilustra\u00e7\u00e3o.<\/p>\n<p class=\"p1\"><strong>Um convite<\/strong><\/p>\n<p class=\"p1\">Em Novembro de 2019, recebi um convite inesperado de uma amiga para ir at\u00e9 \u00e0 Guin\u00e9-Bissau, com a miss\u00e3o de pintar um mural, numa escola de uma aldeia mission\u00e1ria, constru\u00edda pelo projeto mission\u00e1rio <b>Semeadores de Alegria, <\/b>da fam\u00edlia Paulo e J\u00e9ssica Dur\u00e3o que atuam na Guin\u00e9-Bissau, com o foco de trabalhar com crian\u00e7as e com um projeto de constru\u00e7\u00e3o de uma aldeia mission\u00e1ria, da qual fazem parte uma escola, centro de sa\u00fade, recursos e infra-estruturas. No seu cora\u00e7\u00e3o est\u00e1 este desejo de amar como Cristo: semeando paz, esperan\u00e7a e alegria.<\/p>\n<p class=\"p1\">Na verdade, essa minha amiga j\u00e1 tinha praticamente tudo planeado para ir at\u00e9 l\u00e1 com a filha, para darem forma\u00e7\u00e3o na \u00e1rea do ensino e havia tamb\u00e9m o tal mural para pintar, tarefa que inicialmente pensaram em faz\u00ea-lo.<\/p>\n<p class=\"p1\">Um dia ao cruzar-se comigo, essa minha amiga pensou: \u201cA V\u00e2nia \u00e9 que era boa para pintar\u201d, e pronto, assim surgiu o convite. Eu nunca tinha tido o sonho mission\u00e1rio africano, mas depois de alguma hesita\u00e7\u00e3o, aceitei.<\/p>\n<p class=\"p1\"><strong>Um passo de f\u00e9<\/strong><\/p>\n<p class=\"p1\">Nesse tempo, eu era volunt\u00e1ria na equipa do Desafio Jovem (Opera\u00e7\u00e3o Josu\u00e9) e por isso n\u00e3o tinha recursos para poder financiar a viagem, os materiais e outros recursos. E logo a\u00ed foi um passo de f\u00e9, mas como Deus deseja que primeiro coloquemos o p\u00e9, para que Ele coloque o ch\u00e3o, assim foi: a minha amiga teve a ideia de criar um fundo de doa\u00e7\u00f5es para me suportar na viagem e esse foi o primeiro dos milagres que Deus tinha reservado.<\/p>\n<p class=\"p1\">Um an\u00f3nimo decidiu doar um valor muito alto e que acabou por financiar praticamente quase toda a viagem, em conjunto com a generosidade de tantas outras pessoas a quem Deus despertou o cora\u00e7\u00e3o. E l\u00e1 fomos. Eu tinha o desejo de fazer algo grande e excelente, porque n\u00e3o \u00e9 todos os dias que temos a oportunidade de pintar na Guin\u00e9!<\/p>\n<p class=\"p1\">Depois de aterrarmos e de termos tido um tempo de descanso, viaj\u00e1mos at\u00e9 \u00e0 aldeia mission\u00e1ria e l\u00e1 fic\u00e1mos quase uma semana. A vida na aldeia \u00e9 de um despojamento total, apesar dos mission\u00e1rios terem feito (e continuarem a fazer) um excelente trabalho no investimento de infraestruturas e recursos. Por conta disso, n\u00f3s acab\u00e1mos por ficar num alojamento l\u00e1 na aldeia com muitas condi\u00e7\u00f5es &#8211; eu gostaria de ter tido uma experi\u00eancia mais radical, de ter mergulhado mais na cultura e no estilo de vida guineense mas, quem sabe, fica para uma pr\u00f3xima oportunidade!<\/p>\n<p><img loading=\"lazy\" decoding=\"async\" class=\"alignnone  wp-image-18809\" src=\"https:\/\/aliancaevangelica.pt\/site\/wp-content\/uploads\/2021\/03\/Captura-de-ecra\u0303-2021-03-23-a\u0300s-15.58.16-300x225.png\" alt=\"\" width=\"591\" height=\"443\" srcset=\"https:\/\/aliancaevangelica.pt\/site\/wp-content\/uploads\/2021\/03\/Captura-de-ecra\u0303-2021-03-23-a\u0300s-15.58.16-300x225.png 300w, https:\/\/aliancaevangelica.pt\/site\/wp-content\/uploads\/2021\/03\/Captura-de-ecra\u0303-2021-03-23-a\u0300s-15.58.16-1024x767.png 1024w, https:\/\/aliancaevangelica.pt\/site\/wp-content\/uploads\/2021\/03\/Captura-de-ecra\u0303-2021-03-23-a\u0300s-15.58.16-768x575.png 768w, https:\/\/aliancaevangelica.pt\/site\/wp-content\/uploads\/2021\/03\/Captura-de-ecra\u0303-2021-03-23-a\u0300s-15.58.16-560x420.png 560w, https:\/\/aliancaevangelica.pt\/site\/wp-content\/uploads\/2021\/03\/Captura-de-ecra\u0303-2021-03-23-a\u0300s-15.58.16-900x675.png 900w, https:\/\/aliancaevangelica.pt\/site\/wp-content\/uploads\/2021\/03\/Captura-de-ecra\u0303-2021-03-23-a\u0300s-15.58.16.png 1322w\" sizes=\"auto, (max-width: 591px) 100vw, 591px\" \/><\/p>\n<p class=\"p1\"><strong>Pintar um mural<\/strong><\/p>\n<p class=\"p1\">Foram quatro dias a pintar em hor\u00e1rio alargado: as pausas eram para comer e repousar e depois pinc\u00e9is a funcionar! Acabei por fazer um mural muito maior do que o que tinha planeado, e ainda conseguimos fazer mais uma pequena pintura numa outra parede: foi realmente um projeto muito ousado para o tempo que t\u00ednhamos para o realizar, mas n\u00e3o podia ter sido de outra forma.<\/p>\n<p class=\"p1\">Das coisas que mais me marcaram, foi a capacidade de deslumbramento daqueles jovens e crian\u00e7as que ficavam horas pendurados nas janelas da sala onde eu pintava, simplesmente para acompanhar o processo da pintura.<\/p>\n<p class=\"p1\">Muitas vezes, era j\u00e1 noite e eu com os holofotes ligados a tentar escapar aos mosquitos, e as crian\u00e7as l\u00e1 fora a observar cada tra\u00e7o do pincel, cada mistura de cor, num deslumbramento puro e genu\u00edno. De cada vez, que surgia uma crian\u00e7a que ainda n\u00e3o tinha vindo espreitar, ouviam-se sons de encantamento e espanto que s\u00e3o universais em qualquer l\u00edngua do mundo.<\/p>\n<p class=\"p1\">Desafiou-me a pensar que deste lado do mundo, no nosso mundo ocidental e t\u00e3o evolu\u00eddo, cada vez menos temos o desejo ou a capacidade de nos deslumbrarmos at\u00e9 com as coisas mais simples. O que ainda nos deslumbra?<\/p>\n<p><img loading=\"lazy\" decoding=\"async\" class=\"alignnone  wp-image-18810\" src=\"https:\/\/aliancaevangelica.pt\/site\/wp-content\/uploads\/2021\/03\/Captura-de-ecra\u0303-2021-03-23-a\u0300s-16.01.49-300x225.png\" alt=\"\" width=\"569\" height=\"427\" srcset=\"https:\/\/aliancaevangelica.pt\/site\/wp-content\/uploads\/2021\/03\/Captura-de-ecra\u0303-2021-03-23-a\u0300s-16.01.49-300x225.png 300w, https:\/\/aliancaevangelica.pt\/site\/wp-content\/uploads\/2021\/03\/Captura-de-ecra\u0303-2021-03-23-a\u0300s-16.01.49-1024x769.png 1024w, https:\/\/aliancaevangelica.pt\/site\/wp-content\/uploads\/2021\/03\/Captura-de-ecra\u0303-2021-03-23-a\u0300s-16.01.49-768x577.png 768w, https:\/\/aliancaevangelica.pt\/site\/wp-content\/uploads\/2021\/03\/Captura-de-ecra\u0303-2021-03-23-a\u0300s-16.01.49-560x420.png 560w, https:\/\/aliancaevangelica.pt\/site\/wp-content\/uploads\/2021\/03\/Captura-de-ecra\u0303-2021-03-23-a\u0300s-16.01.49-900x675.png 900w, https:\/\/aliancaevangelica.pt\/site\/wp-content\/uploads\/2021\/03\/Captura-de-ecra\u0303-2021-03-23-a\u0300s-16.01.49.png 1318w\" sizes=\"auto, (max-width: 569px) 100vw, 569px\" \/><\/p>\n<p class=\"p1\"><strong>Servir com a arte<\/strong><\/p>\n<p class=\"p1\">Eu vivia um pouco desconetada do meu talento de pintar e desenhar, porque em mim sempre existiu o desejo de servir a Deus, por\u00e9m eu achava que servir a Deus atrav\u00e9s da Arte era uma esp\u00e9cie de \u201cservi\u00e7o menor\u201d. Servir a Deus devia ser com a Medicina, com a miss\u00e3o, com o evangelismo mas n\u00e3o com a Arte. Como \u00e9 que a Arte poderia mudar vidas? Como poderia trazer esperan\u00e7a a um mundo ca\u00f3tico?<\/p>\n<p class=\"p1\">A experi\u00eancia da Guin\u00e9 acabou por me reconciliar com este talento e enquadr\u00e1-lo com o Reino de Deus. Hoje entendo que a Arte tem um prop\u00f3sito divino muito claro: ser a manifesta\u00e7\u00e3o do Belo, da Beleza, ou seja, marcar em beleza um mundo ca\u00eddo e desfigurado da imagem de Deus e do seu projeto original.<\/p>\n<p class=\"p1\">Apesar da cria\u00e7\u00e3o estar cada vez mais longe do Seu Criador e o mesmo ter acontecido com a Arte, que cada vez mais se tem afastado do Primeiro Artista &#8211; transformando-se em subversiva, mas desprovida do Belo &#8211; a cria\u00e7\u00e3o carece da Arte, para recuperar e pontuar a sua Beleza.<\/p>\n<p class=\"p1\">Ent\u00e3o, a Arte que revela a Beleza do Criador e ressalta a Beleza da cria\u00e7\u00e3o tem um prop\u00f3sito e uma miss\u00e3o divina, t\u00e3o necess\u00e1ria como qualquer outra express\u00e3o de servi\u00e7o. Hoje, isso \u00e9 algo que est\u00e1 apaziguado no meu entendimento.<\/p>\n<p class=\"p1\"><strong>Deus de milagres<\/strong><\/p>\n<p class=\"p1\">Para al\u00e9m da pintura, tive ainda o privil\u00e9gio de poder participar de um culto na aldeia mission\u00e1ria, onde os momentos de louvor at\u00e9 hoje ecoam nos meus ouvidos. Como \u00e9 poss\u00edvel um tempo de adora\u00e7\u00e3o composto \u00fanica e exclusivamente de vozes e palmas conseguir penetrar t\u00e3o profundamente o nosso cora\u00e7\u00e3o? Creio que a simplicidade do louvor, mas o desejo profundo de louvar, cativam o cora\u00e7\u00e3o do nosso Deus.<\/p>\n<p class=\"p1\">Ainda nesse culto tive o privil\u00e9gio de pregar e de repente n\u00e3o sabia bem o que havia de falar.<span class=\"Apple-converted-space\">\u00a0 <\/span>Como partilhar o Evangelho naquela realidade? O que Jesus ensinaria naquele contexto?<\/p>\n<p class=\"p1\">Do p\u00falpito, recordei a mulher da hemorragia interna, que mais do que um milagre no corpo, experimentou um milagre no seu cora\u00e7\u00e3o, com a convic\u00e7\u00e3o profunda que Deus continua empenhado a fazer milagres em cora\u00e7\u00f5es humanos, independentemente do lugar do mundo em que nos encontremos.<\/p>\n<p>[movedo_single_image image=&#8221;18805&#8243; animation=&#8221;grve-zoom-in&#8221;]V\u00e2nia Magalh\u00e3es<\/p>\n<p class=\"p1\">Licenciada em BD\/Ilustra\u00e7\u00e3o e Mestre em Artes Pl\u00e1sticas<\/p>\n<p class=\"p1\">Cooperadora no Desafio Jovem Portugal.<\/p>\n<p class=\"p1\">\n","protected":false},"excerpt":{"rendered":"<p>O meu nome \u00e9 V\u00e2nia Magalh\u00e3es e sou formada na \u00e1rea das artes pl\u00e1sticas e banda desenhada\/ilustra\u00e7\u00e3o. Um convite Em Novembro de 2019, recebi um convite inesperado de uma amiga para ir at\u00e9 \u00e0 Guin\u00e9-Bissau, com a miss\u00e3o de pintar um mural, numa escola de uma aldeia mission\u00e1ria, constru\u00edda pelo projeto mission\u00e1rio Semeadores de Alegria,<\/p>\n","protected":false},"author":2,"featured_media":18808,"comment_status":"open","ping_status":"open","sticky":false,"template":"","format":"standard","meta":{"_uag_custom_page_level_css":"","_themeisle_gutenberg_block_has_review":false,"_vp_format_video_url":"","_vp_image_focal_point":[],"footnotes":""},"categories":[45,47],"tags":[],"class_list":["post-18806","post","type-post","status-publish","format-standard","has-post-thumbnail","hentry","category-geral","category-mulheres-casais-e-familia"],"yoast_head":"<!-- This site is optimized with the Yoast SEO plugin v27.5 - https:\/\/yoast.com\/product\/yoast-seo-wordpress\/ -->\n<title>A arte no prop\u00f3sito divino - AEP<\/title>\n<meta name=\"robots\" content=\"index, follow, max-snippet:-1, max-image-preview:large, max-video-preview:-1\" \/>\n<link rel=\"canonical\" href=\"https:\/\/aliancaevangelica.pt\/site\/a-arte-no-proposito-divino\/\" \/>\n<meta property=\"og:locale\" content=\"pt_PT\" \/>\n<meta property=\"og:type\" content=\"article\" \/>\n<meta property=\"og:title\" content=\"A arte no prop\u00f3sito divino - AEP\" \/>\n<meta property=\"og:description\" content=\"O meu nome \u00e9 V\u00e2nia Magalh\u00e3es e sou formada na \u00e1rea das artes pl\u00e1sticas e banda desenhada\/ilustra\u00e7\u00e3o. Um convite Em Novembro de 2019, recebi um convite inesperado de uma amiga para ir at\u00e9 \u00e0 Guin\u00e9-Bissau, com a miss\u00e3o de pintar um mural, numa escola de uma aldeia mission\u00e1ria, constru\u00edda pelo projeto mission\u00e1rio Semeadores de Alegria,\" \/>\n<meta property=\"og:url\" content=\"https:\/\/aliancaevangelica.pt\/site\/a-arte-no-proposito-divino\/\" \/>\n<meta property=\"og:site_name\" content=\"AEP\" \/>\n<meta property=\"article:publisher\" content=\"http:\/\/facebook.com\/aeportuguesa\" \/>\n<meta property=\"article:author\" content=\"aeportugal\" \/>\n<meta property=\"article:published_time\" content=\"2021-04-02T08:00:00+00:00\" \/>\n<meta property=\"og:image\" content=\"https:\/\/aliancaevangelica.pt\/site\/wp-content\/uploads\/2021\/03\/Captura-de-ecra\u0303-2021-03-23-a\u0300s-15.56.12.png\" \/>\n\t<meta property=\"og:image:width\" content=\"1322\" \/>\n\t<meta property=\"og:image:height\" content=\"990\" \/>\n\t<meta property=\"og:image:type\" content=\"image\/png\" \/>\n<meta name=\"author\" content=\"AEP\" \/>\n<meta name=\"twitter:card\" content=\"summary_large_image\" \/>\n<meta name=\"twitter:label1\" content=\"Escrito por\" \/>\n\t<meta name=\"twitter:data1\" content=\"AEP\" \/>\n\t<meta name=\"twitter:label2\" content=\"Tempo estimado de leitura\" \/>\n\t<meta name=\"twitter:data2\" content=\"6 minutos\" \/>\n<script type=\"application\/ld+json\" class=\"yoast-schema-graph\">{\"@context\":\"https:\\\/\\\/schema.org\",\"@graph\":[{\"@type\":\"Article\",\"@id\":\"https:\\\/\\\/aliancaevangelica.pt\\\/site\\\/a-arte-no-proposito-divino\\\/#article\",\"isPartOf\":{\"@id\":\"https:\\\/\\\/aliancaevangelica.pt\\\/site\\\/a-arte-no-proposito-divino\\\/\"},\"author\":{\"name\":\"AEP\",\"@id\":\"https:\\\/\\\/aliancaevangelica.pt\\\/site\\\/#\\\/schema\\\/person\\\/3b47cfc7535eff1e820f31c2d67eafcf\"},\"headline\":\"A arte no prop\u00f3sito divino\",\"datePublished\":\"2021-04-02T08:00:00+00:00\",\"mainEntityOfPage\":{\"@id\":\"https:\\\/\\\/aliancaevangelica.pt\\\/site\\\/a-arte-no-proposito-divino\\\/\"},\"wordCount\":1112,\"commentCount\":0,\"publisher\":{\"@id\":\"https:\\\/\\\/aliancaevangelica.pt\\\/site\\\/#organization\"},\"image\":{\"@id\":\"https:\\\/\\\/aliancaevangelica.pt\\\/site\\\/a-arte-no-proposito-divino\\\/#primaryimage\"},\"thumbnailUrl\":\"https:\\\/\\\/aliancaevangelica.pt\\\/site\\\/wp-content\\\/uploads\\\/2021\\\/03\\\/Captura-de-ecra\u0303-2021-03-23-a\u0300s-15.56.12.png\",\"articleSection\":[\"1-Geral\",\"MULHERES, CASAIS E FAM\u00cdLIA\"],\"inLanguage\":\"pt-PT\",\"potentialAction\":[{\"@type\":\"CommentAction\",\"name\":\"Comment\",\"target\":[\"https:\\\/\\\/aliancaevangelica.pt\\\/site\\\/a-arte-no-proposito-divino\\\/#respond\"]}]},{\"@type\":\"WebPage\",\"@id\":\"https:\\\/\\\/aliancaevangelica.pt\\\/site\\\/a-arte-no-proposito-divino\\\/\",\"url\":\"https:\\\/\\\/aliancaevangelica.pt\\\/site\\\/a-arte-no-proposito-divino\\\/\",\"name\":\"A arte no prop\u00f3sito divino - AEP\",\"isPartOf\":{\"@id\":\"https:\\\/\\\/aliancaevangelica.pt\\\/site\\\/#website\"},\"primaryImageOfPage\":{\"@id\":\"https:\\\/\\\/aliancaevangelica.pt\\\/site\\\/a-arte-no-proposito-divino\\\/#primaryimage\"},\"image\":{\"@id\":\"https:\\\/\\\/aliancaevangelica.pt\\\/site\\\/a-arte-no-proposito-divino\\\/#primaryimage\"},\"thumbnailUrl\":\"https:\\\/\\\/aliancaevangelica.pt\\\/site\\\/wp-content\\\/uploads\\\/2021\\\/03\\\/Captura-de-ecra\u0303-2021-03-23-a\u0300s-15.56.12.png\",\"datePublished\":\"2021-04-02T08:00:00+00:00\",\"breadcrumb\":{\"@id\":\"https:\\\/\\\/aliancaevangelica.pt\\\/site\\\/a-arte-no-proposito-divino\\\/#breadcrumb\"},\"inLanguage\":\"pt-PT\",\"potentialAction\":[{\"@type\":\"ReadAction\",\"target\":[\"https:\\\/\\\/aliancaevangelica.pt\\\/site\\\/a-arte-no-proposito-divino\\\/\"]}]},{\"@type\":\"ImageObject\",\"inLanguage\":\"pt-PT\",\"@id\":\"https:\\\/\\\/aliancaevangelica.pt\\\/site\\\/a-arte-no-proposito-divino\\\/#primaryimage\",\"url\":\"https:\\\/\\\/aliancaevangelica.pt\\\/site\\\/wp-content\\\/uploads\\\/2021\\\/03\\\/Captura-de-ecra\u0303-2021-03-23-a\u0300s-15.56.12.png\",\"contentUrl\":\"https:\\\/\\\/aliancaevangelica.pt\\\/site\\\/wp-content\\\/uploads\\\/2021\\\/03\\\/Captura-de-ecra\u0303-2021-03-23-a\u0300s-15.56.12.png\",\"width\":1322,\"height\":990},{\"@type\":\"BreadcrumbList\",\"@id\":\"https:\\\/\\\/aliancaevangelica.pt\\\/site\\\/a-arte-no-proposito-divino\\\/#breadcrumb\",\"itemListElement\":[{\"@type\":\"ListItem\",\"position\":1,\"name\":\"In\u00edcio\",\"item\":\"https:\\\/\\\/aliancaevangelica.pt\\\/site\\\/\"},{\"@type\":\"ListItem\",\"position\":2,\"name\":\"A arte no prop\u00f3sito divino\"}]},{\"@type\":\"WebSite\",\"@id\":\"https:\\\/\\\/aliancaevangelica.pt\\\/site\\\/#website\",\"url\":\"https:\\\/\\\/aliancaevangelica.pt\\\/site\\\/\",\"name\":\"Alian\u00e7a Evang\u00e9lica Portuguesa\",\"description\":\"Alian\u00e7a Evang\u00e9lica Portuguesa\",\"publisher\":{\"@id\":\"https:\\\/\\\/aliancaevangelica.pt\\\/site\\\/#organization\"},\"potentialAction\":[{\"@type\":\"SearchAction\",\"target\":{\"@type\":\"EntryPoint\",\"urlTemplate\":\"https:\\\/\\\/aliancaevangelica.pt\\\/site\\\/?s={search_term_string}\"},\"query-input\":{\"@type\":\"PropertyValueSpecification\",\"valueRequired\":true,\"valueName\":\"search_term_string\"}}],\"inLanguage\":\"pt-PT\"},{\"@type\":\"Organization\",\"@id\":\"https:\\\/\\\/aliancaevangelica.pt\\\/site\\\/#organization\",\"name\":\"Alian\u00e7a Evang\u00e9lica Portuguesa\",\"url\":\"https:\\\/\\\/aliancaevangelica.pt\\\/site\\\/\",\"logo\":{\"@type\":\"ImageObject\",\"inLanguage\":\"pt-PT\",\"@id\":\"https:\\\/\\\/aliancaevangelica.pt\\\/site\\\/#\\\/schema\\\/logo\\\/image\\\/\",\"url\":\"https:\\\/\\\/aliancaevangelica.pt\\\/site\\\/wp-content\\\/uploads\\\/2017\\\/11\\\/logo-AEP-cor.png\",\"contentUrl\":\"https:\\\/\\\/aliancaevangelica.pt\\\/site\\\/wp-content\\\/uploads\\\/2017\\\/11\\\/logo-AEP-cor.png\",\"width\":1156,\"height\":672,\"caption\":\"Alian\u00e7a Evang\u00e9lica Portuguesa\"},\"image\":{\"@id\":\"https:\\\/\\\/aliancaevangelica.pt\\\/site\\\/#\\\/schema\\\/logo\\\/image\\\/\"},\"sameAs\":[\"http:\\\/\\\/facebook.com\\\/aeportuguesa\",\"http:\\\/\\\/instagram.com\\\/aliancaep\",\"http:\\\/\\\/youtube.com\\\/aeportuguesa\"]},{\"@type\":\"Person\",\"@id\":\"https:\\\/\\\/aliancaevangelica.pt\\\/site\\\/#\\\/schema\\\/person\\\/3b47cfc7535eff1e820f31c2d67eafcf\",\"name\":\"AEP\",\"sameAs\":[\"aeportugal\"],\"url\":\"https:\\\/\\\/aliancaevangelica.pt\\\/site\\\/author\\\/aeportugal\\\/\"}]}<\/script>\n<!-- \/ Yoast SEO plugin. -->","yoast_head_json":{"title":"A arte no prop\u00f3sito divino - AEP","robots":{"index":"index","follow":"follow","max-snippet":"max-snippet:-1","max-image-preview":"max-image-preview:large","max-video-preview":"max-video-preview:-1"},"canonical":"https:\/\/aliancaevangelica.pt\/site\/a-arte-no-proposito-divino\/","og_locale":"pt_PT","og_type":"article","og_title":"A arte no prop\u00f3sito divino - AEP","og_description":"O meu nome \u00e9 V\u00e2nia Magalh\u00e3es e sou formada na \u00e1rea das artes pl\u00e1sticas e banda desenhada\/ilustra\u00e7\u00e3o. Um convite Em Novembro de 2019, recebi um convite inesperado de uma amiga para ir at\u00e9 \u00e0 Guin\u00e9-Bissau, com a miss\u00e3o de pintar um mural, numa escola de uma aldeia mission\u00e1ria, constru\u00edda pelo projeto mission\u00e1rio Semeadores de Alegria,","og_url":"https:\/\/aliancaevangelica.pt\/site\/a-arte-no-proposito-divino\/","og_site_name":"AEP","article_publisher":"http:\/\/facebook.com\/aeportuguesa","article_author":"aeportugal","article_published_time":"2021-04-02T08:00:00+00:00","og_image":[{"width":1322,"height":990,"url":"https:\/\/aliancaevangelica.pt\/site\/wp-content\/uploads\/2021\/03\/Captura-de-ecra\u0303-2021-03-23-a\u0300s-15.56.12.png","type":"image\/png"}],"author":"AEP","twitter_card":"summary_large_image","twitter_misc":{"Escrito por":"AEP","Tempo estimado de leitura":"6 minutos"},"schema":{"@context":"https:\/\/schema.org","@graph":[{"@type":"Article","@id":"https:\/\/aliancaevangelica.pt\/site\/a-arte-no-proposito-divino\/#article","isPartOf":{"@id":"https:\/\/aliancaevangelica.pt\/site\/a-arte-no-proposito-divino\/"},"author":{"name":"AEP","@id":"https:\/\/aliancaevangelica.pt\/site\/#\/schema\/person\/3b47cfc7535eff1e820f31c2d67eafcf"},"headline":"A arte no prop\u00f3sito divino","datePublished":"2021-04-02T08:00:00+00:00","mainEntityOfPage":{"@id":"https:\/\/aliancaevangelica.pt\/site\/a-arte-no-proposito-divino\/"},"wordCount":1112,"commentCount":0,"publisher":{"@id":"https:\/\/aliancaevangelica.pt\/site\/#organization"},"image":{"@id":"https:\/\/aliancaevangelica.pt\/site\/a-arte-no-proposito-divino\/#primaryimage"},"thumbnailUrl":"https:\/\/aliancaevangelica.pt\/site\/wp-content\/uploads\/2021\/03\/Captura-de-ecra\u0303-2021-03-23-a\u0300s-15.56.12.png","articleSection":["1-Geral","MULHERES, CASAIS E FAM\u00cdLIA"],"inLanguage":"pt-PT","potentialAction":[{"@type":"CommentAction","name":"Comment","target":["https:\/\/aliancaevangelica.pt\/site\/a-arte-no-proposito-divino\/#respond"]}]},{"@type":"WebPage","@id":"https:\/\/aliancaevangelica.pt\/site\/a-arte-no-proposito-divino\/","url":"https:\/\/aliancaevangelica.pt\/site\/a-arte-no-proposito-divino\/","name":"A arte no prop\u00f3sito divino - AEP","isPartOf":{"@id":"https:\/\/aliancaevangelica.pt\/site\/#website"},"primaryImageOfPage":{"@id":"https:\/\/aliancaevangelica.pt\/site\/a-arte-no-proposito-divino\/#primaryimage"},"image":{"@id":"https:\/\/aliancaevangelica.pt\/site\/a-arte-no-proposito-divino\/#primaryimage"},"thumbnailUrl":"https:\/\/aliancaevangelica.pt\/site\/wp-content\/uploads\/2021\/03\/Captura-de-ecra\u0303-2021-03-23-a\u0300s-15.56.12.png","datePublished":"2021-04-02T08:00:00+00:00","breadcrumb":{"@id":"https:\/\/aliancaevangelica.pt\/site\/a-arte-no-proposito-divino\/#breadcrumb"},"inLanguage":"pt-PT","potentialAction":[{"@type":"ReadAction","target":["https:\/\/aliancaevangelica.pt\/site\/a-arte-no-proposito-divino\/"]}]},{"@type":"ImageObject","inLanguage":"pt-PT","@id":"https:\/\/aliancaevangelica.pt\/site\/a-arte-no-proposito-divino\/#primaryimage","url":"https:\/\/aliancaevangelica.pt\/site\/wp-content\/uploads\/2021\/03\/Captura-de-ecra\u0303-2021-03-23-a\u0300s-15.56.12.png","contentUrl":"https:\/\/aliancaevangelica.pt\/site\/wp-content\/uploads\/2021\/03\/Captura-de-ecra\u0303-2021-03-23-a\u0300s-15.56.12.png","width":1322,"height":990},{"@type":"BreadcrumbList","@id":"https:\/\/aliancaevangelica.pt\/site\/a-arte-no-proposito-divino\/#breadcrumb","itemListElement":[{"@type":"ListItem","position":1,"name":"In\u00edcio","item":"https:\/\/aliancaevangelica.pt\/site\/"},{"@type":"ListItem","position":2,"name":"A arte no prop\u00f3sito divino"}]},{"@type":"WebSite","@id":"https:\/\/aliancaevangelica.pt\/site\/#website","url":"https:\/\/aliancaevangelica.pt\/site\/","name":"Alian\u00e7a Evang\u00e9lica Portuguesa","description":"Alian\u00e7a Evang\u00e9lica Portuguesa","publisher":{"@id":"https:\/\/aliancaevangelica.pt\/site\/#organization"},"potentialAction":[{"@type":"SearchAction","target":{"@type":"EntryPoint","urlTemplate":"https:\/\/aliancaevangelica.pt\/site\/?s={search_term_string}"},"query-input":{"@type":"PropertyValueSpecification","valueRequired":true,"valueName":"search_term_string"}}],"inLanguage":"pt-PT"},{"@type":"Organization","@id":"https:\/\/aliancaevangelica.pt\/site\/#organization","name":"Alian\u00e7a Evang\u00e9lica Portuguesa","url":"https:\/\/aliancaevangelica.pt\/site\/","logo":{"@type":"ImageObject","inLanguage":"pt-PT","@id":"https:\/\/aliancaevangelica.pt\/site\/#\/schema\/logo\/image\/","url":"https:\/\/aliancaevangelica.pt\/site\/wp-content\/uploads\/2017\/11\/logo-AEP-cor.png","contentUrl":"https:\/\/aliancaevangelica.pt\/site\/wp-content\/uploads\/2017\/11\/logo-AEP-cor.png","width":1156,"height":672,"caption":"Alian\u00e7a Evang\u00e9lica Portuguesa"},"image":{"@id":"https:\/\/aliancaevangelica.pt\/site\/#\/schema\/logo\/image\/"},"sameAs":["http:\/\/facebook.com\/aeportuguesa","http:\/\/instagram.com\/aliancaep","http:\/\/youtube.com\/aeportuguesa"]},{"@type":"Person","@id":"https:\/\/aliancaevangelica.pt\/site\/#\/schema\/person\/3b47cfc7535eff1e820f31c2d67eafcf","name":"AEP","sameAs":["aeportugal"],"url":"https:\/\/aliancaevangelica.pt\/site\/author\/aeportugal\/"}]}},"uagb_featured_image_src":{"full":["https:\/\/aliancaevangelica.pt\/site\/wp-content\/uploads\/2021\/03\/Captura-de-ecra\u0303-2021-03-23-a\u0300s-15.56.12.png",1322,990,false],"thumbnail":["https:\/\/aliancaevangelica.pt\/site\/wp-content\/uploads\/2021\/03\/Captura-de-ecra\u0303-2021-03-23-a\u0300s-15.56.12-150x150.png",150,150,true],"medium":["https:\/\/aliancaevangelica.pt\/site\/wp-content\/uploads\/2021\/03\/Captura-de-ecra\u0303-2021-03-23-a\u0300s-15.56.12-300x225.png",300,225,true],"medium_large":["https:\/\/aliancaevangelica.pt\/site\/wp-content\/uploads\/2021\/03\/Captura-de-ecra\u0303-2021-03-23-a\u0300s-15.56.12-768x575.png",768,575,true],"large":["https:\/\/aliancaevangelica.pt\/site\/wp-content\/uploads\/2021\/03\/Captura-de-ecra\u0303-2021-03-23-a\u0300s-15.56.12-1024x767.png",960,719,true],"1536x1536":["https:\/\/aliancaevangelica.pt\/site\/wp-content\/uploads\/2021\/03\/Captura-de-ecra\u0303-2021-03-23-a\u0300s-15.56.12.png",1322,990,false],"2048x2048":["https:\/\/aliancaevangelica.pt\/site\/wp-content\/uploads\/2021\/03\/Captura-de-ecra\u0303-2021-03-23-a\u0300s-15.56.12.png",1322,990,false],"vp_sm":["https:\/\/aliancaevangelica.pt\/site\/wp-content\/uploads\/2021\/03\/Captura-de-ecra\u0303-2021-03-23-a\u0300s-15.56.12.png",500,374,false],"vp_md":["https:\/\/aliancaevangelica.pt\/site\/wp-content\/uploads\/2021\/03\/Captura-de-ecra\u0303-2021-03-23-a\u0300s-15.56.12.png",800,599,false],"vp_lg":["https:\/\/aliancaevangelica.pt\/site\/wp-content\/uploads\/2021\/03\/Captura-de-ecra\u0303-2021-03-23-a\u0300s-15.56.12.png",1280,959,false],"vp_xl":["https:\/\/aliancaevangelica.pt\/site\/wp-content\/uploads\/2021\/03\/Captura-de-ecra\u0303-2021-03-23-a\u0300s-15.56.12.png",1322,990,false],"vp_sm_popup":["https:\/\/aliancaevangelica.pt\/site\/wp-content\/uploads\/2021\/03\/Captura-de-ecra\u0303-2021-03-23-a\u0300s-15.56.12.png",500,374,false],"vp_md_popup":["https:\/\/aliancaevangelica.pt\/site\/wp-content\/uploads\/2021\/03\/Captura-de-ecra\u0303-2021-03-23-a\u0300s-15.56.12.png",800,599,false],"vp_xl_popup":["https:\/\/aliancaevangelica.pt\/site\/wp-content\/uploads\/2021\/03\/Captura-de-ecra\u0303-2021-03-23-a\u0300s-15.56.12.png",1322,990,false],"newsx-150x100":["https:\/\/aliancaevangelica.pt\/site\/wp-content\/uploads\/2021\/03\/Captura-de-ecra\u0303-2021-03-23-a\u0300s-15.56.12.png",134,100,false],"newsx-330x220":["https:\/\/aliancaevangelica.pt\/site\/wp-content\/uploads\/2021\/03\/Captura-de-ecra\u0303-2021-03-23-a\u0300s-15.56.12.png",294,220,false],"newsx-420x280":["https:\/\/aliancaevangelica.pt\/site\/wp-content\/uploads\/2021\/03\/Captura-de-ecra\u0303-2021-03-23-a\u0300s-15.56.12.png",374,280,false],"newsx-510x340":["https:\/\/aliancaevangelica.pt\/site\/wp-content\/uploads\/2021\/03\/Captura-de-ecra\u0303-2021-03-23-a\u0300s-15.56.12.png",454,340,false],"newsx-640x480":["https:\/\/aliancaevangelica.pt\/site\/wp-content\/uploads\/2021\/03\/Captura-de-ecra\u0303-2021-03-23-a\u0300s-15.56.12.png",640,480,false],"newsx-670x370":["https:\/\/aliancaevangelica.pt\/site\/wp-content\/uploads\/2021\/03\/Captura-de-ecra\u0303-2021-03-23-a\u0300s-15.56.12.png",494,370,false],"newsx-860x570":["https:\/\/aliancaevangelica.pt\/site\/wp-content\/uploads\/2021\/03\/Captura-de-ecra\u0303-2021-03-23-a\u0300s-15.56.12.png",761,570,false],"newsx-1000x750":["https:\/\/aliancaevangelica.pt\/site\/wp-content\/uploads\/2021\/03\/Captura-de-ecra\u0303-2021-03-23-a\u0300s-15.56.12.png",1000,750,false],"newsx-1200x600":["https:\/\/aliancaevangelica.pt\/site\/wp-content\/uploads\/2021\/03\/Captura-de-ecra\u0303-2021-03-23-a\u0300s-15.56.12.png",801,600,false]},"uagb_author_info":{"display_name":"AEP","author_link":"https:\/\/aliancaevangelica.pt\/site\/author\/aeportugal\/"},"uagb_comment_info":0,"uagb_excerpt":"O meu nome \u00e9 V\u00e2nia Magalh\u00e3es e sou formada na \u00e1rea das artes pl\u00e1sticas e banda desenhada\/ilustra\u00e7\u00e3o. Um convite Em Novembro de 2019, recebi um convite inesperado de uma amiga para ir at\u00e9 \u00e0 Guin\u00e9-Bissau, com a miss\u00e3o de pintar um mural, numa escola de uma aldeia mission\u00e1ria, constru\u00edda pelo projeto mission\u00e1rio Semeadores de Alegria,","_links":{"self":[{"href":"https:\/\/aliancaevangelica.pt\/site\/wp-json\/wp\/v2\/posts\/18806","targetHints":{"allow":["GET"]}}],"collection":[{"href":"https:\/\/aliancaevangelica.pt\/site\/wp-json\/wp\/v2\/posts"}],"about":[{"href":"https:\/\/aliancaevangelica.pt\/site\/wp-json\/wp\/v2\/types\/post"}],"author":[{"embeddable":true,"href":"https:\/\/aliancaevangelica.pt\/site\/wp-json\/wp\/v2\/users\/2"}],"replies":[{"embeddable":true,"href":"https:\/\/aliancaevangelica.pt\/site\/wp-json\/wp\/v2\/comments?post=18806"}],"version-history":[{"count":2,"href":"https:\/\/aliancaevangelica.pt\/site\/wp-json\/wp\/v2\/posts\/18806\/revisions"}],"predecessor-version":[{"id":18811,"href":"https:\/\/aliancaevangelica.pt\/site\/wp-json\/wp\/v2\/posts\/18806\/revisions\/18811"}],"wp:featuredmedia":[{"embeddable":true,"href":"https:\/\/aliancaevangelica.pt\/site\/wp-json\/wp\/v2\/media\/18808"}],"wp:attachment":[{"href":"https:\/\/aliancaevangelica.pt\/site\/wp-json\/wp\/v2\/media?parent=18806"}],"wp:term":[{"taxonomy":"category","embeddable":true,"href":"https:\/\/aliancaevangelica.pt\/site\/wp-json\/wp\/v2\/categories?post=18806"},{"taxonomy":"post_tag","embeddable":true,"href":"https:\/\/aliancaevangelica.pt\/site\/wp-json\/wp\/v2\/tags?post=18806"}],"curies":[{"name":"wp","href":"https:\/\/api.w.org\/{rel}","templated":true}]}}