{"id":18800,"date":"2021-03-19T10:37:25","date_gmt":"2021-03-19T10:37:25","guid":{"rendered":"https:\/\/aliancaevangelica.pt\/site\/?p=18800"},"modified":"2021-03-19T10:37:28","modified_gmt":"2021-03-19T10:37:28","slug":"ajudar-em-tempos-de-pandemia","status":"publish","type":"post","link":"https:\/\/aliancaevangelica.pt\/site\/ajudar-em-tempos-de-pandemia\/","title":{"rendered":"Ajudar em tempos de pandemia"},"content":{"rendered":"<p class=\"p1\">S\u00e3o muitos os que neste tempo de pandemia t\u00eam ficado mais vulner\u00e1veis. Desde logo, aqueles que, em condi\u00e7\u00f5es normais, j\u00e1 s\u00e3o desfavorecidos em quest\u00e3o de desigualdade social: os refugiados, imigrantes, os que t\u00eam menos qualifica\u00e7\u00f5es, os que t\u00eam trabalhos prec\u00e1rios, os que t\u00eam menos acesso a recursos digitais e as v\u00edtimas de viol\u00eancia dom\u00e9stica.<\/p>\n<p class=\"p1\">Se conhece algu\u00e9m nestas ou noutras situa\u00e7\u00f5es de fragilidade, e se, dentro das suas possibilidades e com as devidas prote\u00e7\u00f5es, puder ajudar, fa\u00e7a-o com sabedoria e prud\u00eancia.<\/p>\n<p class=\"p1\">Eis aqui alguns exemplos de ajuda que poder\u00e1 dar:<\/p>\n<p class=\"p1\">&#8211; Ofere\u00e7a alguns alimentos a uma fam\u00edlia desempregada ou imigrante perto de si, e que tenha algumas necessidades nesta ou noutras \u00e1reas b\u00e1sicas (use sempre as devidas prote\u00e7\u00f5es).<\/p>\n<p class=\"p1\">&#8211; Se tem uma empresa e pode oferecer trabalho a algu\u00e9m, fa\u00e7a-o.<\/p>\n<p class=\"p1\">&#8211; Dentro do poss\u00edvel, compre e consuma produtos da economia nacional (\u00e9 grande o n\u00famero das empresas que n\u00e3o consegue subsistir neste tempo, sem vendas e abre fal\u00eancia).<\/p>\n<p class=\"p1\">&#8211; Se tem um PC a mais e pode emprestar ou oferecer, fa\u00e7a-o. H\u00e1 crian\u00e7as que podem precisar para os trabalhos escolares.<\/p>\n<p class=\"p1\">&#8211; Se conhece algu\u00e9m que passa ou passou situa\u00e7\u00f5es de viol\u00eancia dom\u00e9stica, ofere\u00e7a-se para ajudar, para ouvir, para ser pessoa de confian\u00e7a.<\/p>\n<p class=\"p1\">&#8211; Nas redes sociais, ou por telefone, tente estar em contacto principalmente com pessoas que est\u00e3o s\u00f3s. Escreva e fale mensagens de esperan\u00e7a, encorajamento e \u00e2nimo.<\/p>\n<p class=\"p1\">Por vezes, nem todas as pessoas conseguem logo pedir ajuda explicitamente, e, tal como os quatro amigos que levaram o paral\u00edtico a Jesus (Mateus 9:2-6), \u00e9 poss\u00edvel que neste tempo tenhamos de \u201ccarregar\u201d algu\u00e9m na esteira das nossas ora\u00e7\u00f5es, dos nossos cuidados ou mensagens de esperan\u00e7a. Sim, plantar esperan\u00e7a nos cora\u00e7\u00f5es tristes deve ser t\u00e3o frequente neste tempo, quanto desinfetar as m\u00e3os ou usar m\u00e1scara.<\/p>\n<p>[movedo_single_image image=&#8221;18801&#8243; animation=&#8221;grve-zoom-in&#8221;]Elsa Correia Pereira<\/p>\n<p class=\"p1\">Soci\u00f3loga<\/p>\n<p class=\"p1\">\n","protected":false},"excerpt":{"rendered":"<p>S\u00e3o muitos os que neste tempo de pandemia t\u00eam ficado mais vulner\u00e1veis. Desde logo, aqueles que, em condi\u00e7\u00f5es normais, j\u00e1 s\u00e3o desfavorecidos em quest\u00e3o de desigualdade social: os refugiados, imigrantes, os que t\u00eam menos qualifica\u00e7\u00f5es, os que t\u00eam trabalhos prec\u00e1rios, os que t\u00eam menos acesso a recursos digitais e as v\u00edtimas de viol\u00eancia dom\u00e9stica. Se<\/p>\n","protected":false},"author":2,"featured_media":18802,"comment_status":"open","ping_status":"open","sticky":false,"template":"","format":"standard","meta":{"_uag_custom_page_level_css":"","_themeisle_gutenberg_block_has_review":false,"_vp_format_video_url":"","_vp_image_focal_point":[],"footnotes":""},"categories":[45,47],"tags":[],"class_list":["post-18800","post","type-post","status-publish","format-standard","has-post-thumbnail","hentry","category-geral","category-mulheres-casais-e-familia"],"yoast_head":"<!-- This site is optimized with the Yoast SEO plugin v27.5 - https:\/\/yoast.com\/product\/yoast-seo-wordpress\/ -->\n<title>Ajudar em tempos de pandemia - AEP<\/title>\n<meta name=\"robots\" content=\"index, follow, max-snippet:-1, max-image-preview:large, max-video-preview:-1\" \/>\n<link rel=\"canonical\" href=\"https:\/\/aliancaevangelica.pt\/site\/ajudar-em-tempos-de-pandemia\/\" \/>\n<meta property=\"og:locale\" content=\"pt_PT\" \/>\n<meta property=\"og:type\" content=\"article\" \/>\n<meta property=\"og:title\" content=\"Ajudar em tempos de pandemia - AEP\" \/>\n<meta property=\"og:description\" content=\"S\u00e3o muitos os que neste tempo de pandemia t\u00eam ficado mais vulner\u00e1veis. Desde logo, aqueles que, em condi\u00e7\u00f5es normais, j\u00e1 s\u00e3o desfavorecidos em quest\u00e3o de desigualdade social: os refugiados, imigrantes, os que t\u00eam menos qualifica\u00e7\u00f5es, os que t\u00eam trabalhos prec\u00e1rios, os que t\u00eam menos acesso a recursos digitais e as v\u00edtimas de viol\u00eancia dom\u00e9stica. Se\" \/>\n<meta property=\"og:url\" content=\"https:\/\/aliancaevangelica.pt\/site\/ajudar-em-tempos-de-pandemia\/\" \/>\n<meta property=\"og:site_name\" content=\"AEP\" \/>\n<meta property=\"article:publisher\" content=\"http:\/\/facebook.com\/aeportuguesa\" \/>\n<meta property=\"article:author\" content=\"aeportugal\" \/>\n<meta property=\"article:published_time\" content=\"2021-03-19T10:37:25+00:00\" \/>\n<meta property=\"article:modified_time\" content=\"2021-03-19T10:37:28+00:00\" \/>\n<meta property=\"og:image\" content=\"https:\/\/aliancaevangelica.pt\/site\/wp-content\/uploads\/2021\/03\/Ajudar-em-pandemia.jpg\" \/>\n\t<meta property=\"og:image:width\" content=\"960\" \/>\n\t<meta property=\"og:image:height\" content=\"640\" \/>\n\t<meta property=\"og:image:type\" content=\"image\/jpeg\" \/>\n<meta name=\"author\" content=\"AEP\" \/>\n<meta name=\"twitter:card\" content=\"summary_large_image\" \/>\n<meta name=\"twitter:label1\" content=\"Escrito por\" \/>\n\t<meta name=\"twitter:data1\" content=\"AEP\" \/>\n\t<meta name=\"twitter:label2\" content=\"Tempo estimado de leitura\" \/>\n\t<meta name=\"twitter:data2\" content=\"2 minutos\" \/>\n<script type=\"application\/ld+json\" class=\"yoast-schema-graph\">{\"@context\":\"https:\\\/\\\/schema.org\",\"@graph\":[{\"@type\":\"Article\",\"@id\":\"https:\\\/\\\/aliancaevangelica.pt\\\/site\\\/ajudar-em-tempos-de-pandemia\\\/#article\",\"isPartOf\":{\"@id\":\"https:\\\/\\\/aliancaevangelica.pt\\\/site\\\/ajudar-em-tempos-de-pandemia\\\/\"},\"author\":{\"name\":\"AEP\",\"@id\":\"https:\\\/\\\/aliancaevangelica.pt\\\/site\\\/#\\\/schema\\\/person\\\/3b47cfc7535eff1e820f31c2d67eafcf\"},\"headline\":\"Ajudar em tempos de pandemia\",\"datePublished\":\"2021-03-19T10:37:25+00:00\",\"dateModified\":\"2021-03-19T10:37:28+00:00\",\"mainEntityOfPage\":{\"@id\":\"https:\\\/\\\/aliancaevangelica.pt\\\/site\\\/ajudar-em-tempos-de-pandemia\\\/\"},\"wordCount\":357,\"commentCount\":0,\"publisher\":{\"@id\":\"https:\\\/\\\/aliancaevangelica.pt\\\/site\\\/#organization\"},\"image\":{\"@id\":\"https:\\\/\\\/aliancaevangelica.pt\\\/site\\\/ajudar-em-tempos-de-pandemia\\\/#primaryimage\"},\"thumbnailUrl\":\"https:\\\/\\\/aliancaevangelica.pt\\\/site\\\/wp-content\\\/uploads\\\/2021\\\/03\\\/Ajudar-em-pandemia.jpg\",\"articleSection\":[\"1-Geral\",\"Mulheres, Casais e Fam\u00edlia\"],\"inLanguage\":\"pt-PT\",\"potentialAction\":[{\"@type\":\"CommentAction\",\"name\":\"Comment\",\"target\":[\"https:\\\/\\\/aliancaevangelica.pt\\\/site\\\/ajudar-em-tempos-de-pandemia\\\/#respond\"]}]},{\"@type\":\"WebPage\",\"@id\":\"https:\\\/\\\/aliancaevangelica.pt\\\/site\\\/ajudar-em-tempos-de-pandemia\\\/\",\"url\":\"https:\\\/\\\/aliancaevangelica.pt\\\/site\\\/ajudar-em-tempos-de-pandemia\\\/\",\"name\":\"Ajudar em tempos de pandemia - AEP\",\"isPartOf\":{\"@id\":\"https:\\\/\\\/aliancaevangelica.pt\\\/site\\\/#website\"},\"primaryImageOfPage\":{\"@id\":\"https:\\\/\\\/aliancaevangelica.pt\\\/site\\\/ajudar-em-tempos-de-pandemia\\\/#primaryimage\"},\"image\":{\"@id\":\"https:\\\/\\\/aliancaevangelica.pt\\\/site\\\/ajudar-em-tempos-de-pandemia\\\/#primaryimage\"},\"thumbnailUrl\":\"https:\\\/\\\/aliancaevangelica.pt\\\/site\\\/wp-content\\\/uploads\\\/2021\\\/03\\\/Ajudar-em-pandemia.jpg\",\"datePublished\":\"2021-03-19T10:37:25+00:00\",\"dateModified\":\"2021-03-19T10:37:28+00:00\",\"breadcrumb\":{\"@id\":\"https:\\\/\\\/aliancaevangelica.pt\\\/site\\\/ajudar-em-tempos-de-pandemia\\\/#breadcrumb\"},\"inLanguage\":\"pt-PT\",\"potentialAction\":[{\"@type\":\"ReadAction\",\"target\":[\"https:\\\/\\\/aliancaevangelica.pt\\\/site\\\/ajudar-em-tempos-de-pandemia\\\/\"]}]},{\"@type\":\"ImageObject\",\"inLanguage\":\"pt-PT\",\"@id\":\"https:\\\/\\\/aliancaevangelica.pt\\\/site\\\/ajudar-em-tempos-de-pandemia\\\/#primaryimage\",\"url\":\"https:\\\/\\\/aliancaevangelica.pt\\\/site\\\/wp-content\\\/uploads\\\/2021\\\/03\\\/Ajudar-em-pandemia.jpg\",\"contentUrl\":\"https:\\\/\\\/aliancaevangelica.pt\\\/site\\\/wp-content\\\/uploads\\\/2021\\\/03\\\/Ajudar-em-pandemia.jpg\",\"width\":960,\"height\":640},{\"@type\":\"BreadcrumbList\",\"@id\":\"https:\\\/\\\/aliancaevangelica.pt\\\/site\\\/ajudar-em-tempos-de-pandemia\\\/#breadcrumb\",\"itemListElement\":[{\"@type\":\"ListItem\",\"position\":1,\"name\":\"In\u00edcio\",\"item\":\"https:\\\/\\\/aliancaevangelica.pt\\\/site\\\/\"},{\"@type\":\"ListItem\",\"position\":2,\"name\":\"Ajudar em tempos de pandemia\"}]},{\"@type\":\"WebSite\",\"@id\":\"https:\\\/\\\/aliancaevangelica.pt\\\/site\\\/#website\",\"url\":\"https:\\\/\\\/aliancaevangelica.pt\\\/site\\\/\",\"name\":\"Alian\u00e7a Evang\u00e9lica Portuguesa\",\"description\":\"Alian\u00e7a Evang\u00e9lica Portuguesa\",\"publisher\":{\"@id\":\"https:\\\/\\\/aliancaevangelica.pt\\\/site\\\/#organization\"},\"potentialAction\":[{\"@type\":\"SearchAction\",\"target\":{\"@type\":\"EntryPoint\",\"urlTemplate\":\"https:\\\/\\\/aliancaevangelica.pt\\\/site\\\/?s={search_term_string}\"},\"query-input\":{\"@type\":\"PropertyValueSpecification\",\"valueRequired\":true,\"valueName\":\"search_term_string\"}}],\"inLanguage\":\"pt-PT\"},{\"@type\":\"Organization\",\"@id\":\"https:\\\/\\\/aliancaevangelica.pt\\\/site\\\/#organization\",\"name\":\"Alian\u00e7a Evang\u00e9lica Portuguesa\",\"url\":\"https:\\\/\\\/aliancaevangelica.pt\\\/site\\\/\",\"logo\":{\"@type\":\"ImageObject\",\"inLanguage\":\"pt-PT\",\"@id\":\"https:\\\/\\\/aliancaevangelica.pt\\\/site\\\/#\\\/schema\\\/logo\\\/image\\\/\",\"url\":\"https:\\\/\\\/aliancaevangelica.pt\\\/site\\\/wp-content\\\/uploads\\\/2017\\\/11\\\/logo-AEP-cor.png\",\"contentUrl\":\"https:\\\/\\\/aliancaevangelica.pt\\\/site\\\/wp-content\\\/uploads\\\/2017\\\/11\\\/logo-AEP-cor.png\",\"width\":1156,\"height\":672,\"caption\":\"Alian\u00e7a Evang\u00e9lica Portuguesa\"},\"image\":{\"@id\":\"https:\\\/\\\/aliancaevangelica.pt\\\/site\\\/#\\\/schema\\\/logo\\\/image\\\/\"},\"sameAs\":[\"http:\\\/\\\/facebook.com\\\/aeportuguesa\",\"http:\\\/\\\/instagram.com\\\/aliancaep\",\"http:\\\/\\\/youtube.com\\\/aeportuguesa\"]},{\"@type\":\"Person\",\"@id\":\"https:\\\/\\\/aliancaevangelica.pt\\\/site\\\/#\\\/schema\\\/person\\\/3b47cfc7535eff1e820f31c2d67eafcf\",\"name\":\"AEP\",\"sameAs\":[\"aeportugal\"],\"url\":\"https:\\\/\\\/aliancaevangelica.pt\\\/site\\\/author\\\/aeportugal\\\/\"}]}<\/script>\n<!-- \/ Yoast SEO plugin. -->","yoast_head_json":{"title":"Ajudar em tempos de pandemia - AEP","robots":{"index":"index","follow":"follow","max-snippet":"max-snippet:-1","max-image-preview":"max-image-preview:large","max-video-preview":"max-video-preview:-1"},"canonical":"https:\/\/aliancaevangelica.pt\/site\/ajudar-em-tempos-de-pandemia\/","og_locale":"pt_PT","og_type":"article","og_title":"Ajudar em tempos de pandemia - AEP","og_description":"S\u00e3o muitos os que neste tempo de pandemia t\u00eam ficado mais vulner\u00e1veis. Desde logo, aqueles que, em condi\u00e7\u00f5es normais, j\u00e1 s\u00e3o desfavorecidos em quest\u00e3o de desigualdade social: os refugiados, imigrantes, os que t\u00eam menos qualifica\u00e7\u00f5es, os que t\u00eam trabalhos prec\u00e1rios, os que t\u00eam menos acesso a recursos digitais e as v\u00edtimas de viol\u00eancia dom\u00e9stica. Se","og_url":"https:\/\/aliancaevangelica.pt\/site\/ajudar-em-tempos-de-pandemia\/","og_site_name":"AEP","article_publisher":"http:\/\/facebook.com\/aeportuguesa","article_author":"aeportugal","article_published_time":"2021-03-19T10:37:25+00:00","article_modified_time":"2021-03-19T10:37:28+00:00","og_image":[{"width":960,"height":640,"url":"https:\/\/aliancaevangelica.pt\/site\/wp-content\/uploads\/2021\/03\/Ajudar-em-pandemia.jpg","type":"image\/jpeg"}],"author":"AEP","twitter_card":"summary_large_image","twitter_misc":{"Escrito por":"AEP","Tempo estimado de leitura":"2 minutos"},"schema":{"@context":"https:\/\/schema.org","@graph":[{"@type":"Article","@id":"https:\/\/aliancaevangelica.pt\/site\/ajudar-em-tempos-de-pandemia\/#article","isPartOf":{"@id":"https:\/\/aliancaevangelica.pt\/site\/ajudar-em-tempos-de-pandemia\/"},"author":{"name":"AEP","@id":"https:\/\/aliancaevangelica.pt\/site\/#\/schema\/person\/3b47cfc7535eff1e820f31c2d67eafcf"},"headline":"Ajudar em tempos de pandemia","datePublished":"2021-03-19T10:37:25+00:00","dateModified":"2021-03-19T10:37:28+00:00","mainEntityOfPage":{"@id":"https:\/\/aliancaevangelica.pt\/site\/ajudar-em-tempos-de-pandemia\/"},"wordCount":357,"commentCount":0,"publisher":{"@id":"https:\/\/aliancaevangelica.pt\/site\/#organization"},"image":{"@id":"https:\/\/aliancaevangelica.pt\/site\/ajudar-em-tempos-de-pandemia\/#primaryimage"},"thumbnailUrl":"https:\/\/aliancaevangelica.pt\/site\/wp-content\/uploads\/2021\/03\/Ajudar-em-pandemia.jpg","articleSection":["1-Geral","Mulheres, Casais e Fam\u00edlia"],"inLanguage":"pt-PT","potentialAction":[{"@type":"CommentAction","name":"Comment","target":["https:\/\/aliancaevangelica.pt\/site\/ajudar-em-tempos-de-pandemia\/#respond"]}]},{"@type":"WebPage","@id":"https:\/\/aliancaevangelica.pt\/site\/ajudar-em-tempos-de-pandemia\/","url":"https:\/\/aliancaevangelica.pt\/site\/ajudar-em-tempos-de-pandemia\/","name":"Ajudar em tempos de pandemia - AEP","isPartOf":{"@id":"https:\/\/aliancaevangelica.pt\/site\/#website"},"primaryImageOfPage":{"@id":"https:\/\/aliancaevangelica.pt\/site\/ajudar-em-tempos-de-pandemia\/#primaryimage"},"image":{"@id":"https:\/\/aliancaevangelica.pt\/site\/ajudar-em-tempos-de-pandemia\/#primaryimage"},"thumbnailUrl":"https:\/\/aliancaevangelica.pt\/site\/wp-content\/uploads\/2021\/03\/Ajudar-em-pandemia.jpg","datePublished":"2021-03-19T10:37:25+00:00","dateModified":"2021-03-19T10:37:28+00:00","breadcrumb":{"@id":"https:\/\/aliancaevangelica.pt\/site\/ajudar-em-tempos-de-pandemia\/#breadcrumb"},"inLanguage":"pt-PT","potentialAction":[{"@type":"ReadAction","target":["https:\/\/aliancaevangelica.pt\/site\/ajudar-em-tempos-de-pandemia\/"]}]},{"@type":"ImageObject","inLanguage":"pt-PT","@id":"https:\/\/aliancaevangelica.pt\/site\/ajudar-em-tempos-de-pandemia\/#primaryimage","url":"https:\/\/aliancaevangelica.pt\/site\/wp-content\/uploads\/2021\/03\/Ajudar-em-pandemia.jpg","contentUrl":"https:\/\/aliancaevangelica.pt\/site\/wp-content\/uploads\/2021\/03\/Ajudar-em-pandemia.jpg","width":960,"height":640},{"@type":"BreadcrumbList","@id":"https:\/\/aliancaevangelica.pt\/site\/ajudar-em-tempos-de-pandemia\/#breadcrumb","itemListElement":[{"@type":"ListItem","position":1,"name":"In\u00edcio","item":"https:\/\/aliancaevangelica.pt\/site\/"},{"@type":"ListItem","position":2,"name":"Ajudar em tempos de pandemia"}]},{"@type":"WebSite","@id":"https:\/\/aliancaevangelica.pt\/site\/#website","url":"https:\/\/aliancaevangelica.pt\/site\/","name":"Alian\u00e7a Evang\u00e9lica Portuguesa","description":"Alian\u00e7a Evang\u00e9lica Portuguesa","publisher":{"@id":"https:\/\/aliancaevangelica.pt\/site\/#organization"},"potentialAction":[{"@type":"SearchAction","target":{"@type":"EntryPoint","urlTemplate":"https:\/\/aliancaevangelica.pt\/site\/?s={search_term_string}"},"query-input":{"@type":"PropertyValueSpecification","valueRequired":true,"valueName":"search_term_string"}}],"inLanguage":"pt-PT"},{"@type":"Organization","@id":"https:\/\/aliancaevangelica.pt\/site\/#organization","name":"Alian\u00e7a Evang\u00e9lica Portuguesa","url":"https:\/\/aliancaevangelica.pt\/site\/","logo":{"@type":"ImageObject","inLanguage":"pt-PT","@id":"https:\/\/aliancaevangelica.pt\/site\/#\/schema\/logo\/image\/","url":"https:\/\/aliancaevangelica.pt\/site\/wp-content\/uploads\/2017\/11\/logo-AEP-cor.png","contentUrl":"https:\/\/aliancaevangelica.pt\/site\/wp-content\/uploads\/2017\/11\/logo-AEP-cor.png","width":1156,"height":672,"caption":"Alian\u00e7a Evang\u00e9lica Portuguesa"},"image":{"@id":"https:\/\/aliancaevangelica.pt\/site\/#\/schema\/logo\/image\/"},"sameAs":["http:\/\/facebook.com\/aeportuguesa","http:\/\/instagram.com\/aliancaep","http:\/\/youtube.com\/aeportuguesa"]},{"@type":"Person","@id":"https:\/\/aliancaevangelica.pt\/site\/#\/schema\/person\/3b47cfc7535eff1e820f31c2d67eafcf","name":"AEP","sameAs":["aeportugal"],"url":"https:\/\/aliancaevangelica.pt\/site\/author\/aeportugal\/"}]}},"uagb_featured_image_src":{"full":["https:\/\/aliancaevangelica.pt\/site\/wp-content\/uploads\/2021\/03\/Ajudar-em-pandemia.jpg",960,640,false],"thumbnail":["https:\/\/aliancaevangelica.pt\/site\/wp-content\/uploads\/2021\/03\/Ajudar-em-pandemia-150x150.jpg",150,150,true],"medium":["https:\/\/aliancaevangelica.pt\/site\/wp-content\/uploads\/2021\/03\/Ajudar-em-pandemia-300x200.jpg",300,200,true],"medium_large":["https:\/\/aliancaevangelica.pt\/site\/wp-content\/uploads\/2021\/03\/Ajudar-em-pandemia-768x512.jpg",768,512,true],"large":["https:\/\/aliancaevangelica.pt\/site\/wp-content\/uploads\/2021\/03\/Ajudar-em-pandemia.jpg",960,640,false],"1536x1536":["https:\/\/aliancaevangelica.pt\/site\/wp-content\/uploads\/2021\/03\/Ajudar-em-pandemia.jpg",960,640,false],"2048x2048":["https:\/\/aliancaevangelica.pt\/site\/wp-content\/uploads\/2021\/03\/Ajudar-em-pandemia.jpg",960,640,false],"vp_sm":["https:\/\/aliancaevangelica.pt\/site\/wp-content\/uploads\/2021\/03\/Ajudar-em-pandemia.jpg",500,333,false],"vp_md":["https:\/\/aliancaevangelica.pt\/site\/wp-content\/uploads\/2021\/03\/Ajudar-em-pandemia.jpg",800,533,false],"vp_lg":["https:\/\/aliancaevangelica.pt\/site\/wp-content\/uploads\/2021\/03\/Ajudar-em-pandemia.jpg",960,640,false],"vp_xl":["https:\/\/aliancaevangelica.pt\/site\/wp-content\/uploads\/2021\/03\/Ajudar-em-pandemia.jpg",960,640,false],"vp_sm_popup":["https:\/\/aliancaevangelica.pt\/site\/wp-content\/uploads\/2021\/03\/Ajudar-em-pandemia.jpg",500,333,false],"vp_md_popup":["https:\/\/aliancaevangelica.pt\/site\/wp-content\/uploads\/2021\/03\/Ajudar-em-pandemia.jpg",800,533,false],"vp_xl_popup":["https:\/\/aliancaevangelica.pt\/site\/wp-content\/uploads\/2021\/03\/Ajudar-em-pandemia.jpg",960,640,false],"newsx-150x100":["https:\/\/aliancaevangelica.pt\/site\/wp-content\/uploads\/2021\/03\/Ajudar-em-pandemia.jpg",150,100,false],"newsx-330x220":["https:\/\/aliancaevangelica.pt\/site\/wp-content\/uploads\/2021\/03\/Ajudar-em-pandemia.jpg",330,220,false],"newsx-420x280":["https:\/\/aliancaevangelica.pt\/site\/wp-content\/uploads\/2021\/03\/Ajudar-em-pandemia.jpg",420,280,false],"newsx-510x340":["https:\/\/aliancaevangelica.pt\/site\/wp-content\/uploads\/2021\/03\/Ajudar-em-pandemia.jpg",510,340,false],"newsx-640x480":["https:\/\/aliancaevangelica.pt\/site\/wp-content\/uploads\/2021\/03\/Ajudar-em-pandemia.jpg",640,427,false],"newsx-670x370":["https:\/\/aliancaevangelica.pt\/site\/wp-content\/uploads\/2021\/03\/Ajudar-em-pandemia.jpg",555,370,false],"newsx-860x570":["https:\/\/aliancaevangelica.pt\/site\/wp-content\/uploads\/2021\/03\/Ajudar-em-pandemia.jpg",855,570,false],"newsx-1000x750":["https:\/\/aliancaevangelica.pt\/site\/wp-content\/uploads\/2021\/03\/Ajudar-em-pandemia.jpg",960,640,false],"newsx-1200x600":["https:\/\/aliancaevangelica.pt\/site\/wp-content\/uploads\/2021\/03\/Ajudar-em-pandemia.jpg",900,600,false]},"uagb_author_info":{"display_name":"AEP","author_link":"https:\/\/aliancaevangelica.pt\/site\/author\/aeportugal\/"},"uagb_comment_info":0,"uagb_excerpt":"S\u00e3o muitos os que neste tempo de pandemia t\u00eam ficado mais vulner\u00e1veis. Desde logo, aqueles que, em condi\u00e7\u00f5es normais, j\u00e1 s\u00e3o desfavorecidos em quest\u00e3o de desigualdade social: os refugiados, imigrantes, os que t\u00eam menos qualifica\u00e7\u00f5es, os que t\u00eam trabalhos prec\u00e1rios, os que t\u00eam menos acesso a recursos digitais e as v\u00edtimas de viol\u00eancia dom\u00e9stica. Se","_links":{"self":[{"href":"https:\/\/aliancaevangelica.pt\/site\/wp-json\/wp\/v2\/posts\/18800","targetHints":{"allow":["GET"]}}],"collection":[{"href":"https:\/\/aliancaevangelica.pt\/site\/wp-json\/wp\/v2\/posts"}],"about":[{"href":"https:\/\/aliancaevangelica.pt\/site\/wp-json\/wp\/v2\/types\/post"}],"author":[{"embeddable":true,"href":"https:\/\/aliancaevangelica.pt\/site\/wp-json\/wp\/v2\/users\/2"}],"replies":[{"embeddable":true,"href":"https:\/\/aliancaevangelica.pt\/site\/wp-json\/wp\/v2\/comments?post=18800"}],"version-history":[{"count":1,"href":"https:\/\/aliancaevangelica.pt\/site\/wp-json\/wp\/v2\/posts\/18800\/revisions"}],"predecessor-version":[{"id":18803,"href":"https:\/\/aliancaevangelica.pt\/site\/wp-json\/wp\/v2\/posts\/18800\/revisions\/18803"}],"wp:featuredmedia":[{"embeddable":true,"href":"https:\/\/aliancaevangelica.pt\/site\/wp-json\/wp\/v2\/media\/18802"}],"wp:attachment":[{"href":"https:\/\/aliancaevangelica.pt\/site\/wp-json\/wp\/v2\/media?parent=18800"}],"wp:term":[{"taxonomy":"category","embeddable":true,"href":"https:\/\/aliancaevangelica.pt\/site\/wp-json\/wp\/v2\/categories?post=18800"},{"taxonomy":"post_tag","embeddable":true,"href":"https:\/\/aliancaevangelica.pt\/site\/wp-json\/wp\/v2\/tags?post=18800"}],"curies":[{"name":"wp","href":"https:\/\/api.w.org\/{rel}","templated":true}]}}