{"id":18764,"date":"2021-03-07T00:37:06","date_gmt":"2021-03-07T00:37:06","guid":{"rendered":"https:\/\/aliancaevangelica.pt\/site\/?p=18764"},"modified":"2026-04-16T01:02:33","modified_gmt":"2026-04-16T01:02:33","slug":"a-mulher-e-a-oracao","status":"publish","type":"post","link":"https:\/\/aliancaevangelica.pt\/site\/a-mulher-e-a-oracao\/","title":{"rendered":"A mulher e a ora\u00e7\u00e3o"},"content":{"rendered":"<p>No dia 8 de Mar\u00e7o, a cada ano, comemora-se o Dia Internacional da Mulher. Embora algumas investigadoras considerem esta explica\u00e7\u00e3o um mito, a realidade \u00e9 que para a \u201cHist\u00f3ria o que ficou \u00e9 que a origem do Dia Internacional da Mulher remonta a 8 de Mar\u00e7o de 1857, quando oper\u00e1rias russas e norte-americanas protestaram nos seus pa\u00edses contra as condi\u00e7\u00f5es de vida e de trabalho. Contudo, s\u00f3 em Dezembro de 1977, a ONU instituiu a data para lembrar as conquistas femininas\u201d (<a href=\"https:\/\/www.noticiasaominuto.com\/mundo\/52251\/como-nasceu-o-dia-da-mulher\" target=\"_blank\" rel=\"noopener noreferrer\" data-saferedirecturl=\"https:\/\/www.google.com\/url?q=https:\/\/www.noticiasaominuto.com\/mundo\/52251\/como-nasceu-o-dia-da-mulher&amp;source=gmail&amp;ust=1615162639544000&amp;usg=AFQjCNEK-_YRqYJaG0JTH5uPMUKuxnObPA\">Como nasceu o Dia da Mulher (noticiasaominuto.com)<\/a>).<\/p>\n<p>E o Dia Mundial de Ora\u00e7\u00e3o? Tamb\u00e9m tem uma data a assinalar. Ao que consegui apurar, \u00e9 uma celebra\u00e7\u00e3o m\u00f3vel que ocorre na primeira sexta feira de Mar\u00e7o e \u00e9 celebrado em 170 pa\u00edses (curiosamente, muito pr\u00f3ximo do dia 8 de Mar\u00e7o &#8211; dia da Mulher &#8211; portanto!). Diz-se que o Dia Mundial de ora\u00e7\u00e3o nasceu no s\u00e9culo XIX quando mulheres crist\u00e3s dos EUA e Canad\u00e1 iniciaram, atrav\u00e9s da ora\u00e7\u00e3o, uma s\u00e9rie de atividades de coopera\u00e7\u00e3o e apoio \u00e0 participa\u00e7\u00e3o de mulheres em obras mission\u00e1rias pelo mundo.<\/p>\n<p>E se junt\u00e1ssemos os dois dias? Assim, nasceu o Dia Universal de Ora\u00e7\u00e3o da Mulher Crist\u00e3, cuja realiza\u00e7\u00e3o em Portugal, aconteceu pela primeira vez h\u00e1 75 anos, no dia 8 de mar\u00e7o de 1946, promovido pela Alian\u00e7a Evang\u00e9lica Portuguesa (AEP). Na altura, esta iniciativa foi organizada pela mission\u00e1ria Katherine Tucker, juntando-se para o efeito 43 mulheres.<\/p>\n<p>Para os leitores localizarem historicamente este acontecimento, deixem-me apontar que, a AEP foi organizada em 1921, embora o seu estatuto legal tenha data de 1935. Contudo, apenas em 1939 foram admitidas como s\u00f3cias as primeiras mulheres.<\/p>\n<p>Hoje reconhecemos a ora\u00e7\u00e3o como um pilar fundamental da igreja crist\u00e3 evang\u00e9lica, das nossas fam\u00edlias e comunidades. Assim, queremos desafiar todas as mulheres portuguesas a tirarem um momento, neste dia 8 de Mar\u00e7o, para ao telefone, pelas Redes Sociais, por videochamada, etc. terem um momento de ora\u00e7\u00e3o com uma ou mais amigas. Lembrem-se dos exemplos b\u00edblicos de mulheres de ora\u00e7\u00e3o que fizeram a diferen\u00e7a no seu tempo: Ana, m\u00e3e de Samuel que orou no templo por um milagre e Deus lhe respondeu dando-lhe um filho (I Samuel 1) t\u00e3o especial e dedicado ao Senhor. Ester, que convocou ora\u00e7\u00e3o e jejum pelo livramento do seu povo. A vi\u00fava Ana (Lucas 2), que dedicou a sua vida a jejuar e orar no templo.<\/p>\n<p>Sabemos que Deus responde ao clamor do Seu povo. Seja uma intercessora, pela sua fam\u00edlia, a sua comunidade, a sua igreja, o seu pa\u00eds. Deus ir\u00e1 honrar o seu esfor\u00e7o e f\u00e9.<\/p>\n<p>[movedo_single_image image=&#8221;18331&#8243; animation=&#8221;grve-zoom-in&#8221;]Elsa Correia Pereira<\/p>\n<p class=\"p1\">Soci\u00f3loga e autora de &#8220;O Di\u00e1rio de Uma Mulher Feliz&#8221;<\/p>\n<p class=\"p1\">\n","protected":false},"excerpt":{"rendered":"<p>No dia 8 de Mar\u00e7o, a cada ano, comemora-se o Dia Internacional da Mulher. Embora algumas investigadoras considerem esta explica\u00e7\u00e3o um mito, a realidade \u00e9 que para a \u201cHist\u00f3ria o que ficou \u00e9 que a origem do Dia Internacional da Mulher remonta a 8 de Mar\u00e7o de 1857, quando oper\u00e1rias russas e norte-americanas protestaram nos<\/p>\n","protected":false},"author":2,"featured_media":18767,"comment_status":"open","ping_status":"open","sticky":false,"template":"","format":"standard","meta":{"_uag_custom_page_level_css":"","_themeisle_gutenberg_block_has_review":false,"_vp_format_video_url":"","_vp_image_focal_point":[],"footnotes":""},"categories":[47,101],"tags":[],"class_list":["post-18764","post","type-post","status-publish","format-standard","has-post-thumbnail","hentry","category-mulheres-casais-e-familia","category-oracao"],"yoast_head":"<!-- This site is optimized with the Yoast SEO plugin v27.5 - https:\/\/yoast.com\/product\/yoast-seo-wordpress\/ -->\n<title>A mulher e a ora\u00e7\u00e3o - AEP<\/title>\n<meta name=\"robots\" content=\"index, follow, max-snippet:-1, max-image-preview:large, max-video-preview:-1\" \/>\n<link rel=\"canonical\" href=\"https:\/\/aliancaevangelica.pt\/site\/a-mulher-e-a-oracao\/\" \/>\n<meta property=\"og:locale\" content=\"pt_PT\" \/>\n<meta property=\"og:type\" content=\"article\" \/>\n<meta property=\"og:title\" content=\"A mulher e a ora\u00e7\u00e3o - AEP\" \/>\n<meta property=\"og:description\" content=\"No dia 8 de Mar\u00e7o, a cada ano, comemora-se o Dia Internacional da Mulher. Embora algumas investigadoras considerem esta explica\u00e7\u00e3o um mito, a realidade \u00e9 que para a \u201cHist\u00f3ria o que ficou \u00e9 que a origem do Dia Internacional da Mulher remonta a 8 de Mar\u00e7o de 1857, quando oper\u00e1rias russas e norte-americanas protestaram nos\" \/>\n<meta property=\"og:url\" content=\"https:\/\/aliancaevangelica.pt\/site\/a-mulher-e-a-oracao\/\" \/>\n<meta property=\"og:site_name\" content=\"AEP\" \/>\n<meta property=\"article:publisher\" content=\"http:\/\/facebook.com\/aeportuguesa\" \/>\n<meta property=\"article:author\" content=\"aeportugal\" \/>\n<meta property=\"article:published_time\" content=\"2021-03-07T00:37:06+00:00\" \/>\n<meta property=\"article:modified_time\" content=\"2026-04-16T01:02:33+00:00\" \/>\n<meta property=\"og:image\" content=\"https:\/\/aliancaevangelica.pt\/site\/wp-content\/uploads\/2021\/03\/Design-sem-nome.jpg\" \/>\n\t<meta property=\"og:image:width\" content=\"2240\" \/>\n\t<meta property=\"og:image:height\" content=\"1260\" \/>\n\t<meta property=\"og:image:type\" content=\"image\/jpeg\" \/>\n<meta name=\"author\" content=\"AEP\" \/>\n<meta name=\"twitter:card\" content=\"summary_large_image\" \/>\n<meta name=\"twitter:label1\" content=\"Escrito por\" \/>\n\t<meta name=\"twitter:data1\" content=\"AEP\" \/>\n\t<meta name=\"twitter:label2\" content=\"Tempo estimado de leitura\" \/>\n\t<meta name=\"twitter:data2\" content=\"2 minutos\" \/>\n<script type=\"application\/ld+json\" class=\"yoast-schema-graph\">{\"@context\":\"https:\\\/\\\/schema.org\",\"@graph\":[{\"@type\":\"Article\",\"@id\":\"https:\\\/\\\/aliancaevangelica.pt\\\/site\\\/a-mulher-e-a-oracao\\\/#article\",\"isPartOf\":{\"@id\":\"https:\\\/\\\/aliancaevangelica.pt\\\/site\\\/a-mulher-e-a-oracao\\\/\"},\"author\":{\"name\":\"AEP\",\"@id\":\"https:\\\/\\\/aliancaevangelica.pt\\\/site\\\/#\\\/schema\\\/person\\\/3b47cfc7535eff1e820f31c2d67eafcf\"},\"headline\":\"A mulher e a ora\u00e7\u00e3o\",\"datePublished\":\"2021-03-07T00:37:06+00:00\",\"dateModified\":\"2026-04-16T01:02:33+00:00\",\"mainEntityOfPage\":{\"@id\":\"https:\\\/\\\/aliancaevangelica.pt\\\/site\\\/a-mulher-e-a-oracao\\\/\"},\"wordCount\":474,\"commentCount\":0,\"publisher\":{\"@id\":\"https:\\\/\\\/aliancaevangelica.pt\\\/site\\\/#organization\"},\"image\":{\"@id\":\"https:\\\/\\\/aliancaevangelica.pt\\\/site\\\/a-mulher-e-a-oracao\\\/#primaryimage\"},\"thumbnailUrl\":\"https:\\\/\\\/aliancaevangelica.pt\\\/site\\\/wp-content\\\/uploads\\\/2021\\\/03\\\/Design-sem-nome.jpg\",\"articleSection\":[\"Mulheres, Casais e Fam\u00edlia\",\"Ora\u00e7\u00e3o\"],\"inLanguage\":\"pt-PT\",\"potentialAction\":[{\"@type\":\"CommentAction\",\"name\":\"Comment\",\"target\":[\"https:\\\/\\\/aliancaevangelica.pt\\\/site\\\/a-mulher-e-a-oracao\\\/#respond\"]}]},{\"@type\":\"WebPage\",\"@id\":\"https:\\\/\\\/aliancaevangelica.pt\\\/site\\\/a-mulher-e-a-oracao\\\/\",\"url\":\"https:\\\/\\\/aliancaevangelica.pt\\\/site\\\/a-mulher-e-a-oracao\\\/\",\"name\":\"A mulher e a ora\u00e7\u00e3o - AEP\",\"isPartOf\":{\"@id\":\"https:\\\/\\\/aliancaevangelica.pt\\\/site\\\/#website\"},\"primaryImageOfPage\":{\"@id\":\"https:\\\/\\\/aliancaevangelica.pt\\\/site\\\/a-mulher-e-a-oracao\\\/#primaryimage\"},\"image\":{\"@id\":\"https:\\\/\\\/aliancaevangelica.pt\\\/site\\\/a-mulher-e-a-oracao\\\/#primaryimage\"},\"thumbnailUrl\":\"https:\\\/\\\/aliancaevangelica.pt\\\/site\\\/wp-content\\\/uploads\\\/2021\\\/03\\\/Design-sem-nome.jpg\",\"datePublished\":\"2021-03-07T00:37:06+00:00\",\"dateModified\":\"2026-04-16T01:02:33+00:00\",\"breadcrumb\":{\"@id\":\"https:\\\/\\\/aliancaevangelica.pt\\\/site\\\/a-mulher-e-a-oracao\\\/#breadcrumb\"},\"inLanguage\":\"pt-PT\",\"potentialAction\":[{\"@type\":\"ReadAction\",\"target\":[\"https:\\\/\\\/aliancaevangelica.pt\\\/site\\\/a-mulher-e-a-oracao\\\/\"]}]},{\"@type\":\"ImageObject\",\"inLanguage\":\"pt-PT\",\"@id\":\"https:\\\/\\\/aliancaevangelica.pt\\\/site\\\/a-mulher-e-a-oracao\\\/#primaryimage\",\"url\":\"https:\\\/\\\/aliancaevangelica.pt\\\/site\\\/wp-content\\\/uploads\\\/2021\\\/03\\\/Design-sem-nome.jpg\",\"contentUrl\":\"https:\\\/\\\/aliancaevangelica.pt\\\/site\\\/wp-content\\\/uploads\\\/2021\\\/03\\\/Design-sem-nome.jpg\",\"width\":2240,\"height\":1260},{\"@type\":\"BreadcrumbList\",\"@id\":\"https:\\\/\\\/aliancaevangelica.pt\\\/site\\\/a-mulher-e-a-oracao\\\/#breadcrumb\",\"itemListElement\":[{\"@type\":\"ListItem\",\"position\":1,\"name\":\"In\u00edcio\",\"item\":\"https:\\\/\\\/aliancaevangelica.pt\\\/site\\\/\"},{\"@type\":\"ListItem\",\"position\":2,\"name\":\"A mulher e a ora\u00e7\u00e3o\"}]},{\"@type\":\"WebSite\",\"@id\":\"https:\\\/\\\/aliancaevangelica.pt\\\/site\\\/#website\",\"url\":\"https:\\\/\\\/aliancaevangelica.pt\\\/site\\\/\",\"name\":\"Alian\u00e7a Evang\u00e9lica Portuguesa\",\"description\":\"Alian\u00e7a Evang\u00e9lica Portuguesa\",\"publisher\":{\"@id\":\"https:\\\/\\\/aliancaevangelica.pt\\\/site\\\/#organization\"},\"potentialAction\":[{\"@type\":\"SearchAction\",\"target\":{\"@type\":\"EntryPoint\",\"urlTemplate\":\"https:\\\/\\\/aliancaevangelica.pt\\\/site\\\/?s={search_term_string}\"},\"query-input\":{\"@type\":\"PropertyValueSpecification\",\"valueRequired\":true,\"valueName\":\"search_term_string\"}}],\"inLanguage\":\"pt-PT\"},{\"@type\":\"Organization\",\"@id\":\"https:\\\/\\\/aliancaevangelica.pt\\\/site\\\/#organization\",\"name\":\"Alian\u00e7a Evang\u00e9lica Portuguesa\",\"url\":\"https:\\\/\\\/aliancaevangelica.pt\\\/site\\\/\",\"logo\":{\"@type\":\"ImageObject\",\"inLanguage\":\"pt-PT\",\"@id\":\"https:\\\/\\\/aliancaevangelica.pt\\\/site\\\/#\\\/schema\\\/logo\\\/image\\\/\",\"url\":\"https:\\\/\\\/aliancaevangelica.pt\\\/site\\\/wp-content\\\/uploads\\\/2017\\\/11\\\/logo-AEP-cor.png\",\"contentUrl\":\"https:\\\/\\\/aliancaevangelica.pt\\\/site\\\/wp-content\\\/uploads\\\/2017\\\/11\\\/logo-AEP-cor.png\",\"width\":1156,\"height\":672,\"caption\":\"Alian\u00e7a Evang\u00e9lica Portuguesa\"},\"image\":{\"@id\":\"https:\\\/\\\/aliancaevangelica.pt\\\/site\\\/#\\\/schema\\\/logo\\\/image\\\/\"},\"sameAs\":[\"http:\\\/\\\/facebook.com\\\/aeportuguesa\",\"http:\\\/\\\/instagram.com\\\/aliancaep\",\"http:\\\/\\\/youtube.com\\\/aeportuguesa\"]},{\"@type\":\"Person\",\"@id\":\"https:\\\/\\\/aliancaevangelica.pt\\\/site\\\/#\\\/schema\\\/person\\\/3b47cfc7535eff1e820f31c2d67eafcf\",\"name\":\"AEP\",\"sameAs\":[\"aeportugal\"],\"url\":\"https:\\\/\\\/aliancaevangelica.pt\\\/site\\\/author\\\/aeportugal\\\/\"}]}<\/script>\n<!-- \/ Yoast SEO plugin. -->","yoast_head_json":{"title":"A mulher e a ora\u00e7\u00e3o - AEP","robots":{"index":"index","follow":"follow","max-snippet":"max-snippet:-1","max-image-preview":"max-image-preview:large","max-video-preview":"max-video-preview:-1"},"canonical":"https:\/\/aliancaevangelica.pt\/site\/a-mulher-e-a-oracao\/","og_locale":"pt_PT","og_type":"article","og_title":"A mulher e a ora\u00e7\u00e3o - AEP","og_description":"No dia 8 de Mar\u00e7o, a cada ano, comemora-se o Dia Internacional da Mulher. Embora algumas investigadoras considerem esta explica\u00e7\u00e3o um mito, a realidade \u00e9 que para a \u201cHist\u00f3ria o que ficou \u00e9 que a origem do Dia Internacional da Mulher remonta a 8 de Mar\u00e7o de 1857, quando oper\u00e1rias russas e norte-americanas protestaram nos","og_url":"https:\/\/aliancaevangelica.pt\/site\/a-mulher-e-a-oracao\/","og_site_name":"AEP","article_publisher":"http:\/\/facebook.com\/aeportuguesa","article_author":"aeportugal","article_published_time":"2021-03-07T00:37:06+00:00","article_modified_time":"2026-04-16T01:02:33+00:00","og_image":[{"width":2240,"height":1260,"url":"https:\/\/aliancaevangelica.pt\/site\/wp-content\/uploads\/2021\/03\/Design-sem-nome.jpg","type":"image\/jpeg"}],"author":"AEP","twitter_card":"summary_large_image","twitter_misc":{"Escrito por":"AEP","Tempo estimado de leitura":"2 minutos"},"schema":{"@context":"https:\/\/schema.org","@graph":[{"@type":"Article","@id":"https:\/\/aliancaevangelica.pt\/site\/a-mulher-e-a-oracao\/#article","isPartOf":{"@id":"https:\/\/aliancaevangelica.pt\/site\/a-mulher-e-a-oracao\/"},"author":{"name":"AEP","@id":"https:\/\/aliancaevangelica.pt\/site\/#\/schema\/person\/3b47cfc7535eff1e820f31c2d67eafcf"},"headline":"A mulher e a ora\u00e7\u00e3o","datePublished":"2021-03-07T00:37:06+00:00","dateModified":"2026-04-16T01:02:33+00:00","mainEntityOfPage":{"@id":"https:\/\/aliancaevangelica.pt\/site\/a-mulher-e-a-oracao\/"},"wordCount":474,"commentCount":0,"publisher":{"@id":"https:\/\/aliancaevangelica.pt\/site\/#organization"},"image":{"@id":"https:\/\/aliancaevangelica.pt\/site\/a-mulher-e-a-oracao\/#primaryimage"},"thumbnailUrl":"https:\/\/aliancaevangelica.pt\/site\/wp-content\/uploads\/2021\/03\/Design-sem-nome.jpg","articleSection":["Mulheres, Casais e Fam\u00edlia","Ora\u00e7\u00e3o"],"inLanguage":"pt-PT","potentialAction":[{"@type":"CommentAction","name":"Comment","target":["https:\/\/aliancaevangelica.pt\/site\/a-mulher-e-a-oracao\/#respond"]}]},{"@type":"WebPage","@id":"https:\/\/aliancaevangelica.pt\/site\/a-mulher-e-a-oracao\/","url":"https:\/\/aliancaevangelica.pt\/site\/a-mulher-e-a-oracao\/","name":"A mulher e a ora\u00e7\u00e3o - AEP","isPartOf":{"@id":"https:\/\/aliancaevangelica.pt\/site\/#website"},"primaryImageOfPage":{"@id":"https:\/\/aliancaevangelica.pt\/site\/a-mulher-e-a-oracao\/#primaryimage"},"image":{"@id":"https:\/\/aliancaevangelica.pt\/site\/a-mulher-e-a-oracao\/#primaryimage"},"thumbnailUrl":"https:\/\/aliancaevangelica.pt\/site\/wp-content\/uploads\/2021\/03\/Design-sem-nome.jpg","datePublished":"2021-03-07T00:37:06+00:00","dateModified":"2026-04-16T01:02:33+00:00","breadcrumb":{"@id":"https:\/\/aliancaevangelica.pt\/site\/a-mulher-e-a-oracao\/#breadcrumb"},"inLanguage":"pt-PT","potentialAction":[{"@type":"ReadAction","target":["https:\/\/aliancaevangelica.pt\/site\/a-mulher-e-a-oracao\/"]}]},{"@type":"ImageObject","inLanguage":"pt-PT","@id":"https:\/\/aliancaevangelica.pt\/site\/a-mulher-e-a-oracao\/#primaryimage","url":"https:\/\/aliancaevangelica.pt\/site\/wp-content\/uploads\/2021\/03\/Design-sem-nome.jpg","contentUrl":"https:\/\/aliancaevangelica.pt\/site\/wp-content\/uploads\/2021\/03\/Design-sem-nome.jpg","width":2240,"height":1260},{"@type":"BreadcrumbList","@id":"https:\/\/aliancaevangelica.pt\/site\/a-mulher-e-a-oracao\/#breadcrumb","itemListElement":[{"@type":"ListItem","position":1,"name":"In\u00edcio","item":"https:\/\/aliancaevangelica.pt\/site\/"},{"@type":"ListItem","position":2,"name":"A mulher e a ora\u00e7\u00e3o"}]},{"@type":"WebSite","@id":"https:\/\/aliancaevangelica.pt\/site\/#website","url":"https:\/\/aliancaevangelica.pt\/site\/","name":"Alian\u00e7a Evang\u00e9lica Portuguesa","description":"Alian\u00e7a Evang\u00e9lica Portuguesa","publisher":{"@id":"https:\/\/aliancaevangelica.pt\/site\/#organization"},"potentialAction":[{"@type":"SearchAction","target":{"@type":"EntryPoint","urlTemplate":"https:\/\/aliancaevangelica.pt\/site\/?s={search_term_string}"},"query-input":{"@type":"PropertyValueSpecification","valueRequired":true,"valueName":"search_term_string"}}],"inLanguage":"pt-PT"},{"@type":"Organization","@id":"https:\/\/aliancaevangelica.pt\/site\/#organization","name":"Alian\u00e7a Evang\u00e9lica Portuguesa","url":"https:\/\/aliancaevangelica.pt\/site\/","logo":{"@type":"ImageObject","inLanguage":"pt-PT","@id":"https:\/\/aliancaevangelica.pt\/site\/#\/schema\/logo\/image\/","url":"https:\/\/aliancaevangelica.pt\/site\/wp-content\/uploads\/2017\/11\/logo-AEP-cor.png","contentUrl":"https:\/\/aliancaevangelica.pt\/site\/wp-content\/uploads\/2017\/11\/logo-AEP-cor.png","width":1156,"height":672,"caption":"Alian\u00e7a Evang\u00e9lica Portuguesa"},"image":{"@id":"https:\/\/aliancaevangelica.pt\/site\/#\/schema\/logo\/image\/"},"sameAs":["http:\/\/facebook.com\/aeportuguesa","http:\/\/instagram.com\/aliancaep","http:\/\/youtube.com\/aeportuguesa"]},{"@type":"Person","@id":"https:\/\/aliancaevangelica.pt\/site\/#\/schema\/person\/3b47cfc7535eff1e820f31c2d67eafcf","name":"AEP","sameAs":["aeportugal"],"url":"https:\/\/aliancaevangelica.pt\/site\/author\/aeportugal\/"}]}},"uagb_featured_image_src":{"full":["https:\/\/aliancaevangelica.pt\/site\/wp-content\/uploads\/2021\/03\/Design-sem-nome.jpg",2240,1260,false],"thumbnail":["https:\/\/aliancaevangelica.pt\/site\/wp-content\/uploads\/2021\/03\/Design-sem-nome-150x150.jpg",150,150,true],"medium":["https:\/\/aliancaevangelica.pt\/site\/wp-content\/uploads\/2021\/03\/Design-sem-nome-300x169.jpg",300,169,true],"medium_large":["https:\/\/aliancaevangelica.pt\/site\/wp-content\/uploads\/2021\/03\/Design-sem-nome-768x432.jpg",768,432,true],"large":["https:\/\/aliancaevangelica.pt\/site\/wp-content\/uploads\/2021\/03\/Design-sem-nome-1024x576.jpg",960,540,true],"1536x1536":["https:\/\/aliancaevangelica.pt\/site\/wp-content\/uploads\/2021\/03\/Design-sem-nome-1536x864.jpg",1536,864,true],"2048x2048":["https:\/\/aliancaevangelica.pt\/site\/wp-content\/uploads\/2021\/03\/Design-sem-nome-2048x1152.jpg",2048,1152,true],"vp_sm":["https:\/\/aliancaevangelica.pt\/site\/wp-content\/uploads\/2021\/03\/Design-sem-nome.jpg",500,281,false],"vp_md":["https:\/\/aliancaevangelica.pt\/site\/wp-content\/uploads\/2021\/03\/Design-sem-nome.jpg",800,450,false],"vp_lg":["https:\/\/aliancaevangelica.pt\/site\/wp-content\/uploads\/2021\/03\/Design-sem-nome.jpg",1280,720,false],"vp_xl":["https:\/\/aliancaevangelica.pt\/site\/wp-content\/uploads\/2021\/03\/Design-sem-nome.jpg",1920,1080,false],"vp_sm_popup":["https:\/\/aliancaevangelica.pt\/site\/wp-content\/uploads\/2021\/03\/Design-sem-nome.jpg",500,281,false],"vp_md_popup":["https:\/\/aliancaevangelica.pt\/site\/wp-content\/uploads\/2021\/03\/Design-sem-nome.jpg",800,450,false],"vp_xl_popup":["https:\/\/aliancaevangelica.pt\/site\/wp-content\/uploads\/2021\/03\/Design-sem-nome.jpg",1920,1080,false],"newsx-150x100":["https:\/\/aliancaevangelica.pt\/site\/wp-content\/uploads\/2021\/03\/Design-sem-nome.jpg",150,84,false],"newsx-330x220":["https:\/\/aliancaevangelica.pt\/site\/wp-content\/uploads\/2021\/03\/Design-sem-nome.jpg",330,186,false],"newsx-420x280":["https:\/\/aliancaevangelica.pt\/site\/wp-content\/uploads\/2021\/03\/Design-sem-nome.jpg",420,236,false],"newsx-510x340":["https:\/\/aliancaevangelica.pt\/site\/wp-content\/uploads\/2021\/03\/Design-sem-nome.jpg",510,287,false],"newsx-640x480":["https:\/\/aliancaevangelica.pt\/site\/wp-content\/uploads\/2021\/03\/Design-sem-nome.jpg",640,360,false],"newsx-670x370":["https:\/\/aliancaevangelica.pt\/site\/wp-content\/uploads\/2021\/03\/Design-sem-nome.jpg",658,370,false],"newsx-860x570":["https:\/\/aliancaevangelica.pt\/site\/wp-content\/uploads\/2021\/03\/Design-sem-nome.jpg",860,484,false],"newsx-1000x750":["https:\/\/aliancaevangelica.pt\/site\/wp-content\/uploads\/2021\/03\/Design-sem-nome.jpg",1000,563,false],"newsx-1200x600":["https:\/\/aliancaevangelica.pt\/site\/wp-content\/uploads\/2021\/03\/Design-sem-nome.jpg",1067,600,false]},"uagb_author_info":{"display_name":"AEP","author_link":"https:\/\/aliancaevangelica.pt\/site\/author\/aeportugal\/"},"uagb_comment_info":0,"uagb_excerpt":"No dia 8 de Mar\u00e7o, a cada ano, comemora-se o Dia Internacional da Mulher. Embora algumas investigadoras considerem esta explica\u00e7\u00e3o um mito, a realidade \u00e9 que para a \u201cHist\u00f3ria o que ficou \u00e9 que a origem do Dia Internacional da Mulher remonta a 8 de Mar\u00e7o de 1857, quando oper\u00e1rias russas e norte-americanas protestaram nos","_links":{"self":[{"href":"https:\/\/aliancaevangelica.pt\/site\/wp-json\/wp\/v2\/posts\/18764","targetHints":{"allow":["GET"]}}],"collection":[{"href":"https:\/\/aliancaevangelica.pt\/site\/wp-json\/wp\/v2\/posts"}],"about":[{"href":"https:\/\/aliancaevangelica.pt\/site\/wp-json\/wp\/v2\/types\/post"}],"author":[{"embeddable":true,"href":"https:\/\/aliancaevangelica.pt\/site\/wp-json\/wp\/v2\/users\/2"}],"replies":[{"embeddable":true,"href":"https:\/\/aliancaevangelica.pt\/site\/wp-json\/wp\/v2\/comments?post=18764"}],"version-history":[{"count":2,"href":"https:\/\/aliancaevangelica.pt\/site\/wp-json\/wp\/v2\/posts\/18764\/revisions"}],"predecessor-version":[{"id":18766,"href":"https:\/\/aliancaevangelica.pt\/site\/wp-json\/wp\/v2\/posts\/18764\/revisions\/18766"}],"wp:featuredmedia":[{"embeddable":true,"href":"https:\/\/aliancaevangelica.pt\/site\/wp-json\/wp\/v2\/media\/18767"}],"wp:attachment":[{"href":"https:\/\/aliancaevangelica.pt\/site\/wp-json\/wp\/v2\/media?parent=18764"}],"wp:term":[{"taxonomy":"category","embeddable":true,"href":"https:\/\/aliancaevangelica.pt\/site\/wp-json\/wp\/v2\/categories?post=18764"},{"taxonomy":"post_tag","embeddable":true,"href":"https:\/\/aliancaevangelica.pt\/site\/wp-json\/wp\/v2\/tags?post=18764"}],"curies":[{"name":"wp","href":"https:\/\/api.w.org\/{rel}","templated":true}]}}