{"id":18733,"date":"2021-03-05T08:00:00","date_gmt":"2021-03-05T08:00:00","guid":{"rendered":"https:\/\/aliancaevangelica.pt\/site\/?p=18733"},"modified":"2021-02-18T19:14:45","modified_gmt":"2021-02-18T19:14:45","slug":"deus-cuida-dos-detalhes","status":"publish","type":"post","link":"https:\/\/aliancaevangelica.pt\/site\/deus-cuida-dos-detalhes\/","title":{"rendered":"Deus cuida dos detalhes"},"content":{"rendered":"<p class=\"p1\">Eu sou a Marta e quero contar-vos a hist\u00f3ria muito especial do meu filho Rodrigo. Tudo come\u00e7ou em 2007, quando casei com o Nuno. Dois anos depois, sentimos que seria altura de pensar em ter um filho, o que constituiria uma alegria para toda a fam\u00edlia\u2026 E um tempo depois, aconteceu!<\/p>\n<p class=\"p1\"><strong>O teste do pezinho<\/strong><\/p>\n<p class=\"p1\">O Rodrigo nasceu em 2011, de cesariana, e por isso eu tive de ficar mais uns dias no hospital. Sa\u00edmos no 6\u00ba dia, e no 7\u00ba dia o Rodrigo fez o teste do pezinho. Todos os pais fazem porque \u00e9 obrigat\u00f3rio, mas normalmente nunca mais nos lembramos dele\u2026 O problema foi quando, passados 10 dias, chegou a nossa casa uma carta a dizer que havia ligeiras altera\u00e7\u00f5es no rastreio alargado do pezinho e solicitaram-nos uma nova amostra de sangue. Isto, para uma m\u00e3e que acabou de ter um filho, significa milh\u00f5es de d\u00favidas sobre a ideia de n\u00e3o ser normal. \u201cNunca ouvi falar disto, porque \u00e9 que est\u00e3o a pedir uma segunda amostra?\u201d Passados mais 10 dias, eu recebi um telefonema do Hospital de Dia das doen\u00e7as metab\u00f3licas, para fazer novas an\u00e1lises. Mais uma vez nos disseram que o segundo teste tinha vindo com anomalias, e que seria necess\u00e1rio fazer an\u00e1lises mais espec\u00edficas e enviar para o Instituto Ricardo Jorge, no Porto, que era onde estavam os especialistas em doen\u00e7as metab\u00f3licas. Ter\u00edamos que esperar um m\u00eas e meio pelos resultados.<\/p>\n<p class=\"p1\"><strong>Duas muta\u00e7\u00f5es<\/strong><\/p>\n<p class=\"p1\">Quando os resultados chegaram, no dia 18 de Maio, o Rodrigo tinha 2 meses. Ele tinha duas muta\u00e7\u00f5es. Uma delas era o VLCAD, uma doen\u00e7a ligada \u00e0 cadeia dos \u00e1cidos gordos, da cadeia muito longa. Sobre a segunda muta\u00e7\u00e3o, o resultado dizia que \u201cn\u00e3o se encontrava descrita na literatura\u201d, pelo que seria necess\u00e1ria nova an\u00e1lise\u2026 Esta nova an\u00e1lise foi realizada num ambiente super protegido para n\u00e3o haver qualquer risco de contamina\u00e7\u00e3o, e foram retiradas amostras de sangue a mim e ao beb\u00e9, na Faculdade de Ci\u00eancias de Lisboa, e enviadas para a Holanda, onde est\u00e3o os maiores especialistas em doen\u00e7as metab\u00f3licas, para analisarem a segunda muta\u00e7\u00e3o. Foi ent\u00e3o que os profissionais de sa\u00fade explicaram melhor o que se passava &#8211; se o Rodrigo tivesse apenas um gene com muta\u00e7\u00e3o, seria portador, tal como eu e o pai, o que \u00e9 uma situa\u00e7\u00e3o rar\u00edssima ou seja, ambos somos portadores de uma muta\u00e7\u00e3o e, por coincid\u00eancia, os dois pass\u00e1mos a doen\u00e7a ao nosso filho (podia n\u00e3o ter acontecido, sequer).<\/p>\n<p class=\"p1\"><strong>O que significa?<\/strong><\/p>\n<p class=\"p1\">A primeira muta\u00e7\u00e3o do gene do Rodrigo \u2013VLCAD significa que a enzima n\u00e3o processa os \u00e1cidos gordos da cadeia muito longa. Quais as implica\u00e7\u00f5es disso? O nosso corpo precisa de energia para funcionar. Ora, se a enzima n\u00e3o consegue processar os \u00e1cidos gordos, o organismo n\u00e3o teria energia e era necess\u00e1rio fornecer-lhe essa energia. Na altura, os profissionais de sa\u00fade tinham muito pouca informa\u00e7\u00e3o. Foi-nos facultado o protocolo da doen\u00e7a VLCAD, em ingl\u00eas. Eu sentia um misto de ang\u00fastia e anestesia, pela surpresa da situa\u00e7\u00e3o, mas uma das coisas que n\u00e3o me sa\u00eda da cabe\u00e7a era que uma das consequ\u00eancias graves da doen\u00e7a poderia ser coma ou morte. Para uma m\u00e3e, com uma crian\u00e7a de dois meses nos bra\u00e7os, n\u00e3o \u00e9 f\u00e1cil ler isto. A quest\u00e3o \u00e9: se o corpo n\u00e3o consegue produzir energia a partir dos alimentos, vai tentar ir busc\u00e1-la aos m\u00fasculos, aos \u00f3rg\u00e3os, \u201cconsumindo\u201d a estrutura destes, e atacando especialmente o cora\u00e7\u00e3o, podendo ent\u00e3o provocar o coma ou a morte s\u00fabita.<\/p>\n<p class=\"p1\"><strong>A alimenta\u00e7\u00e3o<\/strong><\/p>\n<p class=\"p1\">Era regra para o Rodrigo comer de 3 em 3 horas, incluindo \u00e0 noite. Bem, h\u00e1 pais que conseguem dar um biber\u00e3o aos beb\u00e9s, mesmo com eles a dormir, ou quase\u2026 Mas n\u00e3o era o caso do Rodrigo. Ele n\u00e3o acordava, serrava os dentes, n\u00e3o queria beber, s\u00f3 queria dormir, e quando era mais crescido atirava o biber\u00e3o fora, s\u00f3 para poder dormir. Podem imaginar o nosso desespero como pais, sabendo que o nosso filho tinha esta doen\u00e7a, e que ela n\u00e3o tem outro tratamento a n\u00e3o ser comer\u2026 O nosso corpo adquire energia atrav\u00e9s dos a\u00e7\u00facares (que se consomem rapidamente), dos hidratos de carbono, e caso n\u00e3o existam estas fontes de energia, o corpo vai buscar \u00e0s \u201creservas\u201d de gordura, coisa que o Rodrigo n\u00e3o tem. O corpo do Rodrigo tinha pois, de ser constantemente \u201creabastecido\u201d de energia, caso contr\u00e1rio, poderia entrar em descompensa\u00e7\u00e3o.<\/p>\n<p class=\"p1\">Os resultados chegaram da Holanda. Confirmou-se que o Rodrigo tinha VLCAD, embora, gra\u00e7as a Deus, fosse uma variante \u201cleve\u201d. No entanto, a doen\u00e7a era grave, havia pouca informa\u00e7\u00e3o e o que se sabia \u00e9 que o beb\u00e9 n\u00e3o podia deixar de comer, independentemente do sono ou das birras\u2026<\/p>\n<p class=\"p1\">Eu orei tantas vezes a chorar: \u201cPor favor, Deus, guarda o meu menino, se ele n\u00e3o comer\u201d. Tenho a plena consci\u00eancia que Deus o guardou muitas vezes, e que eu fazia de tudo para o manter acordado, mas por vezes ele passava o n\u00famero de horas estabelecido, pois n\u00e3o acordava.<\/p>\n<p class=\"p1\"><strong>O Rodrigo hoje<\/strong><\/p>\n<p><img loading=\"lazy\" decoding=\"async\" class=\"alignnone  wp-image-18738\" src=\"https:\/\/aliancaevangelica.pt\/site\/wp-content\/uploads\/2021\/02\/TapScanner-14-12-2020-19.291-213x300.jpg\" alt=\"\" width=\"271\" height=\"382\" srcset=\"https:\/\/aliancaevangelica.pt\/site\/wp-content\/uploads\/2021\/02\/TapScanner-14-12-2020-19.291-213x300.jpg 213w, https:\/\/aliancaevangelica.pt\/site\/wp-content\/uploads\/2021\/02\/TapScanner-14-12-2020-19.291-727x1024.jpg 727w, https:\/\/aliancaevangelica.pt\/site\/wp-content\/uploads\/2021\/02\/TapScanner-14-12-2020-19.291-768x1082.jpg 768w, https:\/\/aliancaevangelica.pt\/site\/wp-content\/uploads\/2021\/02\/TapScanner-14-12-2020-19.291-1091x1536.jpg 1091w, https:\/\/aliancaevangelica.pt\/site\/wp-content\/uploads\/2021\/02\/TapScanner-14-12-2020-19.291-1454x2048.jpg 1454w, https:\/\/aliancaevangelica.pt\/site\/wp-content\/uploads\/2021\/02\/TapScanner-14-12-2020-19.291-1363x1920.jpg 1363w, https:\/\/aliancaevangelica.pt\/site\/wp-content\/uploads\/2021\/02\/TapScanner-14-12-2020-19.291-scaled.jpg 1818w\" sizes=\"auto, (max-width: 271px) 100vw, 271px\" \/><\/p>\n<p class=\"p1\">O meu filho tem agora 9 anos, e quem olha para ele n\u00e3o v\u00ea qualquer indica\u00e7\u00e3o de doen\u00e7a. Contudo, o Rodrigo tem restri\u00e7\u00f5es e tem de saber viver com elas, apesar de ser apenas uma crian\u00e7a. Por exemplo, numa festa de anivers\u00e1rio, ele n\u00e3o pode comer batatas fritas, gomas, doces, chocolates \u201c\u00e0 vontade\u201d como os seus amiguinhos. Pode apenas comer uma destes alimentos pontualmente, pois o seu organismo n\u00e3o os processa.<\/p>\n<p class=\"p1\">Hoje, a informa\u00e7\u00e3o sobre a doen\u00e7a evoluiu e o Rodrigo j\u00e1 pode tomar o MCT Oil, que \u00e9 a gordura que o corpo humano processaria para obter energia, e tamb\u00e9m algumas vitaminas. Este produto e um outro medicamento s\u00e3o caros mas s\u00e3o comparticipados pelo Estado, o que \u00e9 uma b\u00ean\u00e7\u00e3o grande.<\/p>\n<p class=\"p1\"><strong>A gra\u00e7a de Deus!<\/strong><\/p>\n<p class=\"p1\">Apesar de todos estes condicionalismos, eu consigo ver a gra\u00e7a de Deus em cada detalhe, o Seu cuidado, prote\u00e7\u00e3o e amor. Outras pessoas h\u00e1 com doen\u00e7as, das quais os m\u00e9dicos n\u00e3o conseguem detetar as causas, n\u00e3o conseguem identificar os tratamentos, o que nunca aconteceu com o Rodrigo. Por exemplo, eu soube de um caso que s\u00f3 ao fim de 10 anos foi detectado que a pessoa tinha uma doen\u00e7a metab\u00f3lica, com todas as consequ\u00eancias que da\u00ed advieram, infelizmente. Eu conhe\u00e7o bem a ang\u00fastia de n\u00e3o saber o que o meu filho tem, para se tratar convenientemente, e por isso agrade\u00e7o a Deus que a doen\u00e7a tenha sido logo detetada no Rodrigo, prevenindo situa\u00e7\u00f5es graves. Sei que o papel dos pais \u00e9 fundamental, nunca deixando passar as rotinas alimentares e as tomas dos medicamentos, mas mais do que tudo sei que Deus cuidar\u00e1 de cada detalhe, como at\u00e9 aqui, e \u00e9 isso que sossega o meu cora\u00e7\u00e3o. O Rodrigo <span class=\"s1\">at\u00e9 hoje \u00e9 acompanhado pelas Unidades Metab\u00f3licas e pela Cardiologia, realizando Holters frequentes.<\/span> \u00c9 um menino saud\u00e1vel, apesar de tudo, que gosta de saltar e pular, correr e brincar, e isso \u00e9 a gra\u00e7a de Deus vis\u00edvel na sua vida, na nossa vida!<\/p>\n<p class=\"p1\">Com este meu testemunho, quero expressar a enorme gratid\u00e3o que eu tenho para com Deus e a serenidade que tenho dentro de mim pela certeza de que, seja qual for o problema, podemos colocar sempre aos p\u00e9s de Deus e Ele, na Sua infinita miseric\u00f3rdia, nos ouvir\u00e1 e resolver\u00e1, caso seja essa a Sua vontade. Para Ele nada \u00e9 imposs\u00edvel.<\/p>\n<p>[movedo_single_image image=&#8221;18736&#8243; animation=&#8221;grve-zoom-in&#8221;]Marta Aleixo<\/p>\n<p class=\"p1\">Assistente executiva<\/p>\n<p class=\"p1\">\n","protected":false},"excerpt":{"rendered":"<p>Eu sou a Marta e quero contar-vos a hist\u00f3ria muito especial do meu filho Rodrigo. Tudo come\u00e7ou em 2007, quando casei com o Nuno. Dois anos depois, sentimos que seria altura de pensar em ter um filho, o que constituiria uma alegria para toda a fam\u00edlia\u2026 E um tempo depois, aconteceu! O teste do pezinho<\/p>\n","protected":false},"author":2,"featured_media":18735,"comment_status":"open","ping_status":"open","sticky":false,"template":"","format":"standard","meta":{"_uag_custom_page_level_css":"","_themeisle_gutenberg_block_has_review":false,"_vp_format_video_url":"","_vp_image_focal_point":[],"footnotes":""},"categories":[45,47],"tags":[],"class_list":["post-18733","post","type-post","status-publish","format-standard","has-post-thumbnail","hentry","category-geral","category-mulheres-casais-e-familia"],"yoast_head":"<!-- This site is optimized with the Yoast SEO plugin v27.5 - https:\/\/yoast.com\/product\/yoast-seo-wordpress\/ -->\n<title>Deus cuida dos detalhes - AEP<\/title>\n<meta name=\"robots\" content=\"index, follow, max-snippet:-1, max-image-preview:large, max-video-preview:-1\" \/>\n<link rel=\"canonical\" href=\"https:\/\/aliancaevangelica.pt\/site\/deus-cuida-dos-detalhes\/\" \/>\n<meta property=\"og:locale\" content=\"pt_PT\" \/>\n<meta property=\"og:type\" content=\"article\" \/>\n<meta property=\"og:title\" content=\"Deus cuida dos detalhes - AEP\" \/>\n<meta property=\"og:description\" content=\"Eu sou a Marta e quero contar-vos a hist\u00f3ria muito especial do meu filho Rodrigo. Tudo come\u00e7ou em 2007, quando casei com o Nuno. Dois anos depois, sentimos que seria altura de pensar em ter um filho, o que constituiria uma alegria para toda a fam\u00edlia\u2026 E um tempo depois, aconteceu! O teste do pezinho\" \/>\n<meta property=\"og:url\" content=\"https:\/\/aliancaevangelica.pt\/site\/deus-cuida-dos-detalhes\/\" \/>\n<meta property=\"og:site_name\" content=\"AEP\" \/>\n<meta property=\"article:publisher\" content=\"http:\/\/facebook.com\/aeportuguesa\" \/>\n<meta property=\"article:author\" content=\"aeportugal\" \/>\n<meta property=\"article:published_time\" content=\"2021-03-05T08:00:00+00:00\" \/>\n<meta property=\"og:image\" content=\"https:\/\/aliancaevangelica.pt\/site\/wp-content\/uploads\/2021\/02\/Bebe\u0301.jpg\" \/>\n\t<meta property=\"og:image:width\" content=\"960\" \/>\n\t<meta property=\"og:image:height\" content=\"640\" \/>\n\t<meta property=\"og:image:type\" content=\"image\/jpeg\" \/>\n<meta name=\"author\" content=\"AEP\" \/>\n<meta name=\"twitter:card\" content=\"summary_large_image\" \/>\n<meta name=\"twitter:label1\" content=\"Escrito por\" \/>\n\t<meta name=\"twitter:data1\" content=\"AEP\" \/>\n\t<meta name=\"twitter:label2\" content=\"Tempo estimado de leitura\" \/>\n\t<meta name=\"twitter:data2\" content=\"7 minutos\" \/>\n<script type=\"application\/ld+json\" class=\"yoast-schema-graph\">{\"@context\":\"https:\\\/\\\/schema.org\",\"@graph\":[{\"@type\":\"Article\",\"@id\":\"https:\\\/\\\/aliancaevangelica.pt\\\/site\\\/deus-cuida-dos-detalhes\\\/#article\",\"isPartOf\":{\"@id\":\"https:\\\/\\\/aliancaevangelica.pt\\\/site\\\/deus-cuida-dos-detalhes\\\/\"},\"author\":{\"name\":\"AEP\",\"@id\":\"https:\\\/\\\/aliancaevangelica.pt\\\/site\\\/#\\\/schema\\\/person\\\/3b47cfc7535eff1e820f31c2d67eafcf\"},\"headline\":\"Deus cuida dos detalhes\",\"datePublished\":\"2021-03-05T08:00:00+00:00\",\"mainEntityOfPage\":{\"@id\":\"https:\\\/\\\/aliancaevangelica.pt\\\/site\\\/deus-cuida-dos-detalhes\\\/\"},\"wordCount\":1331,\"commentCount\":0,\"publisher\":{\"@id\":\"https:\\\/\\\/aliancaevangelica.pt\\\/site\\\/#organization\"},\"image\":{\"@id\":\"https:\\\/\\\/aliancaevangelica.pt\\\/site\\\/deus-cuida-dos-detalhes\\\/#primaryimage\"},\"thumbnailUrl\":\"https:\\\/\\\/aliancaevangelica.pt\\\/site\\\/wp-content\\\/uploads\\\/2021\\\/02\\\/Bebe\u0301.jpg\",\"articleSection\":[\"1-Geral\",\"Mulheres, Casais e Fam\u00edlia\"],\"inLanguage\":\"pt-PT\",\"potentialAction\":[{\"@type\":\"CommentAction\",\"name\":\"Comment\",\"target\":[\"https:\\\/\\\/aliancaevangelica.pt\\\/site\\\/deus-cuida-dos-detalhes\\\/#respond\"]}]},{\"@type\":\"WebPage\",\"@id\":\"https:\\\/\\\/aliancaevangelica.pt\\\/site\\\/deus-cuida-dos-detalhes\\\/\",\"url\":\"https:\\\/\\\/aliancaevangelica.pt\\\/site\\\/deus-cuida-dos-detalhes\\\/\",\"name\":\"Deus cuida dos detalhes - AEP\",\"isPartOf\":{\"@id\":\"https:\\\/\\\/aliancaevangelica.pt\\\/site\\\/#website\"},\"primaryImageOfPage\":{\"@id\":\"https:\\\/\\\/aliancaevangelica.pt\\\/site\\\/deus-cuida-dos-detalhes\\\/#primaryimage\"},\"image\":{\"@id\":\"https:\\\/\\\/aliancaevangelica.pt\\\/site\\\/deus-cuida-dos-detalhes\\\/#primaryimage\"},\"thumbnailUrl\":\"https:\\\/\\\/aliancaevangelica.pt\\\/site\\\/wp-content\\\/uploads\\\/2021\\\/02\\\/Bebe\u0301.jpg\",\"datePublished\":\"2021-03-05T08:00:00+00:00\",\"breadcrumb\":{\"@id\":\"https:\\\/\\\/aliancaevangelica.pt\\\/site\\\/deus-cuida-dos-detalhes\\\/#breadcrumb\"},\"inLanguage\":\"pt-PT\",\"potentialAction\":[{\"@type\":\"ReadAction\",\"target\":[\"https:\\\/\\\/aliancaevangelica.pt\\\/site\\\/deus-cuida-dos-detalhes\\\/\"]}]},{\"@type\":\"ImageObject\",\"inLanguage\":\"pt-PT\",\"@id\":\"https:\\\/\\\/aliancaevangelica.pt\\\/site\\\/deus-cuida-dos-detalhes\\\/#primaryimage\",\"url\":\"https:\\\/\\\/aliancaevangelica.pt\\\/site\\\/wp-content\\\/uploads\\\/2021\\\/02\\\/Bebe\u0301.jpg\",\"contentUrl\":\"https:\\\/\\\/aliancaevangelica.pt\\\/site\\\/wp-content\\\/uploads\\\/2021\\\/02\\\/Bebe\u0301.jpg\",\"width\":960,\"height\":640},{\"@type\":\"BreadcrumbList\",\"@id\":\"https:\\\/\\\/aliancaevangelica.pt\\\/site\\\/deus-cuida-dos-detalhes\\\/#breadcrumb\",\"itemListElement\":[{\"@type\":\"ListItem\",\"position\":1,\"name\":\"In\u00edcio\",\"item\":\"https:\\\/\\\/aliancaevangelica.pt\\\/site\\\/\"},{\"@type\":\"ListItem\",\"position\":2,\"name\":\"Deus cuida dos detalhes\"}]},{\"@type\":\"WebSite\",\"@id\":\"https:\\\/\\\/aliancaevangelica.pt\\\/site\\\/#website\",\"url\":\"https:\\\/\\\/aliancaevangelica.pt\\\/site\\\/\",\"name\":\"Alian\u00e7a Evang\u00e9lica Portuguesa\",\"description\":\"Alian\u00e7a Evang\u00e9lica Portuguesa\",\"publisher\":{\"@id\":\"https:\\\/\\\/aliancaevangelica.pt\\\/site\\\/#organization\"},\"potentialAction\":[{\"@type\":\"SearchAction\",\"target\":{\"@type\":\"EntryPoint\",\"urlTemplate\":\"https:\\\/\\\/aliancaevangelica.pt\\\/site\\\/?s={search_term_string}\"},\"query-input\":{\"@type\":\"PropertyValueSpecification\",\"valueRequired\":true,\"valueName\":\"search_term_string\"}}],\"inLanguage\":\"pt-PT\"},{\"@type\":\"Organization\",\"@id\":\"https:\\\/\\\/aliancaevangelica.pt\\\/site\\\/#organization\",\"name\":\"Alian\u00e7a Evang\u00e9lica Portuguesa\",\"url\":\"https:\\\/\\\/aliancaevangelica.pt\\\/site\\\/\",\"logo\":{\"@type\":\"ImageObject\",\"inLanguage\":\"pt-PT\",\"@id\":\"https:\\\/\\\/aliancaevangelica.pt\\\/site\\\/#\\\/schema\\\/logo\\\/image\\\/\",\"url\":\"https:\\\/\\\/aliancaevangelica.pt\\\/site\\\/wp-content\\\/uploads\\\/2017\\\/11\\\/logo-AEP-cor.png\",\"contentUrl\":\"https:\\\/\\\/aliancaevangelica.pt\\\/site\\\/wp-content\\\/uploads\\\/2017\\\/11\\\/logo-AEP-cor.png\",\"width\":1156,\"height\":672,\"caption\":\"Alian\u00e7a Evang\u00e9lica Portuguesa\"},\"image\":{\"@id\":\"https:\\\/\\\/aliancaevangelica.pt\\\/site\\\/#\\\/schema\\\/logo\\\/image\\\/\"},\"sameAs\":[\"http:\\\/\\\/facebook.com\\\/aeportuguesa\",\"http:\\\/\\\/instagram.com\\\/aliancaep\",\"http:\\\/\\\/youtube.com\\\/aeportuguesa\"]},{\"@type\":\"Person\",\"@id\":\"https:\\\/\\\/aliancaevangelica.pt\\\/site\\\/#\\\/schema\\\/person\\\/3b47cfc7535eff1e820f31c2d67eafcf\",\"name\":\"AEP\",\"sameAs\":[\"aeportugal\"],\"url\":\"https:\\\/\\\/aliancaevangelica.pt\\\/site\\\/author\\\/aeportugal\\\/\"}]}<\/script>\n<!-- \/ Yoast SEO plugin. -->","yoast_head_json":{"title":"Deus cuida dos detalhes - AEP","robots":{"index":"index","follow":"follow","max-snippet":"max-snippet:-1","max-image-preview":"max-image-preview:large","max-video-preview":"max-video-preview:-1"},"canonical":"https:\/\/aliancaevangelica.pt\/site\/deus-cuida-dos-detalhes\/","og_locale":"pt_PT","og_type":"article","og_title":"Deus cuida dos detalhes - AEP","og_description":"Eu sou a Marta e quero contar-vos a hist\u00f3ria muito especial do meu filho Rodrigo. Tudo come\u00e7ou em 2007, quando casei com o Nuno. Dois anos depois, sentimos que seria altura de pensar em ter um filho, o que constituiria uma alegria para toda a fam\u00edlia\u2026 E um tempo depois, aconteceu! O teste do pezinho","og_url":"https:\/\/aliancaevangelica.pt\/site\/deus-cuida-dos-detalhes\/","og_site_name":"AEP","article_publisher":"http:\/\/facebook.com\/aeportuguesa","article_author":"aeportugal","article_published_time":"2021-03-05T08:00:00+00:00","og_image":[{"width":960,"height":640,"url":"https:\/\/aliancaevangelica.pt\/site\/wp-content\/uploads\/2021\/02\/Bebe\u0301.jpg","type":"image\/jpeg"}],"author":"AEP","twitter_card":"summary_large_image","twitter_misc":{"Escrito por":"AEP","Tempo estimado de leitura":"7 minutos"},"schema":{"@context":"https:\/\/schema.org","@graph":[{"@type":"Article","@id":"https:\/\/aliancaevangelica.pt\/site\/deus-cuida-dos-detalhes\/#article","isPartOf":{"@id":"https:\/\/aliancaevangelica.pt\/site\/deus-cuida-dos-detalhes\/"},"author":{"name":"AEP","@id":"https:\/\/aliancaevangelica.pt\/site\/#\/schema\/person\/3b47cfc7535eff1e820f31c2d67eafcf"},"headline":"Deus cuida dos detalhes","datePublished":"2021-03-05T08:00:00+00:00","mainEntityOfPage":{"@id":"https:\/\/aliancaevangelica.pt\/site\/deus-cuida-dos-detalhes\/"},"wordCount":1331,"commentCount":0,"publisher":{"@id":"https:\/\/aliancaevangelica.pt\/site\/#organization"},"image":{"@id":"https:\/\/aliancaevangelica.pt\/site\/deus-cuida-dos-detalhes\/#primaryimage"},"thumbnailUrl":"https:\/\/aliancaevangelica.pt\/site\/wp-content\/uploads\/2021\/02\/Bebe\u0301.jpg","articleSection":["1-Geral","Mulheres, Casais e Fam\u00edlia"],"inLanguage":"pt-PT","potentialAction":[{"@type":"CommentAction","name":"Comment","target":["https:\/\/aliancaevangelica.pt\/site\/deus-cuida-dos-detalhes\/#respond"]}]},{"@type":"WebPage","@id":"https:\/\/aliancaevangelica.pt\/site\/deus-cuida-dos-detalhes\/","url":"https:\/\/aliancaevangelica.pt\/site\/deus-cuida-dos-detalhes\/","name":"Deus cuida dos detalhes - AEP","isPartOf":{"@id":"https:\/\/aliancaevangelica.pt\/site\/#website"},"primaryImageOfPage":{"@id":"https:\/\/aliancaevangelica.pt\/site\/deus-cuida-dos-detalhes\/#primaryimage"},"image":{"@id":"https:\/\/aliancaevangelica.pt\/site\/deus-cuida-dos-detalhes\/#primaryimage"},"thumbnailUrl":"https:\/\/aliancaevangelica.pt\/site\/wp-content\/uploads\/2021\/02\/Bebe\u0301.jpg","datePublished":"2021-03-05T08:00:00+00:00","breadcrumb":{"@id":"https:\/\/aliancaevangelica.pt\/site\/deus-cuida-dos-detalhes\/#breadcrumb"},"inLanguage":"pt-PT","potentialAction":[{"@type":"ReadAction","target":["https:\/\/aliancaevangelica.pt\/site\/deus-cuida-dos-detalhes\/"]}]},{"@type":"ImageObject","inLanguage":"pt-PT","@id":"https:\/\/aliancaevangelica.pt\/site\/deus-cuida-dos-detalhes\/#primaryimage","url":"https:\/\/aliancaevangelica.pt\/site\/wp-content\/uploads\/2021\/02\/Bebe\u0301.jpg","contentUrl":"https:\/\/aliancaevangelica.pt\/site\/wp-content\/uploads\/2021\/02\/Bebe\u0301.jpg","width":960,"height":640},{"@type":"BreadcrumbList","@id":"https:\/\/aliancaevangelica.pt\/site\/deus-cuida-dos-detalhes\/#breadcrumb","itemListElement":[{"@type":"ListItem","position":1,"name":"In\u00edcio","item":"https:\/\/aliancaevangelica.pt\/site\/"},{"@type":"ListItem","position":2,"name":"Deus cuida dos detalhes"}]},{"@type":"WebSite","@id":"https:\/\/aliancaevangelica.pt\/site\/#website","url":"https:\/\/aliancaevangelica.pt\/site\/","name":"Alian\u00e7a Evang\u00e9lica Portuguesa","description":"Alian\u00e7a Evang\u00e9lica Portuguesa","publisher":{"@id":"https:\/\/aliancaevangelica.pt\/site\/#organization"},"potentialAction":[{"@type":"SearchAction","target":{"@type":"EntryPoint","urlTemplate":"https:\/\/aliancaevangelica.pt\/site\/?s={search_term_string}"},"query-input":{"@type":"PropertyValueSpecification","valueRequired":true,"valueName":"search_term_string"}}],"inLanguage":"pt-PT"},{"@type":"Organization","@id":"https:\/\/aliancaevangelica.pt\/site\/#organization","name":"Alian\u00e7a Evang\u00e9lica Portuguesa","url":"https:\/\/aliancaevangelica.pt\/site\/","logo":{"@type":"ImageObject","inLanguage":"pt-PT","@id":"https:\/\/aliancaevangelica.pt\/site\/#\/schema\/logo\/image\/","url":"https:\/\/aliancaevangelica.pt\/site\/wp-content\/uploads\/2017\/11\/logo-AEP-cor.png","contentUrl":"https:\/\/aliancaevangelica.pt\/site\/wp-content\/uploads\/2017\/11\/logo-AEP-cor.png","width":1156,"height":672,"caption":"Alian\u00e7a Evang\u00e9lica Portuguesa"},"image":{"@id":"https:\/\/aliancaevangelica.pt\/site\/#\/schema\/logo\/image\/"},"sameAs":["http:\/\/facebook.com\/aeportuguesa","http:\/\/instagram.com\/aliancaep","http:\/\/youtube.com\/aeportuguesa"]},{"@type":"Person","@id":"https:\/\/aliancaevangelica.pt\/site\/#\/schema\/person\/3b47cfc7535eff1e820f31c2d67eafcf","name":"AEP","sameAs":["aeportugal"],"url":"https:\/\/aliancaevangelica.pt\/site\/author\/aeportugal\/"}]}},"uagb_featured_image_src":{"full":["https:\/\/aliancaevangelica.pt\/site\/wp-content\/uploads\/2021\/02\/Bebe\u0301.jpg",960,640,false],"thumbnail":["https:\/\/aliancaevangelica.pt\/site\/wp-content\/uploads\/2021\/02\/Bebe\u0301-150x150.jpg",150,150,true],"medium":["https:\/\/aliancaevangelica.pt\/site\/wp-content\/uploads\/2021\/02\/Bebe\u0301-300x200.jpg",300,200,true],"medium_large":["https:\/\/aliancaevangelica.pt\/site\/wp-content\/uploads\/2021\/02\/Bebe\u0301-768x512.jpg",768,512,true],"large":["https:\/\/aliancaevangelica.pt\/site\/wp-content\/uploads\/2021\/02\/Bebe\u0301.jpg",960,640,false],"1536x1536":["https:\/\/aliancaevangelica.pt\/site\/wp-content\/uploads\/2021\/02\/Bebe\u0301.jpg",960,640,false],"2048x2048":["https:\/\/aliancaevangelica.pt\/site\/wp-content\/uploads\/2021\/02\/Bebe\u0301.jpg",960,640,false],"vp_sm":["https:\/\/aliancaevangelica.pt\/site\/wp-content\/uploads\/2021\/02\/Bebe\u0301.jpg",500,333,false],"vp_md":["https:\/\/aliancaevangelica.pt\/site\/wp-content\/uploads\/2021\/02\/Bebe\u0301.jpg",800,533,false],"vp_lg":["https:\/\/aliancaevangelica.pt\/site\/wp-content\/uploads\/2021\/02\/Bebe\u0301.jpg",960,640,false],"vp_xl":["https:\/\/aliancaevangelica.pt\/site\/wp-content\/uploads\/2021\/02\/Bebe\u0301.jpg",960,640,false],"vp_sm_popup":["https:\/\/aliancaevangelica.pt\/site\/wp-content\/uploads\/2021\/02\/Bebe\u0301.jpg",500,333,false],"vp_md_popup":["https:\/\/aliancaevangelica.pt\/site\/wp-content\/uploads\/2021\/02\/Bebe\u0301.jpg",800,533,false],"vp_xl_popup":["https:\/\/aliancaevangelica.pt\/site\/wp-content\/uploads\/2021\/02\/Bebe\u0301.jpg",960,640,false],"newsx-150x100":["https:\/\/aliancaevangelica.pt\/site\/wp-content\/uploads\/2021\/02\/Bebe\u0301.jpg",150,100,false],"newsx-330x220":["https:\/\/aliancaevangelica.pt\/site\/wp-content\/uploads\/2021\/02\/Bebe\u0301.jpg",330,220,false],"newsx-420x280":["https:\/\/aliancaevangelica.pt\/site\/wp-content\/uploads\/2021\/02\/Bebe\u0301.jpg",420,280,false],"newsx-510x340":["https:\/\/aliancaevangelica.pt\/site\/wp-content\/uploads\/2021\/02\/Bebe\u0301.jpg",510,340,false],"newsx-640x480":["https:\/\/aliancaevangelica.pt\/site\/wp-content\/uploads\/2021\/02\/Bebe\u0301.jpg",640,427,false],"newsx-670x370":["https:\/\/aliancaevangelica.pt\/site\/wp-content\/uploads\/2021\/02\/Bebe\u0301.jpg",555,370,false],"newsx-860x570":["https:\/\/aliancaevangelica.pt\/site\/wp-content\/uploads\/2021\/02\/Bebe\u0301.jpg",855,570,false],"newsx-1000x750":["https:\/\/aliancaevangelica.pt\/site\/wp-content\/uploads\/2021\/02\/Bebe\u0301.jpg",960,640,false],"newsx-1200x600":["https:\/\/aliancaevangelica.pt\/site\/wp-content\/uploads\/2021\/02\/Bebe\u0301.jpg",900,600,false]},"uagb_author_info":{"display_name":"AEP","author_link":"https:\/\/aliancaevangelica.pt\/site\/author\/aeportugal\/"},"uagb_comment_info":0,"uagb_excerpt":"Eu sou a Marta e quero contar-vos a hist\u00f3ria muito especial do meu filho Rodrigo. Tudo come\u00e7ou em 2007, quando casei com o Nuno. Dois anos depois, sentimos que seria altura de pensar em ter um filho, o que constituiria uma alegria para toda a fam\u00edlia\u2026 E um tempo depois, aconteceu! O teste do pezinho","_links":{"self":[{"href":"https:\/\/aliancaevangelica.pt\/site\/wp-json\/wp\/v2\/posts\/18733","targetHints":{"allow":["GET"]}}],"collection":[{"href":"https:\/\/aliancaevangelica.pt\/site\/wp-json\/wp\/v2\/posts"}],"about":[{"href":"https:\/\/aliancaevangelica.pt\/site\/wp-json\/wp\/v2\/types\/post"}],"author":[{"embeddable":true,"href":"https:\/\/aliancaevangelica.pt\/site\/wp-json\/wp\/v2\/users\/2"}],"replies":[{"embeddable":true,"href":"https:\/\/aliancaevangelica.pt\/site\/wp-json\/wp\/v2\/comments?post=18733"}],"version-history":[{"count":4,"href":"https:\/\/aliancaevangelica.pt\/site\/wp-json\/wp\/v2\/posts\/18733\/revisions"}],"predecessor-version":[{"id":18740,"href":"https:\/\/aliancaevangelica.pt\/site\/wp-json\/wp\/v2\/posts\/18733\/revisions\/18740"}],"wp:featuredmedia":[{"embeddable":true,"href":"https:\/\/aliancaevangelica.pt\/site\/wp-json\/wp\/v2\/media\/18735"}],"wp:attachment":[{"href":"https:\/\/aliancaevangelica.pt\/site\/wp-json\/wp\/v2\/media?parent=18733"}],"wp:term":[{"taxonomy":"category","embeddable":true,"href":"https:\/\/aliancaevangelica.pt\/site\/wp-json\/wp\/v2\/categories?post=18733"},{"taxonomy":"post_tag","embeddable":true,"href":"https:\/\/aliancaevangelica.pt\/site\/wp-json\/wp\/v2\/tags?post=18733"}],"curies":[{"name":"wp","href":"https:\/\/api.w.org\/{rel}","templated":true}]}}