{"id":18694,"date":"2021-02-01T19:31:36","date_gmt":"2021-02-01T19:31:36","guid":{"rendered":"https:\/\/aliancaevangelica.pt\/site\/?p=18694"},"modified":"2026-04-07T10:01:04","modified_gmt":"2026-04-07T10:01:04","slug":"eutanasia-comunicado-grupo-de-trabalho-inter-religiosoreligioes-saude","status":"publish","type":"post","link":"https:\/\/aliancaevangelica.pt\/site\/eutanasia-comunicado-grupo-de-trabalho-inter-religiosoreligioes-saude\/","title":{"rendered":"Eutan\u00e1sia &#8211; Comunicado Grupo de Trabalho Inter-Religioso|Religi\u00f5es &#8211; Sa\u00fade"},"content":{"rendered":"\n<p>Ainda no seguimento da recente aprova\u00e7\u00e3o no Parlamento da legaliza\u00e7\u00e3o da morte clinicamente assistida, partilhamos o Comunicado do Grupo de Trabalho Inter-Religioso|Religi\u00f5es-Sa\u00fade, do qual a AEP tamb\u00e9m faz parte.<\/p>\n\n\n\n<p>Juntos pela vida, dom de Deus!<\/p>\n\n\n\n<p><\/p>\n\n\n\n<p>Atordoados pelo tsumani provocado pela pandemia em n\u00famero de mortos e infectados e incr\u00e9dulos face ao n\u00famero de ambul\u00e2ncia que acorrem aos cuidados de sa\u00fade ficando horas e horas \u00e0 espera de cuidados, \u00e0s ang\u00fastia das fam\u00edlias e desespero de muitos doentes, \u00e0 transfer\u00eancia de doentes para as ilhas e de iminente transfer\u00eancia para o estrangeiro, ao zelo e entrega dos profissionais na luta pela sa\u00fade e pela vida, apesar da falta de meios, da escassez de pessoal e do cansa\u00e7o, eis que, sem os habituais holofotes da imprensa, sem solenidade e com sublime indiferen\u00e7a \u00e0 realidade da cidade e do pa\u00eds, a maioria relativa dos deputados levou a Assembleia da Rep\u00fablica a oferecer aos portugueses uma lei para morrer (ou matar?), a eutan\u00e1sia.<\/p>\n\n\n\n<p>A pessoa humana \u00e9 fr\u00e1gil e vulner\u00e1vel. \u00c9 pr\u00f3prio do homem amparar, acompanhar, curar e cuidar com compaix\u00e3o o seu semelhante doente, vulner\u00e1vel e fr\u00e1gil. Aquilo que a Assembleia ofereceu como sa\u00edda \u00e0 pessoa que sofre gravemente \u00e9 a morte a pedido (por enquanto). O que esperar face \u00e0s dificuldades no acesso aos cuidados de sa\u00fade, \u00e0 pobreza, \u00e0 grave insufici\u00eancia de cuidados continuados, \u00e0 inexist\u00eancia de uma rede de cuidados paliativos, ao dep\u00f3sito de idosos em muitos lares, \u00e0s graves insufici\u00eancias do SNS? A ideologia ganha terreno \u00e0 \u00c9tica e a pol\u00edtica passou a ocupar-se tamb\u00e9m do morrer, tornando o futuro cada vez mais preocupante. Do niilismo moral, do relativismo \u00e9tico e da indiferen\u00e7a individualista o que de humano e nobre poderemos esperar? &nbsp;<\/p>\n\n\n\n<p>Face \u00e0quilo que consideramos ser uma ruptura no dique da vida e um retrocesso civilizacional em fun\u00e7\u00e3o das ideologias do desejo:<\/p>\n\n\n\n<ol class=\"wp-block-list\"><li>Refor\u00e7aremos o nosso empenho na proclama\u00e7\u00e3o dos valores da vida e na forma\u00e7\u00e3o humana suportada pelos mesmos porque consideramos que cada ser humano \u00e9 portador de uma dignidade intr\u00ednseca anterior a qualquer crit\u00e9rio de autonomia, liberdade ou qualidade de vida e que n\u00e3o depende das fases da vida por que passa nem das suas condi\u00e7\u00f5es, dos papeis sociais que desempenha nem da cultura a que pertence. Cada pessoa \u00e9, na verdade, \u00fanica e irrepet\u00edvel, insubstitu\u00edvel e necess\u00e1ria \u00e0 sociedade de que faz parte. N\u00e3o h\u00e1 vidas descart\u00e1veis.&nbsp;<\/li><li>Assumimos o desafio de uma maior proximidade aos doentes atrav\u00e9s do acompanhamento espiritual porque n\u00e3o somos indiferentes ao pedido de um doente terminal que pede para morrer. Sabemos pela experi\u00eancia de acompanhamento compassivo que esse pedido \u00e9 n\u00e3o s\u00f3 um grito suplicante por ajuda no controlo sintom\u00e1tico da dor, mas \u00e9 tamb\u00e9m um pedido dram\u00e1tico de proximidade humana e um desejo de sentido espiritual. Por isso clamamos para que, no sistema de sa\u00fade, n\u00e3o nos impe\u00e7am de o fazer e que deste sejam retirados os entraves existentes.<\/li><li>Continuamos a afirmar o princ\u00edpio \u00e9tico, ancestral e universal, \u201cn\u00e3o matar\u00e1s\u201d porque acreditamos que a vida \u00e9 um dom que recebemos de Deus, que tem um caracter sagrado e que uma finalidade \u00faltima e por isso temos o dever de a cuidar at\u00e9 ao seu fim natural. O princ\u00edpio \u201cn\u00e3o matar\u00e1s\u201d conduziu a humanidade pelas vicissitudes da hist\u00f3ria at\u00e9 ao respeito pela vida e pela dignifica\u00e7\u00e3o da pessoa humana, consagrando nos direitos humanos e nos c\u00f3digos constitucionais da maior parte das na\u00e7\u00f5es, bem como nas grandes tradi\u00e7\u00f5es religiosas o respeito pela vida pr\u00f3pria e o respeito pela vida do outro.&nbsp;<\/li><\/ol>\n\n\n\n<p>Lisboa, 30 de Janeiro de 2021<\/p>\n\n\n\n<p>Alian\u00e7a Evang\u00e9lica Portuguesa<\/p>\n\n\n\n<p>Comunidade Hindu Portuguesa<\/p>\n\n\n\n<p>Comunidade Isl\u00e2mica de Lisboa<\/p>\n\n\n\n<p>Comunidade Israelita de Lisboa<\/p>\n\n\n\n<p>Igreja Cat\u00f3lica<\/p>\n\n\n\n<p>Igreja de Jesus Cristo dos Santos dos \u00daltimos Dias (M\u00f3rmons)<\/p>\n\n\n\n<p>Patriarcado Ecum\u00e9nico de Constantinopla<\/p>\n\n\n\n<p>Uni\u00e3o Budista Portuguesa<\/p>\n\n\n\n<p>Uni\u00e3o Portuguesa dos Adventistas do S\u00e9timo Dia<\/p>\n","protected":false},"excerpt":{"rendered":"<p>Ainda no seguimento da recente aprova\u00e7\u00e3o no Parlamento da legaliza\u00e7\u00e3o da morte clinicamente assistida, partilhamos o Comunicado do Grupo de Trabalho Inter-Religioso|Religi\u00f5es-Sa\u00fade, do qual a AEP tamb\u00e9m faz parte. Juntos pela vida, dom de Deus! Atordoados pelo tsumani provocado pela pandemia em n\u00famero de mortos e infectados e incr\u00e9dulos face ao n\u00famero de ambul\u00e2ncia que<\/p>\n","protected":false},"author":2,"featured_media":18696,"comment_status":"closed","ping_status":"open","sticky":false,"template":"","format":"standard","meta":{"_uag_custom_page_level_css":"","_themeisle_gutenberg_block_has_review":false,"_vp_format_video_url":"","_vp_image_focal_point":[],"footnotes":""},"categories":[],"tags":[145],"class_list":["post-18694","post","type-post","status-publish","format-standard","has-post-thumbnail","hentry","tag-tomadas-de-posicao"],"yoast_head":"<!-- This site is optimized with the Yoast SEO plugin v27.5 - https:\/\/yoast.com\/product\/yoast-seo-wordpress\/ -->\n<title>Eutan\u00e1sia - Comunicado Grupo de Trabalho Inter-Religioso|Religi\u00f5es - Sa\u00fade - AEP<\/title>\n<meta name=\"robots\" content=\"index, follow, max-snippet:-1, max-image-preview:large, max-video-preview:-1\" \/>\n<link rel=\"canonical\" href=\"https:\/\/aliancaevangelica.pt\/site\/eutanasia-comunicado-grupo-de-trabalho-inter-religiosoreligioes-saude\/\" \/>\n<meta property=\"og:locale\" content=\"pt_PT\" \/>\n<meta property=\"og:type\" content=\"article\" \/>\n<meta property=\"og:title\" content=\"Eutan\u00e1sia - Comunicado Grupo de Trabalho Inter-Religioso|Religi\u00f5es - Sa\u00fade - AEP\" \/>\n<meta property=\"og:description\" content=\"Ainda no seguimento da recente aprova\u00e7\u00e3o no Parlamento da legaliza\u00e7\u00e3o da morte clinicamente assistida, partilhamos o Comunicado do Grupo de Trabalho Inter-Religioso|Religi\u00f5es-Sa\u00fade, do qual a AEP tamb\u00e9m faz parte. Juntos pela vida, dom de Deus! Atordoados pelo tsumani provocado pela pandemia em n\u00famero de mortos e infectados e incr\u00e9dulos face ao n\u00famero de ambul\u00e2ncia que\" \/>\n<meta property=\"og:url\" content=\"https:\/\/aliancaevangelica.pt\/site\/eutanasia-comunicado-grupo-de-trabalho-inter-religiosoreligioes-saude\/\" \/>\n<meta property=\"og:site_name\" content=\"AEP\" \/>\n<meta property=\"article:publisher\" content=\"http:\/\/facebook.com\/aeportuguesa\" \/>\n<meta property=\"article:author\" content=\"aeportugal\" \/>\n<meta property=\"article:published_time\" content=\"2021-02-01T19:31:36+00:00\" \/>\n<meta property=\"article:modified_time\" content=\"2026-04-07T10:01:04+00:00\" \/>\n<meta property=\"og:image\" content=\"https:\/\/aliancaevangelica.pt\/site\/wp-content\/uploads\/2021\/02\/WhatsApp-Image-2021-02-01-at-13.55.15.jpeg\" \/>\n\t<meta property=\"og:image:width\" content=\"1080\" \/>\n\t<meta property=\"og:image:height\" content=\"561\" \/>\n\t<meta property=\"og:image:type\" content=\"image\/jpeg\" \/>\n<meta name=\"author\" content=\"AEP\" \/>\n<meta name=\"twitter:card\" content=\"summary_large_image\" \/>\n<meta name=\"twitter:label1\" content=\"Escrito por\" \/>\n\t<meta name=\"twitter:data1\" content=\"AEP\" \/>\n\t<meta name=\"twitter:label2\" content=\"Tempo estimado de leitura\" \/>\n\t<meta name=\"twitter:data2\" content=\"3 minutos\" \/>\n<script type=\"application\/ld+json\" class=\"yoast-schema-graph\">{\"@context\":\"https:\\\/\\\/schema.org\",\"@graph\":[{\"@type\":\"Article\",\"@id\":\"https:\\\/\\\/aliancaevangelica.pt\\\/site\\\/eutanasia-comunicado-grupo-de-trabalho-inter-religiosoreligioes-saude\\\/#article\",\"isPartOf\":{\"@id\":\"https:\\\/\\\/aliancaevangelica.pt\\\/site\\\/eutanasia-comunicado-grupo-de-trabalho-inter-religiosoreligioes-saude\\\/\"},\"author\":{\"name\":\"AEP\",\"@id\":\"https:\\\/\\\/aliancaevangelica.pt\\\/site\\\/#\\\/schema\\\/person\\\/3b47cfc7535eff1e820f31c2d67eafcf\"},\"headline\":\"Eutan\u00e1sia &#8211; Comunicado Grupo de Trabalho Inter-Religioso|Religi\u00f5es &#8211; Sa\u00fade\",\"datePublished\":\"2021-02-01T19:31:36+00:00\",\"dateModified\":\"2026-04-07T10:01:04+00:00\",\"mainEntityOfPage\":{\"@id\":\"https:\\\/\\\/aliancaevangelica.pt\\\/site\\\/eutanasia-comunicado-grupo-de-trabalho-inter-religiosoreligioes-saude\\\/\"},\"wordCount\":701,\"publisher\":{\"@id\":\"https:\\\/\\\/aliancaevangelica.pt\\\/site\\\/#organization\"},\"image\":{\"@id\":\"https:\\\/\\\/aliancaevangelica.pt\\\/site\\\/eutanasia-comunicado-grupo-de-trabalho-inter-religiosoreligioes-saude\\\/#primaryimage\"},\"thumbnailUrl\":\"https:\\\/\\\/aliancaevangelica.pt\\\/site\\\/wp-content\\\/uploads\\\/2021\\\/02\\\/WhatsApp-Image-2021-02-01-at-13.55.15.jpeg\",\"keywords\":[\"Tomadas de Posi\u00e7\u00e3o\"],\"inLanguage\":\"pt-PT\"},{\"@type\":\"WebPage\",\"@id\":\"https:\\\/\\\/aliancaevangelica.pt\\\/site\\\/eutanasia-comunicado-grupo-de-trabalho-inter-religiosoreligioes-saude\\\/\",\"url\":\"https:\\\/\\\/aliancaevangelica.pt\\\/site\\\/eutanasia-comunicado-grupo-de-trabalho-inter-religiosoreligioes-saude\\\/\",\"name\":\"Eutan\u00e1sia - Comunicado Grupo de Trabalho Inter-Religioso|Religi\u00f5es - Sa\u00fade - AEP\",\"isPartOf\":{\"@id\":\"https:\\\/\\\/aliancaevangelica.pt\\\/site\\\/#website\"},\"primaryImageOfPage\":{\"@id\":\"https:\\\/\\\/aliancaevangelica.pt\\\/site\\\/eutanasia-comunicado-grupo-de-trabalho-inter-religiosoreligioes-saude\\\/#primaryimage\"},\"image\":{\"@id\":\"https:\\\/\\\/aliancaevangelica.pt\\\/site\\\/eutanasia-comunicado-grupo-de-trabalho-inter-religiosoreligioes-saude\\\/#primaryimage\"},\"thumbnailUrl\":\"https:\\\/\\\/aliancaevangelica.pt\\\/site\\\/wp-content\\\/uploads\\\/2021\\\/02\\\/WhatsApp-Image-2021-02-01-at-13.55.15.jpeg\",\"datePublished\":\"2021-02-01T19:31:36+00:00\",\"dateModified\":\"2026-04-07T10:01:04+00:00\",\"breadcrumb\":{\"@id\":\"https:\\\/\\\/aliancaevangelica.pt\\\/site\\\/eutanasia-comunicado-grupo-de-trabalho-inter-religiosoreligioes-saude\\\/#breadcrumb\"},\"inLanguage\":\"pt-PT\",\"potentialAction\":[{\"@type\":\"ReadAction\",\"target\":[\"https:\\\/\\\/aliancaevangelica.pt\\\/site\\\/eutanasia-comunicado-grupo-de-trabalho-inter-religiosoreligioes-saude\\\/\"]}]},{\"@type\":\"ImageObject\",\"inLanguage\":\"pt-PT\",\"@id\":\"https:\\\/\\\/aliancaevangelica.pt\\\/site\\\/eutanasia-comunicado-grupo-de-trabalho-inter-religiosoreligioes-saude\\\/#primaryimage\",\"url\":\"https:\\\/\\\/aliancaevangelica.pt\\\/site\\\/wp-content\\\/uploads\\\/2021\\\/02\\\/WhatsApp-Image-2021-02-01-at-13.55.15.jpeg\",\"contentUrl\":\"https:\\\/\\\/aliancaevangelica.pt\\\/site\\\/wp-content\\\/uploads\\\/2021\\\/02\\\/WhatsApp-Image-2021-02-01-at-13.55.15.jpeg\",\"width\":1080,\"height\":561},{\"@type\":\"BreadcrumbList\",\"@id\":\"https:\\\/\\\/aliancaevangelica.pt\\\/site\\\/eutanasia-comunicado-grupo-de-trabalho-inter-religiosoreligioes-saude\\\/#breadcrumb\",\"itemListElement\":[{\"@type\":\"ListItem\",\"position\":1,\"name\":\"In\u00edcio\",\"item\":\"https:\\\/\\\/aliancaevangelica.pt\\\/site\\\/\"},{\"@type\":\"ListItem\",\"position\":2,\"name\":\"Eutan\u00e1sia &#8211; Comunicado Grupo de Trabalho Inter-Religioso|Religi\u00f5es &#8211; Sa\u00fade\"}]},{\"@type\":\"WebSite\",\"@id\":\"https:\\\/\\\/aliancaevangelica.pt\\\/site\\\/#website\",\"url\":\"https:\\\/\\\/aliancaevangelica.pt\\\/site\\\/\",\"name\":\"Alian\u00e7a Evang\u00e9lica Portuguesa\",\"description\":\"Alian\u00e7a Evang\u00e9lica Portuguesa\",\"publisher\":{\"@id\":\"https:\\\/\\\/aliancaevangelica.pt\\\/site\\\/#organization\"},\"potentialAction\":[{\"@type\":\"SearchAction\",\"target\":{\"@type\":\"EntryPoint\",\"urlTemplate\":\"https:\\\/\\\/aliancaevangelica.pt\\\/site\\\/?s={search_term_string}\"},\"query-input\":{\"@type\":\"PropertyValueSpecification\",\"valueRequired\":true,\"valueName\":\"search_term_string\"}}],\"inLanguage\":\"pt-PT\"},{\"@type\":\"Organization\",\"@id\":\"https:\\\/\\\/aliancaevangelica.pt\\\/site\\\/#organization\",\"name\":\"Alian\u00e7a Evang\u00e9lica Portuguesa\",\"url\":\"https:\\\/\\\/aliancaevangelica.pt\\\/site\\\/\",\"logo\":{\"@type\":\"ImageObject\",\"inLanguage\":\"pt-PT\",\"@id\":\"https:\\\/\\\/aliancaevangelica.pt\\\/site\\\/#\\\/schema\\\/logo\\\/image\\\/\",\"url\":\"https:\\\/\\\/aliancaevangelica.pt\\\/site\\\/wp-content\\\/uploads\\\/2017\\\/11\\\/logo-AEP-cor.png\",\"contentUrl\":\"https:\\\/\\\/aliancaevangelica.pt\\\/site\\\/wp-content\\\/uploads\\\/2017\\\/11\\\/logo-AEP-cor.png\",\"width\":1156,\"height\":672,\"caption\":\"Alian\u00e7a Evang\u00e9lica Portuguesa\"},\"image\":{\"@id\":\"https:\\\/\\\/aliancaevangelica.pt\\\/site\\\/#\\\/schema\\\/logo\\\/image\\\/\"},\"sameAs\":[\"http:\\\/\\\/facebook.com\\\/aeportuguesa\",\"http:\\\/\\\/instagram.com\\\/aliancaep\",\"http:\\\/\\\/youtube.com\\\/aeportuguesa\"]},{\"@type\":\"Person\",\"@id\":\"https:\\\/\\\/aliancaevangelica.pt\\\/site\\\/#\\\/schema\\\/person\\\/3b47cfc7535eff1e820f31c2d67eafcf\",\"name\":\"AEP\",\"sameAs\":[\"aeportugal\"],\"url\":\"https:\\\/\\\/aliancaevangelica.pt\\\/site\\\/author\\\/aeportugal\\\/\"}]}<\/script>\n<!-- \/ Yoast SEO plugin. -->","yoast_head_json":{"title":"Eutan\u00e1sia - Comunicado Grupo de Trabalho Inter-Religioso|Religi\u00f5es - Sa\u00fade - AEP","robots":{"index":"index","follow":"follow","max-snippet":"max-snippet:-1","max-image-preview":"max-image-preview:large","max-video-preview":"max-video-preview:-1"},"canonical":"https:\/\/aliancaevangelica.pt\/site\/eutanasia-comunicado-grupo-de-trabalho-inter-religiosoreligioes-saude\/","og_locale":"pt_PT","og_type":"article","og_title":"Eutan\u00e1sia - Comunicado Grupo de Trabalho Inter-Religioso|Religi\u00f5es - Sa\u00fade - AEP","og_description":"Ainda no seguimento da recente aprova\u00e7\u00e3o no Parlamento da legaliza\u00e7\u00e3o da morte clinicamente assistida, partilhamos o Comunicado do Grupo de Trabalho Inter-Religioso|Religi\u00f5es-Sa\u00fade, do qual a AEP tamb\u00e9m faz parte. Juntos pela vida, dom de Deus! Atordoados pelo tsumani provocado pela pandemia em n\u00famero de mortos e infectados e incr\u00e9dulos face ao n\u00famero de ambul\u00e2ncia que","og_url":"https:\/\/aliancaevangelica.pt\/site\/eutanasia-comunicado-grupo-de-trabalho-inter-religiosoreligioes-saude\/","og_site_name":"AEP","article_publisher":"http:\/\/facebook.com\/aeportuguesa","article_author":"aeportugal","article_published_time":"2021-02-01T19:31:36+00:00","article_modified_time":"2026-04-07T10:01:04+00:00","og_image":[{"width":1080,"height":561,"url":"https:\/\/aliancaevangelica.pt\/site\/wp-content\/uploads\/2021\/02\/WhatsApp-Image-2021-02-01-at-13.55.15.jpeg","type":"image\/jpeg"}],"author":"AEP","twitter_card":"summary_large_image","twitter_misc":{"Escrito por":"AEP","Tempo estimado de leitura":"3 minutos"},"schema":{"@context":"https:\/\/schema.org","@graph":[{"@type":"Article","@id":"https:\/\/aliancaevangelica.pt\/site\/eutanasia-comunicado-grupo-de-trabalho-inter-religiosoreligioes-saude\/#article","isPartOf":{"@id":"https:\/\/aliancaevangelica.pt\/site\/eutanasia-comunicado-grupo-de-trabalho-inter-religiosoreligioes-saude\/"},"author":{"name":"AEP","@id":"https:\/\/aliancaevangelica.pt\/site\/#\/schema\/person\/3b47cfc7535eff1e820f31c2d67eafcf"},"headline":"Eutan\u00e1sia &#8211; Comunicado Grupo de Trabalho Inter-Religioso|Religi\u00f5es &#8211; Sa\u00fade","datePublished":"2021-02-01T19:31:36+00:00","dateModified":"2026-04-07T10:01:04+00:00","mainEntityOfPage":{"@id":"https:\/\/aliancaevangelica.pt\/site\/eutanasia-comunicado-grupo-de-trabalho-inter-religiosoreligioes-saude\/"},"wordCount":701,"publisher":{"@id":"https:\/\/aliancaevangelica.pt\/site\/#organization"},"image":{"@id":"https:\/\/aliancaevangelica.pt\/site\/eutanasia-comunicado-grupo-de-trabalho-inter-religiosoreligioes-saude\/#primaryimage"},"thumbnailUrl":"https:\/\/aliancaevangelica.pt\/site\/wp-content\/uploads\/2021\/02\/WhatsApp-Image-2021-02-01-at-13.55.15.jpeg","keywords":["Tomadas de Posi\u00e7\u00e3o"],"inLanguage":"pt-PT"},{"@type":"WebPage","@id":"https:\/\/aliancaevangelica.pt\/site\/eutanasia-comunicado-grupo-de-trabalho-inter-religiosoreligioes-saude\/","url":"https:\/\/aliancaevangelica.pt\/site\/eutanasia-comunicado-grupo-de-trabalho-inter-religiosoreligioes-saude\/","name":"Eutan\u00e1sia - Comunicado Grupo de Trabalho Inter-Religioso|Religi\u00f5es - Sa\u00fade - AEP","isPartOf":{"@id":"https:\/\/aliancaevangelica.pt\/site\/#website"},"primaryImageOfPage":{"@id":"https:\/\/aliancaevangelica.pt\/site\/eutanasia-comunicado-grupo-de-trabalho-inter-religiosoreligioes-saude\/#primaryimage"},"image":{"@id":"https:\/\/aliancaevangelica.pt\/site\/eutanasia-comunicado-grupo-de-trabalho-inter-religiosoreligioes-saude\/#primaryimage"},"thumbnailUrl":"https:\/\/aliancaevangelica.pt\/site\/wp-content\/uploads\/2021\/02\/WhatsApp-Image-2021-02-01-at-13.55.15.jpeg","datePublished":"2021-02-01T19:31:36+00:00","dateModified":"2026-04-07T10:01:04+00:00","breadcrumb":{"@id":"https:\/\/aliancaevangelica.pt\/site\/eutanasia-comunicado-grupo-de-trabalho-inter-religiosoreligioes-saude\/#breadcrumb"},"inLanguage":"pt-PT","potentialAction":[{"@type":"ReadAction","target":["https:\/\/aliancaevangelica.pt\/site\/eutanasia-comunicado-grupo-de-trabalho-inter-religiosoreligioes-saude\/"]}]},{"@type":"ImageObject","inLanguage":"pt-PT","@id":"https:\/\/aliancaevangelica.pt\/site\/eutanasia-comunicado-grupo-de-trabalho-inter-religiosoreligioes-saude\/#primaryimage","url":"https:\/\/aliancaevangelica.pt\/site\/wp-content\/uploads\/2021\/02\/WhatsApp-Image-2021-02-01-at-13.55.15.jpeg","contentUrl":"https:\/\/aliancaevangelica.pt\/site\/wp-content\/uploads\/2021\/02\/WhatsApp-Image-2021-02-01-at-13.55.15.jpeg","width":1080,"height":561},{"@type":"BreadcrumbList","@id":"https:\/\/aliancaevangelica.pt\/site\/eutanasia-comunicado-grupo-de-trabalho-inter-religiosoreligioes-saude\/#breadcrumb","itemListElement":[{"@type":"ListItem","position":1,"name":"In\u00edcio","item":"https:\/\/aliancaevangelica.pt\/site\/"},{"@type":"ListItem","position":2,"name":"Eutan\u00e1sia &#8211; Comunicado Grupo de Trabalho Inter-Religioso|Religi\u00f5es &#8211; Sa\u00fade"}]},{"@type":"WebSite","@id":"https:\/\/aliancaevangelica.pt\/site\/#website","url":"https:\/\/aliancaevangelica.pt\/site\/","name":"Alian\u00e7a Evang\u00e9lica Portuguesa","description":"Alian\u00e7a Evang\u00e9lica Portuguesa","publisher":{"@id":"https:\/\/aliancaevangelica.pt\/site\/#organization"},"potentialAction":[{"@type":"SearchAction","target":{"@type":"EntryPoint","urlTemplate":"https:\/\/aliancaevangelica.pt\/site\/?s={search_term_string}"},"query-input":{"@type":"PropertyValueSpecification","valueRequired":true,"valueName":"search_term_string"}}],"inLanguage":"pt-PT"},{"@type":"Organization","@id":"https:\/\/aliancaevangelica.pt\/site\/#organization","name":"Alian\u00e7a Evang\u00e9lica Portuguesa","url":"https:\/\/aliancaevangelica.pt\/site\/","logo":{"@type":"ImageObject","inLanguage":"pt-PT","@id":"https:\/\/aliancaevangelica.pt\/site\/#\/schema\/logo\/image\/","url":"https:\/\/aliancaevangelica.pt\/site\/wp-content\/uploads\/2017\/11\/logo-AEP-cor.png","contentUrl":"https:\/\/aliancaevangelica.pt\/site\/wp-content\/uploads\/2017\/11\/logo-AEP-cor.png","width":1156,"height":672,"caption":"Alian\u00e7a Evang\u00e9lica Portuguesa"},"image":{"@id":"https:\/\/aliancaevangelica.pt\/site\/#\/schema\/logo\/image\/"},"sameAs":["http:\/\/facebook.com\/aeportuguesa","http:\/\/instagram.com\/aliancaep","http:\/\/youtube.com\/aeportuguesa"]},{"@type":"Person","@id":"https:\/\/aliancaevangelica.pt\/site\/#\/schema\/person\/3b47cfc7535eff1e820f31c2d67eafcf","name":"AEP","sameAs":["aeportugal"],"url":"https:\/\/aliancaevangelica.pt\/site\/author\/aeportugal\/"}]}},"uagb_featured_image_src":{"full":["https:\/\/aliancaevangelica.pt\/site\/wp-content\/uploads\/2021\/02\/WhatsApp-Image-2021-02-01-at-13.55.15.jpeg",1080,561,false],"thumbnail":["https:\/\/aliancaevangelica.pt\/site\/wp-content\/uploads\/2021\/02\/WhatsApp-Image-2021-02-01-at-13.55.15-150x150.jpeg",150,150,true],"medium":["https:\/\/aliancaevangelica.pt\/site\/wp-content\/uploads\/2021\/02\/WhatsApp-Image-2021-02-01-at-13.55.15-300x156.jpeg",300,156,true],"medium_large":["https:\/\/aliancaevangelica.pt\/site\/wp-content\/uploads\/2021\/02\/WhatsApp-Image-2021-02-01-at-13.55.15-768x399.jpeg",768,399,true],"large":["https:\/\/aliancaevangelica.pt\/site\/wp-content\/uploads\/2021\/02\/WhatsApp-Image-2021-02-01-at-13.55.15-1024x532.jpeg",960,499,true],"1536x1536":["https:\/\/aliancaevangelica.pt\/site\/wp-content\/uploads\/2021\/02\/WhatsApp-Image-2021-02-01-at-13.55.15.jpeg",1080,561,false],"2048x2048":["https:\/\/aliancaevangelica.pt\/site\/wp-content\/uploads\/2021\/02\/WhatsApp-Image-2021-02-01-at-13.55.15.jpeg",1080,561,false],"vp_sm":["https:\/\/aliancaevangelica.pt\/site\/wp-content\/uploads\/2021\/02\/WhatsApp-Image-2021-02-01-at-13.55.15.jpeg",500,260,false],"vp_md":["https:\/\/aliancaevangelica.pt\/site\/wp-content\/uploads\/2021\/02\/WhatsApp-Image-2021-02-01-at-13.55.15.jpeg",800,416,false],"vp_lg":["https:\/\/aliancaevangelica.pt\/site\/wp-content\/uploads\/2021\/02\/WhatsApp-Image-2021-02-01-at-13.55.15.jpeg",1080,561,false],"vp_xl":["https:\/\/aliancaevangelica.pt\/site\/wp-content\/uploads\/2021\/02\/WhatsApp-Image-2021-02-01-at-13.55.15.jpeg",1080,561,false],"vp_sm_popup":["https:\/\/aliancaevangelica.pt\/site\/wp-content\/uploads\/2021\/02\/WhatsApp-Image-2021-02-01-at-13.55.15.jpeg",500,260,false],"vp_md_popup":["https:\/\/aliancaevangelica.pt\/site\/wp-content\/uploads\/2021\/02\/WhatsApp-Image-2021-02-01-at-13.55.15.jpeg",800,416,false],"vp_xl_popup":["https:\/\/aliancaevangelica.pt\/site\/wp-content\/uploads\/2021\/02\/WhatsApp-Image-2021-02-01-at-13.55.15.jpeg",1080,561,false],"newsx-150x100":["https:\/\/aliancaevangelica.pt\/site\/wp-content\/uploads\/2021\/02\/WhatsApp-Image-2021-02-01-at-13.55.15.jpeg",150,78,false],"newsx-330x220":["https:\/\/aliancaevangelica.pt\/site\/wp-content\/uploads\/2021\/02\/WhatsApp-Image-2021-02-01-at-13.55.15.jpeg",330,171,false],"newsx-420x280":["https:\/\/aliancaevangelica.pt\/site\/wp-content\/uploads\/2021\/02\/WhatsApp-Image-2021-02-01-at-13.55.15.jpeg",420,218,false],"newsx-510x340":["https:\/\/aliancaevangelica.pt\/site\/wp-content\/uploads\/2021\/02\/WhatsApp-Image-2021-02-01-at-13.55.15.jpeg",510,265,false],"newsx-640x480":["https:\/\/aliancaevangelica.pt\/site\/wp-content\/uploads\/2021\/02\/WhatsApp-Image-2021-02-01-at-13.55.15.jpeg",640,332,false],"newsx-670x370":["https:\/\/aliancaevangelica.pt\/site\/wp-content\/uploads\/2021\/02\/WhatsApp-Image-2021-02-01-at-13.55.15.jpeg",670,348,false],"newsx-860x570":["https:\/\/aliancaevangelica.pt\/site\/wp-content\/uploads\/2021\/02\/WhatsApp-Image-2021-02-01-at-13.55.15.jpeg",860,447,false],"newsx-1000x750":["https:\/\/aliancaevangelica.pt\/site\/wp-content\/uploads\/2021\/02\/WhatsApp-Image-2021-02-01-at-13.55.15.jpeg",1000,519,false],"newsx-1200x600":["https:\/\/aliancaevangelica.pt\/site\/wp-content\/uploads\/2021\/02\/WhatsApp-Image-2021-02-01-at-13.55.15.jpeg",1080,561,false]},"uagb_author_info":{"display_name":"AEP","author_link":"https:\/\/aliancaevangelica.pt\/site\/author\/aeportugal\/"},"uagb_comment_info":0,"uagb_excerpt":"Ainda no seguimento da recente aprova\u00e7\u00e3o no Parlamento da legaliza\u00e7\u00e3o da morte clinicamente assistida, partilhamos o Comunicado do Grupo de Trabalho Inter-Religioso|Religi\u00f5es-Sa\u00fade, do qual a AEP tamb\u00e9m faz parte. Juntos pela vida, dom de Deus! Atordoados pelo tsumani provocado pela pandemia em n\u00famero de mortos e infectados e incr\u00e9dulos face ao n\u00famero de ambul\u00e2ncia que","_links":{"self":[{"href":"https:\/\/aliancaevangelica.pt\/site\/wp-json\/wp\/v2\/posts\/18694","targetHints":{"allow":["GET"]}}],"collection":[{"href":"https:\/\/aliancaevangelica.pt\/site\/wp-json\/wp\/v2\/posts"}],"about":[{"href":"https:\/\/aliancaevangelica.pt\/site\/wp-json\/wp\/v2\/types\/post"}],"author":[{"embeddable":true,"href":"https:\/\/aliancaevangelica.pt\/site\/wp-json\/wp\/v2\/users\/2"}],"replies":[{"embeddable":true,"href":"https:\/\/aliancaevangelica.pt\/site\/wp-json\/wp\/v2\/comments?post=18694"}],"version-history":[{"count":3,"href":"https:\/\/aliancaevangelica.pt\/site\/wp-json\/wp\/v2\/posts\/18694\/revisions"}],"predecessor-version":[{"id":18701,"href":"https:\/\/aliancaevangelica.pt\/site\/wp-json\/wp\/v2\/posts\/18694\/revisions\/18701"}],"wp:featuredmedia":[{"embeddable":true,"href":"https:\/\/aliancaevangelica.pt\/site\/wp-json\/wp\/v2\/media\/18696"}],"wp:attachment":[{"href":"https:\/\/aliancaevangelica.pt\/site\/wp-json\/wp\/v2\/media?parent=18694"}],"wp:term":[{"taxonomy":"category","embeddable":true,"href":"https:\/\/aliancaevangelica.pt\/site\/wp-json\/wp\/v2\/categories?post=18694"},{"taxonomy":"post_tag","embeddable":true,"href":"https:\/\/aliancaevangelica.pt\/site\/wp-json\/wp\/v2\/tags?post=18694"}],"curies":[{"name":"wp","href":"https:\/\/api.w.org\/{rel}","templated":true}]}}