{"id":18663,"date":"2021-01-22T09:00:00","date_gmt":"2021-01-22T09:00:00","guid":{"rendered":"https:\/\/aliancaevangelica.pt\/site\/?p=18663"},"modified":"2021-01-21T17:50:36","modified_gmt":"2021-01-21T17:50:36","slug":"aviva-nos","status":"publish","type":"post","link":"https:\/\/aliancaevangelica.pt\/site\/aviva-nos\/","title":{"rendered":"Aviva-nos!"},"content":{"rendered":"<p class=\"p1\">Nos \u00faltimos quase 5 anos, tenho vivido numa casa com lareira. Sempre gostei imenso de ver uma lareira na sala, e mais ainda de sentir a sua companhia nos dias frios de Inverno. Contudo, durante todos estes anos nesta casa, apenas acendemos a lareira duas ou tr\u00eas vezes, e acab\u00e1mos por desistir, pois revelou-se in\u00fatil nos seus prop\u00f3sitos.<\/p>\n<p class=\"p1\">Qual a utilidade de uma lareira apagada? Ela esteve sempre l\u00e1, imponente, ocupando um bom espa\u00e7o da nossa sala, condicionando a decora\u00e7\u00e3o e a disposi\u00e7\u00e3o dos m\u00f3veis, mas apagada&#8230;<\/p>\n<p class=\"p1\">A raz\u00e3o de n\u00e3o usarmos esta lareira \u00e9 \u00f3bvia: gastava imensa lenha e n\u00e3o aquecia o espa\u00e7o, pois n\u00e3o tinha recuperador de calor. Coloc\u00e1vamos a lenha, e o fogo devorava a madeira antes que pud\u00e9ssemos sentir o ambiente acolhedor do seu calor. S\u00f3 nos aquecia se nos coloc\u00e1ssemos quase dentro dela.<\/p>\n<p class=\"p1\">Bem, perante estas raz\u00f5es e aproveitando o facto de a casa estar a ser remodelada, decidimos destruir a lareira e colocar uma salamandra no seu lugar, ali\u00e1s noutro lugar da sala, mais estrat\u00e9gico.<\/p>\n<p class=\"p1\">Durante quase 5 anos olhei para esta lareira, frustrada, porque, apesar de gostar de ter lareira, esta especificamente n\u00e3o me dava o que eu precisava. Algo que me podia ser muito \u00fatil, estava a ser um verdadeiro estorvo.<\/p>\n<p class=\"p1\">Dei comigo a pensar na lareira, e imediatamente veio um vers\u00edculo \u00e0 minha mente: \u201cAviva, Senhor a Tua obra, no decorrer dos anos&#8230;\u201d. Encontra-se no livro do Profeta Habacuque 3:2. Quantas vezes tent\u00e1mos acender a lareira e avivar o fogo de forma a que nos aquecesse, mas sem \u00eaxito. Sim, o fogo ateava e queimava a lenha muito rapidamente, mas n\u00e3o havia combust\u00edvel que aguentasse um ser\u00e3o em fam\u00edlia.<\/p>\n<p class=\"p1\">Sabemos que, na Palavra de Deus, o fogo \u00e9 um s\u00edmbolo do Esp\u00edrito Santo. O Esp\u00edrito Santo \u00e9 uma Pessoa, \u00e9 Deus, como o Pai e o Filho. E da mesma forma que uma lareira tem de ser bem constru\u00edda para acolher e manter o fogo aceso durante v\u00e1rias horas de forma consistente, assim tamb\u00e9m n\u00f3s fomos criados para acolher e manter aceso o fogo do Esp\u00edrito Santos nas nossas vidas. De que serve sermos ateados esporadicamente, se logo o fogo se apaga por falta de combust\u00edvel?<\/p>\n<p class=\"p1\">A ora\u00e7\u00e3o do profeta revela um desejo ardente e urgente de ver em opera\u00e7\u00e3o o trabalho de Deus na sua vida e na vida do seu povo, do povo que ele representava diante de Deus. Mas n\u00e3o um trabalho pontual, fugaz, limitado. O profeta desejava que algo mudasse de forma radical. Num mundo longe de Deus, desobediente \u00e0 Suas Leis, ignorante da Sua miseric\u00f3rdia, Habacuque faz esta ora\u00e7\u00e3o depois de ouvir da parte de Deus algumas declara\u00e7\u00f5es que o despertaram.<\/p>\n<p class=\"p1\">E o que isso tem a ver connosco? Muito! Tudo! Tamb\u00e9m eu me vejo a viver num mundo longe de Deus, tantas lareiras aparentemente \u00fateis, mas apagadas. Mas h\u00e1 esperan\u00e7a. Podemos ser mais do que lareiras sem calor; podemos dar ouvidos ao Esp\u00edrito Santo, o fogo de Deus que deseja arder em n\u00f3s, tornar-nos \u00fateis enquanto aquecemos outros, e o ambiente \u00e0 nossa volta, n\u00e3o de forma pontual, mas de forma consistente; n\u00e3o de vez em quando, mas a cada dia.<\/p>\n<p class=\"p1\">Mas como fazer isto? O Esp\u00edrito Santo habita em n\u00f3s desde o dia em que convidamos Jesus, o Filho, para ser o nosso Senhor e Salvador, Aquele que nos pode perdoar os pecados. Depois \u00e9 nutrir um relacionamento \u00edntimo com Deus, o Pai. Passa por entregar-Lhe todas as \u00e1reas da nossa vida e ficarmos completamente rendidos a Ele. A\u00ed, o Esp\u00edrito Santo encontra liberdade para atear o Seu fogo em n\u00f3s. Ao contr\u00e1rio de uma lareira, cuja lenha eventualmente acaba, o Esp\u00edrito Santo jamais se extingue; o Seu poder \u00e9 ilimitado. Primeiro, Ele transforma a nossa vida, queima o que n\u00e3o presta, e depois Ele aviva em n\u00f3s a Sua obra, para que outros ao nosso redor sejam tamb\u00e9m ateados pelo seu fogo, pelo Seu poder!<\/p>\n<p class=\"p1\">E neste tempo de incertezas, e medos, que o fogo do Esp\u00edrito Santo te d\u00ea coragem, ousadia e virtude para acenderes outras vidas com este calor de Deus. No ano de 2020 n\u00e3o pudemos, como igreja, levar a cabo as muitas atividades normais: confer\u00eancias, retiros, cultos de avivamento&#8230; Eram momentos em que muitos eram cheios, avivados, as suas baterias recarregadas. Mas sem esses momentos, como manter o fogo do Esp\u00edrito Santo em n\u00f3s? Entramos na mesmice da rotina dos cultos, sem nada que nos ateie? N\u00e3o! Este \u00e9 o tempo de clamarmos a Deus: Aviva, Senhor a Tua Obra! Aviva o desejo de Te conhecer, \u00f3 Deus! Aviva o meu amor pelos outros, \u00f3 Deus! Aviva-me&#8230;<\/p>\n<p class=\"p1\">Afinal, a minha lareira teve uma utilidade: ela foi objeto desta par\u00e1bola para me despertar e orar como Habacuque: \u201cAviva, Senhor a Tua Obra, do decorrer dos anos&#8230;\u201d<\/p>\n<p>[movedo_single_image image=&#8221;18662&#8243; animation=&#8221;grve-zoom-in&#8221;]<strong>Rute Lopes<\/strong><\/p>\n<p class=\"p1\">Serve a Deus, com o seu marido, Pr. Samuel Lopes, na igreja Assembleia de Deus em Vila Ch\u00e3.<\/p>\n","protected":false},"excerpt":{"rendered":"<p>Nos \u00faltimos quase 5 anos, tenho vivido numa casa com lareira. Sempre gostei imenso de ver uma lareira na sala, e mais ainda de sentir a sua companhia nos dias<\/p>\n","protected":false},"author":2,"featured_media":18664,"comment_status":"open","ping_status":"open","sticky":false,"template":"","format":"standard","meta":{"_uag_custom_page_level_css":"","_themeisle_gutenberg_block_has_review":false,"_vp_format_video_url":"","_vp_image_focal_point":[],"footnotes":""},"categories":[47],"tags":[],"class_list":["post-18663","post","type-post","status-publish","format-standard","has-post-thumbnail","hentry","category-mulheres"],"yoast_head":"<!-- This site is optimized with the Yoast SEO plugin v27.4 - https:\/\/yoast.com\/product\/yoast-seo-wordpress\/ -->\n<title>Aviva-nos! - AEP<\/title>\n<meta name=\"robots\" content=\"index, follow, max-snippet:-1, max-image-preview:large, max-video-preview:-1\" \/>\n<link rel=\"canonical\" href=\"https:\/\/aliancaevangelica.pt\/site\/aviva-nos\/\" \/>\n<meta property=\"og:locale\" content=\"pt_PT\" \/>\n<meta property=\"og:type\" content=\"article\" \/>\n<meta property=\"og:title\" content=\"Aviva-nos! - AEP\" \/>\n<meta property=\"og:description\" content=\"Nos \u00faltimos quase 5 anos, tenho vivido numa casa com lareira. Sempre gostei imenso de ver uma lareira na sala, e mais ainda de sentir a sua companhia nos dias\" \/>\n<meta property=\"og:url\" content=\"https:\/\/aliancaevangelica.pt\/site\/aviva-nos\/\" \/>\n<meta property=\"og:site_name\" content=\"AEP\" \/>\n<meta property=\"article:publisher\" content=\"http:\/\/facebook.com\/aeportuguesa\" \/>\n<meta property=\"article:author\" content=\"aeportugal\" \/>\n<meta property=\"article:published_time\" content=\"2021-01-22T09:00:00+00:00\" \/>\n<meta property=\"og:image\" content=\"https:\/\/aliancaevangelica.pt\/site\/wp-content\/uploads\/2021\/01\/Captura-de-ecra\u0303-2021-01-21-a\u0300s-17.44.26.png\" \/>\n\t<meta property=\"og:image:width\" content=\"1052\" \/>\n\t<meta property=\"og:image:height\" content=\"699\" \/>\n\t<meta property=\"og:image:type\" content=\"image\/png\" \/>\n<meta name=\"author\" content=\"AEP\" \/>\n<meta name=\"twitter:card\" content=\"summary_large_image\" \/>\n<meta name=\"twitter:label1\" content=\"Escrito por\" \/>\n\t<meta name=\"twitter:data1\" content=\"AEP\" \/>\n\t<meta name=\"twitter:label2\" content=\"Tempo estimado de leitura\" \/>\n\t<meta name=\"twitter:data2\" content=\"4 minutos\" \/>\n<script type=\"application\/ld+json\" class=\"yoast-schema-graph\">{\"@context\":\"https:\\\/\\\/schema.org\",\"@graph\":[{\"@type\":\"Article\",\"@id\":\"https:\\\/\\\/aliancaevangelica.pt\\\/site\\\/aviva-nos\\\/#article\",\"isPartOf\":{\"@id\":\"https:\\\/\\\/aliancaevangelica.pt\\\/site\\\/aviva-nos\\\/\"},\"author\":{\"name\":\"AEP\",\"@id\":\"https:\\\/\\\/aliancaevangelica.pt\\\/site\\\/#\\\/schema\\\/person\\\/3b47cfc7535eff1e820f31c2d67eafcf\"},\"headline\":\"Aviva-nos!\",\"datePublished\":\"2021-01-22T09:00:00+00:00\",\"mainEntityOfPage\":{\"@id\":\"https:\\\/\\\/aliancaevangelica.pt\\\/site\\\/aviva-nos\\\/\"},\"wordCount\":870,\"commentCount\":0,\"publisher\":{\"@id\":\"https:\\\/\\\/aliancaevangelica.pt\\\/site\\\/#organization\"},\"image\":{\"@id\":\"https:\\\/\\\/aliancaevangelica.pt\\\/site\\\/aviva-nos\\\/#primaryimage\"},\"thumbnailUrl\":\"https:\\\/\\\/aliancaevangelica.pt\\\/site\\\/wp-content\\\/uploads\\\/2021\\\/01\\\/Captura-de-ecra\u0303-2021-01-21-a\u0300s-17.44.26.png\",\"articleSection\":[\"Mulheres\"],\"inLanguage\":\"pt-PT\",\"potentialAction\":[{\"@type\":\"CommentAction\",\"name\":\"Comment\",\"target\":[\"https:\\\/\\\/aliancaevangelica.pt\\\/site\\\/aviva-nos\\\/#respond\"]}]},{\"@type\":\"WebPage\",\"@id\":\"https:\\\/\\\/aliancaevangelica.pt\\\/site\\\/aviva-nos\\\/\",\"url\":\"https:\\\/\\\/aliancaevangelica.pt\\\/site\\\/aviva-nos\\\/\",\"name\":\"Aviva-nos! - AEP\",\"isPartOf\":{\"@id\":\"https:\\\/\\\/aliancaevangelica.pt\\\/site\\\/#website\"},\"primaryImageOfPage\":{\"@id\":\"https:\\\/\\\/aliancaevangelica.pt\\\/site\\\/aviva-nos\\\/#primaryimage\"},\"image\":{\"@id\":\"https:\\\/\\\/aliancaevangelica.pt\\\/site\\\/aviva-nos\\\/#primaryimage\"},\"thumbnailUrl\":\"https:\\\/\\\/aliancaevangelica.pt\\\/site\\\/wp-content\\\/uploads\\\/2021\\\/01\\\/Captura-de-ecra\u0303-2021-01-21-a\u0300s-17.44.26.png\",\"datePublished\":\"2021-01-22T09:00:00+00:00\",\"breadcrumb\":{\"@id\":\"https:\\\/\\\/aliancaevangelica.pt\\\/site\\\/aviva-nos\\\/#breadcrumb\"},\"inLanguage\":\"pt-PT\",\"potentialAction\":[{\"@type\":\"ReadAction\",\"target\":[\"https:\\\/\\\/aliancaevangelica.pt\\\/site\\\/aviva-nos\\\/\"]}]},{\"@type\":\"ImageObject\",\"inLanguage\":\"pt-PT\",\"@id\":\"https:\\\/\\\/aliancaevangelica.pt\\\/site\\\/aviva-nos\\\/#primaryimage\",\"url\":\"https:\\\/\\\/aliancaevangelica.pt\\\/site\\\/wp-content\\\/uploads\\\/2021\\\/01\\\/Captura-de-ecra\u0303-2021-01-21-a\u0300s-17.44.26.png\",\"contentUrl\":\"https:\\\/\\\/aliancaevangelica.pt\\\/site\\\/wp-content\\\/uploads\\\/2021\\\/01\\\/Captura-de-ecra\u0303-2021-01-21-a\u0300s-17.44.26.png\",\"width\":1052,\"height\":699},{\"@type\":\"BreadcrumbList\",\"@id\":\"https:\\\/\\\/aliancaevangelica.pt\\\/site\\\/aviva-nos\\\/#breadcrumb\",\"itemListElement\":[{\"@type\":\"ListItem\",\"position\":1,\"name\":\"In\u00edcio\",\"item\":\"https:\\\/\\\/aliancaevangelica.pt\\\/site\\\/\"},{\"@type\":\"ListItem\",\"position\":2,\"name\":\"Aviva-nos!\"}]},{\"@type\":\"WebSite\",\"@id\":\"https:\\\/\\\/aliancaevangelica.pt\\\/site\\\/#website\",\"url\":\"https:\\\/\\\/aliancaevangelica.pt\\\/site\\\/\",\"name\":\"Alian\u00e7a Evang\u00e9lica Portuguesa\",\"description\":\"Alian\u00e7a Evang\u00e9lica Portuguesa\",\"publisher\":{\"@id\":\"https:\\\/\\\/aliancaevangelica.pt\\\/site\\\/#organization\"},\"potentialAction\":[{\"@type\":\"SearchAction\",\"target\":{\"@type\":\"EntryPoint\",\"urlTemplate\":\"https:\\\/\\\/aliancaevangelica.pt\\\/site\\\/?s={search_term_string}\"},\"query-input\":{\"@type\":\"PropertyValueSpecification\",\"valueRequired\":true,\"valueName\":\"search_term_string\"}}],\"inLanguage\":\"pt-PT\"},{\"@type\":\"Organization\",\"@id\":\"https:\\\/\\\/aliancaevangelica.pt\\\/site\\\/#organization\",\"name\":\"Alian\u00e7a Evang\u00e9lica Portuguesa\",\"url\":\"https:\\\/\\\/aliancaevangelica.pt\\\/site\\\/\",\"logo\":{\"@type\":\"ImageObject\",\"inLanguage\":\"pt-PT\",\"@id\":\"https:\\\/\\\/aliancaevangelica.pt\\\/site\\\/#\\\/schema\\\/logo\\\/image\\\/\",\"url\":\"https:\\\/\\\/aliancaevangelica.pt\\\/site\\\/wp-content\\\/uploads\\\/2017\\\/11\\\/logo-AEP-cor.png\",\"contentUrl\":\"https:\\\/\\\/aliancaevangelica.pt\\\/site\\\/wp-content\\\/uploads\\\/2017\\\/11\\\/logo-AEP-cor.png\",\"width\":1156,\"height\":672,\"caption\":\"Alian\u00e7a Evang\u00e9lica Portuguesa\"},\"image\":{\"@id\":\"https:\\\/\\\/aliancaevangelica.pt\\\/site\\\/#\\\/schema\\\/logo\\\/image\\\/\"},\"sameAs\":[\"http:\\\/\\\/facebook.com\\\/aeportuguesa\",\"http:\\\/\\\/instagram.com\\\/aliancaep\",\"http:\\\/\\\/youtube.com\\\/aeportuguesa\"]},{\"@type\":\"Person\",\"@id\":\"https:\\\/\\\/aliancaevangelica.pt\\\/site\\\/#\\\/schema\\\/person\\\/3b47cfc7535eff1e820f31c2d67eafcf\",\"name\":\"AEP\",\"sameAs\":[\"aeportugal\"],\"url\":\"https:\\\/\\\/aliancaevangelica.pt\\\/site\\\/author\\\/aeportugal\\\/\"}]}<\/script>\n<!-- \/ Yoast SEO plugin. -->","yoast_head_json":{"title":"Aviva-nos! - AEP","robots":{"index":"index","follow":"follow","max-snippet":"max-snippet:-1","max-image-preview":"max-image-preview:large","max-video-preview":"max-video-preview:-1"},"canonical":"https:\/\/aliancaevangelica.pt\/site\/aviva-nos\/","og_locale":"pt_PT","og_type":"article","og_title":"Aviva-nos! - AEP","og_description":"Nos \u00faltimos quase 5 anos, tenho vivido numa casa com lareira. Sempre gostei imenso de ver uma lareira na sala, e mais ainda de sentir a sua companhia nos dias","og_url":"https:\/\/aliancaevangelica.pt\/site\/aviva-nos\/","og_site_name":"AEP","article_publisher":"http:\/\/facebook.com\/aeportuguesa","article_author":"aeportugal","article_published_time":"2021-01-22T09:00:00+00:00","og_image":[{"width":1052,"height":699,"url":"https:\/\/aliancaevangelica.pt\/site\/wp-content\/uploads\/2021\/01\/Captura-de-ecra\u0303-2021-01-21-a\u0300s-17.44.26.png","type":"image\/png"}],"author":"AEP","twitter_card":"summary_large_image","twitter_misc":{"Escrito por":"AEP","Tempo estimado de leitura":"4 minutos"},"schema":{"@context":"https:\/\/schema.org","@graph":[{"@type":"Article","@id":"https:\/\/aliancaevangelica.pt\/site\/aviva-nos\/#article","isPartOf":{"@id":"https:\/\/aliancaevangelica.pt\/site\/aviva-nos\/"},"author":{"name":"AEP","@id":"https:\/\/aliancaevangelica.pt\/site\/#\/schema\/person\/3b47cfc7535eff1e820f31c2d67eafcf"},"headline":"Aviva-nos!","datePublished":"2021-01-22T09:00:00+00:00","mainEntityOfPage":{"@id":"https:\/\/aliancaevangelica.pt\/site\/aviva-nos\/"},"wordCount":870,"commentCount":0,"publisher":{"@id":"https:\/\/aliancaevangelica.pt\/site\/#organization"},"image":{"@id":"https:\/\/aliancaevangelica.pt\/site\/aviva-nos\/#primaryimage"},"thumbnailUrl":"https:\/\/aliancaevangelica.pt\/site\/wp-content\/uploads\/2021\/01\/Captura-de-ecra\u0303-2021-01-21-a\u0300s-17.44.26.png","articleSection":["Mulheres"],"inLanguage":"pt-PT","potentialAction":[{"@type":"CommentAction","name":"Comment","target":["https:\/\/aliancaevangelica.pt\/site\/aviva-nos\/#respond"]}]},{"@type":"WebPage","@id":"https:\/\/aliancaevangelica.pt\/site\/aviva-nos\/","url":"https:\/\/aliancaevangelica.pt\/site\/aviva-nos\/","name":"Aviva-nos! - AEP","isPartOf":{"@id":"https:\/\/aliancaevangelica.pt\/site\/#website"},"primaryImageOfPage":{"@id":"https:\/\/aliancaevangelica.pt\/site\/aviva-nos\/#primaryimage"},"image":{"@id":"https:\/\/aliancaevangelica.pt\/site\/aviva-nos\/#primaryimage"},"thumbnailUrl":"https:\/\/aliancaevangelica.pt\/site\/wp-content\/uploads\/2021\/01\/Captura-de-ecra\u0303-2021-01-21-a\u0300s-17.44.26.png","datePublished":"2021-01-22T09:00:00+00:00","breadcrumb":{"@id":"https:\/\/aliancaevangelica.pt\/site\/aviva-nos\/#breadcrumb"},"inLanguage":"pt-PT","potentialAction":[{"@type":"ReadAction","target":["https:\/\/aliancaevangelica.pt\/site\/aviva-nos\/"]}]},{"@type":"ImageObject","inLanguage":"pt-PT","@id":"https:\/\/aliancaevangelica.pt\/site\/aviva-nos\/#primaryimage","url":"https:\/\/aliancaevangelica.pt\/site\/wp-content\/uploads\/2021\/01\/Captura-de-ecra\u0303-2021-01-21-a\u0300s-17.44.26.png","contentUrl":"https:\/\/aliancaevangelica.pt\/site\/wp-content\/uploads\/2021\/01\/Captura-de-ecra\u0303-2021-01-21-a\u0300s-17.44.26.png","width":1052,"height":699},{"@type":"BreadcrumbList","@id":"https:\/\/aliancaevangelica.pt\/site\/aviva-nos\/#breadcrumb","itemListElement":[{"@type":"ListItem","position":1,"name":"In\u00edcio","item":"https:\/\/aliancaevangelica.pt\/site\/"},{"@type":"ListItem","position":2,"name":"Aviva-nos!"}]},{"@type":"WebSite","@id":"https:\/\/aliancaevangelica.pt\/site\/#website","url":"https:\/\/aliancaevangelica.pt\/site\/","name":"Alian\u00e7a Evang\u00e9lica Portuguesa","description":"Alian\u00e7a Evang\u00e9lica Portuguesa","publisher":{"@id":"https:\/\/aliancaevangelica.pt\/site\/#organization"},"potentialAction":[{"@type":"SearchAction","target":{"@type":"EntryPoint","urlTemplate":"https:\/\/aliancaevangelica.pt\/site\/?s={search_term_string}"},"query-input":{"@type":"PropertyValueSpecification","valueRequired":true,"valueName":"search_term_string"}}],"inLanguage":"pt-PT"},{"@type":"Organization","@id":"https:\/\/aliancaevangelica.pt\/site\/#organization","name":"Alian\u00e7a Evang\u00e9lica Portuguesa","url":"https:\/\/aliancaevangelica.pt\/site\/","logo":{"@type":"ImageObject","inLanguage":"pt-PT","@id":"https:\/\/aliancaevangelica.pt\/site\/#\/schema\/logo\/image\/","url":"https:\/\/aliancaevangelica.pt\/site\/wp-content\/uploads\/2017\/11\/logo-AEP-cor.png","contentUrl":"https:\/\/aliancaevangelica.pt\/site\/wp-content\/uploads\/2017\/11\/logo-AEP-cor.png","width":1156,"height":672,"caption":"Alian\u00e7a Evang\u00e9lica Portuguesa"},"image":{"@id":"https:\/\/aliancaevangelica.pt\/site\/#\/schema\/logo\/image\/"},"sameAs":["http:\/\/facebook.com\/aeportuguesa","http:\/\/instagram.com\/aliancaep","http:\/\/youtube.com\/aeportuguesa"]},{"@type":"Person","@id":"https:\/\/aliancaevangelica.pt\/site\/#\/schema\/person\/3b47cfc7535eff1e820f31c2d67eafcf","name":"AEP","sameAs":["aeportugal"],"url":"https:\/\/aliancaevangelica.pt\/site\/author\/aeportugal\/"}]}},"uagb_featured_image_src":{"full":["https:\/\/aliancaevangelica.pt\/site\/wp-content\/uploads\/2021\/01\/Captura-de-ecra\u0303-2021-01-21-a\u0300s-17.44.26.png",1052,699,false],"thumbnail":["https:\/\/aliancaevangelica.pt\/site\/wp-content\/uploads\/2021\/01\/Captura-de-ecra\u0303-2021-01-21-a\u0300s-17.44.26-150x150.png",150,150,true],"medium":["https:\/\/aliancaevangelica.pt\/site\/wp-content\/uploads\/2021\/01\/Captura-de-ecra\u0303-2021-01-21-a\u0300s-17.44.26-300x199.png",300,199,true],"medium_large":["https:\/\/aliancaevangelica.pt\/site\/wp-content\/uploads\/2021\/01\/Captura-de-ecra\u0303-2021-01-21-a\u0300s-17.44.26-768x510.png",768,510,true],"large":["https:\/\/aliancaevangelica.pt\/site\/wp-content\/uploads\/2021\/01\/Captura-de-ecra\u0303-2021-01-21-a\u0300s-17.44.26-1024x680.png",960,638,true],"1536x1536":["https:\/\/aliancaevangelica.pt\/site\/wp-content\/uploads\/2021\/01\/Captura-de-ecra\u0303-2021-01-21-a\u0300s-17.44.26.png",1052,699,false],"2048x2048":["https:\/\/aliancaevangelica.pt\/site\/wp-content\/uploads\/2021\/01\/Captura-de-ecra\u0303-2021-01-21-a\u0300s-17.44.26.png",1052,699,false],"vp_sm":["https:\/\/aliancaevangelica.pt\/site\/wp-content\/uploads\/2021\/01\/Captura-de-ecra\u0303-2021-01-21-a\u0300s-17.44.26.png",500,332,false],"vp_md":["https:\/\/aliancaevangelica.pt\/site\/wp-content\/uploads\/2021\/01\/Captura-de-ecra\u0303-2021-01-21-a\u0300s-17.44.26.png",800,532,false],"vp_lg":["https:\/\/aliancaevangelica.pt\/site\/wp-content\/uploads\/2021\/01\/Captura-de-ecra\u0303-2021-01-21-a\u0300s-17.44.26.png",1052,699,false],"vp_xl":["https:\/\/aliancaevangelica.pt\/site\/wp-content\/uploads\/2021\/01\/Captura-de-ecra\u0303-2021-01-21-a\u0300s-17.44.26.png",1052,699,false],"vp_sm_popup":["https:\/\/aliancaevangelica.pt\/site\/wp-content\/uploads\/2021\/01\/Captura-de-ecra\u0303-2021-01-21-a\u0300s-17.44.26.png",500,332,false],"vp_md_popup":["https:\/\/aliancaevangelica.pt\/site\/wp-content\/uploads\/2021\/01\/Captura-de-ecra\u0303-2021-01-21-a\u0300s-17.44.26.png",800,532,false],"vp_xl_popup":["https:\/\/aliancaevangelica.pt\/site\/wp-content\/uploads\/2021\/01\/Captura-de-ecra\u0303-2021-01-21-a\u0300s-17.44.26.png",1052,699,false],"newsx-150x100":["https:\/\/aliancaevangelica.pt\/site\/wp-content\/uploads\/2021\/01\/Captura-de-ecra\u0303-2021-01-21-a\u0300s-17.44.26.png",150,100,false],"newsx-330x220":["https:\/\/aliancaevangelica.pt\/site\/wp-content\/uploads\/2021\/01\/Captura-de-ecra\u0303-2021-01-21-a\u0300s-17.44.26.png",330,220,false],"newsx-420x280":["https:\/\/aliancaevangelica.pt\/site\/wp-content\/uploads\/2021\/01\/Captura-de-ecra\u0303-2021-01-21-a\u0300s-17.44.26.png",420,280,false],"newsx-510x340":["https:\/\/aliancaevangelica.pt\/site\/wp-content\/uploads\/2021\/01\/Captura-de-ecra\u0303-2021-01-21-a\u0300s-17.44.26.png",510,340,false],"newsx-640x480":["https:\/\/aliancaevangelica.pt\/site\/wp-content\/uploads\/2021\/01\/Captura-de-ecra\u0303-2021-01-21-a\u0300s-17.44.26.png",640,425,false],"newsx-670x370":["https:\/\/aliancaevangelica.pt\/site\/wp-content\/uploads\/2021\/01\/Captura-de-ecra\u0303-2021-01-21-a\u0300s-17.44.26.png",557,370,false],"newsx-860x570":["https:\/\/aliancaevangelica.pt\/site\/wp-content\/uploads\/2021\/01\/Captura-de-ecra\u0303-2021-01-21-a\u0300s-17.44.26.png",858,570,false],"newsx-1000x750":["https:\/\/aliancaevangelica.pt\/site\/wp-content\/uploads\/2021\/01\/Captura-de-ecra\u0303-2021-01-21-a\u0300s-17.44.26.png",1000,664,false],"newsx-1200x600":["https:\/\/aliancaevangelica.pt\/site\/wp-content\/uploads\/2021\/01\/Captura-de-ecra\u0303-2021-01-21-a\u0300s-17.44.26.png",903,600,false]},"uagb_author_info":{"display_name":"AEP","author_link":"https:\/\/aliancaevangelica.pt\/site\/author\/aeportugal\/"},"uagb_comment_info":0,"uagb_excerpt":"Nos \u00faltimos quase 5 anos, tenho vivido numa casa com lareira. Sempre gostei imenso de ver uma lareira na sala, e mais ainda de sentir a sua companhia nos dias","_links":{"self":[{"href":"https:\/\/aliancaevangelica.pt\/site\/wp-json\/wp\/v2\/posts\/18663","targetHints":{"allow":["GET"]}}],"collection":[{"href":"https:\/\/aliancaevangelica.pt\/site\/wp-json\/wp\/v2\/posts"}],"about":[{"href":"https:\/\/aliancaevangelica.pt\/site\/wp-json\/wp\/v2\/types\/post"}],"author":[{"embeddable":true,"href":"https:\/\/aliancaevangelica.pt\/site\/wp-json\/wp\/v2\/users\/2"}],"replies":[{"embeddable":true,"href":"https:\/\/aliancaevangelica.pt\/site\/wp-json\/wp\/v2\/comments?post=18663"}],"version-history":[{"count":1,"href":"https:\/\/aliancaevangelica.pt\/site\/wp-json\/wp\/v2\/posts\/18663\/revisions"}],"predecessor-version":[{"id":18665,"href":"https:\/\/aliancaevangelica.pt\/site\/wp-json\/wp\/v2\/posts\/18663\/revisions\/18665"}],"wp:featuredmedia":[{"embeddable":true,"href":"https:\/\/aliancaevangelica.pt\/site\/wp-json\/wp\/v2\/media\/18664"}],"wp:attachment":[{"href":"https:\/\/aliancaevangelica.pt\/site\/wp-json\/wp\/v2\/media?parent=18663"}],"wp:term":[{"taxonomy":"category","embeddable":true,"href":"https:\/\/aliancaevangelica.pt\/site\/wp-json\/wp\/v2\/categories?post=18663"},{"taxonomy":"post_tag","embeddable":true,"href":"https:\/\/aliancaevangelica.pt\/site\/wp-json\/wp\/v2\/tags?post=18663"}],"curies":[{"name":"wp","href":"https:\/\/api.w.org\/{rel}","templated":true}]}}