{"id":18618,"date":"2021-01-08T09:00:00","date_gmt":"2021-01-08T09:00:00","guid":{"rendered":"https:\/\/aliancaevangelica.pt\/site\/?p=18618"},"modified":"2021-01-07T12:47:04","modified_gmt":"2021-01-07T12:47:04","slug":"andancas","status":"publish","type":"post","link":"https:\/\/aliancaevangelica.pt\/site\/andancas\/","title":{"rendered":"Andan\u00e7as"},"content":{"rendered":"<p class=\"p1\">O sol \u00e9 persistente e mesmo no rigor do inverno ele teima em brilhar. O mais t\u00edpico nesta esta\u00e7\u00e3o, pelo menos neste lado do mundo, \u00e9 que as chuvas encharquem a terra, as nuvens carregadas escure\u00e7am o c\u00e9u e o vento gelado seja uma constante. Contudo, neste ano, apesar do frio intenso, o sol continua a brilhar. As noites s\u00e3o enluaradas e as estrelas vis\u00edveis desenham no c\u00e9u pontos de luz como para lembrar que h\u00e1 mais para al\u00e9m da paisagem que temos. Elas aproximam de n\u00f3s o universo e nem se quer percebemos.<\/p>\n<p class=\"p1\">Ao pensar neste quadro desenhado n\u00e3o por m\u00e3os humanas, ou pelo fruto de um acaso qualquer, mas por um Deus soberano que reina e a quem amamos, rendo-me \u00e0 confian\u00e7a de que se o jardim \u00e9 t\u00e3o belo e perfeito, as nossas vidas s\u00e3o incomparavelmente mais preciosas em Suas m\u00e3os.<\/p>\n<p class=\"p1\">Ele nos fez mulheres e a nossa natureza vem em ciclos.<\/p>\n<p class=\"p1\">No princ\u00edpio eram os lacinhos que enfeitavam o cabelo, o vestidinho rodado, os sapatinhos a combinar&#8230; Crian\u00e7a ainda, o nosso mundo era repleto de ilus\u00f5es, emo\u00e7\u00f5es que iam nos moldando, transformando as nossas vidas, enquanto o corpo desajeitado ia mudando aos poucos, sem a gente perceber, porque afinal o sonho era crescer&#8230;<\/p>\n<p class=\"p1\">At\u00e9 que, de repente, temos que lidar com a menina que somos num corpo que come\u00e7a a sangrar, e se moldar&#8230; E a adolesc\u00eancia vem e traz muitas ondas com ela. Medos, inseguran\u00e7as quanto ao futuro, paix\u00f5es, e desejos entranhados que assustam, ao mesmo tempo que impulsionam e nos fazem fazer escolhas que nesta altura n\u00e3o sabemos, mas que podem marcar a nossa hist\u00f3ria para sempre&#8230;<\/p>\n<p class=\"p1\">Crescemos. E crescer envolve decis\u00f5es, conflitos e emo\u00e7\u00f5es que vamos aprendendo a lidar, e a menina vai dando lugar \u00e0 mulher, com todo o potencial para o qual foi criada. A juventude esbanja a sua alegria, atrav\u00e9s de um sorriso, de uma maquilhagem bem feita, de um cabelo arranjado, mas principalmente dos caminhos que escolhemos, dos sonhos que concretizamos, dos medos que vencemos&#8230; Aqui escolhemos a carreira, as amizades se solidificam, escolhemos o amado, entregamos o corpo, o cora\u00e7\u00e3o e os anos que vir\u00e3o a algu\u00e9m que se torna um connosco. Geramos filhos, dividimos os nossos corpos e as entranhas do nosso ser com algu\u00e9m que vai encher a nossa vida, no princ\u00edpio de choros, brincadeiras, gracinhas e risos&#8230; E para sempre de um v\u00ednculo de alma que nos faz perpetuar e testemunhar&#8230;<\/p>\n<p class=\"p1\">Outras n\u00e3o. Por op\u00e7\u00e3o, porque n\u00e3o deu, porque n\u00e3o foi como queria ou porque n\u00e3o era o caminho, escolhem andar sozinhas, s\u00e3o valorosas, apoiam, sustentam&#8230; Cheias de<span class=\"Apple-converted-space\">\u00a0 <\/span>gra\u00e7a, caminham, s\u00e3o plenas e v\u00e3o&#8230;<\/p>\n<p class=\"p1\">E a maturidade vem. Com ela alguns cabelos brancos, a menopausa, a certeza de muitas conquistas e alguns sonhos deixados atr\u00e1s, outros ainda por concretizar. O corpo n\u00e3o perde o vigor, mas pede calma, abranda, mostra que precisa de mais tempo&#8230;<span class=\"Apple-converted-space\">\u00a0 <\/span>O ninho come\u00e7a a esvaziar-se, e \u00e9 tempo de preencher espa\u00e7os, renovar a esperan\u00e7a e continuar a caminhar. E a mulher arranja o cabelo, retoca a maquilhagem, escolhe um novo batom e vai&#8230;<\/p>\n<p class=\"p1\">At\u00e9 que a velhice vem, com ela talvez a solid\u00e3o, as saudades de um tempo que se foi, as l\u00e1grimas pelas perdas, pelas vit\u00f3rias, pela vida&#8230; O sorriso cansado, os cabelos branquinhos e a face enrugada, como se nela estivesse desenhada a hist\u00f3ria de cada emo\u00e7\u00e3o.<\/p>\n<p class=\"p1\">Mas como a vida \u00e9 uma caminhada, a estrada \u00e9 longa, por vezes larga e cheia de encanto, outras estreita, cheia de obst\u00e1culos, repleta de atalhos que seduzem&#8230; Para muitas mulheres, cada ciclo da vida foi antes de mais um fardo, ao inv\u00e9s de encanto.<span class=\"Apple-converted-space\">\u00a0 <\/span>Quantas foram deixadas de lado, n\u00e3o conseguiram viver, foram maltratadas, abusadas, sofreram&#8230;<\/p>\n<p class=\"p1\">Por\u00e9m, como o sol que teima em brilhar mesmo no rigor do inverno, Deus nos capacita a perseverar. Em alguma etapa deste nosso ciclo de vida, somos confrontadas com a melhor escolha que podemos fazer. Jesus, o Salvador, \u00e9 Aquele que se prop\u00f5e andar connosco, quer seja uma caminhada alegre ou nem por isso. Quer estejamos rodeadas por outros ou solit\u00e1rias. Quer n\u00e3o entendamos as mudan\u00e7as ou n\u00e3o saibamos caminhar&#8230; Ele anda connosco e nos ensina a servir, compreender e, principalmente, amar&#8230;<\/p>\n<p class=\"p1\">Ele ama, e porque podemos ter esta confian\u00e7a, O abra\u00e7amos e vamos&#8230; e enquanto andamos lado a lado com Ele, oramos assim:<\/p>\n<p class=\"p1\">\u201cJesus, capacita-me a influenciar esta gera\u00e7\u00e3o. Gera\u00e7\u00e3o perdida em valores passageiros, ef\u00e9meros e que n\u00e3o renovam a esperan\u00e7a.<\/p>\n<p class=\"p1\">Ensina-me a ser um exemplo ao gravar as verdades da Tua lei e andar com elas enquanto, eu falo, ando, olho e acompanho&#8230;<\/p>\n<p class=\"p1\">Ajuda-me a ouvir-Te sempre, de tal forma que a gera\u00e7\u00e3o que a\u00ed vem saiba Te ouvir tamb\u00e9m e tenha coragem de seguir a Tua voz, mesmo que este mundo de tantos barulhos tente convencer que os seus sons s\u00e3o ideais e um alvo a alcan\u00e7ar.<\/p>\n<p class=\"p1\">Leva-me a confiar em Ti como o Pastor. E, mesmo em meio ao desespero de n\u00e3o saber para onde ir nem como dirigir, eu possa ter o privil\u00e9gio de Te ver amparar, acudir e proteger esta gera\u00e7\u00e3o perdida. Filhos gerados do ventre, dos relacionamentos, da vida, mas que precisam de Ti.<\/p>\n<p class=\"p1\">Capacita-me a escolher-Te a Ti, \u00f3 REI. E que atrav\u00e9s da minha escolha eu possa ser exemplo para aqueles que aqui est\u00e3o e para os que vir\u00e3o. E que possa pagar o pre\u00e7o desta Esperan\u00e7a que transcende e vai al\u00e9m do bem estar t\u00e3o esperado, mas que \u00e9 eterno a partir de agora e vai al\u00e9m, muito al\u00e9m do temporal.<\/p>\n<p class=\"p1\">Jesus, obrigada por me trazer de volta a esperan\u00e7a. E que nessas andan\u00e7as eu possa brilhar o Teu brilho, cantar o Teu canto e acreditar a cada dia que s\u00f3 em Ti h\u00e1 solu\u00e7\u00e3o. Que eu saiba mostrar ao mundo que anda t\u00e3o confuso que Tu n\u00e3o \u00e9s religi\u00e3o, mas amizade, companhia e direc\u00e7\u00e3o&#8230; o melhor Caminho, o \u00fanico Deus e a Vida que andamos \u00e0 procura&#8230;<\/p>\n<p>[movedo_single_image image=&#8221;16719&#8243; animation=&#8221;grve-zoom-in&#8221;]<strong>Arlete Castro<\/strong><\/p>\n<p class=\"p1\">Escritora<\/p>\n<p class=\"p1\">Mestre em Interven\u00e7\u00e3o Terap\u00eautica<\/p>\n","protected":false},"excerpt":{"rendered":"<p>O sol \u00e9 persistente e mesmo no rigor do inverno ele teima em brilhar. O mais t\u00edpico nesta esta\u00e7\u00e3o, pelo menos neste lado do mundo, \u00e9 que as chuvas encharquem a terra, as nuvens carregadas escure\u00e7am o c\u00e9u e o vento gelado seja uma constante. Contudo, neste ano, apesar do frio intenso, o sol continua<\/p>\n","protected":false},"author":2,"featured_media":18619,"comment_status":"open","ping_status":"open","sticky":false,"template":"","format":"standard","meta":{"_uag_custom_page_level_css":"","_themeisle_gutenberg_block_has_review":false,"_vp_format_video_url":"","_vp_image_focal_point":[],"footnotes":""},"categories":[47],"tags":[],"class_list":["post-18618","post","type-post","status-publish","format-standard","has-post-thumbnail","hentry","category-mulheres-casais-e-familia"],"yoast_head":"<!-- This site is optimized with the Yoast SEO plugin v27.5 - https:\/\/yoast.com\/product\/yoast-seo-wordpress\/ -->\n<title>Andan\u00e7as - AEP<\/title>\n<meta name=\"robots\" content=\"index, follow, max-snippet:-1, max-image-preview:large, max-video-preview:-1\" \/>\n<link rel=\"canonical\" href=\"https:\/\/aliancaevangelica.pt\/site\/andancas\/\" \/>\n<meta property=\"og:locale\" content=\"pt_PT\" \/>\n<meta property=\"og:type\" content=\"article\" \/>\n<meta property=\"og:title\" content=\"Andan\u00e7as - AEP\" \/>\n<meta property=\"og:description\" content=\"O sol \u00e9 persistente e mesmo no rigor do inverno ele teima em brilhar. O mais t\u00edpico nesta esta\u00e7\u00e3o, pelo menos neste lado do mundo, \u00e9 que as chuvas encharquem a terra, as nuvens carregadas escure\u00e7am o c\u00e9u e o vento gelado seja uma constante. Contudo, neste ano, apesar do frio intenso, o sol continua\" \/>\n<meta property=\"og:url\" content=\"https:\/\/aliancaevangelica.pt\/site\/andancas\/\" \/>\n<meta property=\"og:site_name\" content=\"AEP\" \/>\n<meta property=\"article:publisher\" content=\"http:\/\/facebook.com\/aeportuguesa\" \/>\n<meta property=\"article:author\" content=\"aeportugal\" \/>\n<meta property=\"article:published_time\" content=\"2021-01-08T09:00:00+00:00\" \/>\n<meta property=\"og:image\" content=\"https:\/\/aliancaevangelica.pt\/site\/wp-content\/uploads\/2021\/01\/Andanc\u0327as.jpg\" \/>\n\t<meta property=\"og:image:width\" content=\"960\" \/>\n\t<meta property=\"og:image:height\" content=\"539\" \/>\n\t<meta property=\"og:image:type\" content=\"image\/jpeg\" \/>\n<meta name=\"author\" content=\"AEP\" \/>\n<meta name=\"twitter:card\" content=\"summary_large_image\" \/>\n<meta name=\"twitter:label1\" content=\"Escrito por\" \/>\n\t<meta name=\"twitter:data1\" content=\"AEP\" \/>\n\t<meta name=\"twitter:label2\" content=\"Tempo estimado de leitura\" \/>\n\t<meta name=\"twitter:data2\" content=\"5 minutos\" \/>\n<script type=\"application\/ld+json\" class=\"yoast-schema-graph\">{\"@context\":\"https:\\\/\\\/schema.org\",\"@graph\":[{\"@type\":\"Article\",\"@id\":\"https:\\\/\\\/aliancaevangelica.pt\\\/site\\\/andancas\\\/#article\",\"isPartOf\":{\"@id\":\"https:\\\/\\\/aliancaevangelica.pt\\\/site\\\/andancas\\\/\"},\"author\":{\"name\":\"AEP\",\"@id\":\"https:\\\/\\\/aliancaevangelica.pt\\\/site\\\/#\\\/schema\\\/person\\\/3b47cfc7535eff1e820f31c2d67eafcf\"},\"headline\":\"Andan\u00e7as\",\"datePublished\":\"2021-01-08T09:00:00+00:00\",\"mainEntityOfPage\":{\"@id\":\"https:\\\/\\\/aliancaevangelica.pt\\\/site\\\/andancas\\\/\"},\"wordCount\":1081,\"commentCount\":0,\"publisher\":{\"@id\":\"https:\\\/\\\/aliancaevangelica.pt\\\/site\\\/#organization\"},\"image\":{\"@id\":\"https:\\\/\\\/aliancaevangelica.pt\\\/site\\\/andancas\\\/#primaryimage\"},\"thumbnailUrl\":\"https:\\\/\\\/aliancaevangelica.pt\\\/site\\\/wp-content\\\/uploads\\\/2021\\\/01\\\/Andanc\u0327as.jpg\",\"articleSection\":[\"MULHERES, CASAIS E FAM\u00cdLIA\"],\"inLanguage\":\"pt-PT\",\"potentialAction\":[{\"@type\":\"CommentAction\",\"name\":\"Comment\",\"target\":[\"https:\\\/\\\/aliancaevangelica.pt\\\/site\\\/andancas\\\/#respond\"]}]},{\"@type\":\"WebPage\",\"@id\":\"https:\\\/\\\/aliancaevangelica.pt\\\/site\\\/andancas\\\/\",\"url\":\"https:\\\/\\\/aliancaevangelica.pt\\\/site\\\/andancas\\\/\",\"name\":\"Andan\u00e7as - AEP\",\"isPartOf\":{\"@id\":\"https:\\\/\\\/aliancaevangelica.pt\\\/site\\\/#website\"},\"primaryImageOfPage\":{\"@id\":\"https:\\\/\\\/aliancaevangelica.pt\\\/site\\\/andancas\\\/#primaryimage\"},\"image\":{\"@id\":\"https:\\\/\\\/aliancaevangelica.pt\\\/site\\\/andancas\\\/#primaryimage\"},\"thumbnailUrl\":\"https:\\\/\\\/aliancaevangelica.pt\\\/site\\\/wp-content\\\/uploads\\\/2021\\\/01\\\/Andanc\u0327as.jpg\",\"datePublished\":\"2021-01-08T09:00:00+00:00\",\"breadcrumb\":{\"@id\":\"https:\\\/\\\/aliancaevangelica.pt\\\/site\\\/andancas\\\/#breadcrumb\"},\"inLanguage\":\"pt-PT\",\"potentialAction\":[{\"@type\":\"ReadAction\",\"target\":[\"https:\\\/\\\/aliancaevangelica.pt\\\/site\\\/andancas\\\/\"]}]},{\"@type\":\"ImageObject\",\"inLanguage\":\"pt-PT\",\"@id\":\"https:\\\/\\\/aliancaevangelica.pt\\\/site\\\/andancas\\\/#primaryimage\",\"url\":\"https:\\\/\\\/aliancaevangelica.pt\\\/site\\\/wp-content\\\/uploads\\\/2021\\\/01\\\/Andanc\u0327as.jpg\",\"contentUrl\":\"https:\\\/\\\/aliancaevangelica.pt\\\/site\\\/wp-content\\\/uploads\\\/2021\\\/01\\\/Andanc\u0327as.jpg\",\"width\":960,\"height\":539},{\"@type\":\"BreadcrumbList\",\"@id\":\"https:\\\/\\\/aliancaevangelica.pt\\\/site\\\/andancas\\\/#breadcrumb\",\"itemListElement\":[{\"@type\":\"ListItem\",\"position\":1,\"name\":\"In\u00edcio\",\"item\":\"https:\\\/\\\/aliancaevangelica.pt\\\/site\\\/\"},{\"@type\":\"ListItem\",\"position\":2,\"name\":\"Andan\u00e7as\"}]},{\"@type\":\"WebSite\",\"@id\":\"https:\\\/\\\/aliancaevangelica.pt\\\/site\\\/#website\",\"url\":\"https:\\\/\\\/aliancaevangelica.pt\\\/site\\\/\",\"name\":\"Alian\u00e7a Evang\u00e9lica Portuguesa\",\"description\":\"Alian\u00e7a Evang\u00e9lica Portuguesa\",\"publisher\":{\"@id\":\"https:\\\/\\\/aliancaevangelica.pt\\\/site\\\/#organization\"},\"potentialAction\":[{\"@type\":\"SearchAction\",\"target\":{\"@type\":\"EntryPoint\",\"urlTemplate\":\"https:\\\/\\\/aliancaevangelica.pt\\\/site\\\/?s={search_term_string}\"},\"query-input\":{\"@type\":\"PropertyValueSpecification\",\"valueRequired\":true,\"valueName\":\"search_term_string\"}}],\"inLanguage\":\"pt-PT\"},{\"@type\":\"Organization\",\"@id\":\"https:\\\/\\\/aliancaevangelica.pt\\\/site\\\/#organization\",\"name\":\"Alian\u00e7a Evang\u00e9lica Portuguesa\",\"url\":\"https:\\\/\\\/aliancaevangelica.pt\\\/site\\\/\",\"logo\":{\"@type\":\"ImageObject\",\"inLanguage\":\"pt-PT\",\"@id\":\"https:\\\/\\\/aliancaevangelica.pt\\\/site\\\/#\\\/schema\\\/logo\\\/image\\\/\",\"url\":\"https:\\\/\\\/aliancaevangelica.pt\\\/site\\\/wp-content\\\/uploads\\\/2017\\\/11\\\/logo-AEP-cor.png\",\"contentUrl\":\"https:\\\/\\\/aliancaevangelica.pt\\\/site\\\/wp-content\\\/uploads\\\/2017\\\/11\\\/logo-AEP-cor.png\",\"width\":1156,\"height\":672,\"caption\":\"Alian\u00e7a Evang\u00e9lica Portuguesa\"},\"image\":{\"@id\":\"https:\\\/\\\/aliancaevangelica.pt\\\/site\\\/#\\\/schema\\\/logo\\\/image\\\/\"},\"sameAs\":[\"http:\\\/\\\/facebook.com\\\/aeportuguesa\",\"http:\\\/\\\/instagram.com\\\/aliancaep\",\"http:\\\/\\\/youtube.com\\\/aeportuguesa\"]},{\"@type\":\"Person\",\"@id\":\"https:\\\/\\\/aliancaevangelica.pt\\\/site\\\/#\\\/schema\\\/person\\\/3b47cfc7535eff1e820f31c2d67eafcf\",\"name\":\"AEP\",\"sameAs\":[\"aeportugal\"],\"url\":\"https:\\\/\\\/aliancaevangelica.pt\\\/site\\\/author\\\/aeportugal\\\/\"}]}<\/script>\n<!-- \/ Yoast SEO plugin. -->","yoast_head_json":{"title":"Andan\u00e7as - AEP","robots":{"index":"index","follow":"follow","max-snippet":"max-snippet:-1","max-image-preview":"max-image-preview:large","max-video-preview":"max-video-preview:-1"},"canonical":"https:\/\/aliancaevangelica.pt\/site\/andancas\/","og_locale":"pt_PT","og_type":"article","og_title":"Andan\u00e7as - AEP","og_description":"O sol \u00e9 persistente e mesmo no rigor do inverno ele teima em brilhar. O mais t\u00edpico nesta esta\u00e7\u00e3o, pelo menos neste lado do mundo, \u00e9 que as chuvas encharquem a terra, as nuvens carregadas escure\u00e7am o c\u00e9u e o vento gelado seja uma constante. Contudo, neste ano, apesar do frio intenso, o sol continua","og_url":"https:\/\/aliancaevangelica.pt\/site\/andancas\/","og_site_name":"AEP","article_publisher":"http:\/\/facebook.com\/aeportuguesa","article_author":"aeportugal","article_published_time":"2021-01-08T09:00:00+00:00","og_image":[{"width":960,"height":539,"url":"https:\/\/aliancaevangelica.pt\/site\/wp-content\/uploads\/2021\/01\/Andanc\u0327as.jpg","type":"image\/jpeg"}],"author":"AEP","twitter_card":"summary_large_image","twitter_misc":{"Escrito por":"AEP","Tempo estimado de leitura":"5 minutos"},"schema":{"@context":"https:\/\/schema.org","@graph":[{"@type":"Article","@id":"https:\/\/aliancaevangelica.pt\/site\/andancas\/#article","isPartOf":{"@id":"https:\/\/aliancaevangelica.pt\/site\/andancas\/"},"author":{"name":"AEP","@id":"https:\/\/aliancaevangelica.pt\/site\/#\/schema\/person\/3b47cfc7535eff1e820f31c2d67eafcf"},"headline":"Andan\u00e7as","datePublished":"2021-01-08T09:00:00+00:00","mainEntityOfPage":{"@id":"https:\/\/aliancaevangelica.pt\/site\/andancas\/"},"wordCount":1081,"commentCount":0,"publisher":{"@id":"https:\/\/aliancaevangelica.pt\/site\/#organization"},"image":{"@id":"https:\/\/aliancaevangelica.pt\/site\/andancas\/#primaryimage"},"thumbnailUrl":"https:\/\/aliancaevangelica.pt\/site\/wp-content\/uploads\/2021\/01\/Andanc\u0327as.jpg","articleSection":["MULHERES, CASAIS E FAM\u00cdLIA"],"inLanguage":"pt-PT","potentialAction":[{"@type":"CommentAction","name":"Comment","target":["https:\/\/aliancaevangelica.pt\/site\/andancas\/#respond"]}]},{"@type":"WebPage","@id":"https:\/\/aliancaevangelica.pt\/site\/andancas\/","url":"https:\/\/aliancaevangelica.pt\/site\/andancas\/","name":"Andan\u00e7as - AEP","isPartOf":{"@id":"https:\/\/aliancaevangelica.pt\/site\/#website"},"primaryImageOfPage":{"@id":"https:\/\/aliancaevangelica.pt\/site\/andancas\/#primaryimage"},"image":{"@id":"https:\/\/aliancaevangelica.pt\/site\/andancas\/#primaryimage"},"thumbnailUrl":"https:\/\/aliancaevangelica.pt\/site\/wp-content\/uploads\/2021\/01\/Andanc\u0327as.jpg","datePublished":"2021-01-08T09:00:00+00:00","breadcrumb":{"@id":"https:\/\/aliancaevangelica.pt\/site\/andancas\/#breadcrumb"},"inLanguage":"pt-PT","potentialAction":[{"@type":"ReadAction","target":["https:\/\/aliancaevangelica.pt\/site\/andancas\/"]}]},{"@type":"ImageObject","inLanguage":"pt-PT","@id":"https:\/\/aliancaevangelica.pt\/site\/andancas\/#primaryimage","url":"https:\/\/aliancaevangelica.pt\/site\/wp-content\/uploads\/2021\/01\/Andanc\u0327as.jpg","contentUrl":"https:\/\/aliancaevangelica.pt\/site\/wp-content\/uploads\/2021\/01\/Andanc\u0327as.jpg","width":960,"height":539},{"@type":"BreadcrumbList","@id":"https:\/\/aliancaevangelica.pt\/site\/andancas\/#breadcrumb","itemListElement":[{"@type":"ListItem","position":1,"name":"In\u00edcio","item":"https:\/\/aliancaevangelica.pt\/site\/"},{"@type":"ListItem","position":2,"name":"Andan\u00e7as"}]},{"@type":"WebSite","@id":"https:\/\/aliancaevangelica.pt\/site\/#website","url":"https:\/\/aliancaevangelica.pt\/site\/","name":"Alian\u00e7a Evang\u00e9lica Portuguesa","description":"Alian\u00e7a Evang\u00e9lica Portuguesa","publisher":{"@id":"https:\/\/aliancaevangelica.pt\/site\/#organization"},"potentialAction":[{"@type":"SearchAction","target":{"@type":"EntryPoint","urlTemplate":"https:\/\/aliancaevangelica.pt\/site\/?s={search_term_string}"},"query-input":{"@type":"PropertyValueSpecification","valueRequired":true,"valueName":"search_term_string"}}],"inLanguage":"pt-PT"},{"@type":"Organization","@id":"https:\/\/aliancaevangelica.pt\/site\/#organization","name":"Alian\u00e7a Evang\u00e9lica Portuguesa","url":"https:\/\/aliancaevangelica.pt\/site\/","logo":{"@type":"ImageObject","inLanguage":"pt-PT","@id":"https:\/\/aliancaevangelica.pt\/site\/#\/schema\/logo\/image\/","url":"https:\/\/aliancaevangelica.pt\/site\/wp-content\/uploads\/2017\/11\/logo-AEP-cor.png","contentUrl":"https:\/\/aliancaevangelica.pt\/site\/wp-content\/uploads\/2017\/11\/logo-AEP-cor.png","width":1156,"height":672,"caption":"Alian\u00e7a Evang\u00e9lica Portuguesa"},"image":{"@id":"https:\/\/aliancaevangelica.pt\/site\/#\/schema\/logo\/image\/"},"sameAs":["http:\/\/facebook.com\/aeportuguesa","http:\/\/instagram.com\/aliancaep","http:\/\/youtube.com\/aeportuguesa"]},{"@type":"Person","@id":"https:\/\/aliancaevangelica.pt\/site\/#\/schema\/person\/3b47cfc7535eff1e820f31c2d67eafcf","name":"AEP","sameAs":["aeportugal"],"url":"https:\/\/aliancaevangelica.pt\/site\/author\/aeportugal\/"}]}},"uagb_featured_image_src":{"full":["https:\/\/aliancaevangelica.pt\/site\/wp-content\/uploads\/2021\/01\/Andanc\u0327as.jpg",960,539,false],"thumbnail":["https:\/\/aliancaevangelica.pt\/site\/wp-content\/uploads\/2021\/01\/Andanc\u0327as-150x150.jpg",150,150,true],"medium":["https:\/\/aliancaevangelica.pt\/site\/wp-content\/uploads\/2021\/01\/Andanc\u0327as-300x168.jpg",300,168,true],"medium_large":["https:\/\/aliancaevangelica.pt\/site\/wp-content\/uploads\/2021\/01\/Andanc\u0327as-768x431.jpg",768,431,true],"large":["https:\/\/aliancaevangelica.pt\/site\/wp-content\/uploads\/2021\/01\/Andanc\u0327as.jpg",960,539,false],"1536x1536":["https:\/\/aliancaevangelica.pt\/site\/wp-content\/uploads\/2021\/01\/Andanc\u0327as.jpg",960,539,false],"2048x2048":["https:\/\/aliancaevangelica.pt\/site\/wp-content\/uploads\/2021\/01\/Andanc\u0327as.jpg",960,539,false],"vp_sm":["https:\/\/aliancaevangelica.pt\/site\/wp-content\/uploads\/2021\/01\/Andanc\u0327as.jpg",500,281,false],"vp_md":["https:\/\/aliancaevangelica.pt\/site\/wp-content\/uploads\/2021\/01\/Andanc\u0327as.jpg",800,449,false],"vp_lg":["https:\/\/aliancaevangelica.pt\/site\/wp-content\/uploads\/2021\/01\/Andanc\u0327as.jpg",960,539,false],"vp_xl":["https:\/\/aliancaevangelica.pt\/site\/wp-content\/uploads\/2021\/01\/Andanc\u0327as.jpg",960,539,false],"vp_sm_popup":["https:\/\/aliancaevangelica.pt\/site\/wp-content\/uploads\/2021\/01\/Andanc\u0327as.jpg",500,281,false],"vp_md_popup":["https:\/\/aliancaevangelica.pt\/site\/wp-content\/uploads\/2021\/01\/Andanc\u0327as.jpg",800,449,false],"vp_xl_popup":["https:\/\/aliancaevangelica.pt\/site\/wp-content\/uploads\/2021\/01\/Andanc\u0327as.jpg",960,539,false],"newsx-150x100":["https:\/\/aliancaevangelica.pt\/site\/wp-content\/uploads\/2021\/01\/Andanc\u0327as.jpg",150,84,false],"newsx-330x220":["https:\/\/aliancaevangelica.pt\/site\/wp-content\/uploads\/2021\/01\/Andanc\u0327as.jpg",330,185,false],"newsx-420x280":["https:\/\/aliancaevangelica.pt\/site\/wp-content\/uploads\/2021\/01\/Andanc\u0327as.jpg",420,236,false],"newsx-510x340":["https:\/\/aliancaevangelica.pt\/site\/wp-content\/uploads\/2021\/01\/Andanc\u0327as.jpg",510,286,false],"newsx-640x480":["https:\/\/aliancaevangelica.pt\/site\/wp-content\/uploads\/2021\/01\/Andanc\u0327as.jpg",640,359,false],"newsx-670x370":["https:\/\/aliancaevangelica.pt\/site\/wp-content\/uploads\/2021\/01\/Andanc\u0327as.jpg",659,370,false],"newsx-860x570":["https:\/\/aliancaevangelica.pt\/site\/wp-content\/uploads\/2021\/01\/Andanc\u0327as.jpg",860,483,false],"newsx-1000x750":["https:\/\/aliancaevangelica.pt\/site\/wp-content\/uploads\/2021\/01\/Andanc\u0327as.jpg",960,539,false],"newsx-1200x600":["https:\/\/aliancaevangelica.pt\/site\/wp-content\/uploads\/2021\/01\/Andanc\u0327as.jpg",960,539,false]},"uagb_author_info":{"display_name":"AEP","author_link":"https:\/\/aliancaevangelica.pt\/site\/author\/aeportugal\/"},"uagb_comment_info":0,"uagb_excerpt":"O sol \u00e9 persistente e mesmo no rigor do inverno ele teima em brilhar. O mais t\u00edpico nesta esta\u00e7\u00e3o, pelo menos neste lado do mundo, \u00e9 que as chuvas encharquem a terra, as nuvens carregadas escure\u00e7am o c\u00e9u e o vento gelado seja uma constante. Contudo, neste ano, apesar do frio intenso, o sol continua","_links":{"self":[{"href":"https:\/\/aliancaevangelica.pt\/site\/wp-json\/wp\/v2\/posts\/18618","targetHints":{"allow":["GET"]}}],"collection":[{"href":"https:\/\/aliancaevangelica.pt\/site\/wp-json\/wp\/v2\/posts"}],"about":[{"href":"https:\/\/aliancaevangelica.pt\/site\/wp-json\/wp\/v2\/types\/post"}],"author":[{"embeddable":true,"href":"https:\/\/aliancaevangelica.pt\/site\/wp-json\/wp\/v2\/users\/2"}],"replies":[{"embeddable":true,"href":"https:\/\/aliancaevangelica.pt\/site\/wp-json\/wp\/v2\/comments?post=18618"}],"version-history":[{"count":1,"href":"https:\/\/aliancaevangelica.pt\/site\/wp-json\/wp\/v2\/posts\/18618\/revisions"}],"predecessor-version":[{"id":18620,"href":"https:\/\/aliancaevangelica.pt\/site\/wp-json\/wp\/v2\/posts\/18618\/revisions\/18620"}],"wp:featuredmedia":[{"embeddable":true,"href":"https:\/\/aliancaevangelica.pt\/site\/wp-json\/wp\/v2\/media\/18619"}],"wp:attachment":[{"href":"https:\/\/aliancaevangelica.pt\/site\/wp-json\/wp\/v2\/media?parent=18618"}],"wp:term":[{"taxonomy":"category","embeddable":true,"href":"https:\/\/aliancaevangelica.pt\/site\/wp-json\/wp\/v2\/categories?post=18618"},{"taxonomy":"post_tag","embeddable":true,"href":"https:\/\/aliancaevangelica.pt\/site\/wp-json\/wp\/v2\/tags?post=18618"}],"curies":[{"name":"wp","href":"https:\/\/api.w.org\/{rel}","templated":true}]}}