{"id":18591,"date":"2020-12-11T09:00:00","date_gmt":"2020-12-11T09:00:00","guid":{"rendered":"https:\/\/aliancaevangelica.pt\/site\/?p=18591"},"modified":"2020-12-10T16:43:55","modified_gmt":"2020-12-10T16:43:55","slug":"alimentacao-e-confinamento","status":"publish","type":"post","link":"https:\/\/aliancaevangelica.pt\/site\/alimentacao-e-confinamento\/","title":{"rendered":"ALIMENTA\u00c7\u00c3O E CONFINAMENTO"},"content":{"rendered":"<p class=\"p1\">Como seria se pudesse manter um corpo saud\u00e1vel durante o confinamento?<\/p>\n<p class=\"p1\">Neste per\u00edodo delicado de isolamento social, muitas pessoas aproveitaram para comer melhor e pensar mais na sa\u00fade. Por outro lado, no confinamento geram-se tamb\u00e9m momentos aborrecidos e epis\u00f3dios de ansiedade, o que por vezes nos leva a comer mais e de forma menos saud\u00e1vel.<\/p>\n<p class=\"p1\">De acordo com um estudo da Dire\u00e7\u00e3o-Geral da Sa\u00fade (DGS), realizado em parceria com o Instituto de Sa\u00fade Ambiental da Faculdade de Medicina da Universidade de Lisboa, denominado REACT-COVID, cerca de 45% dos inquiridos indica ter mudado h\u00e1bitos alimentares, com quase 42% a admitirem ter sido para pior.<\/p>\n<p class=\"p1\">\u00c9 um fato que a pandemia mudou a nossa vida e a nossa rotina, inclusive alimentar. O frigor\u00edfico pr\u00f3ximo com comida sempre ao alcance e os hor\u00e1rios irregulares de trabalho, s\u00e3o convites para uma alimenta\u00e7\u00e3o mais desregrada, mas n\u00e3o precisa de ser assim.<\/p>\n<p class=\"p1\">Aqui est\u00e3o 7 sugest\u00f5es que podem ajudar a estarmos em paz com a comida e com o nosso corpo durante o confinamento. Podem ser inseridas na sua vida aos poucos, sempre respeitando o seu pr\u00f3prio tempo.<\/p>\n<p class=\"p1\">1 . Crie uma rotina que respeite o seu corpo<\/p>\n<p class=\"p1\">Os hor\u00e1rios podem ser diferentes com a pandemia, mas mesmo assim \u00e9 importante que se tenha uma rotina alimentar. As nossas c\u00e9lulas funcionam em ciclos (dia\/noite, jejum\/comida, acordar\/dormir) e precisamos de respeitar esses ciclos para que o nosso sistema de defesa funcione bem e fa\u00e7a os reparos necess\u00e1rios a cada dia. Adaptar a sua rotina alimentar aos seus novos hor\u00e1rios durante o confinamento \u00e9 essencial para promover a sua sa\u00fade.<\/p>\n<p class=\"p1\">2. N\u00e3o fa\u00e7a dietas puramente restritivas<\/p>\n<p class=\"p1\">Este tipo de dieta desequilibrada pode aumentar o seu stress, criando um ciclo vicioso que pode levar ao ganho de peso futuro e \u00e0 compuls\u00e3o alimentar. Crie h\u00e1bitos alimentares saud\u00e1veis e n\u00e3o uma lista de restri\u00e7\u00f5es.<\/p>\n<p class=\"p1\">3. Cozinhe mais alimentos frescos de forma pr\u00e1tica.<\/p>\n<p class=\"p1\">Talvez seja a hora de aprender a cozinhar alimentos saud\u00e1veis, frescos de uma maneira pr\u00e1tica e que funcione para si. Eu entendo que pode ser dif\u00edcil \u201cengolir\u201d isso, mas acreditem que cozinhar n\u00e3o precisa de ser uma tarefa chata. Precisamos de reaprender a gostar dos alimentos como eles s\u00e3o e a v\u00ea-los como uma d\u00e1diva. Existem v\u00e1rias maneiras de simplificar a prepara\u00e7\u00e3o dos alimentos e mant\u00ea-los saborosos. Planear as refei\u00e7\u00f5es com anteced\u00eancia ou cozinhar a dobrar e em seguida congelar uma parte, s\u00e3o alguns exemplos que podem ajudar a facilitar o dia-a-dia na cozinha. Tenha em mente esta verdade: para comer bem \u00e9 preciso cozinhar de forma pr\u00e1tica, n\u00e3o se iluda. Abrace este desafio.<\/p>\n<p class=\"p1\">4. Reconhece e acolhe o comer emocional.<\/p>\n<p class=\"p1\">J\u00e1 ouviu algo assim: \u201cA verdade vos libertar\u00e1\u201d? Pois \u00e9. As emo\u00e7\u00f5es s\u00e3o parte da vida e control\u00e1-las racionalmente n\u00e3o costuma ser um caminho eficaz. \u00c9 preciso saber geri-las. Neg\u00e1-las racionalmente n\u00e3o vai funcionar a longo prazo. \u00c9 verdade que muitas vezes comemos para nos sentirmos mais felizes e faz parte. Por\u00e9m, existem outras coisas que podem ajudar-nos a sentirmo-nos melhores e cada pessoa pode descobrir a sua maneira de auto-cuidar-se.<\/p>\n<p class=\"p1\">Seja verdadeiro(a) consigo mesmo(a). Admita a sua dificuldade em gerir a raiva, a frustra\u00e7\u00e3o, a indisciplina. Reconhecer vai ajudar-lo(a) a achar solu\u00e7\u00f5es, a procurar ajuda e a encontrar uma vida cheia de emo\u00e7\u00f5es e sentimentos com mais bem-estar.<\/p>\n<p class=\"p1\">5. Atividade f\u00edsica<\/p>\n<p class=\"p1\">O exerc\u00edcio f\u00edsico liberta algumas subst\u00e2ncias ligadas ao nosso bem estar que s\u00e3o chamadas<span class=\"Apple-converted-space\">\u00a0 <\/span>endorfinas. Numa situa\u00e7\u00e3o de isolamento social, o nosso bem-estar \u00e9 algo que \u00e9 muito bem-vindo, principalmente nos dias em que n\u00e3o nos apetece treinar. Geralmente, esses s\u00e3o os dias em que mais precisamos de gerar bem-estar na nossa vida. Procure uma atividade f\u00edsica que possa fazer regularmente, mesmo que mude o tipo de atividade de tempos em tempos.<\/p>\n<p class=\"p1\">6. Dormir ajuda a ter um corpo saud\u00e1vel<\/p>\n<p class=\"p1\">Dormir cerca de 6 a 8 horas ajuda a controlar o apetite. Quando dormimos pouco, produzimos mais grelina, que \u00e9 uma hormona respons\u00e1vel pela sensa\u00e7\u00e3o de fome. Al\u00e9m disso, quando dormimos bem, produzimos mais leptina, que ajuda a aumentar a nossa saciedade. Assim, uma boa noite de sono ajuda-nos a sentirmos menos fome durante o dia e tamb\u00e9m a estarmos mais satisfeitos(as) com o tamanho das doses que consumimos durante as refei\u00e7\u00f5es.<\/p>\n<p class=\"p1\">7. \u00c9 sede ou fome?<\/p>\n<p class=\"p1\">J\u00e1 senti fome pouco tempo depois de ter feito uma refei\u00e7\u00e3o e ter sa\u00eddo da mesa satisfeito? Isso n\u00e3o tem a ver com gula nem com compuls\u00e3o alimentar, e acontece por uma confus\u00e3o do hipot\u00e1lamo, a zona do c\u00e9rebro respons\u00e1vel por controlar algumas fun\u00e7\u00f5es org\u00e2nicas e sensa\u00e7\u00f5es relacionadas \u00e0 fome\/saciedade. As sensa\u00e7\u00f5es de sede e de fome podem provocar essa desordem no hipot\u00e1lamo pelo facto de que uma das maneiras de o organismo conseguir \u00e1gua \u00e9 atrav\u00e9s dos alimentos (que cont\u00eam \u00e1gua). Desse modo, o c\u00e9rebro confunde os impulsos de sede e fome, como se precisasse comer para saciar a sede.<\/p>\n<p class=\"p1\">O ideal \u00e9 que tenha o h\u00e1bito de beber \u00e1gua mesmo sem sentir sede, pois a sede j\u00e1 \u00e9 um sinal de que o corpo est\u00e1 desidratado. E, se sentir fome pouco tempo ap\u00f3s alimentar-se, tome um copo de \u00e1gua e espere alguns minutos antes de comer novamente.<\/p>\n<p class=\"p1\">Segundo a Organiza\u00e7\u00e3o Mundial da Sa\u00fade, a alimenta\u00e7\u00e3o \u00e9 uma das ferramentas mais eficazes e dispon\u00edveis para promover a sa\u00fade. Os alimentos n\u00e3o servem apenas para nos fornecer energia e levar-nos a engordar ou a emagrecer. Eles possuem nutrientes que regulam o sistema de defesa, a produ\u00e7\u00e3o de hormonas e que podem inclusive modular a express\u00e3o de genes associados a doen\u00e7as como a obesidade, o cancro, o diabetes tipo 2 e as doen\u00e7as inflamat\u00f3rias intestinais.<\/p>\n<p class=\"p1\">Assim, vamos olhar para a alimenta\u00e7\u00e3o como uma aliada e n\u00e3o como algo que \u201ctemos que fazer\u201d para ter sa\u00fade durante o confinamento. Essa atitude de reconhecimento e de acolhimento traz mais leveza ao dia-a-dia e ajuda-nos a melhorar o nosso comportamento alimentar.<\/p>\n<p class=\"p1\">Para mais informa\u00e7\u00f5es, consulte o relat\u00f3rio \u201cREACT-COVID: Inqu\u00e9rito sobre alimenta\u00e7\u00e3o e atividade f\u00edsica em contexto de conten\u00e7\u00e3o social\u201c.<\/p>\n<p>[movedo_single_image image=&#8221;18590&#8243; animation=&#8221;grve-zoom-in&#8221;]<\/p>\n<p class=\"p1\">Patricia Fran\u00e7a<\/p>\n<p class=\"p1\">@patriciafranca.nutri<\/p>\n<p class=\"p1\">Mestre em Nutri\u00e7\u00e3o e Health Coach <\/p>\n","protected":false},"excerpt":{"rendered":"<p>Como seria se pudesse manter um corpo saud\u00e1vel durante o confinamento? Neste per\u00edodo delicado de isolamento social, muitas pessoas aproveitaram para comer melhor e pensar mais na sa\u00fade. Por outro lado, no confinamento geram-se tamb\u00e9m momentos aborrecidos e epis\u00f3dios de ansiedade, o que por vezes nos leva a comer mais e de forma menos saud\u00e1vel.<\/p>\n","protected":false},"author":2,"featured_media":18593,"comment_status":"open","ping_status":"open","sticky":false,"template":"","format":"standard","meta":{"_uag_custom_page_level_css":"","_themeisle_gutenberg_block_has_review":false,"_vp_format_video_url":"","_vp_image_focal_point":[],"footnotes":""},"categories":[45,47],"tags":[],"class_list":["post-18591","post","type-post","status-publish","format-standard","has-post-thumbnail","hentry","category-geral","category-mulheres-casais-e-familia"],"yoast_head":"<!-- This site is optimized with the Yoast SEO plugin v27.5 - https:\/\/yoast.com\/product\/yoast-seo-wordpress\/ -->\n<title>ALIMENTA\u00c7\u00c3O E CONFINAMENTO - AEP<\/title>\n<meta name=\"robots\" content=\"index, follow, max-snippet:-1, max-image-preview:large, max-video-preview:-1\" \/>\n<link rel=\"canonical\" href=\"https:\/\/aliancaevangelica.pt\/site\/alimentacao-e-confinamento\/\" \/>\n<meta property=\"og:locale\" content=\"pt_PT\" \/>\n<meta property=\"og:type\" content=\"article\" \/>\n<meta property=\"og:title\" content=\"ALIMENTA\u00c7\u00c3O E CONFINAMENTO - AEP\" \/>\n<meta property=\"og:description\" content=\"Como seria se pudesse manter um corpo saud\u00e1vel durante o confinamento? Neste per\u00edodo delicado de isolamento social, muitas pessoas aproveitaram para comer melhor e pensar mais na sa\u00fade. Por outro lado, no confinamento geram-se tamb\u00e9m momentos aborrecidos e epis\u00f3dios de ansiedade, o que por vezes nos leva a comer mais e de forma menos saud\u00e1vel.\" \/>\n<meta property=\"og:url\" content=\"https:\/\/aliancaevangelica.pt\/site\/alimentacao-e-confinamento\/\" \/>\n<meta property=\"og:site_name\" content=\"AEP\" \/>\n<meta property=\"article:publisher\" content=\"http:\/\/facebook.com\/aeportuguesa\" \/>\n<meta property=\"article:author\" content=\"aeportugal\" \/>\n<meta property=\"article:published_time\" content=\"2020-12-11T09:00:00+00:00\" \/>\n<meta property=\"og:image\" content=\"https:\/\/aliancaevangelica.pt\/site\/wp-content\/uploads\/2020\/12\/alimentac\u0327a\u0303o.jpg\" \/>\n\t<meta property=\"og:image:width\" content=\"626\" \/>\n\t<meta property=\"og:image:height\" content=\"417\" \/>\n\t<meta property=\"og:image:type\" content=\"image\/jpeg\" \/>\n<meta name=\"author\" content=\"AEP\" \/>\n<meta name=\"twitter:card\" content=\"summary_large_image\" \/>\n<meta name=\"twitter:label1\" content=\"Escrito por\" \/>\n\t<meta name=\"twitter:data1\" content=\"AEP\" \/>\n\t<meta name=\"twitter:label2\" content=\"Tempo estimado de leitura\" \/>\n\t<meta name=\"twitter:data2\" content=\"5 minutos\" \/>\n<script type=\"application\/ld+json\" class=\"yoast-schema-graph\">{\"@context\":\"https:\\\/\\\/schema.org\",\"@graph\":[{\"@type\":\"Article\",\"@id\":\"https:\\\/\\\/aliancaevangelica.pt\\\/site\\\/alimentacao-e-confinamento\\\/#article\",\"isPartOf\":{\"@id\":\"https:\\\/\\\/aliancaevangelica.pt\\\/site\\\/alimentacao-e-confinamento\\\/\"},\"author\":{\"name\":\"AEP\",\"@id\":\"https:\\\/\\\/aliancaevangelica.pt\\\/site\\\/#\\\/schema\\\/person\\\/3b47cfc7535eff1e820f31c2d67eafcf\"},\"headline\":\"ALIMENTA\u00c7\u00c3O E CONFINAMENTO\",\"datePublished\":\"2020-12-11T09:00:00+00:00\",\"mainEntityOfPage\":{\"@id\":\"https:\\\/\\\/aliancaevangelica.pt\\\/site\\\/alimentacao-e-confinamento\\\/\"},\"wordCount\":1097,\"commentCount\":0,\"publisher\":{\"@id\":\"https:\\\/\\\/aliancaevangelica.pt\\\/site\\\/#organization\"},\"image\":{\"@id\":\"https:\\\/\\\/aliancaevangelica.pt\\\/site\\\/alimentacao-e-confinamento\\\/#primaryimage\"},\"thumbnailUrl\":\"https:\\\/\\\/aliancaevangelica.pt\\\/site\\\/wp-content\\\/uploads\\\/2020\\\/12\\\/alimentac\u0327a\u0303o.jpg\",\"articleSection\":[\"1-Geral\",\"MULHERES, CASAIS E FAM\u00cdLIA\"],\"inLanguage\":\"pt-PT\",\"potentialAction\":[{\"@type\":\"CommentAction\",\"name\":\"Comment\",\"target\":[\"https:\\\/\\\/aliancaevangelica.pt\\\/site\\\/alimentacao-e-confinamento\\\/#respond\"]}]},{\"@type\":\"WebPage\",\"@id\":\"https:\\\/\\\/aliancaevangelica.pt\\\/site\\\/alimentacao-e-confinamento\\\/\",\"url\":\"https:\\\/\\\/aliancaevangelica.pt\\\/site\\\/alimentacao-e-confinamento\\\/\",\"name\":\"ALIMENTA\u00c7\u00c3O E CONFINAMENTO - AEP\",\"isPartOf\":{\"@id\":\"https:\\\/\\\/aliancaevangelica.pt\\\/site\\\/#website\"},\"primaryImageOfPage\":{\"@id\":\"https:\\\/\\\/aliancaevangelica.pt\\\/site\\\/alimentacao-e-confinamento\\\/#primaryimage\"},\"image\":{\"@id\":\"https:\\\/\\\/aliancaevangelica.pt\\\/site\\\/alimentacao-e-confinamento\\\/#primaryimage\"},\"thumbnailUrl\":\"https:\\\/\\\/aliancaevangelica.pt\\\/site\\\/wp-content\\\/uploads\\\/2020\\\/12\\\/alimentac\u0327a\u0303o.jpg\",\"datePublished\":\"2020-12-11T09:00:00+00:00\",\"breadcrumb\":{\"@id\":\"https:\\\/\\\/aliancaevangelica.pt\\\/site\\\/alimentacao-e-confinamento\\\/#breadcrumb\"},\"inLanguage\":\"pt-PT\",\"potentialAction\":[{\"@type\":\"ReadAction\",\"target\":[\"https:\\\/\\\/aliancaevangelica.pt\\\/site\\\/alimentacao-e-confinamento\\\/\"]}]},{\"@type\":\"ImageObject\",\"inLanguage\":\"pt-PT\",\"@id\":\"https:\\\/\\\/aliancaevangelica.pt\\\/site\\\/alimentacao-e-confinamento\\\/#primaryimage\",\"url\":\"https:\\\/\\\/aliancaevangelica.pt\\\/site\\\/wp-content\\\/uploads\\\/2020\\\/12\\\/alimentac\u0327a\u0303o.jpg\",\"contentUrl\":\"https:\\\/\\\/aliancaevangelica.pt\\\/site\\\/wp-content\\\/uploads\\\/2020\\\/12\\\/alimentac\u0327a\u0303o.jpg\",\"width\":626,\"height\":417},{\"@type\":\"BreadcrumbList\",\"@id\":\"https:\\\/\\\/aliancaevangelica.pt\\\/site\\\/alimentacao-e-confinamento\\\/#breadcrumb\",\"itemListElement\":[{\"@type\":\"ListItem\",\"position\":1,\"name\":\"In\u00edcio\",\"item\":\"https:\\\/\\\/aliancaevangelica.pt\\\/site\\\/\"},{\"@type\":\"ListItem\",\"position\":2,\"name\":\"ALIMENTA\u00c7\u00c3O E CONFINAMENTO\"}]},{\"@type\":\"WebSite\",\"@id\":\"https:\\\/\\\/aliancaevangelica.pt\\\/site\\\/#website\",\"url\":\"https:\\\/\\\/aliancaevangelica.pt\\\/site\\\/\",\"name\":\"Alian\u00e7a Evang\u00e9lica Portuguesa\",\"description\":\"Alian\u00e7a Evang\u00e9lica Portuguesa\",\"publisher\":{\"@id\":\"https:\\\/\\\/aliancaevangelica.pt\\\/site\\\/#organization\"},\"potentialAction\":[{\"@type\":\"SearchAction\",\"target\":{\"@type\":\"EntryPoint\",\"urlTemplate\":\"https:\\\/\\\/aliancaevangelica.pt\\\/site\\\/?s={search_term_string}\"},\"query-input\":{\"@type\":\"PropertyValueSpecification\",\"valueRequired\":true,\"valueName\":\"search_term_string\"}}],\"inLanguage\":\"pt-PT\"},{\"@type\":\"Organization\",\"@id\":\"https:\\\/\\\/aliancaevangelica.pt\\\/site\\\/#organization\",\"name\":\"Alian\u00e7a Evang\u00e9lica Portuguesa\",\"url\":\"https:\\\/\\\/aliancaevangelica.pt\\\/site\\\/\",\"logo\":{\"@type\":\"ImageObject\",\"inLanguage\":\"pt-PT\",\"@id\":\"https:\\\/\\\/aliancaevangelica.pt\\\/site\\\/#\\\/schema\\\/logo\\\/image\\\/\",\"url\":\"https:\\\/\\\/aliancaevangelica.pt\\\/site\\\/wp-content\\\/uploads\\\/2017\\\/11\\\/logo-AEP-cor.png\",\"contentUrl\":\"https:\\\/\\\/aliancaevangelica.pt\\\/site\\\/wp-content\\\/uploads\\\/2017\\\/11\\\/logo-AEP-cor.png\",\"width\":1156,\"height\":672,\"caption\":\"Alian\u00e7a Evang\u00e9lica Portuguesa\"},\"image\":{\"@id\":\"https:\\\/\\\/aliancaevangelica.pt\\\/site\\\/#\\\/schema\\\/logo\\\/image\\\/\"},\"sameAs\":[\"http:\\\/\\\/facebook.com\\\/aeportuguesa\",\"http:\\\/\\\/instagram.com\\\/aliancaep\",\"http:\\\/\\\/youtube.com\\\/aeportuguesa\"]},{\"@type\":\"Person\",\"@id\":\"https:\\\/\\\/aliancaevangelica.pt\\\/site\\\/#\\\/schema\\\/person\\\/3b47cfc7535eff1e820f31c2d67eafcf\",\"name\":\"AEP\",\"sameAs\":[\"aeportugal\"],\"url\":\"https:\\\/\\\/aliancaevangelica.pt\\\/site\\\/author\\\/aeportugal\\\/\"}]}<\/script>\n<!-- \/ Yoast SEO plugin. -->","yoast_head_json":{"title":"ALIMENTA\u00c7\u00c3O E CONFINAMENTO - AEP","robots":{"index":"index","follow":"follow","max-snippet":"max-snippet:-1","max-image-preview":"max-image-preview:large","max-video-preview":"max-video-preview:-1"},"canonical":"https:\/\/aliancaevangelica.pt\/site\/alimentacao-e-confinamento\/","og_locale":"pt_PT","og_type":"article","og_title":"ALIMENTA\u00c7\u00c3O E CONFINAMENTO - AEP","og_description":"Como seria se pudesse manter um corpo saud\u00e1vel durante o confinamento? Neste per\u00edodo delicado de isolamento social, muitas pessoas aproveitaram para comer melhor e pensar mais na sa\u00fade. Por outro lado, no confinamento geram-se tamb\u00e9m momentos aborrecidos e epis\u00f3dios de ansiedade, o que por vezes nos leva a comer mais e de forma menos saud\u00e1vel.","og_url":"https:\/\/aliancaevangelica.pt\/site\/alimentacao-e-confinamento\/","og_site_name":"AEP","article_publisher":"http:\/\/facebook.com\/aeportuguesa","article_author":"aeportugal","article_published_time":"2020-12-11T09:00:00+00:00","og_image":[{"width":626,"height":417,"url":"https:\/\/aliancaevangelica.pt\/site\/wp-content\/uploads\/2020\/12\/alimentac\u0327a\u0303o.jpg","type":"image\/jpeg"}],"author":"AEP","twitter_card":"summary_large_image","twitter_misc":{"Escrito por":"AEP","Tempo estimado de leitura":"5 minutos"},"schema":{"@context":"https:\/\/schema.org","@graph":[{"@type":"Article","@id":"https:\/\/aliancaevangelica.pt\/site\/alimentacao-e-confinamento\/#article","isPartOf":{"@id":"https:\/\/aliancaevangelica.pt\/site\/alimentacao-e-confinamento\/"},"author":{"name":"AEP","@id":"https:\/\/aliancaevangelica.pt\/site\/#\/schema\/person\/3b47cfc7535eff1e820f31c2d67eafcf"},"headline":"ALIMENTA\u00c7\u00c3O E CONFINAMENTO","datePublished":"2020-12-11T09:00:00+00:00","mainEntityOfPage":{"@id":"https:\/\/aliancaevangelica.pt\/site\/alimentacao-e-confinamento\/"},"wordCount":1097,"commentCount":0,"publisher":{"@id":"https:\/\/aliancaevangelica.pt\/site\/#organization"},"image":{"@id":"https:\/\/aliancaevangelica.pt\/site\/alimentacao-e-confinamento\/#primaryimage"},"thumbnailUrl":"https:\/\/aliancaevangelica.pt\/site\/wp-content\/uploads\/2020\/12\/alimentac\u0327a\u0303o.jpg","articleSection":["1-Geral","MULHERES, CASAIS E FAM\u00cdLIA"],"inLanguage":"pt-PT","potentialAction":[{"@type":"CommentAction","name":"Comment","target":["https:\/\/aliancaevangelica.pt\/site\/alimentacao-e-confinamento\/#respond"]}]},{"@type":"WebPage","@id":"https:\/\/aliancaevangelica.pt\/site\/alimentacao-e-confinamento\/","url":"https:\/\/aliancaevangelica.pt\/site\/alimentacao-e-confinamento\/","name":"ALIMENTA\u00c7\u00c3O E CONFINAMENTO - AEP","isPartOf":{"@id":"https:\/\/aliancaevangelica.pt\/site\/#website"},"primaryImageOfPage":{"@id":"https:\/\/aliancaevangelica.pt\/site\/alimentacao-e-confinamento\/#primaryimage"},"image":{"@id":"https:\/\/aliancaevangelica.pt\/site\/alimentacao-e-confinamento\/#primaryimage"},"thumbnailUrl":"https:\/\/aliancaevangelica.pt\/site\/wp-content\/uploads\/2020\/12\/alimentac\u0327a\u0303o.jpg","datePublished":"2020-12-11T09:00:00+00:00","breadcrumb":{"@id":"https:\/\/aliancaevangelica.pt\/site\/alimentacao-e-confinamento\/#breadcrumb"},"inLanguage":"pt-PT","potentialAction":[{"@type":"ReadAction","target":["https:\/\/aliancaevangelica.pt\/site\/alimentacao-e-confinamento\/"]}]},{"@type":"ImageObject","inLanguage":"pt-PT","@id":"https:\/\/aliancaevangelica.pt\/site\/alimentacao-e-confinamento\/#primaryimage","url":"https:\/\/aliancaevangelica.pt\/site\/wp-content\/uploads\/2020\/12\/alimentac\u0327a\u0303o.jpg","contentUrl":"https:\/\/aliancaevangelica.pt\/site\/wp-content\/uploads\/2020\/12\/alimentac\u0327a\u0303o.jpg","width":626,"height":417},{"@type":"BreadcrumbList","@id":"https:\/\/aliancaevangelica.pt\/site\/alimentacao-e-confinamento\/#breadcrumb","itemListElement":[{"@type":"ListItem","position":1,"name":"In\u00edcio","item":"https:\/\/aliancaevangelica.pt\/site\/"},{"@type":"ListItem","position":2,"name":"ALIMENTA\u00c7\u00c3O E CONFINAMENTO"}]},{"@type":"WebSite","@id":"https:\/\/aliancaevangelica.pt\/site\/#website","url":"https:\/\/aliancaevangelica.pt\/site\/","name":"Alian\u00e7a Evang\u00e9lica Portuguesa","description":"Alian\u00e7a Evang\u00e9lica Portuguesa","publisher":{"@id":"https:\/\/aliancaevangelica.pt\/site\/#organization"},"potentialAction":[{"@type":"SearchAction","target":{"@type":"EntryPoint","urlTemplate":"https:\/\/aliancaevangelica.pt\/site\/?s={search_term_string}"},"query-input":{"@type":"PropertyValueSpecification","valueRequired":true,"valueName":"search_term_string"}}],"inLanguage":"pt-PT"},{"@type":"Organization","@id":"https:\/\/aliancaevangelica.pt\/site\/#organization","name":"Alian\u00e7a Evang\u00e9lica Portuguesa","url":"https:\/\/aliancaevangelica.pt\/site\/","logo":{"@type":"ImageObject","inLanguage":"pt-PT","@id":"https:\/\/aliancaevangelica.pt\/site\/#\/schema\/logo\/image\/","url":"https:\/\/aliancaevangelica.pt\/site\/wp-content\/uploads\/2017\/11\/logo-AEP-cor.png","contentUrl":"https:\/\/aliancaevangelica.pt\/site\/wp-content\/uploads\/2017\/11\/logo-AEP-cor.png","width":1156,"height":672,"caption":"Alian\u00e7a Evang\u00e9lica Portuguesa"},"image":{"@id":"https:\/\/aliancaevangelica.pt\/site\/#\/schema\/logo\/image\/"},"sameAs":["http:\/\/facebook.com\/aeportuguesa","http:\/\/instagram.com\/aliancaep","http:\/\/youtube.com\/aeportuguesa"]},{"@type":"Person","@id":"https:\/\/aliancaevangelica.pt\/site\/#\/schema\/person\/3b47cfc7535eff1e820f31c2d67eafcf","name":"AEP","sameAs":["aeportugal"],"url":"https:\/\/aliancaevangelica.pt\/site\/author\/aeportugal\/"}]}},"uagb_featured_image_src":{"full":["https:\/\/aliancaevangelica.pt\/site\/wp-content\/uploads\/2020\/12\/alimentac\u0327a\u0303o.jpg",626,417,false],"thumbnail":["https:\/\/aliancaevangelica.pt\/site\/wp-content\/uploads\/2020\/12\/alimentac\u0327a\u0303o-150x150.jpg",150,150,true],"medium":["https:\/\/aliancaevangelica.pt\/site\/wp-content\/uploads\/2020\/12\/alimentac\u0327a\u0303o-300x200.jpg",300,200,true],"medium_large":["https:\/\/aliancaevangelica.pt\/site\/wp-content\/uploads\/2020\/12\/alimentac\u0327a\u0303o.jpg",626,417,false],"large":["https:\/\/aliancaevangelica.pt\/site\/wp-content\/uploads\/2020\/12\/alimentac\u0327a\u0303o.jpg",626,417,false],"1536x1536":["https:\/\/aliancaevangelica.pt\/site\/wp-content\/uploads\/2020\/12\/alimentac\u0327a\u0303o.jpg",626,417,false],"2048x2048":["https:\/\/aliancaevangelica.pt\/site\/wp-content\/uploads\/2020\/12\/alimentac\u0327a\u0303o.jpg",626,417,false],"vp_sm":["https:\/\/aliancaevangelica.pt\/site\/wp-content\/uploads\/2020\/12\/alimentac\u0327a\u0303o.jpg",500,333,false],"vp_md":["https:\/\/aliancaevangelica.pt\/site\/wp-content\/uploads\/2020\/12\/alimentac\u0327a\u0303o.jpg",626,417,false],"vp_lg":["https:\/\/aliancaevangelica.pt\/site\/wp-content\/uploads\/2020\/12\/alimentac\u0327a\u0303o.jpg",626,417,false],"vp_xl":["https:\/\/aliancaevangelica.pt\/site\/wp-content\/uploads\/2020\/12\/alimentac\u0327a\u0303o.jpg",626,417,false],"vp_sm_popup":["https:\/\/aliancaevangelica.pt\/site\/wp-content\/uploads\/2020\/12\/alimentac\u0327a\u0303o.jpg",500,333,false],"vp_md_popup":["https:\/\/aliancaevangelica.pt\/site\/wp-content\/uploads\/2020\/12\/alimentac\u0327a\u0303o.jpg",626,417,false],"vp_xl_popup":["https:\/\/aliancaevangelica.pt\/site\/wp-content\/uploads\/2020\/12\/alimentac\u0327a\u0303o.jpg",626,417,false],"newsx-150x100":["https:\/\/aliancaevangelica.pt\/site\/wp-content\/uploads\/2020\/12\/alimentac\u0327a\u0303o.jpg",150,100,false],"newsx-330x220":["https:\/\/aliancaevangelica.pt\/site\/wp-content\/uploads\/2020\/12\/alimentac\u0327a\u0303o.jpg",330,220,false],"newsx-420x280":["https:\/\/aliancaevangelica.pt\/site\/wp-content\/uploads\/2020\/12\/alimentac\u0327a\u0303o.jpg",420,280,false],"newsx-510x340":["https:\/\/aliancaevangelica.pt\/site\/wp-content\/uploads\/2020\/12\/alimentac\u0327a\u0303o.jpg",510,340,false],"newsx-640x480":["https:\/\/aliancaevangelica.pt\/site\/wp-content\/uploads\/2020\/12\/alimentac\u0327a\u0303o.jpg",626,417,false],"newsx-670x370":["https:\/\/aliancaevangelica.pt\/site\/wp-content\/uploads\/2020\/12\/alimentac\u0327a\u0303o.jpg",555,370,false],"newsx-860x570":["https:\/\/aliancaevangelica.pt\/site\/wp-content\/uploads\/2020\/12\/alimentac\u0327a\u0303o.jpg",626,417,false],"newsx-1000x750":["https:\/\/aliancaevangelica.pt\/site\/wp-content\/uploads\/2020\/12\/alimentac\u0327a\u0303o.jpg",626,417,false],"newsx-1200x600":["https:\/\/aliancaevangelica.pt\/site\/wp-content\/uploads\/2020\/12\/alimentac\u0327a\u0303o.jpg",626,417,false]},"uagb_author_info":{"display_name":"AEP","author_link":"https:\/\/aliancaevangelica.pt\/site\/author\/aeportugal\/"},"uagb_comment_info":0,"uagb_excerpt":"Como seria se pudesse manter um corpo saud\u00e1vel durante o confinamento? Neste per\u00edodo delicado de isolamento social, muitas pessoas aproveitaram para comer melhor e pensar mais na sa\u00fade. Por outro lado, no confinamento geram-se tamb\u00e9m momentos aborrecidos e epis\u00f3dios de ansiedade, o que por vezes nos leva a comer mais e de forma menos saud\u00e1vel.","_links":{"self":[{"href":"https:\/\/aliancaevangelica.pt\/site\/wp-json\/wp\/v2\/posts\/18591","targetHints":{"allow":["GET"]}}],"collection":[{"href":"https:\/\/aliancaevangelica.pt\/site\/wp-json\/wp\/v2\/posts"}],"about":[{"href":"https:\/\/aliancaevangelica.pt\/site\/wp-json\/wp\/v2\/types\/post"}],"author":[{"embeddable":true,"href":"https:\/\/aliancaevangelica.pt\/site\/wp-json\/wp\/v2\/users\/2"}],"replies":[{"embeddable":true,"href":"https:\/\/aliancaevangelica.pt\/site\/wp-json\/wp\/v2\/comments?post=18591"}],"version-history":[{"count":1,"href":"https:\/\/aliancaevangelica.pt\/site\/wp-json\/wp\/v2\/posts\/18591\/revisions"}],"predecessor-version":[{"id":18592,"href":"https:\/\/aliancaevangelica.pt\/site\/wp-json\/wp\/v2\/posts\/18591\/revisions\/18592"}],"wp:featuredmedia":[{"embeddable":true,"href":"https:\/\/aliancaevangelica.pt\/site\/wp-json\/wp\/v2\/media\/18593"}],"wp:attachment":[{"href":"https:\/\/aliancaevangelica.pt\/site\/wp-json\/wp\/v2\/media?parent=18591"}],"wp:term":[{"taxonomy":"category","embeddable":true,"href":"https:\/\/aliancaevangelica.pt\/site\/wp-json\/wp\/v2\/categories?post=18591"},{"taxonomy":"post_tag","embeddable":true,"href":"https:\/\/aliancaevangelica.pt\/site\/wp-json\/wp\/v2\/tags?post=18591"}],"curies":[{"name":"wp","href":"https:\/\/api.w.org\/{rel}","templated":true}]}}