{"id":18569,"date":"2020-11-27T11:24:26","date_gmt":"2020-11-27T11:24:26","guid":{"rendered":"https:\/\/aliancaevangelica.pt\/site\/?p=18569"},"modified":"2020-11-27T17:13:23","modified_gmt":"2020-11-27T17:13:23","slug":"o-molotof-eu-e-deus","status":"publish","type":"post","link":"https:\/\/aliancaevangelica.pt\/site\/o-molotof-eu-e-deus\/","title":{"rendered":"O molotov, eu e Deus!"},"content":{"rendered":"<p class=\"p1\"><span class=\"s1\">Um dia quis fazer um pudim molotov e pedi a receita a uma amiga. Ela disse-me que n\u00e3o era f\u00e1cil de fazer porque implicava seguir \u00e0 risca um processo e se, em algum dos momentos, tal n\u00e3o acontecesse, eu n\u00e3o conseguiria faz\u00ea-lo! Requeria, sobretudo, tempo e paci\u00eancia! E tamb\u00e9m me disse para n\u00e3o desistir, mesmo se desabasse porque isso em algum momento poderia acontecer, pois nem sempre a receita \u00e9 seguida e \u00e9 preciso muita experi\u00eancia para se fazer um bom molotov!<\/span><\/p>\n<p class=\"p1\">Pensei para mim mesma que afinal o molotov era como tudo o resto na vida! Um processo<\/p>\n<p class=\"p1\">que requer tempo, dedica\u00e7\u00e3o, empenho, disponibilidade e paci\u00eancia!<\/p>\n<p class=\"p1\">A primeira coisa que uma pessoa quer saber quando tem em m\u00e3os um processo judicial \u00e9 quanto tempo \u00e9 que ele vai demorar e a resposta \u00e9 sempre a mesma: n\u00e3o sabemos! Porque h\u00e1 coisas que n\u00e3o se sabe quanto tempo ir\u00e3o levar. Precisamos de ter paci\u00eancia e esperar.<\/p>\n<p class=\"p1\">J\u00e1 David, no Salmo 40, nos diz que esperou com paci\u00eancia no Senhor at\u00e9 que Ele se inclinou e ouviu o seu clamor! Nem tudo pode ser aqui e agora! <i>It takes time<\/i>!<\/p>\n<p class=\"p1\">Vivemos na era do instant\u00e2neo, do ultra r\u00e1pido! Tudo para que o tempo seja aproveitado ao mais \u00ednfimo detalhe, mas nem sempre as coisas s\u00e3o assim, \u00e0s vezes n\u00e3o correm bem \u00e0 primeira e \u00e9 nessas alturas que temos que ver Deus no processo!<\/p>\n<p class=\"p1\">O melhor que podemos desfrutar na vida requer tempo: contemplar o mar, fazer uma viagem, degustar uma boa refei\u00e7\u00e3o com amigos e fam\u00edlia, n\u00e3o \u00e9 algo instant\u00e2neo. H\u00e1 at\u00e9 um prov\u00e9rbio popular que nos diz que \u201cdepressa e bem n\u00e3o h\u00e1 quem\u201d!<\/p>\n<p class=\"p1\">Em Marcos 8:22 e seguintes, temos relatado um epis\u00f3dio de cura que, ao contr\u00e1rio de tantas outras, n\u00e3o foi instant\u00e2nea e, aparentemente, n\u00e3o foi bem-sucedida \u00e0 primeira! Estranho? Talvez! Curioso? Muito! Este epis\u00f3dio de cura parece ter v\u00e1rias fases.<\/p>\n<p class=\"p1\">Come\u00e7ou logo por trazerem o cego a Jesus. Ele est\u00e1 no in\u00edcio porque quer que n\u00f3s nos cheguemos a Ele. Est\u00e1 \u00e0 espera que sejamos n\u00f3s a dar o primeiro passo porque Ele n\u00e3o se imp\u00f5e. Ele deseja estar connosco se n\u00f3s assim o desejarmos. E quando n\u00f3s queremos, Ele entra no processo. Tudo come\u00e7a quando Jesus entra no processo da nossa vida. Contudo, para permitirmos que Ele entre, temos que abrir m\u00e3o do controlo da nossa vida e confiar Nele!<\/p>\n<p class=\"p1\">Esta \u00e9 sempre a parte mais dif\u00edcil de se fazer! Confiar! Quando pensamos em confian\u00e7a v\u00eam-me logo \u00e0 mente as din\u00e2micas relacionadas com este tema nas forma\u00e7\u00f5es ministradas sobre v\u00e1rios temas! A din\u00e2mica de n\u00f3s termos que nos lan\u00e7ar de costas confiando que nos ir\u00e3o agarrar! Contudo, na din\u00e2mica as coisas correm sempre bem porque vemos que os nossos colegas est\u00e3o atr\u00e1s de n\u00f3s e est\u00e3o preparados para nos agarrar e a\u00ed torna-se mais f\u00e1cil confiar! Contudo, na nossa vida nem sempre vemos algu\u00e9m atr\u00e1s de n\u00f3s para nos segurar e isso causa medo e inquieta\u00e7\u00e3o!<\/p>\n<p class=\"p1\">No entanto, Jesus est\u00e1 l\u00e1 sempre, \u00e9 preciso ter f\u00e9 e confiar! Ent\u00e3o quando n\u00f3s vamos at\u00e9 Jesus, Ele entra no processo da nossa vida, mas n\u00e3o fica por aqui. Numa segunda fase, Jesus envolve-se no processo da nossa vida e muitas vezes Ele faz isso usando m\u00e9todos pouco ortodoxos, tal como o fez com o homem cego, em que colocou saliva nos seus olhos e lhe perguntou o que \u00e9 que ele via! Aqui foi necess\u00e1rio o homem cego tamb\u00e9m se envolver no processo e estar predisposto a aceitar uma abordagem diferente, um m\u00e9todo inovador, estranho, mas ele quis! \u00c9 importante que estejamos receptivos \u00e0quilo que Deus quer fazer nas nossas vidas ainda que envolva uma nova e diferente abordagem!<\/p>\n<p class=\"p1\">Face \u00e0 resposta do homem cego, parece que as coisas n\u00e3o correram l\u00e1 muito bem porque ele via os homens como \u00e1rvores que andavam! \u00c0s vezes, parece que as coisas n\u00e3o ficam logo resolvidas \u00e0 primeira na nossa vida! Contudo, independentemente de procurar saber os porqu\u00eas devemos estar envolvidos no processo e aguardar o seu fim e n\u00e3o sermos precipitados abandonando o processo antes de estar conclu\u00eddo. Se aquele homem tivesse desistido do processo a meio teria ficado melhor do que estava inicialmente, porque pelo menos nesta fase j\u00e1 via qualquer coisa, mas pior do que poderia ficar no fim do processo.<\/p>\n<p class=\"p1\">A B\u00edblia fala de um outro homem que passou por um processo que n\u00e3o foi instant\u00e2neo: Naam\u00e3! O processo de Naam\u00e3 at\u00e9 parecia ser bastante simples para outros mas n\u00e3o para ele. Ter que mergulhar 7 vezes no rio Jord\u00e3o que, segundo o parecer dele, era um rio sujo comparado com outros rios? E 7 vezes, ainda por cima? N\u00e3o poderia ser apenas uma?<\/p>\n<p class=\"p1\">Isto leva-nos a pensar que um processo n\u00e3o tem que decorrer da forma como n\u00f3s idealizamos mas sim da maneira que Deus quer. Se Lhe damos o controlo ent\u00e3o temos que confiar que Ele tem o melhor para n\u00f3s!<\/p>\n<p class=\"p1\">E, voltando ao epis\u00f3dio do homem cego, como Jesus ainda n\u00e3o tinha terminado Ele volta a colocar as m\u00e3os no homem cego e s\u00f3 \u00e0 segunda tentativa a situa\u00e7\u00e3o fica resolvida! Parece que Jesus n\u00e3o fez alguma coisa bem \u00e0 primeira! Eu creio que at\u00e9 esta abordagem foi uma forma de nos mostrar que tudo \u00e9 um processo e que Deus est\u00e1 em todas as fases desse mesmo processo!<\/p>\n<p class=\"p1\">Numa terceira fase ele toca novamente no homem cego. Ele envolve-se no processo. Fica a fazer parte dele. Quer estar presente, quer saber o resultado. Jesus nunca desiste. Ele fica at\u00e9 ao fim do processo! \u201cE agora o que \u00e9 que v\u00eas?\u201d Agora, sim, o homem que era cego j\u00e1 via!<\/p>\n<p class=\"p1\">Ele \u00e9 o primeiro a chegar e fica \u00e0 nossa espera e o \u00faltimo a partir. Ele \u00e9 o alfa e o \u00f3mega! O princ\u00edpio e o fim! O primeiro e o derradeiro!<\/p>\n<p class=\"p1\">Jesus quer fazer parte do processo da nossa vida! Se Ele estiver convosco do princ\u00edpio at\u00e9 ao fim teremos a certeza de que tudo correr\u00e1 bem mas se, em algum momento, o colocarmos fora do nosso processo, da nossa vida tamb\u00e9m temos a certeza de que, tal como o molotov, a nossa vida ir\u00e1 desabar, sem d\u00favida alguma.<\/p>\n<p class=\"p1\">Coloca Deus em tudo o que fizeres e encontra-l\u2019O-\u00e1s em tudo o que te acontece!<\/p>\n<p>&nbsp;<\/p>\n<p>[movedo_single_image image=&#8221;18568&#8243; animation=&#8221;grve-zoom-in&#8221;]<\/p>\n<p class=\"p1\">Sara Ramalho Pereira<\/p>\n<p class=\"p1\">Advogada <\/p>\n","protected":false},"excerpt":{"rendered":"<p>Um dia quis fazer um pudim molotov e pedi a receita a uma amiga. Ela disse-me que n\u00e3o era f\u00e1cil de fazer porque implicava seguir \u00e0 risca um processo e se, em algum dos momentos, tal n\u00e3o acontecesse, eu n\u00e3o conseguiria faz\u00ea-lo! Requeria, sobretudo, tempo e paci\u00eancia! E tamb\u00e9m me disse para n\u00e3o desistir, mesmo<\/p>\n","protected":false},"author":2,"featured_media":18573,"comment_status":"open","ping_status":"open","sticky":false,"template":"","format":"standard","meta":{"_uag_custom_page_level_css":"","_themeisle_gutenberg_block_has_review":false,"_vp_format_video_url":"","_vp_image_focal_point":[],"footnotes":""},"categories":[45,47],"tags":[],"class_list":["post-18569","post","type-post","status-publish","format-standard","has-post-thumbnail","hentry","category-geral","category-mulheres-casais-e-familia"],"yoast_head":"<!-- This site is optimized with the Yoast SEO plugin v27.5 - https:\/\/yoast.com\/product\/yoast-seo-wordpress\/ -->\n<title>O molotov, eu e Deus! - AEP<\/title>\n<meta name=\"robots\" content=\"index, follow, max-snippet:-1, max-image-preview:large, max-video-preview:-1\" \/>\n<link rel=\"canonical\" href=\"https:\/\/aliancaevangelica.pt\/site\/o-molotof-eu-e-deus\/\" \/>\n<meta property=\"og:locale\" content=\"pt_PT\" \/>\n<meta property=\"og:type\" content=\"article\" \/>\n<meta property=\"og:title\" content=\"O molotov, eu e Deus! - AEP\" \/>\n<meta property=\"og:description\" content=\"Um dia quis fazer um pudim molotov e pedi a receita a uma amiga. Ela disse-me que n\u00e3o era f\u00e1cil de fazer porque implicava seguir \u00e0 risca um processo e se, em algum dos momentos, tal n\u00e3o acontecesse, eu n\u00e3o conseguiria faz\u00ea-lo! Requeria, sobretudo, tempo e paci\u00eancia! E tamb\u00e9m me disse para n\u00e3o desistir, mesmo\" \/>\n<meta property=\"og:url\" content=\"https:\/\/aliancaevangelica.pt\/site\/o-molotof-eu-e-deus\/\" \/>\n<meta property=\"og:site_name\" content=\"AEP\" \/>\n<meta property=\"article:publisher\" content=\"http:\/\/facebook.com\/aeportuguesa\" \/>\n<meta property=\"article:author\" content=\"aeportugal\" \/>\n<meta property=\"article:published_time\" content=\"2020-11-27T11:24:26+00:00\" \/>\n<meta property=\"article:modified_time\" content=\"2020-11-27T17:13:23+00:00\" \/>\n<meta property=\"og:image\" content=\"https:\/\/aliancaevangelica.pt\/site\/wp-content\/uploads\/2020\/11\/Captura-de-ecra\u0303-2020-11-27-a\u0300s-11.10.54.png\" \/>\n\t<meta property=\"og:image:width\" content=\"660\" \/>\n\t<meta property=\"og:image:height\" content=\"490\" \/>\n\t<meta property=\"og:image:type\" content=\"image\/png\" \/>\n<meta name=\"author\" content=\"AEP\" \/>\n<meta name=\"twitter:card\" content=\"summary_large_image\" \/>\n<meta name=\"twitter:label1\" content=\"Escrito por\" \/>\n\t<meta name=\"twitter:data1\" content=\"AEP\" \/>\n\t<meta name=\"twitter:label2\" content=\"Tempo estimado de leitura\" \/>\n\t<meta name=\"twitter:data2\" content=\"6 minutos\" \/>\n<script type=\"application\/ld+json\" class=\"yoast-schema-graph\">{\"@context\":\"https:\\\/\\\/schema.org\",\"@graph\":[{\"@type\":\"Article\",\"@id\":\"https:\\\/\\\/aliancaevangelica.pt\\\/site\\\/o-molotof-eu-e-deus\\\/#article\",\"isPartOf\":{\"@id\":\"https:\\\/\\\/aliancaevangelica.pt\\\/site\\\/o-molotof-eu-e-deus\\\/\"},\"author\":{\"name\":\"AEP\",\"@id\":\"https:\\\/\\\/aliancaevangelica.pt\\\/site\\\/#\\\/schema\\\/person\\\/3b47cfc7535eff1e820f31c2d67eafcf\"},\"headline\":\"O molotov, eu e Deus!\",\"datePublished\":\"2020-11-27T11:24:26+00:00\",\"dateModified\":\"2020-11-27T17:13:23+00:00\",\"mainEntityOfPage\":{\"@id\":\"https:\\\/\\\/aliancaevangelica.pt\\\/site\\\/o-molotof-eu-e-deus\\\/\"},\"wordCount\":1128,\"commentCount\":0,\"publisher\":{\"@id\":\"https:\\\/\\\/aliancaevangelica.pt\\\/site\\\/#organization\"},\"image\":{\"@id\":\"https:\\\/\\\/aliancaevangelica.pt\\\/site\\\/o-molotof-eu-e-deus\\\/#primaryimage\"},\"thumbnailUrl\":\"https:\\\/\\\/aliancaevangelica.pt\\\/site\\\/wp-content\\\/uploads\\\/2020\\\/11\\\/Captura-de-ecra\u0303-2020-11-27-a\u0300s-11.10.54.png\",\"articleSection\":[\"1-Geral\",\"MULHERES, CASAIS E FAM\u00cdLIA\"],\"inLanguage\":\"pt-PT\",\"potentialAction\":[{\"@type\":\"CommentAction\",\"name\":\"Comment\",\"target\":[\"https:\\\/\\\/aliancaevangelica.pt\\\/site\\\/o-molotof-eu-e-deus\\\/#respond\"]}]},{\"@type\":\"WebPage\",\"@id\":\"https:\\\/\\\/aliancaevangelica.pt\\\/site\\\/o-molotof-eu-e-deus\\\/\",\"url\":\"https:\\\/\\\/aliancaevangelica.pt\\\/site\\\/o-molotof-eu-e-deus\\\/\",\"name\":\"O molotov, eu e Deus! - AEP\",\"isPartOf\":{\"@id\":\"https:\\\/\\\/aliancaevangelica.pt\\\/site\\\/#website\"},\"primaryImageOfPage\":{\"@id\":\"https:\\\/\\\/aliancaevangelica.pt\\\/site\\\/o-molotof-eu-e-deus\\\/#primaryimage\"},\"image\":{\"@id\":\"https:\\\/\\\/aliancaevangelica.pt\\\/site\\\/o-molotof-eu-e-deus\\\/#primaryimage\"},\"thumbnailUrl\":\"https:\\\/\\\/aliancaevangelica.pt\\\/site\\\/wp-content\\\/uploads\\\/2020\\\/11\\\/Captura-de-ecra\u0303-2020-11-27-a\u0300s-11.10.54.png\",\"datePublished\":\"2020-11-27T11:24:26+00:00\",\"dateModified\":\"2020-11-27T17:13:23+00:00\",\"breadcrumb\":{\"@id\":\"https:\\\/\\\/aliancaevangelica.pt\\\/site\\\/o-molotof-eu-e-deus\\\/#breadcrumb\"},\"inLanguage\":\"pt-PT\",\"potentialAction\":[{\"@type\":\"ReadAction\",\"target\":[\"https:\\\/\\\/aliancaevangelica.pt\\\/site\\\/o-molotof-eu-e-deus\\\/\"]}]},{\"@type\":\"ImageObject\",\"inLanguage\":\"pt-PT\",\"@id\":\"https:\\\/\\\/aliancaevangelica.pt\\\/site\\\/o-molotof-eu-e-deus\\\/#primaryimage\",\"url\":\"https:\\\/\\\/aliancaevangelica.pt\\\/site\\\/wp-content\\\/uploads\\\/2020\\\/11\\\/Captura-de-ecra\u0303-2020-11-27-a\u0300s-11.10.54.png\",\"contentUrl\":\"https:\\\/\\\/aliancaevangelica.pt\\\/site\\\/wp-content\\\/uploads\\\/2020\\\/11\\\/Captura-de-ecra\u0303-2020-11-27-a\u0300s-11.10.54.png\",\"width\":660,\"height\":490},{\"@type\":\"BreadcrumbList\",\"@id\":\"https:\\\/\\\/aliancaevangelica.pt\\\/site\\\/o-molotof-eu-e-deus\\\/#breadcrumb\",\"itemListElement\":[{\"@type\":\"ListItem\",\"position\":1,\"name\":\"In\u00edcio\",\"item\":\"https:\\\/\\\/aliancaevangelica.pt\\\/site\\\/\"},{\"@type\":\"ListItem\",\"position\":2,\"name\":\"O molotov, eu e Deus!\"}]},{\"@type\":\"WebSite\",\"@id\":\"https:\\\/\\\/aliancaevangelica.pt\\\/site\\\/#website\",\"url\":\"https:\\\/\\\/aliancaevangelica.pt\\\/site\\\/\",\"name\":\"Alian\u00e7a Evang\u00e9lica Portuguesa\",\"description\":\"Alian\u00e7a Evang\u00e9lica Portuguesa\",\"publisher\":{\"@id\":\"https:\\\/\\\/aliancaevangelica.pt\\\/site\\\/#organization\"},\"potentialAction\":[{\"@type\":\"SearchAction\",\"target\":{\"@type\":\"EntryPoint\",\"urlTemplate\":\"https:\\\/\\\/aliancaevangelica.pt\\\/site\\\/?s={search_term_string}\"},\"query-input\":{\"@type\":\"PropertyValueSpecification\",\"valueRequired\":true,\"valueName\":\"search_term_string\"}}],\"inLanguage\":\"pt-PT\"},{\"@type\":\"Organization\",\"@id\":\"https:\\\/\\\/aliancaevangelica.pt\\\/site\\\/#organization\",\"name\":\"Alian\u00e7a Evang\u00e9lica Portuguesa\",\"url\":\"https:\\\/\\\/aliancaevangelica.pt\\\/site\\\/\",\"logo\":{\"@type\":\"ImageObject\",\"inLanguage\":\"pt-PT\",\"@id\":\"https:\\\/\\\/aliancaevangelica.pt\\\/site\\\/#\\\/schema\\\/logo\\\/image\\\/\",\"url\":\"https:\\\/\\\/aliancaevangelica.pt\\\/site\\\/wp-content\\\/uploads\\\/2017\\\/11\\\/logo-AEP-cor.png\",\"contentUrl\":\"https:\\\/\\\/aliancaevangelica.pt\\\/site\\\/wp-content\\\/uploads\\\/2017\\\/11\\\/logo-AEP-cor.png\",\"width\":1156,\"height\":672,\"caption\":\"Alian\u00e7a Evang\u00e9lica Portuguesa\"},\"image\":{\"@id\":\"https:\\\/\\\/aliancaevangelica.pt\\\/site\\\/#\\\/schema\\\/logo\\\/image\\\/\"},\"sameAs\":[\"http:\\\/\\\/facebook.com\\\/aeportuguesa\",\"http:\\\/\\\/instagram.com\\\/aliancaep\",\"http:\\\/\\\/youtube.com\\\/aeportuguesa\"]},{\"@type\":\"Person\",\"@id\":\"https:\\\/\\\/aliancaevangelica.pt\\\/site\\\/#\\\/schema\\\/person\\\/3b47cfc7535eff1e820f31c2d67eafcf\",\"name\":\"AEP\",\"sameAs\":[\"aeportugal\"],\"url\":\"https:\\\/\\\/aliancaevangelica.pt\\\/site\\\/author\\\/aeportugal\\\/\"}]}<\/script>\n<!-- \/ Yoast SEO plugin. -->","yoast_head_json":{"title":"O molotov, eu e Deus! - AEP","robots":{"index":"index","follow":"follow","max-snippet":"max-snippet:-1","max-image-preview":"max-image-preview:large","max-video-preview":"max-video-preview:-1"},"canonical":"https:\/\/aliancaevangelica.pt\/site\/o-molotof-eu-e-deus\/","og_locale":"pt_PT","og_type":"article","og_title":"O molotov, eu e Deus! - AEP","og_description":"Um dia quis fazer um pudim molotov e pedi a receita a uma amiga. Ela disse-me que n\u00e3o era f\u00e1cil de fazer porque implicava seguir \u00e0 risca um processo e se, em algum dos momentos, tal n\u00e3o acontecesse, eu n\u00e3o conseguiria faz\u00ea-lo! Requeria, sobretudo, tempo e paci\u00eancia! E tamb\u00e9m me disse para n\u00e3o desistir, mesmo","og_url":"https:\/\/aliancaevangelica.pt\/site\/o-molotof-eu-e-deus\/","og_site_name":"AEP","article_publisher":"http:\/\/facebook.com\/aeportuguesa","article_author":"aeportugal","article_published_time":"2020-11-27T11:24:26+00:00","article_modified_time":"2020-11-27T17:13:23+00:00","og_image":[{"width":660,"height":490,"url":"https:\/\/aliancaevangelica.pt\/site\/wp-content\/uploads\/2020\/11\/Captura-de-ecra\u0303-2020-11-27-a\u0300s-11.10.54.png","type":"image\/png"}],"author":"AEP","twitter_card":"summary_large_image","twitter_misc":{"Escrito por":"AEP","Tempo estimado de leitura":"6 minutos"},"schema":{"@context":"https:\/\/schema.org","@graph":[{"@type":"Article","@id":"https:\/\/aliancaevangelica.pt\/site\/o-molotof-eu-e-deus\/#article","isPartOf":{"@id":"https:\/\/aliancaevangelica.pt\/site\/o-molotof-eu-e-deus\/"},"author":{"name":"AEP","@id":"https:\/\/aliancaevangelica.pt\/site\/#\/schema\/person\/3b47cfc7535eff1e820f31c2d67eafcf"},"headline":"O molotov, eu e Deus!","datePublished":"2020-11-27T11:24:26+00:00","dateModified":"2020-11-27T17:13:23+00:00","mainEntityOfPage":{"@id":"https:\/\/aliancaevangelica.pt\/site\/o-molotof-eu-e-deus\/"},"wordCount":1128,"commentCount":0,"publisher":{"@id":"https:\/\/aliancaevangelica.pt\/site\/#organization"},"image":{"@id":"https:\/\/aliancaevangelica.pt\/site\/o-molotof-eu-e-deus\/#primaryimage"},"thumbnailUrl":"https:\/\/aliancaevangelica.pt\/site\/wp-content\/uploads\/2020\/11\/Captura-de-ecra\u0303-2020-11-27-a\u0300s-11.10.54.png","articleSection":["1-Geral","MULHERES, CASAIS E FAM\u00cdLIA"],"inLanguage":"pt-PT","potentialAction":[{"@type":"CommentAction","name":"Comment","target":["https:\/\/aliancaevangelica.pt\/site\/o-molotof-eu-e-deus\/#respond"]}]},{"@type":"WebPage","@id":"https:\/\/aliancaevangelica.pt\/site\/o-molotof-eu-e-deus\/","url":"https:\/\/aliancaevangelica.pt\/site\/o-molotof-eu-e-deus\/","name":"O molotov, eu e Deus! - AEP","isPartOf":{"@id":"https:\/\/aliancaevangelica.pt\/site\/#website"},"primaryImageOfPage":{"@id":"https:\/\/aliancaevangelica.pt\/site\/o-molotof-eu-e-deus\/#primaryimage"},"image":{"@id":"https:\/\/aliancaevangelica.pt\/site\/o-molotof-eu-e-deus\/#primaryimage"},"thumbnailUrl":"https:\/\/aliancaevangelica.pt\/site\/wp-content\/uploads\/2020\/11\/Captura-de-ecra\u0303-2020-11-27-a\u0300s-11.10.54.png","datePublished":"2020-11-27T11:24:26+00:00","dateModified":"2020-11-27T17:13:23+00:00","breadcrumb":{"@id":"https:\/\/aliancaevangelica.pt\/site\/o-molotof-eu-e-deus\/#breadcrumb"},"inLanguage":"pt-PT","potentialAction":[{"@type":"ReadAction","target":["https:\/\/aliancaevangelica.pt\/site\/o-molotof-eu-e-deus\/"]}]},{"@type":"ImageObject","inLanguage":"pt-PT","@id":"https:\/\/aliancaevangelica.pt\/site\/o-molotof-eu-e-deus\/#primaryimage","url":"https:\/\/aliancaevangelica.pt\/site\/wp-content\/uploads\/2020\/11\/Captura-de-ecra\u0303-2020-11-27-a\u0300s-11.10.54.png","contentUrl":"https:\/\/aliancaevangelica.pt\/site\/wp-content\/uploads\/2020\/11\/Captura-de-ecra\u0303-2020-11-27-a\u0300s-11.10.54.png","width":660,"height":490},{"@type":"BreadcrumbList","@id":"https:\/\/aliancaevangelica.pt\/site\/o-molotof-eu-e-deus\/#breadcrumb","itemListElement":[{"@type":"ListItem","position":1,"name":"In\u00edcio","item":"https:\/\/aliancaevangelica.pt\/site\/"},{"@type":"ListItem","position":2,"name":"O molotov, eu e Deus!"}]},{"@type":"WebSite","@id":"https:\/\/aliancaevangelica.pt\/site\/#website","url":"https:\/\/aliancaevangelica.pt\/site\/","name":"Alian\u00e7a Evang\u00e9lica Portuguesa","description":"Alian\u00e7a Evang\u00e9lica Portuguesa","publisher":{"@id":"https:\/\/aliancaevangelica.pt\/site\/#organization"},"potentialAction":[{"@type":"SearchAction","target":{"@type":"EntryPoint","urlTemplate":"https:\/\/aliancaevangelica.pt\/site\/?s={search_term_string}"},"query-input":{"@type":"PropertyValueSpecification","valueRequired":true,"valueName":"search_term_string"}}],"inLanguage":"pt-PT"},{"@type":"Organization","@id":"https:\/\/aliancaevangelica.pt\/site\/#organization","name":"Alian\u00e7a Evang\u00e9lica Portuguesa","url":"https:\/\/aliancaevangelica.pt\/site\/","logo":{"@type":"ImageObject","inLanguage":"pt-PT","@id":"https:\/\/aliancaevangelica.pt\/site\/#\/schema\/logo\/image\/","url":"https:\/\/aliancaevangelica.pt\/site\/wp-content\/uploads\/2017\/11\/logo-AEP-cor.png","contentUrl":"https:\/\/aliancaevangelica.pt\/site\/wp-content\/uploads\/2017\/11\/logo-AEP-cor.png","width":1156,"height":672,"caption":"Alian\u00e7a Evang\u00e9lica Portuguesa"},"image":{"@id":"https:\/\/aliancaevangelica.pt\/site\/#\/schema\/logo\/image\/"},"sameAs":["http:\/\/facebook.com\/aeportuguesa","http:\/\/instagram.com\/aliancaep","http:\/\/youtube.com\/aeportuguesa"]},{"@type":"Person","@id":"https:\/\/aliancaevangelica.pt\/site\/#\/schema\/person\/3b47cfc7535eff1e820f31c2d67eafcf","name":"AEP","sameAs":["aeportugal"],"url":"https:\/\/aliancaevangelica.pt\/site\/author\/aeportugal\/"}]}},"uagb_featured_image_src":{"full":["https:\/\/aliancaevangelica.pt\/site\/wp-content\/uploads\/2020\/11\/Captura-de-ecra\u0303-2020-11-27-a\u0300s-11.10.54.png",660,490,false],"thumbnail":["https:\/\/aliancaevangelica.pt\/site\/wp-content\/uploads\/2020\/11\/Captura-de-ecra\u0303-2020-11-27-a\u0300s-11.10.54-150x150.png",150,150,true],"medium":["https:\/\/aliancaevangelica.pt\/site\/wp-content\/uploads\/2020\/11\/Captura-de-ecra\u0303-2020-11-27-a\u0300s-11.10.54-300x223.png",300,223,true],"medium_large":["https:\/\/aliancaevangelica.pt\/site\/wp-content\/uploads\/2020\/11\/Captura-de-ecra\u0303-2020-11-27-a\u0300s-11.10.54.png",660,490,false],"large":["https:\/\/aliancaevangelica.pt\/site\/wp-content\/uploads\/2020\/11\/Captura-de-ecra\u0303-2020-11-27-a\u0300s-11.10.54.png",660,490,false],"1536x1536":["https:\/\/aliancaevangelica.pt\/site\/wp-content\/uploads\/2020\/11\/Captura-de-ecra\u0303-2020-11-27-a\u0300s-11.10.54.png",660,490,false],"2048x2048":["https:\/\/aliancaevangelica.pt\/site\/wp-content\/uploads\/2020\/11\/Captura-de-ecra\u0303-2020-11-27-a\u0300s-11.10.54.png",660,490,false],"vp_sm":["https:\/\/aliancaevangelica.pt\/site\/wp-content\/uploads\/2020\/11\/Captura-de-ecra\u0303-2020-11-27-a\u0300s-11.10.54.png",500,371,false],"vp_md":["https:\/\/aliancaevangelica.pt\/site\/wp-content\/uploads\/2020\/11\/Captura-de-ecra\u0303-2020-11-27-a\u0300s-11.10.54.png",660,490,false],"vp_lg":["https:\/\/aliancaevangelica.pt\/site\/wp-content\/uploads\/2020\/11\/Captura-de-ecra\u0303-2020-11-27-a\u0300s-11.10.54.png",660,490,false],"vp_xl":["https:\/\/aliancaevangelica.pt\/site\/wp-content\/uploads\/2020\/11\/Captura-de-ecra\u0303-2020-11-27-a\u0300s-11.10.54.png",660,490,false],"vp_sm_popup":["https:\/\/aliancaevangelica.pt\/site\/wp-content\/uploads\/2020\/11\/Captura-de-ecra\u0303-2020-11-27-a\u0300s-11.10.54.png",500,371,false],"vp_md_popup":["https:\/\/aliancaevangelica.pt\/site\/wp-content\/uploads\/2020\/11\/Captura-de-ecra\u0303-2020-11-27-a\u0300s-11.10.54.png",660,490,false],"vp_xl_popup":["https:\/\/aliancaevangelica.pt\/site\/wp-content\/uploads\/2020\/11\/Captura-de-ecra\u0303-2020-11-27-a\u0300s-11.10.54.png",660,490,false],"newsx-150x100":["https:\/\/aliancaevangelica.pt\/site\/wp-content\/uploads\/2020\/11\/Captura-de-ecra\u0303-2020-11-27-a\u0300s-11.10.54.png",135,100,false],"newsx-330x220":["https:\/\/aliancaevangelica.pt\/site\/wp-content\/uploads\/2020\/11\/Captura-de-ecra\u0303-2020-11-27-a\u0300s-11.10.54.png",296,220,false],"newsx-420x280":["https:\/\/aliancaevangelica.pt\/site\/wp-content\/uploads\/2020\/11\/Captura-de-ecra\u0303-2020-11-27-a\u0300s-11.10.54.png",377,280,false],"newsx-510x340":["https:\/\/aliancaevangelica.pt\/site\/wp-content\/uploads\/2020\/11\/Captura-de-ecra\u0303-2020-11-27-a\u0300s-11.10.54.png",458,340,false],"newsx-640x480":["https:\/\/aliancaevangelica.pt\/site\/wp-content\/uploads\/2020\/11\/Captura-de-ecra\u0303-2020-11-27-a\u0300s-11.10.54.png",640,475,false],"newsx-670x370":["https:\/\/aliancaevangelica.pt\/site\/wp-content\/uploads\/2020\/11\/Captura-de-ecra\u0303-2020-11-27-a\u0300s-11.10.54.png",498,370,false],"newsx-860x570":["https:\/\/aliancaevangelica.pt\/site\/wp-content\/uploads\/2020\/11\/Captura-de-ecra\u0303-2020-11-27-a\u0300s-11.10.54.png",660,490,false],"newsx-1000x750":["https:\/\/aliancaevangelica.pt\/site\/wp-content\/uploads\/2020\/11\/Captura-de-ecra\u0303-2020-11-27-a\u0300s-11.10.54.png",660,490,false],"newsx-1200x600":["https:\/\/aliancaevangelica.pt\/site\/wp-content\/uploads\/2020\/11\/Captura-de-ecra\u0303-2020-11-27-a\u0300s-11.10.54.png",660,490,false]},"uagb_author_info":{"display_name":"AEP","author_link":"https:\/\/aliancaevangelica.pt\/site\/author\/aeportugal\/"},"uagb_comment_info":0,"uagb_excerpt":"Um dia quis fazer um pudim molotov e pedi a receita a uma amiga. Ela disse-me que n\u00e3o era f\u00e1cil de fazer porque implicava seguir \u00e0 risca um processo e se, em algum dos momentos, tal n\u00e3o acontecesse, eu n\u00e3o conseguiria faz\u00ea-lo! Requeria, sobretudo, tempo e paci\u00eancia! E tamb\u00e9m me disse para n\u00e3o desistir, mesmo","_links":{"self":[{"href":"https:\/\/aliancaevangelica.pt\/site\/wp-json\/wp\/v2\/posts\/18569","targetHints":{"allow":["GET"]}}],"collection":[{"href":"https:\/\/aliancaevangelica.pt\/site\/wp-json\/wp\/v2\/posts"}],"about":[{"href":"https:\/\/aliancaevangelica.pt\/site\/wp-json\/wp\/v2\/types\/post"}],"author":[{"embeddable":true,"href":"https:\/\/aliancaevangelica.pt\/site\/wp-json\/wp\/v2\/users\/2"}],"replies":[{"embeddable":true,"href":"https:\/\/aliancaevangelica.pt\/site\/wp-json\/wp\/v2\/comments?post=18569"}],"version-history":[{"count":3,"href":"https:\/\/aliancaevangelica.pt\/site\/wp-json\/wp\/v2\/posts\/18569\/revisions"}],"predecessor-version":[{"id":18575,"href":"https:\/\/aliancaevangelica.pt\/site\/wp-json\/wp\/v2\/posts\/18569\/revisions\/18575"}],"wp:featuredmedia":[{"embeddable":true,"href":"https:\/\/aliancaevangelica.pt\/site\/wp-json\/wp\/v2\/media\/18573"}],"wp:attachment":[{"href":"https:\/\/aliancaevangelica.pt\/site\/wp-json\/wp\/v2\/media?parent=18569"}],"wp:term":[{"taxonomy":"category","embeddable":true,"href":"https:\/\/aliancaevangelica.pt\/site\/wp-json\/wp\/v2\/categories?post=18569"},{"taxonomy":"post_tag","embeddable":true,"href":"https:\/\/aliancaevangelica.pt\/site\/wp-json\/wp\/v2\/tags?post=18569"}],"curies":[{"name":"wp","href":"https:\/\/api.w.org\/{rel}","templated":true}]}}