{"id":18534,"date":"2020-11-12T11:10:09","date_gmt":"2020-11-12T11:10:09","guid":{"rendered":"https:\/\/aliancaevangelica.pt\/site\/?p=18534"},"modified":"2026-04-07T10:00:32","modified_gmt":"2026-04-07T10:00:32","slug":"estado-de-emergencia-como-devem-as-igrejas-atuar-nos-121-concelhos-em-confinamento","status":"publish","type":"post","link":"https:\/\/aliancaevangelica.pt\/site\/estado-de-emergencia-como-devem-as-igrejas-atuar-nos-121-concelhos-em-confinamento\/","title":{"rendered":"Estado de Emerg\u00eancia: como devem as igrejas atuar nos 191 concelhos em confinamento?"},"content":{"rendered":"<p class=\"p1\">Na passada segunda-feira, dia 9 de novembro 2020, o pa\u00eds passou do estado de calamidade, para o estado de emerg\u00eancia com medidas de restri\u00e7\u00e3o mais apertadas, conforme j\u00e1 anunciado pelo Presidente da R\u00e9publica e pelo Governo.<\/p>\n<p class=\"p1\">No que diz respeito aos nossos cultos presenciais, dever\u00e3o ser realizados fora do per\u00edodo de confinamento, ou seja, durante a semana devemos evitar que as pessoas circulem depois das 23 horas e nos pr\u00f3ximos dois fins de semana, nos dias 14, 15, 21 e 22 de novembro de 2020, que as pessoas circulem depois das 13h00. Pretende-se, assim, que os participantes possam circular sem constrangimentos.<\/p>\n<p class=\"p2\"><b>Assim, os nossos cultos continuam a poder realizar-se dentro das regras definidas pela DGS.<\/b>\u00a0(Podem ler-se\u00a0<a href=\"https:\/\/aliancaevangelica.pt\/site\/wp-content\/uploads\/2020\/07\/i026340.pdf\"><span class=\"s1\"><b>aqui<\/b><\/span><\/a>\u00a0as orienta\u00e7\u00f5es da DGS para as celebra\u00e7\u00f5es religiosas de 29\/05\/20)<\/p>\n<p class=\"p1\">Quando, por\u00e9m, terminar o culto, os crentes n\u00e3o podem ficar \u00e0 porta a conversar uns com os outros, porque, finda a cerim\u00f3nia religiosa, j\u00e1 se aplicam aos crentes as medidas que limitam o n\u00famero de pessoas a grupos de 5.<\/p>\n<p class=\"p1\">Durante o per\u00edodo de confinamento, nos concelhos onde aplicado, conforme j\u00e1 referido, \u00e9 expressamente permitida a circula\u00e7\u00e3o de ministros de culto que dever\u00e3o ser portadores de uma declara\u00e7\u00e3o da igreja ou do cart\u00e3o da Alian\u00e7a Evang\u00e9lica Portuguesa que os identifique como ministros de culto. A circula\u00e7\u00e3o de volunt\u00e1rios na prepara\u00e7\u00e3o do culto dever\u00e1 ser considerada como atividade equiparada \u00e0 atividade profissional e \u00e0 atividade de ministro de culto por ser indispens\u00e1vel \u00e0 realiza\u00e7\u00e3o de todo o culto que se efetive por recurso aos meios dispon\u00edveis online, devendo os volunt\u00e1rios, igualmente, circular com uma declara\u00e7\u00e3o a atestar a necessidade da presen\u00e7a para a realiza\u00e7\u00e3o do culto.<\/p>\n<p>Veja <a href=\"http:\/\/aliancaevangelica.pt\/declaracao-ministros-culto.docx\"><strong>aqui<\/strong><\/a> a declara\u00e7\u00e3o de Ministros de Culto.<\/p>\n<p>Veja <a href=\"http:\/\/aliancaevangelica.pt\/declaracao-voluntarios.docx\"><strong>aqui<\/strong><\/a> a declara\u00e7\u00e3o de volunt\u00e1rios.<\/p>\n<p>&nbsp;<\/p>\n<p class=\"p1\">Acrescenta-se uma nota final para salientar que a liberdade religiosa n\u00e3o est\u00e1 legalmente limitada pelo estado de emerg\u00eancia, conforme comunicado da ordem dos advogados cujo link juntamos. Contudo, as igrejas dever\u00e3o ser sens\u00edveis aos riscos da pandemia respeitando ao m\u00e1ximo as orienta\u00e7\u00f5es dos servi\u00e7os p\u00fablicos para prote\u00e7\u00e3o dos fi\u00e9is e da popula\u00e7\u00e3o em geral.<\/p>\n<p class=\"p1\">Oremos pelas nossas autoridades, profissionais de sa\u00fade e por todos os outros que trabalham para que a nossa economia n\u00e3o pare e por todos os doentes e familiares que est\u00e3o em sofrimento.<\/p>\n<p class=\"p2\">A Dire\u00e7\u00e3o da Alian\u00e7a Evang\u00e9lica Portuguesa<\/p>\n","protected":false},"excerpt":{"rendered":"<p>Na passada segunda-feira, dia 9 de novembro 2020, o pa\u00eds passou do estado de calamidade, para o estado de emerg\u00eancia com medidas de restri\u00e7\u00e3o mais apertadas, conforme j\u00e1 anunciado pelo Presidente da R\u00e9publica e pelo Governo. No que diz respeito aos nossos cultos presenciais, dever\u00e3o ser realizados fora do per\u00edodo de confinamento, ou seja, durante<\/p>\n","protected":false},"author":2,"featured_media":18488,"comment_status":"closed","ping_status":"open","sticky":false,"template":"","format":"standard","meta":{"_uag_custom_page_level_css":"","_themeisle_gutenberg_block_has_review":false,"_vp_format_video_url":"","_vp_image_focal_point":[],"footnotes":""},"categories":[],"tags":[145],"class_list":["post-18534","post","type-post","status-publish","format-standard","has-post-thumbnail","hentry","tag-tomadas-de-posicao"],"yoast_head":"<!-- This site is optimized with the Yoast SEO plugin v27.5 - https:\/\/yoast.com\/product\/yoast-seo-wordpress\/ -->\n<title>Estado de Emerg\u00eancia: como devem as igrejas atuar nos 191 concelhos em confinamento? - AEP<\/title>\n<meta name=\"robots\" content=\"index, follow, max-snippet:-1, max-image-preview:large, max-video-preview:-1\" \/>\n<link rel=\"canonical\" href=\"https:\/\/aliancaevangelica.pt\/site\/estado-de-emergencia-como-devem-as-igrejas-atuar-nos-121-concelhos-em-confinamento\/\" \/>\n<meta property=\"og:locale\" content=\"pt_PT\" \/>\n<meta property=\"og:type\" content=\"article\" \/>\n<meta property=\"og:title\" content=\"Estado de Emerg\u00eancia: como devem as igrejas atuar nos 191 concelhos em confinamento? - AEP\" \/>\n<meta property=\"og:description\" content=\"Na passada segunda-feira, dia 9 de novembro 2020, o pa\u00eds passou do estado de calamidade, para o estado de emerg\u00eancia com medidas de restri\u00e7\u00e3o mais apertadas, conforme j\u00e1 anunciado pelo Presidente da R\u00e9publica e pelo Governo. No que diz respeito aos nossos cultos presenciais, dever\u00e3o ser realizados fora do per\u00edodo de confinamento, ou seja, durante\" \/>\n<meta property=\"og:url\" content=\"https:\/\/aliancaevangelica.pt\/site\/estado-de-emergencia-como-devem-as-igrejas-atuar-nos-121-concelhos-em-confinamento\/\" \/>\n<meta property=\"og:site_name\" content=\"AEP\" \/>\n<meta property=\"article:publisher\" content=\"http:\/\/facebook.com\/aeportuguesa\" \/>\n<meta property=\"article:author\" content=\"aeportugal\" \/>\n<meta property=\"article:published_time\" content=\"2020-11-12T11:10:09+00:00\" \/>\n<meta property=\"article:modified_time\" content=\"2026-04-07T10:00:32+00:00\" \/>\n<meta property=\"og:image\" content=\"https:\/\/aliancaevangelica.pt\/site\/wp-content\/uploads\/2020\/10\/comunicado-set-2020_Prancheta-1.png\" \/>\n\t<meta property=\"og:image:width\" content=\"1480\" \/>\n\t<meta property=\"og:image:height\" content=\"609\" \/>\n\t<meta property=\"og:image:type\" content=\"image\/png\" \/>\n<meta name=\"author\" content=\"AEP\" \/>\n<meta name=\"twitter:card\" content=\"summary_large_image\" \/>\n<meta name=\"twitter:label1\" content=\"Escrito por\" \/>\n\t<meta name=\"twitter:data1\" content=\"AEP\" \/>\n\t<meta name=\"twitter:label2\" content=\"Tempo estimado de leitura\" \/>\n\t<meta name=\"twitter:data2\" content=\"2 minutos\" \/>\n<script type=\"application\/ld+json\" class=\"yoast-schema-graph\">{\"@context\":\"https:\\\/\\\/schema.org\",\"@graph\":[{\"@type\":\"Article\",\"@id\":\"https:\\\/\\\/aliancaevangelica.pt\\\/site\\\/estado-de-emergencia-como-devem-as-igrejas-atuar-nos-121-concelhos-em-confinamento\\\/#article\",\"isPartOf\":{\"@id\":\"https:\\\/\\\/aliancaevangelica.pt\\\/site\\\/estado-de-emergencia-como-devem-as-igrejas-atuar-nos-121-concelhos-em-confinamento\\\/\"},\"author\":{\"name\":\"AEP\",\"@id\":\"https:\\\/\\\/aliancaevangelica.pt\\\/site\\\/#\\\/schema\\\/person\\\/3b47cfc7535eff1e820f31c2d67eafcf\"},\"headline\":\"Estado de Emerg\u00eancia: como devem as igrejas atuar nos 191 concelhos em confinamento?\",\"datePublished\":\"2020-11-12T11:10:09+00:00\",\"dateModified\":\"2026-04-07T10:00:32+00:00\",\"mainEntityOfPage\":{\"@id\":\"https:\\\/\\\/aliancaevangelica.pt\\\/site\\\/estado-de-emergencia-como-devem-as-igrejas-atuar-nos-121-concelhos-em-confinamento\\\/\"},\"wordCount\":428,\"publisher\":{\"@id\":\"https:\\\/\\\/aliancaevangelica.pt\\\/site\\\/#organization\"},\"image\":{\"@id\":\"https:\\\/\\\/aliancaevangelica.pt\\\/site\\\/estado-de-emergencia-como-devem-as-igrejas-atuar-nos-121-concelhos-em-confinamento\\\/#primaryimage\"},\"thumbnailUrl\":\"https:\\\/\\\/aliancaevangelica.pt\\\/site\\\/wp-content\\\/uploads\\\/2020\\\/10\\\/comunicado-set-2020_Prancheta-1.png\",\"keywords\":[\"Tomadas de Posi\u00e7\u00e3o\"],\"inLanguage\":\"pt-PT\"},{\"@type\":\"WebPage\",\"@id\":\"https:\\\/\\\/aliancaevangelica.pt\\\/site\\\/estado-de-emergencia-como-devem-as-igrejas-atuar-nos-121-concelhos-em-confinamento\\\/\",\"url\":\"https:\\\/\\\/aliancaevangelica.pt\\\/site\\\/estado-de-emergencia-como-devem-as-igrejas-atuar-nos-121-concelhos-em-confinamento\\\/\",\"name\":\"Estado de Emerg\u00eancia: como devem as igrejas atuar nos 191 concelhos em confinamento? - AEP\",\"isPartOf\":{\"@id\":\"https:\\\/\\\/aliancaevangelica.pt\\\/site\\\/#website\"},\"primaryImageOfPage\":{\"@id\":\"https:\\\/\\\/aliancaevangelica.pt\\\/site\\\/estado-de-emergencia-como-devem-as-igrejas-atuar-nos-121-concelhos-em-confinamento\\\/#primaryimage\"},\"image\":{\"@id\":\"https:\\\/\\\/aliancaevangelica.pt\\\/site\\\/estado-de-emergencia-como-devem-as-igrejas-atuar-nos-121-concelhos-em-confinamento\\\/#primaryimage\"},\"thumbnailUrl\":\"https:\\\/\\\/aliancaevangelica.pt\\\/site\\\/wp-content\\\/uploads\\\/2020\\\/10\\\/comunicado-set-2020_Prancheta-1.png\",\"datePublished\":\"2020-11-12T11:10:09+00:00\",\"dateModified\":\"2026-04-07T10:00:32+00:00\",\"breadcrumb\":{\"@id\":\"https:\\\/\\\/aliancaevangelica.pt\\\/site\\\/estado-de-emergencia-como-devem-as-igrejas-atuar-nos-121-concelhos-em-confinamento\\\/#breadcrumb\"},\"inLanguage\":\"pt-PT\",\"potentialAction\":[{\"@type\":\"ReadAction\",\"target\":[\"https:\\\/\\\/aliancaevangelica.pt\\\/site\\\/estado-de-emergencia-como-devem-as-igrejas-atuar-nos-121-concelhos-em-confinamento\\\/\"]}]},{\"@type\":\"ImageObject\",\"inLanguage\":\"pt-PT\",\"@id\":\"https:\\\/\\\/aliancaevangelica.pt\\\/site\\\/estado-de-emergencia-como-devem-as-igrejas-atuar-nos-121-concelhos-em-confinamento\\\/#primaryimage\",\"url\":\"https:\\\/\\\/aliancaevangelica.pt\\\/site\\\/wp-content\\\/uploads\\\/2020\\\/10\\\/comunicado-set-2020_Prancheta-1.png\",\"contentUrl\":\"https:\\\/\\\/aliancaevangelica.pt\\\/site\\\/wp-content\\\/uploads\\\/2020\\\/10\\\/comunicado-set-2020_Prancheta-1.png\",\"width\":1480,\"height\":609},{\"@type\":\"BreadcrumbList\",\"@id\":\"https:\\\/\\\/aliancaevangelica.pt\\\/site\\\/estado-de-emergencia-como-devem-as-igrejas-atuar-nos-121-concelhos-em-confinamento\\\/#breadcrumb\",\"itemListElement\":[{\"@type\":\"ListItem\",\"position\":1,\"name\":\"In\u00edcio\",\"item\":\"https:\\\/\\\/aliancaevangelica.pt\\\/site\\\/\"},{\"@type\":\"ListItem\",\"position\":2,\"name\":\"Estado de Emerg\u00eancia: como devem as igrejas atuar nos 191 concelhos em confinamento?\"}]},{\"@type\":\"WebSite\",\"@id\":\"https:\\\/\\\/aliancaevangelica.pt\\\/site\\\/#website\",\"url\":\"https:\\\/\\\/aliancaevangelica.pt\\\/site\\\/\",\"name\":\"Alian\u00e7a Evang\u00e9lica Portuguesa\",\"description\":\"Alian\u00e7a Evang\u00e9lica Portuguesa\",\"publisher\":{\"@id\":\"https:\\\/\\\/aliancaevangelica.pt\\\/site\\\/#organization\"},\"potentialAction\":[{\"@type\":\"SearchAction\",\"target\":{\"@type\":\"EntryPoint\",\"urlTemplate\":\"https:\\\/\\\/aliancaevangelica.pt\\\/site\\\/?s={search_term_string}\"},\"query-input\":{\"@type\":\"PropertyValueSpecification\",\"valueRequired\":true,\"valueName\":\"search_term_string\"}}],\"inLanguage\":\"pt-PT\"},{\"@type\":\"Organization\",\"@id\":\"https:\\\/\\\/aliancaevangelica.pt\\\/site\\\/#organization\",\"name\":\"Alian\u00e7a Evang\u00e9lica Portuguesa\",\"url\":\"https:\\\/\\\/aliancaevangelica.pt\\\/site\\\/\",\"logo\":{\"@type\":\"ImageObject\",\"inLanguage\":\"pt-PT\",\"@id\":\"https:\\\/\\\/aliancaevangelica.pt\\\/site\\\/#\\\/schema\\\/logo\\\/image\\\/\",\"url\":\"https:\\\/\\\/aliancaevangelica.pt\\\/site\\\/wp-content\\\/uploads\\\/2017\\\/11\\\/logo-AEP-cor.png\",\"contentUrl\":\"https:\\\/\\\/aliancaevangelica.pt\\\/site\\\/wp-content\\\/uploads\\\/2017\\\/11\\\/logo-AEP-cor.png\",\"width\":1156,\"height\":672,\"caption\":\"Alian\u00e7a Evang\u00e9lica Portuguesa\"},\"image\":{\"@id\":\"https:\\\/\\\/aliancaevangelica.pt\\\/site\\\/#\\\/schema\\\/logo\\\/image\\\/\"},\"sameAs\":[\"http:\\\/\\\/facebook.com\\\/aeportuguesa\",\"http:\\\/\\\/instagram.com\\\/aliancaep\",\"http:\\\/\\\/youtube.com\\\/aeportuguesa\"]},{\"@type\":\"Person\",\"@id\":\"https:\\\/\\\/aliancaevangelica.pt\\\/site\\\/#\\\/schema\\\/person\\\/3b47cfc7535eff1e820f31c2d67eafcf\",\"name\":\"AEP\",\"sameAs\":[\"aeportugal\"],\"url\":\"https:\\\/\\\/aliancaevangelica.pt\\\/site\\\/author\\\/aeportugal\\\/\"}]}<\/script>\n<!-- \/ Yoast SEO plugin. -->","yoast_head_json":{"title":"Estado de Emerg\u00eancia: como devem as igrejas atuar nos 191 concelhos em confinamento? - AEP","robots":{"index":"index","follow":"follow","max-snippet":"max-snippet:-1","max-image-preview":"max-image-preview:large","max-video-preview":"max-video-preview:-1"},"canonical":"https:\/\/aliancaevangelica.pt\/site\/estado-de-emergencia-como-devem-as-igrejas-atuar-nos-121-concelhos-em-confinamento\/","og_locale":"pt_PT","og_type":"article","og_title":"Estado de Emerg\u00eancia: como devem as igrejas atuar nos 191 concelhos em confinamento? - AEP","og_description":"Na passada segunda-feira, dia 9 de novembro 2020, o pa\u00eds passou do estado de calamidade, para o estado de emerg\u00eancia com medidas de restri\u00e7\u00e3o mais apertadas, conforme j\u00e1 anunciado pelo Presidente da R\u00e9publica e pelo Governo. No que diz respeito aos nossos cultos presenciais, dever\u00e3o ser realizados fora do per\u00edodo de confinamento, ou seja, durante","og_url":"https:\/\/aliancaevangelica.pt\/site\/estado-de-emergencia-como-devem-as-igrejas-atuar-nos-121-concelhos-em-confinamento\/","og_site_name":"AEP","article_publisher":"http:\/\/facebook.com\/aeportuguesa","article_author":"aeportugal","article_published_time":"2020-11-12T11:10:09+00:00","article_modified_time":"2026-04-07T10:00:32+00:00","og_image":[{"width":1480,"height":609,"url":"https:\/\/aliancaevangelica.pt\/site\/wp-content\/uploads\/2020\/10\/comunicado-set-2020_Prancheta-1.png","type":"image\/png"}],"author":"AEP","twitter_card":"summary_large_image","twitter_misc":{"Escrito por":"AEP","Tempo estimado de leitura":"2 minutos"},"schema":{"@context":"https:\/\/schema.org","@graph":[{"@type":"Article","@id":"https:\/\/aliancaevangelica.pt\/site\/estado-de-emergencia-como-devem-as-igrejas-atuar-nos-121-concelhos-em-confinamento\/#article","isPartOf":{"@id":"https:\/\/aliancaevangelica.pt\/site\/estado-de-emergencia-como-devem-as-igrejas-atuar-nos-121-concelhos-em-confinamento\/"},"author":{"name":"AEP","@id":"https:\/\/aliancaevangelica.pt\/site\/#\/schema\/person\/3b47cfc7535eff1e820f31c2d67eafcf"},"headline":"Estado de Emerg\u00eancia: como devem as igrejas atuar nos 191 concelhos em confinamento?","datePublished":"2020-11-12T11:10:09+00:00","dateModified":"2026-04-07T10:00:32+00:00","mainEntityOfPage":{"@id":"https:\/\/aliancaevangelica.pt\/site\/estado-de-emergencia-como-devem-as-igrejas-atuar-nos-121-concelhos-em-confinamento\/"},"wordCount":428,"publisher":{"@id":"https:\/\/aliancaevangelica.pt\/site\/#organization"},"image":{"@id":"https:\/\/aliancaevangelica.pt\/site\/estado-de-emergencia-como-devem-as-igrejas-atuar-nos-121-concelhos-em-confinamento\/#primaryimage"},"thumbnailUrl":"https:\/\/aliancaevangelica.pt\/site\/wp-content\/uploads\/2020\/10\/comunicado-set-2020_Prancheta-1.png","keywords":["Tomadas de Posi\u00e7\u00e3o"],"inLanguage":"pt-PT"},{"@type":"WebPage","@id":"https:\/\/aliancaevangelica.pt\/site\/estado-de-emergencia-como-devem-as-igrejas-atuar-nos-121-concelhos-em-confinamento\/","url":"https:\/\/aliancaevangelica.pt\/site\/estado-de-emergencia-como-devem-as-igrejas-atuar-nos-121-concelhos-em-confinamento\/","name":"Estado de Emerg\u00eancia: como devem as igrejas atuar nos 191 concelhos em confinamento? - AEP","isPartOf":{"@id":"https:\/\/aliancaevangelica.pt\/site\/#website"},"primaryImageOfPage":{"@id":"https:\/\/aliancaevangelica.pt\/site\/estado-de-emergencia-como-devem-as-igrejas-atuar-nos-121-concelhos-em-confinamento\/#primaryimage"},"image":{"@id":"https:\/\/aliancaevangelica.pt\/site\/estado-de-emergencia-como-devem-as-igrejas-atuar-nos-121-concelhos-em-confinamento\/#primaryimage"},"thumbnailUrl":"https:\/\/aliancaevangelica.pt\/site\/wp-content\/uploads\/2020\/10\/comunicado-set-2020_Prancheta-1.png","datePublished":"2020-11-12T11:10:09+00:00","dateModified":"2026-04-07T10:00:32+00:00","breadcrumb":{"@id":"https:\/\/aliancaevangelica.pt\/site\/estado-de-emergencia-como-devem-as-igrejas-atuar-nos-121-concelhos-em-confinamento\/#breadcrumb"},"inLanguage":"pt-PT","potentialAction":[{"@type":"ReadAction","target":["https:\/\/aliancaevangelica.pt\/site\/estado-de-emergencia-como-devem-as-igrejas-atuar-nos-121-concelhos-em-confinamento\/"]}]},{"@type":"ImageObject","inLanguage":"pt-PT","@id":"https:\/\/aliancaevangelica.pt\/site\/estado-de-emergencia-como-devem-as-igrejas-atuar-nos-121-concelhos-em-confinamento\/#primaryimage","url":"https:\/\/aliancaevangelica.pt\/site\/wp-content\/uploads\/2020\/10\/comunicado-set-2020_Prancheta-1.png","contentUrl":"https:\/\/aliancaevangelica.pt\/site\/wp-content\/uploads\/2020\/10\/comunicado-set-2020_Prancheta-1.png","width":1480,"height":609},{"@type":"BreadcrumbList","@id":"https:\/\/aliancaevangelica.pt\/site\/estado-de-emergencia-como-devem-as-igrejas-atuar-nos-121-concelhos-em-confinamento\/#breadcrumb","itemListElement":[{"@type":"ListItem","position":1,"name":"In\u00edcio","item":"https:\/\/aliancaevangelica.pt\/site\/"},{"@type":"ListItem","position":2,"name":"Estado de Emerg\u00eancia: como devem as igrejas atuar nos 191 concelhos em confinamento?"}]},{"@type":"WebSite","@id":"https:\/\/aliancaevangelica.pt\/site\/#website","url":"https:\/\/aliancaevangelica.pt\/site\/","name":"Alian\u00e7a Evang\u00e9lica Portuguesa","description":"Alian\u00e7a Evang\u00e9lica Portuguesa","publisher":{"@id":"https:\/\/aliancaevangelica.pt\/site\/#organization"},"potentialAction":[{"@type":"SearchAction","target":{"@type":"EntryPoint","urlTemplate":"https:\/\/aliancaevangelica.pt\/site\/?s={search_term_string}"},"query-input":{"@type":"PropertyValueSpecification","valueRequired":true,"valueName":"search_term_string"}}],"inLanguage":"pt-PT"},{"@type":"Organization","@id":"https:\/\/aliancaevangelica.pt\/site\/#organization","name":"Alian\u00e7a Evang\u00e9lica Portuguesa","url":"https:\/\/aliancaevangelica.pt\/site\/","logo":{"@type":"ImageObject","inLanguage":"pt-PT","@id":"https:\/\/aliancaevangelica.pt\/site\/#\/schema\/logo\/image\/","url":"https:\/\/aliancaevangelica.pt\/site\/wp-content\/uploads\/2017\/11\/logo-AEP-cor.png","contentUrl":"https:\/\/aliancaevangelica.pt\/site\/wp-content\/uploads\/2017\/11\/logo-AEP-cor.png","width":1156,"height":672,"caption":"Alian\u00e7a Evang\u00e9lica Portuguesa"},"image":{"@id":"https:\/\/aliancaevangelica.pt\/site\/#\/schema\/logo\/image\/"},"sameAs":["http:\/\/facebook.com\/aeportuguesa","http:\/\/instagram.com\/aliancaep","http:\/\/youtube.com\/aeportuguesa"]},{"@type":"Person","@id":"https:\/\/aliancaevangelica.pt\/site\/#\/schema\/person\/3b47cfc7535eff1e820f31c2d67eafcf","name":"AEP","sameAs":["aeportugal"],"url":"https:\/\/aliancaevangelica.pt\/site\/author\/aeportugal\/"}]}},"uagb_featured_image_src":{"full":["https:\/\/aliancaevangelica.pt\/site\/wp-content\/uploads\/2020\/10\/comunicado-set-2020_Prancheta-1.png",1480,609,false],"thumbnail":["https:\/\/aliancaevangelica.pt\/site\/wp-content\/uploads\/2020\/10\/comunicado-set-2020_Prancheta-1-150x150.png",150,150,true],"medium":["https:\/\/aliancaevangelica.pt\/site\/wp-content\/uploads\/2020\/10\/comunicado-set-2020_Prancheta-1-300x123.png",300,123,true],"medium_large":["https:\/\/aliancaevangelica.pt\/site\/wp-content\/uploads\/2020\/10\/comunicado-set-2020_Prancheta-1-768x316.png",768,316,true],"large":["https:\/\/aliancaevangelica.pt\/site\/wp-content\/uploads\/2020\/10\/comunicado-set-2020_Prancheta-1-1024x421.png",960,395,true],"1536x1536":["https:\/\/aliancaevangelica.pt\/site\/wp-content\/uploads\/2020\/10\/comunicado-set-2020_Prancheta-1.png",1480,609,false],"2048x2048":["https:\/\/aliancaevangelica.pt\/site\/wp-content\/uploads\/2020\/10\/comunicado-set-2020_Prancheta-1.png",1480,609,false],"vp_sm":["https:\/\/aliancaevangelica.pt\/site\/wp-content\/uploads\/2020\/10\/comunicado-set-2020_Prancheta-1.png",500,206,false],"vp_md":["https:\/\/aliancaevangelica.pt\/site\/wp-content\/uploads\/2020\/10\/comunicado-set-2020_Prancheta-1.png",800,329,false],"vp_lg":["https:\/\/aliancaevangelica.pt\/site\/wp-content\/uploads\/2020\/10\/comunicado-set-2020_Prancheta-1.png",1280,527,false],"vp_xl":["https:\/\/aliancaevangelica.pt\/site\/wp-content\/uploads\/2020\/10\/comunicado-set-2020_Prancheta-1.png",1480,609,false],"vp_sm_popup":["https:\/\/aliancaevangelica.pt\/site\/wp-content\/uploads\/2020\/10\/comunicado-set-2020_Prancheta-1.png",500,206,false],"vp_md_popup":["https:\/\/aliancaevangelica.pt\/site\/wp-content\/uploads\/2020\/10\/comunicado-set-2020_Prancheta-1.png",800,329,false],"vp_xl_popup":["https:\/\/aliancaevangelica.pt\/site\/wp-content\/uploads\/2020\/10\/comunicado-set-2020_Prancheta-1.png",1480,609,false],"newsx-150x100":["https:\/\/aliancaevangelica.pt\/site\/wp-content\/uploads\/2020\/10\/comunicado-set-2020_Prancheta-1.png",150,62,false],"newsx-330x220":["https:\/\/aliancaevangelica.pt\/site\/wp-content\/uploads\/2020\/10\/comunicado-set-2020_Prancheta-1.png",330,136,false],"newsx-420x280":["https:\/\/aliancaevangelica.pt\/site\/wp-content\/uploads\/2020\/10\/comunicado-set-2020_Prancheta-1.png",420,173,false],"newsx-510x340":["https:\/\/aliancaevangelica.pt\/site\/wp-content\/uploads\/2020\/10\/comunicado-set-2020_Prancheta-1.png",510,210,false],"newsx-640x480":["https:\/\/aliancaevangelica.pt\/site\/wp-content\/uploads\/2020\/10\/comunicado-set-2020_Prancheta-1.png",640,263,false],"newsx-670x370":["https:\/\/aliancaevangelica.pt\/site\/wp-content\/uploads\/2020\/10\/comunicado-set-2020_Prancheta-1.png",670,276,false],"newsx-860x570":["https:\/\/aliancaevangelica.pt\/site\/wp-content\/uploads\/2020\/10\/comunicado-set-2020_Prancheta-1.png",860,354,false],"newsx-1000x750":["https:\/\/aliancaevangelica.pt\/site\/wp-content\/uploads\/2020\/10\/comunicado-set-2020_Prancheta-1.png",1000,411,false],"newsx-1200x600":["https:\/\/aliancaevangelica.pt\/site\/wp-content\/uploads\/2020\/10\/comunicado-set-2020_Prancheta-1.png",1200,494,false]},"uagb_author_info":{"display_name":"AEP","author_link":"https:\/\/aliancaevangelica.pt\/site\/author\/aeportugal\/"},"uagb_comment_info":0,"uagb_excerpt":"Na passada segunda-feira, dia 9 de novembro 2020, o pa\u00eds passou do estado de calamidade, para o estado de emerg\u00eancia com medidas de restri\u00e7\u00e3o mais apertadas, conforme j\u00e1 anunciado pelo Presidente da R\u00e9publica e pelo Governo. No que diz respeito aos nossos cultos presenciais, dever\u00e3o ser realizados fora do per\u00edodo de confinamento, ou seja, durante","_links":{"self":[{"href":"https:\/\/aliancaevangelica.pt\/site\/wp-json\/wp\/v2\/posts\/18534","targetHints":{"allow":["GET"]}}],"collection":[{"href":"https:\/\/aliancaevangelica.pt\/site\/wp-json\/wp\/v2\/posts"}],"about":[{"href":"https:\/\/aliancaevangelica.pt\/site\/wp-json\/wp\/v2\/types\/post"}],"author":[{"embeddable":true,"href":"https:\/\/aliancaevangelica.pt\/site\/wp-json\/wp\/v2\/users\/2"}],"replies":[{"embeddable":true,"href":"https:\/\/aliancaevangelica.pt\/site\/wp-json\/wp\/v2\/comments?post=18534"}],"version-history":[{"count":3,"href":"https:\/\/aliancaevangelica.pt\/site\/wp-json\/wp\/v2\/posts\/18534\/revisions"}],"predecessor-version":[{"id":18537,"href":"https:\/\/aliancaevangelica.pt\/site\/wp-json\/wp\/v2\/posts\/18534\/revisions\/18537"}],"wp:featuredmedia":[{"embeddable":true,"href":"https:\/\/aliancaevangelica.pt\/site\/wp-json\/wp\/v2\/media\/18488"}],"wp:attachment":[{"href":"https:\/\/aliancaevangelica.pt\/site\/wp-json\/wp\/v2\/media?parent=18534"}],"wp:term":[{"taxonomy":"category","embeddable":true,"href":"https:\/\/aliancaevangelica.pt\/site\/wp-json\/wp\/v2\/categories?post=18534"},{"taxonomy":"post_tag","embeddable":true,"href":"https:\/\/aliancaevangelica.pt\/site\/wp-json\/wp\/v2\/tags?post=18534"}],"curies":[{"name":"wp","href":"https:\/\/api.w.org\/{rel}","templated":true}]}}