{"id":18528,"date":"2020-11-13T09:00:57","date_gmt":"2020-11-13T09:00:57","guid":{"rendered":"https:\/\/aliancaevangelica.pt\/site\/?p=18528"},"modified":"2020-11-10T13:17:34","modified_gmt":"2020-11-10T13:17:34","slug":"no-tempo-certo","status":"publish","type":"post","link":"https:\/\/aliancaevangelica.pt\/site\/no-tempo-certo\/","title":{"rendered":"NO TEMPO CERTO\u2026"},"content":{"rendered":"<p class=\"p1\">\n<p class=\"p1\"><span class=\"s1\">Escreve o s\u00e1bio no livro de Eclesiastes (3:1,2): \u201cTudo tem o seu tempo determinado e h\u00e1 tempo para todo o prop\u00f3sito debaixo do c\u00e9u. H\u00e1 tempo de nascer e tempo de morrer; tempo de plantar e tempo de arrancar o que se plantou\u2026\u201d<\/span><\/p>\n<p class=\"p1\"><span class=\"s1\"> Estou, neste momento, debaixo de um castanheiro. \u00c9 Outubro e os ouri\u00e7os come\u00e7aram a abrir, libertando o seu fruto para a terra. H\u00e1 dias que andamos a apanhar castanhas e, este ano, s\u00e3o boas! N\u00e3o posso deixar de pensar no ciclo anual destes castanheiros. Os da Quinta da Bela-Vista t\u00eam dezenas de anos e n\u00e3o passam despercebidos. S\u00e3o, como ali\u00e1s as outras \u00e1rvores de fruto tamb\u00e9m, um bom lembrete das esta\u00e7\u00f5es da nossa pr\u00f3pria vida.<\/span><\/p>\n<p class=\"p1\"><span class=\"s1\"> H\u00e1 tantas li\u00e7\u00f5es que podemos tirar da natureza. O Salmo 19 recorda-nos que Deus se revela a n\u00f3s atrav\u00e9s da Sua Cria\u00e7\u00e3o, bem como da Sua Palavra. Acredito que, tal como quando meditamos nas Escrituras, se estivermos atentos aos ritmos pr\u00f3prios do mundo natural, conheceremos melhor a vontade de Deus para as nossas vidas.<\/span><\/p>\n<p class=\"p1\"><span class=\"s1\"> No entanto, aquilo que me apanhou enquanto eu apanhava m\u00e3os cheias de castanhas, foi algo particular. \u00c9 que se eu tivesse querido \u201ccolh\u00ea-las\u201d h\u00e1 uns meses, teria ficado bem frustrada. As \u00e1rvores at\u00e9 poderiam estar cheias de folhagem \u2013 \u00f3timas para fazermos um piquenique \u00e0 sua sombra \u2013 mas n\u00e3o se encontraria nenhuma castanha. Se eu tivesse tentado arranc\u00e1-las h\u00e1 umas semanas, quando as comecei a vislumbrar dentro dos ouri\u00e7os, ter-me-ia picado toda. Mesmo que conseguisse tirar uma ou outra, elas n\u00e3o estariam ainda amadurecidas e n\u00e3o teriam valor.<\/span><\/p>\n<p class=\"p1\"><span class=\"s1\"> Hoje, de joelhos no ch\u00e3o, eu apanho castanhas em quantidade. Est\u00e3o sempre a cair e eu s\u00f3 tenho de estender o bra\u00e7o para alcan\u00e7ar mais algumas. \u00c9 o tempo certo, o tempo determinado para a castanha. \u00c9 o tempo da colheita e, como estas \u00e1rvores j\u00e1 t\u00eam uma certa idade e os seus ramos se estendem em todas as dire\u00e7\u00f5es, a colheita \u00e9 abundante. Gra\u00e7as a ela, muitos se saciar\u00e3o.<\/span><\/p>\n<p class=\"p1\"><span class=\"s1\"> N\u00e3o sou bi\u00f3loga e, portanto, n\u00e3o devo arriscar muito na compara\u00e7\u00e3o. Contudo, daquilo que vou observando, entre uma colheita e outra h\u00e1 todo um tempo, um curso, um crescendo. Em breve, as folhas mudar\u00e3o de cor e logo come\u00e7ar\u00e3o a cair at\u00e9 que o castanheiro fique completamente despido. Parecer\u00e1 mais vulner\u00e1vel mas, na realidade, est\u00e1 cheio de reservas. \u00c9 por isso que no inverno a \u00e1rvore consegue fazer face a uma boa poda. E a poda vai ajudar a eliminar os ramos doentes ou infrut\u00edferos, vai deixar que a luz e o ar entrem no interior da copa e vai potenciar o vigor da planta. A poda \u00e9 sempre dolorosa, implica corte, separa\u00e7\u00e3o\u2026 Mas \u00e9 t\u00e3o necess\u00e1ria para que haja fruto na esta\u00e7\u00e3o pr\u00f3pria. E, efetivamente, esta aparente hiberna\u00e7\u00e3o da \u00e1rvore, nua e amputada, \u00e9 sempre prel\u00fadio para uma \u00e9poca de crescimento, de florescimento e de amadurecimento.<\/span><\/p>\n<p class=\"p1\"><span class=\"s1\"> Como mulheres deste mil\u00e9nio, sentimos que temos que estar sempre em modo de produ\u00e7\u00e3o, n\u00e3o \u00e9? Temos que estar sempre a dar fruto, se n\u00e3o no lar, no emprego ou noutras atividades em que nos metemos (ou nos metem a n\u00f3s). O tempo passa a correr e parece que nenhuma esta\u00e7\u00e3o da nossa vida \u00e9 dedicada apenas a uma coisa. Somos mulheres e at\u00e9 nos orgulhamos de sermos <i>multitasking <\/i>(capazes de fazer v\u00e1rias tarefas ao mesmo tempo).<\/span><\/p>\n<p class=\"p1\"><span class=\"s1\"> N\u00e3o tenho d\u00favidas acerca da nossa capacidade <i>sobre-natural<\/i>. Vejo \u00e0 minha volta tantos exemplos de coragem, for\u00e7a e resili\u00eancia verdadeiramente inspiradores de mulheres comuns, que todos os dias v\u00e3o \u00e0 luta apesar de circunst\u00e2ncias adversas; que se desdobram para que n\u00e3o falte nada aos seus; que talvez andem de joelhos em casa, mas que quando saem pela porta fora, caminham erguidas.<\/span><\/p>\n<p class=\"p1\"><span class=\"s1\"> A vida tamb\u00e9m \u00e9 feita de momentos menos bons, tempos de luto, de choro, de aus\u00eancia de abra\u00e7os, de perda (Ecles. 3:2-8); tempos como o que vivemos hoje. Mas saibamos reconhecer que tamb\u00e9m esses n\u00e3o s\u00e3o tempos perdidos ou est\u00e9reis. Nas podas, at\u00e9 o que \u00e9 deitado fora pode servir para nutrir a terra e a tornar mais rica. O que cada uma de n\u00f3s deve procurar responder \u00e9: Quem sou eu realmente? Onde tenho firmado as minhas ra\u00edzes? Em que esta\u00e7\u00e3o da vida estou? Que frutos posso eu oferecer?<\/span><\/p>\n<p class=\"p1\"><span class=\"s1\"> \u00c9 saud\u00e1vel que levantemos o p\u00e9 do acelerador, de vez em quando, e abrandemos.<span class=\"Apple-converted-space\">\u00a0 <\/span>\u00c9 crucial que encontremos espa\u00e7o nas nossas vidas para nos aquietarmos. Desligarmos o nosso modo autom\u00e1tico (e outras coisas talvez) e pararmos para refletir. Temos de cuidar de n\u00f3s e, quem sabe, deixar que de n\u00f3s cuidem tamb\u00e9m. O nosso Pai, melhor que ningu\u00e9m, sabe como faz\u00ea-lo. Curiosamente, Jesus identificou-O como um agricultor, que nutre, que corta, que poda, que d\u00e1 o crescimento. E a Si pr\u00f3prio como a videira, na qual n\u00f3s temos de permanecer para dar fruto (Jo. 15:1ss).<\/span><\/p>\n<p class=\"p1\"><span class=\"s1\"> Sabem que mais? Ao contr\u00e1rio do que se diz por a\u00ed, n\u00e3o temos de viver como se s\u00f3 tiv\u00e9ssemos esta vida. Como nos diz o autor do Eclesiastes, depois de ter afirmado que h\u00e1 um tempo certo e bom para quase tudo, \u201cDeus p\u00f4s a eternidade no cora\u00e7\u00e3o dos homens\u201d (3:11). Devemos pois aprender a viver da perspetiva da eternidade e n\u00e3o com a urg\u00eancia de quem s\u00f3 tem esta vida. Acredito que \u00e0 medida que vamos vivendo dessa forma, vamos tendo mais tempo. Com o calend\u00e1rio da eternidade em mente, vamos apreciando melhor cada momento e cada esta\u00e7\u00e3o na nossa vida e na vida dos outros. Deixamos de estar ansiosas, querendo passar o mais rapidamente para a fase ou para o patamar seguinte do nosso percurso pessoal ou profissional. Ficamos mais atentas \u00e0 obra de Deus nas nossas vidas.<\/span><\/p>\n<p class=\"p1\"><span class=\"s1\"> Na realidade, se como diz Paulo aos Filipenses, Deus aperfei\u00e7oar\u00e1 a obra que em n\u00f3s come\u00e7ou, ent\u00e3o podemos descansar da nossa busca incessante de produtividade e perfei\u00e7\u00e3o. No que me toca, \u00e9 bom saber que tenho a eternidade para me realizar e completar enquanto pessoa. Se fosse um alvo para esta vida apenas, estaria j\u00e1 muito atrasada\u2026<\/span><\/p>\n<p class=\"p1\"><span class=\"s1\"> Vem a\u00ed o inverno e os nossos castanheiros v\u00e3o passar v\u00e1rios meses despidos. Ningu\u00e9m espera que deem fruto ou sombra sequer. Por ora, basta que permane\u00e7am bem enraizados na terra e com seus ramos estendidos para o c\u00e9u.<\/span><\/p>\n<p>&nbsp;<\/p>\n<p>[movedo_single_image image=&#8221;18529&#8243; animation=&#8221;grve-zoom-in&#8221;]Marta Pego e Pinto<\/p>\n<p class=\"p1\"><span class=\"s1\">Mission\u00e1ria de Agape Portugal. Vive com a fam\u00edlia n\u2019O Ref\u00fagio, Penafiel.<\/span> <\/p>\n","protected":false},"excerpt":{"rendered":"<p>Escreve o s\u00e1bio no livro de Eclesiastes (3:1,2): \u201cTudo tem o seu tempo determinado e h\u00e1 tempo para todo o prop\u00f3sito debaixo do c\u00e9u. H\u00e1 tempo de nascer e tempo de morrer; tempo de plantar e tempo de arrancar o que se plantou\u2026\u201d Estou, neste momento, debaixo de um castanheiro. \u00c9 Outubro e os ouri\u00e7os<\/p>\n","protected":false},"author":2,"featured_media":18532,"comment_status":"open","ping_status":"open","sticky":false,"template":"","format":"standard","meta":{"_uag_custom_page_level_css":"","_themeisle_gutenberg_block_has_review":false,"_vp_format_video_url":"","_vp_image_focal_point":[],"footnotes":""},"categories":[45,47],"tags":[],"class_list":["post-18528","post","type-post","status-publish","format-standard","has-post-thumbnail","hentry","category-geral","category-mulheres-casais-e-familia"],"yoast_head":"<!-- This site is optimized with the Yoast SEO plugin v27.5 - https:\/\/yoast.com\/product\/yoast-seo-wordpress\/ -->\n<title>NO TEMPO CERTO\u2026 - AEP<\/title>\n<meta name=\"robots\" content=\"index, follow, max-snippet:-1, max-image-preview:large, max-video-preview:-1\" \/>\n<link rel=\"canonical\" href=\"https:\/\/aliancaevangelica.pt\/site\/no-tempo-certo\/\" \/>\n<meta property=\"og:locale\" content=\"pt_PT\" \/>\n<meta property=\"og:type\" content=\"article\" \/>\n<meta property=\"og:title\" content=\"NO TEMPO CERTO\u2026 - AEP\" \/>\n<meta property=\"og:description\" content=\"Escreve o s\u00e1bio no livro de Eclesiastes (3:1,2): \u201cTudo tem o seu tempo determinado e h\u00e1 tempo para todo o prop\u00f3sito debaixo do c\u00e9u. H\u00e1 tempo de nascer e tempo de morrer; tempo de plantar e tempo de arrancar o que se plantou\u2026\u201d Estou, neste momento, debaixo de um castanheiro. \u00c9 Outubro e os ouri\u00e7os\" \/>\n<meta property=\"og:url\" content=\"https:\/\/aliancaevangelica.pt\/site\/no-tempo-certo\/\" \/>\n<meta property=\"og:site_name\" content=\"AEP\" \/>\n<meta property=\"article:publisher\" content=\"http:\/\/facebook.com\/aeportuguesa\" \/>\n<meta property=\"article:author\" content=\"aeportugal\" \/>\n<meta property=\"article:published_time\" content=\"2020-11-13T09:00:57+00:00\" \/>\n<meta property=\"og:image\" content=\"https:\/\/aliancaevangelica.pt\/site\/wp-content\/uploads\/2020\/11\/Castanheiro-Outono.jpg\" \/>\n\t<meta property=\"og:image:width\" content=\"2560\" \/>\n\t<meta property=\"og:image:height\" content=\"1536\" \/>\n\t<meta property=\"og:image:type\" content=\"image\/jpeg\" \/>\n<meta name=\"author\" content=\"AEP\" \/>\n<meta name=\"twitter:card\" content=\"summary_large_image\" \/>\n<meta name=\"twitter:label1\" content=\"Escrito por\" \/>\n\t<meta name=\"twitter:data1\" content=\"AEP\" \/>\n\t<meta name=\"twitter:label2\" content=\"Tempo estimado de leitura\" \/>\n\t<meta name=\"twitter:data2\" content=\"6 minutos\" \/>\n<script type=\"application\/ld+json\" class=\"yoast-schema-graph\">{\"@context\":\"https:\\\/\\\/schema.org\",\"@graph\":[{\"@type\":\"Article\",\"@id\":\"https:\\\/\\\/aliancaevangelica.pt\\\/site\\\/no-tempo-certo\\\/#article\",\"isPartOf\":{\"@id\":\"https:\\\/\\\/aliancaevangelica.pt\\\/site\\\/no-tempo-certo\\\/\"},\"author\":{\"name\":\"AEP\",\"@id\":\"https:\\\/\\\/aliancaevangelica.pt\\\/site\\\/#\\\/schema\\\/person\\\/3b47cfc7535eff1e820f31c2d67eafcf\"},\"headline\":\"NO TEMPO CERTO\u2026\",\"datePublished\":\"2020-11-13T09:00:57+00:00\",\"mainEntityOfPage\":{\"@id\":\"https:\\\/\\\/aliancaevangelica.pt\\\/site\\\/no-tempo-certo\\\/\"},\"wordCount\":1141,\"commentCount\":0,\"publisher\":{\"@id\":\"https:\\\/\\\/aliancaevangelica.pt\\\/site\\\/#organization\"},\"image\":{\"@id\":\"https:\\\/\\\/aliancaevangelica.pt\\\/site\\\/no-tempo-certo\\\/#primaryimage\"},\"thumbnailUrl\":\"https:\\\/\\\/aliancaevangelica.pt\\\/site\\\/wp-content\\\/uploads\\\/2020\\\/11\\\/Castanheiro-Outono.jpg\",\"articleSection\":[\"1-Geral\",\"MULHERES, CASAIS E FAM\u00cdLIA\"],\"inLanguage\":\"pt-PT\",\"potentialAction\":[{\"@type\":\"CommentAction\",\"name\":\"Comment\",\"target\":[\"https:\\\/\\\/aliancaevangelica.pt\\\/site\\\/no-tempo-certo\\\/#respond\"]}]},{\"@type\":\"WebPage\",\"@id\":\"https:\\\/\\\/aliancaevangelica.pt\\\/site\\\/no-tempo-certo\\\/\",\"url\":\"https:\\\/\\\/aliancaevangelica.pt\\\/site\\\/no-tempo-certo\\\/\",\"name\":\"NO TEMPO CERTO\u2026 - AEP\",\"isPartOf\":{\"@id\":\"https:\\\/\\\/aliancaevangelica.pt\\\/site\\\/#website\"},\"primaryImageOfPage\":{\"@id\":\"https:\\\/\\\/aliancaevangelica.pt\\\/site\\\/no-tempo-certo\\\/#primaryimage\"},\"image\":{\"@id\":\"https:\\\/\\\/aliancaevangelica.pt\\\/site\\\/no-tempo-certo\\\/#primaryimage\"},\"thumbnailUrl\":\"https:\\\/\\\/aliancaevangelica.pt\\\/site\\\/wp-content\\\/uploads\\\/2020\\\/11\\\/Castanheiro-Outono.jpg\",\"datePublished\":\"2020-11-13T09:00:57+00:00\",\"breadcrumb\":{\"@id\":\"https:\\\/\\\/aliancaevangelica.pt\\\/site\\\/no-tempo-certo\\\/#breadcrumb\"},\"inLanguage\":\"pt-PT\",\"potentialAction\":[{\"@type\":\"ReadAction\",\"target\":[\"https:\\\/\\\/aliancaevangelica.pt\\\/site\\\/no-tempo-certo\\\/\"]}]},{\"@type\":\"ImageObject\",\"inLanguage\":\"pt-PT\",\"@id\":\"https:\\\/\\\/aliancaevangelica.pt\\\/site\\\/no-tempo-certo\\\/#primaryimage\",\"url\":\"https:\\\/\\\/aliancaevangelica.pt\\\/site\\\/wp-content\\\/uploads\\\/2020\\\/11\\\/Castanheiro-Outono.jpg\",\"contentUrl\":\"https:\\\/\\\/aliancaevangelica.pt\\\/site\\\/wp-content\\\/uploads\\\/2020\\\/11\\\/Castanheiro-Outono.jpg\",\"width\":2560,\"height\":1536},{\"@type\":\"BreadcrumbList\",\"@id\":\"https:\\\/\\\/aliancaevangelica.pt\\\/site\\\/no-tempo-certo\\\/#breadcrumb\",\"itemListElement\":[{\"@type\":\"ListItem\",\"position\":1,\"name\":\"In\u00edcio\",\"item\":\"https:\\\/\\\/aliancaevangelica.pt\\\/site\\\/\"},{\"@type\":\"ListItem\",\"position\":2,\"name\":\"NO TEMPO CERTO\u2026\"}]},{\"@type\":\"WebSite\",\"@id\":\"https:\\\/\\\/aliancaevangelica.pt\\\/site\\\/#website\",\"url\":\"https:\\\/\\\/aliancaevangelica.pt\\\/site\\\/\",\"name\":\"Alian\u00e7a Evang\u00e9lica Portuguesa\",\"description\":\"Alian\u00e7a Evang\u00e9lica Portuguesa\",\"publisher\":{\"@id\":\"https:\\\/\\\/aliancaevangelica.pt\\\/site\\\/#organization\"},\"potentialAction\":[{\"@type\":\"SearchAction\",\"target\":{\"@type\":\"EntryPoint\",\"urlTemplate\":\"https:\\\/\\\/aliancaevangelica.pt\\\/site\\\/?s={search_term_string}\"},\"query-input\":{\"@type\":\"PropertyValueSpecification\",\"valueRequired\":true,\"valueName\":\"search_term_string\"}}],\"inLanguage\":\"pt-PT\"},{\"@type\":\"Organization\",\"@id\":\"https:\\\/\\\/aliancaevangelica.pt\\\/site\\\/#organization\",\"name\":\"Alian\u00e7a Evang\u00e9lica Portuguesa\",\"url\":\"https:\\\/\\\/aliancaevangelica.pt\\\/site\\\/\",\"logo\":{\"@type\":\"ImageObject\",\"inLanguage\":\"pt-PT\",\"@id\":\"https:\\\/\\\/aliancaevangelica.pt\\\/site\\\/#\\\/schema\\\/logo\\\/image\\\/\",\"url\":\"https:\\\/\\\/aliancaevangelica.pt\\\/site\\\/wp-content\\\/uploads\\\/2017\\\/11\\\/logo-AEP-cor.png\",\"contentUrl\":\"https:\\\/\\\/aliancaevangelica.pt\\\/site\\\/wp-content\\\/uploads\\\/2017\\\/11\\\/logo-AEP-cor.png\",\"width\":1156,\"height\":672,\"caption\":\"Alian\u00e7a Evang\u00e9lica Portuguesa\"},\"image\":{\"@id\":\"https:\\\/\\\/aliancaevangelica.pt\\\/site\\\/#\\\/schema\\\/logo\\\/image\\\/\"},\"sameAs\":[\"http:\\\/\\\/facebook.com\\\/aeportuguesa\",\"http:\\\/\\\/instagram.com\\\/aliancaep\",\"http:\\\/\\\/youtube.com\\\/aeportuguesa\"]},{\"@type\":\"Person\",\"@id\":\"https:\\\/\\\/aliancaevangelica.pt\\\/site\\\/#\\\/schema\\\/person\\\/3b47cfc7535eff1e820f31c2d67eafcf\",\"name\":\"AEP\",\"sameAs\":[\"aeportugal\"],\"url\":\"https:\\\/\\\/aliancaevangelica.pt\\\/site\\\/author\\\/aeportugal\\\/\"}]}<\/script>\n<!-- \/ Yoast SEO plugin. -->","yoast_head_json":{"title":"NO TEMPO CERTO\u2026 - AEP","robots":{"index":"index","follow":"follow","max-snippet":"max-snippet:-1","max-image-preview":"max-image-preview:large","max-video-preview":"max-video-preview:-1"},"canonical":"https:\/\/aliancaevangelica.pt\/site\/no-tempo-certo\/","og_locale":"pt_PT","og_type":"article","og_title":"NO TEMPO CERTO\u2026 - AEP","og_description":"Escreve o s\u00e1bio no livro de Eclesiastes (3:1,2): \u201cTudo tem o seu tempo determinado e h\u00e1 tempo para todo o prop\u00f3sito debaixo do c\u00e9u. H\u00e1 tempo de nascer e tempo de morrer; tempo de plantar e tempo de arrancar o que se plantou\u2026\u201d Estou, neste momento, debaixo de um castanheiro. \u00c9 Outubro e os ouri\u00e7os","og_url":"https:\/\/aliancaevangelica.pt\/site\/no-tempo-certo\/","og_site_name":"AEP","article_publisher":"http:\/\/facebook.com\/aeportuguesa","article_author":"aeportugal","article_published_time":"2020-11-13T09:00:57+00:00","og_image":[{"width":2560,"height":1536,"url":"https:\/\/aliancaevangelica.pt\/site\/wp-content\/uploads\/2020\/11\/Castanheiro-Outono.jpg","type":"image\/jpeg"}],"author":"AEP","twitter_card":"summary_large_image","twitter_misc":{"Escrito por":"AEP","Tempo estimado de leitura":"6 minutos"},"schema":{"@context":"https:\/\/schema.org","@graph":[{"@type":"Article","@id":"https:\/\/aliancaevangelica.pt\/site\/no-tempo-certo\/#article","isPartOf":{"@id":"https:\/\/aliancaevangelica.pt\/site\/no-tempo-certo\/"},"author":{"name":"AEP","@id":"https:\/\/aliancaevangelica.pt\/site\/#\/schema\/person\/3b47cfc7535eff1e820f31c2d67eafcf"},"headline":"NO TEMPO CERTO\u2026","datePublished":"2020-11-13T09:00:57+00:00","mainEntityOfPage":{"@id":"https:\/\/aliancaevangelica.pt\/site\/no-tempo-certo\/"},"wordCount":1141,"commentCount":0,"publisher":{"@id":"https:\/\/aliancaevangelica.pt\/site\/#organization"},"image":{"@id":"https:\/\/aliancaevangelica.pt\/site\/no-tempo-certo\/#primaryimage"},"thumbnailUrl":"https:\/\/aliancaevangelica.pt\/site\/wp-content\/uploads\/2020\/11\/Castanheiro-Outono.jpg","articleSection":["1-Geral","MULHERES, CASAIS E FAM\u00cdLIA"],"inLanguage":"pt-PT","potentialAction":[{"@type":"CommentAction","name":"Comment","target":["https:\/\/aliancaevangelica.pt\/site\/no-tempo-certo\/#respond"]}]},{"@type":"WebPage","@id":"https:\/\/aliancaevangelica.pt\/site\/no-tempo-certo\/","url":"https:\/\/aliancaevangelica.pt\/site\/no-tempo-certo\/","name":"NO TEMPO CERTO\u2026 - AEP","isPartOf":{"@id":"https:\/\/aliancaevangelica.pt\/site\/#website"},"primaryImageOfPage":{"@id":"https:\/\/aliancaevangelica.pt\/site\/no-tempo-certo\/#primaryimage"},"image":{"@id":"https:\/\/aliancaevangelica.pt\/site\/no-tempo-certo\/#primaryimage"},"thumbnailUrl":"https:\/\/aliancaevangelica.pt\/site\/wp-content\/uploads\/2020\/11\/Castanheiro-Outono.jpg","datePublished":"2020-11-13T09:00:57+00:00","breadcrumb":{"@id":"https:\/\/aliancaevangelica.pt\/site\/no-tempo-certo\/#breadcrumb"},"inLanguage":"pt-PT","potentialAction":[{"@type":"ReadAction","target":["https:\/\/aliancaevangelica.pt\/site\/no-tempo-certo\/"]}]},{"@type":"ImageObject","inLanguage":"pt-PT","@id":"https:\/\/aliancaevangelica.pt\/site\/no-tempo-certo\/#primaryimage","url":"https:\/\/aliancaevangelica.pt\/site\/wp-content\/uploads\/2020\/11\/Castanheiro-Outono.jpg","contentUrl":"https:\/\/aliancaevangelica.pt\/site\/wp-content\/uploads\/2020\/11\/Castanheiro-Outono.jpg","width":2560,"height":1536},{"@type":"BreadcrumbList","@id":"https:\/\/aliancaevangelica.pt\/site\/no-tempo-certo\/#breadcrumb","itemListElement":[{"@type":"ListItem","position":1,"name":"In\u00edcio","item":"https:\/\/aliancaevangelica.pt\/site\/"},{"@type":"ListItem","position":2,"name":"NO TEMPO CERTO\u2026"}]},{"@type":"WebSite","@id":"https:\/\/aliancaevangelica.pt\/site\/#website","url":"https:\/\/aliancaevangelica.pt\/site\/","name":"Alian\u00e7a Evang\u00e9lica Portuguesa","description":"Alian\u00e7a Evang\u00e9lica Portuguesa","publisher":{"@id":"https:\/\/aliancaevangelica.pt\/site\/#organization"},"potentialAction":[{"@type":"SearchAction","target":{"@type":"EntryPoint","urlTemplate":"https:\/\/aliancaevangelica.pt\/site\/?s={search_term_string}"},"query-input":{"@type":"PropertyValueSpecification","valueRequired":true,"valueName":"search_term_string"}}],"inLanguage":"pt-PT"},{"@type":"Organization","@id":"https:\/\/aliancaevangelica.pt\/site\/#organization","name":"Alian\u00e7a Evang\u00e9lica Portuguesa","url":"https:\/\/aliancaevangelica.pt\/site\/","logo":{"@type":"ImageObject","inLanguage":"pt-PT","@id":"https:\/\/aliancaevangelica.pt\/site\/#\/schema\/logo\/image\/","url":"https:\/\/aliancaevangelica.pt\/site\/wp-content\/uploads\/2017\/11\/logo-AEP-cor.png","contentUrl":"https:\/\/aliancaevangelica.pt\/site\/wp-content\/uploads\/2017\/11\/logo-AEP-cor.png","width":1156,"height":672,"caption":"Alian\u00e7a Evang\u00e9lica Portuguesa"},"image":{"@id":"https:\/\/aliancaevangelica.pt\/site\/#\/schema\/logo\/image\/"},"sameAs":["http:\/\/facebook.com\/aeportuguesa","http:\/\/instagram.com\/aliancaep","http:\/\/youtube.com\/aeportuguesa"]},{"@type":"Person","@id":"https:\/\/aliancaevangelica.pt\/site\/#\/schema\/person\/3b47cfc7535eff1e820f31c2d67eafcf","name":"AEP","sameAs":["aeportugal"],"url":"https:\/\/aliancaevangelica.pt\/site\/author\/aeportugal\/"}]}},"uagb_featured_image_src":{"full":["https:\/\/aliancaevangelica.pt\/site\/wp-content\/uploads\/2020\/11\/Castanheiro-Outono.jpg",2560,1536,false],"thumbnail":["https:\/\/aliancaevangelica.pt\/site\/wp-content\/uploads\/2020\/11\/Castanheiro-Outono-150x150.jpg",150,150,true],"medium":["https:\/\/aliancaevangelica.pt\/site\/wp-content\/uploads\/2020\/11\/Castanheiro-Outono-300x180.jpg",300,180,true],"medium_large":["https:\/\/aliancaevangelica.pt\/site\/wp-content\/uploads\/2020\/11\/Castanheiro-Outono-768x461.jpg",768,461,true],"large":["https:\/\/aliancaevangelica.pt\/site\/wp-content\/uploads\/2020\/11\/Castanheiro-Outono-1024x614.jpg",960,576,true],"1536x1536":["https:\/\/aliancaevangelica.pt\/site\/wp-content\/uploads\/2020\/11\/Castanheiro-Outono.jpg",1536,922,false],"2048x2048":["https:\/\/aliancaevangelica.pt\/site\/wp-content\/uploads\/2020\/11\/Castanheiro-Outono.jpg",2048,1229,false],"vp_sm":["https:\/\/aliancaevangelica.pt\/site\/wp-content\/uploads\/2020\/11\/Castanheiro-Outono.jpg",500,300,false],"vp_md":["https:\/\/aliancaevangelica.pt\/site\/wp-content\/uploads\/2020\/11\/Castanheiro-Outono.jpg",800,480,false],"vp_lg":["https:\/\/aliancaevangelica.pt\/site\/wp-content\/uploads\/2020\/11\/Castanheiro-Outono.jpg",1280,768,false],"vp_xl":["https:\/\/aliancaevangelica.pt\/site\/wp-content\/uploads\/2020\/11\/Castanheiro-Outono.jpg",1920,1152,false],"vp_sm_popup":["https:\/\/aliancaevangelica.pt\/site\/wp-content\/uploads\/2020\/11\/Castanheiro-Outono.jpg",500,300,false],"vp_md_popup":["https:\/\/aliancaevangelica.pt\/site\/wp-content\/uploads\/2020\/11\/Castanheiro-Outono.jpg",800,480,false],"vp_xl_popup":["https:\/\/aliancaevangelica.pt\/site\/wp-content\/uploads\/2020\/11\/Castanheiro-Outono.jpg",1920,1152,false],"newsx-150x100":["https:\/\/aliancaevangelica.pt\/site\/wp-content\/uploads\/2020\/11\/Castanheiro-Outono.jpg",150,90,false],"newsx-330x220":["https:\/\/aliancaevangelica.pt\/site\/wp-content\/uploads\/2020\/11\/Castanheiro-Outono.jpg",330,198,false],"newsx-420x280":["https:\/\/aliancaevangelica.pt\/site\/wp-content\/uploads\/2020\/11\/Castanheiro-Outono.jpg",420,252,false],"newsx-510x340":["https:\/\/aliancaevangelica.pt\/site\/wp-content\/uploads\/2020\/11\/Castanheiro-Outono.jpg",510,306,false],"newsx-640x480":["https:\/\/aliancaevangelica.pt\/site\/wp-content\/uploads\/2020\/11\/Castanheiro-Outono.jpg",640,384,false],"newsx-670x370":["https:\/\/aliancaevangelica.pt\/site\/wp-content\/uploads\/2020\/11\/Castanheiro-Outono.jpg",617,370,false],"newsx-860x570":["https:\/\/aliancaevangelica.pt\/site\/wp-content\/uploads\/2020\/11\/Castanheiro-Outono.jpg",860,516,false],"newsx-1000x750":["https:\/\/aliancaevangelica.pt\/site\/wp-content\/uploads\/2020\/11\/Castanheiro-Outono.jpg",1000,600,false],"newsx-1200x600":["https:\/\/aliancaevangelica.pt\/site\/wp-content\/uploads\/2020\/11\/Castanheiro-Outono.jpg",1000,600,false]},"uagb_author_info":{"display_name":"AEP","author_link":"https:\/\/aliancaevangelica.pt\/site\/author\/aeportugal\/"},"uagb_comment_info":0,"uagb_excerpt":"Escreve o s\u00e1bio no livro de Eclesiastes (3:1,2): \u201cTudo tem o seu tempo determinado e h\u00e1 tempo para todo o prop\u00f3sito debaixo do c\u00e9u. H\u00e1 tempo de nascer e tempo de morrer; tempo de plantar e tempo de arrancar o que se plantou\u2026\u201d Estou, neste momento, debaixo de um castanheiro. \u00c9 Outubro e os ouri\u00e7os","_links":{"self":[{"href":"https:\/\/aliancaevangelica.pt\/site\/wp-json\/wp\/v2\/posts\/18528","targetHints":{"allow":["GET"]}}],"collection":[{"href":"https:\/\/aliancaevangelica.pt\/site\/wp-json\/wp\/v2\/posts"}],"about":[{"href":"https:\/\/aliancaevangelica.pt\/site\/wp-json\/wp\/v2\/types\/post"}],"author":[{"embeddable":true,"href":"https:\/\/aliancaevangelica.pt\/site\/wp-json\/wp\/v2\/users\/2"}],"replies":[{"embeddable":true,"href":"https:\/\/aliancaevangelica.pt\/site\/wp-json\/wp\/v2\/comments?post=18528"}],"version-history":[{"count":3,"href":"https:\/\/aliancaevangelica.pt\/site\/wp-json\/wp\/v2\/posts\/18528\/revisions"}],"predecessor-version":[{"id":18572,"href":"https:\/\/aliancaevangelica.pt\/site\/wp-json\/wp\/v2\/posts\/18528\/revisions\/18572"}],"wp:featuredmedia":[{"embeddable":true,"href":"https:\/\/aliancaevangelica.pt\/site\/wp-json\/wp\/v2\/media\/18532"}],"wp:attachment":[{"href":"https:\/\/aliancaevangelica.pt\/site\/wp-json\/wp\/v2\/media?parent=18528"}],"wp:term":[{"taxonomy":"category","embeddable":true,"href":"https:\/\/aliancaevangelica.pt\/site\/wp-json\/wp\/v2\/categories?post=18528"},{"taxonomy":"post_tag","embeddable":true,"href":"https:\/\/aliancaevangelica.pt\/site\/wp-json\/wp\/v2\/tags?post=18528"}],"curies":[{"name":"wp","href":"https:\/\/api.w.org\/{rel}","templated":true}]}}