{"id":18517,"date":"2020-10-30T12:52:45","date_gmt":"2020-10-30T12:52:45","guid":{"rendered":"https:\/\/aliancaevangelica.pt\/site\/?p=18517"},"modified":"2020-10-30T12:52:45","modified_gmt":"2020-10-30T12:52:45","slug":"depois-do-divorcio","status":"publish","type":"post","link":"https:\/\/aliancaevangelica.pt\/site\/depois-do-divorcio\/","title":{"rendered":"Depois do div\u00f3rcio"},"content":{"rendered":"<p style=\"font-weight: 400;\">\n<p class=\"p1\">N\u00e3o foi o que desejou. N\u00e3o fez parte dos seus alvos ou anseios. Contudo, o div\u00f3rcio aconteceu. E essa \u00e9 agora a realidade, por sua iniciativa ou vendo-se na necessidade de viver a decis\u00e3o do seu ex-c\u00f4njuge, uma vez que para acontecer um casamento s\u00e3o precisas duas pessoas mas para acontecer um div\u00f3rcio basta uma querer. E agora h\u00e1 que saber lidar com essa ruptura e com o in\u00edcio de uma nova etapa na vida.<\/p>\n<p class=\"p1\">Desgaste pessoal<\/p>\n<p class=\"p1\">O div\u00f3rcio acaba por ser o culminar de um processo, formalizando um afastamento que foi sendo gradual, ao longo do tempo. Assim, habitualmente chega-se ao div\u00f3rcio com algum (muito) desgaste e fadiga pessoal, de meses ou anos semeados de mal-entendidos, conflitos, uma comunica\u00e7\u00e3o fr\u00e1gil ou mesmo marcada por momentos de aspereza ou agressividade. Sentir cansa\u00e7o e tristeza \u00e9 normal pois representa sempre uma perda. D\u00ea a si mesmo(a) o tempo para fazer o \u201cluto\u201d por um projecto afectivo que \u201cmorreu\u201d.<\/p>\n<p class=\"p1\">Momentos com Deus<\/p>\n<p class=\"p1\">Agora, precisa de ver restaurada a sua estabilidade emocional e afectiva. Nesta fase, \u00e9 natural haver muito ru\u00eddo em torno de si (informa\u00e7\u00f5es, opini\u00f5es e conselhos que poder\u00e3o chegar a ser at\u00e9 contradit\u00f3rios). Ofere\u00e7a a si pr\u00f3prio(a) momentos de sil\u00eancio sereno, introspec\u00e7\u00e3o, ora\u00e7\u00e3o e leitura a s\u00f3s, buscando de Deus tudo o que Ele tenha para si. Ainda que se sinta um tanto perdido(a), sem conseguir discernir com clareza o caminho a seguir, procure essa proximidade com Ele. Da mesma forma como o pastor leva aos ombros a ovelha perdida, conduzindo-a ao lugar certo, Deus quer dar direc\u00e7\u00e3o aos seus passos, oferecendo-lhe o suporte de que precisa. Abra o seu \u00edntimo \u00e0 paz e ao conforto de Deus, sem oferecer resist\u00eancia \u00e0 Sua voz. Essa intimidade com Deus representa ensino e cura que agora lhe s\u00e3o essenciais.<\/p>\n<p class=\"p1\">A moldura humana<\/p>\n<p class=\"p1\">Contudo, n\u00e3o se entregue a um isolamento demasiado. Fa\u00e7a-se rodear de pessoas que o(a) amam profunda e incondicionalmente: familiares, amigos, crentes. Esse colo afectivo pode representar um apoio revigorante. Precisa muito de esse sentido de apego, de perten\u00e7a e de valoriza\u00e7\u00e3o pessoal para prosseguir com a vida. E um olhar acolhedor, um ouvido atento, uma palavra s\u00e1bia s\u00e3o preciosas express\u00f5es do amor de Deus, usando outros em seu favor.<\/p>\n<p class=\"p1\">A atitude<\/p>\n<p class=\"p1\">A B\u00edblia diz que a nossa vida pode ser contaminada pelas palavras que proferimos. N\u00e3o deixe que a decep\u00e7\u00e3o sofrida fa\u00e7a de si uma pessoa amarga ou que fa\u00e7a das suas conversas um derramar constante de acusa\u00e7\u00f5es e dor ao longo do tempo. Afinal, ningu\u00e9m tem o direito de fazer de n\u00f3s pessoas desagrad\u00e1veis, a menos que n\u00f3s o permitamos. De facto, esse mastigar cont\u00ednuo de revolta e, at\u00e9 por vezes, algum desejo de vingan\u00e7a, n\u00e3o prov\u00e9m de Deus e criar\u00e1 uma atmosfera pessoal em si que n\u00e3o deixar\u00e1 espa\u00e7o para o mover Dele na sua vida. Deixe que Deus lhe devolva a paz e as palavras saud\u00e1veis que Ele sabe dar, mesmo no meio da afli\u00e7\u00e3o.<\/p>\n<p class=\"p1\">Com a ajuda Dele, procure desenvolver em si uma atitude de respeito pela pessoa que saiu da sua vida, tendo presente que \u201ccada um dar\u00e1 conta de si mesmo a Deus.\u201d Afinal, um dos grandes desafios como crist\u00e3os \u00e9 entender que n\u00e3o devemos encarar ou tratar os outros por aquilo que eles s\u00e3o mas por quem Deus \u00e9 em n\u00f3s.<\/p>\n<p class=\"p1\">Uma nova etapa<\/p>\n<p class=\"p1\">Mesmo que, em certos momentos, pare\u00e7a ter-se sentido num beco ou num labirinto confuso, a verdade \u00e9 que existe um caminho, ainda que n\u00e3o o veja com clareza. Sim, diante de si est\u00e1 um caminho a ser percorrido, com um sabor a novo. Vamos adiante? Li um princ\u00edpio que faz sentido lembrar, a este prop\u00f3sito: &#8220;A diferen\u00e7a entre um turista e um peregrino \u00e9 que o turista quer ver coisas novas e o peregrino quer tornar-se novo.&#8221; (Thomas Bucher, Secret\u00e1rio-Geral da Alian\u00e7a Evang\u00e9lica Europeia)<\/p>\n<p class=\"p1\">Nesse sentido, j\u00e1 todos fomos turistas e peregrinos. Agora numa etapa diferente da sua vida, poder\u00e1 dar por si na tal procura de \u201ccoisas novas\u201d, que ser\u00e3o \u00fateis e que constituem alguma forma de refrig\u00e9rio para si. Contudo, assuma tamb\u00e9m um desafio maior, o do peregrino: tornar-se novo. Deixe que as recorda\u00e7\u00f5es in\u00fateis sejam limpas do seu \u00edntimo, permitindo criar um espa\u00e7o arejado, perfumado, onde Deus habita, onde novas amizades e oportunidades s\u00e3o acolhidas com gosto. Deixe que o perd\u00e3o renove em si a esperan\u00e7a e a alegria de viver.<\/p>\n<p>[movedo_single_image image=&#8221;17799&#8243; animation=&#8221;grve-zoom-in&#8221;]Bertina Coias Tom\u00e9<br \/>\nPsic\u00f3loga, Especialista em Psicologia Cl\u00ednica e da Sa\u00fade e Psicologia Comunit\u00e1ria<\/p>\n","protected":false},"excerpt":{"rendered":"<p>N\u00e3o foi o que desejou. N\u00e3o fez parte dos seus alvos ou anseios. Contudo, o div\u00f3rcio aconteceu. E essa \u00e9 agora a realidade, por sua iniciativa ou vendo-se na necessidade de viver a decis\u00e3o do seu ex-c\u00f4njuge, uma vez que para acontecer um casamento s\u00e3o precisas duas pessoas mas para acontecer um div\u00f3rcio basta uma<\/p>\n","protected":false},"author":2,"featured_media":18519,"comment_status":"open","ping_status":"open","sticky":false,"template":"","format":"standard","meta":{"_uag_custom_page_level_css":"","_themeisle_gutenberg_block_has_review":false,"_vp_format_video_url":"","_vp_image_focal_point":[],"footnotes":""},"categories":[45,47],"tags":[],"class_list":["post-18517","post","type-post","status-publish","format-standard","has-post-thumbnail","hentry","category-geral","category-mulheres-casais-e-familia"],"yoast_head":"<!-- This site is optimized with the Yoast SEO plugin v27.5 - https:\/\/yoast.com\/product\/yoast-seo-wordpress\/ -->\n<title>Depois do div\u00f3rcio - AEP<\/title>\n<meta name=\"robots\" content=\"index, follow, max-snippet:-1, max-image-preview:large, max-video-preview:-1\" \/>\n<link rel=\"canonical\" href=\"https:\/\/aliancaevangelica.pt\/site\/depois-do-divorcio\/\" \/>\n<meta property=\"og:locale\" content=\"pt_PT\" \/>\n<meta property=\"og:type\" content=\"article\" \/>\n<meta property=\"og:title\" content=\"Depois do div\u00f3rcio - AEP\" \/>\n<meta property=\"og:description\" content=\"N\u00e3o foi o que desejou. N\u00e3o fez parte dos seus alvos ou anseios. Contudo, o div\u00f3rcio aconteceu. E essa \u00e9 agora a realidade, por sua iniciativa ou vendo-se na necessidade de viver a decis\u00e3o do seu ex-c\u00f4njuge, uma vez que para acontecer um casamento s\u00e3o precisas duas pessoas mas para acontecer um div\u00f3rcio basta uma\" \/>\n<meta property=\"og:url\" content=\"https:\/\/aliancaevangelica.pt\/site\/depois-do-divorcio\/\" \/>\n<meta property=\"og:site_name\" content=\"AEP\" \/>\n<meta property=\"article:publisher\" content=\"http:\/\/facebook.com\/aeportuguesa\" \/>\n<meta property=\"article:author\" content=\"aeportugal\" \/>\n<meta property=\"article:published_time\" content=\"2020-10-30T12:52:45+00:00\" \/>\n<meta property=\"og:image\" content=\"https:\/\/aliancaevangelica.pt\/site\/wp-content\/uploads\/2020\/10\/baloic\u0327os.jpg\" \/>\n\t<meta property=\"og:image:width\" content=\"960\" \/>\n\t<meta property=\"og:image:height\" content=\"640\" \/>\n\t<meta property=\"og:image:type\" content=\"image\/jpeg\" \/>\n<meta name=\"author\" content=\"AEP\" \/>\n<meta name=\"twitter:card\" content=\"summary_large_image\" \/>\n<meta name=\"twitter:label1\" content=\"Escrito por\" \/>\n\t<meta name=\"twitter:data1\" content=\"AEP\" \/>\n\t<meta name=\"twitter:label2\" content=\"Tempo estimado de leitura\" \/>\n\t<meta name=\"twitter:data2\" content=\"4 minutos\" \/>\n<script type=\"application\/ld+json\" class=\"yoast-schema-graph\">{\"@context\":\"https:\\\/\\\/schema.org\",\"@graph\":[{\"@type\":\"Article\",\"@id\":\"https:\\\/\\\/aliancaevangelica.pt\\\/site\\\/depois-do-divorcio\\\/#article\",\"isPartOf\":{\"@id\":\"https:\\\/\\\/aliancaevangelica.pt\\\/site\\\/depois-do-divorcio\\\/\"},\"author\":{\"name\":\"AEP\",\"@id\":\"https:\\\/\\\/aliancaevangelica.pt\\\/site\\\/#\\\/schema\\\/person\\\/3b47cfc7535eff1e820f31c2d67eafcf\"},\"headline\":\"Depois do div\u00f3rcio\",\"datePublished\":\"2020-10-30T12:52:45+00:00\",\"mainEntityOfPage\":{\"@id\":\"https:\\\/\\\/aliancaevangelica.pt\\\/site\\\/depois-do-divorcio\\\/\"},\"wordCount\":821,\"commentCount\":0,\"publisher\":{\"@id\":\"https:\\\/\\\/aliancaevangelica.pt\\\/site\\\/#organization\"},\"image\":{\"@id\":\"https:\\\/\\\/aliancaevangelica.pt\\\/site\\\/depois-do-divorcio\\\/#primaryimage\"},\"thumbnailUrl\":\"https:\\\/\\\/aliancaevangelica.pt\\\/site\\\/wp-content\\\/uploads\\\/2020\\\/10\\\/baloic\u0327os.jpg\",\"articleSection\":[\"1-Geral\",\"MULHERES, CASAIS E FAM\u00cdLIA\"],\"inLanguage\":\"pt-PT\",\"potentialAction\":[{\"@type\":\"CommentAction\",\"name\":\"Comment\",\"target\":[\"https:\\\/\\\/aliancaevangelica.pt\\\/site\\\/depois-do-divorcio\\\/#respond\"]}]},{\"@type\":\"WebPage\",\"@id\":\"https:\\\/\\\/aliancaevangelica.pt\\\/site\\\/depois-do-divorcio\\\/\",\"url\":\"https:\\\/\\\/aliancaevangelica.pt\\\/site\\\/depois-do-divorcio\\\/\",\"name\":\"Depois do div\u00f3rcio - AEP\",\"isPartOf\":{\"@id\":\"https:\\\/\\\/aliancaevangelica.pt\\\/site\\\/#website\"},\"primaryImageOfPage\":{\"@id\":\"https:\\\/\\\/aliancaevangelica.pt\\\/site\\\/depois-do-divorcio\\\/#primaryimage\"},\"image\":{\"@id\":\"https:\\\/\\\/aliancaevangelica.pt\\\/site\\\/depois-do-divorcio\\\/#primaryimage\"},\"thumbnailUrl\":\"https:\\\/\\\/aliancaevangelica.pt\\\/site\\\/wp-content\\\/uploads\\\/2020\\\/10\\\/baloic\u0327os.jpg\",\"datePublished\":\"2020-10-30T12:52:45+00:00\",\"breadcrumb\":{\"@id\":\"https:\\\/\\\/aliancaevangelica.pt\\\/site\\\/depois-do-divorcio\\\/#breadcrumb\"},\"inLanguage\":\"pt-PT\",\"potentialAction\":[{\"@type\":\"ReadAction\",\"target\":[\"https:\\\/\\\/aliancaevangelica.pt\\\/site\\\/depois-do-divorcio\\\/\"]}]},{\"@type\":\"ImageObject\",\"inLanguage\":\"pt-PT\",\"@id\":\"https:\\\/\\\/aliancaevangelica.pt\\\/site\\\/depois-do-divorcio\\\/#primaryimage\",\"url\":\"https:\\\/\\\/aliancaevangelica.pt\\\/site\\\/wp-content\\\/uploads\\\/2020\\\/10\\\/baloic\u0327os.jpg\",\"contentUrl\":\"https:\\\/\\\/aliancaevangelica.pt\\\/site\\\/wp-content\\\/uploads\\\/2020\\\/10\\\/baloic\u0327os.jpg\",\"width\":960,\"height\":640},{\"@type\":\"BreadcrumbList\",\"@id\":\"https:\\\/\\\/aliancaevangelica.pt\\\/site\\\/depois-do-divorcio\\\/#breadcrumb\",\"itemListElement\":[{\"@type\":\"ListItem\",\"position\":1,\"name\":\"In\u00edcio\",\"item\":\"https:\\\/\\\/aliancaevangelica.pt\\\/site\\\/\"},{\"@type\":\"ListItem\",\"position\":2,\"name\":\"Depois do div\u00f3rcio\"}]},{\"@type\":\"WebSite\",\"@id\":\"https:\\\/\\\/aliancaevangelica.pt\\\/site\\\/#website\",\"url\":\"https:\\\/\\\/aliancaevangelica.pt\\\/site\\\/\",\"name\":\"Alian\u00e7a Evang\u00e9lica Portuguesa\",\"description\":\"Alian\u00e7a Evang\u00e9lica Portuguesa\",\"publisher\":{\"@id\":\"https:\\\/\\\/aliancaevangelica.pt\\\/site\\\/#organization\"},\"potentialAction\":[{\"@type\":\"SearchAction\",\"target\":{\"@type\":\"EntryPoint\",\"urlTemplate\":\"https:\\\/\\\/aliancaevangelica.pt\\\/site\\\/?s={search_term_string}\"},\"query-input\":{\"@type\":\"PropertyValueSpecification\",\"valueRequired\":true,\"valueName\":\"search_term_string\"}}],\"inLanguage\":\"pt-PT\"},{\"@type\":\"Organization\",\"@id\":\"https:\\\/\\\/aliancaevangelica.pt\\\/site\\\/#organization\",\"name\":\"Alian\u00e7a Evang\u00e9lica Portuguesa\",\"url\":\"https:\\\/\\\/aliancaevangelica.pt\\\/site\\\/\",\"logo\":{\"@type\":\"ImageObject\",\"inLanguage\":\"pt-PT\",\"@id\":\"https:\\\/\\\/aliancaevangelica.pt\\\/site\\\/#\\\/schema\\\/logo\\\/image\\\/\",\"url\":\"https:\\\/\\\/aliancaevangelica.pt\\\/site\\\/wp-content\\\/uploads\\\/2017\\\/11\\\/logo-AEP-cor.png\",\"contentUrl\":\"https:\\\/\\\/aliancaevangelica.pt\\\/site\\\/wp-content\\\/uploads\\\/2017\\\/11\\\/logo-AEP-cor.png\",\"width\":1156,\"height\":672,\"caption\":\"Alian\u00e7a Evang\u00e9lica Portuguesa\"},\"image\":{\"@id\":\"https:\\\/\\\/aliancaevangelica.pt\\\/site\\\/#\\\/schema\\\/logo\\\/image\\\/\"},\"sameAs\":[\"http:\\\/\\\/facebook.com\\\/aeportuguesa\",\"http:\\\/\\\/instagram.com\\\/aliancaep\",\"http:\\\/\\\/youtube.com\\\/aeportuguesa\"]},{\"@type\":\"Person\",\"@id\":\"https:\\\/\\\/aliancaevangelica.pt\\\/site\\\/#\\\/schema\\\/person\\\/3b47cfc7535eff1e820f31c2d67eafcf\",\"name\":\"AEP\",\"sameAs\":[\"aeportugal\"],\"url\":\"https:\\\/\\\/aliancaevangelica.pt\\\/site\\\/author\\\/aeportugal\\\/\"}]}<\/script>\n<!-- \/ Yoast SEO plugin. -->","yoast_head_json":{"title":"Depois do div\u00f3rcio - AEP","robots":{"index":"index","follow":"follow","max-snippet":"max-snippet:-1","max-image-preview":"max-image-preview:large","max-video-preview":"max-video-preview:-1"},"canonical":"https:\/\/aliancaevangelica.pt\/site\/depois-do-divorcio\/","og_locale":"pt_PT","og_type":"article","og_title":"Depois do div\u00f3rcio - AEP","og_description":"N\u00e3o foi o que desejou. N\u00e3o fez parte dos seus alvos ou anseios. Contudo, o div\u00f3rcio aconteceu. E essa \u00e9 agora a realidade, por sua iniciativa ou vendo-se na necessidade de viver a decis\u00e3o do seu ex-c\u00f4njuge, uma vez que para acontecer um casamento s\u00e3o precisas duas pessoas mas para acontecer um div\u00f3rcio basta uma","og_url":"https:\/\/aliancaevangelica.pt\/site\/depois-do-divorcio\/","og_site_name":"AEP","article_publisher":"http:\/\/facebook.com\/aeportuguesa","article_author":"aeportugal","article_published_time":"2020-10-30T12:52:45+00:00","og_image":[{"width":960,"height":640,"url":"https:\/\/aliancaevangelica.pt\/site\/wp-content\/uploads\/2020\/10\/baloic\u0327os.jpg","type":"image\/jpeg"}],"author":"AEP","twitter_card":"summary_large_image","twitter_misc":{"Escrito por":"AEP","Tempo estimado de leitura":"4 minutos"},"schema":{"@context":"https:\/\/schema.org","@graph":[{"@type":"Article","@id":"https:\/\/aliancaevangelica.pt\/site\/depois-do-divorcio\/#article","isPartOf":{"@id":"https:\/\/aliancaevangelica.pt\/site\/depois-do-divorcio\/"},"author":{"name":"AEP","@id":"https:\/\/aliancaevangelica.pt\/site\/#\/schema\/person\/3b47cfc7535eff1e820f31c2d67eafcf"},"headline":"Depois do div\u00f3rcio","datePublished":"2020-10-30T12:52:45+00:00","mainEntityOfPage":{"@id":"https:\/\/aliancaevangelica.pt\/site\/depois-do-divorcio\/"},"wordCount":821,"commentCount":0,"publisher":{"@id":"https:\/\/aliancaevangelica.pt\/site\/#organization"},"image":{"@id":"https:\/\/aliancaevangelica.pt\/site\/depois-do-divorcio\/#primaryimage"},"thumbnailUrl":"https:\/\/aliancaevangelica.pt\/site\/wp-content\/uploads\/2020\/10\/baloic\u0327os.jpg","articleSection":["1-Geral","MULHERES, CASAIS E FAM\u00cdLIA"],"inLanguage":"pt-PT","potentialAction":[{"@type":"CommentAction","name":"Comment","target":["https:\/\/aliancaevangelica.pt\/site\/depois-do-divorcio\/#respond"]}]},{"@type":"WebPage","@id":"https:\/\/aliancaevangelica.pt\/site\/depois-do-divorcio\/","url":"https:\/\/aliancaevangelica.pt\/site\/depois-do-divorcio\/","name":"Depois do div\u00f3rcio - AEP","isPartOf":{"@id":"https:\/\/aliancaevangelica.pt\/site\/#website"},"primaryImageOfPage":{"@id":"https:\/\/aliancaevangelica.pt\/site\/depois-do-divorcio\/#primaryimage"},"image":{"@id":"https:\/\/aliancaevangelica.pt\/site\/depois-do-divorcio\/#primaryimage"},"thumbnailUrl":"https:\/\/aliancaevangelica.pt\/site\/wp-content\/uploads\/2020\/10\/baloic\u0327os.jpg","datePublished":"2020-10-30T12:52:45+00:00","breadcrumb":{"@id":"https:\/\/aliancaevangelica.pt\/site\/depois-do-divorcio\/#breadcrumb"},"inLanguage":"pt-PT","potentialAction":[{"@type":"ReadAction","target":["https:\/\/aliancaevangelica.pt\/site\/depois-do-divorcio\/"]}]},{"@type":"ImageObject","inLanguage":"pt-PT","@id":"https:\/\/aliancaevangelica.pt\/site\/depois-do-divorcio\/#primaryimage","url":"https:\/\/aliancaevangelica.pt\/site\/wp-content\/uploads\/2020\/10\/baloic\u0327os.jpg","contentUrl":"https:\/\/aliancaevangelica.pt\/site\/wp-content\/uploads\/2020\/10\/baloic\u0327os.jpg","width":960,"height":640},{"@type":"BreadcrumbList","@id":"https:\/\/aliancaevangelica.pt\/site\/depois-do-divorcio\/#breadcrumb","itemListElement":[{"@type":"ListItem","position":1,"name":"In\u00edcio","item":"https:\/\/aliancaevangelica.pt\/site\/"},{"@type":"ListItem","position":2,"name":"Depois do div\u00f3rcio"}]},{"@type":"WebSite","@id":"https:\/\/aliancaevangelica.pt\/site\/#website","url":"https:\/\/aliancaevangelica.pt\/site\/","name":"Alian\u00e7a Evang\u00e9lica Portuguesa","description":"Alian\u00e7a Evang\u00e9lica Portuguesa","publisher":{"@id":"https:\/\/aliancaevangelica.pt\/site\/#organization"},"potentialAction":[{"@type":"SearchAction","target":{"@type":"EntryPoint","urlTemplate":"https:\/\/aliancaevangelica.pt\/site\/?s={search_term_string}"},"query-input":{"@type":"PropertyValueSpecification","valueRequired":true,"valueName":"search_term_string"}}],"inLanguage":"pt-PT"},{"@type":"Organization","@id":"https:\/\/aliancaevangelica.pt\/site\/#organization","name":"Alian\u00e7a Evang\u00e9lica Portuguesa","url":"https:\/\/aliancaevangelica.pt\/site\/","logo":{"@type":"ImageObject","inLanguage":"pt-PT","@id":"https:\/\/aliancaevangelica.pt\/site\/#\/schema\/logo\/image\/","url":"https:\/\/aliancaevangelica.pt\/site\/wp-content\/uploads\/2017\/11\/logo-AEP-cor.png","contentUrl":"https:\/\/aliancaevangelica.pt\/site\/wp-content\/uploads\/2017\/11\/logo-AEP-cor.png","width":1156,"height":672,"caption":"Alian\u00e7a Evang\u00e9lica Portuguesa"},"image":{"@id":"https:\/\/aliancaevangelica.pt\/site\/#\/schema\/logo\/image\/"},"sameAs":["http:\/\/facebook.com\/aeportuguesa","http:\/\/instagram.com\/aliancaep","http:\/\/youtube.com\/aeportuguesa"]},{"@type":"Person","@id":"https:\/\/aliancaevangelica.pt\/site\/#\/schema\/person\/3b47cfc7535eff1e820f31c2d67eafcf","name":"AEP","sameAs":["aeportugal"],"url":"https:\/\/aliancaevangelica.pt\/site\/author\/aeportugal\/"}]}},"uagb_featured_image_src":{"full":["https:\/\/aliancaevangelica.pt\/site\/wp-content\/uploads\/2020\/10\/baloic\u0327os.jpg",960,640,false],"thumbnail":["https:\/\/aliancaevangelica.pt\/site\/wp-content\/uploads\/2020\/10\/baloic\u0327os-150x150.jpg",150,150,true],"medium":["https:\/\/aliancaevangelica.pt\/site\/wp-content\/uploads\/2020\/10\/baloic\u0327os-300x200.jpg",300,200,true],"medium_large":["https:\/\/aliancaevangelica.pt\/site\/wp-content\/uploads\/2020\/10\/baloic\u0327os-768x512.jpg",768,512,true],"large":["https:\/\/aliancaevangelica.pt\/site\/wp-content\/uploads\/2020\/10\/baloic\u0327os.jpg",960,640,false],"1536x1536":["https:\/\/aliancaevangelica.pt\/site\/wp-content\/uploads\/2020\/10\/baloic\u0327os.jpg",960,640,false],"2048x2048":["https:\/\/aliancaevangelica.pt\/site\/wp-content\/uploads\/2020\/10\/baloic\u0327os.jpg",960,640,false],"vp_sm":["https:\/\/aliancaevangelica.pt\/site\/wp-content\/uploads\/2020\/10\/baloic\u0327os.jpg",500,333,false],"vp_md":["https:\/\/aliancaevangelica.pt\/site\/wp-content\/uploads\/2020\/10\/baloic\u0327os.jpg",800,533,false],"vp_lg":["https:\/\/aliancaevangelica.pt\/site\/wp-content\/uploads\/2020\/10\/baloic\u0327os.jpg",960,640,false],"vp_xl":["https:\/\/aliancaevangelica.pt\/site\/wp-content\/uploads\/2020\/10\/baloic\u0327os.jpg",960,640,false],"vp_sm_popup":["https:\/\/aliancaevangelica.pt\/site\/wp-content\/uploads\/2020\/10\/baloic\u0327os.jpg",500,333,false],"vp_md_popup":["https:\/\/aliancaevangelica.pt\/site\/wp-content\/uploads\/2020\/10\/baloic\u0327os.jpg",800,533,false],"vp_xl_popup":["https:\/\/aliancaevangelica.pt\/site\/wp-content\/uploads\/2020\/10\/baloic\u0327os.jpg",960,640,false],"newsx-150x100":["https:\/\/aliancaevangelica.pt\/site\/wp-content\/uploads\/2020\/10\/baloic\u0327os.jpg",150,100,false],"newsx-330x220":["https:\/\/aliancaevangelica.pt\/site\/wp-content\/uploads\/2020\/10\/baloic\u0327os.jpg",330,220,false],"newsx-420x280":["https:\/\/aliancaevangelica.pt\/site\/wp-content\/uploads\/2020\/10\/baloic\u0327os.jpg",420,280,false],"newsx-510x340":["https:\/\/aliancaevangelica.pt\/site\/wp-content\/uploads\/2020\/10\/baloic\u0327os.jpg",510,340,false],"newsx-640x480":["https:\/\/aliancaevangelica.pt\/site\/wp-content\/uploads\/2020\/10\/baloic\u0327os.jpg",640,427,false],"newsx-670x370":["https:\/\/aliancaevangelica.pt\/site\/wp-content\/uploads\/2020\/10\/baloic\u0327os.jpg",555,370,false],"newsx-860x570":["https:\/\/aliancaevangelica.pt\/site\/wp-content\/uploads\/2020\/10\/baloic\u0327os.jpg",855,570,false],"newsx-1000x750":["https:\/\/aliancaevangelica.pt\/site\/wp-content\/uploads\/2020\/10\/baloic\u0327os.jpg",960,640,false],"newsx-1200x600":["https:\/\/aliancaevangelica.pt\/site\/wp-content\/uploads\/2020\/10\/baloic\u0327os.jpg",900,600,false]},"uagb_author_info":{"display_name":"AEP","author_link":"https:\/\/aliancaevangelica.pt\/site\/author\/aeportugal\/"},"uagb_comment_info":0,"uagb_excerpt":"N\u00e3o foi o que desejou. N\u00e3o fez parte dos seus alvos ou anseios. Contudo, o div\u00f3rcio aconteceu. E essa \u00e9 agora a realidade, por sua iniciativa ou vendo-se na necessidade de viver a decis\u00e3o do seu ex-c\u00f4njuge, uma vez que para acontecer um casamento s\u00e3o precisas duas pessoas mas para acontecer um div\u00f3rcio basta uma","_links":{"self":[{"href":"https:\/\/aliancaevangelica.pt\/site\/wp-json\/wp\/v2\/posts\/18517","targetHints":{"allow":["GET"]}}],"collection":[{"href":"https:\/\/aliancaevangelica.pt\/site\/wp-json\/wp\/v2\/posts"}],"about":[{"href":"https:\/\/aliancaevangelica.pt\/site\/wp-json\/wp\/v2\/types\/post"}],"author":[{"embeddable":true,"href":"https:\/\/aliancaevangelica.pt\/site\/wp-json\/wp\/v2\/users\/2"}],"replies":[{"embeddable":true,"href":"https:\/\/aliancaevangelica.pt\/site\/wp-json\/wp\/v2\/comments?post=18517"}],"version-history":[{"count":4,"href":"https:\/\/aliancaevangelica.pt\/site\/wp-json\/wp\/v2\/posts\/18517\/revisions"}],"predecessor-version":[{"id":18709,"href":"https:\/\/aliancaevangelica.pt\/site\/wp-json\/wp\/v2\/posts\/18517\/revisions\/18709"}],"wp:featuredmedia":[{"embeddable":true,"href":"https:\/\/aliancaevangelica.pt\/site\/wp-json\/wp\/v2\/media\/18519"}],"wp:attachment":[{"href":"https:\/\/aliancaevangelica.pt\/site\/wp-json\/wp\/v2\/media?parent=18517"}],"wp:term":[{"taxonomy":"category","embeddable":true,"href":"https:\/\/aliancaevangelica.pt\/site\/wp-json\/wp\/v2\/categories?post=18517"},{"taxonomy":"post_tag","embeddable":true,"href":"https:\/\/aliancaevangelica.pt\/site\/wp-json\/wp\/v2\/tags?post=18517"}],"curies":[{"name":"wp","href":"https:\/\/api.w.org\/{rel}","templated":true}]}}