{"id":18497,"date":"2020-10-23T11:39:27","date_gmt":"2020-10-23T11:39:27","guid":{"rendered":"https:\/\/aliancaevangelica.pt\/site\/?p=18497"},"modified":"2026-04-07T09:59:54","modified_gmt":"2026-04-07T09:59:54","slug":"tomada-de-posicao-da-aep","status":"publish","type":"post","link":"https:\/\/aliancaevangelica.pt\/site\/tomada-de-posicao-da-aep\/","title":{"rendered":"Tomada de Posi\u00e7\u00e3o da AEP"},"content":{"rendered":"<p>No dia 20 de Outubro a SIC apresentou uma pe\u00e7a jornal\u00edstica 15-25 sobre os \u201dJOVENS E A RELIGI\u00c3O\u201d da responsabilidade da jornalista Concei\u00e7\u00e3o Lino.<\/p>\n<p>O programa deste dia merece da parte da AEP, \u00f3rg\u00e3o representativo dos Evang\u00e9licos em Portugal com mais de 100 anos de presen\u00e7a em Portugal a seguinte nota de protesto:<\/p>\n<p>A) Os evang\u00e9licos s\u00e3o em Portugal a principal minoria religiosa.<\/p>\n<p>B) Na Grande Lisboa mais de 5% dos inquiridos afirma-se como evang\u00e9lico.<\/p>\n<p>C) No Pa\u00eds mais de 3,5 % tamb\u00e9m o referem.<\/p>\n<p>D) No mundo h\u00e1 mais de 600 milh\u00f5es de pessoas evang\u00e9licas.<\/p>\n<p>E) Ignorar esta presen\u00e7a merecer-nos um protesto veemente.<\/p>\n<p>F) A grande presen\u00e7a juvenil nas igrejas evang\u00e9licas.<\/p>\n<p>G) Refira-se ainda que se identificam como crist\u00e3os evang\u00e9licos alguns cantores e bastantes m\u00fasicos.<\/p>\n<p>H) Tamb\u00e9m consideramos not\u00e1vel o esp\u00edrito inclusivo sendo manifesta a multiplicidade \u00e9tnica que se v\u00ea nas igrejas evang\u00e9lica<\/p>\n<p>Pela relev\u00e2ncia e import\u00e2ncia dos pontos acima expostos entendemos dar conhecimento da nossa indigna\u00e7\u00e3o \u00e0 jornalista e respectiva dire\u00e7\u00e3o de informa\u00e7\u00e3o da SIC.<\/p>\n","protected":false},"excerpt":{"rendered":"<p>No dia 20 de Outubro a SIC apresentou uma pe\u00e7a jornal\u00edstica 15-25 sobre os \u201dJOVENS E A RELIGI\u00c3O\u201d da responsabilidade da jornalista Concei\u00e7\u00e3o Lino. O programa deste dia merece da parte da AEP, \u00f3rg\u00e3o representativo dos Evang\u00e9licos em Portugal com mais de 100 anos de presen\u00e7a em Portugal a seguinte nota de protesto: A) Os<\/p>\n","protected":false},"author":2,"featured_media":18498,"comment_status":"closed","ping_status":"open","sticky":false,"template":"","format":"standard","meta":{"_uag_custom_page_level_css":"","_themeisle_gutenberg_block_has_review":false,"_vp_format_video_url":"","_vp_image_focal_point":[],"footnotes":""},"categories":[],"tags":[145],"class_list":["post-18497","post","type-post","status-publish","format-standard","has-post-thumbnail","hentry","tag-tomadas-de-posicao"],"yoast_head":"<!-- This site is optimized with the Yoast SEO plugin v27.5 - https:\/\/yoast.com\/product\/yoast-seo-wordpress\/ -->\n<title>Tomada de Posi\u00e7\u00e3o da AEP - AEP<\/title>\n<meta name=\"robots\" content=\"index, follow, max-snippet:-1, max-image-preview:large, max-video-preview:-1\" \/>\n<link rel=\"canonical\" href=\"https:\/\/aliancaevangelica.pt\/site\/tomada-de-posicao-da-aep\/\" \/>\n<meta property=\"og:locale\" content=\"pt_PT\" \/>\n<meta property=\"og:type\" content=\"article\" \/>\n<meta property=\"og:title\" content=\"Tomada de Posi\u00e7\u00e3o da AEP - AEP\" \/>\n<meta property=\"og:description\" content=\"No dia 20 de Outubro a SIC apresentou uma pe\u00e7a jornal\u00edstica 15-25 sobre os \u201dJOVENS E A RELIGI\u00c3O\u201d da responsabilidade da jornalista Concei\u00e7\u00e3o Lino. O programa deste dia merece da parte da AEP, \u00f3rg\u00e3o representativo dos Evang\u00e9licos em Portugal com mais de 100 anos de presen\u00e7a em Portugal a seguinte nota de protesto: A) Os\" \/>\n<meta property=\"og:url\" content=\"https:\/\/aliancaevangelica.pt\/site\/tomada-de-posicao-da-aep\/\" \/>\n<meta property=\"og:site_name\" content=\"AEP\" \/>\n<meta property=\"article:publisher\" content=\"http:\/\/facebook.com\/aeportuguesa\" \/>\n<meta property=\"article:author\" content=\"aeportugal\" \/>\n<meta property=\"article:published_time\" content=\"2020-10-23T11:39:27+00:00\" \/>\n<meta property=\"article:modified_time\" content=\"2026-04-07T09:59:54+00:00\" \/>\n<meta property=\"og:image\" content=\"https:\/\/aliancaevangelica.pt\/site\/wp-content\/uploads\/2020\/10\/AEP-logo-background_Prancheta-1_Prancheta-1.png\" \/>\n\t<meta property=\"og:image:width\" content=\"1366\" \/>\n\t<meta property=\"og:image:height\" content=\"768\" \/>\n\t<meta property=\"og:image:type\" content=\"image\/png\" \/>\n<meta name=\"author\" content=\"AEP\" \/>\n<meta name=\"twitter:card\" content=\"summary_large_image\" \/>\n<meta name=\"twitter:label1\" content=\"Escrito por\" \/>\n\t<meta name=\"twitter:data1\" content=\"AEP\" \/>\n\t<meta name=\"twitter:label2\" content=\"Tempo estimado de leitura\" \/>\n\t<meta name=\"twitter:data2\" content=\"1 minuto\" \/>\n<script type=\"application\/ld+json\" class=\"yoast-schema-graph\">{\"@context\":\"https:\\\/\\\/schema.org\",\"@graph\":[{\"@type\":\"Article\",\"@id\":\"https:\\\/\\\/aliancaevangelica.pt\\\/site\\\/tomada-de-posicao-da-aep\\\/#article\",\"isPartOf\":{\"@id\":\"https:\\\/\\\/aliancaevangelica.pt\\\/site\\\/tomada-de-posicao-da-aep\\\/\"},\"author\":{\"name\":\"AEP\",\"@id\":\"https:\\\/\\\/aliancaevangelica.pt\\\/site\\\/#\\\/schema\\\/person\\\/3b47cfc7535eff1e820f31c2d67eafcf\"},\"headline\":\"Tomada de Posi\u00e7\u00e3o da AEP\",\"datePublished\":\"2020-10-23T11:39:27+00:00\",\"dateModified\":\"2026-04-07T09:59:54+00:00\",\"mainEntityOfPage\":{\"@id\":\"https:\\\/\\\/aliancaevangelica.pt\\\/site\\\/tomada-de-posicao-da-aep\\\/\"},\"wordCount\":195,\"publisher\":{\"@id\":\"https:\\\/\\\/aliancaevangelica.pt\\\/site\\\/#organization\"},\"image\":{\"@id\":\"https:\\\/\\\/aliancaevangelica.pt\\\/site\\\/tomada-de-posicao-da-aep\\\/#primaryimage\"},\"thumbnailUrl\":\"https:\\\/\\\/aliancaevangelica.pt\\\/site\\\/wp-content\\\/uploads\\\/2020\\\/10\\\/AEP-logo-background_Prancheta-1_Prancheta-1.png\",\"keywords\":[\"Tomadas de Posi\u00e7\u00e3o\"],\"inLanguage\":\"pt-PT\"},{\"@type\":\"WebPage\",\"@id\":\"https:\\\/\\\/aliancaevangelica.pt\\\/site\\\/tomada-de-posicao-da-aep\\\/\",\"url\":\"https:\\\/\\\/aliancaevangelica.pt\\\/site\\\/tomada-de-posicao-da-aep\\\/\",\"name\":\"Tomada de Posi\u00e7\u00e3o da AEP - AEP\",\"isPartOf\":{\"@id\":\"https:\\\/\\\/aliancaevangelica.pt\\\/site\\\/#website\"},\"primaryImageOfPage\":{\"@id\":\"https:\\\/\\\/aliancaevangelica.pt\\\/site\\\/tomada-de-posicao-da-aep\\\/#primaryimage\"},\"image\":{\"@id\":\"https:\\\/\\\/aliancaevangelica.pt\\\/site\\\/tomada-de-posicao-da-aep\\\/#primaryimage\"},\"thumbnailUrl\":\"https:\\\/\\\/aliancaevangelica.pt\\\/site\\\/wp-content\\\/uploads\\\/2020\\\/10\\\/AEP-logo-background_Prancheta-1_Prancheta-1.png\",\"datePublished\":\"2020-10-23T11:39:27+00:00\",\"dateModified\":\"2026-04-07T09:59:54+00:00\",\"breadcrumb\":{\"@id\":\"https:\\\/\\\/aliancaevangelica.pt\\\/site\\\/tomada-de-posicao-da-aep\\\/#breadcrumb\"},\"inLanguage\":\"pt-PT\",\"potentialAction\":[{\"@type\":\"ReadAction\",\"target\":[\"https:\\\/\\\/aliancaevangelica.pt\\\/site\\\/tomada-de-posicao-da-aep\\\/\"]}]},{\"@type\":\"ImageObject\",\"inLanguage\":\"pt-PT\",\"@id\":\"https:\\\/\\\/aliancaevangelica.pt\\\/site\\\/tomada-de-posicao-da-aep\\\/#primaryimage\",\"url\":\"https:\\\/\\\/aliancaevangelica.pt\\\/site\\\/wp-content\\\/uploads\\\/2020\\\/10\\\/AEP-logo-background_Prancheta-1_Prancheta-1.png\",\"contentUrl\":\"https:\\\/\\\/aliancaevangelica.pt\\\/site\\\/wp-content\\\/uploads\\\/2020\\\/10\\\/AEP-logo-background_Prancheta-1_Prancheta-1.png\",\"width\":1366,\"height\":768},{\"@type\":\"BreadcrumbList\",\"@id\":\"https:\\\/\\\/aliancaevangelica.pt\\\/site\\\/tomada-de-posicao-da-aep\\\/#breadcrumb\",\"itemListElement\":[{\"@type\":\"ListItem\",\"position\":1,\"name\":\"In\u00edcio\",\"item\":\"https:\\\/\\\/aliancaevangelica.pt\\\/site\\\/\"},{\"@type\":\"ListItem\",\"position\":2,\"name\":\"Tomada de Posi\u00e7\u00e3o da AEP\"}]},{\"@type\":\"WebSite\",\"@id\":\"https:\\\/\\\/aliancaevangelica.pt\\\/site\\\/#website\",\"url\":\"https:\\\/\\\/aliancaevangelica.pt\\\/site\\\/\",\"name\":\"Alian\u00e7a Evang\u00e9lica Portuguesa\",\"description\":\"Alian\u00e7a Evang\u00e9lica Portuguesa\",\"publisher\":{\"@id\":\"https:\\\/\\\/aliancaevangelica.pt\\\/site\\\/#organization\"},\"potentialAction\":[{\"@type\":\"SearchAction\",\"target\":{\"@type\":\"EntryPoint\",\"urlTemplate\":\"https:\\\/\\\/aliancaevangelica.pt\\\/site\\\/?s={search_term_string}\"},\"query-input\":{\"@type\":\"PropertyValueSpecification\",\"valueRequired\":true,\"valueName\":\"search_term_string\"}}],\"inLanguage\":\"pt-PT\"},{\"@type\":\"Organization\",\"@id\":\"https:\\\/\\\/aliancaevangelica.pt\\\/site\\\/#organization\",\"name\":\"Alian\u00e7a Evang\u00e9lica Portuguesa\",\"url\":\"https:\\\/\\\/aliancaevangelica.pt\\\/site\\\/\",\"logo\":{\"@type\":\"ImageObject\",\"inLanguage\":\"pt-PT\",\"@id\":\"https:\\\/\\\/aliancaevangelica.pt\\\/site\\\/#\\\/schema\\\/logo\\\/image\\\/\",\"url\":\"https:\\\/\\\/aliancaevangelica.pt\\\/site\\\/wp-content\\\/uploads\\\/2017\\\/11\\\/logo-AEP-cor.png\",\"contentUrl\":\"https:\\\/\\\/aliancaevangelica.pt\\\/site\\\/wp-content\\\/uploads\\\/2017\\\/11\\\/logo-AEP-cor.png\",\"width\":1156,\"height\":672,\"caption\":\"Alian\u00e7a Evang\u00e9lica Portuguesa\"},\"image\":{\"@id\":\"https:\\\/\\\/aliancaevangelica.pt\\\/site\\\/#\\\/schema\\\/logo\\\/image\\\/\"},\"sameAs\":[\"http:\\\/\\\/facebook.com\\\/aeportuguesa\",\"http:\\\/\\\/instagram.com\\\/aliancaep\",\"http:\\\/\\\/youtube.com\\\/aeportuguesa\"]},{\"@type\":\"Person\",\"@id\":\"https:\\\/\\\/aliancaevangelica.pt\\\/site\\\/#\\\/schema\\\/person\\\/3b47cfc7535eff1e820f31c2d67eafcf\",\"name\":\"AEP\",\"sameAs\":[\"aeportugal\"],\"url\":\"https:\\\/\\\/aliancaevangelica.pt\\\/site\\\/author\\\/aeportugal\\\/\"}]}<\/script>\n<!-- \/ Yoast SEO plugin. -->","yoast_head_json":{"title":"Tomada de Posi\u00e7\u00e3o da AEP - AEP","robots":{"index":"index","follow":"follow","max-snippet":"max-snippet:-1","max-image-preview":"max-image-preview:large","max-video-preview":"max-video-preview:-1"},"canonical":"https:\/\/aliancaevangelica.pt\/site\/tomada-de-posicao-da-aep\/","og_locale":"pt_PT","og_type":"article","og_title":"Tomada de Posi\u00e7\u00e3o da AEP - AEP","og_description":"No dia 20 de Outubro a SIC apresentou uma pe\u00e7a jornal\u00edstica 15-25 sobre os \u201dJOVENS E A RELIGI\u00c3O\u201d da responsabilidade da jornalista Concei\u00e7\u00e3o Lino. O programa deste dia merece da parte da AEP, \u00f3rg\u00e3o representativo dos Evang\u00e9licos em Portugal com mais de 100 anos de presen\u00e7a em Portugal a seguinte nota de protesto: A) Os","og_url":"https:\/\/aliancaevangelica.pt\/site\/tomada-de-posicao-da-aep\/","og_site_name":"AEP","article_publisher":"http:\/\/facebook.com\/aeportuguesa","article_author":"aeportugal","article_published_time":"2020-10-23T11:39:27+00:00","article_modified_time":"2026-04-07T09:59:54+00:00","og_image":[{"width":1366,"height":768,"url":"https:\/\/aliancaevangelica.pt\/site\/wp-content\/uploads\/2020\/10\/AEP-logo-background_Prancheta-1_Prancheta-1.png","type":"image\/png"}],"author":"AEP","twitter_card":"summary_large_image","twitter_misc":{"Escrito por":"AEP","Tempo estimado de leitura":"1 minuto"},"schema":{"@context":"https:\/\/schema.org","@graph":[{"@type":"Article","@id":"https:\/\/aliancaevangelica.pt\/site\/tomada-de-posicao-da-aep\/#article","isPartOf":{"@id":"https:\/\/aliancaevangelica.pt\/site\/tomada-de-posicao-da-aep\/"},"author":{"name":"AEP","@id":"https:\/\/aliancaevangelica.pt\/site\/#\/schema\/person\/3b47cfc7535eff1e820f31c2d67eafcf"},"headline":"Tomada de Posi\u00e7\u00e3o da AEP","datePublished":"2020-10-23T11:39:27+00:00","dateModified":"2026-04-07T09:59:54+00:00","mainEntityOfPage":{"@id":"https:\/\/aliancaevangelica.pt\/site\/tomada-de-posicao-da-aep\/"},"wordCount":195,"publisher":{"@id":"https:\/\/aliancaevangelica.pt\/site\/#organization"},"image":{"@id":"https:\/\/aliancaevangelica.pt\/site\/tomada-de-posicao-da-aep\/#primaryimage"},"thumbnailUrl":"https:\/\/aliancaevangelica.pt\/site\/wp-content\/uploads\/2020\/10\/AEP-logo-background_Prancheta-1_Prancheta-1.png","keywords":["Tomadas de Posi\u00e7\u00e3o"],"inLanguage":"pt-PT"},{"@type":"WebPage","@id":"https:\/\/aliancaevangelica.pt\/site\/tomada-de-posicao-da-aep\/","url":"https:\/\/aliancaevangelica.pt\/site\/tomada-de-posicao-da-aep\/","name":"Tomada de Posi\u00e7\u00e3o da AEP - AEP","isPartOf":{"@id":"https:\/\/aliancaevangelica.pt\/site\/#website"},"primaryImageOfPage":{"@id":"https:\/\/aliancaevangelica.pt\/site\/tomada-de-posicao-da-aep\/#primaryimage"},"image":{"@id":"https:\/\/aliancaevangelica.pt\/site\/tomada-de-posicao-da-aep\/#primaryimage"},"thumbnailUrl":"https:\/\/aliancaevangelica.pt\/site\/wp-content\/uploads\/2020\/10\/AEP-logo-background_Prancheta-1_Prancheta-1.png","datePublished":"2020-10-23T11:39:27+00:00","dateModified":"2026-04-07T09:59:54+00:00","breadcrumb":{"@id":"https:\/\/aliancaevangelica.pt\/site\/tomada-de-posicao-da-aep\/#breadcrumb"},"inLanguage":"pt-PT","potentialAction":[{"@type":"ReadAction","target":["https:\/\/aliancaevangelica.pt\/site\/tomada-de-posicao-da-aep\/"]}]},{"@type":"ImageObject","inLanguage":"pt-PT","@id":"https:\/\/aliancaevangelica.pt\/site\/tomada-de-posicao-da-aep\/#primaryimage","url":"https:\/\/aliancaevangelica.pt\/site\/wp-content\/uploads\/2020\/10\/AEP-logo-background_Prancheta-1_Prancheta-1.png","contentUrl":"https:\/\/aliancaevangelica.pt\/site\/wp-content\/uploads\/2020\/10\/AEP-logo-background_Prancheta-1_Prancheta-1.png","width":1366,"height":768},{"@type":"BreadcrumbList","@id":"https:\/\/aliancaevangelica.pt\/site\/tomada-de-posicao-da-aep\/#breadcrumb","itemListElement":[{"@type":"ListItem","position":1,"name":"In\u00edcio","item":"https:\/\/aliancaevangelica.pt\/site\/"},{"@type":"ListItem","position":2,"name":"Tomada de Posi\u00e7\u00e3o da AEP"}]},{"@type":"WebSite","@id":"https:\/\/aliancaevangelica.pt\/site\/#website","url":"https:\/\/aliancaevangelica.pt\/site\/","name":"Alian\u00e7a Evang\u00e9lica Portuguesa","description":"Alian\u00e7a Evang\u00e9lica Portuguesa","publisher":{"@id":"https:\/\/aliancaevangelica.pt\/site\/#organization"},"potentialAction":[{"@type":"SearchAction","target":{"@type":"EntryPoint","urlTemplate":"https:\/\/aliancaevangelica.pt\/site\/?s={search_term_string}"},"query-input":{"@type":"PropertyValueSpecification","valueRequired":true,"valueName":"search_term_string"}}],"inLanguage":"pt-PT"},{"@type":"Organization","@id":"https:\/\/aliancaevangelica.pt\/site\/#organization","name":"Alian\u00e7a Evang\u00e9lica Portuguesa","url":"https:\/\/aliancaevangelica.pt\/site\/","logo":{"@type":"ImageObject","inLanguage":"pt-PT","@id":"https:\/\/aliancaevangelica.pt\/site\/#\/schema\/logo\/image\/","url":"https:\/\/aliancaevangelica.pt\/site\/wp-content\/uploads\/2017\/11\/logo-AEP-cor.png","contentUrl":"https:\/\/aliancaevangelica.pt\/site\/wp-content\/uploads\/2017\/11\/logo-AEP-cor.png","width":1156,"height":672,"caption":"Alian\u00e7a Evang\u00e9lica Portuguesa"},"image":{"@id":"https:\/\/aliancaevangelica.pt\/site\/#\/schema\/logo\/image\/"},"sameAs":["http:\/\/facebook.com\/aeportuguesa","http:\/\/instagram.com\/aliancaep","http:\/\/youtube.com\/aeportuguesa"]},{"@type":"Person","@id":"https:\/\/aliancaevangelica.pt\/site\/#\/schema\/person\/3b47cfc7535eff1e820f31c2d67eafcf","name":"AEP","sameAs":["aeportugal"],"url":"https:\/\/aliancaevangelica.pt\/site\/author\/aeportugal\/"}]}},"uagb_featured_image_src":{"full":["https:\/\/aliancaevangelica.pt\/site\/wp-content\/uploads\/2020\/10\/AEP-logo-background_Prancheta-1_Prancheta-1.png",1366,768,false],"thumbnail":["https:\/\/aliancaevangelica.pt\/site\/wp-content\/uploads\/2020\/10\/AEP-logo-background_Prancheta-1_Prancheta-1-150x150.png",150,150,true],"medium":["https:\/\/aliancaevangelica.pt\/site\/wp-content\/uploads\/2020\/10\/AEP-logo-background_Prancheta-1_Prancheta-1-300x169.png",300,169,true],"medium_large":["https:\/\/aliancaevangelica.pt\/site\/wp-content\/uploads\/2020\/10\/AEP-logo-background_Prancheta-1_Prancheta-1-768x432.png",768,432,true],"large":["https:\/\/aliancaevangelica.pt\/site\/wp-content\/uploads\/2020\/10\/AEP-logo-background_Prancheta-1_Prancheta-1-1024x576.png",960,540,true],"1536x1536":["https:\/\/aliancaevangelica.pt\/site\/wp-content\/uploads\/2020\/10\/AEP-logo-background_Prancheta-1_Prancheta-1.png",1366,768,false],"2048x2048":["https:\/\/aliancaevangelica.pt\/site\/wp-content\/uploads\/2020\/10\/AEP-logo-background_Prancheta-1_Prancheta-1.png",1366,768,false],"vp_sm":["https:\/\/aliancaevangelica.pt\/site\/wp-content\/uploads\/2020\/10\/AEP-logo-background_Prancheta-1_Prancheta-1.png",500,281,false],"vp_md":["https:\/\/aliancaevangelica.pt\/site\/wp-content\/uploads\/2020\/10\/AEP-logo-background_Prancheta-1_Prancheta-1.png",800,450,false],"vp_lg":["https:\/\/aliancaevangelica.pt\/site\/wp-content\/uploads\/2020\/10\/AEP-logo-background_Prancheta-1_Prancheta-1.png",1280,720,false],"vp_xl":["https:\/\/aliancaevangelica.pt\/site\/wp-content\/uploads\/2020\/10\/AEP-logo-background_Prancheta-1_Prancheta-1.png",1366,768,false],"vp_sm_popup":["https:\/\/aliancaevangelica.pt\/site\/wp-content\/uploads\/2020\/10\/AEP-logo-background_Prancheta-1_Prancheta-1.png",500,281,false],"vp_md_popup":["https:\/\/aliancaevangelica.pt\/site\/wp-content\/uploads\/2020\/10\/AEP-logo-background_Prancheta-1_Prancheta-1.png",800,450,false],"vp_xl_popup":["https:\/\/aliancaevangelica.pt\/site\/wp-content\/uploads\/2020\/10\/AEP-logo-background_Prancheta-1_Prancheta-1.png",1366,768,false],"newsx-150x100":["https:\/\/aliancaevangelica.pt\/site\/wp-content\/uploads\/2020\/10\/AEP-logo-background_Prancheta-1_Prancheta-1.png",150,84,false],"newsx-330x220":["https:\/\/aliancaevangelica.pt\/site\/wp-content\/uploads\/2020\/10\/AEP-logo-background_Prancheta-1_Prancheta-1.png",330,186,false],"newsx-420x280":["https:\/\/aliancaevangelica.pt\/site\/wp-content\/uploads\/2020\/10\/AEP-logo-background_Prancheta-1_Prancheta-1.png",420,236,false],"newsx-510x340":["https:\/\/aliancaevangelica.pt\/site\/wp-content\/uploads\/2020\/10\/AEP-logo-background_Prancheta-1_Prancheta-1.png",510,287,false],"newsx-640x480":["https:\/\/aliancaevangelica.pt\/site\/wp-content\/uploads\/2020\/10\/AEP-logo-background_Prancheta-1_Prancheta-1.png",640,360,false],"newsx-670x370":["https:\/\/aliancaevangelica.pt\/site\/wp-content\/uploads\/2020\/10\/AEP-logo-background_Prancheta-1_Prancheta-1.png",658,370,false],"newsx-860x570":["https:\/\/aliancaevangelica.pt\/site\/wp-content\/uploads\/2020\/10\/AEP-logo-background_Prancheta-1_Prancheta-1.png",860,484,false],"newsx-1000x750":["https:\/\/aliancaevangelica.pt\/site\/wp-content\/uploads\/2020\/10\/AEP-logo-background_Prancheta-1_Prancheta-1.png",1000,562,false],"newsx-1200x600":["https:\/\/aliancaevangelica.pt\/site\/wp-content\/uploads\/2020\/10\/AEP-logo-background_Prancheta-1_Prancheta-1.png",1067,600,false]},"uagb_author_info":{"display_name":"AEP","author_link":"https:\/\/aliancaevangelica.pt\/site\/author\/aeportugal\/"},"uagb_comment_info":0,"uagb_excerpt":"No dia 20 de Outubro a SIC apresentou uma pe\u00e7a jornal\u00edstica 15-25 sobre os \u201dJOVENS E A RELIGI\u00c3O\u201d da responsabilidade da jornalista Concei\u00e7\u00e3o Lino. O programa deste dia merece da parte da AEP, \u00f3rg\u00e3o representativo dos Evang\u00e9licos em Portugal com mais de 100 anos de presen\u00e7a em Portugal a seguinte nota de protesto: A) Os","_links":{"self":[{"href":"https:\/\/aliancaevangelica.pt\/site\/wp-json\/wp\/v2\/posts\/18497","targetHints":{"allow":["GET"]}}],"collection":[{"href":"https:\/\/aliancaevangelica.pt\/site\/wp-json\/wp\/v2\/posts"}],"about":[{"href":"https:\/\/aliancaevangelica.pt\/site\/wp-json\/wp\/v2\/types\/post"}],"author":[{"embeddable":true,"href":"https:\/\/aliancaevangelica.pt\/site\/wp-json\/wp\/v2\/users\/2"}],"replies":[{"embeddable":true,"href":"https:\/\/aliancaevangelica.pt\/site\/wp-json\/wp\/v2\/comments?post=18497"}],"version-history":[{"count":1,"href":"https:\/\/aliancaevangelica.pt\/site\/wp-json\/wp\/v2\/posts\/18497\/revisions"}],"predecessor-version":[{"id":18499,"href":"https:\/\/aliancaevangelica.pt\/site\/wp-json\/wp\/v2\/posts\/18497\/revisions\/18499"}],"wp:featuredmedia":[{"embeddable":true,"href":"https:\/\/aliancaevangelica.pt\/site\/wp-json\/wp\/v2\/media\/18498"}],"wp:attachment":[{"href":"https:\/\/aliancaevangelica.pt\/site\/wp-json\/wp\/v2\/media?parent=18497"}],"wp:term":[{"taxonomy":"category","embeddable":true,"href":"https:\/\/aliancaevangelica.pt\/site\/wp-json\/wp\/v2\/categories?post=18497"},{"taxonomy":"post_tag","embeddable":true,"href":"https:\/\/aliancaevangelica.pt\/site\/wp-json\/wp\/v2\/tags?post=18497"}],"curies":[{"name":"wp","href":"https:\/\/api.w.org\/{rel}","templated":true}]}}