{"id":18462,"date":"2020-10-16T08:00:11","date_gmt":"2020-10-16T08:00:11","guid":{"rendered":"https:\/\/aliancaevangelica.pt\/site\/?p=18462"},"modified":"2020-10-02T11:02:16","modified_gmt":"2020-10-02T11:02:16","slug":"a-vida-numa-palavra","status":"publish","type":"post","link":"https:\/\/aliancaevangelica.pt\/site\/a-vida-numa-palavra\/","title":{"rendered":"A vida numa palavra"},"content":{"rendered":"<p class=\"p1\">\n<p class=\"p1\">A vida tem o seu jeito de nos levar a reflectir sobre ela, seja pela nossa pr\u00f3pria personalidade, as circunst\u00e2ncias pelas quais passamos ou as pessoas com quem nos cruzamos. Essa reflex\u00e3o pode, no sentido positivo, ajudar-nos a orientar ou a focar de novo a nossa exist\u00eancia, tal qual uma b\u00fassola. Nos \u00faltimos anos, e talvez influenciada pelo facto de ter passado a barreira dos 50 e ter consci\u00eancia que n\u00e3o viverei neste planeta tantos anos como aqueles que j\u00e1 tive oportunidade de viver at\u00e9 aqui, tenho reflectido sobre o que \u00e9 que se resume a vida. O que \u00e9 essencial, sem o qual n\u00e3o \u00e9 poss\u00edvel viver, no seu sentido mais significativo e profundo?<\/p>\n<p class=\"p1\">Cada um de n\u00f3s responde de forma pessoal a essa pergunta e a minha resposta \u00e9 a de que o fundamento da minha exist\u00eancia \u00e9 inquestionavelmente Deus. N\u00e3o me estou a referir a um conceito abstracto ou a um Deus distante, ditador, carrancudo, mas a Algu\u00e9m que \u00e9 relacional por natureza, est\u00e1 pr\u00f3ximo e continua envolvido com a Sua pr\u00f3pria cria\u00e7\u00e3o (tanto quanto esta Lhe permite) capacitando os relacionamentos n\u00e3o somente com a Divindade, mas tamb\u00e9m entre as criaturas. \u00c9 este Deus que me leva a pensar, talvez de forma simplista que a vida \u2013 a <strong>vida<\/strong> que Ele desejou\/deseja para a Sua cria\u00e7\u00e3o (humana e n\u00e3o-humana) \u2013 \u00e9 um entrela\u00e7ado de relacionamentos.<\/p>\n<p class=\"p1\">\u00c9 certamente a minha cren\u00e7a nesse Deus que fundamenta a minha convic\u00e7\u00e3o que os seres humanos desfrutam de relacionamentos construtivos quando estes s\u00e3o imersos na viv\u00eancia cont\u00ednua do amor de Deus. \u00c9 deste amor que fluem o compromisso, a confian\u00e7a e o perd\u00e3o, que s\u00e3o componentes importantes em qualquer relacionamento. O pr\u00f3prio Jesus \u2013 Deus na forma humana e a personifica\u00e7\u00e3o daquilo que \u00e9 ser-se humano &#8211; afirmou sobre o que \u00e9 mais importante: \u201c<i>Ama o Senhor teu Deus com todo o teu cora\u00e7\u00e3o, com toda a tua alma, com todo o teu entendimento e com todas as tuas for\u00e7as; e ama o teu pr\u00f3ximo como a ti mesmo<\/i>\u201d. (Mar. 12:30-31, BT09). Amor \u2013 este tipo de amor que vem de Deus, aceite por mim e que enche a minha vida \u2013 \u00e9 o que caracteriza os meus relacionamentos com Deus, outros e a mim mesma.<\/p>\n<p class=\"p1\">A cada pausa na m\u00fasica (para os amantes desta linguagem universal) ou da hist\u00f3ria (para os apreciadores de enredos) da vida maravilho-me pela percep\u00e7\u00e3o, mesmo que t\u00e9nue, de que o relacionamento maior de amor &#8211; aquele com Deus &#8211; foi iniciado por Ele e continua a ser cultivado por Ele diariamente. Enternece-me saber que sou amada \u2013 sou <i>filha amada de Deus<\/i>! Esse amor n\u00e3o depende do que eu fa\u00e7a ou deixe de fazer, embora compreenda na minha mente finita, que os meus pensamentos, palavras e ac\u00e7\u00f5es, ou a falta deles, alegram ou entristecem o cora\u00e7\u00e3o do meu Amado. Como n\u00e3o amar este Deus que me conduz com amor (Oseias 11:4, OL) do princ\u00edpio ao fim dos meus dias e para al\u00e9m deles? \u00c9 esta imensid\u00e3o e certeza de amor, que prefere morrer (como aconteceu na pessoa de Jesus) do que perder a oportunidade de se relacionar comigo\/connosco, que me leva a am\u00e1-l\u2019O de volta e fundamenta os relacionamentos com a Sua cria\u00e7\u00e3o, a come\u00e7ar com as pessoas.<\/p>\n<p class=\"p1\">Quando a minha identidade est\u00e1 alicer\u00e7ada nesse amor divino percebo que o outro \u00e9 igualmente e unicamente amado por Deus.<span class=\"Apple-converted-space\">\u00a0 <\/span>N\u00e3o \u00e9 o facto de nos darmos bem ou de \u2018irmos com a cara do outro\u2019 que firma os relacionamentos entre humanos, mas \u00e9 sim a afinidade de sermos filhos\/filhas do mesmo Pai, mesmo que alguns n\u00e3o reconhe\u00e7am e consequentemente n\u00e3o vivam essa filia\u00e7\u00e3o. Quando percebemos\/vivemos esta verdade, as lutas baseadas no amor ao poder, sejam em que dimens\u00f5es ou n\u00edveis forem, tornam-se pelo contr\u00e1rio em oportunidades de observar e actuar no poder do amor. \u00c9 este poder\/d\u00ednamo que transforma os estranhos em conhecidos, os conhecidos em amigos e os amigos em irm\u00e3os.<\/p>\n<p class=\"p1\">N\u00e3o h\u00e1 muito tempo fui levada a pensar no relacionamento com outros numa outra perspectiva ao ler o pensamento de Juliana de Norwich (que viveu durante a primeira e segunda vagas da Peste Negra e cuja experi\u00eancia de vida tem algo a dizer acerca do sofrimento). Ela referiu que o verdadeiro bem-estar nas nossas vidas \u00e9 encontrado em relacionamento. Por outras palavras, o bem-estar em todas as dimens\u00f5es (f\u00edsica, mental, espiritual, social) da pessoa humana revela-se intrinsecamente ligado ao ser-se transformado no melhor ser humano poss\u00edvel, o que \u00e9 concretizado atrav\u00e9s do relacionamento com os outros. O que me leva de volta \u00e0s palavras de Jesus: \u2018ama a Deus com todo o teu ser, e ao teu semelhante como a ti mesmo\u2019.<\/p>\n<p class=\"p1\">Em tempos idos, o amor a mim mesma era indubitavelmente associado ao ego\u00edsmo, cujo conceito e viv\u00eancia sempre foram considerados errados, e sobretudo num contexto de colocar os outros sempre em primeiro lugar. Como ent\u00e3o compreender a vida, no seu des\u00edgnio divino, no que respeita ao amor por mim mesma, j\u00e1 que este parece estar ligado ao amor pelo outro? Devo confessar que esta tem sido (continua a ser) uma jornada de desconstru\u00e7\u00e3o e reconstru\u00e7\u00e3o de ideias e concep\u00e7\u00f5es em mim arraigadas. A maneira de hoje olhar e viver esse amor a mim mesma, sem ro\u00e7ar o ego\u00edsmo, \u00e9 colocar no centro (de novo) o amor de Deus. Dizendo de outra maneira: \u00e9 amar-me atrav\u00e9s dos olhos de Deus \u2013 o que por si s\u00f3 \u00e9 um exerc\u00edcio s\u00f3 poss\u00edvel pelo modelo de vida encontrado em Jesus e pela capacita\u00e7\u00e3o providenciada pelo Esp\u00edrito Santo. A lente atrav\u00e9s da qual olho para mim mesma, me relaciono comigo mesma, \u00e9 a perspectiva de Deus, n\u00e3o a minha, nem a dos outros acerca de mim. E como \u00e9 que Ele me v\u00ea? Deus v\u00ea-me como filha (Jo\u00e3o 1.12), como amiga de Cristo (Jo\u00e3o 15:15), como justificada (Rom. 5:1), como pertencendo a Ele (1 Cor. 6:20), como estabelecida, ungida e selada por Ele (2 Cor. 1:21-22), como cidad\u00e3 dos c\u00e9us (Fil. 3:20), como templo da Sua pr\u00f3pria habita\u00e7\u00e3o (1 Cor. 3:16), como ministra de reconcilia\u00e7\u00e3o (2 Cor. 5:17-20)\u2026entre muitas outras facetas que me fazem ser uma pessoa aceite, segura e com significado em Deus.<\/p>\n<p class=\"p1\">A vida numa palavra? <strong>Relacionamentos<\/strong> &#8211; imersos e fundamentados no amor de Deus! O Deus relacional que nos criou e nos possibilita viver como o ser humano verdadeiro que ele planeou sermos, atrav\u00e9s do que Jesus fez e o Esp\u00edrito Santo continua a fazer, almeja que nos relacionemos com Ele, com os outros e connosco mesmos, e at\u00e9 com a Sua restante cria\u00e7\u00e3o, em Amor. Este calibre de viv\u00eancia manifesta-se num bem-estar e relacionamentos correctos que Deus sonhou para toda a Sua cria\u00e7\u00e3o.<\/p>\n<p>&nbsp;<\/p>\n<p>[movedo_single_image image=&#8221;18253&#8243; animation=&#8221;grve-zoom-in&#8221;]<strong>Raquel A. Espinhal Pereira<\/strong><\/p>\n<p class=\"p1\">Secret\u00e1ria acad\u00e9mica e professora em institui\u00e7\u00e3o b\u00edblica-teol\u00f3gica (<a href=\"http:\/\/www.eunc.edu\">www.eunc.edu<\/a>)<\/p>\n","protected":false},"excerpt":{"rendered":"<p>A vida tem o seu jeito de nos levar a reflectir sobre ela, seja pela nossa pr\u00f3pria personalidade, as circunst\u00e2ncias pelas quais passamos ou as pessoas com quem nos cruzamos. Essa reflex\u00e3o pode, no sentido positivo, ajudar-nos a orientar ou a focar de novo a nossa exist\u00eancia, tal qual uma b\u00fassola. Nos \u00faltimos anos, e<\/p>\n","protected":false},"author":2,"featured_media":18463,"comment_status":"open","ping_status":"open","sticky":false,"template":"","format":"standard","meta":{"_uag_custom_page_level_css":"","_themeisle_gutenberg_block_has_review":false,"_vp_format_video_url":"","_vp_image_focal_point":[],"footnotes":""},"categories":[47],"tags":[],"class_list":["post-18462","post","type-post","status-publish","format-standard","has-post-thumbnail","hentry","category-mulheres-casais-e-familia"],"yoast_head":"<!-- This site is optimized with the Yoast SEO plugin v27.5 - https:\/\/yoast.com\/product\/yoast-seo-wordpress\/ -->\n<title>A vida numa palavra - AEP<\/title>\n<meta name=\"robots\" content=\"index, follow, max-snippet:-1, max-image-preview:large, max-video-preview:-1\" \/>\n<link rel=\"canonical\" href=\"https:\/\/aliancaevangelica.pt\/site\/a-vida-numa-palavra\/\" \/>\n<meta property=\"og:locale\" content=\"pt_PT\" \/>\n<meta property=\"og:type\" content=\"article\" \/>\n<meta property=\"og:title\" content=\"A vida numa palavra - AEP\" \/>\n<meta property=\"og:description\" content=\"A vida tem o seu jeito de nos levar a reflectir sobre ela, seja pela nossa pr\u00f3pria personalidade, as circunst\u00e2ncias pelas quais passamos ou as pessoas com quem nos cruzamos. Essa reflex\u00e3o pode, no sentido positivo, ajudar-nos a orientar ou a focar de novo a nossa exist\u00eancia, tal qual uma b\u00fassola. Nos \u00faltimos anos, e\" \/>\n<meta property=\"og:url\" content=\"https:\/\/aliancaevangelica.pt\/site\/a-vida-numa-palavra\/\" \/>\n<meta property=\"og:site_name\" content=\"AEP\" \/>\n<meta property=\"article:publisher\" content=\"http:\/\/facebook.com\/aeportuguesa\" \/>\n<meta property=\"article:author\" content=\"aeportugal\" \/>\n<meta property=\"article:published_time\" content=\"2020-10-16T08:00:11+00:00\" \/>\n<meta property=\"og:image\" content=\"https:\/\/aliancaevangelica.pt\/site\/wp-content\/uploads\/2020\/10\/Relacionamentos.jpg\" \/>\n\t<meta property=\"og:image:width\" content=\"960\" \/>\n\t<meta property=\"og:image:height\" content=\"640\" \/>\n\t<meta property=\"og:image:type\" content=\"image\/jpeg\" \/>\n<meta name=\"author\" content=\"AEP\" \/>\n<meta name=\"twitter:card\" content=\"summary_large_image\" \/>\n<meta name=\"twitter:label1\" content=\"Escrito por\" \/>\n\t<meta name=\"twitter:data1\" content=\"AEP\" \/>\n\t<meta name=\"twitter:label2\" content=\"Tempo estimado de leitura\" \/>\n\t<meta name=\"twitter:data2\" content=\"6 minutos\" \/>\n<script type=\"application\/ld+json\" class=\"yoast-schema-graph\">{\"@context\":\"https:\\\/\\\/schema.org\",\"@graph\":[{\"@type\":\"Article\",\"@id\":\"https:\\\/\\\/aliancaevangelica.pt\\\/site\\\/a-vida-numa-palavra\\\/#article\",\"isPartOf\":{\"@id\":\"https:\\\/\\\/aliancaevangelica.pt\\\/site\\\/a-vida-numa-palavra\\\/\"},\"author\":{\"name\":\"AEP\",\"@id\":\"https:\\\/\\\/aliancaevangelica.pt\\\/site\\\/#\\\/schema\\\/person\\\/3b47cfc7535eff1e820f31c2d67eafcf\"},\"headline\":\"A vida numa palavra\",\"datePublished\":\"2020-10-16T08:00:11+00:00\",\"mainEntityOfPage\":{\"@id\":\"https:\\\/\\\/aliancaevangelica.pt\\\/site\\\/a-vida-numa-palavra\\\/\"},\"wordCount\":1197,\"commentCount\":0,\"publisher\":{\"@id\":\"https:\\\/\\\/aliancaevangelica.pt\\\/site\\\/#organization\"},\"image\":{\"@id\":\"https:\\\/\\\/aliancaevangelica.pt\\\/site\\\/a-vida-numa-palavra\\\/#primaryimage\"},\"thumbnailUrl\":\"https:\\\/\\\/aliancaevangelica.pt\\\/site\\\/wp-content\\\/uploads\\\/2020\\\/10\\\/Relacionamentos.jpg\",\"articleSection\":[\"MULHERES, CASAIS E FAM\u00cdLIA\"],\"inLanguage\":\"pt-PT\",\"potentialAction\":[{\"@type\":\"CommentAction\",\"name\":\"Comment\",\"target\":[\"https:\\\/\\\/aliancaevangelica.pt\\\/site\\\/a-vida-numa-palavra\\\/#respond\"]}]},{\"@type\":\"WebPage\",\"@id\":\"https:\\\/\\\/aliancaevangelica.pt\\\/site\\\/a-vida-numa-palavra\\\/\",\"url\":\"https:\\\/\\\/aliancaevangelica.pt\\\/site\\\/a-vida-numa-palavra\\\/\",\"name\":\"A vida numa palavra - AEP\",\"isPartOf\":{\"@id\":\"https:\\\/\\\/aliancaevangelica.pt\\\/site\\\/#website\"},\"primaryImageOfPage\":{\"@id\":\"https:\\\/\\\/aliancaevangelica.pt\\\/site\\\/a-vida-numa-palavra\\\/#primaryimage\"},\"image\":{\"@id\":\"https:\\\/\\\/aliancaevangelica.pt\\\/site\\\/a-vida-numa-palavra\\\/#primaryimage\"},\"thumbnailUrl\":\"https:\\\/\\\/aliancaevangelica.pt\\\/site\\\/wp-content\\\/uploads\\\/2020\\\/10\\\/Relacionamentos.jpg\",\"datePublished\":\"2020-10-16T08:00:11+00:00\",\"breadcrumb\":{\"@id\":\"https:\\\/\\\/aliancaevangelica.pt\\\/site\\\/a-vida-numa-palavra\\\/#breadcrumb\"},\"inLanguage\":\"pt-PT\",\"potentialAction\":[{\"@type\":\"ReadAction\",\"target\":[\"https:\\\/\\\/aliancaevangelica.pt\\\/site\\\/a-vida-numa-palavra\\\/\"]}]},{\"@type\":\"ImageObject\",\"inLanguage\":\"pt-PT\",\"@id\":\"https:\\\/\\\/aliancaevangelica.pt\\\/site\\\/a-vida-numa-palavra\\\/#primaryimage\",\"url\":\"https:\\\/\\\/aliancaevangelica.pt\\\/site\\\/wp-content\\\/uploads\\\/2020\\\/10\\\/Relacionamentos.jpg\",\"contentUrl\":\"https:\\\/\\\/aliancaevangelica.pt\\\/site\\\/wp-content\\\/uploads\\\/2020\\\/10\\\/Relacionamentos.jpg\",\"width\":960,\"height\":640},{\"@type\":\"BreadcrumbList\",\"@id\":\"https:\\\/\\\/aliancaevangelica.pt\\\/site\\\/a-vida-numa-palavra\\\/#breadcrumb\",\"itemListElement\":[{\"@type\":\"ListItem\",\"position\":1,\"name\":\"In\u00edcio\",\"item\":\"https:\\\/\\\/aliancaevangelica.pt\\\/site\\\/\"},{\"@type\":\"ListItem\",\"position\":2,\"name\":\"A vida numa palavra\"}]},{\"@type\":\"WebSite\",\"@id\":\"https:\\\/\\\/aliancaevangelica.pt\\\/site\\\/#website\",\"url\":\"https:\\\/\\\/aliancaevangelica.pt\\\/site\\\/\",\"name\":\"Alian\u00e7a Evang\u00e9lica Portuguesa\",\"description\":\"Alian\u00e7a Evang\u00e9lica Portuguesa\",\"publisher\":{\"@id\":\"https:\\\/\\\/aliancaevangelica.pt\\\/site\\\/#organization\"},\"potentialAction\":[{\"@type\":\"SearchAction\",\"target\":{\"@type\":\"EntryPoint\",\"urlTemplate\":\"https:\\\/\\\/aliancaevangelica.pt\\\/site\\\/?s={search_term_string}\"},\"query-input\":{\"@type\":\"PropertyValueSpecification\",\"valueRequired\":true,\"valueName\":\"search_term_string\"}}],\"inLanguage\":\"pt-PT\"},{\"@type\":\"Organization\",\"@id\":\"https:\\\/\\\/aliancaevangelica.pt\\\/site\\\/#organization\",\"name\":\"Alian\u00e7a Evang\u00e9lica Portuguesa\",\"url\":\"https:\\\/\\\/aliancaevangelica.pt\\\/site\\\/\",\"logo\":{\"@type\":\"ImageObject\",\"inLanguage\":\"pt-PT\",\"@id\":\"https:\\\/\\\/aliancaevangelica.pt\\\/site\\\/#\\\/schema\\\/logo\\\/image\\\/\",\"url\":\"https:\\\/\\\/aliancaevangelica.pt\\\/site\\\/wp-content\\\/uploads\\\/2017\\\/11\\\/logo-AEP-cor.png\",\"contentUrl\":\"https:\\\/\\\/aliancaevangelica.pt\\\/site\\\/wp-content\\\/uploads\\\/2017\\\/11\\\/logo-AEP-cor.png\",\"width\":1156,\"height\":672,\"caption\":\"Alian\u00e7a Evang\u00e9lica Portuguesa\"},\"image\":{\"@id\":\"https:\\\/\\\/aliancaevangelica.pt\\\/site\\\/#\\\/schema\\\/logo\\\/image\\\/\"},\"sameAs\":[\"http:\\\/\\\/facebook.com\\\/aeportuguesa\",\"http:\\\/\\\/instagram.com\\\/aliancaep\",\"http:\\\/\\\/youtube.com\\\/aeportuguesa\"]},{\"@type\":\"Person\",\"@id\":\"https:\\\/\\\/aliancaevangelica.pt\\\/site\\\/#\\\/schema\\\/person\\\/3b47cfc7535eff1e820f31c2d67eafcf\",\"name\":\"AEP\",\"sameAs\":[\"aeportugal\"],\"url\":\"https:\\\/\\\/aliancaevangelica.pt\\\/site\\\/author\\\/aeportugal\\\/\"}]}<\/script>\n<!-- \/ Yoast SEO plugin. -->","yoast_head_json":{"title":"A vida numa palavra - AEP","robots":{"index":"index","follow":"follow","max-snippet":"max-snippet:-1","max-image-preview":"max-image-preview:large","max-video-preview":"max-video-preview:-1"},"canonical":"https:\/\/aliancaevangelica.pt\/site\/a-vida-numa-palavra\/","og_locale":"pt_PT","og_type":"article","og_title":"A vida numa palavra - AEP","og_description":"A vida tem o seu jeito de nos levar a reflectir sobre ela, seja pela nossa pr\u00f3pria personalidade, as circunst\u00e2ncias pelas quais passamos ou as pessoas com quem nos cruzamos. Essa reflex\u00e3o pode, no sentido positivo, ajudar-nos a orientar ou a focar de novo a nossa exist\u00eancia, tal qual uma b\u00fassola. Nos \u00faltimos anos, e","og_url":"https:\/\/aliancaevangelica.pt\/site\/a-vida-numa-palavra\/","og_site_name":"AEP","article_publisher":"http:\/\/facebook.com\/aeportuguesa","article_author":"aeportugal","article_published_time":"2020-10-16T08:00:11+00:00","og_image":[{"width":960,"height":640,"url":"https:\/\/aliancaevangelica.pt\/site\/wp-content\/uploads\/2020\/10\/Relacionamentos.jpg","type":"image\/jpeg"}],"author":"AEP","twitter_card":"summary_large_image","twitter_misc":{"Escrito por":"AEP","Tempo estimado de leitura":"6 minutos"},"schema":{"@context":"https:\/\/schema.org","@graph":[{"@type":"Article","@id":"https:\/\/aliancaevangelica.pt\/site\/a-vida-numa-palavra\/#article","isPartOf":{"@id":"https:\/\/aliancaevangelica.pt\/site\/a-vida-numa-palavra\/"},"author":{"name":"AEP","@id":"https:\/\/aliancaevangelica.pt\/site\/#\/schema\/person\/3b47cfc7535eff1e820f31c2d67eafcf"},"headline":"A vida numa palavra","datePublished":"2020-10-16T08:00:11+00:00","mainEntityOfPage":{"@id":"https:\/\/aliancaevangelica.pt\/site\/a-vida-numa-palavra\/"},"wordCount":1197,"commentCount":0,"publisher":{"@id":"https:\/\/aliancaevangelica.pt\/site\/#organization"},"image":{"@id":"https:\/\/aliancaevangelica.pt\/site\/a-vida-numa-palavra\/#primaryimage"},"thumbnailUrl":"https:\/\/aliancaevangelica.pt\/site\/wp-content\/uploads\/2020\/10\/Relacionamentos.jpg","articleSection":["MULHERES, CASAIS E FAM\u00cdLIA"],"inLanguage":"pt-PT","potentialAction":[{"@type":"CommentAction","name":"Comment","target":["https:\/\/aliancaevangelica.pt\/site\/a-vida-numa-palavra\/#respond"]}]},{"@type":"WebPage","@id":"https:\/\/aliancaevangelica.pt\/site\/a-vida-numa-palavra\/","url":"https:\/\/aliancaevangelica.pt\/site\/a-vida-numa-palavra\/","name":"A vida numa palavra - AEP","isPartOf":{"@id":"https:\/\/aliancaevangelica.pt\/site\/#website"},"primaryImageOfPage":{"@id":"https:\/\/aliancaevangelica.pt\/site\/a-vida-numa-palavra\/#primaryimage"},"image":{"@id":"https:\/\/aliancaevangelica.pt\/site\/a-vida-numa-palavra\/#primaryimage"},"thumbnailUrl":"https:\/\/aliancaevangelica.pt\/site\/wp-content\/uploads\/2020\/10\/Relacionamentos.jpg","datePublished":"2020-10-16T08:00:11+00:00","breadcrumb":{"@id":"https:\/\/aliancaevangelica.pt\/site\/a-vida-numa-palavra\/#breadcrumb"},"inLanguage":"pt-PT","potentialAction":[{"@type":"ReadAction","target":["https:\/\/aliancaevangelica.pt\/site\/a-vida-numa-palavra\/"]}]},{"@type":"ImageObject","inLanguage":"pt-PT","@id":"https:\/\/aliancaevangelica.pt\/site\/a-vida-numa-palavra\/#primaryimage","url":"https:\/\/aliancaevangelica.pt\/site\/wp-content\/uploads\/2020\/10\/Relacionamentos.jpg","contentUrl":"https:\/\/aliancaevangelica.pt\/site\/wp-content\/uploads\/2020\/10\/Relacionamentos.jpg","width":960,"height":640},{"@type":"BreadcrumbList","@id":"https:\/\/aliancaevangelica.pt\/site\/a-vida-numa-palavra\/#breadcrumb","itemListElement":[{"@type":"ListItem","position":1,"name":"In\u00edcio","item":"https:\/\/aliancaevangelica.pt\/site\/"},{"@type":"ListItem","position":2,"name":"A vida numa palavra"}]},{"@type":"WebSite","@id":"https:\/\/aliancaevangelica.pt\/site\/#website","url":"https:\/\/aliancaevangelica.pt\/site\/","name":"Alian\u00e7a Evang\u00e9lica Portuguesa","description":"Alian\u00e7a Evang\u00e9lica Portuguesa","publisher":{"@id":"https:\/\/aliancaevangelica.pt\/site\/#organization"},"potentialAction":[{"@type":"SearchAction","target":{"@type":"EntryPoint","urlTemplate":"https:\/\/aliancaevangelica.pt\/site\/?s={search_term_string}"},"query-input":{"@type":"PropertyValueSpecification","valueRequired":true,"valueName":"search_term_string"}}],"inLanguage":"pt-PT"},{"@type":"Organization","@id":"https:\/\/aliancaevangelica.pt\/site\/#organization","name":"Alian\u00e7a Evang\u00e9lica Portuguesa","url":"https:\/\/aliancaevangelica.pt\/site\/","logo":{"@type":"ImageObject","inLanguage":"pt-PT","@id":"https:\/\/aliancaevangelica.pt\/site\/#\/schema\/logo\/image\/","url":"https:\/\/aliancaevangelica.pt\/site\/wp-content\/uploads\/2017\/11\/logo-AEP-cor.png","contentUrl":"https:\/\/aliancaevangelica.pt\/site\/wp-content\/uploads\/2017\/11\/logo-AEP-cor.png","width":1156,"height":672,"caption":"Alian\u00e7a Evang\u00e9lica Portuguesa"},"image":{"@id":"https:\/\/aliancaevangelica.pt\/site\/#\/schema\/logo\/image\/"},"sameAs":["http:\/\/facebook.com\/aeportuguesa","http:\/\/instagram.com\/aliancaep","http:\/\/youtube.com\/aeportuguesa"]},{"@type":"Person","@id":"https:\/\/aliancaevangelica.pt\/site\/#\/schema\/person\/3b47cfc7535eff1e820f31c2d67eafcf","name":"AEP","sameAs":["aeportugal"],"url":"https:\/\/aliancaevangelica.pt\/site\/author\/aeportugal\/"}]}},"uagb_featured_image_src":{"full":["https:\/\/aliancaevangelica.pt\/site\/wp-content\/uploads\/2020\/10\/Relacionamentos.jpg",960,640,false],"thumbnail":["https:\/\/aliancaevangelica.pt\/site\/wp-content\/uploads\/2020\/10\/Relacionamentos-150x150.jpg",150,150,true],"medium":["https:\/\/aliancaevangelica.pt\/site\/wp-content\/uploads\/2020\/10\/Relacionamentos-300x200.jpg",300,200,true],"medium_large":["https:\/\/aliancaevangelica.pt\/site\/wp-content\/uploads\/2020\/10\/Relacionamentos-768x512.jpg",768,512,true],"large":["https:\/\/aliancaevangelica.pt\/site\/wp-content\/uploads\/2020\/10\/Relacionamentos.jpg",960,640,false],"1536x1536":["https:\/\/aliancaevangelica.pt\/site\/wp-content\/uploads\/2020\/10\/Relacionamentos.jpg",960,640,false],"2048x2048":["https:\/\/aliancaevangelica.pt\/site\/wp-content\/uploads\/2020\/10\/Relacionamentos.jpg",960,640,false],"vp_sm":["https:\/\/aliancaevangelica.pt\/site\/wp-content\/uploads\/2020\/10\/Relacionamentos.jpg",500,333,false],"vp_md":["https:\/\/aliancaevangelica.pt\/site\/wp-content\/uploads\/2020\/10\/Relacionamentos.jpg",800,533,false],"vp_lg":["https:\/\/aliancaevangelica.pt\/site\/wp-content\/uploads\/2020\/10\/Relacionamentos.jpg",960,640,false],"vp_xl":["https:\/\/aliancaevangelica.pt\/site\/wp-content\/uploads\/2020\/10\/Relacionamentos.jpg",960,640,false],"vp_sm_popup":["https:\/\/aliancaevangelica.pt\/site\/wp-content\/uploads\/2020\/10\/Relacionamentos.jpg",500,333,false],"vp_md_popup":["https:\/\/aliancaevangelica.pt\/site\/wp-content\/uploads\/2020\/10\/Relacionamentos.jpg",800,533,false],"vp_xl_popup":["https:\/\/aliancaevangelica.pt\/site\/wp-content\/uploads\/2020\/10\/Relacionamentos.jpg",960,640,false],"newsx-150x100":["https:\/\/aliancaevangelica.pt\/site\/wp-content\/uploads\/2020\/10\/Relacionamentos.jpg",150,100,false],"newsx-330x220":["https:\/\/aliancaevangelica.pt\/site\/wp-content\/uploads\/2020\/10\/Relacionamentos.jpg",330,220,false],"newsx-420x280":["https:\/\/aliancaevangelica.pt\/site\/wp-content\/uploads\/2020\/10\/Relacionamentos.jpg",420,280,false],"newsx-510x340":["https:\/\/aliancaevangelica.pt\/site\/wp-content\/uploads\/2020\/10\/Relacionamentos.jpg",510,340,false],"newsx-640x480":["https:\/\/aliancaevangelica.pt\/site\/wp-content\/uploads\/2020\/10\/Relacionamentos.jpg",640,427,false],"newsx-670x370":["https:\/\/aliancaevangelica.pt\/site\/wp-content\/uploads\/2020\/10\/Relacionamentos.jpg",555,370,false],"newsx-860x570":["https:\/\/aliancaevangelica.pt\/site\/wp-content\/uploads\/2020\/10\/Relacionamentos.jpg",855,570,false],"newsx-1000x750":["https:\/\/aliancaevangelica.pt\/site\/wp-content\/uploads\/2020\/10\/Relacionamentos.jpg",960,640,false],"newsx-1200x600":["https:\/\/aliancaevangelica.pt\/site\/wp-content\/uploads\/2020\/10\/Relacionamentos.jpg",900,600,false]},"uagb_author_info":{"display_name":"AEP","author_link":"https:\/\/aliancaevangelica.pt\/site\/author\/aeportugal\/"},"uagb_comment_info":0,"uagb_excerpt":"A vida tem o seu jeito de nos levar a reflectir sobre ela, seja pela nossa pr\u00f3pria personalidade, as circunst\u00e2ncias pelas quais passamos ou as pessoas com quem nos cruzamos. Essa reflex\u00e3o pode, no sentido positivo, ajudar-nos a orientar ou a focar de novo a nossa exist\u00eancia, tal qual uma b\u00fassola. Nos \u00faltimos anos, e","_links":{"self":[{"href":"https:\/\/aliancaevangelica.pt\/site\/wp-json\/wp\/v2\/posts\/18462","targetHints":{"allow":["GET"]}}],"collection":[{"href":"https:\/\/aliancaevangelica.pt\/site\/wp-json\/wp\/v2\/posts"}],"about":[{"href":"https:\/\/aliancaevangelica.pt\/site\/wp-json\/wp\/v2\/types\/post"}],"author":[{"embeddable":true,"href":"https:\/\/aliancaevangelica.pt\/site\/wp-json\/wp\/v2\/users\/2"}],"replies":[{"embeddable":true,"href":"https:\/\/aliancaevangelica.pt\/site\/wp-json\/wp\/v2\/comments?post=18462"}],"version-history":[{"count":2,"href":"https:\/\/aliancaevangelica.pt\/site\/wp-json\/wp\/v2\/posts\/18462\/revisions"}],"predecessor-version":[{"id":18465,"href":"https:\/\/aliancaevangelica.pt\/site\/wp-json\/wp\/v2\/posts\/18462\/revisions\/18465"}],"wp:featuredmedia":[{"embeddable":true,"href":"https:\/\/aliancaevangelica.pt\/site\/wp-json\/wp\/v2\/media\/18463"}],"wp:attachment":[{"href":"https:\/\/aliancaevangelica.pt\/site\/wp-json\/wp\/v2\/media?parent=18462"}],"wp:term":[{"taxonomy":"category","embeddable":true,"href":"https:\/\/aliancaevangelica.pt\/site\/wp-json\/wp\/v2\/categories?post=18462"},{"taxonomy":"post_tag","embeddable":true,"href":"https:\/\/aliancaevangelica.pt\/site\/wp-json\/wp\/v2\/tags?post=18462"}],"curies":[{"name":"wp","href":"https:\/\/api.w.org\/{rel}","templated":true}]}}