{"id":18427,"date":"2020-09-18T17:43:25","date_gmt":"2020-09-18T17:43:25","guid":{"rendered":"https:\/\/aliancaevangelica.pt\/site\/?p=18427"},"modified":"2020-09-18T17:43:25","modified_gmt":"2020-09-18T17:43:25","slug":"temos-ousadia","status":"publish","type":"post","link":"https:\/\/aliancaevangelica.pt\/site\/temos-ousadia\/","title":{"rendered":"TEMOS OUSADIA?"},"content":{"rendered":"<p class=\"p1\">De vez em quando, o Senhor faz-me parar em algum ponto da passagem que estou a ler.<\/p>\n<p class=\"p1\">H\u00e1 algum tempo, ao ler o vers\u00edculo 12 do cap\u00edtulo 3 de Ef\u00e9sios, parei nas palavras <b>\u201c<\/b><i>ousadia\u201d e \u201cconfian\u00e7a\u201d<\/i>.<\/p>\n<p class=\"p1\"><i>\u00abNo qual temos <\/i><span class=\"s1\"><i>ousadia<\/i><\/span><i> e acesso com <\/i><span class=\"s1\"><i>confian\u00e7a<\/i><\/span><i>, pela nossa f\u00e9 n\u2019Ele.\u00bb<\/i><\/p>\n<p class=\"p1\">Em Cristo, por causa da obra da cruz, que nos fez nova cria\u00e7\u00e3o, pela f\u00e9, temos acesso a Deus \u2013 porque n\u00e3o t\u00ednhamos, devido \u00e0 nossa condi\u00e7\u00e3o de pecadores perdidos.<\/p>\n<p class=\"p1\">Aqui surgem as duas palavras que me fizeram parar:<\/p>\n<ul class=\"ul1\">\n<li class=\"li2\">Ousadia<\/li>\n<li class=\"li2\">Confian\u00e7a<\/li>\n<\/ul>\n<p class=\"p1\">Gostaria, ent\u00e3o, de destacar estes dois aspetos.<\/p>\n<ol class=\"ol1\">\n<li class=\"li1\">Para mim a <b>confian\u00e7a<\/b> \u00e9 mais clara, l\u00f3gica! \u00c9 com essa credencial \u2013 a obra que Cristo realizou na cruz &#8211;<span class=\"Apple-converted-space\">\u00a0 <\/span>que eu acedo \u00e0 presen\u00e7a do Pai.<span class=\"Apple-converted-space\">\u00a0 <\/span>\u00c9 a minha Carta de Apresenta\u00e7\u00e3o: Helena Pais Martins, apresenta-se para entrar no Lugar Santo, porque foi lavada e purificada, assim tornou-se filha de Deus e adquiriu o privil\u00e9gio de acesso direto ao acesso \u00e0 Sua presen\u00e7a. Para ela j\u00e1 n\u00e3o existe v\u00e9u, foi rasgado como parte integrante do sacrif\u00edcio do Filho de Deus, Jesus Cristo.<\/li>\n<\/ol>\n<p class=\"p3\">Em Hebreus 4:16 vemos que podemos, com confian\u00e7a, chegar junto ao Trono da Gra\u00e7a de Deus. Temos acesso a algo determinado \u2013 o Trono da Gra\u00e7a de Deus.<\/p>\n<p class=\"p3\">Ao faz\u00ea-lo encontramos 3 coisas:<\/p>\n<ul class=\"ul1\">\n<li class=\"li1\">Miseric\u00f3rdia \u2013 sem ela n\u00e3o ter\u00edamos tido a oportunidade de salva\u00e7\u00e3o.<\/li>\n<li class=\"li1\">Gra\u00e7a \u2013 s\u00f3 ela nos coloca na nova posi\u00e7\u00e3o de filhos, quando cremos em Jesus.<\/li>\n<li class=\"li1\">Ajuda em tempo oportuno \u2013 nunca mais estamos s\u00f3s!<\/li>\n<\/ul>\n<ol class=\"ol1\">\n<li class=\"li1\"><b><\/b>Mas porqu\u00ea <b>ousadia<\/b>?<\/li>\n<\/ol>\n<p class=\"p3\">Isto j\u00e1 implica uma atitude da nossa parte. \u00c9 fruto de eu saber o que Ele fez e quem sou n\u2019Ele. \u00c9 ir \u00e0 presen\u00e7a de Deus sabendo que a mesa est\u00e1 posta e me posso servir de tudo. Sem medo, sem complexos. \u00c9 para meu usufruto!<\/p>\n<p class=\"p3\">Isto trouxe-me \u00e0 mem\u00f3ria uma hist\u00f3ria que li, passada j\u00e1 h\u00e1 muitos anos, quando as viagens de barco eram ainda uma grande novidade e aventura! Conta-se que um jovem andou a juntar dinheiro para a viagem (creio que para os EUA) durante anos. Conseguiu e l\u00e1 chegou o dia de comprar o seu bilhete e em devido tempo embarcar.<\/p>\n<p class=\"p3\">Entrou no seu camarote. Tudo era novo! Sa\u00eda um pouco e voltava. J\u00e1 quase a meio da viagem, um colega de camarote perguntou-lhe porque n\u00e3o ia almo\u00e7ar com os outros passageiros. \u2018N\u00e3o posso\u2019, foi a resposta. \u2018S\u00f3 tinha dinheiro para a viagem\u2026\u2019<\/p>\n<p class=\"p3\">Nem sabia que as refei\u00e7\u00f5es estavam inclu\u00eddas no bilhete!<\/p>\n<p class=\"p3\">Creio que n\u00f3s, muitas vezes, n\u00e3o usufru\u00edmos tudo o que Deus tem para n\u00f3s porque ignoramos as verdades da Palavra! O que Deus tem para n\u00f3s n\u00e3o s\u00e3o as migalhas! \u00c9 o que est\u00e1 na mesa! E a\u00ed posso circular \u00e0 vontade, tirar n\u00e3o apenas o que preciso, mas tamb\u00e9m o que me d\u00e1 prazer!<\/p>\n<p class=\"p3\">Que lemos em Hebreus 10:19?<\/p>\n<p class=\"p3\">\u201cTendo, pois, irm\u00e3os, <span class=\"s1\"><i>intrepidez<\/i> <\/span>para entrar no Santo dos Santos, pelo sangue de Jesus,\u201d (ARA)<\/p>\n<p class=\"p1\">\u201cPortanto, irm\u00e3os, temos <span class=\"s1\"><i>plena confian\u00e7a<\/i><\/span> para entrar no Lugar Sant\u00edssimo\u00a0pelo sangue de Jesus\u201d (NVI)<\/p>\n<p class=\"p1\">\u201cTendo pois, irm\u00e3os, <span class=\"s1\"><i>ousadia<\/i><\/span> para entrar no santu\u00e1rio, pelo sangue de Jesus,\u201d (ACF)<\/p>\n<p class=\"p3\"><i>Ousadia <\/i>\u00e9 ir al\u00e9m do normal, sabendo que em Deus h\u00e1 essa abund\u00e2ncia, h\u00e1 a capacidade de resposta!<\/p>\n<p class=\"p3\"><i>Ousadia<\/i> \u00e9 n\u00e3o ficar no \u00e1trio, \u00e9 n\u00e3o permanecer no Lugar Santo.<\/p>\n<p class=\"p3\"><i>Ousadia <\/i>\u00e9 entrar no santu\u00e1rio = Lugar Sant\u00edssimo (onde estava a arca da alian\u00e7a, onde o sumo sacerdote s\u00f3 entrava uma vez por ano \u2013 depois de se purificar e levando sangue para ungir as pontas do propiciat\u00f3rio que cobria a arca).<\/p>\n<p class=\"p7\"><b>CONCLUS\u00c3O<\/b><\/p>\n<p class=\"p7\"><b>Estamos a ver o privil\u00e9gio?<\/b><\/p>\n<p class=\"p1\">\u00c9 onde Deus nos espera numa manifesta\u00e7\u00e3o de ousadia confiante. Cumprimos os requisitos da lavagem, purifica\u00e7\u00e3o e sangue! E podemos entrar a todo o momento. N\u00e3o apenas para obter ajuda, mas para estar em comunh\u00e3o, \u00e9 participar no banquete por Ele preparado!<\/p>\n<p class=\"p1\">Como \u00e9 bom entrar no Lugar Sant\u00edssimo com ousadia!<\/p>\n<p class=\"p1\">Pertencemos a esse lugar!<\/p>\n<p class=\"p1\"><b>OUSADIA PARA ENTRAR, PARA PEDIR, PARA ESTAR!<\/b><\/p>\n<p>&nbsp;<\/p>\n<p>&nbsp;<\/p>\n<p>[movedo_single_image image=&#8221;18425&#8243; animation=&#8221;grve-zoom-in&#8221;]<strong>Helena Pais Martins<\/strong><\/p>\n<p>&nbsp;<\/p>\n<p class=\"p1\">Coordenadora do minist\u00e9rio Desperta D\u00e9bora em Portugal.<\/p>\n","protected":false},"excerpt":{"rendered":"<p>De vez em quando, o Senhor faz-me parar em algum ponto da passagem que estou a ler. H\u00e1 algum tempo, ao ler o vers\u00edculo 12 do cap\u00edtulo 3 de Ef\u00e9sios, parei nas palavras \u201cousadia\u201d e \u201cconfian\u00e7a\u201d. \u00abNo qual temos ousadia e acesso com confian\u00e7a, pela nossa f\u00e9 n\u2019Ele.\u00bb Em Cristo, por causa da obra da<\/p>\n","protected":false},"author":2,"featured_media":18428,"comment_status":"open","ping_status":"open","sticky":false,"template":"","format":"standard","meta":{"_uag_custom_page_level_css":"","_themeisle_gutenberg_block_has_review":false,"_vp_format_video_url":"","_vp_image_focal_point":[],"footnotes":""},"categories":[47],"tags":[],"class_list":["post-18427","post","type-post","status-publish","format-standard","has-post-thumbnail","hentry","category-mulheres-casais-e-familia"],"yoast_head":"<!-- This site is optimized with the Yoast SEO plugin v27.5 - https:\/\/yoast.com\/product\/yoast-seo-wordpress\/ -->\n<title>TEMOS OUSADIA? - AEP<\/title>\n<meta name=\"robots\" content=\"index, follow, max-snippet:-1, max-image-preview:large, max-video-preview:-1\" \/>\n<link rel=\"canonical\" href=\"https:\/\/aliancaevangelica.pt\/site\/temos-ousadia\/\" \/>\n<meta property=\"og:locale\" content=\"pt_PT\" \/>\n<meta property=\"og:type\" content=\"article\" \/>\n<meta property=\"og:title\" content=\"TEMOS OUSADIA? - AEP\" \/>\n<meta property=\"og:description\" content=\"De vez em quando, o Senhor faz-me parar em algum ponto da passagem que estou a ler. H\u00e1 algum tempo, ao ler o vers\u00edculo 12 do cap\u00edtulo 3 de Ef\u00e9sios, parei nas palavras \u201cousadia\u201d e \u201cconfian\u00e7a\u201d. \u00abNo qual temos ousadia e acesso com confian\u00e7a, pela nossa f\u00e9 n\u2019Ele.\u00bb Em Cristo, por causa da obra da\" \/>\n<meta property=\"og:url\" content=\"https:\/\/aliancaevangelica.pt\/site\/temos-ousadia\/\" \/>\n<meta property=\"og:site_name\" content=\"AEP\" \/>\n<meta property=\"article:publisher\" content=\"http:\/\/facebook.com\/aeportuguesa\" \/>\n<meta property=\"article:author\" content=\"aeportugal\" \/>\n<meta property=\"article:published_time\" content=\"2020-09-18T17:43:25+00:00\" \/>\n<meta property=\"og:image\" content=\"https:\/\/aliancaevangelica.pt\/site\/wp-content\/uploads\/2020\/09\/Orac\u0327a\u0303o-3.jpg\" \/>\n\t<meta property=\"og:image:width\" content=\"626\" \/>\n\t<meta property=\"og:image:height\" content=\"417\" \/>\n\t<meta property=\"og:image:type\" content=\"image\/jpeg\" \/>\n<meta name=\"author\" content=\"AEP\" \/>\n<meta name=\"twitter:card\" content=\"summary_large_image\" \/>\n<meta name=\"twitter:label1\" content=\"Escrito por\" \/>\n\t<meta name=\"twitter:data1\" content=\"AEP\" \/>\n\t<meta name=\"twitter:label2\" content=\"Tempo estimado de leitura\" \/>\n\t<meta name=\"twitter:data2\" content=\"4 minutos\" \/>\n<script type=\"application\/ld+json\" class=\"yoast-schema-graph\">{\"@context\":\"https:\\\/\\\/schema.org\",\"@graph\":[{\"@type\":\"Article\",\"@id\":\"https:\\\/\\\/aliancaevangelica.pt\\\/site\\\/temos-ousadia\\\/#article\",\"isPartOf\":{\"@id\":\"https:\\\/\\\/aliancaevangelica.pt\\\/site\\\/temos-ousadia\\\/\"},\"author\":{\"name\":\"AEP\",\"@id\":\"https:\\\/\\\/aliancaevangelica.pt\\\/site\\\/#\\\/schema\\\/person\\\/3b47cfc7535eff1e820f31c2d67eafcf\"},\"headline\":\"TEMOS OUSADIA?\",\"datePublished\":\"2020-09-18T17:43:25+00:00\",\"mainEntityOfPage\":{\"@id\":\"https:\\\/\\\/aliancaevangelica.pt\\\/site\\\/temos-ousadia\\\/\"},\"wordCount\":713,\"commentCount\":0,\"publisher\":{\"@id\":\"https:\\\/\\\/aliancaevangelica.pt\\\/site\\\/#organization\"},\"image\":{\"@id\":\"https:\\\/\\\/aliancaevangelica.pt\\\/site\\\/temos-ousadia\\\/#primaryimage\"},\"thumbnailUrl\":\"https:\\\/\\\/aliancaevangelica.pt\\\/site\\\/wp-content\\\/uploads\\\/2020\\\/09\\\/Orac\u0327a\u0303o-3.jpg\",\"articleSection\":[\"MULHERES, CASAIS E FAM\u00cdLIA\"],\"inLanguage\":\"pt-PT\",\"potentialAction\":[{\"@type\":\"CommentAction\",\"name\":\"Comment\",\"target\":[\"https:\\\/\\\/aliancaevangelica.pt\\\/site\\\/temos-ousadia\\\/#respond\"]}]},{\"@type\":\"WebPage\",\"@id\":\"https:\\\/\\\/aliancaevangelica.pt\\\/site\\\/temos-ousadia\\\/\",\"url\":\"https:\\\/\\\/aliancaevangelica.pt\\\/site\\\/temos-ousadia\\\/\",\"name\":\"TEMOS OUSADIA? - AEP\",\"isPartOf\":{\"@id\":\"https:\\\/\\\/aliancaevangelica.pt\\\/site\\\/#website\"},\"primaryImageOfPage\":{\"@id\":\"https:\\\/\\\/aliancaevangelica.pt\\\/site\\\/temos-ousadia\\\/#primaryimage\"},\"image\":{\"@id\":\"https:\\\/\\\/aliancaevangelica.pt\\\/site\\\/temos-ousadia\\\/#primaryimage\"},\"thumbnailUrl\":\"https:\\\/\\\/aliancaevangelica.pt\\\/site\\\/wp-content\\\/uploads\\\/2020\\\/09\\\/Orac\u0327a\u0303o-3.jpg\",\"datePublished\":\"2020-09-18T17:43:25+00:00\",\"breadcrumb\":{\"@id\":\"https:\\\/\\\/aliancaevangelica.pt\\\/site\\\/temos-ousadia\\\/#breadcrumb\"},\"inLanguage\":\"pt-PT\",\"potentialAction\":[{\"@type\":\"ReadAction\",\"target\":[\"https:\\\/\\\/aliancaevangelica.pt\\\/site\\\/temos-ousadia\\\/\"]}]},{\"@type\":\"ImageObject\",\"inLanguage\":\"pt-PT\",\"@id\":\"https:\\\/\\\/aliancaevangelica.pt\\\/site\\\/temos-ousadia\\\/#primaryimage\",\"url\":\"https:\\\/\\\/aliancaevangelica.pt\\\/site\\\/wp-content\\\/uploads\\\/2020\\\/09\\\/Orac\u0327a\u0303o-3.jpg\",\"contentUrl\":\"https:\\\/\\\/aliancaevangelica.pt\\\/site\\\/wp-content\\\/uploads\\\/2020\\\/09\\\/Orac\u0327a\u0303o-3.jpg\",\"width\":626,\"height\":417},{\"@type\":\"BreadcrumbList\",\"@id\":\"https:\\\/\\\/aliancaevangelica.pt\\\/site\\\/temos-ousadia\\\/#breadcrumb\",\"itemListElement\":[{\"@type\":\"ListItem\",\"position\":1,\"name\":\"In\u00edcio\",\"item\":\"https:\\\/\\\/aliancaevangelica.pt\\\/site\\\/\"},{\"@type\":\"ListItem\",\"position\":2,\"name\":\"TEMOS OUSADIA?\"}]},{\"@type\":\"WebSite\",\"@id\":\"https:\\\/\\\/aliancaevangelica.pt\\\/site\\\/#website\",\"url\":\"https:\\\/\\\/aliancaevangelica.pt\\\/site\\\/\",\"name\":\"Alian\u00e7a Evang\u00e9lica Portuguesa\",\"description\":\"Alian\u00e7a Evang\u00e9lica Portuguesa\",\"publisher\":{\"@id\":\"https:\\\/\\\/aliancaevangelica.pt\\\/site\\\/#organization\"},\"potentialAction\":[{\"@type\":\"SearchAction\",\"target\":{\"@type\":\"EntryPoint\",\"urlTemplate\":\"https:\\\/\\\/aliancaevangelica.pt\\\/site\\\/?s={search_term_string}\"},\"query-input\":{\"@type\":\"PropertyValueSpecification\",\"valueRequired\":true,\"valueName\":\"search_term_string\"}}],\"inLanguage\":\"pt-PT\"},{\"@type\":\"Organization\",\"@id\":\"https:\\\/\\\/aliancaevangelica.pt\\\/site\\\/#organization\",\"name\":\"Alian\u00e7a Evang\u00e9lica Portuguesa\",\"url\":\"https:\\\/\\\/aliancaevangelica.pt\\\/site\\\/\",\"logo\":{\"@type\":\"ImageObject\",\"inLanguage\":\"pt-PT\",\"@id\":\"https:\\\/\\\/aliancaevangelica.pt\\\/site\\\/#\\\/schema\\\/logo\\\/image\\\/\",\"url\":\"https:\\\/\\\/aliancaevangelica.pt\\\/site\\\/wp-content\\\/uploads\\\/2017\\\/11\\\/logo-AEP-cor.png\",\"contentUrl\":\"https:\\\/\\\/aliancaevangelica.pt\\\/site\\\/wp-content\\\/uploads\\\/2017\\\/11\\\/logo-AEP-cor.png\",\"width\":1156,\"height\":672,\"caption\":\"Alian\u00e7a Evang\u00e9lica Portuguesa\"},\"image\":{\"@id\":\"https:\\\/\\\/aliancaevangelica.pt\\\/site\\\/#\\\/schema\\\/logo\\\/image\\\/\"},\"sameAs\":[\"http:\\\/\\\/facebook.com\\\/aeportuguesa\",\"http:\\\/\\\/instagram.com\\\/aliancaep\",\"http:\\\/\\\/youtube.com\\\/aeportuguesa\"]},{\"@type\":\"Person\",\"@id\":\"https:\\\/\\\/aliancaevangelica.pt\\\/site\\\/#\\\/schema\\\/person\\\/3b47cfc7535eff1e820f31c2d67eafcf\",\"name\":\"AEP\",\"sameAs\":[\"aeportugal\"],\"url\":\"https:\\\/\\\/aliancaevangelica.pt\\\/site\\\/author\\\/aeportugal\\\/\"}]}<\/script>\n<!-- \/ Yoast SEO plugin. -->","yoast_head_json":{"title":"TEMOS OUSADIA? - AEP","robots":{"index":"index","follow":"follow","max-snippet":"max-snippet:-1","max-image-preview":"max-image-preview:large","max-video-preview":"max-video-preview:-1"},"canonical":"https:\/\/aliancaevangelica.pt\/site\/temos-ousadia\/","og_locale":"pt_PT","og_type":"article","og_title":"TEMOS OUSADIA? - AEP","og_description":"De vez em quando, o Senhor faz-me parar em algum ponto da passagem que estou a ler. H\u00e1 algum tempo, ao ler o vers\u00edculo 12 do cap\u00edtulo 3 de Ef\u00e9sios, parei nas palavras \u201cousadia\u201d e \u201cconfian\u00e7a\u201d. \u00abNo qual temos ousadia e acesso com confian\u00e7a, pela nossa f\u00e9 n\u2019Ele.\u00bb Em Cristo, por causa da obra da","og_url":"https:\/\/aliancaevangelica.pt\/site\/temos-ousadia\/","og_site_name":"AEP","article_publisher":"http:\/\/facebook.com\/aeportuguesa","article_author":"aeportugal","article_published_time":"2020-09-18T17:43:25+00:00","og_image":[{"width":626,"height":417,"url":"https:\/\/aliancaevangelica.pt\/site\/wp-content\/uploads\/2020\/09\/Orac\u0327a\u0303o-3.jpg","type":"image\/jpeg"}],"author":"AEP","twitter_card":"summary_large_image","twitter_misc":{"Escrito por":"AEP","Tempo estimado de leitura":"4 minutos"},"schema":{"@context":"https:\/\/schema.org","@graph":[{"@type":"Article","@id":"https:\/\/aliancaevangelica.pt\/site\/temos-ousadia\/#article","isPartOf":{"@id":"https:\/\/aliancaevangelica.pt\/site\/temos-ousadia\/"},"author":{"name":"AEP","@id":"https:\/\/aliancaevangelica.pt\/site\/#\/schema\/person\/3b47cfc7535eff1e820f31c2d67eafcf"},"headline":"TEMOS OUSADIA?","datePublished":"2020-09-18T17:43:25+00:00","mainEntityOfPage":{"@id":"https:\/\/aliancaevangelica.pt\/site\/temos-ousadia\/"},"wordCount":713,"commentCount":0,"publisher":{"@id":"https:\/\/aliancaevangelica.pt\/site\/#organization"},"image":{"@id":"https:\/\/aliancaevangelica.pt\/site\/temos-ousadia\/#primaryimage"},"thumbnailUrl":"https:\/\/aliancaevangelica.pt\/site\/wp-content\/uploads\/2020\/09\/Orac\u0327a\u0303o-3.jpg","articleSection":["MULHERES, CASAIS E FAM\u00cdLIA"],"inLanguage":"pt-PT","potentialAction":[{"@type":"CommentAction","name":"Comment","target":["https:\/\/aliancaevangelica.pt\/site\/temos-ousadia\/#respond"]}]},{"@type":"WebPage","@id":"https:\/\/aliancaevangelica.pt\/site\/temos-ousadia\/","url":"https:\/\/aliancaevangelica.pt\/site\/temos-ousadia\/","name":"TEMOS OUSADIA? - AEP","isPartOf":{"@id":"https:\/\/aliancaevangelica.pt\/site\/#website"},"primaryImageOfPage":{"@id":"https:\/\/aliancaevangelica.pt\/site\/temos-ousadia\/#primaryimage"},"image":{"@id":"https:\/\/aliancaevangelica.pt\/site\/temos-ousadia\/#primaryimage"},"thumbnailUrl":"https:\/\/aliancaevangelica.pt\/site\/wp-content\/uploads\/2020\/09\/Orac\u0327a\u0303o-3.jpg","datePublished":"2020-09-18T17:43:25+00:00","breadcrumb":{"@id":"https:\/\/aliancaevangelica.pt\/site\/temos-ousadia\/#breadcrumb"},"inLanguage":"pt-PT","potentialAction":[{"@type":"ReadAction","target":["https:\/\/aliancaevangelica.pt\/site\/temos-ousadia\/"]}]},{"@type":"ImageObject","inLanguage":"pt-PT","@id":"https:\/\/aliancaevangelica.pt\/site\/temos-ousadia\/#primaryimage","url":"https:\/\/aliancaevangelica.pt\/site\/wp-content\/uploads\/2020\/09\/Orac\u0327a\u0303o-3.jpg","contentUrl":"https:\/\/aliancaevangelica.pt\/site\/wp-content\/uploads\/2020\/09\/Orac\u0327a\u0303o-3.jpg","width":626,"height":417},{"@type":"BreadcrumbList","@id":"https:\/\/aliancaevangelica.pt\/site\/temos-ousadia\/#breadcrumb","itemListElement":[{"@type":"ListItem","position":1,"name":"In\u00edcio","item":"https:\/\/aliancaevangelica.pt\/site\/"},{"@type":"ListItem","position":2,"name":"TEMOS OUSADIA?"}]},{"@type":"WebSite","@id":"https:\/\/aliancaevangelica.pt\/site\/#website","url":"https:\/\/aliancaevangelica.pt\/site\/","name":"Alian\u00e7a Evang\u00e9lica Portuguesa","description":"Alian\u00e7a Evang\u00e9lica Portuguesa","publisher":{"@id":"https:\/\/aliancaevangelica.pt\/site\/#organization"},"potentialAction":[{"@type":"SearchAction","target":{"@type":"EntryPoint","urlTemplate":"https:\/\/aliancaevangelica.pt\/site\/?s={search_term_string}"},"query-input":{"@type":"PropertyValueSpecification","valueRequired":true,"valueName":"search_term_string"}}],"inLanguage":"pt-PT"},{"@type":"Organization","@id":"https:\/\/aliancaevangelica.pt\/site\/#organization","name":"Alian\u00e7a Evang\u00e9lica Portuguesa","url":"https:\/\/aliancaevangelica.pt\/site\/","logo":{"@type":"ImageObject","inLanguage":"pt-PT","@id":"https:\/\/aliancaevangelica.pt\/site\/#\/schema\/logo\/image\/","url":"https:\/\/aliancaevangelica.pt\/site\/wp-content\/uploads\/2017\/11\/logo-AEP-cor.png","contentUrl":"https:\/\/aliancaevangelica.pt\/site\/wp-content\/uploads\/2017\/11\/logo-AEP-cor.png","width":1156,"height":672,"caption":"Alian\u00e7a Evang\u00e9lica Portuguesa"},"image":{"@id":"https:\/\/aliancaevangelica.pt\/site\/#\/schema\/logo\/image\/"},"sameAs":["http:\/\/facebook.com\/aeportuguesa","http:\/\/instagram.com\/aliancaep","http:\/\/youtube.com\/aeportuguesa"]},{"@type":"Person","@id":"https:\/\/aliancaevangelica.pt\/site\/#\/schema\/person\/3b47cfc7535eff1e820f31c2d67eafcf","name":"AEP","sameAs":["aeportugal"],"url":"https:\/\/aliancaevangelica.pt\/site\/author\/aeportugal\/"}]}},"uagb_featured_image_src":{"full":["https:\/\/aliancaevangelica.pt\/site\/wp-content\/uploads\/2020\/09\/Orac\u0327a\u0303o-3.jpg",626,417,false],"thumbnail":["https:\/\/aliancaevangelica.pt\/site\/wp-content\/uploads\/2020\/09\/Orac\u0327a\u0303o-3-150x150.jpg",150,150,true],"medium":["https:\/\/aliancaevangelica.pt\/site\/wp-content\/uploads\/2020\/09\/Orac\u0327a\u0303o-3-300x200.jpg",300,200,true],"medium_large":["https:\/\/aliancaevangelica.pt\/site\/wp-content\/uploads\/2020\/09\/Orac\u0327a\u0303o-3.jpg",626,417,false],"large":["https:\/\/aliancaevangelica.pt\/site\/wp-content\/uploads\/2020\/09\/Orac\u0327a\u0303o-3.jpg",626,417,false],"1536x1536":["https:\/\/aliancaevangelica.pt\/site\/wp-content\/uploads\/2020\/09\/Orac\u0327a\u0303o-3.jpg",626,417,false],"2048x2048":["https:\/\/aliancaevangelica.pt\/site\/wp-content\/uploads\/2020\/09\/Orac\u0327a\u0303o-3.jpg",626,417,false],"vp_sm":["https:\/\/aliancaevangelica.pt\/site\/wp-content\/uploads\/2020\/09\/Orac\u0327a\u0303o-3.jpg",500,333,false],"vp_md":["https:\/\/aliancaevangelica.pt\/site\/wp-content\/uploads\/2020\/09\/Orac\u0327a\u0303o-3.jpg",626,417,false],"vp_lg":["https:\/\/aliancaevangelica.pt\/site\/wp-content\/uploads\/2020\/09\/Orac\u0327a\u0303o-3.jpg",626,417,false],"vp_xl":["https:\/\/aliancaevangelica.pt\/site\/wp-content\/uploads\/2020\/09\/Orac\u0327a\u0303o-3.jpg",626,417,false],"vp_sm_popup":["https:\/\/aliancaevangelica.pt\/site\/wp-content\/uploads\/2020\/09\/Orac\u0327a\u0303o-3.jpg",500,333,false],"vp_md_popup":["https:\/\/aliancaevangelica.pt\/site\/wp-content\/uploads\/2020\/09\/Orac\u0327a\u0303o-3.jpg",626,417,false],"vp_xl_popup":["https:\/\/aliancaevangelica.pt\/site\/wp-content\/uploads\/2020\/09\/Orac\u0327a\u0303o-3.jpg",626,417,false],"newsx-150x100":["https:\/\/aliancaevangelica.pt\/site\/wp-content\/uploads\/2020\/09\/Orac\u0327a\u0303o-3.jpg",150,100,false],"newsx-330x220":["https:\/\/aliancaevangelica.pt\/site\/wp-content\/uploads\/2020\/09\/Orac\u0327a\u0303o-3.jpg",330,220,false],"newsx-420x280":["https:\/\/aliancaevangelica.pt\/site\/wp-content\/uploads\/2020\/09\/Orac\u0327a\u0303o-3.jpg",420,280,false],"newsx-510x340":["https:\/\/aliancaevangelica.pt\/site\/wp-content\/uploads\/2020\/09\/Orac\u0327a\u0303o-3.jpg",510,340,false],"newsx-640x480":["https:\/\/aliancaevangelica.pt\/site\/wp-content\/uploads\/2020\/09\/Orac\u0327a\u0303o-3.jpg",626,417,false],"newsx-670x370":["https:\/\/aliancaevangelica.pt\/site\/wp-content\/uploads\/2020\/09\/Orac\u0327a\u0303o-3.jpg",555,370,false],"newsx-860x570":["https:\/\/aliancaevangelica.pt\/site\/wp-content\/uploads\/2020\/09\/Orac\u0327a\u0303o-3.jpg",626,417,false],"newsx-1000x750":["https:\/\/aliancaevangelica.pt\/site\/wp-content\/uploads\/2020\/09\/Orac\u0327a\u0303o-3.jpg",626,417,false],"newsx-1200x600":["https:\/\/aliancaevangelica.pt\/site\/wp-content\/uploads\/2020\/09\/Orac\u0327a\u0303o-3.jpg",626,417,false]},"uagb_author_info":{"display_name":"AEP","author_link":"https:\/\/aliancaevangelica.pt\/site\/author\/aeportugal\/"},"uagb_comment_info":0,"uagb_excerpt":"De vez em quando, o Senhor faz-me parar em algum ponto da passagem que estou a ler. H\u00e1 algum tempo, ao ler o vers\u00edculo 12 do cap\u00edtulo 3 de Ef\u00e9sios, parei nas palavras \u201cousadia\u201d e \u201cconfian\u00e7a\u201d. \u00abNo qual temos ousadia e acesso com confian\u00e7a, pela nossa f\u00e9 n\u2019Ele.\u00bb Em Cristo, por causa da obra da","_links":{"self":[{"href":"https:\/\/aliancaevangelica.pt\/site\/wp-json\/wp\/v2\/posts\/18427","targetHints":{"allow":["GET"]}}],"collection":[{"href":"https:\/\/aliancaevangelica.pt\/site\/wp-json\/wp\/v2\/posts"}],"about":[{"href":"https:\/\/aliancaevangelica.pt\/site\/wp-json\/wp\/v2\/types\/post"}],"author":[{"embeddable":true,"href":"https:\/\/aliancaevangelica.pt\/site\/wp-json\/wp\/v2\/users\/2"}],"replies":[{"embeddable":true,"href":"https:\/\/aliancaevangelica.pt\/site\/wp-json\/wp\/v2\/comments?post=18427"}],"version-history":[{"count":2,"href":"https:\/\/aliancaevangelica.pt\/site\/wp-json\/wp\/v2\/posts\/18427\/revisions"}],"predecessor-version":[{"id":20813,"href":"https:\/\/aliancaevangelica.pt\/site\/wp-json\/wp\/v2\/posts\/18427\/revisions\/20813"}],"wp:featuredmedia":[{"embeddable":true,"href":"https:\/\/aliancaevangelica.pt\/site\/wp-json\/wp\/v2\/media\/18428"}],"wp:attachment":[{"href":"https:\/\/aliancaevangelica.pt\/site\/wp-json\/wp\/v2\/media?parent=18427"}],"wp:term":[{"taxonomy":"category","embeddable":true,"href":"https:\/\/aliancaevangelica.pt\/site\/wp-json\/wp\/v2\/categories?post=18427"},{"taxonomy":"post_tag","embeddable":true,"href":"https:\/\/aliancaevangelica.pt\/site\/wp-json\/wp\/v2\/tags?post=18427"}],"curies":[{"name":"wp","href":"https:\/\/api.w.org\/{rel}","templated":true}]}}