{"id":18410,"date":"2020-09-04T08:00:50","date_gmt":"2020-09-04T08:00:50","guid":{"rendered":"https:\/\/aliancaevangelica.pt\/site\/?p=18410"},"modified":"2020-09-03T22:50:03","modified_gmt":"2020-09-03T22:50:03","slug":"5-mitos-sobre-a-solidao","status":"publish","type":"post","link":"https:\/\/aliancaevangelica.pt\/site\/5-mitos-sobre-a-solidao\/","title":{"rendered":"5 mitos sobre a solid\u00e3o"},"content":{"rendered":"<p class=\"p1\">Se h\u00e1 fen\u00f3meno sobre o qual devemos falar neste tempo \u00e9 a solid\u00e3o.<\/p>\n<p class=\"p1\">Para muitos, e \u00e0 primeira vista, a solid\u00e3o pode ser pensada como aquela situa\u00e7\u00e3o em que uma pessoa (1), singular, n\u00e3o tem com quem partilhar a vida, falar ou para ser sua companhia.<\/p>\n<p class=\"p1\">Contudo, se a solid\u00e3o fosse isto \u201csimplesmente\u201d, e n\u00e3o algo mais complexo, estariam exclu\u00eddas da categoria dos solit\u00e1rios uma s\u00e9rie de pessoas: as que t\u00eam fam\u00edlia (s\u00e3o casadas, t\u00eam filhos, etc.), as que t\u00eam muitos amigos, as que frequentam uma igreja, as que t\u00eam elevado estatuto social e as que t\u00eam muito dinheiro.<\/p>\n<p class=\"p1\">Por\u00e9m, sabemos que n\u00e3o \u00e9 assim, A solid\u00e3o pode chegar a todos. H\u00e1, muitas vezes, emo\u00e7\u00f5es amb\u00edguas por tr\u00e1s da solid\u00e3o, as quais \u00e9 importante conhecer, falar sobre elas, exterioriz\u00e1-las.<\/p>\n<p class=\"p1\">Por isso, trago-vos hoje 5 mitos sobre a solid\u00e3o. Pensando sobre eles, descobrimos que os seres humanos t\u00eam muito em comum, ao mesmo tempo que vivem a mesma situa\u00e7\u00e3o de formas t\u00e3o individualizadas e particulares.<\/p>\n<p class=\"p1\">Entender isso ajuda-nos a n\u00e3o julgar, e a ser mais emp\u00e1ticos com os outros, sabendo que o mesmo pode acontecer connosco.<\/p>\n<p class=\"p1\"><b>MITO 1 &#8211; Pessoas casadas, com fam\u00edlia, ou com filhos, n\u00e3o se sentem s\u00f3s.<\/b><\/p>\n<p class=\"p1\">A B\u00edblia conta uma linda hist\u00f3ria sobre Ana. Ela era muit\u00edssimo amada pelo seu marido, mas o facto de n\u00e3o ser m\u00e3e fazia-a sentir-se t\u00e3o triste e s\u00f3&#8230; L\u00e1grimas caiam da sua face dia e noite. Ela vivia o desgosto da esterilidade sozinha, entre ela e Deus. At\u00e9 mesmo o seu marido, que a amava tanto, n\u00e3o conseguia compreender as suas emo\u00e7\u00f5es: \u201cN\u00e3o te sou eu melhor do que 10 filhos?\u201d perguntava ele. At\u00e9 que\u2026 Algu\u00e9m atentou para a tristeza e a solid\u00e3o de Ana, e esta transformou-se numa ora\u00e7\u00e3o respondida! Ana foi m\u00e3e do profeta Samuel, um homem muito especial!<\/p>\n<p class=\"p1\">De facto, h\u00e1 muitas fases na vida familiar em que nos podemos sentir sozinhos. Pessoas solteiras, vi\u00favas, divorciadas, mesmo com pais, irm\u00e3os ou filhos podem sentir um vazio interior por preencher.<\/p>\n<p class=\"p1\">E a maternidade? Que fase t\u00e3o linda da vida de uma mulher! Contudo, especialmente se for a primeira vez que a vive, pode levar a um sentimento de solid\u00e3o, no conjunto de todos os medos, inseguran\u00e7as, ang\u00fastias, d\u00favidas sobre os cuidados com o beb\u00e9, amamenta\u00e7\u00e3o, entre outros. N\u00e3o falar sobre isso pode lev\u00e1-la a fechar-se em si e a pensar que \u00e9 uma m\u00e1 m\u00e3e, ou a ter outras concep\u00e7\u00f5es err\u00f3neas da sua imagem, entrando numa espiral de tristeza.<\/p>\n<p class=\"p1\"><b>MITO 2 &#8211; Pessoas com muito dinheiro n\u00e3o se sentem s\u00f3s. <\/b><\/p>\n<p class=\"p1\">Pessoas com muito dinheiro podem pagar festas e divers\u00f5es, podem estar onde quiserem, com quem quiserem, quando quiserem, e por isso n\u00e3o se sentem s\u00f3s &#8211; nada mais errado.<\/p>\n<p class=\"p1\">H\u00e1 pessoas que, para se dedicarem ao trabalho, n\u00e3o cultivam relacionamentos. E por isso, em certos momentos, apesar da abund\u00e2ncia material, n\u00e3o t\u00eam com quem a partilhar. Nabal era um homem muito rico mas de temperamento dif\u00edcil (I Samuel 25). Preferia estar sozinho a partilhar a sua abund\u00e2ncia com algu\u00e9m. E isso quase lhe valeu uma guerra, n\u00e3o fosse a sua mulher (Abigail) apaziguar a situa\u00e7\u00e3o. Acredito que Abigail se sentiria, por vezes, muito s\u00f3, apesar de viver com abund\u00e2ncia. Possivelmente n\u00e3o poderia ter muitos relacionamentos de amizade pois o temperamento do seu marido n\u00e3o permitiria. H\u00e1 situa\u00e7\u00f5es em que o dinheiro n\u00e3o pode comprar o que precisamos: sa\u00fade, amigos, sabedoria, paz. Isto \u00e9 quase um lugar comum mas, de facto, por mais recursos que tenhamos nunca temos tudo. E Deus permite isto mesmo para que precisemos uns dos outros. Sim, Deus criou a humanidade para viver em fraternidade e interajuda. Sentir solid\u00e3o, neste caso, pode significar uma coisa boa: que nos lembramos do que realmente importa: pessoas! Relacionamentos fortes e saud\u00e1veis. E eles s\u00e3o t\u00e3o preciosos na nossa vida.<\/p>\n<p class=\"p1\"><b>MITO 3 &#8211; Pessoas rodeadas de muita gente, n\u00e3o se sentem s\u00f3s.<\/b><\/p>\n<p class=\"p1\">Podemos estar rodeados de muita gente, ter muitos \u201camigos\u201d mas ainda assim sentirmos uma profunda solid\u00e3o. H\u00e1 momentos em que as escolhas, os passos a tomar, s\u00e3o decis\u00f5es nossas e connosco mesmos e com as nossas escolhas que temos de conviver e prosseguir.<\/p>\n<p class=\"p1\">A B\u00edblia fala-nos do filho pr\u00f3digo. A certa altura ele tinha muito dinheiro porque pediu a sua parte da heran\u00e7a ao seu pai. Ent\u00e3o, pelo que percebemos da B\u00edblia, nessa altura ele deveria ter muita gente \u00e0 sua volta. Muitas divers\u00f5es, muitas festas. Mas logo que se acabou o dinheiro tudo isso se desvanece como uma nuvem. Ent\u00e3o ele percebe que, realmente, estava sozinho. Foi t\u00e3o grande a sua solid\u00e3o que ele disse \u201cvou voltar para a casa do meu pai, n\u00e3o como filho, mas como empregado. N\u00e3o quero ser miser\u00e1vel e s\u00f3.\u201d E o pai recebeu-o de bra\u00e7os abertos.<\/p>\n<p class=\"p1\">Estar rodeado de muita gente n\u00e3o significa necessariamente ter verdadeiros amigos, e n\u00e3o estar s\u00f3. Mais do que ter muita gente conhecida, procure ter algu\u00e9m de confian\u00e7a e temente a Deus, que a\/o possa ouvir e aconselhar quando \u00e9 preciso.<\/p>\n<p class=\"p1\"><b>MITO 4 &#8211; Pessoas com f\u00e9, ou que pertencem a uma igreja n\u00e3o sentem solid\u00e3o.<\/b><\/p>\n<p class=\"p1\">A igreja e a f\u00e9 s\u00e3o uma poderosa fonte de relacionamentos, sentido de identidade e perten\u00e7a. Por outro lado, ter uma rela\u00e7\u00e3o pessoal com Deus, ajuda-nos a ter sempre com quem falar. Gosto de pensar que Jesus deixou o Seu poder a um grupo de pessoas imperfeitas que se re\u00fane em Seu nome.<\/p>\n<p class=\"p1\">No entanto, isso n\u00e3o nos impede de atravessar \u201cdesertos\u201d enquanto indiv\u00edduos: desertos emocionais, profissionais, e esses sentimentos s\u00e3o t\u00e3o nossos que facilmente n\u00e3o nos sentimos compreendidos pelos que nos rodeiam, apesar, muitas vezes, da sua boa vontade em ajudar. Aqui, \u00e9 importante saber: 1) Deus sempre nos ouve. E sempre devemos falar com Ele em primeiro lugar. 2) Haver\u00e1 sempre algu\u00e9m que Deus pode usar para nos ouvir e aconselhar. 3) Poder\u00e3o haver desertos de solid\u00e3o, mas Deus \u00e9 Aquele que abre rios no deserto (Isa\u00edas 41:18). Deixe-se surpreender pelo Seu amor mostrado atrav\u00e9s de algu\u00e9m, que pode encontrar, por que n\u00e3o, numa igreja.<\/p>\n<p class=\"p1\"><b>MITO 5 &#8211; Pessoas de elevado estatuto social n\u00e3o se sentem s\u00f3s.<\/b><\/p>\n<p class=\"p1\">Pensamos vulgarmente que pessoas de influ\u00eancia ter\u00e3o sempre amigos, dinheiro e tudo o que algu\u00e9m precisa para ser feliz e n\u00e3o se sentir sozinha. No entanto, lugares de destaque s\u00e3o normalmente lugares de muitas decis\u00f5es, e lugares de decis\u00f5es e lideran\u00e7a s\u00e3o, normalmente, lugares muito solit\u00e1rios. Por vezes, as decis\u00f5es que estas pessoas tomam s\u00e3o como o rel\u00f3gio da torre: influenciam a muitos, para o bem e para o mal. Por isso, o rel\u00f3gio da torre nunca deve estar parado ou com as horas erradas. Assim sendo, pessoas de estatuto elevado, vivem normalmente o peso da press\u00e3o, da responsabilidade e das decis\u00f5es, sozinhas pois, apesar de poderem ter muita gente capacitada que as rodeie, em \u00faltima inst\u00e2ncia, a decis\u00e3o \u00e9 delas, bem como o todo o peso das suas consequ\u00eancias.<\/p>\n<p class=\"p1\">O segredo aqui \u00e9: n\u00e3o levar o peso do mundo sobre os nossos ombros sozinhos, todos precisamos de algu\u00e9m para repartir as alegrias e as tristezas, os sucessos e os fracassos.<\/p>\n<p class=\"p1\">Com tudo isto, o que aprendemos? O valor dos relacionamentos verdadeiros. De poder contar com algu\u00e9m quando precisamos. Aprendemos que os devemos cultivar \u201cMais vale um vizinho perto, do que um irm\u00e3o longe\u201d (Prov\u00e9rbios 27:10). Aprendemos tamb\u00e9m que por mais que as coisas nos corram de fei\u00e7\u00e3o, haver\u00e3o sempre desertos a atravessar, e momentos de solid\u00e3o. Neles, aprendemos a confiar em Deus, a chegarmo-nos a Ele, a saber que Ele nos ouve.<\/p>\n<p>&nbsp;<\/p>\n<p>&nbsp;<\/p>\n<p>[movedo_single_image image=&#8221;15548&#8243; animation=&#8221;grve-zoom-in&#8221;]<strong>Elsa Correia Pereira<\/strong><br \/>\nSoci\u00f3loga<br \/>\nMembro da EFN<\/p>\n","protected":false},"excerpt":{"rendered":"<p>Se h\u00e1 fen\u00f3meno sobre o qual devemos falar neste tempo \u00e9 a solid\u00e3o. Para muitos, e \u00e0 primeira vista, a solid\u00e3o pode ser pensada como aquela situa\u00e7\u00e3o em que uma pessoa (1), singular, n\u00e3o tem com quem partilhar a vida, falar ou para ser sua companhia. Contudo, se a solid\u00e3o fosse isto \u201csimplesmente\u201d, e n\u00e3o<\/p>\n","protected":false},"author":2,"featured_media":18411,"comment_status":"open","ping_status":"open","sticky":false,"template":"","format":"standard","meta":{"_uag_custom_page_level_css":"","_themeisle_gutenberg_block_has_review":false,"_vp_format_video_url":"","_vp_image_focal_point":[],"footnotes":""},"categories":[47],"tags":[],"class_list":["post-18410","post","type-post","status-publish","format-standard","has-post-thumbnail","hentry","category-mulheres-casais-e-familia"],"yoast_head":"<!-- This site is optimized with the Yoast SEO plugin v27.5 - https:\/\/yoast.com\/product\/yoast-seo-wordpress\/ -->\n<title>5 mitos sobre a solid\u00e3o - AEP<\/title>\n<meta name=\"robots\" content=\"index, follow, max-snippet:-1, max-image-preview:large, max-video-preview:-1\" \/>\n<link rel=\"canonical\" href=\"https:\/\/aliancaevangelica.pt\/site\/5-mitos-sobre-a-solidao\/\" \/>\n<meta property=\"og:locale\" content=\"pt_PT\" \/>\n<meta property=\"og:type\" content=\"article\" \/>\n<meta property=\"og:title\" content=\"5 mitos sobre a solid\u00e3o - AEP\" \/>\n<meta property=\"og:description\" content=\"Se h\u00e1 fen\u00f3meno sobre o qual devemos falar neste tempo \u00e9 a solid\u00e3o. Para muitos, e \u00e0 primeira vista, a solid\u00e3o pode ser pensada como aquela situa\u00e7\u00e3o em que uma pessoa (1), singular, n\u00e3o tem com quem partilhar a vida, falar ou para ser sua companhia. Contudo, se a solid\u00e3o fosse isto \u201csimplesmente\u201d, e n\u00e3o\" \/>\n<meta property=\"og:url\" content=\"https:\/\/aliancaevangelica.pt\/site\/5-mitos-sobre-a-solidao\/\" \/>\n<meta property=\"og:site_name\" content=\"AEP\" \/>\n<meta property=\"article:publisher\" content=\"http:\/\/facebook.com\/aeportuguesa\" \/>\n<meta property=\"article:author\" content=\"aeportugal\" \/>\n<meta property=\"article:published_time\" content=\"2020-09-04T08:00:50+00:00\" \/>\n<meta property=\"og:image\" content=\"https:\/\/aliancaevangelica.pt\/site\/wp-content\/uploads\/2020\/09\/image-2.png\" \/>\n\t<meta property=\"og:image:width\" content=\"960\" \/>\n\t<meta property=\"og:image:height\" content=\"640\" \/>\n\t<meta property=\"og:image:type\" content=\"image\/png\" \/>\n<meta name=\"author\" content=\"AEP\" \/>\n<meta name=\"twitter:card\" content=\"summary_large_image\" \/>\n<meta name=\"twitter:label1\" content=\"Escrito por\" \/>\n\t<meta name=\"twitter:data1\" content=\"AEP\" \/>\n\t<meta name=\"twitter:label2\" content=\"Tempo estimado de leitura\" \/>\n\t<meta name=\"twitter:data2\" content=\"7 minutos\" \/>\n<script type=\"application\/ld+json\" class=\"yoast-schema-graph\">{\"@context\":\"https:\\\/\\\/schema.org\",\"@graph\":[{\"@type\":\"Article\",\"@id\":\"https:\\\/\\\/aliancaevangelica.pt\\\/site\\\/5-mitos-sobre-a-solidao\\\/#article\",\"isPartOf\":{\"@id\":\"https:\\\/\\\/aliancaevangelica.pt\\\/site\\\/5-mitos-sobre-a-solidao\\\/\"},\"author\":{\"name\":\"AEP\",\"@id\":\"https:\\\/\\\/aliancaevangelica.pt\\\/site\\\/#\\\/schema\\\/person\\\/3b47cfc7535eff1e820f31c2d67eafcf\"},\"headline\":\"5 mitos sobre a solid\u00e3o\",\"datePublished\":\"2020-09-04T08:00:50+00:00\",\"mainEntityOfPage\":{\"@id\":\"https:\\\/\\\/aliancaevangelica.pt\\\/site\\\/5-mitos-sobre-a-solidao\\\/\"},\"wordCount\":1393,\"commentCount\":0,\"publisher\":{\"@id\":\"https:\\\/\\\/aliancaevangelica.pt\\\/site\\\/#organization\"},\"image\":{\"@id\":\"https:\\\/\\\/aliancaevangelica.pt\\\/site\\\/5-mitos-sobre-a-solidao\\\/#primaryimage\"},\"thumbnailUrl\":\"https:\\\/\\\/aliancaevangelica.pt\\\/site\\\/wp-content\\\/uploads\\\/2020\\\/09\\\/image-2.png\",\"articleSection\":[\"MULHERES, CASAIS E FAM\u00cdLIA\"],\"inLanguage\":\"pt-PT\",\"potentialAction\":[{\"@type\":\"CommentAction\",\"name\":\"Comment\",\"target\":[\"https:\\\/\\\/aliancaevangelica.pt\\\/site\\\/5-mitos-sobre-a-solidao\\\/#respond\"]}]},{\"@type\":\"WebPage\",\"@id\":\"https:\\\/\\\/aliancaevangelica.pt\\\/site\\\/5-mitos-sobre-a-solidao\\\/\",\"url\":\"https:\\\/\\\/aliancaevangelica.pt\\\/site\\\/5-mitos-sobre-a-solidao\\\/\",\"name\":\"5 mitos sobre a solid\u00e3o - AEP\",\"isPartOf\":{\"@id\":\"https:\\\/\\\/aliancaevangelica.pt\\\/site\\\/#website\"},\"primaryImageOfPage\":{\"@id\":\"https:\\\/\\\/aliancaevangelica.pt\\\/site\\\/5-mitos-sobre-a-solidao\\\/#primaryimage\"},\"image\":{\"@id\":\"https:\\\/\\\/aliancaevangelica.pt\\\/site\\\/5-mitos-sobre-a-solidao\\\/#primaryimage\"},\"thumbnailUrl\":\"https:\\\/\\\/aliancaevangelica.pt\\\/site\\\/wp-content\\\/uploads\\\/2020\\\/09\\\/image-2.png\",\"datePublished\":\"2020-09-04T08:00:50+00:00\",\"breadcrumb\":{\"@id\":\"https:\\\/\\\/aliancaevangelica.pt\\\/site\\\/5-mitos-sobre-a-solidao\\\/#breadcrumb\"},\"inLanguage\":\"pt-PT\",\"potentialAction\":[{\"@type\":\"ReadAction\",\"target\":[\"https:\\\/\\\/aliancaevangelica.pt\\\/site\\\/5-mitos-sobre-a-solidao\\\/\"]}]},{\"@type\":\"ImageObject\",\"inLanguage\":\"pt-PT\",\"@id\":\"https:\\\/\\\/aliancaevangelica.pt\\\/site\\\/5-mitos-sobre-a-solidao\\\/#primaryimage\",\"url\":\"https:\\\/\\\/aliancaevangelica.pt\\\/site\\\/wp-content\\\/uploads\\\/2020\\\/09\\\/image-2.png\",\"contentUrl\":\"https:\\\/\\\/aliancaevangelica.pt\\\/site\\\/wp-content\\\/uploads\\\/2020\\\/09\\\/image-2.png\",\"width\":960,\"height\":640},{\"@type\":\"BreadcrumbList\",\"@id\":\"https:\\\/\\\/aliancaevangelica.pt\\\/site\\\/5-mitos-sobre-a-solidao\\\/#breadcrumb\",\"itemListElement\":[{\"@type\":\"ListItem\",\"position\":1,\"name\":\"In\u00edcio\",\"item\":\"https:\\\/\\\/aliancaevangelica.pt\\\/site\\\/\"},{\"@type\":\"ListItem\",\"position\":2,\"name\":\"5 mitos sobre a solid\u00e3o\"}]},{\"@type\":\"WebSite\",\"@id\":\"https:\\\/\\\/aliancaevangelica.pt\\\/site\\\/#website\",\"url\":\"https:\\\/\\\/aliancaevangelica.pt\\\/site\\\/\",\"name\":\"Alian\u00e7a Evang\u00e9lica Portuguesa\",\"description\":\"Alian\u00e7a Evang\u00e9lica Portuguesa\",\"publisher\":{\"@id\":\"https:\\\/\\\/aliancaevangelica.pt\\\/site\\\/#organization\"},\"potentialAction\":[{\"@type\":\"SearchAction\",\"target\":{\"@type\":\"EntryPoint\",\"urlTemplate\":\"https:\\\/\\\/aliancaevangelica.pt\\\/site\\\/?s={search_term_string}\"},\"query-input\":{\"@type\":\"PropertyValueSpecification\",\"valueRequired\":true,\"valueName\":\"search_term_string\"}}],\"inLanguage\":\"pt-PT\"},{\"@type\":\"Organization\",\"@id\":\"https:\\\/\\\/aliancaevangelica.pt\\\/site\\\/#organization\",\"name\":\"Alian\u00e7a Evang\u00e9lica Portuguesa\",\"url\":\"https:\\\/\\\/aliancaevangelica.pt\\\/site\\\/\",\"logo\":{\"@type\":\"ImageObject\",\"inLanguage\":\"pt-PT\",\"@id\":\"https:\\\/\\\/aliancaevangelica.pt\\\/site\\\/#\\\/schema\\\/logo\\\/image\\\/\",\"url\":\"https:\\\/\\\/aliancaevangelica.pt\\\/site\\\/wp-content\\\/uploads\\\/2017\\\/11\\\/logo-AEP-cor.png\",\"contentUrl\":\"https:\\\/\\\/aliancaevangelica.pt\\\/site\\\/wp-content\\\/uploads\\\/2017\\\/11\\\/logo-AEP-cor.png\",\"width\":1156,\"height\":672,\"caption\":\"Alian\u00e7a Evang\u00e9lica Portuguesa\"},\"image\":{\"@id\":\"https:\\\/\\\/aliancaevangelica.pt\\\/site\\\/#\\\/schema\\\/logo\\\/image\\\/\"},\"sameAs\":[\"http:\\\/\\\/facebook.com\\\/aeportuguesa\",\"http:\\\/\\\/instagram.com\\\/aliancaep\",\"http:\\\/\\\/youtube.com\\\/aeportuguesa\"]},{\"@type\":\"Person\",\"@id\":\"https:\\\/\\\/aliancaevangelica.pt\\\/site\\\/#\\\/schema\\\/person\\\/3b47cfc7535eff1e820f31c2d67eafcf\",\"name\":\"AEP\",\"sameAs\":[\"aeportugal\"],\"url\":\"https:\\\/\\\/aliancaevangelica.pt\\\/site\\\/author\\\/aeportugal\\\/\"}]}<\/script>\n<!-- \/ Yoast SEO plugin. -->","yoast_head_json":{"title":"5 mitos sobre a solid\u00e3o - AEP","robots":{"index":"index","follow":"follow","max-snippet":"max-snippet:-1","max-image-preview":"max-image-preview:large","max-video-preview":"max-video-preview:-1"},"canonical":"https:\/\/aliancaevangelica.pt\/site\/5-mitos-sobre-a-solidao\/","og_locale":"pt_PT","og_type":"article","og_title":"5 mitos sobre a solid\u00e3o - AEP","og_description":"Se h\u00e1 fen\u00f3meno sobre o qual devemos falar neste tempo \u00e9 a solid\u00e3o. Para muitos, e \u00e0 primeira vista, a solid\u00e3o pode ser pensada como aquela situa\u00e7\u00e3o em que uma pessoa (1), singular, n\u00e3o tem com quem partilhar a vida, falar ou para ser sua companhia. Contudo, se a solid\u00e3o fosse isto \u201csimplesmente\u201d, e n\u00e3o","og_url":"https:\/\/aliancaevangelica.pt\/site\/5-mitos-sobre-a-solidao\/","og_site_name":"AEP","article_publisher":"http:\/\/facebook.com\/aeportuguesa","article_author":"aeportugal","article_published_time":"2020-09-04T08:00:50+00:00","og_image":[{"width":960,"height":640,"url":"https:\/\/aliancaevangelica.pt\/site\/wp-content\/uploads\/2020\/09\/image-2.png","type":"image\/png"}],"author":"AEP","twitter_card":"summary_large_image","twitter_misc":{"Escrito por":"AEP","Tempo estimado de leitura":"7 minutos"},"schema":{"@context":"https:\/\/schema.org","@graph":[{"@type":"Article","@id":"https:\/\/aliancaevangelica.pt\/site\/5-mitos-sobre-a-solidao\/#article","isPartOf":{"@id":"https:\/\/aliancaevangelica.pt\/site\/5-mitos-sobre-a-solidao\/"},"author":{"name":"AEP","@id":"https:\/\/aliancaevangelica.pt\/site\/#\/schema\/person\/3b47cfc7535eff1e820f31c2d67eafcf"},"headline":"5 mitos sobre a solid\u00e3o","datePublished":"2020-09-04T08:00:50+00:00","mainEntityOfPage":{"@id":"https:\/\/aliancaevangelica.pt\/site\/5-mitos-sobre-a-solidao\/"},"wordCount":1393,"commentCount":0,"publisher":{"@id":"https:\/\/aliancaevangelica.pt\/site\/#organization"},"image":{"@id":"https:\/\/aliancaevangelica.pt\/site\/5-mitos-sobre-a-solidao\/#primaryimage"},"thumbnailUrl":"https:\/\/aliancaevangelica.pt\/site\/wp-content\/uploads\/2020\/09\/image-2.png","articleSection":["MULHERES, CASAIS E FAM\u00cdLIA"],"inLanguage":"pt-PT","potentialAction":[{"@type":"CommentAction","name":"Comment","target":["https:\/\/aliancaevangelica.pt\/site\/5-mitos-sobre-a-solidao\/#respond"]}]},{"@type":"WebPage","@id":"https:\/\/aliancaevangelica.pt\/site\/5-mitos-sobre-a-solidao\/","url":"https:\/\/aliancaevangelica.pt\/site\/5-mitos-sobre-a-solidao\/","name":"5 mitos sobre a solid\u00e3o - AEP","isPartOf":{"@id":"https:\/\/aliancaevangelica.pt\/site\/#website"},"primaryImageOfPage":{"@id":"https:\/\/aliancaevangelica.pt\/site\/5-mitos-sobre-a-solidao\/#primaryimage"},"image":{"@id":"https:\/\/aliancaevangelica.pt\/site\/5-mitos-sobre-a-solidao\/#primaryimage"},"thumbnailUrl":"https:\/\/aliancaevangelica.pt\/site\/wp-content\/uploads\/2020\/09\/image-2.png","datePublished":"2020-09-04T08:00:50+00:00","breadcrumb":{"@id":"https:\/\/aliancaevangelica.pt\/site\/5-mitos-sobre-a-solidao\/#breadcrumb"},"inLanguage":"pt-PT","potentialAction":[{"@type":"ReadAction","target":["https:\/\/aliancaevangelica.pt\/site\/5-mitos-sobre-a-solidao\/"]}]},{"@type":"ImageObject","inLanguage":"pt-PT","@id":"https:\/\/aliancaevangelica.pt\/site\/5-mitos-sobre-a-solidao\/#primaryimage","url":"https:\/\/aliancaevangelica.pt\/site\/wp-content\/uploads\/2020\/09\/image-2.png","contentUrl":"https:\/\/aliancaevangelica.pt\/site\/wp-content\/uploads\/2020\/09\/image-2.png","width":960,"height":640},{"@type":"BreadcrumbList","@id":"https:\/\/aliancaevangelica.pt\/site\/5-mitos-sobre-a-solidao\/#breadcrumb","itemListElement":[{"@type":"ListItem","position":1,"name":"In\u00edcio","item":"https:\/\/aliancaevangelica.pt\/site\/"},{"@type":"ListItem","position":2,"name":"5 mitos sobre a solid\u00e3o"}]},{"@type":"WebSite","@id":"https:\/\/aliancaevangelica.pt\/site\/#website","url":"https:\/\/aliancaevangelica.pt\/site\/","name":"Alian\u00e7a Evang\u00e9lica Portuguesa","description":"Alian\u00e7a Evang\u00e9lica Portuguesa","publisher":{"@id":"https:\/\/aliancaevangelica.pt\/site\/#organization"},"potentialAction":[{"@type":"SearchAction","target":{"@type":"EntryPoint","urlTemplate":"https:\/\/aliancaevangelica.pt\/site\/?s={search_term_string}"},"query-input":{"@type":"PropertyValueSpecification","valueRequired":true,"valueName":"search_term_string"}}],"inLanguage":"pt-PT"},{"@type":"Organization","@id":"https:\/\/aliancaevangelica.pt\/site\/#organization","name":"Alian\u00e7a Evang\u00e9lica Portuguesa","url":"https:\/\/aliancaevangelica.pt\/site\/","logo":{"@type":"ImageObject","inLanguage":"pt-PT","@id":"https:\/\/aliancaevangelica.pt\/site\/#\/schema\/logo\/image\/","url":"https:\/\/aliancaevangelica.pt\/site\/wp-content\/uploads\/2017\/11\/logo-AEP-cor.png","contentUrl":"https:\/\/aliancaevangelica.pt\/site\/wp-content\/uploads\/2017\/11\/logo-AEP-cor.png","width":1156,"height":672,"caption":"Alian\u00e7a Evang\u00e9lica Portuguesa"},"image":{"@id":"https:\/\/aliancaevangelica.pt\/site\/#\/schema\/logo\/image\/"},"sameAs":["http:\/\/facebook.com\/aeportuguesa","http:\/\/instagram.com\/aliancaep","http:\/\/youtube.com\/aeportuguesa"]},{"@type":"Person","@id":"https:\/\/aliancaevangelica.pt\/site\/#\/schema\/person\/3b47cfc7535eff1e820f31c2d67eafcf","name":"AEP","sameAs":["aeportugal"],"url":"https:\/\/aliancaevangelica.pt\/site\/author\/aeportugal\/"}]}},"uagb_featured_image_src":{"full":["https:\/\/aliancaevangelica.pt\/site\/wp-content\/uploads\/2020\/09\/image-2.png",960,640,false],"thumbnail":["https:\/\/aliancaevangelica.pt\/site\/wp-content\/uploads\/2020\/09\/image-2-150x150.png",150,150,true],"medium":["https:\/\/aliancaevangelica.pt\/site\/wp-content\/uploads\/2020\/09\/image-2-300x200.png",300,200,true],"medium_large":["https:\/\/aliancaevangelica.pt\/site\/wp-content\/uploads\/2020\/09\/image-2-768x512.png",768,512,true],"large":["https:\/\/aliancaevangelica.pt\/site\/wp-content\/uploads\/2020\/09\/image-2.png",960,640,false],"1536x1536":["https:\/\/aliancaevangelica.pt\/site\/wp-content\/uploads\/2020\/09\/image-2.png",960,640,false],"2048x2048":["https:\/\/aliancaevangelica.pt\/site\/wp-content\/uploads\/2020\/09\/image-2.png",960,640,false],"vp_sm":["https:\/\/aliancaevangelica.pt\/site\/wp-content\/uploads\/2020\/09\/image-2.png",500,333,false],"vp_md":["https:\/\/aliancaevangelica.pt\/site\/wp-content\/uploads\/2020\/09\/image-2.png",800,533,false],"vp_lg":["https:\/\/aliancaevangelica.pt\/site\/wp-content\/uploads\/2020\/09\/image-2.png",960,640,false],"vp_xl":["https:\/\/aliancaevangelica.pt\/site\/wp-content\/uploads\/2020\/09\/image-2.png",960,640,false],"vp_sm_popup":["https:\/\/aliancaevangelica.pt\/site\/wp-content\/uploads\/2020\/09\/image-2.png",500,333,false],"vp_md_popup":["https:\/\/aliancaevangelica.pt\/site\/wp-content\/uploads\/2020\/09\/image-2.png",800,533,false],"vp_xl_popup":["https:\/\/aliancaevangelica.pt\/site\/wp-content\/uploads\/2020\/09\/image-2.png",960,640,false],"newsx-150x100":["https:\/\/aliancaevangelica.pt\/site\/wp-content\/uploads\/2020\/09\/image-2.png",150,100,false],"newsx-330x220":["https:\/\/aliancaevangelica.pt\/site\/wp-content\/uploads\/2020\/09\/image-2.png",330,220,false],"newsx-420x280":["https:\/\/aliancaevangelica.pt\/site\/wp-content\/uploads\/2020\/09\/image-2.png",420,280,false],"newsx-510x340":["https:\/\/aliancaevangelica.pt\/site\/wp-content\/uploads\/2020\/09\/image-2.png",510,340,false],"newsx-640x480":["https:\/\/aliancaevangelica.pt\/site\/wp-content\/uploads\/2020\/09\/image-2.png",640,427,false],"newsx-670x370":["https:\/\/aliancaevangelica.pt\/site\/wp-content\/uploads\/2020\/09\/image-2.png",555,370,false],"newsx-860x570":["https:\/\/aliancaevangelica.pt\/site\/wp-content\/uploads\/2020\/09\/image-2.png",855,570,false],"newsx-1000x750":["https:\/\/aliancaevangelica.pt\/site\/wp-content\/uploads\/2020\/09\/image-2.png",960,640,false],"newsx-1200x600":["https:\/\/aliancaevangelica.pt\/site\/wp-content\/uploads\/2020\/09\/image-2.png",900,600,false]},"uagb_author_info":{"display_name":"AEP","author_link":"https:\/\/aliancaevangelica.pt\/site\/author\/aeportugal\/"},"uagb_comment_info":0,"uagb_excerpt":"Se h\u00e1 fen\u00f3meno sobre o qual devemos falar neste tempo \u00e9 a solid\u00e3o. Para muitos, e \u00e0 primeira vista, a solid\u00e3o pode ser pensada como aquela situa\u00e7\u00e3o em que uma pessoa (1), singular, n\u00e3o tem com quem partilhar a vida, falar ou para ser sua companhia. Contudo, se a solid\u00e3o fosse isto \u201csimplesmente\u201d, e n\u00e3o","_links":{"self":[{"href":"https:\/\/aliancaevangelica.pt\/site\/wp-json\/wp\/v2\/posts\/18410","targetHints":{"allow":["GET"]}}],"collection":[{"href":"https:\/\/aliancaevangelica.pt\/site\/wp-json\/wp\/v2\/posts"}],"about":[{"href":"https:\/\/aliancaevangelica.pt\/site\/wp-json\/wp\/v2\/types\/post"}],"author":[{"embeddable":true,"href":"https:\/\/aliancaevangelica.pt\/site\/wp-json\/wp\/v2\/users\/2"}],"replies":[{"embeddable":true,"href":"https:\/\/aliancaevangelica.pt\/site\/wp-json\/wp\/v2\/comments?post=18410"}],"version-history":[{"count":2,"href":"https:\/\/aliancaevangelica.pt\/site\/wp-json\/wp\/v2\/posts\/18410\/revisions"}],"predecessor-version":[{"id":18426,"href":"https:\/\/aliancaevangelica.pt\/site\/wp-json\/wp\/v2\/posts\/18410\/revisions\/18426"}],"wp:featuredmedia":[{"embeddable":true,"href":"https:\/\/aliancaevangelica.pt\/site\/wp-json\/wp\/v2\/media\/18411"}],"wp:attachment":[{"href":"https:\/\/aliancaevangelica.pt\/site\/wp-json\/wp\/v2\/media?parent=18410"}],"wp:term":[{"taxonomy":"category","embeddable":true,"href":"https:\/\/aliancaevangelica.pt\/site\/wp-json\/wp\/v2\/categories?post=18410"},{"taxonomy":"post_tag","embeddable":true,"href":"https:\/\/aliancaevangelica.pt\/site\/wp-json\/wp\/v2\/tags?post=18410"}],"curies":[{"name":"wp","href":"https:\/\/api.w.org\/{rel}","templated":true}]}}