{"id":18402,"date":"2020-08-21T16:25:48","date_gmt":"2020-08-21T16:25:48","guid":{"rendered":"https:\/\/aliancaevangelica.pt\/site\/?p=18402"},"modified":"2020-08-21T16:25:48","modified_gmt":"2020-08-21T16:25:48","slug":"ajuda-me-deus","status":"publish","type":"post","link":"https:\/\/aliancaevangelica.pt\/site\/ajuda-me-deus\/","title":{"rendered":"Ajuda-me, Deus!"},"content":{"rendered":"<p class=\"p1\">H\u00e1 uma mem\u00f3ria que me acompanha e da qual me lembro muitas vezes sempre que algu\u00e9m diz que n\u00e3o cr\u00ea em Deus. Por mais estranho que possa parecer, essa mem\u00f3ria aconteceu na maternidade onde nasceram os meus filhos, nos A\u00e7ores. Naquele lugar, ouvi v\u00e1rias mulheres clamar pelo nome de Deus, enquanto sofriam as terr\u00edveis dores de parto. \u201cAjuda-me, Deus!\u201d \u2013 ficou-me gravado. No meio daquela afli\u00e7\u00e3o t\u00e3o grande, quando as suas for\u00e7as come\u00e7avam a falhar, muitas lembravam-se daquele que tudo pode e de quem todos precisam \u2013 Deus.<\/p>\n<p class=\"p1\">Quando em janeiro passado celebr\u00e1vamos a chegada do ano 2020, com tanta alegria e com tantos novos planos tra\u00e7ados, nenhum de n\u00f3s podia imaginar que dali a dois meses estar\u00edamos todos fechados em casa, lutando contra um v\u00edrus terr\u00edvel, que faria parar o mundo, ceifando tantas e tantas vidas.<\/p>\n<p class=\"p1\">De facto, como disse Tiago, irm\u00e3o de Jesus, \u201cN\u00e3o sabeis o que suceder\u00e1 amanh\u00e3. Que \u00e9 a vossa vida? Sois, apenas, como uma neblina que aparece por instante e logo se dissipa.\u201d (Tiago 4:14)<\/p>\n<p class=\"p1\">At\u00e9 aqui, muitas pessoas t\u00eam vivido os seus dias certas de que t\u00eam o controlo de todas as coisas e t\u00eam exclu\u00eddo Deus das suas vidas. Por\u00e9m, quando chegam os dias maus, com tantas adversidades, muitas delas percebem, com humildade, a sua vulnerabilidade e que a vida n\u00e3o faz sentido longe de Deus.<\/p>\n<p class=\"p1\">No meio desta luta t\u00e3o grande, que fechou inclusivamente as portas das nossas igrejas, temos visto coisas lindas a acontecer. Os nossos cultos passaram a ser transmitidos na Internet e agora alcan\u00e7am muito mais pessoas. Muitos amigos, colegas e familiares dos crentes, que nunca tinham entrado num templo evang\u00e9lico, est\u00e3o agora a assistir semanalmente aos cultos e a ouvir a mensagem de esperan\u00e7a do Evangelho. Muitos cora\u00e7\u00f5es t\u00eam sido tocados pelo testemunho dos crist\u00e3os, pela paz e seguran\u00e7a com que enfrentam uma pandemia, confiando em Jesus. Muitos est\u00e3o a compreender que precisam de Deus.<\/p>\n<p class=\"p1\">Por estes dias, um dos meus colegas de trabalho, at\u00e9 aqui ateu e com um cora\u00e7\u00e3o muito fechado ao Evangelho, partilhou comigo que tem sentido estar a receber um \u201cbanho de humildade\u201d. Fiquei profundamente tocada ao ouvir estas palavras.<\/p>\n<p class=\"p1\">No meio desta adversidade t\u00e3o grande, Deus continua a ser o Senhor, o Soberano, sempre cheio de miseric\u00f3rdia pelos homens. Deus tem os seus prop\u00f3sitos em todas as situa\u00e7\u00f5es e, tal como aquelas mulheres na maternidade, muitos est\u00e3o agora a perceber a sua fragilidade e a clamar por socorro.<\/p>\n<p class=\"p1\">Que Deus nos ajude a viver estes tempos com sabedoria, na Sua depend\u00eancia e em esp\u00edrito de miss\u00e3o.<\/p>\n<p>&nbsp;<\/p>\n<p style=\"font-weight: 400;\">\n<p style=\"font-weight: 400;\">\n<p>[movedo_single_image image=&#8221;18401&#8243; animation=&#8221;grve-zoom-in&#8221;]Adriana Sabino<\/p>\n<p class=\"p1\">Jurista da Dire\u00e7\u00e3o Regional do Turismo, do Governo dos A\u00e7ores, \u00e9 esposa do pastor Rui Sabino e servem na Igreja Baptista de Queluz<\/p>\n","protected":false},"excerpt":{"rendered":"<p>H\u00e1 uma mem\u00f3ria que me acompanha e da qual me lembro muitas vezes sempre que algu\u00e9m diz que n\u00e3o cr\u00ea em Deus. Por mais estranho que possa parecer, essa mem\u00f3ria<\/p>\n","protected":false},"author":2,"featured_media":18404,"comment_status":"open","ping_status":"open","sticky":false,"template":"","format":"standard","meta":{"_uag_custom_page_level_css":"","_themeisle_gutenberg_block_has_review":false,"_vp_format_video_url":"","_vp_image_focal_point":[],"footnotes":""},"categories":[45,47],"tags":[],"class_list":["post-18402","post","type-post","status-publish","format-standard","has-post-thumbnail","hentry","category-geral","category-mulheres"],"yoast_head":"<!-- This site is optimized with the Yoast SEO plugin v27.5 - https:\/\/yoast.com\/product\/yoast-seo-wordpress\/ -->\n<title>Ajuda-me, Deus! - AEP<\/title>\n<meta name=\"robots\" content=\"index, follow, max-snippet:-1, max-image-preview:large, max-video-preview:-1\" \/>\n<link rel=\"canonical\" href=\"https:\/\/aliancaevangelica.pt\/site\/ajuda-me-deus\/\" \/>\n<meta property=\"og:locale\" content=\"pt_PT\" \/>\n<meta property=\"og:type\" content=\"article\" \/>\n<meta property=\"og:title\" content=\"Ajuda-me, Deus! - AEP\" \/>\n<meta property=\"og:description\" content=\"H\u00e1 uma mem\u00f3ria que me acompanha e da qual me lembro muitas vezes sempre que algu\u00e9m diz que n\u00e3o cr\u00ea em Deus. Por mais estranho que possa parecer, essa mem\u00f3ria\" \/>\n<meta property=\"og:url\" content=\"https:\/\/aliancaevangelica.pt\/site\/ajuda-me-deus\/\" \/>\n<meta property=\"og:site_name\" content=\"AEP\" \/>\n<meta property=\"article:publisher\" content=\"http:\/\/facebook.com\/aeportuguesa\" \/>\n<meta property=\"article:author\" content=\"aeportugal\" \/>\n<meta property=\"article:published_time\" content=\"2020-08-21T16:25:48+00:00\" \/>\n<meta property=\"og:image\" content=\"https:\/\/aliancaevangelica.pt\/site\/wp-content\/uploads\/2020\/08\/image-1.png\" \/>\n\t<meta property=\"og:image:width\" content=\"960\" \/>\n\t<meta property=\"og:image:height\" content=\"640\" \/>\n\t<meta property=\"og:image:type\" content=\"image\/png\" \/>\n<meta name=\"author\" content=\"AEP\" \/>\n<meta name=\"twitter:card\" content=\"summary_large_image\" \/>\n<meta name=\"twitter:label1\" content=\"Escrito por\" \/>\n\t<meta name=\"twitter:data1\" content=\"AEP\" \/>\n\t<meta name=\"twitter:label2\" content=\"Tempo estimado de leitura\" \/>\n\t<meta name=\"twitter:data2\" content=\"2 minutos\" \/>\n<script type=\"application\/ld+json\" class=\"yoast-schema-graph\">{\"@context\":\"https:\\\/\\\/schema.org\",\"@graph\":[{\"@type\":\"Article\",\"@id\":\"https:\\\/\\\/aliancaevangelica.pt\\\/site\\\/ajuda-me-deus\\\/#article\",\"isPartOf\":{\"@id\":\"https:\\\/\\\/aliancaevangelica.pt\\\/site\\\/ajuda-me-deus\\\/\"},\"author\":{\"name\":\"AEP\",\"@id\":\"https:\\\/\\\/aliancaevangelica.pt\\\/site\\\/#\\\/schema\\\/person\\\/3b47cfc7535eff1e820f31c2d67eafcf\"},\"headline\":\"Ajuda-me, Deus!\",\"datePublished\":\"2020-08-21T16:25:48+00:00\",\"mainEntityOfPage\":{\"@id\":\"https:\\\/\\\/aliancaevangelica.pt\\\/site\\\/ajuda-me-deus\\\/\"},\"wordCount\":498,\"commentCount\":0,\"publisher\":{\"@id\":\"https:\\\/\\\/aliancaevangelica.pt\\\/site\\\/#organization\"},\"image\":{\"@id\":\"https:\\\/\\\/aliancaevangelica.pt\\\/site\\\/ajuda-me-deus\\\/#primaryimage\"},\"thumbnailUrl\":\"https:\\\/\\\/aliancaevangelica.pt\\\/site\\\/wp-content\\\/uploads\\\/2020\\\/08\\\/image-1.png\",\"articleSection\":[\"1-Geral\",\"Mulheres\"],\"inLanguage\":\"pt-PT\",\"potentialAction\":[{\"@type\":\"CommentAction\",\"name\":\"Comment\",\"target\":[\"https:\\\/\\\/aliancaevangelica.pt\\\/site\\\/ajuda-me-deus\\\/#respond\"]}]},{\"@type\":\"WebPage\",\"@id\":\"https:\\\/\\\/aliancaevangelica.pt\\\/site\\\/ajuda-me-deus\\\/\",\"url\":\"https:\\\/\\\/aliancaevangelica.pt\\\/site\\\/ajuda-me-deus\\\/\",\"name\":\"Ajuda-me, Deus! - AEP\",\"isPartOf\":{\"@id\":\"https:\\\/\\\/aliancaevangelica.pt\\\/site\\\/#website\"},\"primaryImageOfPage\":{\"@id\":\"https:\\\/\\\/aliancaevangelica.pt\\\/site\\\/ajuda-me-deus\\\/#primaryimage\"},\"image\":{\"@id\":\"https:\\\/\\\/aliancaevangelica.pt\\\/site\\\/ajuda-me-deus\\\/#primaryimage\"},\"thumbnailUrl\":\"https:\\\/\\\/aliancaevangelica.pt\\\/site\\\/wp-content\\\/uploads\\\/2020\\\/08\\\/image-1.png\",\"datePublished\":\"2020-08-21T16:25:48+00:00\",\"breadcrumb\":{\"@id\":\"https:\\\/\\\/aliancaevangelica.pt\\\/site\\\/ajuda-me-deus\\\/#breadcrumb\"},\"inLanguage\":\"pt-PT\",\"potentialAction\":[{\"@type\":\"ReadAction\",\"target\":[\"https:\\\/\\\/aliancaevangelica.pt\\\/site\\\/ajuda-me-deus\\\/\"]}]},{\"@type\":\"ImageObject\",\"inLanguage\":\"pt-PT\",\"@id\":\"https:\\\/\\\/aliancaevangelica.pt\\\/site\\\/ajuda-me-deus\\\/#primaryimage\",\"url\":\"https:\\\/\\\/aliancaevangelica.pt\\\/site\\\/wp-content\\\/uploads\\\/2020\\\/08\\\/image-1.png\",\"contentUrl\":\"https:\\\/\\\/aliancaevangelica.pt\\\/site\\\/wp-content\\\/uploads\\\/2020\\\/08\\\/image-1.png\",\"width\":960,\"height\":640},{\"@type\":\"BreadcrumbList\",\"@id\":\"https:\\\/\\\/aliancaevangelica.pt\\\/site\\\/ajuda-me-deus\\\/#breadcrumb\",\"itemListElement\":[{\"@type\":\"ListItem\",\"position\":1,\"name\":\"In\u00edcio\",\"item\":\"https:\\\/\\\/aliancaevangelica.pt\\\/site\\\/\"},{\"@type\":\"ListItem\",\"position\":2,\"name\":\"Ajuda-me, Deus!\"}]},{\"@type\":\"WebSite\",\"@id\":\"https:\\\/\\\/aliancaevangelica.pt\\\/site\\\/#website\",\"url\":\"https:\\\/\\\/aliancaevangelica.pt\\\/site\\\/\",\"name\":\"Alian\u00e7a Evang\u00e9lica Portuguesa\",\"description\":\"Alian\u00e7a Evang\u00e9lica Portuguesa\",\"publisher\":{\"@id\":\"https:\\\/\\\/aliancaevangelica.pt\\\/site\\\/#organization\"},\"potentialAction\":[{\"@type\":\"SearchAction\",\"target\":{\"@type\":\"EntryPoint\",\"urlTemplate\":\"https:\\\/\\\/aliancaevangelica.pt\\\/site\\\/?s={search_term_string}\"},\"query-input\":{\"@type\":\"PropertyValueSpecification\",\"valueRequired\":true,\"valueName\":\"search_term_string\"}}],\"inLanguage\":\"pt-PT\"},{\"@type\":\"Organization\",\"@id\":\"https:\\\/\\\/aliancaevangelica.pt\\\/site\\\/#organization\",\"name\":\"Alian\u00e7a Evang\u00e9lica Portuguesa\",\"url\":\"https:\\\/\\\/aliancaevangelica.pt\\\/site\\\/\",\"logo\":{\"@type\":\"ImageObject\",\"inLanguage\":\"pt-PT\",\"@id\":\"https:\\\/\\\/aliancaevangelica.pt\\\/site\\\/#\\\/schema\\\/logo\\\/image\\\/\",\"url\":\"https:\\\/\\\/aliancaevangelica.pt\\\/site\\\/wp-content\\\/uploads\\\/2017\\\/11\\\/logo-AEP-cor.png\",\"contentUrl\":\"https:\\\/\\\/aliancaevangelica.pt\\\/site\\\/wp-content\\\/uploads\\\/2017\\\/11\\\/logo-AEP-cor.png\",\"width\":1156,\"height\":672,\"caption\":\"Alian\u00e7a Evang\u00e9lica Portuguesa\"},\"image\":{\"@id\":\"https:\\\/\\\/aliancaevangelica.pt\\\/site\\\/#\\\/schema\\\/logo\\\/image\\\/\"},\"sameAs\":[\"http:\\\/\\\/facebook.com\\\/aeportuguesa\",\"http:\\\/\\\/instagram.com\\\/aliancaep\",\"http:\\\/\\\/youtube.com\\\/aeportuguesa\"]},{\"@type\":\"Person\",\"@id\":\"https:\\\/\\\/aliancaevangelica.pt\\\/site\\\/#\\\/schema\\\/person\\\/3b47cfc7535eff1e820f31c2d67eafcf\",\"name\":\"AEP\",\"sameAs\":[\"aeportugal\"],\"url\":\"https:\\\/\\\/aliancaevangelica.pt\\\/site\\\/author\\\/aeportugal\\\/\"}]}<\/script>\n<!-- \/ Yoast SEO plugin. -->","yoast_head_json":{"title":"Ajuda-me, Deus! - AEP","robots":{"index":"index","follow":"follow","max-snippet":"max-snippet:-1","max-image-preview":"max-image-preview:large","max-video-preview":"max-video-preview:-1"},"canonical":"https:\/\/aliancaevangelica.pt\/site\/ajuda-me-deus\/","og_locale":"pt_PT","og_type":"article","og_title":"Ajuda-me, Deus! - AEP","og_description":"H\u00e1 uma mem\u00f3ria que me acompanha e da qual me lembro muitas vezes sempre que algu\u00e9m diz que n\u00e3o cr\u00ea em Deus. Por mais estranho que possa parecer, essa mem\u00f3ria","og_url":"https:\/\/aliancaevangelica.pt\/site\/ajuda-me-deus\/","og_site_name":"AEP","article_publisher":"http:\/\/facebook.com\/aeportuguesa","article_author":"aeportugal","article_published_time":"2020-08-21T16:25:48+00:00","og_image":[{"width":960,"height":640,"url":"https:\/\/aliancaevangelica.pt\/site\/wp-content\/uploads\/2020\/08\/image-1.png","type":"image\/png"}],"author":"AEP","twitter_card":"summary_large_image","twitter_misc":{"Escrito por":"AEP","Tempo estimado de leitura":"2 minutos"},"schema":{"@context":"https:\/\/schema.org","@graph":[{"@type":"Article","@id":"https:\/\/aliancaevangelica.pt\/site\/ajuda-me-deus\/#article","isPartOf":{"@id":"https:\/\/aliancaevangelica.pt\/site\/ajuda-me-deus\/"},"author":{"name":"AEP","@id":"https:\/\/aliancaevangelica.pt\/site\/#\/schema\/person\/3b47cfc7535eff1e820f31c2d67eafcf"},"headline":"Ajuda-me, Deus!","datePublished":"2020-08-21T16:25:48+00:00","mainEntityOfPage":{"@id":"https:\/\/aliancaevangelica.pt\/site\/ajuda-me-deus\/"},"wordCount":498,"commentCount":0,"publisher":{"@id":"https:\/\/aliancaevangelica.pt\/site\/#organization"},"image":{"@id":"https:\/\/aliancaevangelica.pt\/site\/ajuda-me-deus\/#primaryimage"},"thumbnailUrl":"https:\/\/aliancaevangelica.pt\/site\/wp-content\/uploads\/2020\/08\/image-1.png","articleSection":["1-Geral","Mulheres"],"inLanguage":"pt-PT","potentialAction":[{"@type":"CommentAction","name":"Comment","target":["https:\/\/aliancaevangelica.pt\/site\/ajuda-me-deus\/#respond"]}]},{"@type":"WebPage","@id":"https:\/\/aliancaevangelica.pt\/site\/ajuda-me-deus\/","url":"https:\/\/aliancaevangelica.pt\/site\/ajuda-me-deus\/","name":"Ajuda-me, Deus! - AEP","isPartOf":{"@id":"https:\/\/aliancaevangelica.pt\/site\/#website"},"primaryImageOfPage":{"@id":"https:\/\/aliancaevangelica.pt\/site\/ajuda-me-deus\/#primaryimage"},"image":{"@id":"https:\/\/aliancaevangelica.pt\/site\/ajuda-me-deus\/#primaryimage"},"thumbnailUrl":"https:\/\/aliancaevangelica.pt\/site\/wp-content\/uploads\/2020\/08\/image-1.png","datePublished":"2020-08-21T16:25:48+00:00","breadcrumb":{"@id":"https:\/\/aliancaevangelica.pt\/site\/ajuda-me-deus\/#breadcrumb"},"inLanguage":"pt-PT","potentialAction":[{"@type":"ReadAction","target":["https:\/\/aliancaevangelica.pt\/site\/ajuda-me-deus\/"]}]},{"@type":"ImageObject","inLanguage":"pt-PT","@id":"https:\/\/aliancaevangelica.pt\/site\/ajuda-me-deus\/#primaryimage","url":"https:\/\/aliancaevangelica.pt\/site\/wp-content\/uploads\/2020\/08\/image-1.png","contentUrl":"https:\/\/aliancaevangelica.pt\/site\/wp-content\/uploads\/2020\/08\/image-1.png","width":960,"height":640},{"@type":"BreadcrumbList","@id":"https:\/\/aliancaevangelica.pt\/site\/ajuda-me-deus\/#breadcrumb","itemListElement":[{"@type":"ListItem","position":1,"name":"In\u00edcio","item":"https:\/\/aliancaevangelica.pt\/site\/"},{"@type":"ListItem","position":2,"name":"Ajuda-me, Deus!"}]},{"@type":"WebSite","@id":"https:\/\/aliancaevangelica.pt\/site\/#website","url":"https:\/\/aliancaevangelica.pt\/site\/","name":"Alian\u00e7a Evang\u00e9lica Portuguesa","description":"Alian\u00e7a Evang\u00e9lica Portuguesa","publisher":{"@id":"https:\/\/aliancaevangelica.pt\/site\/#organization"},"potentialAction":[{"@type":"SearchAction","target":{"@type":"EntryPoint","urlTemplate":"https:\/\/aliancaevangelica.pt\/site\/?s={search_term_string}"},"query-input":{"@type":"PropertyValueSpecification","valueRequired":true,"valueName":"search_term_string"}}],"inLanguage":"pt-PT"},{"@type":"Organization","@id":"https:\/\/aliancaevangelica.pt\/site\/#organization","name":"Alian\u00e7a Evang\u00e9lica Portuguesa","url":"https:\/\/aliancaevangelica.pt\/site\/","logo":{"@type":"ImageObject","inLanguage":"pt-PT","@id":"https:\/\/aliancaevangelica.pt\/site\/#\/schema\/logo\/image\/","url":"https:\/\/aliancaevangelica.pt\/site\/wp-content\/uploads\/2017\/11\/logo-AEP-cor.png","contentUrl":"https:\/\/aliancaevangelica.pt\/site\/wp-content\/uploads\/2017\/11\/logo-AEP-cor.png","width":1156,"height":672,"caption":"Alian\u00e7a Evang\u00e9lica Portuguesa"},"image":{"@id":"https:\/\/aliancaevangelica.pt\/site\/#\/schema\/logo\/image\/"},"sameAs":["http:\/\/facebook.com\/aeportuguesa","http:\/\/instagram.com\/aliancaep","http:\/\/youtube.com\/aeportuguesa"]},{"@type":"Person","@id":"https:\/\/aliancaevangelica.pt\/site\/#\/schema\/person\/3b47cfc7535eff1e820f31c2d67eafcf","name":"AEP","sameAs":["aeportugal"],"url":"https:\/\/aliancaevangelica.pt\/site\/author\/aeportugal\/"}]}},"uagb_featured_image_src":{"full":["https:\/\/aliancaevangelica.pt\/site\/wp-content\/uploads\/2020\/08\/image-1.png",960,640,false],"thumbnail":["https:\/\/aliancaevangelica.pt\/site\/wp-content\/uploads\/2020\/08\/image-1-150x150.png",150,150,true],"medium":["https:\/\/aliancaevangelica.pt\/site\/wp-content\/uploads\/2020\/08\/image-1-300x200.png",300,200,true],"medium_large":["https:\/\/aliancaevangelica.pt\/site\/wp-content\/uploads\/2020\/08\/image-1-768x512.png",768,512,true],"large":["https:\/\/aliancaevangelica.pt\/site\/wp-content\/uploads\/2020\/08\/image-1.png",960,640,false],"1536x1536":["https:\/\/aliancaevangelica.pt\/site\/wp-content\/uploads\/2020\/08\/image-1.png",960,640,false],"2048x2048":["https:\/\/aliancaevangelica.pt\/site\/wp-content\/uploads\/2020\/08\/image-1.png",960,640,false],"vp_sm":["https:\/\/aliancaevangelica.pt\/site\/wp-content\/uploads\/2020\/08\/image-1.png",500,333,false],"vp_md":["https:\/\/aliancaevangelica.pt\/site\/wp-content\/uploads\/2020\/08\/image-1.png",800,533,false],"vp_lg":["https:\/\/aliancaevangelica.pt\/site\/wp-content\/uploads\/2020\/08\/image-1.png",960,640,false],"vp_xl":["https:\/\/aliancaevangelica.pt\/site\/wp-content\/uploads\/2020\/08\/image-1.png",960,640,false],"vp_sm_popup":["https:\/\/aliancaevangelica.pt\/site\/wp-content\/uploads\/2020\/08\/image-1.png",500,333,false],"vp_md_popup":["https:\/\/aliancaevangelica.pt\/site\/wp-content\/uploads\/2020\/08\/image-1.png",800,533,false],"vp_xl_popup":["https:\/\/aliancaevangelica.pt\/site\/wp-content\/uploads\/2020\/08\/image-1.png",960,640,false],"newsx-150x100":["https:\/\/aliancaevangelica.pt\/site\/wp-content\/uploads\/2020\/08\/image-1.png",150,100,false],"newsx-330x220":["https:\/\/aliancaevangelica.pt\/site\/wp-content\/uploads\/2020\/08\/image-1.png",330,220,false],"newsx-420x280":["https:\/\/aliancaevangelica.pt\/site\/wp-content\/uploads\/2020\/08\/image-1.png",420,280,false],"newsx-510x340":["https:\/\/aliancaevangelica.pt\/site\/wp-content\/uploads\/2020\/08\/image-1.png",510,340,false],"newsx-640x480":["https:\/\/aliancaevangelica.pt\/site\/wp-content\/uploads\/2020\/08\/image-1.png",640,427,false],"newsx-670x370":["https:\/\/aliancaevangelica.pt\/site\/wp-content\/uploads\/2020\/08\/image-1.png",555,370,false],"newsx-860x570":["https:\/\/aliancaevangelica.pt\/site\/wp-content\/uploads\/2020\/08\/image-1.png",855,570,false],"newsx-1000x750":["https:\/\/aliancaevangelica.pt\/site\/wp-content\/uploads\/2020\/08\/image-1.png",960,640,false],"newsx-1200x600":["https:\/\/aliancaevangelica.pt\/site\/wp-content\/uploads\/2020\/08\/image-1.png",900,600,false]},"uagb_author_info":{"display_name":"AEP","author_link":"https:\/\/aliancaevangelica.pt\/site\/author\/aeportugal\/"},"uagb_comment_info":0,"uagb_excerpt":"H\u00e1 uma mem\u00f3ria que me acompanha e da qual me lembro muitas vezes sempre que algu\u00e9m diz que n\u00e3o cr\u00ea em Deus. Por mais estranho que possa parecer, essa mem\u00f3ria","_links":{"self":[{"href":"https:\/\/aliancaevangelica.pt\/site\/wp-json\/wp\/v2\/posts\/18402","targetHints":{"allow":["GET"]}}],"collection":[{"href":"https:\/\/aliancaevangelica.pt\/site\/wp-json\/wp\/v2\/posts"}],"about":[{"href":"https:\/\/aliancaevangelica.pt\/site\/wp-json\/wp\/v2\/types\/post"}],"author":[{"embeddable":true,"href":"https:\/\/aliancaevangelica.pt\/site\/wp-json\/wp\/v2\/users\/2"}],"replies":[{"embeddable":true,"href":"https:\/\/aliancaevangelica.pt\/site\/wp-json\/wp\/v2\/comments?post=18402"}],"version-history":[{"count":2,"href":"https:\/\/aliancaevangelica.pt\/site\/wp-json\/wp\/v2\/posts\/18402\/revisions"}],"predecessor-version":[{"id":18405,"href":"https:\/\/aliancaevangelica.pt\/site\/wp-json\/wp\/v2\/posts\/18402\/revisions\/18405"}],"wp:featuredmedia":[{"embeddable":true,"href":"https:\/\/aliancaevangelica.pt\/site\/wp-json\/wp\/v2\/media\/18404"}],"wp:attachment":[{"href":"https:\/\/aliancaevangelica.pt\/site\/wp-json\/wp\/v2\/media?parent=18402"}],"wp:term":[{"taxonomy":"category","embeddable":true,"href":"https:\/\/aliancaevangelica.pt\/site\/wp-json\/wp\/v2\/categories?post=18402"},{"taxonomy":"post_tag","embeddable":true,"href":"https:\/\/aliancaevangelica.pt\/site\/wp-json\/wp\/v2\/tags?post=18402"}],"curies":[{"name":"wp","href":"https:\/\/api.w.org\/{rel}","templated":true}]}}