{"id":18393,"date":"2020-08-08T15:02:47","date_gmt":"2020-08-08T15:02:47","guid":{"rendered":"https:\/\/aliancaevangelica.pt\/site\/?p=18393"},"modified":"2020-08-09T21:53:51","modified_gmt":"2020-08-09T21:53:51","slug":"family-life-em-portugal","status":"publish","type":"post","link":"https:\/\/aliancaevangelica.pt\/site\/family-life-em-portugal\/","title":{"rendered":"Family.Fit em Portugal"},"content":{"rendered":"<div>Apresentamos hoje mais um programa que tem sido um sucesso mundial durante o COVID&#8230;<b>Family.Fit<\/b><\/div>\n<div><\/div>\n<div>Desde o in\u00edcio do confinamento que come\u00e7ou um projeto de discipulado na fam\u00edlia.<\/div>\n<div>Como juntar fam\u00edlia, f\u00e9, fitness e divers\u00e3o?\u00a0<a href=\"https:\/\/family.fit\/en\/\" target=\"_blank\" rel=\"noopener noreferrer\" data-saferedirecturl=\"https:\/\/www.google.com\/url?q=https:\/\/family.fit\/en\/&amp;source=gmail&amp;ust=1596984331004000&amp;usg=AFQjCNEi4NURYSkoFExjutu6VL9JRcXhQw\">https:\/\/family.fit\/<wbr \/>en\/<\/a><\/div>\n<div><\/div>\n<div>O Family.Fit est\u00e1 em j\u00e1 170 pa\u00edses e em 25 l\u00ednguas diferentes alcan\u00e7ando mais de meio milh\u00e3o de pessoas pelo mundo.<\/div>\n<div>Todas as semanas sai um novo programa:)<\/div>\n<div>A l\u00edngua portuguesa est\u00e1 a sair no tempo certo todas as semanas, j\u00e1 temos 20 semanas traduzidas,\u00a0<a href=\"https:\/\/family.fit\/en\/translations\/portuguese-portugal\/\" target=\"_blank\" rel=\"noopener noreferrer\" data-saferedirecturl=\"https:\/\/www.google.com\/url?q=https:\/\/family.fit\/en\/translations\/portuguese-portugal\/&amp;source=gmail&amp;ust=1596984331004000&amp;usg=AFQjCNHYceFedg5Kd86xuZnNg-OFkvnHQw\">https:\/\/family.<wbr \/>fit\/en\/translations\/<wbr \/>portuguese-portugal\/<\/a><\/div>\n<div><\/div>\n<div>Mais de 220 pessoas envolvidas na produ\u00e7\u00e3o, 11 deles portugueses \ud83d\ude42<\/div>\n<div>Inclui tamb\u00e9m muitos parceiros de todos os cantos do mundo, a Uni\u00e3o B\u00edblica, a Alian\u00e7a\u00a0Evang\u00e9lica Mundial, o F\u00f3rum Infantil Global, a Alian\u00e7a da Fam\u00edlia, o movimento Lausanne, entre outros.<\/div>\n<div><\/div>\n<div>\u00c9 gr\u00e1tis, f\u00e1cil de fazer download e adapt\u00e1vel para todas as circunst\u00e2ncias. Siga o Family.Fit nas principais redes sociais&#8230;<\/div>\n<div><\/div>\n<div>Mais informa\u00e7\u00f5es\u00a0para:\u00a0<a href=\"mailto:pedromateus@uniaobiblica.com\" target=\"_blank\" rel=\"noopener noreferrer\">pedromateus@uniaobiblica.com<\/a><\/div>\n","protected":false},"excerpt":{"rendered":"<p>Apresentamos hoje mais um programa que tem sido um sucesso mundial durante o COVID&#8230;Family.Fit Desde o in\u00edcio do confinamento que come\u00e7ou um projeto de discipulado na fam\u00edlia. Como juntar fam\u00edlia, f\u00e9, fitness e divers\u00e3o?\u00a0https:\/\/family.fit\/en\/ O Family.Fit est\u00e1 em j\u00e1 170 pa\u00edses e em 25 l\u00ednguas diferentes alcan\u00e7ando mais de meio milh\u00e3o de pessoas pelo mundo.<\/p>\n","protected":false},"author":2,"featured_media":18394,"comment_status":"open","ping_status":"open","sticky":false,"template":"","format":"standard","meta":{"_uag_custom_page_level_css":"","_themeisle_gutenberg_block_has_review":false,"_vp_format_video_url":"","_vp_image_focal_point":[],"footnotes":""},"categories":[3],"tags":[142,144,143],"class_list":["post-18393","post","type-post","status-publish","format-standard","has-post-thumbnail","hentry","category-artigos-gerais","tag-4-anuncios","tag-eventos","tag-noticias"],"yoast_head":"<!-- This site is optimized with the Yoast SEO plugin v27.5 - https:\/\/yoast.com\/product\/yoast-seo-wordpress\/ -->\n<title>Family.Fit em Portugal - AEP<\/title>\n<meta name=\"robots\" content=\"index, follow, max-snippet:-1, max-image-preview:large, max-video-preview:-1\" \/>\n<link rel=\"canonical\" href=\"https:\/\/aliancaevangelica.pt\/site\/family-life-em-portugal\/\" \/>\n<meta property=\"og:locale\" content=\"pt_PT\" \/>\n<meta property=\"og:type\" content=\"article\" \/>\n<meta property=\"og:title\" content=\"Family.Fit em Portugal - AEP\" \/>\n<meta property=\"og:description\" content=\"Apresentamos hoje mais um programa que tem sido um sucesso mundial durante o COVID&#8230;Family.Fit Desde o in\u00edcio do confinamento que come\u00e7ou um projeto de discipulado na fam\u00edlia. Como juntar fam\u00edlia, f\u00e9, fitness e divers\u00e3o?\u00a0https:\/\/family.fit\/en\/ O Family.Fit est\u00e1 em j\u00e1 170 pa\u00edses e em 25 l\u00ednguas diferentes alcan\u00e7ando mais de meio milh\u00e3o de pessoas pelo mundo.\" \/>\n<meta property=\"og:url\" content=\"https:\/\/aliancaevangelica.pt\/site\/family-life-em-portugal\/\" \/>\n<meta property=\"og:site_name\" content=\"AEP\" \/>\n<meta property=\"article:publisher\" content=\"http:\/\/facebook.com\/aeportuguesa\" \/>\n<meta property=\"article:author\" content=\"aeportugal\" \/>\n<meta property=\"article:published_time\" content=\"2020-08-08T15:02:47+00:00\" \/>\n<meta property=\"article:modified_time\" content=\"2020-08-09T21:53:51+00:00\" \/>\n<meta property=\"og:image\" content=\"https:\/\/aliancaevangelica.pt\/site\/wp-content\/uploads\/2020\/08\/familyfit-logo.png\" \/>\n\t<meta property=\"og:image:width\" content=\"1502\" \/>\n\t<meta property=\"og:image:height\" content=\"504\" \/>\n\t<meta property=\"og:image:type\" content=\"image\/png\" \/>\n<meta name=\"author\" content=\"AEP\" \/>\n<meta name=\"twitter:card\" content=\"summary_large_image\" \/>\n<meta name=\"twitter:label1\" content=\"Escrito por\" \/>\n\t<meta name=\"twitter:data1\" content=\"AEP\" \/>\n\t<meta name=\"twitter:label2\" content=\"Tempo estimado de leitura\" \/>\n\t<meta name=\"twitter:data2\" content=\"1 minuto\" \/>\n<script type=\"application\/ld+json\" class=\"yoast-schema-graph\">{\"@context\":\"https:\\\/\\\/schema.org\",\"@graph\":[{\"@type\":\"Article\",\"@id\":\"https:\\\/\\\/aliancaevangelica.pt\\\/site\\\/family-life-em-portugal\\\/#article\",\"isPartOf\":{\"@id\":\"https:\\\/\\\/aliancaevangelica.pt\\\/site\\\/family-life-em-portugal\\\/\"},\"author\":{\"name\":\"AEP\",\"@id\":\"https:\\\/\\\/aliancaevangelica.pt\\\/site\\\/#\\\/schema\\\/person\\\/3b47cfc7535eff1e820f31c2d67eafcf\"},\"headline\":\"Family.Fit em Portugal\",\"datePublished\":\"2020-08-08T15:02:47+00:00\",\"dateModified\":\"2020-08-09T21:53:51+00:00\",\"mainEntityOfPage\":{\"@id\":\"https:\\\/\\\/aliancaevangelica.pt\\\/site\\\/family-life-em-portugal\\\/\"},\"wordCount\":180,\"commentCount\":0,\"publisher\":{\"@id\":\"https:\\\/\\\/aliancaevangelica.pt\\\/site\\\/#organization\"},\"image\":{\"@id\":\"https:\\\/\\\/aliancaevangelica.pt\\\/site\\\/family-life-em-portugal\\\/#primaryimage\"},\"thumbnailUrl\":\"https:\\\/\\\/aliancaevangelica.pt\\\/site\\\/wp-content\\\/uploads\\\/2020\\\/08\\\/familyfit-logo.png\",\"keywords\":[\"4-An\u00fancios\",\"Eventos\",\"Not\u00edcias\"],\"articleSection\":[\"2-Artigos Gerais\"],\"inLanguage\":\"pt-PT\",\"potentialAction\":[{\"@type\":\"CommentAction\",\"name\":\"Comment\",\"target\":[\"https:\\\/\\\/aliancaevangelica.pt\\\/site\\\/family-life-em-portugal\\\/#respond\"]}]},{\"@type\":\"WebPage\",\"@id\":\"https:\\\/\\\/aliancaevangelica.pt\\\/site\\\/family-life-em-portugal\\\/\",\"url\":\"https:\\\/\\\/aliancaevangelica.pt\\\/site\\\/family-life-em-portugal\\\/\",\"name\":\"Family.Fit em Portugal - AEP\",\"isPartOf\":{\"@id\":\"https:\\\/\\\/aliancaevangelica.pt\\\/site\\\/#website\"},\"primaryImageOfPage\":{\"@id\":\"https:\\\/\\\/aliancaevangelica.pt\\\/site\\\/family-life-em-portugal\\\/#primaryimage\"},\"image\":{\"@id\":\"https:\\\/\\\/aliancaevangelica.pt\\\/site\\\/family-life-em-portugal\\\/#primaryimage\"},\"thumbnailUrl\":\"https:\\\/\\\/aliancaevangelica.pt\\\/site\\\/wp-content\\\/uploads\\\/2020\\\/08\\\/familyfit-logo.png\",\"datePublished\":\"2020-08-08T15:02:47+00:00\",\"dateModified\":\"2020-08-09T21:53:51+00:00\",\"breadcrumb\":{\"@id\":\"https:\\\/\\\/aliancaevangelica.pt\\\/site\\\/family-life-em-portugal\\\/#breadcrumb\"},\"inLanguage\":\"pt-PT\",\"potentialAction\":[{\"@type\":\"ReadAction\",\"target\":[\"https:\\\/\\\/aliancaevangelica.pt\\\/site\\\/family-life-em-portugal\\\/\"]}]},{\"@type\":\"ImageObject\",\"inLanguage\":\"pt-PT\",\"@id\":\"https:\\\/\\\/aliancaevangelica.pt\\\/site\\\/family-life-em-portugal\\\/#primaryimage\",\"url\":\"https:\\\/\\\/aliancaevangelica.pt\\\/site\\\/wp-content\\\/uploads\\\/2020\\\/08\\\/familyfit-logo.png\",\"contentUrl\":\"https:\\\/\\\/aliancaevangelica.pt\\\/site\\\/wp-content\\\/uploads\\\/2020\\\/08\\\/familyfit-logo.png\",\"width\":1502,\"height\":504},{\"@type\":\"BreadcrumbList\",\"@id\":\"https:\\\/\\\/aliancaevangelica.pt\\\/site\\\/family-life-em-portugal\\\/#breadcrumb\",\"itemListElement\":[{\"@type\":\"ListItem\",\"position\":1,\"name\":\"In\u00edcio\",\"item\":\"https:\\\/\\\/aliancaevangelica.pt\\\/site\\\/\"},{\"@type\":\"ListItem\",\"position\":2,\"name\":\"Family.Fit em Portugal\"}]},{\"@type\":\"WebSite\",\"@id\":\"https:\\\/\\\/aliancaevangelica.pt\\\/site\\\/#website\",\"url\":\"https:\\\/\\\/aliancaevangelica.pt\\\/site\\\/\",\"name\":\"Alian\u00e7a Evang\u00e9lica Portuguesa\",\"description\":\"Alian\u00e7a Evang\u00e9lica Portuguesa\",\"publisher\":{\"@id\":\"https:\\\/\\\/aliancaevangelica.pt\\\/site\\\/#organization\"},\"potentialAction\":[{\"@type\":\"SearchAction\",\"target\":{\"@type\":\"EntryPoint\",\"urlTemplate\":\"https:\\\/\\\/aliancaevangelica.pt\\\/site\\\/?s={search_term_string}\"},\"query-input\":{\"@type\":\"PropertyValueSpecification\",\"valueRequired\":true,\"valueName\":\"search_term_string\"}}],\"inLanguage\":\"pt-PT\"},{\"@type\":\"Organization\",\"@id\":\"https:\\\/\\\/aliancaevangelica.pt\\\/site\\\/#organization\",\"name\":\"Alian\u00e7a Evang\u00e9lica Portuguesa\",\"url\":\"https:\\\/\\\/aliancaevangelica.pt\\\/site\\\/\",\"logo\":{\"@type\":\"ImageObject\",\"inLanguage\":\"pt-PT\",\"@id\":\"https:\\\/\\\/aliancaevangelica.pt\\\/site\\\/#\\\/schema\\\/logo\\\/image\\\/\",\"url\":\"https:\\\/\\\/aliancaevangelica.pt\\\/site\\\/wp-content\\\/uploads\\\/2017\\\/11\\\/logo-AEP-cor.png\",\"contentUrl\":\"https:\\\/\\\/aliancaevangelica.pt\\\/site\\\/wp-content\\\/uploads\\\/2017\\\/11\\\/logo-AEP-cor.png\",\"width\":1156,\"height\":672,\"caption\":\"Alian\u00e7a Evang\u00e9lica Portuguesa\"},\"image\":{\"@id\":\"https:\\\/\\\/aliancaevangelica.pt\\\/site\\\/#\\\/schema\\\/logo\\\/image\\\/\"},\"sameAs\":[\"http:\\\/\\\/facebook.com\\\/aeportuguesa\",\"http:\\\/\\\/instagram.com\\\/aliancaep\",\"http:\\\/\\\/youtube.com\\\/aeportuguesa\"]},{\"@type\":\"Person\",\"@id\":\"https:\\\/\\\/aliancaevangelica.pt\\\/site\\\/#\\\/schema\\\/person\\\/3b47cfc7535eff1e820f31c2d67eafcf\",\"name\":\"AEP\",\"sameAs\":[\"aeportugal\"],\"url\":\"https:\\\/\\\/aliancaevangelica.pt\\\/site\\\/author\\\/aeportugal\\\/\"}]}<\/script>\n<!-- \/ Yoast SEO plugin. -->","yoast_head_json":{"title":"Family.Fit em Portugal - AEP","robots":{"index":"index","follow":"follow","max-snippet":"max-snippet:-1","max-image-preview":"max-image-preview:large","max-video-preview":"max-video-preview:-1"},"canonical":"https:\/\/aliancaevangelica.pt\/site\/family-life-em-portugal\/","og_locale":"pt_PT","og_type":"article","og_title":"Family.Fit em Portugal - AEP","og_description":"Apresentamos hoje mais um programa que tem sido um sucesso mundial durante o COVID&#8230;Family.Fit Desde o in\u00edcio do confinamento que come\u00e7ou um projeto de discipulado na fam\u00edlia. Como juntar fam\u00edlia, f\u00e9, fitness e divers\u00e3o?\u00a0https:\/\/family.fit\/en\/ O Family.Fit est\u00e1 em j\u00e1 170 pa\u00edses e em 25 l\u00ednguas diferentes alcan\u00e7ando mais de meio milh\u00e3o de pessoas pelo mundo.","og_url":"https:\/\/aliancaevangelica.pt\/site\/family-life-em-portugal\/","og_site_name":"AEP","article_publisher":"http:\/\/facebook.com\/aeportuguesa","article_author":"aeportugal","article_published_time":"2020-08-08T15:02:47+00:00","article_modified_time":"2020-08-09T21:53:51+00:00","og_image":[{"width":1502,"height":504,"url":"https:\/\/aliancaevangelica.pt\/site\/wp-content\/uploads\/2020\/08\/familyfit-logo.png","type":"image\/png"}],"author":"AEP","twitter_card":"summary_large_image","twitter_misc":{"Escrito por":"AEP","Tempo estimado de leitura":"1 minuto"},"schema":{"@context":"https:\/\/schema.org","@graph":[{"@type":"Article","@id":"https:\/\/aliancaevangelica.pt\/site\/family-life-em-portugal\/#article","isPartOf":{"@id":"https:\/\/aliancaevangelica.pt\/site\/family-life-em-portugal\/"},"author":{"name":"AEP","@id":"https:\/\/aliancaevangelica.pt\/site\/#\/schema\/person\/3b47cfc7535eff1e820f31c2d67eafcf"},"headline":"Family.Fit em Portugal","datePublished":"2020-08-08T15:02:47+00:00","dateModified":"2020-08-09T21:53:51+00:00","mainEntityOfPage":{"@id":"https:\/\/aliancaevangelica.pt\/site\/family-life-em-portugal\/"},"wordCount":180,"commentCount":0,"publisher":{"@id":"https:\/\/aliancaevangelica.pt\/site\/#organization"},"image":{"@id":"https:\/\/aliancaevangelica.pt\/site\/family-life-em-portugal\/#primaryimage"},"thumbnailUrl":"https:\/\/aliancaevangelica.pt\/site\/wp-content\/uploads\/2020\/08\/familyfit-logo.png","keywords":["4-An\u00fancios","Eventos","Not\u00edcias"],"articleSection":["2-Artigos Gerais"],"inLanguage":"pt-PT","potentialAction":[{"@type":"CommentAction","name":"Comment","target":["https:\/\/aliancaevangelica.pt\/site\/family-life-em-portugal\/#respond"]}]},{"@type":"WebPage","@id":"https:\/\/aliancaevangelica.pt\/site\/family-life-em-portugal\/","url":"https:\/\/aliancaevangelica.pt\/site\/family-life-em-portugal\/","name":"Family.Fit em Portugal - AEP","isPartOf":{"@id":"https:\/\/aliancaevangelica.pt\/site\/#website"},"primaryImageOfPage":{"@id":"https:\/\/aliancaevangelica.pt\/site\/family-life-em-portugal\/#primaryimage"},"image":{"@id":"https:\/\/aliancaevangelica.pt\/site\/family-life-em-portugal\/#primaryimage"},"thumbnailUrl":"https:\/\/aliancaevangelica.pt\/site\/wp-content\/uploads\/2020\/08\/familyfit-logo.png","datePublished":"2020-08-08T15:02:47+00:00","dateModified":"2020-08-09T21:53:51+00:00","breadcrumb":{"@id":"https:\/\/aliancaevangelica.pt\/site\/family-life-em-portugal\/#breadcrumb"},"inLanguage":"pt-PT","potentialAction":[{"@type":"ReadAction","target":["https:\/\/aliancaevangelica.pt\/site\/family-life-em-portugal\/"]}]},{"@type":"ImageObject","inLanguage":"pt-PT","@id":"https:\/\/aliancaevangelica.pt\/site\/family-life-em-portugal\/#primaryimage","url":"https:\/\/aliancaevangelica.pt\/site\/wp-content\/uploads\/2020\/08\/familyfit-logo.png","contentUrl":"https:\/\/aliancaevangelica.pt\/site\/wp-content\/uploads\/2020\/08\/familyfit-logo.png","width":1502,"height":504},{"@type":"BreadcrumbList","@id":"https:\/\/aliancaevangelica.pt\/site\/family-life-em-portugal\/#breadcrumb","itemListElement":[{"@type":"ListItem","position":1,"name":"In\u00edcio","item":"https:\/\/aliancaevangelica.pt\/site\/"},{"@type":"ListItem","position":2,"name":"Family.Fit em Portugal"}]},{"@type":"WebSite","@id":"https:\/\/aliancaevangelica.pt\/site\/#website","url":"https:\/\/aliancaevangelica.pt\/site\/","name":"Alian\u00e7a Evang\u00e9lica Portuguesa","description":"Alian\u00e7a Evang\u00e9lica Portuguesa","publisher":{"@id":"https:\/\/aliancaevangelica.pt\/site\/#organization"},"potentialAction":[{"@type":"SearchAction","target":{"@type":"EntryPoint","urlTemplate":"https:\/\/aliancaevangelica.pt\/site\/?s={search_term_string}"},"query-input":{"@type":"PropertyValueSpecification","valueRequired":true,"valueName":"search_term_string"}}],"inLanguage":"pt-PT"},{"@type":"Organization","@id":"https:\/\/aliancaevangelica.pt\/site\/#organization","name":"Alian\u00e7a Evang\u00e9lica Portuguesa","url":"https:\/\/aliancaevangelica.pt\/site\/","logo":{"@type":"ImageObject","inLanguage":"pt-PT","@id":"https:\/\/aliancaevangelica.pt\/site\/#\/schema\/logo\/image\/","url":"https:\/\/aliancaevangelica.pt\/site\/wp-content\/uploads\/2017\/11\/logo-AEP-cor.png","contentUrl":"https:\/\/aliancaevangelica.pt\/site\/wp-content\/uploads\/2017\/11\/logo-AEP-cor.png","width":1156,"height":672,"caption":"Alian\u00e7a Evang\u00e9lica Portuguesa"},"image":{"@id":"https:\/\/aliancaevangelica.pt\/site\/#\/schema\/logo\/image\/"},"sameAs":["http:\/\/facebook.com\/aeportuguesa","http:\/\/instagram.com\/aliancaep","http:\/\/youtube.com\/aeportuguesa"]},{"@type":"Person","@id":"https:\/\/aliancaevangelica.pt\/site\/#\/schema\/person\/3b47cfc7535eff1e820f31c2d67eafcf","name":"AEP","sameAs":["aeportugal"],"url":"https:\/\/aliancaevangelica.pt\/site\/author\/aeportugal\/"}]}},"uagb_featured_image_src":{"full":["https:\/\/aliancaevangelica.pt\/site\/wp-content\/uploads\/2020\/08\/familyfit-logo.png",1502,504,false],"thumbnail":["https:\/\/aliancaevangelica.pt\/site\/wp-content\/uploads\/2020\/08\/familyfit-logo-150x150.png",150,150,true],"medium":["https:\/\/aliancaevangelica.pt\/site\/wp-content\/uploads\/2020\/08\/familyfit-logo-300x101.png",300,101,true],"medium_large":["https:\/\/aliancaevangelica.pt\/site\/wp-content\/uploads\/2020\/08\/familyfit-logo-768x258.png",768,258,true],"large":["https:\/\/aliancaevangelica.pt\/site\/wp-content\/uploads\/2020\/08\/familyfit-logo-1024x344.png",960,323,true],"1536x1536":["https:\/\/aliancaevangelica.pt\/site\/wp-content\/uploads\/2020\/08\/familyfit-logo.png",1502,504,false],"2048x2048":["https:\/\/aliancaevangelica.pt\/site\/wp-content\/uploads\/2020\/08\/familyfit-logo.png",1502,504,false],"vp_sm":["https:\/\/aliancaevangelica.pt\/site\/wp-content\/uploads\/2020\/08\/familyfit-logo.png",500,168,false],"vp_md":["https:\/\/aliancaevangelica.pt\/site\/wp-content\/uploads\/2020\/08\/familyfit-logo.png",800,268,false],"vp_lg":["https:\/\/aliancaevangelica.pt\/site\/wp-content\/uploads\/2020\/08\/familyfit-logo.png",1280,430,false],"vp_xl":["https:\/\/aliancaevangelica.pt\/site\/wp-content\/uploads\/2020\/08\/familyfit-logo.png",1502,504,false],"vp_sm_popup":["https:\/\/aliancaevangelica.pt\/site\/wp-content\/uploads\/2020\/08\/familyfit-logo.png",500,168,false],"vp_md_popup":["https:\/\/aliancaevangelica.pt\/site\/wp-content\/uploads\/2020\/08\/familyfit-logo.png",800,268,false],"vp_xl_popup":["https:\/\/aliancaevangelica.pt\/site\/wp-content\/uploads\/2020\/08\/familyfit-logo.png",1502,504,false],"newsx-150x100":["https:\/\/aliancaevangelica.pt\/site\/wp-content\/uploads\/2020\/08\/familyfit-logo.png",150,50,false],"newsx-330x220":["https:\/\/aliancaevangelica.pt\/site\/wp-content\/uploads\/2020\/08\/familyfit-logo.png",330,111,false],"newsx-420x280":["https:\/\/aliancaevangelica.pt\/site\/wp-content\/uploads\/2020\/08\/familyfit-logo.png",420,141,false],"newsx-510x340":["https:\/\/aliancaevangelica.pt\/site\/wp-content\/uploads\/2020\/08\/familyfit-logo.png",510,171,false],"newsx-640x480":["https:\/\/aliancaevangelica.pt\/site\/wp-content\/uploads\/2020\/08\/familyfit-logo.png",640,215,false],"newsx-670x370":["https:\/\/aliancaevangelica.pt\/site\/wp-content\/uploads\/2020\/08\/familyfit-logo.png",670,225,false],"newsx-860x570":["https:\/\/aliancaevangelica.pt\/site\/wp-content\/uploads\/2020\/08\/familyfit-logo.png",860,289,false],"newsx-1000x750":["https:\/\/aliancaevangelica.pt\/site\/wp-content\/uploads\/2020\/08\/familyfit-logo.png",1000,336,false],"newsx-1200x600":["https:\/\/aliancaevangelica.pt\/site\/wp-content\/uploads\/2020\/08\/familyfit-logo.png",1200,403,false]},"uagb_author_info":{"display_name":"AEP","author_link":"https:\/\/aliancaevangelica.pt\/site\/author\/aeportugal\/"},"uagb_comment_info":0,"uagb_excerpt":"Apresentamos hoje mais um programa que tem sido um sucesso mundial durante o COVID&#8230;Family.Fit Desde o in\u00edcio do confinamento que come\u00e7ou um projeto de discipulado na fam\u00edlia. Como juntar fam\u00edlia, f\u00e9, fitness e divers\u00e3o?\u00a0https:\/\/family.fit\/en\/ O Family.Fit est\u00e1 em j\u00e1 170 pa\u00edses e em 25 l\u00ednguas diferentes alcan\u00e7ando mais de meio milh\u00e3o de pessoas pelo mundo.","_links":{"self":[{"href":"https:\/\/aliancaevangelica.pt\/site\/wp-json\/wp\/v2\/posts\/18393","targetHints":{"allow":["GET"]}}],"collection":[{"href":"https:\/\/aliancaevangelica.pt\/site\/wp-json\/wp\/v2\/posts"}],"about":[{"href":"https:\/\/aliancaevangelica.pt\/site\/wp-json\/wp\/v2\/types\/post"}],"author":[{"embeddable":true,"href":"https:\/\/aliancaevangelica.pt\/site\/wp-json\/wp\/v2\/users\/2"}],"replies":[{"embeddable":true,"href":"https:\/\/aliancaevangelica.pt\/site\/wp-json\/wp\/v2\/comments?post=18393"}],"version-history":[{"count":2,"href":"https:\/\/aliancaevangelica.pt\/site\/wp-json\/wp\/v2\/posts\/18393\/revisions"}],"predecessor-version":[{"id":18396,"href":"https:\/\/aliancaevangelica.pt\/site\/wp-json\/wp\/v2\/posts\/18393\/revisions\/18396"}],"wp:featuredmedia":[{"embeddable":true,"href":"https:\/\/aliancaevangelica.pt\/site\/wp-json\/wp\/v2\/media\/18394"}],"wp:attachment":[{"href":"https:\/\/aliancaevangelica.pt\/site\/wp-json\/wp\/v2\/media?parent=18393"}],"wp:term":[{"taxonomy":"category","embeddable":true,"href":"https:\/\/aliancaevangelica.pt\/site\/wp-json\/wp\/v2\/categories?post=18393"},{"taxonomy":"post_tag","embeddable":true,"href":"https:\/\/aliancaevangelica.pt\/site\/wp-json\/wp\/v2\/tags?post=18393"}],"curies":[{"name":"wp","href":"https:\/\/api.w.org\/{rel}","templated":true}]}}