{"id":18389,"date":"2020-08-08T08:35:19","date_gmt":"2020-08-08T08:35:19","guid":{"rendered":"https:\/\/aliancaevangelica.pt\/site\/?p=18389"},"modified":"2026-04-07T09:58:09","modified_gmt":"2026-04-07T09:58:09","slug":"aep-solidaria-com-o-libano","status":"publish","type":"post","link":"https:\/\/aliancaevangelica.pt\/site\/aep-solidaria-com-o-libano\/","title":{"rendered":"AEP solid\u00e1ria com o L\u00edbano"},"content":{"rendered":"<p class=\"p1\">A Alian\u00e7a Evang\u00e9lica Portuguesa (AEP) associa-se \u00e0 Alian\u00e7a Evang\u00e9lica Mundial (WEA) pois est\u00e1 profundamente entristecida com a not\u00edcia da grande explos\u00e3o que abalou o cora\u00e7\u00e3o de Beirute, no L\u00edbano, no dia 4 de agosto. A explos\u00e3o, alegadamente causada por produtos qu\u00edmicos armazenados de forma n\u00e3o segura no porto, destruiu v\u00e1rios edif\u00edcios \u00e0 volta e resultou em mais de 150 mortes e milhares de feridos. Hospitais que antes lutavam para responder ao COVID-19 est\u00e3o sobrecarregados; cerca de 300 000 pessoas ficaram sem abrigo num pa\u00eds que j\u00e1 estava passando por uma grave crise econ\u00f3mica.<\/p>\n<p class=\"p1\">\u201cLamentamos esta tr\u00e1gica perda de vidas e o trauma adicional que este desastre causa a um povo que j\u00e1 sofre. Estamos solid\u00e1rios com os residentes de Beirute e com a na\u00e7\u00e3o do L\u00edbano e conclamamos os crist\u00e3os e as igrejas de todo o mundo a juntarem-se a n\u00f3s em ora\u00e7\u00e3o \u201d, disse o Bispo Efraim Tendero, Secret\u00e1rio-Geral da WEA, e acrescentou:\u201c Oremos por cura e restaura\u00e7\u00e3o, por conforto e paz para aqueles que perderam entes queridos, e oremos para que a causa do acidente possa ser totalmente investigada e justi\u00e7a seja feita, para que as pessoas possam encontrar um fim\u201d.<\/p>\n<p class=\"p1\">O Rev. Dr. Jack Sara, Coordenador da WEA para o M\u00e9dio Oriente, comentou: \u201cNo meio desta calamidade, somos encorajados pela resposta abnegada de igrejas e crentes que est\u00e3o ativamente alcan\u00e7ando os necessitados: ajudando a restaurar casas danificadas e oferecendo espa\u00e7o \/lugar para viver a quem perdeu tudo. Oramos para que Deus d\u00ea sabedoria aos l\u00edderes do L\u00edbano para lidar com a situa\u00e7\u00e3o com gra\u00e7a e para que as igrejas sejam um farol durante estes dias t\u00e3o sombrios. Lembremos as palavras do Salmista que orou a Deus dizendo: \u2018Embora eu ande pelo vale da sombra da morte, n\u00e3o temerei o mal, pois Tu est\u00e1s comigo; a Tua vara e o Teu cajado me confortam.\u201d (Salmo 23: 4)<\/p>\n<p class=\"p3\">A WEA lan\u00e7ou uma p\u00e1gina de doa\u00e7\u00f5es para aqueles que desejam apoiar os minist\u00e9rios locais que respondem \u00e0s muitas necessidades locais. Pode encontrar mais informa\u00e7\u00f5es em <a href=\"http:\/\/worldea.org\/beirut\"><span class=\"s1\">worldea.org\/beirut<\/span><\/a> e fazer um donativo atrav\u00e9s do IBAN da Alian\u00e7a Evang\u00e9lica Portuguesa<\/p>\n<p class=\"p4\"><span class=\"s2\">IBAN\u00a0 <\/span><b>PT50.0033.0000.45282173896.05<\/b> <span class=\"s3\">MillenniumBCP<\/span><\/p>\n<p class=\"p5\"><span class=\"s4\">(Nota: I<\/span>mporta informar por email o seu donativo <a href=\"mailto:geral@aliancaevangelica.pte\"><span class=\"s5\">geral@aliancaevangelica.pte<\/span><\/a>, se pretender recibo, indicar Nome, NIF \u00a0e endere\u00e7o de email)<\/p>\n<p class=\"p5\">Obrigado!<\/p>\n<p class=\"p1\">A Dire\u00e7\u00e3o da Alian\u00e7a Evang\u00e9lica Portuguesa<\/p>\n","protected":false},"excerpt":{"rendered":"<p>A Alian\u00e7a Evang\u00e9lica Portuguesa (AEP) associa-se \u00e0 Alian\u00e7a Evang\u00e9lica Mundial (WEA) pois est\u00e1 profundamente entristecida com a not\u00edcia da grande explos\u00e3o que abalou o cora\u00e7\u00e3o de Beirute, no L\u00edbano, no dia 4 de agosto. A explos\u00e3o, alegadamente causada por produtos qu\u00edmicos armazenados de forma n\u00e3o segura no porto, destruiu v\u00e1rios edif\u00edcios \u00e0 volta e resultou<\/p>\n","protected":false},"author":2,"featured_media":18391,"comment_status":"closed","ping_status":"open","sticky":false,"template":"","format":"standard","meta":{"_uag_custom_page_level_css":"","_themeisle_gutenberg_block_has_review":false,"_vp_format_video_url":"","_vp_image_focal_point":[],"footnotes":""},"categories":[52],"tags":[],"class_list":["post-18389","post","type-post","status-publish","format-standard","has-post-thumbnail","hentry","category-tomadas-de-posicao"],"yoast_head":"<!-- This site is optimized with the Yoast SEO plugin v27.5 - https:\/\/yoast.com\/product\/yoast-seo-wordpress\/ -->\n<title>AEP solid\u00e1ria com o L\u00edbano - AEP<\/title>\n<meta name=\"robots\" content=\"index, follow, max-snippet:-1, max-image-preview:large, max-video-preview:-1\" \/>\n<link rel=\"canonical\" href=\"https:\/\/aliancaevangelica.pt\/site\/aep-solidaria-com-o-libano\/\" \/>\n<meta property=\"og:locale\" content=\"pt_PT\" \/>\n<meta property=\"og:type\" content=\"article\" \/>\n<meta property=\"og:title\" content=\"AEP solid\u00e1ria com o L\u00edbano - AEP\" \/>\n<meta property=\"og:description\" content=\"A Alian\u00e7a Evang\u00e9lica Portuguesa (AEP) associa-se \u00e0 Alian\u00e7a Evang\u00e9lica Mundial (WEA) pois est\u00e1 profundamente entristecida com a not\u00edcia da grande explos\u00e3o que abalou o cora\u00e7\u00e3o de Beirute, no L\u00edbano, no dia 4 de agosto. A explos\u00e3o, alegadamente causada por produtos qu\u00edmicos armazenados de forma n\u00e3o segura no porto, destruiu v\u00e1rios edif\u00edcios \u00e0 volta e resultou\" \/>\n<meta property=\"og:url\" content=\"https:\/\/aliancaevangelica.pt\/site\/aep-solidaria-com-o-libano\/\" \/>\n<meta property=\"og:site_name\" content=\"AEP\" \/>\n<meta property=\"article:publisher\" content=\"http:\/\/facebook.com\/aeportuguesa\" \/>\n<meta property=\"article:author\" content=\"aeportugal\" \/>\n<meta property=\"article:published_time\" content=\"2020-08-08T08:35:19+00:00\" \/>\n<meta property=\"article:modified_time\" content=\"2026-04-07T09:58:09+00:00\" \/>\n<meta property=\"og:image\" content=\"https:\/\/aliancaevangelica.pt\/site\/wp-content\/uploads\/2020\/08\/Captura-de-ecra\u0303-2020-08-08-a\u0300s-09.42.47.png\" \/>\n\t<meta property=\"og:image:width\" content=\"1318\" \/>\n\t<meta property=\"og:image:height\" content=\"874\" \/>\n\t<meta property=\"og:image:type\" content=\"image\/png\" \/>\n<meta name=\"author\" content=\"AEP\" \/>\n<meta name=\"twitter:card\" content=\"summary_large_image\" \/>\n<meta name=\"twitter:label1\" content=\"Escrito por\" \/>\n\t<meta name=\"twitter:data1\" content=\"AEP\" \/>\n\t<meta name=\"twitter:label2\" content=\"Tempo estimado de leitura\" \/>\n\t<meta name=\"twitter:data2\" content=\"2 minutos\" \/>\n<script type=\"application\/ld+json\" class=\"yoast-schema-graph\">{\"@context\":\"https:\\\/\\\/schema.org\",\"@graph\":[{\"@type\":\"Article\",\"@id\":\"https:\\\/\\\/aliancaevangelica.pt\\\/site\\\/aep-solidaria-com-o-libano\\\/#article\",\"isPartOf\":{\"@id\":\"https:\\\/\\\/aliancaevangelica.pt\\\/site\\\/aep-solidaria-com-o-libano\\\/\"},\"author\":{\"name\":\"AEP\",\"@id\":\"https:\\\/\\\/aliancaevangelica.pt\\\/site\\\/#\\\/schema\\\/person\\\/3b47cfc7535eff1e820f31c2d67eafcf\"},\"headline\":\"AEP solid\u00e1ria com o L\u00edbano\",\"datePublished\":\"2020-08-08T08:35:19+00:00\",\"dateModified\":\"2026-04-07T09:58:09+00:00\",\"mainEntityOfPage\":{\"@id\":\"https:\\\/\\\/aliancaevangelica.pt\\\/site\\\/aep-solidaria-com-o-libano\\\/\"},\"wordCount\":427,\"publisher\":{\"@id\":\"https:\\\/\\\/aliancaevangelica.pt\\\/site\\\/#organization\"},\"image\":{\"@id\":\"https:\\\/\\\/aliancaevangelica.pt\\\/site\\\/aep-solidaria-com-o-libano\\\/#primaryimage\"},\"thumbnailUrl\":\"https:\\\/\\\/aliancaevangelica.pt\\\/site\\\/wp-content\\\/uploads\\\/2020\\\/08\\\/Captura-de-ecra\u0303-2020-08-08-a\u0300s-09.42.47.png\",\"articleSection\":[\"Tomadas de Posi\u00e7\u00e3o\"],\"inLanguage\":\"pt-PT\"},{\"@type\":\"WebPage\",\"@id\":\"https:\\\/\\\/aliancaevangelica.pt\\\/site\\\/aep-solidaria-com-o-libano\\\/\",\"url\":\"https:\\\/\\\/aliancaevangelica.pt\\\/site\\\/aep-solidaria-com-o-libano\\\/\",\"name\":\"AEP solid\u00e1ria com o L\u00edbano - AEP\",\"isPartOf\":{\"@id\":\"https:\\\/\\\/aliancaevangelica.pt\\\/site\\\/#website\"},\"primaryImageOfPage\":{\"@id\":\"https:\\\/\\\/aliancaevangelica.pt\\\/site\\\/aep-solidaria-com-o-libano\\\/#primaryimage\"},\"image\":{\"@id\":\"https:\\\/\\\/aliancaevangelica.pt\\\/site\\\/aep-solidaria-com-o-libano\\\/#primaryimage\"},\"thumbnailUrl\":\"https:\\\/\\\/aliancaevangelica.pt\\\/site\\\/wp-content\\\/uploads\\\/2020\\\/08\\\/Captura-de-ecra\u0303-2020-08-08-a\u0300s-09.42.47.png\",\"datePublished\":\"2020-08-08T08:35:19+00:00\",\"dateModified\":\"2026-04-07T09:58:09+00:00\",\"breadcrumb\":{\"@id\":\"https:\\\/\\\/aliancaevangelica.pt\\\/site\\\/aep-solidaria-com-o-libano\\\/#breadcrumb\"},\"inLanguage\":\"pt-PT\",\"potentialAction\":[{\"@type\":\"ReadAction\",\"target\":[\"https:\\\/\\\/aliancaevangelica.pt\\\/site\\\/aep-solidaria-com-o-libano\\\/\"]}]},{\"@type\":\"ImageObject\",\"inLanguage\":\"pt-PT\",\"@id\":\"https:\\\/\\\/aliancaevangelica.pt\\\/site\\\/aep-solidaria-com-o-libano\\\/#primaryimage\",\"url\":\"https:\\\/\\\/aliancaevangelica.pt\\\/site\\\/wp-content\\\/uploads\\\/2020\\\/08\\\/Captura-de-ecra\u0303-2020-08-08-a\u0300s-09.42.47.png\",\"contentUrl\":\"https:\\\/\\\/aliancaevangelica.pt\\\/site\\\/wp-content\\\/uploads\\\/2020\\\/08\\\/Captura-de-ecra\u0303-2020-08-08-a\u0300s-09.42.47.png\",\"width\":1318,\"height\":874},{\"@type\":\"BreadcrumbList\",\"@id\":\"https:\\\/\\\/aliancaevangelica.pt\\\/site\\\/aep-solidaria-com-o-libano\\\/#breadcrumb\",\"itemListElement\":[{\"@type\":\"ListItem\",\"position\":1,\"name\":\"In\u00edcio\",\"item\":\"https:\\\/\\\/aliancaevangelica.pt\\\/site\\\/\"},{\"@type\":\"ListItem\",\"position\":2,\"name\":\"AEP solid\u00e1ria com o L\u00edbano\"}]},{\"@type\":\"WebSite\",\"@id\":\"https:\\\/\\\/aliancaevangelica.pt\\\/site\\\/#website\",\"url\":\"https:\\\/\\\/aliancaevangelica.pt\\\/site\\\/\",\"name\":\"Alian\u00e7a Evang\u00e9lica Portuguesa\",\"description\":\"Alian\u00e7a Evang\u00e9lica Portuguesa\",\"publisher\":{\"@id\":\"https:\\\/\\\/aliancaevangelica.pt\\\/site\\\/#organization\"},\"potentialAction\":[{\"@type\":\"SearchAction\",\"target\":{\"@type\":\"EntryPoint\",\"urlTemplate\":\"https:\\\/\\\/aliancaevangelica.pt\\\/site\\\/?s={search_term_string}\"},\"query-input\":{\"@type\":\"PropertyValueSpecification\",\"valueRequired\":true,\"valueName\":\"search_term_string\"}}],\"inLanguage\":\"pt-PT\"},{\"@type\":\"Organization\",\"@id\":\"https:\\\/\\\/aliancaevangelica.pt\\\/site\\\/#organization\",\"name\":\"Alian\u00e7a Evang\u00e9lica Portuguesa\",\"url\":\"https:\\\/\\\/aliancaevangelica.pt\\\/site\\\/\",\"logo\":{\"@type\":\"ImageObject\",\"inLanguage\":\"pt-PT\",\"@id\":\"https:\\\/\\\/aliancaevangelica.pt\\\/site\\\/#\\\/schema\\\/logo\\\/image\\\/\",\"url\":\"https:\\\/\\\/aliancaevangelica.pt\\\/site\\\/wp-content\\\/uploads\\\/2017\\\/11\\\/logo-AEP-cor.png\",\"contentUrl\":\"https:\\\/\\\/aliancaevangelica.pt\\\/site\\\/wp-content\\\/uploads\\\/2017\\\/11\\\/logo-AEP-cor.png\",\"width\":1156,\"height\":672,\"caption\":\"Alian\u00e7a Evang\u00e9lica Portuguesa\"},\"image\":{\"@id\":\"https:\\\/\\\/aliancaevangelica.pt\\\/site\\\/#\\\/schema\\\/logo\\\/image\\\/\"},\"sameAs\":[\"http:\\\/\\\/facebook.com\\\/aeportuguesa\",\"http:\\\/\\\/instagram.com\\\/aliancaep\",\"http:\\\/\\\/youtube.com\\\/aeportuguesa\"]},{\"@type\":\"Person\",\"@id\":\"https:\\\/\\\/aliancaevangelica.pt\\\/site\\\/#\\\/schema\\\/person\\\/3b47cfc7535eff1e820f31c2d67eafcf\",\"name\":\"AEP\",\"sameAs\":[\"aeportugal\"],\"url\":\"https:\\\/\\\/aliancaevangelica.pt\\\/site\\\/author\\\/aeportugal\\\/\"}]}<\/script>\n<!-- \/ Yoast SEO plugin. -->","yoast_head_json":{"title":"AEP solid\u00e1ria com o L\u00edbano - AEP","robots":{"index":"index","follow":"follow","max-snippet":"max-snippet:-1","max-image-preview":"max-image-preview:large","max-video-preview":"max-video-preview:-1"},"canonical":"https:\/\/aliancaevangelica.pt\/site\/aep-solidaria-com-o-libano\/","og_locale":"pt_PT","og_type":"article","og_title":"AEP solid\u00e1ria com o L\u00edbano - AEP","og_description":"A Alian\u00e7a Evang\u00e9lica Portuguesa (AEP) associa-se \u00e0 Alian\u00e7a Evang\u00e9lica Mundial (WEA) pois est\u00e1 profundamente entristecida com a not\u00edcia da grande explos\u00e3o que abalou o cora\u00e7\u00e3o de Beirute, no L\u00edbano, no dia 4 de agosto. A explos\u00e3o, alegadamente causada por produtos qu\u00edmicos armazenados de forma n\u00e3o segura no porto, destruiu v\u00e1rios edif\u00edcios \u00e0 volta e resultou","og_url":"https:\/\/aliancaevangelica.pt\/site\/aep-solidaria-com-o-libano\/","og_site_name":"AEP","article_publisher":"http:\/\/facebook.com\/aeportuguesa","article_author":"aeportugal","article_published_time":"2020-08-08T08:35:19+00:00","article_modified_time":"2026-04-07T09:58:09+00:00","og_image":[{"width":1318,"height":874,"url":"https:\/\/aliancaevangelica.pt\/site\/wp-content\/uploads\/2020\/08\/Captura-de-ecra\u0303-2020-08-08-a\u0300s-09.42.47.png","type":"image\/png"}],"author":"AEP","twitter_card":"summary_large_image","twitter_misc":{"Escrito por":"AEP","Tempo estimado de leitura":"2 minutos"},"schema":{"@context":"https:\/\/schema.org","@graph":[{"@type":"Article","@id":"https:\/\/aliancaevangelica.pt\/site\/aep-solidaria-com-o-libano\/#article","isPartOf":{"@id":"https:\/\/aliancaevangelica.pt\/site\/aep-solidaria-com-o-libano\/"},"author":{"name":"AEP","@id":"https:\/\/aliancaevangelica.pt\/site\/#\/schema\/person\/3b47cfc7535eff1e820f31c2d67eafcf"},"headline":"AEP solid\u00e1ria com o L\u00edbano","datePublished":"2020-08-08T08:35:19+00:00","dateModified":"2026-04-07T09:58:09+00:00","mainEntityOfPage":{"@id":"https:\/\/aliancaevangelica.pt\/site\/aep-solidaria-com-o-libano\/"},"wordCount":427,"publisher":{"@id":"https:\/\/aliancaevangelica.pt\/site\/#organization"},"image":{"@id":"https:\/\/aliancaevangelica.pt\/site\/aep-solidaria-com-o-libano\/#primaryimage"},"thumbnailUrl":"https:\/\/aliancaevangelica.pt\/site\/wp-content\/uploads\/2020\/08\/Captura-de-ecra\u0303-2020-08-08-a\u0300s-09.42.47.png","articleSection":["Tomadas de Posi\u00e7\u00e3o"],"inLanguage":"pt-PT"},{"@type":"WebPage","@id":"https:\/\/aliancaevangelica.pt\/site\/aep-solidaria-com-o-libano\/","url":"https:\/\/aliancaevangelica.pt\/site\/aep-solidaria-com-o-libano\/","name":"AEP solid\u00e1ria com o L\u00edbano - AEP","isPartOf":{"@id":"https:\/\/aliancaevangelica.pt\/site\/#website"},"primaryImageOfPage":{"@id":"https:\/\/aliancaevangelica.pt\/site\/aep-solidaria-com-o-libano\/#primaryimage"},"image":{"@id":"https:\/\/aliancaevangelica.pt\/site\/aep-solidaria-com-o-libano\/#primaryimage"},"thumbnailUrl":"https:\/\/aliancaevangelica.pt\/site\/wp-content\/uploads\/2020\/08\/Captura-de-ecra\u0303-2020-08-08-a\u0300s-09.42.47.png","datePublished":"2020-08-08T08:35:19+00:00","dateModified":"2026-04-07T09:58:09+00:00","breadcrumb":{"@id":"https:\/\/aliancaevangelica.pt\/site\/aep-solidaria-com-o-libano\/#breadcrumb"},"inLanguage":"pt-PT","potentialAction":[{"@type":"ReadAction","target":["https:\/\/aliancaevangelica.pt\/site\/aep-solidaria-com-o-libano\/"]}]},{"@type":"ImageObject","inLanguage":"pt-PT","@id":"https:\/\/aliancaevangelica.pt\/site\/aep-solidaria-com-o-libano\/#primaryimage","url":"https:\/\/aliancaevangelica.pt\/site\/wp-content\/uploads\/2020\/08\/Captura-de-ecra\u0303-2020-08-08-a\u0300s-09.42.47.png","contentUrl":"https:\/\/aliancaevangelica.pt\/site\/wp-content\/uploads\/2020\/08\/Captura-de-ecra\u0303-2020-08-08-a\u0300s-09.42.47.png","width":1318,"height":874},{"@type":"BreadcrumbList","@id":"https:\/\/aliancaevangelica.pt\/site\/aep-solidaria-com-o-libano\/#breadcrumb","itemListElement":[{"@type":"ListItem","position":1,"name":"In\u00edcio","item":"https:\/\/aliancaevangelica.pt\/site\/"},{"@type":"ListItem","position":2,"name":"AEP solid\u00e1ria com o L\u00edbano"}]},{"@type":"WebSite","@id":"https:\/\/aliancaevangelica.pt\/site\/#website","url":"https:\/\/aliancaevangelica.pt\/site\/","name":"Alian\u00e7a Evang\u00e9lica Portuguesa","description":"Alian\u00e7a Evang\u00e9lica Portuguesa","publisher":{"@id":"https:\/\/aliancaevangelica.pt\/site\/#organization"},"potentialAction":[{"@type":"SearchAction","target":{"@type":"EntryPoint","urlTemplate":"https:\/\/aliancaevangelica.pt\/site\/?s={search_term_string}"},"query-input":{"@type":"PropertyValueSpecification","valueRequired":true,"valueName":"search_term_string"}}],"inLanguage":"pt-PT"},{"@type":"Organization","@id":"https:\/\/aliancaevangelica.pt\/site\/#organization","name":"Alian\u00e7a Evang\u00e9lica Portuguesa","url":"https:\/\/aliancaevangelica.pt\/site\/","logo":{"@type":"ImageObject","inLanguage":"pt-PT","@id":"https:\/\/aliancaevangelica.pt\/site\/#\/schema\/logo\/image\/","url":"https:\/\/aliancaevangelica.pt\/site\/wp-content\/uploads\/2017\/11\/logo-AEP-cor.png","contentUrl":"https:\/\/aliancaevangelica.pt\/site\/wp-content\/uploads\/2017\/11\/logo-AEP-cor.png","width":1156,"height":672,"caption":"Alian\u00e7a Evang\u00e9lica Portuguesa"},"image":{"@id":"https:\/\/aliancaevangelica.pt\/site\/#\/schema\/logo\/image\/"},"sameAs":["http:\/\/facebook.com\/aeportuguesa","http:\/\/instagram.com\/aliancaep","http:\/\/youtube.com\/aeportuguesa"]},{"@type":"Person","@id":"https:\/\/aliancaevangelica.pt\/site\/#\/schema\/person\/3b47cfc7535eff1e820f31c2d67eafcf","name":"AEP","sameAs":["aeportugal"],"url":"https:\/\/aliancaevangelica.pt\/site\/author\/aeportugal\/"}]}},"uagb_featured_image_src":{"full":["https:\/\/aliancaevangelica.pt\/site\/wp-content\/uploads\/2020\/08\/Captura-de-ecra\u0303-2020-08-08-a\u0300s-09.42.47.png",1318,874,false],"thumbnail":["https:\/\/aliancaevangelica.pt\/site\/wp-content\/uploads\/2020\/08\/Captura-de-ecra\u0303-2020-08-08-a\u0300s-09.42.47-150x150.png",150,150,true],"medium":["https:\/\/aliancaevangelica.pt\/site\/wp-content\/uploads\/2020\/08\/Captura-de-ecra\u0303-2020-08-08-a\u0300s-09.42.47-300x199.png",300,199,true],"medium_large":["https:\/\/aliancaevangelica.pt\/site\/wp-content\/uploads\/2020\/08\/Captura-de-ecra\u0303-2020-08-08-a\u0300s-09.42.47-768x509.png",768,509,true],"large":["https:\/\/aliancaevangelica.pt\/site\/wp-content\/uploads\/2020\/08\/Captura-de-ecra\u0303-2020-08-08-a\u0300s-09.42.47-1024x679.png",960,637,true],"1536x1536":["https:\/\/aliancaevangelica.pt\/site\/wp-content\/uploads\/2020\/08\/Captura-de-ecra\u0303-2020-08-08-a\u0300s-09.42.47.png",1318,874,false],"2048x2048":["https:\/\/aliancaevangelica.pt\/site\/wp-content\/uploads\/2020\/08\/Captura-de-ecra\u0303-2020-08-08-a\u0300s-09.42.47.png",1318,874,false],"vp_sm":["https:\/\/aliancaevangelica.pt\/site\/wp-content\/uploads\/2020\/08\/Captura-de-ecra\u0303-2020-08-08-a\u0300s-09.42.47.png",500,332,false],"vp_md":["https:\/\/aliancaevangelica.pt\/site\/wp-content\/uploads\/2020\/08\/Captura-de-ecra\u0303-2020-08-08-a\u0300s-09.42.47.png",800,531,false],"vp_lg":["https:\/\/aliancaevangelica.pt\/site\/wp-content\/uploads\/2020\/08\/Captura-de-ecra\u0303-2020-08-08-a\u0300s-09.42.47.png",1280,849,false],"vp_xl":["https:\/\/aliancaevangelica.pt\/site\/wp-content\/uploads\/2020\/08\/Captura-de-ecra\u0303-2020-08-08-a\u0300s-09.42.47.png",1318,874,false],"vp_sm_popup":["https:\/\/aliancaevangelica.pt\/site\/wp-content\/uploads\/2020\/08\/Captura-de-ecra\u0303-2020-08-08-a\u0300s-09.42.47.png",500,332,false],"vp_md_popup":["https:\/\/aliancaevangelica.pt\/site\/wp-content\/uploads\/2020\/08\/Captura-de-ecra\u0303-2020-08-08-a\u0300s-09.42.47.png",800,531,false],"vp_xl_popup":["https:\/\/aliancaevangelica.pt\/site\/wp-content\/uploads\/2020\/08\/Captura-de-ecra\u0303-2020-08-08-a\u0300s-09.42.47.png",1318,874,false],"newsx-150x100":["https:\/\/aliancaevangelica.pt\/site\/wp-content\/uploads\/2020\/08\/Captura-de-ecra\u0303-2020-08-08-a\u0300s-09.42.47.png",150,100,false],"newsx-330x220":["https:\/\/aliancaevangelica.pt\/site\/wp-content\/uploads\/2020\/08\/Captura-de-ecra\u0303-2020-08-08-a\u0300s-09.42.47.png",330,220,false],"newsx-420x280":["https:\/\/aliancaevangelica.pt\/site\/wp-content\/uploads\/2020\/08\/Captura-de-ecra\u0303-2020-08-08-a\u0300s-09.42.47.png",420,280,false],"newsx-510x340":["https:\/\/aliancaevangelica.pt\/site\/wp-content\/uploads\/2020\/08\/Captura-de-ecra\u0303-2020-08-08-a\u0300s-09.42.47.png",510,338,false],"newsx-640x480":["https:\/\/aliancaevangelica.pt\/site\/wp-content\/uploads\/2020\/08\/Captura-de-ecra\u0303-2020-08-08-a\u0300s-09.42.47.png",640,424,false],"newsx-670x370":["https:\/\/aliancaevangelica.pt\/site\/wp-content\/uploads\/2020\/08\/Captura-de-ecra\u0303-2020-08-08-a\u0300s-09.42.47.png",558,370,false],"newsx-860x570":["https:\/\/aliancaevangelica.pt\/site\/wp-content\/uploads\/2020\/08\/Captura-de-ecra\u0303-2020-08-08-a\u0300s-09.42.47.png",860,570,false],"newsx-1000x750":["https:\/\/aliancaevangelica.pt\/site\/wp-content\/uploads\/2020\/08\/Captura-de-ecra\u0303-2020-08-08-a\u0300s-09.42.47.png",1000,663,false],"newsx-1200x600":["https:\/\/aliancaevangelica.pt\/site\/wp-content\/uploads\/2020\/08\/Captura-de-ecra\u0303-2020-08-08-a\u0300s-09.42.47.png",905,600,false]},"uagb_author_info":{"display_name":"AEP","author_link":"https:\/\/aliancaevangelica.pt\/site\/author\/aeportugal\/"},"uagb_comment_info":0,"uagb_excerpt":"A Alian\u00e7a Evang\u00e9lica Portuguesa (AEP) associa-se \u00e0 Alian\u00e7a Evang\u00e9lica Mundial (WEA) pois est\u00e1 profundamente entristecida com a not\u00edcia da grande explos\u00e3o que abalou o cora\u00e7\u00e3o de Beirute, no L\u00edbano, no dia 4 de agosto. A explos\u00e3o, alegadamente causada por produtos qu\u00edmicos armazenados de forma n\u00e3o segura no porto, destruiu v\u00e1rios edif\u00edcios \u00e0 volta e resultou","_links":{"self":[{"href":"https:\/\/aliancaevangelica.pt\/site\/wp-json\/wp\/v2\/posts\/18389","targetHints":{"allow":["GET"]}}],"collection":[{"href":"https:\/\/aliancaevangelica.pt\/site\/wp-json\/wp\/v2\/posts"}],"about":[{"href":"https:\/\/aliancaevangelica.pt\/site\/wp-json\/wp\/v2\/types\/post"}],"author":[{"embeddable":true,"href":"https:\/\/aliancaevangelica.pt\/site\/wp-json\/wp\/v2\/users\/2"}],"replies":[{"embeddable":true,"href":"https:\/\/aliancaevangelica.pt\/site\/wp-json\/wp\/v2\/comments?post=18389"}],"version-history":[{"count":2,"href":"https:\/\/aliancaevangelica.pt\/site\/wp-json\/wp\/v2\/posts\/18389\/revisions"}],"predecessor-version":[{"id":18392,"href":"https:\/\/aliancaevangelica.pt\/site\/wp-json\/wp\/v2\/posts\/18389\/revisions\/18392"}],"wp:featuredmedia":[{"embeddable":true,"href":"https:\/\/aliancaevangelica.pt\/site\/wp-json\/wp\/v2\/media\/18391"}],"wp:attachment":[{"href":"https:\/\/aliancaevangelica.pt\/site\/wp-json\/wp\/v2\/media?parent=18389"}],"wp:term":[{"taxonomy":"category","embeddable":true,"href":"https:\/\/aliancaevangelica.pt\/site\/wp-json\/wp\/v2\/categories?post=18389"},{"taxonomy":"post_tag","embeddable":true,"href":"https:\/\/aliancaevangelica.pt\/site\/wp-json\/wp\/v2\/tags?post=18389"}],"curies":[{"name":"wp","href":"https:\/\/api.w.org\/{rel}","templated":true}]}}