{"id":18372,"date":"2020-07-24T08:00:00","date_gmt":"2020-07-24T08:00:00","guid":{"rendered":"https:\/\/aliancaevangelica.pt\/site\/?p=18372"},"modified":"2020-07-13T17:42:38","modified_gmt":"2020-07-13T17:42:38","slug":"nao-a-palavra-que-liberta","status":"publish","type":"post","link":"https:\/\/aliancaevangelica.pt\/site\/nao-a-palavra-que-liberta\/","title":{"rendered":"N\u00e3o: a palavra que liberta"},"content":{"rendered":"<p class=\"p1\">Para ser reconhecidas e valorizadas, procuramos agradar \u00e0s pessoas, atendendo \u00e0s suas solicita\u00e7\u00f5es em detrimento dos nossos anseios pessoais. Como n\u00e3o sabemos respeitar-nos, colocar limites e fazer-nos respeitar, temos medo de nos relacionarmos e sermos invadidas, usadas, abusadas. Nascer de novo \u00e9 reconstruir a nossa autoestima no fundamento do amor incondicional de Deus que nos liberta da depend\u00eancia de aceita\u00e7\u00e3o do outro, mesmo correndo o risco de ser rejeitadas. Como enfatiza Fior\u00e2ngela Desid\u00e9rio, no seu livro \u201cAcorde, Mulher!\u201d, <b>ser livre \u00e9 dar-se o direito de dizer \u201cSim\u201d e \u201cN\u00e3o\u201d<\/b>. Ousar dizer \u201cN\u00e3o\u201d para ser fi\u00e9is a n\u00f3s mesmos \u00e9 optar por viver a nossa pr\u00f3pria vida em vez de permanecer escravas da aprova\u00e7\u00e3o dos outros. Somente aqueles que tem a coragem de dizer \u201cN\u00e3o\u201d podem dizer \u201cSim\u201d com alegria e liberdade. \u00c9 livre quem consegue dizer \u201cN\u00e3o\u201d sem se sentir culpada por n\u00e3o corresponder \u00e0s expectativas dos outros. Nem sempre \u201cN\u00e3o\u201d significa rejei\u00e7\u00e3o, pode expressar carinho, prote\u00e7\u00e3o, cuidado. Assim como \u201cSim\u201d pode revelar comodismo, fuga, hipocrisia. \u00c0s vezes, dizer \u201cN\u00e3o\u201d \u00e0 a\u00e7\u00e3o \u00e9 dizer \u201cSim\u201d \u00e0 pessoa. Ao dizer \u201cSim\u201d quando queremos dizer \u201cN\u00e3o\u201d, estamos nos desrespeitando a n\u00f3s mesmos e mentindo ao outro.<\/p>\n<p class=\"p3\">Cada uma de n\u00f3s \u00e9 \u00fanica e respons\u00e1vel por desenvolver o seu pr\u00f3prio potencial. <strong>\u201cSe eu n\u00e3o for eu mesma, quem o ser\u00e1?\u201d.<\/strong> \u00c9 imposs\u00edvel ser outra pessoa. No entanto, vivemos a brigar conosco e exigindo de n\u00f3s desempenhos calcados nos outros. Ser \u00fanica significa ser incompar\u00e1vel, ou seja, n\u00e3o tem sentido compararmo-nos com os outros. A mudan\u00e7a essencial acontece quando paramos de olhar para fora e voltamos a nossa aten\u00e7\u00e3o para os nossos recursos internos. Tirar as m\u00e1scaras, sair da sombra, parar de se esconder atr\u00e1s de algu\u00e9m, obriga a assumir a responsabilidade pela pr\u00f3pria vida. N\u00e3o d\u00e1 mais para se fazer de v\u00edtima e projetar a culpa nos outros. Perceber e acolher as nossas necessidades, desejos, ambi\u00e7\u00f5es, emo\u00e7\u00f5es, transforma-nos de objeto de uso em pessoa humana. Estabelecer objetivos pessoais e come\u00e7ar a dar passos para alcan\u00e7\u00e1-los tira-nos da passividade e coloca-nos no caminho da maturidade.<\/p>\n<p class=\"p3\">O ideal de perfei\u00e7\u00e3o impede-nos de desfrutar das possibilidades reais que est\u00e3o ao nosso alcance. \u00c9 necess\u00e1rio enterrar as expectativas irreais acerca de n\u00f3s mesmas para dar espa\u00e7o ao nosso aut\u00eantico eu, pois \u00e9 este eu falho que foi amado por Jesus a ponto de morrer na cruz. Negar as nossas limita\u00e7\u00f5es revela que consideramos a cruz desnecess\u00e1ria! <strong>A nossa \u00fanica obriga\u00e7\u00e3o como ser humano \u00e9 ser \u201chumano\u201d.<\/strong> Isto significa ter a humildade de reconhecer os nossos erros e aprender com eles. Os acertos n\u00e3o nos ensinam nada de novo, apenas confirmam aquilo que j\u00e1 sab\u00edamos, enquanto os erros apontam dados desconhecidos ou negligenciados. Admitir as nossas feridas interiores e os nossos temores, as m\u00e1goas e raivas, os sentimentos de solid\u00e3o, rejei\u00e7\u00e3o, inadequa\u00e7\u00e3o, \u00e9 o primeiro passo rumo \u00e0 cura interior. A coragem de enfrentar o nosso mundo interior, com todos os seus fantasmas, capacita-nos a descobrir tamb\u00e9m os tesouros ali guardados. Resgatamos assim a criatividade, a espontaneidade, o prazer, a capacidade de se maravilhar, a curiosidade que tinham sido engavetados no af\u00e3 de nos tornarmos crian\u00e7as comportadas, apreciadas e elogiadas pelos adultos. Ao olhar para a nossa hist\u00f3ria, podemos desatar as amarras que nos mant\u00e9m presos a uma imagem deturpada de n\u00f3s mesmas. Ao inv\u00e9s de ficar a insistir nos \u201cpor que\u201d das nossas circunst\u00e2ncias, \u00e9 prefer\u00edvel descobrir \u201c<b>como<\/b>\u201d elas contribu\u00edram ou podem contribuir para o nosso crescimento. Esperar que as circunst\u00e2ncias externas se modifiquem pode nos manter numa vida improdutiva em vez de usarmos estas circunst\u00e2ncias em nosso favor.<\/p>\n<p class=\"p3\">Fundamentar a nossa identidade na gra\u00e7a de sermos filhas de Deus liberta-nos de uma identidade fr\u00e1gil atrelada \u00e0 opini\u00e3o dos outros. Somos am\u00e1veis, n\u00e3o porque merecemos este amor, mas porque Deus escolheu amar-nos e criou-nos \u00e0 Sua Imagem. Olhar para n\u00f3s a partir do olhar acolhedor e perdoador de Deus, capacita-nos a conhecer, compreender e amar a n\u00f3s mesmas, torna-nos amigas de n\u00f3s mesmas e parteiras da nossa pr\u00f3pria vida. O melhor de n\u00f3s manifesta-se diante de algu\u00e9m que nos ama incondicionalmente. Por isso, \u00e9 contemplando a Deus que somos transformadas. Vamos nos tornando aquilo para o qual fomos criadas \u00e0 medida que nos apaixonamos e desejamos seguir Aquele que nos resgatou das trevas. Ouvir no nosso \u00edntimo a Sua doce voz que nos chama filhas queridas gera em n\u00f3s o desejo de \u201cob-audire\u201d, obedecer. Enquanto a vida dos que est\u00e3o surdos \u00e0 esta voz torna-se \u201cab-surda\u201d.<\/p>\n<p class=\"p4\"><strong>A sabedoria popular diz que \u201c\u00e9 melhor cultivar o nosso pr\u00f3prio jardim do que esperar que algu\u00e9m nos traga flores\u201d.<\/strong><span class=\"Apple-converted-space\">\u00a0 <\/span>Deus, atrav\u00e9s do seu Esp\u00edrito, transforma os nossos desertos em o\u00e1sis, faz jorrar a fonte de \u00c0gua Viva e capacita-nos a semear amor, alegria, paz&#8230; Assim podemos colher e doar flores, movidas n\u00e3o pelo desejo de reconhecimento, mas pela alegria de compartilhar aquilo que floresce dentro de n\u00f3s. Amar conjuga-se com os verbos dar e receber, mas tamb\u00e9m pedir e recusar. Pedir um abra\u00e7o, uma aten\u00e7\u00e3o, uma palavra de encorajamento, uma ajuda \u00e9 reconhecer que o outro tem uma contribui\u00e7\u00e3o importante na nossa vida. O \u201csim\u201d s\u00f3 revela um desejo genu\u00edno quando \u00e9 poss\u00edvel recusar. Sem essa liberdade, o v\u00ednculo torna-se manipulador. Quem se permite recusar tamb\u00e9m pode lidar bem com a recusa do outro. Somente sendo livres podemos deixar o outro livre e construir relacionamentos fundamentados no respeito m\u00fatuo.<\/p>\n<p>&nbsp;<\/p>\n<p>[movedo_single_image image=&#8221;16234&#8243; animation=&#8221;grve-zoom-in&#8221;]<b>Isabelle Ludovico da Silva<\/b><\/p>\n<p class=\"p1\">Psic\u00f3loga cl\u00ednica com especializa\u00e7\u00e3o em Terapia Familiar Sist\u00e9mica.<\/p>\n","protected":false},"excerpt":{"rendered":"<p>Para ser reconhecidas e valorizadas, procuramos agradar \u00e0s pessoas, atendendo \u00e0s suas solicita\u00e7\u00f5es em detrimento dos nossos anseios pessoais. Como n\u00e3o sabemos respeitar-nos, colocar limites e fazer-nos respeitar, temos medo de nos relacionarmos e sermos invadidas, usadas, abusadas. Nascer de novo \u00e9 reconstruir a nossa autoestima no fundamento do amor incondicional de Deus que nos<\/p>\n","protected":false},"author":2,"featured_media":18375,"comment_status":"open","ping_status":"open","sticky":false,"template":"","format":"standard","meta":{"_uag_custom_page_level_css":"","_themeisle_gutenberg_block_has_review":false,"_vp_format_video_url":"","_vp_image_focal_point":[],"footnotes":""},"categories":[45,47],"tags":[],"class_list":["post-18372","post","type-post","status-publish","format-standard","has-post-thumbnail","hentry","category-geral","category-mulheres-casais-e-familia"],"yoast_head":"<!-- This site is optimized with the Yoast SEO plugin v27.5 - https:\/\/yoast.com\/product\/yoast-seo-wordpress\/ -->\n<title>N\u00e3o: a palavra que liberta - AEP<\/title>\n<meta name=\"robots\" content=\"index, follow, max-snippet:-1, max-image-preview:large, max-video-preview:-1\" \/>\n<link rel=\"canonical\" href=\"https:\/\/aliancaevangelica.pt\/site\/nao-a-palavra-que-liberta\/\" \/>\n<meta property=\"og:locale\" content=\"pt_PT\" \/>\n<meta property=\"og:type\" content=\"article\" \/>\n<meta property=\"og:title\" content=\"N\u00e3o: a palavra que liberta - AEP\" \/>\n<meta property=\"og:description\" content=\"Para ser reconhecidas e valorizadas, procuramos agradar \u00e0s pessoas, atendendo \u00e0s suas solicita\u00e7\u00f5es em detrimento dos nossos anseios pessoais. Como n\u00e3o sabemos respeitar-nos, colocar limites e fazer-nos respeitar, temos medo de nos relacionarmos e sermos invadidas, usadas, abusadas. Nascer de novo \u00e9 reconstruir a nossa autoestima no fundamento do amor incondicional de Deus que nos\" \/>\n<meta property=\"og:url\" content=\"https:\/\/aliancaevangelica.pt\/site\/nao-a-palavra-que-liberta\/\" \/>\n<meta property=\"og:site_name\" content=\"AEP\" \/>\n<meta property=\"article:publisher\" content=\"http:\/\/facebook.com\/aeportuguesa\" \/>\n<meta property=\"article:author\" content=\"aeportugal\" \/>\n<meta property=\"article:published_time\" content=\"2020-07-24T08:00:00+00:00\" \/>\n<meta property=\"og:image\" content=\"https:\/\/aliancaevangelica.pt\/site\/wp-content\/uploads\/2020\/07\/Na\u0303o.jpg\" \/>\n\t<meta property=\"og:image:width\" content=\"960\" \/>\n\t<meta property=\"og:image:height\" content=\"720\" \/>\n\t<meta property=\"og:image:type\" content=\"image\/jpeg\" \/>\n<meta name=\"author\" content=\"AEP\" \/>\n<meta name=\"twitter:card\" content=\"summary_large_image\" \/>\n<meta name=\"twitter:label1\" content=\"Escrito por\" \/>\n\t<meta name=\"twitter:data1\" content=\"AEP\" \/>\n\t<meta name=\"twitter:label2\" content=\"Tempo estimado de leitura\" \/>\n\t<meta name=\"twitter:data2\" content=\"5 minutos\" \/>\n<script type=\"application\/ld+json\" class=\"yoast-schema-graph\">{\"@context\":\"https:\\\/\\\/schema.org\",\"@graph\":[{\"@type\":\"Article\",\"@id\":\"https:\\\/\\\/aliancaevangelica.pt\\\/site\\\/nao-a-palavra-que-liberta\\\/#article\",\"isPartOf\":{\"@id\":\"https:\\\/\\\/aliancaevangelica.pt\\\/site\\\/nao-a-palavra-que-liberta\\\/\"},\"author\":{\"name\":\"AEP\",\"@id\":\"https:\\\/\\\/aliancaevangelica.pt\\\/site\\\/#\\\/schema\\\/person\\\/3b47cfc7535eff1e820f31c2d67eafcf\"},\"headline\":\"N\u00e3o: a palavra que liberta\",\"datePublished\":\"2020-07-24T08:00:00+00:00\",\"mainEntityOfPage\":{\"@id\":\"https:\\\/\\\/aliancaevangelica.pt\\\/site\\\/nao-a-palavra-que-liberta\\\/\"},\"wordCount\":992,\"commentCount\":0,\"publisher\":{\"@id\":\"https:\\\/\\\/aliancaevangelica.pt\\\/site\\\/#organization\"},\"image\":{\"@id\":\"https:\\\/\\\/aliancaevangelica.pt\\\/site\\\/nao-a-palavra-que-liberta\\\/#primaryimage\"},\"thumbnailUrl\":\"https:\\\/\\\/aliancaevangelica.pt\\\/site\\\/wp-content\\\/uploads\\\/2020\\\/07\\\/Na\u0303o.jpg\",\"articleSection\":[\"1-Geral\",\"MULHERES, CASAIS E FAM\u00cdLIA\"],\"inLanguage\":\"pt-PT\",\"potentialAction\":[{\"@type\":\"CommentAction\",\"name\":\"Comment\",\"target\":[\"https:\\\/\\\/aliancaevangelica.pt\\\/site\\\/nao-a-palavra-que-liberta\\\/#respond\"]}]},{\"@type\":\"WebPage\",\"@id\":\"https:\\\/\\\/aliancaevangelica.pt\\\/site\\\/nao-a-palavra-que-liberta\\\/\",\"url\":\"https:\\\/\\\/aliancaevangelica.pt\\\/site\\\/nao-a-palavra-que-liberta\\\/\",\"name\":\"N\u00e3o: a palavra que liberta - AEP\",\"isPartOf\":{\"@id\":\"https:\\\/\\\/aliancaevangelica.pt\\\/site\\\/#website\"},\"primaryImageOfPage\":{\"@id\":\"https:\\\/\\\/aliancaevangelica.pt\\\/site\\\/nao-a-palavra-que-liberta\\\/#primaryimage\"},\"image\":{\"@id\":\"https:\\\/\\\/aliancaevangelica.pt\\\/site\\\/nao-a-palavra-que-liberta\\\/#primaryimage\"},\"thumbnailUrl\":\"https:\\\/\\\/aliancaevangelica.pt\\\/site\\\/wp-content\\\/uploads\\\/2020\\\/07\\\/Na\u0303o.jpg\",\"datePublished\":\"2020-07-24T08:00:00+00:00\",\"breadcrumb\":{\"@id\":\"https:\\\/\\\/aliancaevangelica.pt\\\/site\\\/nao-a-palavra-que-liberta\\\/#breadcrumb\"},\"inLanguage\":\"pt-PT\",\"potentialAction\":[{\"@type\":\"ReadAction\",\"target\":[\"https:\\\/\\\/aliancaevangelica.pt\\\/site\\\/nao-a-palavra-que-liberta\\\/\"]}]},{\"@type\":\"ImageObject\",\"inLanguage\":\"pt-PT\",\"@id\":\"https:\\\/\\\/aliancaevangelica.pt\\\/site\\\/nao-a-palavra-que-liberta\\\/#primaryimage\",\"url\":\"https:\\\/\\\/aliancaevangelica.pt\\\/site\\\/wp-content\\\/uploads\\\/2020\\\/07\\\/Na\u0303o.jpg\",\"contentUrl\":\"https:\\\/\\\/aliancaevangelica.pt\\\/site\\\/wp-content\\\/uploads\\\/2020\\\/07\\\/Na\u0303o.jpg\",\"width\":960,\"height\":720},{\"@type\":\"BreadcrumbList\",\"@id\":\"https:\\\/\\\/aliancaevangelica.pt\\\/site\\\/nao-a-palavra-que-liberta\\\/#breadcrumb\",\"itemListElement\":[{\"@type\":\"ListItem\",\"position\":1,\"name\":\"In\u00edcio\",\"item\":\"https:\\\/\\\/aliancaevangelica.pt\\\/site\\\/\"},{\"@type\":\"ListItem\",\"position\":2,\"name\":\"N\u00e3o: a palavra que liberta\"}]},{\"@type\":\"WebSite\",\"@id\":\"https:\\\/\\\/aliancaevangelica.pt\\\/site\\\/#website\",\"url\":\"https:\\\/\\\/aliancaevangelica.pt\\\/site\\\/\",\"name\":\"Alian\u00e7a Evang\u00e9lica Portuguesa\",\"description\":\"Alian\u00e7a Evang\u00e9lica Portuguesa\",\"publisher\":{\"@id\":\"https:\\\/\\\/aliancaevangelica.pt\\\/site\\\/#organization\"},\"potentialAction\":[{\"@type\":\"SearchAction\",\"target\":{\"@type\":\"EntryPoint\",\"urlTemplate\":\"https:\\\/\\\/aliancaevangelica.pt\\\/site\\\/?s={search_term_string}\"},\"query-input\":{\"@type\":\"PropertyValueSpecification\",\"valueRequired\":true,\"valueName\":\"search_term_string\"}}],\"inLanguage\":\"pt-PT\"},{\"@type\":\"Organization\",\"@id\":\"https:\\\/\\\/aliancaevangelica.pt\\\/site\\\/#organization\",\"name\":\"Alian\u00e7a Evang\u00e9lica Portuguesa\",\"url\":\"https:\\\/\\\/aliancaevangelica.pt\\\/site\\\/\",\"logo\":{\"@type\":\"ImageObject\",\"inLanguage\":\"pt-PT\",\"@id\":\"https:\\\/\\\/aliancaevangelica.pt\\\/site\\\/#\\\/schema\\\/logo\\\/image\\\/\",\"url\":\"https:\\\/\\\/aliancaevangelica.pt\\\/site\\\/wp-content\\\/uploads\\\/2017\\\/11\\\/logo-AEP-cor.png\",\"contentUrl\":\"https:\\\/\\\/aliancaevangelica.pt\\\/site\\\/wp-content\\\/uploads\\\/2017\\\/11\\\/logo-AEP-cor.png\",\"width\":1156,\"height\":672,\"caption\":\"Alian\u00e7a Evang\u00e9lica Portuguesa\"},\"image\":{\"@id\":\"https:\\\/\\\/aliancaevangelica.pt\\\/site\\\/#\\\/schema\\\/logo\\\/image\\\/\"},\"sameAs\":[\"http:\\\/\\\/facebook.com\\\/aeportuguesa\",\"http:\\\/\\\/instagram.com\\\/aliancaep\",\"http:\\\/\\\/youtube.com\\\/aeportuguesa\"]},{\"@type\":\"Person\",\"@id\":\"https:\\\/\\\/aliancaevangelica.pt\\\/site\\\/#\\\/schema\\\/person\\\/3b47cfc7535eff1e820f31c2d67eafcf\",\"name\":\"AEP\",\"sameAs\":[\"aeportugal\"],\"url\":\"https:\\\/\\\/aliancaevangelica.pt\\\/site\\\/author\\\/aeportugal\\\/\"}]}<\/script>\n<!-- \/ Yoast SEO plugin. -->","yoast_head_json":{"title":"N\u00e3o: a palavra que liberta - AEP","robots":{"index":"index","follow":"follow","max-snippet":"max-snippet:-1","max-image-preview":"max-image-preview:large","max-video-preview":"max-video-preview:-1"},"canonical":"https:\/\/aliancaevangelica.pt\/site\/nao-a-palavra-que-liberta\/","og_locale":"pt_PT","og_type":"article","og_title":"N\u00e3o: a palavra que liberta - AEP","og_description":"Para ser reconhecidas e valorizadas, procuramos agradar \u00e0s pessoas, atendendo \u00e0s suas solicita\u00e7\u00f5es em detrimento dos nossos anseios pessoais. Como n\u00e3o sabemos respeitar-nos, colocar limites e fazer-nos respeitar, temos medo de nos relacionarmos e sermos invadidas, usadas, abusadas. Nascer de novo \u00e9 reconstruir a nossa autoestima no fundamento do amor incondicional de Deus que nos","og_url":"https:\/\/aliancaevangelica.pt\/site\/nao-a-palavra-que-liberta\/","og_site_name":"AEP","article_publisher":"http:\/\/facebook.com\/aeportuguesa","article_author":"aeportugal","article_published_time":"2020-07-24T08:00:00+00:00","og_image":[{"width":960,"height":720,"url":"https:\/\/aliancaevangelica.pt\/site\/wp-content\/uploads\/2020\/07\/Na\u0303o.jpg","type":"image\/jpeg"}],"author":"AEP","twitter_card":"summary_large_image","twitter_misc":{"Escrito por":"AEP","Tempo estimado de leitura":"5 minutos"},"schema":{"@context":"https:\/\/schema.org","@graph":[{"@type":"Article","@id":"https:\/\/aliancaevangelica.pt\/site\/nao-a-palavra-que-liberta\/#article","isPartOf":{"@id":"https:\/\/aliancaevangelica.pt\/site\/nao-a-palavra-que-liberta\/"},"author":{"name":"AEP","@id":"https:\/\/aliancaevangelica.pt\/site\/#\/schema\/person\/3b47cfc7535eff1e820f31c2d67eafcf"},"headline":"N\u00e3o: a palavra que liberta","datePublished":"2020-07-24T08:00:00+00:00","mainEntityOfPage":{"@id":"https:\/\/aliancaevangelica.pt\/site\/nao-a-palavra-que-liberta\/"},"wordCount":992,"commentCount":0,"publisher":{"@id":"https:\/\/aliancaevangelica.pt\/site\/#organization"},"image":{"@id":"https:\/\/aliancaevangelica.pt\/site\/nao-a-palavra-que-liberta\/#primaryimage"},"thumbnailUrl":"https:\/\/aliancaevangelica.pt\/site\/wp-content\/uploads\/2020\/07\/Na\u0303o.jpg","articleSection":["1-Geral","MULHERES, CASAIS E FAM\u00cdLIA"],"inLanguage":"pt-PT","potentialAction":[{"@type":"CommentAction","name":"Comment","target":["https:\/\/aliancaevangelica.pt\/site\/nao-a-palavra-que-liberta\/#respond"]}]},{"@type":"WebPage","@id":"https:\/\/aliancaevangelica.pt\/site\/nao-a-palavra-que-liberta\/","url":"https:\/\/aliancaevangelica.pt\/site\/nao-a-palavra-que-liberta\/","name":"N\u00e3o: a palavra que liberta - AEP","isPartOf":{"@id":"https:\/\/aliancaevangelica.pt\/site\/#website"},"primaryImageOfPage":{"@id":"https:\/\/aliancaevangelica.pt\/site\/nao-a-palavra-que-liberta\/#primaryimage"},"image":{"@id":"https:\/\/aliancaevangelica.pt\/site\/nao-a-palavra-que-liberta\/#primaryimage"},"thumbnailUrl":"https:\/\/aliancaevangelica.pt\/site\/wp-content\/uploads\/2020\/07\/Na\u0303o.jpg","datePublished":"2020-07-24T08:00:00+00:00","breadcrumb":{"@id":"https:\/\/aliancaevangelica.pt\/site\/nao-a-palavra-que-liberta\/#breadcrumb"},"inLanguage":"pt-PT","potentialAction":[{"@type":"ReadAction","target":["https:\/\/aliancaevangelica.pt\/site\/nao-a-palavra-que-liberta\/"]}]},{"@type":"ImageObject","inLanguage":"pt-PT","@id":"https:\/\/aliancaevangelica.pt\/site\/nao-a-palavra-que-liberta\/#primaryimage","url":"https:\/\/aliancaevangelica.pt\/site\/wp-content\/uploads\/2020\/07\/Na\u0303o.jpg","contentUrl":"https:\/\/aliancaevangelica.pt\/site\/wp-content\/uploads\/2020\/07\/Na\u0303o.jpg","width":960,"height":720},{"@type":"BreadcrumbList","@id":"https:\/\/aliancaevangelica.pt\/site\/nao-a-palavra-que-liberta\/#breadcrumb","itemListElement":[{"@type":"ListItem","position":1,"name":"In\u00edcio","item":"https:\/\/aliancaevangelica.pt\/site\/"},{"@type":"ListItem","position":2,"name":"N\u00e3o: a palavra que liberta"}]},{"@type":"WebSite","@id":"https:\/\/aliancaevangelica.pt\/site\/#website","url":"https:\/\/aliancaevangelica.pt\/site\/","name":"Alian\u00e7a Evang\u00e9lica Portuguesa","description":"Alian\u00e7a Evang\u00e9lica Portuguesa","publisher":{"@id":"https:\/\/aliancaevangelica.pt\/site\/#organization"},"potentialAction":[{"@type":"SearchAction","target":{"@type":"EntryPoint","urlTemplate":"https:\/\/aliancaevangelica.pt\/site\/?s={search_term_string}"},"query-input":{"@type":"PropertyValueSpecification","valueRequired":true,"valueName":"search_term_string"}}],"inLanguage":"pt-PT"},{"@type":"Organization","@id":"https:\/\/aliancaevangelica.pt\/site\/#organization","name":"Alian\u00e7a Evang\u00e9lica Portuguesa","url":"https:\/\/aliancaevangelica.pt\/site\/","logo":{"@type":"ImageObject","inLanguage":"pt-PT","@id":"https:\/\/aliancaevangelica.pt\/site\/#\/schema\/logo\/image\/","url":"https:\/\/aliancaevangelica.pt\/site\/wp-content\/uploads\/2017\/11\/logo-AEP-cor.png","contentUrl":"https:\/\/aliancaevangelica.pt\/site\/wp-content\/uploads\/2017\/11\/logo-AEP-cor.png","width":1156,"height":672,"caption":"Alian\u00e7a Evang\u00e9lica Portuguesa"},"image":{"@id":"https:\/\/aliancaevangelica.pt\/site\/#\/schema\/logo\/image\/"},"sameAs":["http:\/\/facebook.com\/aeportuguesa","http:\/\/instagram.com\/aliancaep","http:\/\/youtube.com\/aeportuguesa"]},{"@type":"Person","@id":"https:\/\/aliancaevangelica.pt\/site\/#\/schema\/person\/3b47cfc7535eff1e820f31c2d67eafcf","name":"AEP","sameAs":["aeportugal"],"url":"https:\/\/aliancaevangelica.pt\/site\/author\/aeportugal\/"}]}},"uagb_featured_image_src":{"full":["https:\/\/aliancaevangelica.pt\/site\/wp-content\/uploads\/2020\/07\/Na\u0303o.jpg",960,720,false],"thumbnail":["https:\/\/aliancaevangelica.pt\/site\/wp-content\/uploads\/2020\/07\/Na\u0303o-150x150.jpg",150,150,true],"medium":["https:\/\/aliancaevangelica.pt\/site\/wp-content\/uploads\/2020\/07\/Na\u0303o-300x225.jpg",300,225,true],"medium_large":["https:\/\/aliancaevangelica.pt\/site\/wp-content\/uploads\/2020\/07\/Na\u0303o-768x576.jpg",768,576,true],"large":["https:\/\/aliancaevangelica.pt\/site\/wp-content\/uploads\/2020\/07\/Na\u0303o.jpg",960,720,false],"1536x1536":["https:\/\/aliancaevangelica.pt\/site\/wp-content\/uploads\/2020\/07\/Na\u0303o.jpg",960,720,false],"2048x2048":["https:\/\/aliancaevangelica.pt\/site\/wp-content\/uploads\/2020\/07\/Na\u0303o.jpg",960,720,false],"vp_sm":["https:\/\/aliancaevangelica.pt\/site\/wp-content\/uploads\/2020\/07\/Na\u0303o.jpg",500,375,false],"vp_md":["https:\/\/aliancaevangelica.pt\/site\/wp-content\/uploads\/2020\/07\/Na\u0303o.jpg",800,600,false],"vp_lg":["https:\/\/aliancaevangelica.pt\/site\/wp-content\/uploads\/2020\/07\/Na\u0303o.jpg",960,720,false],"vp_xl":["https:\/\/aliancaevangelica.pt\/site\/wp-content\/uploads\/2020\/07\/Na\u0303o.jpg",960,720,false],"vp_sm_popup":["https:\/\/aliancaevangelica.pt\/site\/wp-content\/uploads\/2020\/07\/Na\u0303o.jpg",500,375,false],"vp_md_popup":["https:\/\/aliancaevangelica.pt\/site\/wp-content\/uploads\/2020\/07\/Na\u0303o.jpg",800,600,false],"vp_xl_popup":["https:\/\/aliancaevangelica.pt\/site\/wp-content\/uploads\/2020\/07\/Na\u0303o.jpg",960,720,false],"newsx-150x100":["https:\/\/aliancaevangelica.pt\/site\/wp-content\/uploads\/2020\/07\/Na\u0303o.jpg",133,100,false],"newsx-330x220":["https:\/\/aliancaevangelica.pt\/site\/wp-content\/uploads\/2020\/07\/Na\u0303o.jpg",293,220,false],"newsx-420x280":["https:\/\/aliancaevangelica.pt\/site\/wp-content\/uploads\/2020\/07\/Na\u0303o.jpg",373,280,false],"newsx-510x340":["https:\/\/aliancaevangelica.pt\/site\/wp-content\/uploads\/2020\/07\/Na\u0303o.jpg",453,340,false],"newsx-640x480":["https:\/\/aliancaevangelica.pt\/site\/wp-content\/uploads\/2020\/07\/Na\u0303o.jpg",640,480,false],"newsx-670x370":["https:\/\/aliancaevangelica.pt\/site\/wp-content\/uploads\/2020\/07\/Na\u0303o.jpg",493,370,false],"newsx-860x570":["https:\/\/aliancaevangelica.pt\/site\/wp-content\/uploads\/2020\/07\/Na\u0303o.jpg",760,570,false],"newsx-1000x750":["https:\/\/aliancaevangelica.pt\/site\/wp-content\/uploads\/2020\/07\/Na\u0303o.jpg",960,720,false],"newsx-1200x600":["https:\/\/aliancaevangelica.pt\/site\/wp-content\/uploads\/2020\/07\/Na\u0303o.jpg",800,600,false]},"uagb_author_info":{"display_name":"AEP","author_link":"https:\/\/aliancaevangelica.pt\/site\/author\/aeportugal\/"},"uagb_comment_info":0,"uagb_excerpt":"Para ser reconhecidas e valorizadas, procuramos agradar \u00e0s pessoas, atendendo \u00e0s suas solicita\u00e7\u00f5es em detrimento dos nossos anseios pessoais. Como n\u00e3o sabemos respeitar-nos, colocar limites e fazer-nos respeitar, temos medo de nos relacionarmos e sermos invadidas, usadas, abusadas. Nascer de novo \u00e9 reconstruir a nossa autoestima no fundamento do amor incondicional de Deus que nos","_links":{"self":[{"href":"https:\/\/aliancaevangelica.pt\/site\/wp-json\/wp\/v2\/posts\/18372","targetHints":{"allow":["GET"]}}],"collection":[{"href":"https:\/\/aliancaevangelica.pt\/site\/wp-json\/wp\/v2\/posts"}],"about":[{"href":"https:\/\/aliancaevangelica.pt\/site\/wp-json\/wp\/v2\/types\/post"}],"author":[{"embeddable":true,"href":"https:\/\/aliancaevangelica.pt\/site\/wp-json\/wp\/v2\/users\/2"}],"replies":[{"embeddable":true,"href":"https:\/\/aliancaevangelica.pt\/site\/wp-json\/wp\/v2\/comments?post=18372"}],"version-history":[{"count":2,"href":"https:\/\/aliancaevangelica.pt\/site\/wp-json\/wp\/v2\/posts\/18372\/revisions"}],"predecessor-version":[{"id":18374,"href":"https:\/\/aliancaevangelica.pt\/site\/wp-json\/wp\/v2\/posts\/18372\/revisions\/18374"}],"wp:featuredmedia":[{"embeddable":true,"href":"https:\/\/aliancaevangelica.pt\/site\/wp-json\/wp\/v2\/media\/18375"}],"wp:attachment":[{"href":"https:\/\/aliancaevangelica.pt\/site\/wp-json\/wp\/v2\/media?parent=18372"}],"wp:term":[{"taxonomy":"category","embeddable":true,"href":"https:\/\/aliancaevangelica.pt\/site\/wp-json\/wp\/v2\/categories?post=18372"},{"taxonomy":"post_tag","embeddable":true,"href":"https:\/\/aliancaevangelica.pt\/site\/wp-json\/wp\/v2\/tags?post=18372"}],"curies":[{"name":"wp","href":"https:\/\/api.w.org\/{rel}","templated":true}]}}