{"id":18363,"date":"2020-07-10T09:44:38","date_gmt":"2020-07-10T09:44:38","guid":{"rendered":"https:\/\/aliancaevangelica.pt\/site\/?p=18363"},"modified":"2020-07-10T09:44:38","modified_gmt":"2020-07-10T09:44:38","slug":"nao-nos-cansemos-de-fazer-o-bem","status":"publish","type":"post","link":"https:\/\/aliancaevangelica.pt\/site\/nao-nos-cansemos-de-fazer-o-bem\/","title":{"rendered":"N\u00e3o nos cansemos de fazer o bem"},"content":{"rendered":"<p class=\"p1\">Era um dia de semana, eu era rec\u00e9m-casada e estava h\u00e1 sensivelmente h\u00e1 tr\u00eas meses na Guin\u00e9-Bissau.<\/p>\n<p class=\"p1\">Lembro-me como se fosse hoje, pois foi a primeira vez que me aventurei a ir ao mercado s\u00f3zinha (sem o meu marido).<\/p>\n<p class=\"p1\">N\u00e3o conseguia comunicar em crioulo, embora tivesse nascido na Guin\u00e9, pois o facto de ter vindo para Portugal aos seis anos fez com que me esquecesse por completo da l\u00edngua crioula.<\/p>\n<p class=\"p1\">A falta de conhecimento das esp\u00e9cies de peixe guineenses da Guin\u00e9 (que s\u00e3o uma del\u00edcia), tamb\u00e9m constitu\u00eda, na altura, um factor dissuasor das minhas idas ao mercado.<\/p>\n<p class=\"p1\">Deambulava pelo recinto, enquanto os meus olhos se deixavam surpreender pelas cores dos legumes e das frutas tropicais, sempre acompanhada pelos gritos das vendedoras (bideiras) ao longe, as quais iam persuadindo a clientela de forma a comprarem os seus produtos. Enquanto passeava pela zona do peixe, houve um em particular que me chamou a aten\u00e7\u00e3o pelo seu aspecto fresco que me saltava \u00e0 vista e porque, naquele dia em particular, queria cozinhar o famoso caldo de siti guineense (\u00f3leo de palma), e pensei que seria a melhor op\u00e7\u00e3o em termos de compra.<\/p>\n<p class=\"p1\">Pensei para mim mesma com orgulho: vai ser este o meu primeiro peixe comprado na Guin\u00e9.<\/p>\n<p class=\"p1\">Fui burlada, pois paguei quatro peixes por 5.000 francos cfa (ronda os 7.50 euros) e o pre\u00e7o real seriam 500 francos, porquanto se tratava de um dos peixes mais baratos na Guin\u00e9, o djafal. A vendedora aproveitou-se do facto de eu ser estrangeira e n\u00e3o conhecer os pre\u00e7os reais do peixe.<\/p>\n<p class=\"p1\">Quando o meu marido chegou a casa, a comida j\u00e1 estava pronta e perguntou-me se eu sabia que peixe era aquele e quanto eu tinha pago por ele. Respondi-lhe \u00e0 quest\u00e3o e ambos fic\u00e1mos surpreendidos por eu ter sido enganada e fomos ao mercado \u00e0 procura da vendedora para falar com ela.<\/p>\n<p class=\"p1\">Quando l\u00e1 cheg\u00e1mos, a senhora fez-se de surda e disse-nos que nunca me tinha visto.<\/p>\n<p class=\"p1\">Passado uma semana, o meu marido, que tamb\u00e9m desenvolvia um minist\u00e9rio de primeiros socorros, foi chamado \u00e0 noite para ir socorrer uma crian\u00e7a que estava gravemente queimada em casa.<\/p>\n<p class=\"p1\">Quando entrou em casa, deparou-se com a crian\u00e7a e reconheceu a m\u00e3e, que era a vendedora do peixe djafal.<\/p>\n<p class=\"p1\">Quando a senhora o viu ficou envergonhada e sem palavras. No entanto, o meu marido n\u00e3o pagou o mal por mal, mas pegou nela e no filho, levou-os ao hospital, pagou a consulta e o tratamento do menino.<\/p>\n<p class=\"p1\">Quantas vezes nos sentimos injusti\u00e7ados (por vezes com raz\u00e3o), humilhados, tra\u00eddos e usados, juramos a n\u00f3s mesmos que nunca mais voltaremos a confiar e a ajudar aquela pessoa que nos fez mal e a primeira coisa que nos vem \u00e0 cabe\u00e7a \u00e9 vingarmo-nos e fazermos justi\u00e7a pelas nossas pr\u00f3prias m\u00e3os.<\/p>\n<p class=\"p1\">Contudo, em G\u00e1latas 6:9, o Ap\u00f3stolo Paulo insta-nos a n\u00e3o nos cansarmos de fazer o bem, porque a seu tempo colheremos os seus frutos.<\/p>\n<p class=\"p1\">Cada vez \u00e9 mais dif\u00edcil fazermos o bem, porque as pessoas t\u00eam comportamentos cada vez mais individualistas e interesseiros. Por\u00e9m, quando investimos na vida de algu\u00e9m e nos damos por completo, torna-se ainda mais dif\u00edcil.<\/p>\n<p class=\"p1\">Contudo, Deus convida-nos a termos uma atitude diferente. Convida-nos a n\u00e3o nos cansarmos de fazer o bem, por mais anti-natura que possa parecer. Ele ajudar-nos-\u00e1.<\/p>\n<p class=\"p1\">A B\u00edblia refere, em Romanos 12:20: \u201cSe o teu inimigo tiver fome, d\u00e1-lhe de comer, se tiver sede, d\u00e1-lhe de beber; porquanto amontoar\u00e1s brasas de fogo sobre a sua cabe\u00e7a.\u201d O que significa que quando pagamos o mal com o bem, a pessoa que nos fez mal sentir\u00e1 uma vergonha profunda pois recebeu uma inesperada atitude de amor como pagamento da sua m\u00e1 conduta connosco. Quem age como sendo nosso inimigo ser\u00e1 influenciado pelo nosso comportamento crist\u00e3o, o que provocar\u00e1 uma mudan\u00e7a no cora\u00e7\u00e3o dessa pessoa. N\u00e3o devemos esperar que a pessoa se considere culpada dos seus atos para podermos perdo\u00e1-la.<\/p>\n<p class=\"p1\">O perd\u00e3o \u00e9 a melhor sa\u00edda para a liberta\u00e7\u00e3o da nossa mente e das nossas emo\u00e7\u00f5es, e conduz-nos a uma vida livre e de vit\u00f3ria, e o mais interessante \u00e9 que quebra as barreiras entre n\u00f3s e a pessoa que nos magoou.<\/p>\n<p class=\"p1\">Que Deus nos d\u00ea for\u00e7as para n\u00e3o nos cansarmos de fazer o bem e assim podermos influenciar outros.<\/p>\n<p>[movedo_single_image image=&#8221;18362&#8243; animation=&#8221;grve-zoom-in&#8221;]<strong>Irina Sanh\u00e1<\/strong><\/p>\n<p class=\"p1\">Jurista e fundadora da plataforma evang\u00e9lica guineense &#8220;F\u00f3rum Mulher&#8221;<\/p>\n","protected":false},"excerpt":{"rendered":"<p>Era um dia de semana, eu era rec\u00e9m-casada e estava h\u00e1 sensivelmente h\u00e1 tr\u00eas meses na Guin\u00e9-Bissau. Lembro-me como se fosse hoje, pois foi a primeira vez que me aventurei a ir ao mercado s\u00f3zinha (sem o meu marido). N\u00e3o conseguia comunicar em crioulo, embora tivesse nascido na Guin\u00e9, pois o facto de ter vindo<\/p>\n","protected":false},"author":2,"featured_media":18365,"comment_status":"open","ping_status":"open","sticky":false,"template":"","format":"standard","meta":{"_uag_custom_page_level_css":"","_themeisle_gutenberg_block_has_review":false,"_vp_format_video_url":"","_vp_image_focal_point":[],"footnotes":""},"categories":[45,47],"tags":[],"class_list":["post-18363","post","type-post","status-publish","format-standard","has-post-thumbnail","hentry","category-geral","category-mulheres-casais-e-familia"],"yoast_head":"<!-- This site is optimized with the Yoast SEO plugin v27.5 - https:\/\/yoast.com\/product\/yoast-seo-wordpress\/ -->\n<title>N\u00e3o nos cansemos de fazer o bem - AEP<\/title>\n<meta name=\"robots\" content=\"index, follow, max-snippet:-1, max-image-preview:large, max-video-preview:-1\" \/>\n<link rel=\"canonical\" href=\"https:\/\/aliancaevangelica.pt\/site\/nao-nos-cansemos-de-fazer-o-bem\/\" \/>\n<meta property=\"og:locale\" content=\"pt_PT\" \/>\n<meta property=\"og:type\" content=\"article\" \/>\n<meta property=\"og:title\" content=\"N\u00e3o nos cansemos de fazer o bem - AEP\" \/>\n<meta property=\"og:description\" content=\"Era um dia de semana, eu era rec\u00e9m-casada e estava h\u00e1 sensivelmente h\u00e1 tr\u00eas meses na Guin\u00e9-Bissau. Lembro-me como se fosse hoje, pois foi a primeira vez que me aventurei a ir ao mercado s\u00f3zinha (sem o meu marido). N\u00e3o conseguia comunicar em crioulo, embora tivesse nascido na Guin\u00e9, pois o facto de ter vindo\" \/>\n<meta property=\"og:url\" content=\"https:\/\/aliancaevangelica.pt\/site\/nao-nos-cansemos-de-fazer-o-bem\/\" \/>\n<meta property=\"og:site_name\" content=\"AEP\" \/>\n<meta property=\"article:publisher\" content=\"http:\/\/facebook.com\/aeportuguesa\" \/>\n<meta property=\"article:author\" content=\"aeportugal\" \/>\n<meta property=\"article:published_time\" content=\"2020-07-10T09:44:38+00:00\" \/>\n<meta property=\"og:image\" content=\"https:\/\/aliancaevangelica.pt\/site\/wp-content\/uploads\/2020\/07\/image.png\" \/>\n\t<meta property=\"og:image:width\" content=\"960\" \/>\n\t<meta property=\"og:image:height\" content=\"720\" \/>\n\t<meta property=\"og:image:type\" content=\"image\/png\" \/>\n<meta name=\"author\" content=\"AEP\" \/>\n<meta name=\"twitter:card\" content=\"summary_large_image\" \/>\n<meta name=\"twitter:label1\" content=\"Escrito por\" \/>\n\t<meta name=\"twitter:data1\" content=\"AEP\" \/>\n\t<meta name=\"twitter:label2\" content=\"Tempo estimado de leitura\" \/>\n\t<meta name=\"twitter:data2\" content=\"4 minutos\" \/>\n<script type=\"application\/ld+json\" class=\"yoast-schema-graph\">{\"@context\":\"https:\\\/\\\/schema.org\",\"@graph\":[{\"@type\":\"Article\",\"@id\":\"https:\\\/\\\/aliancaevangelica.pt\\\/site\\\/nao-nos-cansemos-de-fazer-o-bem\\\/#article\",\"isPartOf\":{\"@id\":\"https:\\\/\\\/aliancaevangelica.pt\\\/site\\\/nao-nos-cansemos-de-fazer-o-bem\\\/\"},\"author\":{\"name\":\"AEP\",\"@id\":\"https:\\\/\\\/aliancaevangelica.pt\\\/site\\\/#\\\/schema\\\/person\\\/3b47cfc7535eff1e820f31c2d67eafcf\"},\"headline\":\"N\u00e3o nos cansemos de fazer o bem\",\"datePublished\":\"2020-07-10T09:44:38+00:00\",\"mainEntityOfPage\":{\"@id\":\"https:\\\/\\\/aliancaevangelica.pt\\\/site\\\/nao-nos-cansemos-de-fazer-o-bem\\\/\"},\"wordCount\":777,\"commentCount\":0,\"publisher\":{\"@id\":\"https:\\\/\\\/aliancaevangelica.pt\\\/site\\\/#organization\"},\"image\":{\"@id\":\"https:\\\/\\\/aliancaevangelica.pt\\\/site\\\/nao-nos-cansemos-de-fazer-o-bem\\\/#primaryimage\"},\"thumbnailUrl\":\"https:\\\/\\\/aliancaevangelica.pt\\\/site\\\/wp-content\\\/uploads\\\/2020\\\/07\\\/image.png\",\"articleSection\":[\"1-Geral\",\"MULHERES, CASAIS E FAM\u00cdLIA\"],\"inLanguage\":\"pt-PT\",\"potentialAction\":[{\"@type\":\"CommentAction\",\"name\":\"Comment\",\"target\":[\"https:\\\/\\\/aliancaevangelica.pt\\\/site\\\/nao-nos-cansemos-de-fazer-o-bem\\\/#respond\"]}]},{\"@type\":\"WebPage\",\"@id\":\"https:\\\/\\\/aliancaevangelica.pt\\\/site\\\/nao-nos-cansemos-de-fazer-o-bem\\\/\",\"url\":\"https:\\\/\\\/aliancaevangelica.pt\\\/site\\\/nao-nos-cansemos-de-fazer-o-bem\\\/\",\"name\":\"N\u00e3o nos cansemos de fazer o bem - AEP\",\"isPartOf\":{\"@id\":\"https:\\\/\\\/aliancaevangelica.pt\\\/site\\\/#website\"},\"primaryImageOfPage\":{\"@id\":\"https:\\\/\\\/aliancaevangelica.pt\\\/site\\\/nao-nos-cansemos-de-fazer-o-bem\\\/#primaryimage\"},\"image\":{\"@id\":\"https:\\\/\\\/aliancaevangelica.pt\\\/site\\\/nao-nos-cansemos-de-fazer-o-bem\\\/#primaryimage\"},\"thumbnailUrl\":\"https:\\\/\\\/aliancaevangelica.pt\\\/site\\\/wp-content\\\/uploads\\\/2020\\\/07\\\/image.png\",\"datePublished\":\"2020-07-10T09:44:38+00:00\",\"breadcrumb\":{\"@id\":\"https:\\\/\\\/aliancaevangelica.pt\\\/site\\\/nao-nos-cansemos-de-fazer-o-bem\\\/#breadcrumb\"},\"inLanguage\":\"pt-PT\",\"potentialAction\":[{\"@type\":\"ReadAction\",\"target\":[\"https:\\\/\\\/aliancaevangelica.pt\\\/site\\\/nao-nos-cansemos-de-fazer-o-bem\\\/\"]}]},{\"@type\":\"ImageObject\",\"inLanguage\":\"pt-PT\",\"@id\":\"https:\\\/\\\/aliancaevangelica.pt\\\/site\\\/nao-nos-cansemos-de-fazer-o-bem\\\/#primaryimage\",\"url\":\"https:\\\/\\\/aliancaevangelica.pt\\\/site\\\/wp-content\\\/uploads\\\/2020\\\/07\\\/image.png\",\"contentUrl\":\"https:\\\/\\\/aliancaevangelica.pt\\\/site\\\/wp-content\\\/uploads\\\/2020\\\/07\\\/image.png\",\"width\":960,\"height\":720},{\"@type\":\"BreadcrumbList\",\"@id\":\"https:\\\/\\\/aliancaevangelica.pt\\\/site\\\/nao-nos-cansemos-de-fazer-o-bem\\\/#breadcrumb\",\"itemListElement\":[{\"@type\":\"ListItem\",\"position\":1,\"name\":\"In\u00edcio\",\"item\":\"https:\\\/\\\/aliancaevangelica.pt\\\/site\\\/\"},{\"@type\":\"ListItem\",\"position\":2,\"name\":\"N\u00e3o nos cansemos de fazer o bem\"}]},{\"@type\":\"WebSite\",\"@id\":\"https:\\\/\\\/aliancaevangelica.pt\\\/site\\\/#website\",\"url\":\"https:\\\/\\\/aliancaevangelica.pt\\\/site\\\/\",\"name\":\"Alian\u00e7a Evang\u00e9lica Portuguesa\",\"description\":\"Alian\u00e7a Evang\u00e9lica Portuguesa\",\"publisher\":{\"@id\":\"https:\\\/\\\/aliancaevangelica.pt\\\/site\\\/#organization\"},\"potentialAction\":[{\"@type\":\"SearchAction\",\"target\":{\"@type\":\"EntryPoint\",\"urlTemplate\":\"https:\\\/\\\/aliancaevangelica.pt\\\/site\\\/?s={search_term_string}\"},\"query-input\":{\"@type\":\"PropertyValueSpecification\",\"valueRequired\":true,\"valueName\":\"search_term_string\"}}],\"inLanguage\":\"pt-PT\"},{\"@type\":\"Organization\",\"@id\":\"https:\\\/\\\/aliancaevangelica.pt\\\/site\\\/#organization\",\"name\":\"Alian\u00e7a Evang\u00e9lica Portuguesa\",\"url\":\"https:\\\/\\\/aliancaevangelica.pt\\\/site\\\/\",\"logo\":{\"@type\":\"ImageObject\",\"inLanguage\":\"pt-PT\",\"@id\":\"https:\\\/\\\/aliancaevangelica.pt\\\/site\\\/#\\\/schema\\\/logo\\\/image\\\/\",\"url\":\"https:\\\/\\\/aliancaevangelica.pt\\\/site\\\/wp-content\\\/uploads\\\/2017\\\/11\\\/logo-AEP-cor.png\",\"contentUrl\":\"https:\\\/\\\/aliancaevangelica.pt\\\/site\\\/wp-content\\\/uploads\\\/2017\\\/11\\\/logo-AEP-cor.png\",\"width\":1156,\"height\":672,\"caption\":\"Alian\u00e7a Evang\u00e9lica Portuguesa\"},\"image\":{\"@id\":\"https:\\\/\\\/aliancaevangelica.pt\\\/site\\\/#\\\/schema\\\/logo\\\/image\\\/\"},\"sameAs\":[\"http:\\\/\\\/facebook.com\\\/aeportuguesa\",\"http:\\\/\\\/instagram.com\\\/aliancaep\",\"http:\\\/\\\/youtube.com\\\/aeportuguesa\"]},{\"@type\":\"Person\",\"@id\":\"https:\\\/\\\/aliancaevangelica.pt\\\/site\\\/#\\\/schema\\\/person\\\/3b47cfc7535eff1e820f31c2d67eafcf\",\"name\":\"AEP\",\"sameAs\":[\"aeportugal\"],\"url\":\"https:\\\/\\\/aliancaevangelica.pt\\\/site\\\/author\\\/aeportugal\\\/\"}]}<\/script>\n<!-- \/ Yoast SEO plugin. -->","yoast_head_json":{"title":"N\u00e3o nos cansemos de fazer o bem - AEP","robots":{"index":"index","follow":"follow","max-snippet":"max-snippet:-1","max-image-preview":"max-image-preview:large","max-video-preview":"max-video-preview:-1"},"canonical":"https:\/\/aliancaevangelica.pt\/site\/nao-nos-cansemos-de-fazer-o-bem\/","og_locale":"pt_PT","og_type":"article","og_title":"N\u00e3o nos cansemos de fazer o bem - AEP","og_description":"Era um dia de semana, eu era rec\u00e9m-casada e estava h\u00e1 sensivelmente h\u00e1 tr\u00eas meses na Guin\u00e9-Bissau. Lembro-me como se fosse hoje, pois foi a primeira vez que me aventurei a ir ao mercado s\u00f3zinha (sem o meu marido). N\u00e3o conseguia comunicar em crioulo, embora tivesse nascido na Guin\u00e9, pois o facto de ter vindo","og_url":"https:\/\/aliancaevangelica.pt\/site\/nao-nos-cansemos-de-fazer-o-bem\/","og_site_name":"AEP","article_publisher":"http:\/\/facebook.com\/aeportuguesa","article_author":"aeportugal","article_published_time":"2020-07-10T09:44:38+00:00","og_image":[{"width":960,"height":720,"url":"https:\/\/aliancaevangelica.pt\/site\/wp-content\/uploads\/2020\/07\/image.png","type":"image\/png"}],"author":"AEP","twitter_card":"summary_large_image","twitter_misc":{"Escrito por":"AEP","Tempo estimado de leitura":"4 minutos"},"schema":{"@context":"https:\/\/schema.org","@graph":[{"@type":"Article","@id":"https:\/\/aliancaevangelica.pt\/site\/nao-nos-cansemos-de-fazer-o-bem\/#article","isPartOf":{"@id":"https:\/\/aliancaevangelica.pt\/site\/nao-nos-cansemos-de-fazer-o-bem\/"},"author":{"name":"AEP","@id":"https:\/\/aliancaevangelica.pt\/site\/#\/schema\/person\/3b47cfc7535eff1e820f31c2d67eafcf"},"headline":"N\u00e3o nos cansemos de fazer o bem","datePublished":"2020-07-10T09:44:38+00:00","mainEntityOfPage":{"@id":"https:\/\/aliancaevangelica.pt\/site\/nao-nos-cansemos-de-fazer-o-bem\/"},"wordCount":777,"commentCount":0,"publisher":{"@id":"https:\/\/aliancaevangelica.pt\/site\/#organization"},"image":{"@id":"https:\/\/aliancaevangelica.pt\/site\/nao-nos-cansemos-de-fazer-o-bem\/#primaryimage"},"thumbnailUrl":"https:\/\/aliancaevangelica.pt\/site\/wp-content\/uploads\/2020\/07\/image.png","articleSection":["1-Geral","MULHERES, CASAIS E FAM\u00cdLIA"],"inLanguage":"pt-PT","potentialAction":[{"@type":"CommentAction","name":"Comment","target":["https:\/\/aliancaevangelica.pt\/site\/nao-nos-cansemos-de-fazer-o-bem\/#respond"]}]},{"@type":"WebPage","@id":"https:\/\/aliancaevangelica.pt\/site\/nao-nos-cansemos-de-fazer-o-bem\/","url":"https:\/\/aliancaevangelica.pt\/site\/nao-nos-cansemos-de-fazer-o-bem\/","name":"N\u00e3o nos cansemos de fazer o bem - AEP","isPartOf":{"@id":"https:\/\/aliancaevangelica.pt\/site\/#website"},"primaryImageOfPage":{"@id":"https:\/\/aliancaevangelica.pt\/site\/nao-nos-cansemos-de-fazer-o-bem\/#primaryimage"},"image":{"@id":"https:\/\/aliancaevangelica.pt\/site\/nao-nos-cansemos-de-fazer-o-bem\/#primaryimage"},"thumbnailUrl":"https:\/\/aliancaevangelica.pt\/site\/wp-content\/uploads\/2020\/07\/image.png","datePublished":"2020-07-10T09:44:38+00:00","breadcrumb":{"@id":"https:\/\/aliancaevangelica.pt\/site\/nao-nos-cansemos-de-fazer-o-bem\/#breadcrumb"},"inLanguage":"pt-PT","potentialAction":[{"@type":"ReadAction","target":["https:\/\/aliancaevangelica.pt\/site\/nao-nos-cansemos-de-fazer-o-bem\/"]}]},{"@type":"ImageObject","inLanguage":"pt-PT","@id":"https:\/\/aliancaevangelica.pt\/site\/nao-nos-cansemos-de-fazer-o-bem\/#primaryimage","url":"https:\/\/aliancaevangelica.pt\/site\/wp-content\/uploads\/2020\/07\/image.png","contentUrl":"https:\/\/aliancaevangelica.pt\/site\/wp-content\/uploads\/2020\/07\/image.png","width":960,"height":720},{"@type":"BreadcrumbList","@id":"https:\/\/aliancaevangelica.pt\/site\/nao-nos-cansemos-de-fazer-o-bem\/#breadcrumb","itemListElement":[{"@type":"ListItem","position":1,"name":"In\u00edcio","item":"https:\/\/aliancaevangelica.pt\/site\/"},{"@type":"ListItem","position":2,"name":"N\u00e3o nos cansemos de fazer o bem"}]},{"@type":"WebSite","@id":"https:\/\/aliancaevangelica.pt\/site\/#website","url":"https:\/\/aliancaevangelica.pt\/site\/","name":"Alian\u00e7a Evang\u00e9lica Portuguesa","description":"Alian\u00e7a Evang\u00e9lica Portuguesa","publisher":{"@id":"https:\/\/aliancaevangelica.pt\/site\/#organization"},"potentialAction":[{"@type":"SearchAction","target":{"@type":"EntryPoint","urlTemplate":"https:\/\/aliancaevangelica.pt\/site\/?s={search_term_string}"},"query-input":{"@type":"PropertyValueSpecification","valueRequired":true,"valueName":"search_term_string"}}],"inLanguage":"pt-PT"},{"@type":"Organization","@id":"https:\/\/aliancaevangelica.pt\/site\/#organization","name":"Alian\u00e7a Evang\u00e9lica Portuguesa","url":"https:\/\/aliancaevangelica.pt\/site\/","logo":{"@type":"ImageObject","inLanguage":"pt-PT","@id":"https:\/\/aliancaevangelica.pt\/site\/#\/schema\/logo\/image\/","url":"https:\/\/aliancaevangelica.pt\/site\/wp-content\/uploads\/2017\/11\/logo-AEP-cor.png","contentUrl":"https:\/\/aliancaevangelica.pt\/site\/wp-content\/uploads\/2017\/11\/logo-AEP-cor.png","width":1156,"height":672,"caption":"Alian\u00e7a Evang\u00e9lica Portuguesa"},"image":{"@id":"https:\/\/aliancaevangelica.pt\/site\/#\/schema\/logo\/image\/"},"sameAs":["http:\/\/facebook.com\/aeportuguesa","http:\/\/instagram.com\/aliancaep","http:\/\/youtube.com\/aeportuguesa"]},{"@type":"Person","@id":"https:\/\/aliancaevangelica.pt\/site\/#\/schema\/person\/3b47cfc7535eff1e820f31c2d67eafcf","name":"AEP","sameAs":["aeportugal"],"url":"https:\/\/aliancaevangelica.pt\/site\/author\/aeportugal\/"}]}},"uagb_featured_image_src":{"full":["https:\/\/aliancaevangelica.pt\/site\/wp-content\/uploads\/2020\/07\/image.png",960,720,false],"thumbnail":["https:\/\/aliancaevangelica.pt\/site\/wp-content\/uploads\/2020\/07\/image-150x150.png",150,150,true],"medium":["https:\/\/aliancaevangelica.pt\/site\/wp-content\/uploads\/2020\/07\/image-300x225.png",300,225,true],"medium_large":["https:\/\/aliancaevangelica.pt\/site\/wp-content\/uploads\/2020\/07\/image-768x576.png",768,576,true],"large":["https:\/\/aliancaevangelica.pt\/site\/wp-content\/uploads\/2020\/07\/image.png",960,720,false],"1536x1536":["https:\/\/aliancaevangelica.pt\/site\/wp-content\/uploads\/2020\/07\/image.png",960,720,false],"2048x2048":["https:\/\/aliancaevangelica.pt\/site\/wp-content\/uploads\/2020\/07\/image.png",960,720,false],"vp_sm":["https:\/\/aliancaevangelica.pt\/site\/wp-content\/uploads\/2020\/07\/image.png",500,375,false],"vp_md":["https:\/\/aliancaevangelica.pt\/site\/wp-content\/uploads\/2020\/07\/image.png",800,600,false],"vp_lg":["https:\/\/aliancaevangelica.pt\/site\/wp-content\/uploads\/2020\/07\/image.png",960,720,false],"vp_xl":["https:\/\/aliancaevangelica.pt\/site\/wp-content\/uploads\/2020\/07\/image.png",960,720,false],"vp_sm_popup":["https:\/\/aliancaevangelica.pt\/site\/wp-content\/uploads\/2020\/07\/image.png",500,375,false],"vp_md_popup":["https:\/\/aliancaevangelica.pt\/site\/wp-content\/uploads\/2020\/07\/image.png",800,600,false],"vp_xl_popup":["https:\/\/aliancaevangelica.pt\/site\/wp-content\/uploads\/2020\/07\/image.png",960,720,false],"newsx-150x100":["https:\/\/aliancaevangelica.pt\/site\/wp-content\/uploads\/2020\/07\/image.png",133,100,false],"newsx-330x220":["https:\/\/aliancaevangelica.pt\/site\/wp-content\/uploads\/2020\/07\/image.png",293,220,false],"newsx-420x280":["https:\/\/aliancaevangelica.pt\/site\/wp-content\/uploads\/2020\/07\/image.png",373,280,false],"newsx-510x340":["https:\/\/aliancaevangelica.pt\/site\/wp-content\/uploads\/2020\/07\/image.png",453,340,false],"newsx-640x480":["https:\/\/aliancaevangelica.pt\/site\/wp-content\/uploads\/2020\/07\/image.png",640,480,false],"newsx-670x370":["https:\/\/aliancaevangelica.pt\/site\/wp-content\/uploads\/2020\/07\/image.png",493,370,false],"newsx-860x570":["https:\/\/aliancaevangelica.pt\/site\/wp-content\/uploads\/2020\/07\/image.png",760,570,false],"newsx-1000x750":["https:\/\/aliancaevangelica.pt\/site\/wp-content\/uploads\/2020\/07\/image.png",960,720,false],"newsx-1200x600":["https:\/\/aliancaevangelica.pt\/site\/wp-content\/uploads\/2020\/07\/image.png",800,600,false]},"uagb_author_info":{"display_name":"AEP","author_link":"https:\/\/aliancaevangelica.pt\/site\/author\/aeportugal\/"},"uagb_comment_info":0,"uagb_excerpt":"Era um dia de semana, eu era rec\u00e9m-casada e estava h\u00e1 sensivelmente h\u00e1 tr\u00eas meses na Guin\u00e9-Bissau. Lembro-me como se fosse hoje, pois foi a primeira vez que me aventurei a ir ao mercado s\u00f3zinha (sem o meu marido). N\u00e3o conseguia comunicar em crioulo, embora tivesse nascido na Guin\u00e9, pois o facto de ter vindo","_links":{"self":[{"href":"https:\/\/aliancaevangelica.pt\/site\/wp-json\/wp\/v2\/posts\/18363","targetHints":{"allow":["GET"]}}],"collection":[{"href":"https:\/\/aliancaevangelica.pt\/site\/wp-json\/wp\/v2\/posts"}],"about":[{"href":"https:\/\/aliancaevangelica.pt\/site\/wp-json\/wp\/v2\/types\/post"}],"author":[{"embeddable":true,"href":"https:\/\/aliancaevangelica.pt\/site\/wp-json\/wp\/v2\/users\/2"}],"replies":[{"embeddable":true,"href":"https:\/\/aliancaevangelica.pt\/site\/wp-json\/wp\/v2\/comments?post=18363"}],"version-history":[{"count":1,"href":"https:\/\/aliancaevangelica.pt\/site\/wp-json\/wp\/v2\/posts\/18363\/revisions"}],"predecessor-version":[{"id":18364,"href":"https:\/\/aliancaevangelica.pt\/site\/wp-json\/wp\/v2\/posts\/18363\/revisions\/18364"}],"wp:featuredmedia":[{"embeddable":true,"href":"https:\/\/aliancaevangelica.pt\/site\/wp-json\/wp\/v2\/media\/18365"}],"wp:attachment":[{"href":"https:\/\/aliancaevangelica.pt\/site\/wp-json\/wp\/v2\/media?parent=18363"}],"wp:term":[{"taxonomy":"category","embeddable":true,"href":"https:\/\/aliancaevangelica.pt\/site\/wp-json\/wp\/v2\/categories?post=18363"},{"taxonomy":"post_tag","embeddable":true,"href":"https:\/\/aliancaevangelica.pt\/site\/wp-json\/wp\/v2\/tags?post=18363"}],"curies":[{"name":"wp","href":"https:\/\/api.w.org\/{rel}","templated":true}]}}