{"id":18260,"date":"2020-05-21T10:38:32","date_gmt":"2020-05-21T10:38:32","guid":{"rendered":"https:\/\/aliancaevangelica.pt\/site\/?p=18260"},"modified":"2026-04-07T09:57:55","modified_gmt":"2026-04-07T09:57:55","slug":"direito_de_resposta","status":"publish","type":"post","link":"https:\/\/aliancaevangelica.pt\/site\/direito_de_resposta\/","title":{"rendered":"Exerc\u00edcio do Direito de Resposta"},"content":{"rendered":"<p>Na sequ\u00eancia da not\u00edcia veiculada pela <em>Vis\u00e3o online<\/em>, no dia 20 de maio de 2020, com o t\u00edtulo \u201cL\u00edderes e pastores evang\u00e9licos fazem campanha pelo Chega\u201d, e na capa da edi\u00e7\u00e3o n.\u00ba 1420, de 21 de maio de 2020, \u201cChega, os segredos do pregador Ventura\u201d e \u201cos poderosos l\u00f3bis evang\u00e9licos\u201d, vem a Alian\u00e7a Evang\u00e9lica Portuguesa, \u00f3rg\u00e3o representativo da Comunidade Evang\u00e9lica em Portugal, exercer o seu direito de resposta, nos termos do n.\u00ba 4 do artigo 37.\u00ba da Constitui\u00e7\u00e3o da Rep\u00fablica Portuguesa e dos artigos 24.\u00ba a 27.\u00ba da Lei n.\u00ba 2\/99 (Lei de Imprensa), de 13 de janeiro, na sua atual reda\u00e7\u00e3o, o que faz nos termos e com os fundamentos seguintes:<\/p>\n<ol>\n<li>Ao longo dos anos, a <em>Vis\u00e3o<\/em> habituou-nos a ver o mundo pelos olhos de jornalistas imbu\u00eddos de elevada deontologia profissional, alicer\u00e7ando o rigor e a verdade em fontes cred\u00edveis e com o necess\u00e1rio recurso ao contradit\u00f3rio.<\/li>\n<li>Por essa raz\u00e3o, estranhamos que para fundamentar o t\u00edtulo de capa da edi\u00e7\u00e3o n.\u00ba 1420, a <em>Vis\u00e3o<\/em> n\u00e3o se tenha dignado ouvir a Alian\u00e7a Evang\u00e9lica Portuguesa, entidade centen\u00e1ria e \u00f3rg\u00e3o representativo da Comunidade Evang\u00e9lica em Portugal, que agrega mais de 700 igrejas filiadas, com implementa\u00e7\u00e3o hist\u00f3rica em todo o territ\u00f3rio nacional, representando um universo de crentes e outras pessoas no seu contexto de influ\u00eancia que ascende a 5% da popula\u00e7\u00e3o do pa\u00eds, sendo por isso, em termos num\u00e9ricos, a segunda confiss\u00e3o religiosa em Portugal.<\/li>\n<li>Ao contr\u00e1rio do que \u00e9 afirmado no t\u00edtulo da not\u00edcia publicada na edi\u00e7\u00e3o online, no dia 20 de maio de 2020, \u201cL\u00edderes e pastores evang\u00e9licos fazem campanha pelo Chega\u201d, e no t\u00edtulo de capa da edi\u00e7\u00e3o n.\u00ba 1420 da revista <em>Vis\u00e3o<\/em>, de 21 de maio de 2020, \u201cOs segredos do pregador Ventura\u201d e \u201cos poderosos l\u00f3bis evang\u00e9licos\u201d, n\u00e3o existe correspond\u00eancia factual entre os t\u00edtulos em quest\u00e3o e a realidade.<\/li>\n<li>As diferentes igrejas evang\u00e9licas em Portugal s\u00e3o comunidades integradoras, a maioria delas radicadas h\u00e1 v\u00e1rias d\u00e9cadas, tendo sobrevivido \u00e0 persegui\u00e7\u00e3o pol\u00edtica e religiosa, desde os tempos da Inquisi\u00e7\u00e3o, passando pela ditadura do Estado Novo.<\/li>\n<li>Atendendo \u00e0 mensagem universal do Evangelho \u00e9 normal que a Comunidade Evang\u00e9lica integre uma heterogeneidade et\u00e1ria, social e multi\u00e9tnica de membros, incluindo pessoas de etnia cigana e muitos cidad\u00e3os provenientes de pa\u00edses de l\u00edngua oficial portuguesa e de outras nacionalidades.<\/li>\n<li>Em momento algum, e ao contr\u00e1rio do t\u00edtulo e do conte\u00fado da not\u00edcia, os cultos evang\u00e9licos s\u00e3o usados para fins diferentes da proclama\u00e7\u00e3o dos valores exarados nas Escrituras, que incluem uma mensagem de esperan\u00e7a para todas as pessoas, englobando todos os estratos sociais, onde tamb\u00e9m se inserem os mais desfavorecidos e socialmente exclu\u00eddos, relativamente aos quais temos desenvolvido um vasto programa de apoio social, muitas vezes em parceria com entidades p\u00fablicas e a pr\u00f3pria sociedade civil.<\/li>\n<li>As igrejas evang\u00e9licas n\u00e3o promovem partidos pol\u00edticos nem angariam militantes para movimentos desta natureza. N\u00e3o faz parte da <em>praxis<\/em> desta Comunidade dar sentido de voto aos seus membros, os quais, em democracia, exercem livremente todos os direitos consagrados na Constitui\u00e7\u00e3o, incluindo o exerc\u00edcio pol\u00edtico a t\u00edtulo pessoal, mas nunca em nome ou em representa\u00e7\u00e3o de uma igreja, e muito menos de uma Comunidade religiosa.<\/li>\n<li>O t\u00edtulo de capa da edi\u00e7\u00e3o n.\u00ba 1420, em forma de trocadilho \u201cOs segredos do pregador Ventura\u201d e \u201cos poderosos l\u00f3bis evang\u00e9licos\u201d, indicia a exist\u00eancia de um l\u00f3bi evang\u00e9lico de apoio expresso a um partido pol\u00edtico, o que n\u00e3o corresponde \u00e0 realidade.<\/li>\n<li>Por outro lado, o conte\u00fado da not\u00edcia, menciona afirma\u00e7\u00f5es de supostos pastores e l\u00edderes evang\u00e9licos, sem existir a preocupa\u00e7\u00e3o de verificar se se trata de igrejas ou de l\u00edderes que representem uma determinada confiss\u00e3o religiosa, sendo suscet\u00edvel de induzir em erro os leitores.<\/li>\n<li>Misturar, de forma descontextualizada, outras realidades, e fazer corresponder apoiantes de Bolsonaro e de Trump, sem explicar o contexto pol\u00edtico, social e religioso que existe nesses pa\u00edses, com o apoio corporativo (inexistente) de evang\u00e9licos a um partido pol\u00edtico em Portugal, n\u00e3o nos parece que seja jornalismo de investiga\u00e7\u00e3o porque as not\u00edcias n\u00e3o se baseiam em factos nem na realidade.<\/li>\n<\/ol>\n<p>A Alian\u00e7a Evang\u00e9lica Portuguesa estar\u00e1 sempre dispon\u00edvel para responder a todas as quest\u00f5es que \u00f3rg\u00e3os de comunica\u00e7\u00e3o social considerem pertinentes esclarecer, mas procurar\u00e1 sempre repor a verdade dos factos, agora e no futuro, como sempre o fez.<\/p>\n","protected":false},"excerpt":{"rendered":"<p>Na sequ\u00eancia da not\u00edcia veiculada pela Vis\u00e3o online, no dia 20 de maio de 2020, com o t\u00edtulo \u201cL\u00edderes e pastores evang\u00e9licos fazem campanha pelo Chega\u201d, e na capa da edi\u00e7\u00e3o n.\u00ba 1420, de 21 de maio de 2020, \u201cChega, os segredos do pregador Ventura\u201d e \u201cos poderosos l\u00f3bis evang\u00e9licos\u201d, vem a Alian\u00e7a Evang\u00e9lica Portuguesa,<\/p>\n","protected":false},"author":2,"featured_media":18261,"comment_status":"open","ping_status":"open","sticky":false,"template":"","format":"standard","meta":{"_uag_custom_page_level_css":"","_themeisle_gutenberg_block_has_review":false,"_vp_format_video_url":"","_vp_image_focal_point":[],"footnotes":""},"categories":[52],"tags":[],"class_list":["post-18260","post","type-post","status-publish","format-standard","has-post-thumbnail","hentry","category-tomadas-de-posicao"],"yoast_head":"<!-- This site is optimized with the Yoast SEO plugin v27.5 - https:\/\/yoast.com\/product\/yoast-seo-wordpress\/ -->\n<title>Exerc\u00edcio do Direito de Resposta - AEP<\/title>\n<meta name=\"robots\" content=\"index, follow, max-snippet:-1, max-image-preview:large, max-video-preview:-1\" \/>\n<link rel=\"canonical\" href=\"https:\/\/aliancaevangelica.pt\/site\/direito_de_resposta\/\" \/>\n<meta property=\"og:locale\" content=\"pt_PT\" \/>\n<meta property=\"og:type\" content=\"article\" \/>\n<meta property=\"og:title\" content=\"Exerc\u00edcio do Direito de Resposta - AEP\" \/>\n<meta property=\"og:description\" content=\"Na sequ\u00eancia da not\u00edcia veiculada pela Vis\u00e3o online, no dia 20 de maio de 2020, com o t\u00edtulo \u201cL\u00edderes e pastores evang\u00e9licos fazem campanha pelo Chega\u201d, e na capa da edi\u00e7\u00e3o n.\u00ba 1420, de 21 de maio de 2020, \u201cChega, os segredos do pregador Ventura\u201d e \u201cos poderosos l\u00f3bis evang\u00e9licos\u201d, vem a Alian\u00e7a Evang\u00e9lica Portuguesa,\" \/>\n<meta property=\"og:url\" content=\"https:\/\/aliancaevangelica.pt\/site\/direito_de_resposta\/\" \/>\n<meta property=\"og:site_name\" content=\"AEP\" \/>\n<meta property=\"article:publisher\" content=\"http:\/\/facebook.com\/aeportuguesa\" \/>\n<meta property=\"article:author\" content=\"aeportugal\" \/>\n<meta property=\"article:published_time\" content=\"2020-05-21T10:38:32+00:00\" \/>\n<meta property=\"article:modified_time\" content=\"2026-04-07T09:57:55+00:00\" \/>\n<meta property=\"og:image\" content=\"https:\/\/aliancaevangelica.pt\/site\/wp-content\/uploads\/2020\/05\/13446.jpg\" \/>\n\t<meta property=\"og:image:width\" content=\"1080\" \/>\n\t<meta property=\"og:image:height\" content=\"813\" \/>\n\t<meta property=\"og:image:type\" content=\"image\/jpeg\" \/>\n<meta name=\"author\" content=\"AEP\" \/>\n<meta name=\"twitter:card\" content=\"summary_large_image\" \/>\n<meta name=\"twitter:label1\" content=\"Escrito por\" \/>\n\t<meta name=\"twitter:data1\" content=\"AEP\" \/>\n\t<meta name=\"twitter:label2\" content=\"Tempo estimado de leitura\" \/>\n\t<meta name=\"twitter:data2\" content=\"4 minutos\" \/>\n<script type=\"application\/ld+json\" class=\"yoast-schema-graph\">{\"@context\":\"https:\\\/\\\/schema.org\",\"@graph\":[{\"@type\":\"Article\",\"@id\":\"https:\\\/\\\/aliancaevangelica.pt\\\/site\\\/direito_de_resposta\\\/#article\",\"isPartOf\":{\"@id\":\"https:\\\/\\\/aliancaevangelica.pt\\\/site\\\/direito_de_resposta\\\/\"},\"author\":{\"name\":\"AEP\",\"@id\":\"https:\\\/\\\/aliancaevangelica.pt\\\/site\\\/#\\\/schema\\\/person\\\/3b47cfc7535eff1e820f31c2d67eafcf\"},\"headline\":\"Exerc\u00edcio do Direito de Resposta\",\"datePublished\":\"2020-05-21T10:38:32+00:00\",\"dateModified\":\"2026-04-07T09:57:55+00:00\",\"mainEntityOfPage\":{\"@id\":\"https:\\\/\\\/aliancaevangelica.pt\\\/site\\\/direito_de_resposta\\\/\"},\"wordCount\":798,\"commentCount\":0,\"publisher\":{\"@id\":\"https:\\\/\\\/aliancaevangelica.pt\\\/site\\\/#organization\"},\"image\":{\"@id\":\"https:\\\/\\\/aliancaevangelica.pt\\\/site\\\/direito_de_resposta\\\/#primaryimage\"},\"thumbnailUrl\":\"https:\\\/\\\/aliancaevangelica.pt\\\/site\\\/wp-content\\\/uploads\\\/2020\\\/05\\\/13446.jpg\",\"articleSection\":[\"Tomadas de Posi\u00e7\u00e3o\"],\"inLanguage\":\"pt-PT\",\"potentialAction\":[{\"@type\":\"CommentAction\",\"name\":\"Comment\",\"target\":[\"https:\\\/\\\/aliancaevangelica.pt\\\/site\\\/direito_de_resposta\\\/#respond\"]}]},{\"@type\":\"WebPage\",\"@id\":\"https:\\\/\\\/aliancaevangelica.pt\\\/site\\\/direito_de_resposta\\\/\",\"url\":\"https:\\\/\\\/aliancaevangelica.pt\\\/site\\\/direito_de_resposta\\\/\",\"name\":\"Exerc\u00edcio do Direito de Resposta - AEP\",\"isPartOf\":{\"@id\":\"https:\\\/\\\/aliancaevangelica.pt\\\/site\\\/#website\"},\"primaryImageOfPage\":{\"@id\":\"https:\\\/\\\/aliancaevangelica.pt\\\/site\\\/direito_de_resposta\\\/#primaryimage\"},\"image\":{\"@id\":\"https:\\\/\\\/aliancaevangelica.pt\\\/site\\\/direito_de_resposta\\\/#primaryimage\"},\"thumbnailUrl\":\"https:\\\/\\\/aliancaevangelica.pt\\\/site\\\/wp-content\\\/uploads\\\/2020\\\/05\\\/13446.jpg\",\"datePublished\":\"2020-05-21T10:38:32+00:00\",\"dateModified\":\"2026-04-07T09:57:55+00:00\",\"breadcrumb\":{\"@id\":\"https:\\\/\\\/aliancaevangelica.pt\\\/site\\\/direito_de_resposta\\\/#breadcrumb\"},\"inLanguage\":\"pt-PT\",\"potentialAction\":[{\"@type\":\"ReadAction\",\"target\":[\"https:\\\/\\\/aliancaevangelica.pt\\\/site\\\/direito_de_resposta\\\/\"]}]},{\"@type\":\"ImageObject\",\"inLanguage\":\"pt-PT\",\"@id\":\"https:\\\/\\\/aliancaevangelica.pt\\\/site\\\/direito_de_resposta\\\/#primaryimage\",\"url\":\"https:\\\/\\\/aliancaevangelica.pt\\\/site\\\/wp-content\\\/uploads\\\/2020\\\/05\\\/13446.jpg\",\"contentUrl\":\"https:\\\/\\\/aliancaevangelica.pt\\\/site\\\/wp-content\\\/uploads\\\/2020\\\/05\\\/13446.jpg\",\"width\":1080,\"height\":813,\"caption\":\"Woman reading newspaper\"},{\"@type\":\"BreadcrumbList\",\"@id\":\"https:\\\/\\\/aliancaevangelica.pt\\\/site\\\/direito_de_resposta\\\/#breadcrumb\",\"itemListElement\":[{\"@type\":\"ListItem\",\"position\":1,\"name\":\"In\u00edcio\",\"item\":\"https:\\\/\\\/aliancaevangelica.pt\\\/site\\\/\"},{\"@type\":\"ListItem\",\"position\":2,\"name\":\"Exerc\u00edcio do Direito de Resposta\"}]},{\"@type\":\"WebSite\",\"@id\":\"https:\\\/\\\/aliancaevangelica.pt\\\/site\\\/#website\",\"url\":\"https:\\\/\\\/aliancaevangelica.pt\\\/site\\\/\",\"name\":\"Alian\u00e7a Evang\u00e9lica Portuguesa\",\"description\":\"Alian\u00e7a Evang\u00e9lica Portuguesa\",\"publisher\":{\"@id\":\"https:\\\/\\\/aliancaevangelica.pt\\\/site\\\/#organization\"},\"potentialAction\":[{\"@type\":\"SearchAction\",\"target\":{\"@type\":\"EntryPoint\",\"urlTemplate\":\"https:\\\/\\\/aliancaevangelica.pt\\\/site\\\/?s={search_term_string}\"},\"query-input\":{\"@type\":\"PropertyValueSpecification\",\"valueRequired\":true,\"valueName\":\"search_term_string\"}}],\"inLanguage\":\"pt-PT\"},{\"@type\":\"Organization\",\"@id\":\"https:\\\/\\\/aliancaevangelica.pt\\\/site\\\/#organization\",\"name\":\"Alian\u00e7a Evang\u00e9lica Portuguesa\",\"url\":\"https:\\\/\\\/aliancaevangelica.pt\\\/site\\\/\",\"logo\":{\"@type\":\"ImageObject\",\"inLanguage\":\"pt-PT\",\"@id\":\"https:\\\/\\\/aliancaevangelica.pt\\\/site\\\/#\\\/schema\\\/logo\\\/image\\\/\",\"url\":\"https:\\\/\\\/aliancaevangelica.pt\\\/site\\\/wp-content\\\/uploads\\\/2017\\\/11\\\/logo-AEP-cor.png\",\"contentUrl\":\"https:\\\/\\\/aliancaevangelica.pt\\\/site\\\/wp-content\\\/uploads\\\/2017\\\/11\\\/logo-AEP-cor.png\",\"width\":1156,\"height\":672,\"caption\":\"Alian\u00e7a Evang\u00e9lica Portuguesa\"},\"image\":{\"@id\":\"https:\\\/\\\/aliancaevangelica.pt\\\/site\\\/#\\\/schema\\\/logo\\\/image\\\/\"},\"sameAs\":[\"http:\\\/\\\/facebook.com\\\/aeportuguesa\",\"http:\\\/\\\/instagram.com\\\/aliancaep\",\"http:\\\/\\\/youtube.com\\\/aeportuguesa\"]},{\"@type\":\"Person\",\"@id\":\"https:\\\/\\\/aliancaevangelica.pt\\\/site\\\/#\\\/schema\\\/person\\\/3b47cfc7535eff1e820f31c2d67eafcf\",\"name\":\"AEP\",\"sameAs\":[\"aeportugal\"],\"url\":\"https:\\\/\\\/aliancaevangelica.pt\\\/site\\\/author\\\/aeportugal\\\/\"}]}<\/script>\n<!-- \/ Yoast SEO plugin. -->","yoast_head_json":{"title":"Exerc\u00edcio do Direito de Resposta - AEP","robots":{"index":"index","follow":"follow","max-snippet":"max-snippet:-1","max-image-preview":"max-image-preview:large","max-video-preview":"max-video-preview:-1"},"canonical":"https:\/\/aliancaevangelica.pt\/site\/direito_de_resposta\/","og_locale":"pt_PT","og_type":"article","og_title":"Exerc\u00edcio do Direito de Resposta - AEP","og_description":"Na sequ\u00eancia da not\u00edcia veiculada pela Vis\u00e3o online, no dia 20 de maio de 2020, com o t\u00edtulo \u201cL\u00edderes e pastores evang\u00e9licos fazem campanha pelo Chega\u201d, e na capa da edi\u00e7\u00e3o n.\u00ba 1420, de 21 de maio de 2020, \u201cChega, os segredos do pregador Ventura\u201d e \u201cos poderosos l\u00f3bis evang\u00e9licos\u201d, vem a Alian\u00e7a Evang\u00e9lica Portuguesa,","og_url":"https:\/\/aliancaevangelica.pt\/site\/direito_de_resposta\/","og_site_name":"AEP","article_publisher":"http:\/\/facebook.com\/aeportuguesa","article_author":"aeportugal","article_published_time":"2020-05-21T10:38:32+00:00","article_modified_time":"2026-04-07T09:57:55+00:00","og_image":[{"width":1080,"height":813,"url":"https:\/\/aliancaevangelica.pt\/site\/wp-content\/uploads\/2020\/05\/13446.jpg","type":"image\/jpeg"}],"author":"AEP","twitter_card":"summary_large_image","twitter_misc":{"Escrito por":"AEP","Tempo estimado de leitura":"4 minutos"},"schema":{"@context":"https:\/\/schema.org","@graph":[{"@type":"Article","@id":"https:\/\/aliancaevangelica.pt\/site\/direito_de_resposta\/#article","isPartOf":{"@id":"https:\/\/aliancaevangelica.pt\/site\/direito_de_resposta\/"},"author":{"name":"AEP","@id":"https:\/\/aliancaevangelica.pt\/site\/#\/schema\/person\/3b47cfc7535eff1e820f31c2d67eafcf"},"headline":"Exerc\u00edcio do Direito de Resposta","datePublished":"2020-05-21T10:38:32+00:00","dateModified":"2026-04-07T09:57:55+00:00","mainEntityOfPage":{"@id":"https:\/\/aliancaevangelica.pt\/site\/direito_de_resposta\/"},"wordCount":798,"commentCount":0,"publisher":{"@id":"https:\/\/aliancaevangelica.pt\/site\/#organization"},"image":{"@id":"https:\/\/aliancaevangelica.pt\/site\/direito_de_resposta\/#primaryimage"},"thumbnailUrl":"https:\/\/aliancaevangelica.pt\/site\/wp-content\/uploads\/2020\/05\/13446.jpg","articleSection":["Tomadas de Posi\u00e7\u00e3o"],"inLanguage":"pt-PT","potentialAction":[{"@type":"CommentAction","name":"Comment","target":["https:\/\/aliancaevangelica.pt\/site\/direito_de_resposta\/#respond"]}]},{"@type":"WebPage","@id":"https:\/\/aliancaevangelica.pt\/site\/direito_de_resposta\/","url":"https:\/\/aliancaevangelica.pt\/site\/direito_de_resposta\/","name":"Exerc\u00edcio do Direito de Resposta - AEP","isPartOf":{"@id":"https:\/\/aliancaevangelica.pt\/site\/#website"},"primaryImageOfPage":{"@id":"https:\/\/aliancaevangelica.pt\/site\/direito_de_resposta\/#primaryimage"},"image":{"@id":"https:\/\/aliancaevangelica.pt\/site\/direito_de_resposta\/#primaryimage"},"thumbnailUrl":"https:\/\/aliancaevangelica.pt\/site\/wp-content\/uploads\/2020\/05\/13446.jpg","datePublished":"2020-05-21T10:38:32+00:00","dateModified":"2026-04-07T09:57:55+00:00","breadcrumb":{"@id":"https:\/\/aliancaevangelica.pt\/site\/direito_de_resposta\/#breadcrumb"},"inLanguage":"pt-PT","potentialAction":[{"@type":"ReadAction","target":["https:\/\/aliancaevangelica.pt\/site\/direito_de_resposta\/"]}]},{"@type":"ImageObject","inLanguage":"pt-PT","@id":"https:\/\/aliancaevangelica.pt\/site\/direito_de_resposta\/#primaryimage","url":"https:\/\/aliancaevangelica.pt\/site\/wp-content\/uploads\/2020\/05\/13446.jpg","contentUrl":"https:\/\/aliancaevangelica.pt\/site\/wp-content\/uploads\/2020\/05\/13446.jpg","width":1080,"height":813,"caption":"Woman reading newspaper"},{"@type":"BreadcrumbList","@id":"https:\/\/aliancaevangelica.pt\/site\/direito_de_resposta\/#breadcrumb","itemListElement":[{"@type":"ListItem","position":1,"name":"In\u00edcio","item":"https:\/\/aliancaevangelica.pt\/site\/"},{"@type":"ListItem","position":2,"name":"Exerc\u00edcio do Direito de Resposta"}]},{"@type":"WebSite","@id":"https:\/\/aliancaevangelica.pt\/site\/#website","url":"https:\/\/aliancaevangelica.pt\/site\/","name":"Alian\u00e7a Evang\u00e9lica Portuguesa","description":"Alian\u00e7a Evang\u00e9lica Portuguesa","publisher":{"@id":"https:\/\/aliancaevangelica.pt\/site\/#organization"},"potentialAction":[{"@type":"SearchAction","target":{"@type":"EntryPoint","urlTemplate":"https:\/\/aliancaevangelica.pt\/site\/?s={search_term_string}"},"query-input":{"@type":"PropertyValueSpecification","valueRequired":true,"valueName":"search_term_string"}}],"inLanguage":"pt-PT"},{"@type":"Organization","@id":"https:\/\/aliancaevangelica.pt\/site\/#organization","name":"Alian\u00e7a Evang\u00e9lica Portuguesa","url":"https:\/\/aliancaevangelica.pt\/site\/","logo":{"@type":"ImageObject","inLanguage":"pt-PT","@id":"https:\/\/aliancaevangelica.pt\/site\/#\/schema\/logo\/image\/","url":"https:\/\/aliancaevangelica.pt\/site\/wp-content\/uploads\/2017\/11\/logo-AEP-cor.png","contentUrl":"https:\/\/aliancaevangelica.pt\/site\/wp-content\/uploads\/2017\/11\/logo-AEP-cor.png","width":1156,"height":672,"caption":"Alian\u00e7a Evang\u00e9lica Portuguesa"},"image":{"@id":"https:\/\/aliancaevangelica.pt\/site\/#\/schema\/logo\/image\/"},"sameAs":["http:\/\/facebook.com\/aeportuguesa","http:\/\/instagram.com\/aliancaep","http:\/\/youtube.com\/aeportuguesa"]},{"@type":"Person","@id":"https:\/\/aliancaevangelica.pt\/site\/#\/schema\/person\/3b47cfc7535eff1e820f31c2d67eafcf","name":"AEP","sameAs":["aeportugal"],"url":"https:\/\/aliancaevangelica.pt\/site\/author\/aeportugal\/"}]}},"uagb_featured_image_src":{"full":["https:\/\/aliancaevangelica.pt\/site\/wp-content\/uploads\/2020\/05\/13446.jpg",1080,813,false],"thumbnail":["https:\/\/aliancaevangelica.pt\/site\/wp-content\/uploads\/2020\/05\/13446-150x150.jpg",150,150,true],"medium":["https:\/\/aliancaevangelica.pt\/site\/wp-content\/uploads\/2020\/05\/13446-300x226.jpg",300,226,true],"medium_large":["https:\/\/aliancaevangelica.pt\/site\/wp-content\/uploads\/2020\/05\/13446-768x578.jpg",768,578,true],"large":["https:\/\/aliancaevangelica.pt\/site\/wp-content\/uploads\/2020\/05\/13446-1024x771.jpg",960,723,true],"1536x1536":["https:\/\/aliancaevangelica.pt\/site\/wp-content\/uploads\/2020\/05\/13446.jpg",1080,813,false],"2048x2048":["https:\/\/aliancaevangelica.pt\/site\/wp-content\/uploads\/2020\/05\/13446.jpg",1080,813,false],"vp_sm":["https:\/\/aliancaevangelica.pt\/site\/wp-content\/uploads\/2020\/05\/13446.jpg",500,376,false],"vp_md":["https:\/\/aliancaevangelica.pt\/site\/wp-content\/uploads\/2020\/05\/13446.jpg",800,602,false],"vp_lg":["https:\/\/aliancaevangelica.pt\/site\/wp-content\/uploads\/2020\/05\/13446.jpg",1080,813,false],"vp_xl":["https:\/\/aliancaevangelica.pt\/site\/wp-content\/uploads\/2020\/05\/13446.jpg",1080,813,false],"vp_sm_popup":["https:\/\/aliancaevangelica.pt\/site\/wp-content\/uploads\/2020\/05\/13446.jpg",500,376,false],"vp_md_popup":["https:\/\/aliancaevangelica.pt\/site\/wp-content\/uploads\/2020\/05\/13446.jpg",800,602,false],"vp_xl_popup":["https:\/\/aliancaevangelica.pt\/site\/wp-content\/uploads\/2020\/05\/13446.jpg",1080,813,false],"newsx-150x100":["https:\/\/aliancaevangelica.pt\/site\/wp-content\/uploads\/2020\/05\/13446.jpg",133,100,false],"newsx-330x220":["https:\/\/aliancaevangelica.pt\/site\/wp-content\/uploads\/2020\/05\/13446.jpg",292,220,false],"newsx-420x280":["https:\/\/aliancaevangelica.pt\/site\/wp-content\/uploads\/2020\/05\/13446.jpg",372,280,false],"newsx-510x340":["https:\/\/aliancaevangelica.pt\/site\/wp-content\/uploads\/2020\/05\/13446.jpg",452,340,false],"newsx-640x480":["https:\/\/aliancaevangelica.pt\/site\/wp-content\/uploads\/2020\/05\/13446.jpg",638,480,false],"newsx-670x370":["https:\/\/aliancaevangelica.pt\/site\/wp-content\/uploads\/2020\/05\/13446.jpg",492,370,false],"newsx-860x570":["https:\/\/aliancaevangelica.pt\/site\/wp-content\/uploads\/2020\/05\/13446.jpg",757,570,false],"newsx-1000x750":["https:\/\/aliancaevangelica.pt\/site\/wp-content\/uploads\/2020\/05\/13446.jpg",996,750,false],"newsx-1200x600":["https:\/\/aliancaevangelica.pt\/site\/wp-content\/uploads\/2020\/05\/13446.jpg",797,600,false]},"uagb_author_info":{"display_name":"AEP","author_link":"https:\/\/aliancaevangelica.pt\/site\/author\/aeportugal\/"},"uagb_comment_info":0,"uagb_excerpt":"Na sequ\u00eancia da not\u00edcia veiculada pela Vis\u00e3o online, no dia 20 de maio de 2020, com o t\u00edtulo \u201cL\u00edderes e pastores evang\u00e9licos fazem campanha pelo Chega\u201d, e na capa da edi\u00e7\u00e3o n.\u00ba 1420, de 21 de maio de 2020, \u201cChega, os segredos do pregador Ventura\u201d e \u201cos poderosos l\u00f3bis evang\u00e9licos\u201d, vem a Alian\u00e7a Evang\u00e9lica Portuguesa,","_links":{"self":[{"href":"https:\/\/aliancaevangelica.pt\/site\/wp-json\/wp\/v2\/posts\/18260","targetHints":{"allow":["GET"]}}],"collection":[{"href":"https:\/\/aliancaevangelica.pt\/site\/wp-json\/wp\/v2\/posts"}],"about":[{"href":"https:\/\/aliancaevangelica.pt\/site\/wp-json\/wp\/v2\/types\/post"}],"author":[{"embeddable":true,"href":"https:\/\/aliancaevangelica.pt\/site\/wp-json\/wp\/v2\/users\/2"}],"replies":[{"embeddable":true,"href":"https:\/\/aliancaevangelica.pt\/site\/wp-json\/wp\/v2\/comments?post=18260"}],"version-history":[{"count":2,"href":"https:\/\/aliancaevangelica.pt\/site\/wp-json\/wp\/v2\/posts\/18260\/revisions"}],"predecessor-version":[{"id":18263,"href":"https:\/\/aliancaevangelica.pt\/site\/wp-json\/wp\/v2\/posts\/18260\/revisions\/18263"}],"wp:featuredmedia":[{"embeddable":true,"href":"https:\/\/aliancaevangelica.pt\/site\/wp-json\/wp\/v2\/media\/18261"}],"wp:attachment":[{"href":"https:\/\/aliancaevangelica.pt\/site\/wp-json\/wp\/v2\/media?parent=18260"}],"wp:term":[{"taxonomy":"category","embeddable":true,"href":"https:\/\/aliancaevangelica.pt\/site\/wp-json\/wp\/v2\/categories?post=18260"},{"taxonomy":"post_tag","embeddable":true,"href":"https:\/\/aliancaevangelica.pt\/site\/wp-json\/wp\/v2\/tags?post=18260"}],"curies":[{"name":"wp","href":"https:\/\/api.w.org\/{rel}","templated":true}]}}