{"id":18252,"date":"2020-05-15T08:00:27","date_gmt":"2020-05-15T08:00:27","guid":{"rendered":"https:\/\/aliancaevangelica.pt\/site\/?p=18252"},"modified":"2020-05-12T22:13:33","modified_gmt":"2020-05-12T22:13:33","slug":"paciencia-de-job","status":"publish","type":"post","link":"https:\/\/aliancaevangelica.pt\/site\/paciencia-de-job\/","title":{"rendered":"PACI\u00caNCIA DE JOB"},"content":{"rendered":"<p class=\"p1\">Ao falar com algu\u00e9m recentemente sobre como enfrentamos a adversidade na vida, a figura de Job e as variadas quest\u00f5es que o relato b\u00edblico levantam vieram \u00e0 tona. O povo portugu\u00eas, com os seus muitos prov\u00e9rbios populares, refere-se geralmente a Job quando quer qualificar a paci\u00eancia, ou a falta dela, de algu\u00e9m. E talvez perante as situa\u00e7\u00f5es inesperadas da vida, como as que t\u00eam resultado do surgimento do novo v\u00edrus COVID-19, possamos verbalizar o nosso sentimento comum, \u201c\u00c9 preciso ter paci\u00eancia de Job.\u201d<\/p>\n<p class=\"p1\">Paci\u00eancia \u00e9 talvez a atitude que, no m\u00ednimo, precisamos ter ao nos confrontarmos com os contratempos na vida, embora sejam precisas outras atitudes certamente. Essa atitude \u00e9 geralmente definida como a \u201ccapacidade de suportar contrariedades, inc\u00f3modos e dificuldades com calma e tranquilidade\u201d. Ao pensar neste voc\u00e1bulo<span class=\"s1\">,<\/span> conclu\u00ed que a maior parte das vezes associamo-lo a uma sensa\u00e7\u00e3o positiva, quando na verdade ele tem em si mesmo uma dimens\u00e3o de sofrimento; basta lembrarmo-nos do substantivo \u2018paciente\u2019 que se refere a algu\u00e9m que padece\/sofre.<\/p>\n<p class=\"p1\">Qualquer conversa sobre sofrimento n\u00e3o \u00e9 geralmente apaziguadora, pois a tend\u00eancia humana \u00e9 fugir dessa experi\u00eancia a todo o custo. E n\u00e3o querendo soar m\u00f3rbida, \u00e9 a mesma reac\u00e7\u00e3o que temos perante as quest\u00f5es da dor e da morte. Se \u00e9 verdade que n\u00e3o conseguimos evitar uma grande parte das dores e sofrimentos que experimentamos, talvez seja poss\u00edvel \u2013 e eu acrescentaria crucial &#8211; termos uma perspectiva diferente perante elas.<\/p>\n<p class=\"p1\">Essa percep\u00e7\u00e3o diferente em enfrentar a adversidade na vida talvez precise passar pela verbaliza\u00e7\u00e3o das nossas tristezas com mais algu\u00e9m. H\u00e1 um prov\u00e9rbio sueco que diz, \u2018Alegria partilhada \u00e9 alegria dobrada; tristeza partilhada \u00e9 tristeza dividida pela metade.\u2019<span class=\"Apple-converted-space\">\u00a0 <\/span>Talvez essa partilha n\u00e3o possa ser feita com todas as pessoas, nem se tornar o nosso \u00fanico t\u00f3pico de conversa; mas \u00e9 certamente uma forma de tirar para fora algo que precisa ter nome e abrir portas para apoio m\u00fatuo entre companheiros na jornada da vida. Surpreendentemente, ou talvez n\u00e3o, descobriremos que ao expressarmos a nossa vulnerabilidade sentimos um certo al\u00edvio e renovar de for\u00e7as, como tamb\u00e9m ganhamos uma maior consci\u00eancia de que o relacionamento fica fortalecido por essa confiss\u00e3o m\u00fatua de experi\u00eancias.<\/p>\n<p class=\"p1\">A admiss\u00e3o e verbaliza\u00e7\u00e3o da vulnerabilidade d\u00e1 espa\u00e7o para que a vida emerja, e o amor se revele. Esta n\u00e3o \u00e9 uma f\u00f3rmula matem\u00e1tica no sentido de \u2018se eu fizer isto, ent\u00e3o resultar\u00e1 naquilo\u2019. Contudo, julgo que temos constatado que a vida e o amor emergem muitas vezes em circunst\u00e2ncias inesperadas. J\u00e1 vimos certamente uma pequenina flor brotar atrav\u00e9s de uma racha no pavimento. Essa imagem \u00e9 uma boa ilustra\u00e7\u00e3o de que a vida \u00e9 resiliente e desponta mesmo atrav\u00e9s das rachas da nossa dor, tristeza, fragilidade.<\/p>\n<p class=\"p1\">Para mim, pessoalmente, essa \u00e9 a mensagem que a pessoa e a hist\u00f3ria de Job me comunicam. N\u00e3o h\u00e1 a certeza de termos resposta para tudo na nossa vida, incluindo quest\u00f5es como a dor, sofrimento e morte. Contudo, quando admitimos e verbalizamos a nossa fragilidade, encontramos Aquele que nunca nos deixou, n\u00e3o nos deixa, nem deixar\u00e1. Ele vai \u00e0 nossa frente, acompanha-nos e segue atr\u00e1s de n\u00f3s, encorajando-nos. Esta n\u00e3o \u00e9 \u2018conversa fiada\u2019 como costumamos dizer, mas \u00e9 a experi\u00eancia de muitos que t\u00eam colocado a Sua confian\u00e7a em Deus e decidiram encarar a vida com os Seus olhos, mesmo no meio da adversidade. Um desses casos \u00e9 o de Paulo que testemunhou, \u201cAlegro-me, portanto, com as fraquezas, as inj\u00farias, as priva\u00e7\u00f5es, as persegui\u00e7\u00f5es e as ang\u00fastias que passei por amor de Cristo. Pois quando me sinto fraco, ent\u00e3o \u00e9 que sou forte.\u201d (2 Cor. 12:10, BPT09)<span class=\"s1\">.<\/span><\/p>\n<p class=\"p1\">Num momento pessoal de particular dor e isolamento, as palavras de quem j\u00e1 tinha passado por doen\u00e7a, sofrimento e at\u00e9 morte, verbalizaram o meu sentir e me animaram com a certeza da companhia d\u2019Aquele que me tem como filha amada. Deixo essas palavras aqui no desejo que elas possam igualmente trazer conforto e \u00e2nimo a quem delas precise:<\/p>\n<p class=\"p1\">\u201cAinda que eu ande por um vale escuro como a morte, n\u00e3o terei medo de nada. Pois tu, \u00f3 Senhor Deus, est\u00e1s comigo; tu me proteges e me diriges.\u201d (Salmo 23:4, NTLH)<\/p>\n<p>[movedo_single_image image=&#8221;18253&#8243; animation=&#8221;grve-zoom-in&#8221;]<strong>Raquel A. Espinhal Pereira<br \/>\n<\/strong>Secret\u00e1ria acad\u00e9mica e professora em institui\u00e7\u00e3o b\u00edblica-teol\u00f3gica (www.eunc.edu).<\/p>\n","protected":false},"excerpt":{"rendered":"<p>Ao falar com algu\u00e9m recentemente sobre como enfrentamos a adversidade na vida, a figura de Job e as variadas quest\u00f5es que o relato b\u00edblico levantam vieram \u00e0 tona. O povo portugu\u00eas, com os seus muitos prov\u00e9rbios populares, refere-se geralmente a Job quando quer qualificar a paci\u00eancia, ou a falta dela, de algu\u00e9m. E talvez perante<\/p>\n","protected":false},"author":2,"featured_media":18257,"comment_status":"open","ping_status":"open","sticky":false,"template":"","format":"standard","meta":{"_uag_custom_page_level_css":"","_themeisle_gutenberg_block_has_review":false,"_vp_format_video_url":"","_vp_image_focal_point":[],"footnotes":""},"categories":[47],"tags":[],"class_list":["post-18252","post","type-post","status-publish","format-standard","has-post-thumbnail","hentry","category-mulheres-casais-e-familia"],"yoast_head":"<!-- This site is optimized with the Yoast SEO plugin v27.5 - https:\/\/yoast.com\/product\/yoast-seo-wordpress\/ -->\n<title>PACI\u00caNCIA DE JOB - AEP<\/title>\n<meta name=\"robots\" content=\"index, follow, max-snippet:-1, max-image-preview:large, max-video-preview:-1\" \/>\n<link rel=\"canonical\" href=\"https:\/\/aliancaevangelica.pt\/site\/paciencia-de-job\/\" \/>\n<meta property=\"og:locale\" content=\"pt_PT\" \/>\n<meta property=\"og:type\" content=\"article\" \/>\n<meta property=\"og:title\" content=\"PACI\u00caNCIA DE JOB - AEP\" \/>\n<meta property=\"og:description\" content=\"Ao falar com algu\u00e9m recentemente sobre como enfrentamos a adversidade na vida, a figura de Job e as variadas quest\u00f5es que o relato b\u00edblico levantam vieram \u00e0 tona. O povo portugu\u00eas, com os seus muitos prov\u00e9rbios populares, refere-se geralmente a Job quando quer qualificar a paci\u00eancia, ou a falta dela, de algu\u00e9m. E talvez perante\" \/>\n<meta property=\"og:url\" content=\"https:\/\/aliancaevangelica.pt\/site\/paciencia-de-job\/\" \/>\n<meta property=\"og:site_name\" content=\"AEP\" \/>\n<meta property=\"article:publisher\" content=\"http:\/\/facebook.com\/aeportuguesa\" \/>\n<meta property=\"article:author\" content=\"aeportugal\" \/>\n<meta property=\"article:published_time\" content=\"2020-05-15T08:00:27+00:00\" \/>\n<meta property=\"og:image\" content=\"https:\/\/aliancaevangelica.pt\/site\/wp-content\/uploads\/2020\/05\/Captura-de-ecra\u0303-2020-05-12-a\u0300s-23.05.57.png\" \/>\n\t<meta property=\"og:image:width\" content=\"956\" \/>\n\t<meta property=\"og:image:height\" content=\"635\" \/>\n\t<meta property=\"og:image:type\" content=\"image\/png\" \/>\n<meta name=\"author\" content=\"AEP\" \/>\n<meta name=\"twitter:card\" content=\"summary_large_image\" \/>\n<meta name=\"twitter:label1\" content=\"Escrito por\" \/>\n\t<meta name=\"twitter:data1\" content=\"AEP\" \/>\n\t<meta name=\"twitter:label2\" content=\"Tempo estimado de leitura\" \/>\n\t<meta name=\"twitter:data2\" content=\"4 minutos\" \/>\n<script type=\"application\/ld+json\" class=\"yoast-schema-graph\">{\"@context\":\"https:\\\/\\\/schema.org\",\"@graph\":[{\"@type\":\"Article\",\"@id\":\"https:\\\/\\\/aliancaevangelica.pt\\\/site\\\/paciencia-de-job\\\/#article\",\"isPartOf\":{\"@id\":\"https:\\\/\\\/aliancaevangelica.pt\\\/site\\\/paciencia-de-job\\\/\"},\"author\":{\"name\":\"AEP\",\"@id\":\"https:\\\/\\\/aliancaevangelica.pt\\\/site\\\/#\\\/schema\\\/person\\\/3b47cfc7535eff1e820f31c2d67eafcf\"},\"headline\":\"PACI\u00caNCIA DE JOB\",\"datePublished\":\"2020-05-15T08:00:27+00:00\",\"mainEntityOfPage\":{\"@id\":\"https:\\\/\\\/aliancaevangelica.pt\\\/site\\\/paciencia-de-job\\\/\"},\"wordCount\":757,\"commentCount\":0,\"publisher\":{\"@id\":\"https:\\\/\\\/aliancaevangelica.pt\\\/site\\\/#organization\"},\"image\":{\"@id\":\"https:\\\/\\\/aliancaevangelica.pt\\\/site\\\/paciencia-de-job\\\/#primaryimage\"},\"thumbnailUrl\":\"https:\\\/\\\/aliancaevangelica.pt\\\/site\\\/wp-content\\\/uploads\\\/2020\\\/05\\\/Captura-de-ecra\u0303-2020-05-12-a\u0300s-23.05.57.png\",\"articleSection\":[\"MULHERES, CASAIS E FAM\u00cdLIA\"],\"inLanguage\":\"pt-PT\",\"potentialAction\":[{\"@type\":\"CommentAction\",\"name\":\"Comment\",\"target\":[\"https:\\\/\\\/aliancaevangelica.pt\\\/site\\\/paciencia-de-job\\\/#respond\"]}]},{\"@type\":\"WebPage\",\"@id\":\"https:\\\/\\\/aliancaevangelica.pt\\\/site\\\/paciencia-de-job\\\/\",\"url\":\"https:\\\/\\\/aliancaevangelica.pt\\\/site\\\/paciencia-de-job\\\/\",\"name\":\"PACI\u00caNCIA DE JOB - AEP\",\"isPartOf\":{\"@id\":\"https:\\\/\\\/aliancaevangelica.pt\\\/site\\\/#website\"},\"primaryImageOfPage\":{\"@id\":\"https:\\\/\\\/aliancaevangelica.pt\\\/site\\\/paciencia-de-job\\\/#primaryimage\"},\"image\":{\"@id\":\"https:\\\/\\\/aliancaevangelica.pt\\\/site\\\/paciencia-de-job\\\/#primaryimage\"},\"thumbnailUrl\":\"https:\\\/\\\/aliancaevangelica.pt\\\/site\\\/wp-content\\\/uploads\\\/2020\\\/05\\\/Captura-de-ecra\u0303-2020-05-12-a\u0300s-23.05.57.png\",\"datePublished\":\"2020-05-15T08:00:27+00:00\",\"breadcrumb\":{\"@id\":\"https:\\\/\\\/aliancaevangelica.pt\\\/site\\\/paciencia-de-job\\\/#breadcrumb\"},\"inLanguage\":\"pt-PT\",\"potentialAction\":[{\"@type\":\"ReadAction\",\"target\":[\"https:\\\/\\\/aliancaevangelica.pt\\\/site\\\/paciencia-de-job\\\/\"]}]},{\"@type\":\"ImageObject\",\"inLanguage\":\"pt-PT\",\"@id\":\"https:\\\/\\\/aliancaevangelica.pt\\\/site\\\/paciencia-de-job\\\/#primaryimage\",\"url\":\"https:\\\/\\\/aliancaevangelica.pt\\\/site\\\/wp-content\\\/uploads\\\/2020\\\/05\\\/Captura-de-ecra\u0303-2020-05-12-a\u0300s-23.05.57.png\",\"contentUrl\":\"https:\\\/\\\/aliancaevangelica.pt\\\/site\\\/wp-content\\\/uploads\\\/2020\\\/05\\\/Captura-de-ecra\u0303-2020-05-12-a\u0300s-23.05.57.png\",\"width\":956,\"height\":635},{\"@type\":\"BreadcrumbList\",\"@id\":\"https:\\\/\\\/aliancaevangelica.pt\\\/site\\\/paciencia-de-job\\\/#breadcrumb\",\"itemListElement\":[{\"@type\":\"ListItem\",\"position\":1,\"name\":\"In\u00edcio\",\"item\":\"https:\\\/\\\/aliancaevangelica.pt\\\/site\\\/\"},{\"@type\":\"ListItem\",\"position\":2,\"name\":\"PACI\u00caNCIA DE JOB\"}]},{\"@type\":\"WebSite\",\"@id\":\"https:\\\/\\\/aliancaevangelica.pt\\\/site\\\/#website\",\"url\":\"https:\\\/\\\/aliancaevangelica.pt\\\/site\\\/\",\"name\":\"Alian\u00e7a Evang\u00e9lica Portuguesa\",\"description\":\"Alian\u00e7a Evang\u00e9lica Portuguesa\",\"publisher\":{\"@id\":\"https:\\\/\\\/aliancaevangelica.pt\\\/site\\\/#organization\"},\"potentialAction\":[{\"@type\":\"SearchAction\",\"target\":{\"@type\":\"EntryPoint\",\"urlTemplate\":\"https:\\\/\\\/aliancaevangelica.pt\\\/site\\\/?s={search_term_string}\"},\"query-input\":{\"@type\":\"PropertyValueSpecification\",\"valueRequired\":true,\"valueName\":\"search_term_string\"}}],\"inLanguage\":\"pt-PT\"},{\"@type\":\"Organization\",\"@id\":\"https:\\\/\\\/aliancaevangelica.pt\\\/site\\\/#organization\",\"name\":\"Alian\u00e7a Evang\u00e9lica Portuguesa\",\"url\":\"https:\\\/\\\/aliancaevangelica.pt\\\/site\\\/\",\"logo\":{\"@type\":\"ImageObject\",\"inLanguage\":\"pt-PT\",\"@id\":\"https:\\\/\\\/aliancaevangelica.pt\\\/site\\\/#\\\/schema\\\/logo\\\/image\\\/\",\"url\":\"https:\\\/\\\/aliancaevangelica.pt\\\/site\\\/wp-content\\\/uploads\\\/2017\\\/11\\\/logo-AEP-cor.png\",\"contentUrl\":\"https:\\\/\\\/aliancaevangelica.pt\\\/site\\\/wp-content\\\/uploads\\\/2017\\\/11\\\/logo-AEP-cor.png\",\"width\":1156,\"height\":672,\"caption\":\"Alian\u00e7a Evang\u00e9lica Portuguesa\"},\"image\":{\"@id\":\"https:\\\/\\\/aliancaevangelica.pt\\\/site\\\/#\\\/schema\\\/logo\\\/image\\\/\"},\"sameAs\":[\"http:\\\/\\\/facebook.com\\\/aeportuguesa\",\"http:\\\/\\\/instagram.com\\\/aliancaep\",\"http:\\\/\\\/youtube.com\\\/aeportuguesa\"]},{\"@type\":\"Person\",\"@id\":\"https:\\\/\\\/aliancaevangelica.pt\\\/site\\\/#\\\/schema\\\/person\\\/3b47cfc7535eff1e820f31c2d67eafcf\",\"name\":\"AEP\",\"sameAs\":[\"aeportugal\"],\"url\":\"https:\\\/\\\/aliancaevangelica.pt\\\/site\\\/author\\\/aeportugal\\\/\"}]}<\/script>\n<!-- \/ Yoast SEO plugin. -->","yoast_head_json":{"title":"PACI\u00caNCIA DE JOB - AEP","robots":{"index":"index","follow":"follow","max-snippet":"max-snippet:-1","max-image-preview":"max-image-preview:large","max-video-preview":"max-video-preview:-1"},"canonical":"https:\/\/aliancaevangelica.pt\/site\/paciencia-de-job\/","og_locale":"pt_PT","og_type":"article","og_title":"PACI\u00caNCIA DE JOB - AEP","og_description":"Ao falar com algu\u00e9m recentemente sobre como enfrentamos a adversidade na vida, a figura de Job e as variadas quest\u00f5es que o relato b\u00edblico levantam vieram \u00e0 tona. O povo portugu\u00eas, com os seus muitos prov\u00e9rbios populares, refere-se geralmente a Job quando quer qualificar a paci\u00eancia, ou a falta dela, de algu\u00e9m. E talvez perante","og_url":"https:\/\/aliancaevangelica.pt\/site\/paciencia-de-job\/","og_site_name":"AEP","article_publisher":"http:\/\/facebook.com\/aeportuguesa","article_author":"aeportugal","article_published_time":"2020-05-15T08:00:27+00:00","og_image":[{"width":956,"height":635,"url":"https:\/\/aliancaevangelica.pt\/site\/wp-content\/uploads\/2020\/05\/Captura-de-ecra\u0303-2020-05-12-a\u0300s-23.05.57.png","type":"image\/png"}],"author":"AEP","twitter_card":"summary_large_image","twitter_misc":{"Escrito por":"AEP","Tempo estimado de leitura":"4 minutos"},"schema":{"@context":"https:\/\/schema.org","@graph":[{"@type":"Article","@id":"https:\/\/aliancaevangelica.pt\/site\/paciencia-de-job\/#article","isPartOf":{"@id":"https:\/\/aliancaevangelica.pt\/site\/paciencia-de-job\/"},"author":{"name":"AEP","@id":"https:\/\/aliancaevangelica.pt\/site\/#\/schema\/person\/3b47cfc7535eff1e820f31c2d67eafcf"},"headline":"PACI\u00caNCIA DE JOB","datePublished":"2020-05-15T08:00:27+00:00","mainEntityOfPage":{"@id":"https:\/\/aliancaevangelica.pt\/site\/paciencia-de-job\/"},"wordCount":757,"commentCount":0,"publisher":{"@id":"https:\/\/aliancaevangelica.pt\/site\/#organization"},"image":{"@id":"https:\/\/aliancaevangelica.pt\/site\/paciencia-de-job\/#primaryimage"},"thumbnailUrl":"https:\/\/aliancaevangelica.pt\/site\/wp-content\/uploads\/2020\/05\/Captura-de-ecra\u0303-2020-05-12-a\u0300s-23.05.57.png","articleSection":["MULHERES, CASAIS E FAM\u00cdLIA"],"inLanguage":"pt-PT","potentialAction":[{"@type":"CommentAction","name":"Comment","target":["https:\/\/aliancaevangelica.pt\/site\/paciencia-de-job\/#respond"]}]},{"@type":"WebPage","@id":"https:\/\/aliancaevangelica.pt\/site\/paciencia-de-job\/","url":"https:\/\/aliancaevangelica.pt\/site\/paciencia-de-job\/","name":"PACI\u00caNCIA DE JOB - AEP","isPartOf":{"@id":"https:\/\/aliancaevangelica.pt\/site\/#website"},"primaryImageOfPage":{"@id":"https:\/\/aliancaevangelica.pt\/site\/paciencia-de-job\/#primaryimage"},"image":{"@id":"https:\/\/aliancaevangelica.pt\/site\/paciencia-de-job\/#primaryimage"},"thumbnailUrl":"https:\/\/aliancaevangelica.pt\/site\/wp-content\/uploads\/2020\/05\/Captura-de-ecra\u0303-2020-05-12-a\u0300s-23.05.57.png","datePublished":"2020-05-15T08:00:27+00:00","breadcrumb":{"@id":"https:\/\/aliancaevangelica.pt\/site\/paciencia-de-job\/#breadcrumb"},"inLanguage":"pt-PT","potentialAction":[{"@type":"ReadAction","target":["https:\/\/aliancaevangelica.pt\/site\/paciencia-de-job\/"]}]},{"@type":"ImageObject","inLanguage":"pt-PT","@id":"https:\/\/aliancaevangelica.pt\/site\/paciencia-de-job\/#primaryimage","url":"https:\/\/aliancaevangelica.pt\/site\/wp-content\/uploads\/2020\/05\/Captura-de-ecra\u0303-2020-05-12-a\u0300s-23.05.57.png","contentUrl":"https:\/\/aliancaevangelica.pt\/site\/wp-content\/uploads\/2020\/05\/Captura-de-ecra\u0303-2020-05-12-a\u0300s-23.05.57.png","width":956,"height":635},{"@type":"BreadcrumbList","@id":"https:\/\/aliancaevangelica.pt\/site\/paciencia-de-job\/#breadcrumb","itemListElement":[{"@type":"ListItem","position":1,"name":"In\u00edcio","item":"https:\/\/aliancaevangelica.pt\/site\/"},{"@type":"ListItem","position":2,"name":"PACI\u00caNCIA DE JOB"}]},{"@type":"WebSite","@id":"https:\/\/aliancaevangelica.pt\/site\/#website","url":"https:\/\/aliancaevangelica.pt\/site\/","name":"Alian\u00e7a Evang\u00e9lica Portuguesa","description":"Alian\u00e7a Evang\u00e9lica Portuguesa","publisher":{"@id":"https:\/\/aliancaevangelica.pt\/site\/#organization"},"potentialAction":[{"@type":"SearchAction","target":{"@type":"EntryPoint","urlTemplate":"https:\/\/aliancaevangelica.pt\/site\/?s={search_term_string}"},"query-input":{"@type":"PropertyValueSpecification","valueRequired":true,"valueName":"search_term_string"}}],"inLanguage":"pt-PT"},{"@type":"Organization","@id":"https:\/\/aliancaevangelica.pt\/site\/#organization","name":"Alian\u00e7a Evang\u00e9lica Portuguesa","url":"https:\/\/aliancaevangelica.pt\/site\/","logo":{"@type":"ImageObject","inLanguage":"pt-PT","@id":"https:\/\/aliancaevangelica.pt\/site\/#\/schema\/logo\/image\/","url":"https:\/\/aliancaevangelica.pt\/site\/wp-content\/uploads\/2017\/11\/logo-AEP-cor.png","contentUrl":"https:\/\/aliancaevangelica.pt\/site\/wp-content\/uploads\/2017\/11\/logo-AEP-cor.png","width":1156,"height":672,"caption":"Alian\u00e7a Evang\u00e9lica Portuguesa"},"image":{"@id":"https:\/\/aliancaevangelica.pt\/site\/#\/schema\/logo\/image\/"},"sameAs":["http:\/\/facebook.com\/aeportuguesa","http:\/\/instagram.com\/aliancaep","http:\/\/youtube.com\/aeportuguesa"]},{"@type":"Person","@id":"https:\/\/aliancaevangelica.pt\/site\/#\/schema\/person\/3b47cfc7535eff1e820f31c2d67eafcf","name":"AEP","sameAs":["aeportugal"],"url":"https:\/\/aliancaevangelica.pt\/site\/author\/aeportugal\/"}]}},"uagb_featured_image_src":{"full":["https:\/\/aliancaevangelica.pt\/site\/wp-content\/uploads\/2020\/05\/Captura-de-ecra\u0303-2020-05-12-a\u0300s-23.05.57.png",956,635,false],"thumbnail":["https:\/\/aliancaevangelica.pt\/site\/wp-content\/uploads\/2020\/05\/Captura-de-ecra\u0303-2020-05-12-a\u0300s-23.05.57-150x150.png",150,150,true],"medium":["https:\/\/aliancaevangelica.pt\/site\/wp-content\/uploads\/2020\/05\/Captura-de-ecra\u0303-2020-05-12-a\u0300s-23.05.57-300x199.png",300,199,true],"medium_large":["https:\/\/aliancaevangelica.pt\/site\/wp-content\/uploads\/2020\/05\/Captura-de-ecra\u0303-2020-05-12-a\u0300s-23.05.57-768x510.png",768,510,true],"large":["https:\/\/aliancaevangelica.pt\/site\/wp-content\/uploads\/2020\/05\/Captura-de-ecra\u0303-2020-05-12-a\u0300s-23.05.57.png",956,635,false],"1536x1536":["https:\/\/aliancaevangelica.pt\/site\/wp-content\/uploads\/2020\/05\/Captura-de-ecra\u0303-2020-05-12-a\u0300s-23.05.57.png",956,635,false],"2048x2048":["https:\/\/aliancaevangelica.pt\/site\/wp-content\/uploads\/2020\/05\/Captura-de-ecra\u0303-2020-05-12-a\u0300s-23.05.57.png",956,635,false],"vp_sm":["https:\/\/aliancaevangelica.pt\/site\/wp-content\/uploads\/2020\/05\/Captura-de-ecra\u0303-2020-05-12-a\u0300s-23.05.57.png",500,332,false],"vp_md":["https:\/\/aliancaevangelica.pt\/site\/wp-content\/uploads\/2020\/05\/Captura-de-ecra\u0303-2020-05-12-a\u0300s-23.05.57.png",800,531,false],"vp_lg":["https:\/\/aliancaevangelica.pt\/site\/wp-content\/uploads\/2020\/05\/Captura-de-ecra\u0303-2020-05-12-a\u0300s-23.05.57.png",956,635,false],"vp_xl":["https:\/\/aliancaevangelica.pt\/site\/wp-content\/uploads\/2020\/05\/Captura-de-ecra\u0303-2020-05-12-a\u0300s-23.05.57.png",956,635,false],"vp_sm_popup":["https:\/\/aliancaevangelica.pt\/site\/wp-content\/uploads\/2020\/05\/Captura-de-ecra\u0303-2020-05-12-a\u0300s-23.05.57.png",500,332,false],"vp_md_popup":["https:\/\/aliancaevangelica.pt\/site\/wp-content\/uploads\/2020\/05\/Captura-de-ecra\u0303-2020-05-12-a\u0300s-23.05.57.png",800,531,false],"vp_xl_popup":["https:\/\/aliancaevangelica.pt\/site\/wp-content\/uploads\/2020\/05\/Captura-de-ecra\u0303-2020-05-12-a\u0300s-23.05.57.png",956,635,false],"newsx-150x100":["https:\/\/aliancaevangelica.pt\/site\/wp-content\/uploads\/2020\/05\/Captura-de-ecra\u0303-2020-05-12-a\u0300s-23.05.57.png",150,100,false],"newsx-330x220":["https:\/\/aliancaevangelica.pt\/site\/wp-content\/uploads\/2020\/05\/Captura-de-ecra\u0303-2020-05-12-a\u0300s-23.05.57.png",330,220,false],"newsx-420x280":["https:\/\/aliancaevangelica.pt\/site\/wp-content\/uploads\/2020\/05\/Captura-de-ecra\u0303-2020-05-12-a\u0300s-23.05.57.png",420,280,false],"newsx-510x340":["https:\/\/aliancaevangelica.pt\/site\/wp-content\/uploads\/2020\/05\/Captura-de-ecra\u0303-2020-05-12-a\u0300s-23.05.57.png",510,340,false],"newsx-640x480":["https:\/\/aliancaevangelica.pt\/site\/wp-content\/uploads\/2020\/05\/Captura-de-ecra\u0303-2020-05-12-a\u0300s-23.05.57.png",640,425,false],"newsx-670x370":["https:\/\/aliancaevangelica.pt\/site\/wp-content\/uploads\/2020\/05\/Captura-de-ecra\u0303-2020-05-12-a\u0300s-23.05.57.png",557,370,false],"newsx-860x570":["https:\/\/aliancaevangelica.pt\/site\/wp-content\/uploads\/2020\/05\/Captura-de-ecra\u0303-2020-05-12-a\u0300s-23.05.57.png",858,570,false],"newsx-1000x750":["https:\/\/aliancaevangelica.pt\/site\/wp-content\/uploads\/2020\/05\/Captura-de-ecra\u0303-2020-05-12-a\u0300s-23.05.57.png",956,635,false],"newsx-1200x600":["https:\/\/aliancaevangelica.pt\/site\/wp-content\/uploads\/2020\/05\/Captura-de-ecra\u0303-2020-05-12-a\u0300s-23.05.57.png",903,600,false]},"uagb_author_info":{"display_name":"AEP","author_link":"https:\/\/aliancaevangelica.pt\/site\/author\/aeportugal\/"},"uagb_comment_info":0,"uagb_excerpt":"Ao falar com algu\u00e9m recentemente sobre como enfrentamos a adversidade na vida, a figura de Job e as variadas quest\u00f5es que o relato b\u00edblico levantam vieram \u00e0 tona. O povo portugu\u00eas, com os seus muitos prov\u00e9rbios populares, refere-se geralmente a Job quando quer qualificar a paci\u00eancia, ou a falta dela, de algu\u00e9m. E talvez perante","_links":{"self":[{"href":"https:\/\/aliancaevangelica.pt\/site\/wp-json\/wp\/v2\/posts\/18252","targetHints":{"allow":["GET"]}}],"collection":[{"href":"https:\/\/aliancaevangelica.pt\/site\/wp-json\/wp\/v2\/posts"}],"about":[{"href":"https:\/\/aliancaevangelica.pt\/site\/wp-json\/wp\/v2\/types\/post"}],"author":[{"embeddable":true,"href":"https:\/\/aliancaevangelica.pt\/site\/wp-json\/wp\/v2\/users\/2"}],"replies":[{"embeddable":true,"href":"https:\/\/aliancaevangelica.pt\/site\/wp-json\/wp\/v2\/comments?post=18252"}],"version-history":[{"count":4,"href":"https:\/\/aliancaevangelica.pt\/site\/wp-json\/wp\/v2\/posts\/18252\/revisions"}],"predecessor-version":[{"id":18258,"href":"https:\/\/aliancaevangelica.pt\/site\/wp-json\/wp\/v2\/posts\/18252\/revisions\/18258"}],"wp:featuredmedia":[{"embeddable":true,"href":"https:\/\/aliancaevangelica.pt\/site\/wp-json\/wp\/v2\/media\/18257"}],"wp:attachment":[{"href":"https:\/\/aliancaevangelica.pt\/site\/wp-json\/wp\/v2\/media?parent=18252"}],"wp:term":[{"taxonomy":"category","embeddable":true,"href":"https:\/\/aliancaevangelica.pt\/site\/wp-json\/wp\/v2\/categories?post=18252"},{"taxonomy":"post_tag","embeddable":true,"href":"https:\/\/aliancaevangelica.pt\/site\/wp-json\/wp\/v2\/tags?post=18252"}],"curies":[{"name":"wp","href":"https:\/\/api.w.org\/{rel}","templated":true}]}}