{"id":18167,"date":"2020-04-19T18:00:32","date_gmt":"2020-04-19T18:00:32","guid":{"rendered":"https:\/\/aliancaevangelica.pt\/site\/?p=18167"},"modified":"2020-04-19T18:00:32","modified_gmt":"2020-04-19T18:00:32","slug":"moises-gomes-1937-2020","status":"publish","type":"post","link":"https:\/\/aliancaevangelica.pt\/site\/moises-gomes-1937-2020\/","title":{"rendered":"MOIS\u00c9S GOMES (1937-2020)"},"content":{"rendered":"<p class=\"p1\"><span class=\"s1\">Mois\u00e9s dos Santos Gomes nasceu a 1 de Julho de 1937, em Leiria, terceiro de oito filhos do casal Fabr\u00edcio e Piedade Gomes, membros da Igreja Baptista de Leiria. Numa fam\u00edlia de parcos recursos, Mois\u00e9s conciliava os estudos com o aux\u00edlio ao pai na oficina de autom\u00f3veis.<\/span><\/p>\n<p class=\"p1\"><span class=\"s1\">Aos 19 anos, desafiado por Jo\u00e3o Jorge de Oliveira , um dos pastores e mission\u00e1rios batistas pioneiros em Portugal, viaja para os Estados Unidos para estudar engenharia mec\u00e2nica no LeTourneau College, no Texas, curso que n\u00e3o chega a concluir.<\/span><\/p>\n<p class=\"p1\"><span class=\"s1\">Tendo decidido dedicar-se inteiramente ao servi\u00e7o crist\u00e3o, Mois\u00e9s estuda human\u00edsticas (Southwest Baptist University, Missouri) e psicologia (Oklahoma Baptist University), para posteriormente obter o grau de mestre em divindades (Southwestern Baptist Theological Seminary, Texas), iniciando mais tarde o doutoramento em Teologia (Dallas Theological Seminary, Texas).<\/span><\/p>\n<p class=\"p1\"><span class=\"s1\">A 28 de Agosto de 1965 casa com Rosemary Lee Starkey, enfermeira que se tinha voluntariado para ser mission\u00e1ria em \u00c1frica.<\/span><\/p>\n<p class=\"p1\"><span class=\"s1\">Em 1967, desafiado por Samuel Faircloth, que fundara entretanto o Movimento Promotor de Evangeliza\u00e7\u00e3o, regressa a Portugal para dirigir o trabalho da Mocidade para Cristo (Youth for Christ). Com fortes liga\u00e7\u00f5es ao movimento de evangeliza\u00e7\u00e3o mundial iniciado por Billy Graham, nos Estados Unidos, a Mocidade para Cristo tinha sido estabelecida em Portugal em meados dos anos 1950, mas s\u00f3 com Mois\u00e9s Gomes veio a adquirir estrutura e atividade regular. Entre muitas iniciativas que mobilizaram a juventude evang\u00e9lica em Portugal, ao longo de 23 anos, Gomes organizou campos b\u00edblicos, inicialmente em \u00c1gua de Madeiros e durante duas d\u00e9cadas em Vila Nova de Milfontes, no Acampamento Caravela, espa\u00e7o propriedade da TEAM (The Evangelical Alliance Mission), que ali tamb\u00e9m promovia os seus campos b\u00edblicos. Sendo um minist\u00e9rio interdenominacional, o trabalho da Mocidade para Cristo reunia ao longo de todo ano jovens de diversos ramos do meio evang\u00e9lico portugu\u00eas, espalhados por todo o pa\u00eds.<\/span><\/p>\n<p class=\"p1\"><span class=\"s1\">Ao deixar o trabalho da Mocidade para Cristo, Mois\u00e9s Gomes assume em 1990 o pastorado da Igreja Baptista de Alcoba\u00e7a que acumular\u00e1 durante alguns anos com o da Igreja Baptista da Nazar\u00e9. Em Alcoba\u00e7a dedica-se \u00e0 evangeliza\u00e7\u00e3o e ao trabalho social com crian\u00e7as, criando em 1993 a Funda\u00e7\u00e3o Vida Nova. Permanece como pastor da igreja at\u00e9 2009.<\/span><\/p>\n<p class=\"p1\"><span class=\"s1\">\u00c9 eleito para o tri\u00e9nio 1999-2001 presidente da Alian\u00e7a Evang\u00e9lica Portuguesa , sucedendo a Jos\u00e9 Dias Bravo. Foi ainda professor do Semin\u00e1rio Teol\u00f3gico Baptista e do Instituto B\u00edblico Portugu\u00eas, lecionando diversas disciplinas nas \u00e1reas de evangeliza\u00e7\u00e3o e aconselhamento. Foi ainda membro da direc\u00e7\u00e3o da Sociedade B\u00edblica de Portugal.<\/span><\/p>\n<p class=\"p1\"><span class=\"s1\">Mois\u00e9s dos Santos Gomes faleceu a 18 de Abril de 2020, em Kalamazoo, nos Estados Unidos, onde residia desde a sua aposenta\u00e7\u00e3o.<\/span><\/p>\n<p class=\"p3\"><span class=\"s1\"><i>Sociedade Portuguesa da Hist\u00f3ria do Protestantismo<\/i><br \/>\n<a href=\"http:\/\/www.sphp.pt\"><span class=\"s2\">www.sphp.pt<\/span><\/a><\/span><\/p>\n","protected":false},"excerpt":{"rendered":"<p>Mois\u00e9s dos Santos Gomes nasceu a 1 de Julho de 1937, em Leiria, terceiro de oito filhos do casal Fabr\u00edcio e Piedade Gomes, membros da Igreja Baptista de Leiria. Numa fam\u00edlia de parcos recursos, Mois\u00e9s conciliava os estudos com o aux\u00edlio ao pai na oficina de autom\u00f3veis. Aos 19 anos, desafiado por Jo\u00e3o Jorge de<\/p>\n","protected":false},"author":2,"featured_media":18168,"comment_status":"open","ping_status":"open","sticky":false,"template":"","format":"standard","meta":{"_uag_custom_page_level_css":"","_themeisle_gutenberg_block_has_review":false,"_vp_format_video_url":"","_vp_image_focal_point":[],"footnotes":""},"categories":[45],"tags":[147],"class_list":["post-18167","post","type-post","status-publish","format-standard","has-post-thumbnail","hentry","category-geral","tag-biografias"],"yoast_head":"<!-- This site is optimized with the Yoast SEO plugin v27.5 - https:\/\/yoast.com\/product\/yoast-seo-wordpress\/ -->\n<title>MOIS\u00c9S GOMES (1937-2020) - AEP<\/title>\n<meta name=\"robots\" content=\"index, follow, max-snippet:-1, max-image-preview:large, max-video-preview:-1\" \/>\n<link rel=\"canonical\" href=\"https:\/\/aliancaevangelica.pt\/site\/moises-gomes-1937-2020\/\" \/>\n<meta property=\"og:locale\" content=\"pt_PT\" \/>\n<meta property=\"og:type\" content=\"article\" \/>\n<meta property=\"og:title\" content=\"MOIS\u00c9S GOMES (1937-2020) - AEP\" \/>\n<meta property=\"og:description\" content=\"Mois\u00e9s dos Santos Gomes nasceu a 1 de Julho de 1937, em Leiria, terceiro de oito filhos do casal Fabr\u00edcio e Piedade Gomes, membros da Igreja Baptista de Leiria. Numa fam\u00edlia de parcos recursos, Mois\u00e9s conciliava os estudos com o aux\u00edlio ao pai na oficina de autom\u00f3veis. Aos 19 anos, desafiado por Jo\u00e3o Jorge de\" \/>\n<meta property=\"og:url\" content=\"https:\/\/aliancaevangelica.pt\/site\/moises-gomes-1937-2020\/\" \/>\n<meta property=\"og:site_name\" content=\"AEP\" \/>\n<meta property=\"article:publisher\" content=\"http:\/\/facebook.com\/aeportuguesa\" \/>\n<meta property=\"article:author\" content=\"aeportugal\" \/>\n<meta property=\"article:published_time\" content=\"2020-04-19T18:00:32+00:00\" \/>\n<meta property=\"og:image\" content=\"https:\/\/aliancaevangelica.pt\/site\/wp-content\/uploads\/2020\/04\/WhatsApp-Image-2020-04-19-at-14.02.26.jpeg\" \/>\n\t<meta property=\"og:image:width\" content=\"240\" \/>\n\t<meta property=\"og:image:height\" content=\"240\" \/>\n\t<meta property=\"og:image:type\" content=\"image\/jpeg\" \/>\n<meta name=\"author\" content=\"AEP\" \/>\n<meta name=\"twitter:card\" content=\"summary_large_image\" \/>\n<meta name=\"twitter:label1\" content=\"Escrito por\" \/>\n\t<meta name=\"twitter:data1\" content=\"AEP\" \/>\n\t<meta name=\"twitter:label2\" content=\"Tempo estimado de leitura\" \/>\n\t<meta name=\"twitter:data2\" content=\"2 minutos\" \/>\n<script type=\"application\/ld+json\" class=\"yoast-schema-graph\">{\"@context\":\"https:\\\/\\\/schema.org\",\"@graph\":[{\"@type\":\"Article\",\"@id\":\"https:\\\/\\\/aliancaevangelica.pt\\\/site\\\/moises-gomes-1937-2020\\\/#article\",\"isPartOf\":{\"@id\":\"https:\\\/\\\/aliancaevangelica.pt\\\/site\\\/moises-gomes-1937-2020\\\/\"},\"author\":{\"name\":\"AEP\",\"@id\":\"https:\\\/\\\/aliancaevangelica.pt\\\/site\\\/#\\\/schema\\\/person\\\/3b47cfc7535eff1e820f31c2d67eafcf\"},\"headline\":\"MOIS\u00c9S GOMES (1937-2020)\",\"datePublished\":\"2020-04-19T18:00:32+00:00\",\"mainEntityOfPage\":{\"@id\":\"https:\\\/\\\/aliancaevangelica.pt\\\/site\\\/moises-gomes-1937-2020\\\/\"},\"wordCount\":472,\"commentCount\":0,\"publisher\":{\"@id\":\"https:\\\/\\\/aliancaevangelica.pt\\\/site\\\/#organization\"},\"image\":{\"@id\":\"https:\\\/\\\/aliancaevangelica.pt\\\/site\\\/moises-gomes-1937-2020\\\/#primaryimage\"},\"thumbnailUrl\":\"https:\\\/\\\/aliancaevangelica.pt\\\/site\\\/wp-content\\\/uploads\\\/2020\\\/04\\\/WhatsApp-Image-2020-04-19-at-14.02.26.jpeg\",\"keywords\":[\"Biografias\"],\"articleSection\":[\"1-Geral\"],\"inLanguage\":\"pt-PT\",\"potentialAction\":[{\"@type\":\"CommentAction\",\"name\":\"Comment\",\"target\":[\"https:\\\/\\\/aliancaevangelica.pt\\\/site\\\/moises-gomes-1937-2020\\\/#respond\"]}]},{\"@type\":\"WebPage\",\"@id\":\"https:\\\/\\\/aliancaevangelica.pt\\\/site\\\/moises-gomes-1937-2020\\\/\",\"url\":\"https:\\\/\\\/aliancaevangelica.pt\\\/site\\\/moises-gomes-1937-2020\\\/\",\"name\":\"MOIS\u00c9S GOMES (1937-2020) - AEP\",\"isPartOf\":{\"@id\":\"https:\\\/\\\/aliancaevangelica.pt\\\/site\\\/#website\"},\"primaryImageOfPage\":{\"@id\":\"https:\\\/\\\/aliancaevangelica.pt\\\/site\\\/moises-gomes-1937-2020\\\/#primaryimage\"},\"image\":{\"@id\":\"https:\\\/\\\/aliancaevangelica.pt\\\/site\\\/moises-gomes-1937-2020\\\/#primaryimage\"},\"thumbnailUrl\":\"https:\\\/\\\/aliancaevangelica.pt\\\/site\\\/wp-content\\\/uploads\\\/2020\\\/04\\\/WhatsApp-Image-2020-04-19-at-14.02.26.jpeg\",\"datePublished\":\"2020-04-19T18:00:32+00:00\",\"breadcrumb\":{\"@id\":\"https:\\\/\\\/aliancaevangelica.pt\\\/site\\\/moises-gomes-1937-2020\\\/#breadcrumb\"},\"inLanguage\":\"pt-PT\",\"potentialAction\":[{\"@type\":\"ReadAction\",\"target\":[\"https:\\\/\\\/aliancaevangelica.pt\\\/site\\\/moises-gomes-1937-2020\\\/\"]}]},{\"@type\":\"ImageObject\",\"inLanguage\":\"pt-PT\",\"@id\":\"https:\\\/\\\/aliancaevangelica.pt\\\/site\\\/moises-gomes-1937-2020\\\/#primaryimage\",\"url\":\"https:\\\/\\\/aliancaevangelica.pt\\\/site\\\/wp-content\\\/uploads\\\/2020\\\/04\\\/WhatsApp-Image-2020-04-19-at-14.02.26.jpeg\",\"contentUrl\":\"https:\\\/\\\/aliancaevangelica.pt\\\/site\\\/wp-content\\\/uploads\\\/2020\\\/04\\\/WhatsApp-Image-2020-04-19-at-14.02.26.jpeg\",\"width\":240,\"height\":240},{\"@type\":\"BreadcrumbList\",\"@id\":\"https:\\\/\\\/aliancaevangelica.pt\\\/site\\\/moises-gomes-1937-2020\\\/#breadcrumb\",\"itemListElement\":[{\"@type\":\"ListItem\",\"position\":1,\"name\":\"In\u00edcio\",\"item\":\"https:\\\/\\\/aliancaevangelica.pt\\\/site\\\/\"},{\"@type\":\"ListItem\",\"position\":2,\"name\":\"MOIS\u00c9S GOMES (1937-2020)\"}]},{\"@type\":\"WebSite\",\"@id\":\"https:\\\/\\\/aliancaevangelica.pt\\\/site\\\/#website\",\"url\":\"https:\\\/\\\/aliancaevangelica.pt\\\/site\\\/\",\"name\":\"Alian\u00e7a Evang\u00e9lica Portuguesa\",\"description\":\"Alian\u00e7a Evang\u00e9lica Portuguesa\",\"publisher\":{\"@id\":\"https:\\\/\\\/aliancaevangelica.pt\\\/site\\\/#organization\"},\"potentialAction\":[{\"@type\":\"SearchAction\",\"target\":{\"@type\":\"EntryPoint\",\"urlTemplate\":\"https:\\\/\\\/aliancaevangelica.pt\\\/site\\\/?s={search_term_string}\"},\"query-input\":{\"@type\":\"PropertyValueSpecification\",\"valueRequired\":true,\"valueName\":\"search_term_string\"}}],\"inLanguage\":\"pt-PT\"},{\"@type\":\"Organization\",\"@id\":\"https:\\\/\\\/aliancaevangelica.pt\\\/site\\\/#organization\",\"name\":\"Alian\u00e7a Evang\u00e9lica Portuguesa\",\"url\":\"https:\\\/\\\/aliancaevangelica.pt\\\/site\\\/\",\"logo\":{\"@type\":\"ImageObject\",\"inLanguage\":\"pt-PT\",\"@id\":\"https:\\\/\\\/aliancaevangelica.pt\\\/site\\\/#\\\/schema\\\/logo\\\/image\\\/\",\"url\":\"https:\\\/\\\/aliancaevangelica.pt\\\/site\\\/wp-content\\\/uploads\\\/2017\\\/11\\\/logo-AEP-cor.png\",\"contentUrl\":\"https:\\\/\\\/aliancaevangelica.pt\\\/site\\\/wp-content\\\/uploads\\\/2017\\\/11\\\/logo-AEP-cor.png\",\"width\":1156,\"height\":672,\"caption\":\"Alian\u00e7a Evang\u00e9lica Portuguesa\"},\"image\":{\"@id\":\"https:\\\/\\\/aliancaevangelica.pt\\\/site\\\/#\\\/schema\\\/logo\\\/image\\\/\"},\"sameAs\":[\"http:\\\/\\\/facebook.com\\\/aeportuguesa\",\"http:\\\/\\\/instagram.com\\\/aliancaep\",\"http:\\\/\\\/youtube.com\\\/aeportuguesa\"]},{\"@type\":\"Person\",\"@id\":\"https:\\\/\\\/aliancaevangelica.pt\\\/site\\\/#\\\/schema\\\/person\\\/3b47cfc7535eff1e820f31c2d67eafcf\",\"name\":\"AEP\",\"sameAs\":[\"aeportugal\"],\"url\":\"https:\\\/\\\/aliancaevangelica.pt\\\/site\\\/author\\\/aeportugal\\\/\"}]}<\/script>\n<!-- \/ Yoast SEO plugin. -->","yoast_head_json":{"title":"MOIS\u00c9S GOMES (1937-2020) - AEP","robots":{"index":"index","follow":"follow","max-snippet":"max-snippet:-1","max-image-preview":"max-image-preview:large","max-video-preview":"max-video-preview:-1"},"canonical":"https:\/\/aliancaevangelica.pt\/site\/moises-gomes-1937-2020\/","og_locale":"pt_PT","og_type":"article","og_title":"MOIS\u00c9S GOMES (1937-2020) - AEP","og_description":"Mois\u00e9s dos Santos Gomes nasceu a 1 de Julho de 1937, em Leiria, terceiro de oito filhos do casal Fabr\u00edcio e Piedade Gomes, membros da Igreja Baptista de Leiria. Numa fam\u00edlia de parcos recursos, Mois\u00e9s conciliava os estudos com o aux\u00edlio ao pai na oficina de autom\u00f3veis. Aos 19 anos, desafiado por Jo\u00e3o Jorge de","og_url":"https:\/\/aliancaevangelica.pt\/site\/moises-gomes-1937-2020\/","og_site_name":"AEP","article_publisher":"http:\/\/facebook.com\/aeportuguesa","article_author":"aeportugal","article_published_time":"2020-04-19T18:00:32+00:00","og_image":[{"width":240,"height":240,"url":"https:\/\/aliancaevangelica.pt\/site\/wp-content\/uploads\/2020\/04\/WhatsApp-Image-2020-04-19-at-14.02.26.jpeg","type":"image\/jpeg"}],"author":"AEP","twitter_card":"summary_large_image","twitter_misc":{"Escrito por":"AEP","Tempo estimado de leitura":"2 minutos"},"schema":{"@context":"https:\/\/schema.org","@graph":[{"@type":"Article","@id":"https:\/\/aliancaevangelica.pt\/site\/moises-gomes-1937-2020\/#article","isPartOf":{"@id":"https:\/\/aliancaevangelica.pt\/site\/moises-gomes-1937-2020\/"},"author":{"name":"AEP","@id":"https:\/\/aliancaevangelica.pt\/site\/#\/schema\/person\/3b47cfc7535eff1e820f31c2d67eafcf"},"headline":"MOIS\u00c9S GOMES (1937-2020)","datePublished":"2020-04-19T18:00:32+00:00","mainEntityOfPage":{"@id":"https:\/\/aliancaevangelica.pt\/site\/moises-gomes-1937-2020\/"},"wordCount":472,"commentCount":0,"publisher":{"@id":"https:\/\/aliancaevangelica.pt\/site\/#organization"},"image":{"@id":"https:\/\/aliancaevangelica.pt\/site\/moises-gomes-1937-2020\/#primaryimage"},"thumbnailUrl":"https:\/\/aliancaevangelica.pt\/site\/wp-content\/uploads\/2020\/04\/WhatsApp-Image-2020-04-19-at-14.02.26.jpeg","keywords":["Biografias"],"articleSection":["1-Geral"],"inLanguage":"pt-PT","potentialAction":[{"@type":"CommentAction","name":"Comment","target":["https:\/\/aliancaevangelica.pt\/site\/moises-gomes-1937-2020\/#respond"]}]},{"@type":"WebPage","@id":"https:\/\/aliancaevangelica.pt\/site\/moises-gomes-1937-2020\/","url":"https:\/\/aliancaevangelica.pt\/site\/moises-gomes-1937-2020\/","name":"MOIS\u00c9S GOMES (1937-2020) - AEP","isPartOf":{"@id":"https:\/\/aliancaevangelica.pt\/site\/#website"},"primaryImageOfPage":{"@id":"https:\/\/aliancaevangelica.pt\/site\/moises-gomes-1937-2020\/#primaryimage"},"image":{"@id":"https:\/\/aliancaevangelica.pt\/site\/moises-gomes-1937-2020\/#primaryimage"},"thumbnailUrl":"https:\/\/aliancaevangelica.pt\/site\/wp-content\/uploads\/2020\/04\/WhatsApp-Image-2020-04-19-at-14.02.26.jpeg","datePublished":"2020-04-19T18:00:32+00:00","breadcrumb":{"@id":"https:\/\/aliancaevangelica.pt\/site\/moises-gomes-1937-2020\/#breadcrumb"},"inLanguage":"pt-PT","potentialAction":[{"@type":"ReadAction","target":["https:\/\/aliancaevangelica.pt\/site\/moises-gomes-1937-2020\/"]}]},{"@type":"ImageObject","inLanguage":"pt-PT","@id":"https:\/\/aliancaevangelica.pt\/site\/moises-gomes-1937-2020\/#primaryimage","url":"https:\/\/aliancaevangelica.pt\/site\/wp-content\/uploads\/2020\/04\/WhatsApp-Image-2020-04-19-at-14.02.26.jpeg","contentUrl":"https:\/\/aliancaevangelica.pt\/site\/wp-content\/uploads\/2020\/04\/WhatsApp-Image-2020-04-19-at-14.02.26.jpeg","width":240,"height":240},{"@type":"BreadcrumbList","@id":"https:\/\/aliancaevangelica.pt\/site\/moises-gomes-1937-2020\/#breadcrumb","itemListElement":[{"@type":"ListItem","position":1,"name":"In\u00edcio","item":"https:\/\/aliancaevangelica.pt\/site\/"},{"@type":"ListItem","position":2,"name":"MOIS\u00c9S GOMES (1937-2020)"}]},{"@type":"WebSite","@id":"https:\/\/aliancaevangelica.pt\/site\/#website","url":"https:\/\/aliancaevangelica.pt\/site\/","name":"Alian\u00e7a Evang\u00e9lica Portuguesa","description":"Alian\u00e7a Evang\u00e9lica Portuguesa","publisher":{"@id":"https:\/\/aliancaevangelica.pt\/site\/#organization"},"potentialAction":[{"@type":"SearchAction","target":{"@type":"EntryPoint","urlTemplate":"https:\/\/aliancaevangelica.pt\/site\/?s={search_term_string}"},"query-input":{"@type":"PropertyValueSpecification","valueRequired":true,"valueName":"search_term_string"}}],"inLanguage":"pt-PT"},{"@type":"Organization","@id":"https:\/\/aliancaevangelica.pt\/site\/#organization","name":"Alian\u00e7a Evang\u00e9lica Portuguesa","url":"https:\/\/aliancaevangelica.pt\/site\/","logo":{"@type":"ImageObject","inLanguage":"pt-PT","@id":"https:\/\/aliancaevangelica.pt\/site\/#\/schema\/logo\/image\/","url":"https:\/\/aliancaevangelica.pt\/site\/wp-content\/uploads\/2017\/11\/logo-AEP-cor.png","contentUrl":"https:\/\/aliancaevangelica.pt\/site\/wp-content\/uploads\/2017\/11\/logo-AEP-cor.png","width":1156,"height":672,"caption":"Alian\u00e7a Evang\u00e9lica Portuguesa"},"image":{"@id":"https:\/\/aliancaevangelica.pt\/site\/#\/schema\/logo\/image\/"},"sameAs":["http:\/\/facebook.com\/aeportuguesa","http:\/\/instagram.com\/aliancaep","http:\/\/youtube.com\/aeportuguesa"]},{"@type":"Person","@id":"https:\/\/aliancaevangelica.pt\/site\/#\/schema\/person\/3b47cfc7535eff1e820f31c2d67eafcf","name":"AEP","sameAs":["aeportugal"],"url":"https:\/\/aliancaevangelica.pt\/site\/author\/aeportugal\/"}]}},"uagb_featured_image_src":{"full":["https:\/\/aliancaevangelica.pt\/site\/wp-content\/uploads\/2020\/04\/WhatsApp-Image-2020-04-19-at-14.02.26.jpeg",240,240,false],"thumbnail":["https:\/\/aliancaevangelica.pt\/site\/wp-content\/uploads\/2020\/04\/WhatsApp-Image-2020-04-19-at-14.02.26-150x150.jpeg",150,150,true],"medium":["https:\/\/aliancaevangelica.pt\/site\/wp-content\/uploads\/2020\/04\/WhatsApp-Image-2020-04-19-at-14.02.26.jpeg",240,240,false],"medium_large":["https:\/\/aliancaevangelica.pt\/site\/wp-content\/uploads\/2020\/04\/WhatsApp-Image-2020-04-19-at-14.02.26.jpeg",240,240,false],"large":["https:\/\/aliancaevangelica.pt\/site\/wp-content\/uploads\/2020\/04\/WhatsApp-Image-2020-04-19-at-14.02.26.jpeg",240,240,false],"1536x1536":["https:\/\/aliancaevangelica.pt\/site\/wp-content\/uploads\/2020\/04\/WhatsApp-Image-2020-04-19-at-14.02.26.jpeg",240,240,false],"2048x2048":["https:\/\/aliancaevangelica.pt\/site\/wp-content\/uploads\/2020\/04\/WhatsApp-Image-2020-04-19-at-14.02.26.jpeg",240,240,false],"vp_sm":["https:\/\/aliancaevangelica.pt\/site\/wp-content\/uploads\/2020\/04\/WhatsApp-Image-2020-04-19-at-14.02.26.jpeg",240,240,false],"vp_md":["https:\/\/aliancaevangelica.pt\/site\/wp-content\/uploads\/2020\/04\/WhatsApp-Image-2020-04-19-at-14.02.26.jpeg",240,240,false],"vp_lg":["https:\/\/aliancaevangelica.pt\/site\/wp-content\/uploads\/2020\/04\/WhatsApp-Image-2020-04-19-at-14.02.26.jpeg",240,240,false],"vp_xl":["https:\/\/aliancaevangelica.pt\/site\/wp-content\/uploads\/2020\/04\/WhatsApp-Image-2020-04-19-at-14.02.26.jpeg",240,240,false],"vp_sm_popup":["https:\/\/aliancaevangelica.pt\/site\/wp-content\/uploads\/2020\/04\/WhatsApp-Image-2020-04-19-at-14.02.26.jpeg",240,240,false],"vp_md_popup":["https:\/\/aliancaevangelica.pt\/site\/wp-content\/uploads\/2020\/04\/WhatsApp-Image-2020-04-19-at-14.02.26.jpeg",240,240,false],"vp_xl_popup":["https:\/\/aliancaevangelica.pt\/site\/wp-content\/uploads\/2020\/04\/WhatsApp-Image-2020-04-19-at-14.02.26.jpeg",240,240,false],"newsx-150x100":["https:\/\/aliancaevangelica.pt\/site\/wp-content\/uploads\/2020\/04\/WhatsApp-Image-2020-04-19-at-14.02.26.jpeg",100,100,false],"newsx-330x220":["https:\/\/aliancaevangelica.pt\/site\/wp-content\/uploads\/2020\/04\/WhatsApp-Image-2020-04-19-at-14.02.26.jpeg",220,220,false],"newsx-420x280":["https:\/\/aliancaevangelica.pt\/site\/wp-content\/uploads\/2020\/04\/WhatsApp-Image-2020-04-19-at-14.02.26.jpeg",240,240,false],"newsx-510x340":["https:\/\/aliancaevangelica.pt\/site\/wp-content\/uploads\/2020\/04\/WhatsApp-Image-2020-04-19-at-14.02.26.jpeg",240,240,false],"newsx-640x480":["https:\/\/aliancaevangelica.pt\/site\/wp-content\/uploads\/2020\/04\/WhatsApp-Image-2020-04-19-at-14.02.26.jpeg",240,240,false],"newsx-670x370":["https:\/\/aliancaevangelica.pt\/site\/wp-content\/uploads\/2020\/04\/WhatsApp-Image-2020-04-19-at-14.02.26.jpeg",240,240,false],"newsx-860x570":["https:\/\/aliancaevangelica.pt\/site\/wp-content\/uploads\/2020\/04\/WhatsApp-Image-2020-04-19-at-14.02.26.jpeg",240,240,false],"newsx-1000x750":["https:\/\/aliancaevangelica.pt\/site\/wp-content\/uploads\/2020\/04\/WhatsApp-Image-2020-04-19-at-14.02.26.jpeg",240,240,false],"newsx-1200x600":["https:\/\/aliancaevangelica.pt\/site\/wp-content\/uploads\/2020\/04\/WhatsApp-Image-2020-04-19-at-14.02.26.jpeg",240,240,false]},"uagb_author_info":{"display_name":"AEP","author_link":"https:\/\/aliancaevangelica.pt\/site\/author\/aeportugal\/"},"uagb_comment_info":0,"uagb_excerpt":"Mois\u00e9s dos Santos Gomes nasceu a 1 de Julho de 1937, em Leiria, terceiro de oito filhos do casal Fabr\u00edcio e Piedade Gomes, membros da Igreja Baptista de Leiria. Numa fam\u00edlia de parcos recursos, Mois\u00e9s conciliava os estudos com o aux\u00edlio ao pai na oficina de autom\u00f3veis. Aos 19 anos, desafiado por Jo\u00e3o Jorge de","_links":{"self":[{"href":"https:\/\/aliancaevangelica.pt\/site\/wp-json\/wp\/v2\/posts\/18167","targetHints":{"allow":["GET"]}}],"collection":[{"href":"https:\/\/aliancaevangelica.pt\/site\/wp-json\/wp\/v2\/posts"}],"about":[{"href":"https:\/\/aliancaevangelica.pt\/site\/wp-json\/wp\/v2\/types\/post"}],"author":[{"embeddable":true,"href":"https:\/\/aliancaevangelica.pt\/site\/wp-json\/wp\/v2\/users\/2"}],"replies":[{"embeddable":true,"href":"https:\/\/aliancaevangelica.pt\/site\/wp-json\/wp\/v2\/comments?post=18167"}],"version-history":[{"count":1,"href":"https:\/\/aliancaevangelica.pt\/site\/wp-json\/wp\/v2\/posts\/18167\/revisions"}],"predecessor-version":[{"id":18169,"href":"https:\/\/aliancaevangelica.pt\/site\/wp-json\/wp\/v2\/posts\/18167\/revisions\/18169"}],"wp:featuredmedia":[{"embeddable":true,"href":"https:\/\/aliancaevangelica.pt\/site\/wp-json\/wp\/v2\/media\/18168"}],"wp:attachment":[{"href":"https:\/\/aliancaevangelica.pt\/site\/wp-json\/wp\/v2\/media?parent=18167"}],"wp:term":[{"taxonomy":"category","embeddable":true,"href":"https:\/\/aliancaevangelica.pt\/site\/wp-json\/wp\/v2\/categories?post=18167"},{"taxonomy":"post_tag","embeddable":true,"href":"https:\/\/aliancaevangelica.pt\/site\/wp-json\/wp\/v2\/tags?post=18167"}],"curies":[{"name":"wp","href":"https:\/\/api.w.org\/{rel}","templated":true}]}}