{"id":18155,"date":"2020-04-09T10:56:27","date_gmt":"2020-04-09T10:56:27","guid":{"rendered":"https:\/\/aliancaevangelica.pt\/site\/?p=18155"},"modified":"2020-04-09T10:56:27","modified_gmt":"2020-04-09T10:56:27","slug":"unidos-no-amor-e-na-esperanc%cc%a7a","status":"publish","type":"post","link":"https:\/\/aliancaevangelica.pt\/site\/unidos-no-amor-e-na-esperanc%cc%a7a\/","title":{"rendered":"Unidos no Amor e na Esperanc\u0327a"},"content":{"rendered":"<div class=\"page\" title=\"Page 1\">\n<div class=\"layoutArea\">\n<div class=\"column\">\n<p>&nbsp;<\/p>\n<h4>Mensagem conjunta de Pa\u0301scoa 2020 de lideres crista\u0303os em Portugal<\/h4>\n<p>Vivemos um tempo particular da nossa histo\u0301ria coletiva. Su\u0301bita e inesperadamente fomos confrontados com desafios e exige\u0302ncias que nunca ti\u0301nhamos imaginado. Fica\u0301mos privados da liberdade de circulac\u0327a\u0303o, impossibilitados de estar juntos e sujeitos a uma ameac\u0327a latente capaz de fazer perigar a pro\u0301pria vida. A pandemia do Coronavi\u0301rus atingiu-nos por igual, sem excec\u0327a\u0303o de classe social, econo\u0301mica ou religia\u0303o. Percebemo- nos iguais na nossa comum humanidade e necessitados uns dos outros para ultrapassar um desafio que so\u0301 podera\u0301 ser vencido com o trabalho e a unia\u0303o de todos. A indiferenc\u0327a tem dado lugar a\u0300 solidariedade ativa e a defesa do valor sagrado da vida expressa-se no particular cuidado para com os mais de\u0301beis e idosos.<\/p>\n<p>Damos grac\u0327as a Deus pelos inu\u0301meros exemplos de altrui\u0301smo e de profunda dedicac\u0327a\u0303o ao pro\u0301ximo a que diariamente assistimos na sociedade portuguesa, nas suas diversas a\u0301reas e em particular na a\u0301rea da sau\u0301de. Num contexto de dor e de tristeza, o seu testemunho com risco da pro\u0301pria vida, acalenta a esperanc\u0327a no futuro e confere um sentido ao sofrimento vivido. As nossas orac\u0327o\u0303es e a nossa solicitude pastoral esta\u0303o com todos os que choram a perda dos seus queridos e com os que vivem com angu\u0301stia as exige\u0302ncias do tempo presente.<\/p>\n<p>A celebrac\u0327a\u0303o da Pa\u0301scoa que se avizinha e que nos congrega enquanto crista\u0303os, remete- nos para o nosso batismo comum em Jesus Cristo. E no assumir conjunto da nossa vocac\u0327a\u0303o batismal redescobrimos que a identidade crista\u0303 e\u0301 estar com Jesus. Neste tempo, de um modo muito profundo, percebemo-Lo presente na intimidade de Deus Pai e na comunha\u0303o plena e vivida com todos os que sofrem. Como disci\u0301pulos de Cristo ressuscitado, e na rica diversidade das tradic\u0327o\u0303es que nos identificam, estamos conscientes da importa\u0302ncia de estarmos cada vez mais unidos no anu\u0301ncio e no testemunho do Amor de Deus.<\/p>\n<p>Oramos pelos que nos governam e te\u0302m responsabilidades coletivas e apelamos a que todos os crista\u0303os e homens e mulheres de boa vontade se unam cada vez mais, em amor e em servic\u0327o.<\/p>\n<p>Oramos tambe\u0301m para que o Tempo Pascal nos traga paz, confianc\u0327a e esperanc\u0327a num futuro melhor.<\/p>\n<p>Aleluia ! Cristo ressuscitou !<\/p>\n<p>Uma Santa e Feliz Pa\u0301scoa para todos!<\/p>\n<p>&nbsp;<\/p>\n<\/div>\n<\/div>\n<\/div>\n<div class=\"page\" title=\"Page 2\">\n<div class=\"layoutArea\">\n<div class=\"column\">\n<p>Subscrevem a Mensagem conjunta de Pa\u0301scoa : (por ordem alfabe\u0301tica)<\/p>\n<\/div>\n<\/div>\n<div class=\"layoutArea\">\n<div class=\"column\">Dr. Anto\u0301nio Calaim \u2013 Presidente da Alianc\u0327a Evange\u0301lica Portuguesa<br \/>\nBispo Jorge Pina Cabral \u2013 Igreja Lusitana (Comunha\u0303o Anglicana)<br \/>\nBispo D. Manuel Linda \u2013 Diocese Cato\u0301lica Romana do Porto<br \/>\nPastor Miguel Jero\u0301nimo \u2013 Diretor Executivo da Sociedade Bi\u0301blica<br \/>\nPastor Paulo Medeiros Silva \u2013 Presidente da Igreja Evange\u0301lica Presbiteriana de Portugal Reverendo Co\u0301nego Philip Bourne \u2013 Igreja Inglesa de St. James\u2019 Porto<\/div>\n<div class=\"column\">Bispo Sifredo Teixeira \u2013 Igreja Evange\u0301lica Metodista Portuguesa<\/div>\n<\/div>\n<\/div>\n","protected":false},"excerpt":{"rendered":"<p>&nbsp; Mensagem conjunta de Pa\u0301scoa 2020 de lideres crista\u0303os em Portugal Vivemos um tempo particular da nossa histo\u0301ria coletiva. Su\u0301bita e inesperadamente fomos confrontados com desafios e exige\u0302ncias que nunca ti\u0301nhamos imaginado. Fica\u0301mos privados da liberdade de circulac\u0327a\u0303o, impossibilitados de estar juntos e sujeitos a uma ameac\u0327a latente capaz de fazer perigar a pro\u0301pria vida.<\/p>\n","protected":false},"author":2,"featured_media":18156,"comment_status":"open","ping_status":"open","sticky":false,"template":"","format":"standard","meta":{"_uag_custom_page_level_css":"","_themeisle_gutenberg_block_has_review":false,"_vp_format_video_url":"","_vp_image_focal_point":[],"footnotes":""},"categories":[45,3],"tags":[],"class_list":["post-18155","post","type-post","status-publish","format-standard","has-post-thumbnail","hentry","category-geral","category-artigos-gerais"],"yoast_head":"<!-- This site is optimized with the Yoast SEO plugin v27.5 - https:\/\/yoast.com\/product\/yoast-seo-wordpress\/ -->\n<title>Unidos no Amor e na Esperanc\u0327a - AEP<\/title>\n<meta name=\"robots\" content=\"index, follow, max-snippet:-1, max-image-preview:large, max-video-preview:-1\" \/>\n<link rel=\"canonical\" href=\"https:\/\/aliancaevangelica.pt\/site\/unidos-no-amor-e-na-esperanc\u0327a\/\" \/>\n<meta property=\"og:locale\" content=\"pt_PT\" \/>\n<meta property=\"og:type\" content=\"article\" \/>\n<meta property=\"og:title\" content=\"Unidos no Amor e na Esperanc\u0327a - AEP\" \/>\n<meta property=\"og:description\" content=\"&nbsp; Mensagem conjunta de Pa\u0301scoa 2020 de lideres crista\u0303os em Portugal Vivemos um tempo particular da nossa histo\u0301ria coletiva. Su\u0301bita e inesperadamente fomos confrontados com desafios e exige\u0302ncias que nunca ti\u0301nhamos imaginado. Fica\u0301mos privados da liberdade de circulac\u0327a\u0303o, impossibilitados de estar juntos e sujeitos a uma ameac\u0327a latente capaz de fazer perigar a pro\u0301pria vida.\" \/>\n<meta property=\"og:url\" content=\"https:\/\/aliancaevangelica.pt\/site\/unidos-no-amor-e-na-esperanc\u0327a\/\" \/>\n<meta property=\"og:site_name\" content=\"AEP\" \/>\n<meta property=\"article:publisher\" content=\"http:\/\/facebook.com\/aeportuguesa\" \/>\n<meta property=\"article:author\" content=\"aeportugal\" \/>\n<meta property=\"article:published_time\" content=\"2020-04-09T10:56:27+00:00\" \/>\n<meta property=\"og:image\" content=\"https:\/\/aliancaevangelica.pt\/site\/wp-content\/uploads\/2020\/04\/banner-FB-pa\u0301scoa2020_Prancheta-1.png\" \/>\n\t<meta property=\"og:image:width\" content=\"820\" \/>\n\t<meta property=\"og:image:height\" content=\"360\" \/>\n\t<meta property=\"og:image:type\" content=\"image\/png\" \/>\n<meta name=\"author\" content=\"AEP\" \/>\n<meta name=\"twitter:card\" content=\"summary_large_image\" \/>\n<meta name=\"twitter:label1\" content=\"Escrito por\" \/>\n\t<meta name=\"twitter:data1\" content=\"AEP\" \/>\n\t<meta name=\"twitter:label2\" content=\"Tempo estimado de leitura\" \/>\n\t<meta name=\"twitter:data2\" content=\"3 minutos\" \/>\n<script type=\"application\/ld+json\" class=\"yoast-schema-graph\">{\"@context\":\"https:\\\/\\\/schema.org\",\"@graph\":[{\"@type\":\"Article\",\"@id\":\"https:\\\/\\\/aliancaevangelica.pt\\\/site\\\/unidos-no-amor-e-na-esperanc%cc%a7a\\\/#article\",\"isPartOf\":{\"@id\":\"https:\\\/\\\/aliancaevangelica.pt\\\/site\\\/unidos-no-amor-e-na-esperanc%cc%a7a\\\/\"},\"author\":{\"name\":\"AEP\",\"@id\":\"https:\\\/\\\/aliancaevangelica.pt\\\/site\\\/#\\\/schema\\\/person\\\/3b47cfc7535eff1e820f31c2d67eafcf\"},\"headline\":\"Unidos no Amor e na Esperanc\u0327a\",\"datePublished\":\"2020-04-09T10:56:27+00:00\",\"mainEntityOfPage\":{\"@id\":\"https:\\\/\\\/aliancaevangelica.pt\\\/site\\\/unidos-no-amor-e-na-esperanc%cc%a7a\\\/\"},\"wordCount\":517,\"commentCount\":0,\"publisher\":{\"@id\":\"https:\\\/\\\/aliancaevangelica.pt\\\/site\\\/#organization\"},\"image\":{\"@id\":\"https:\\\/\\\/aliancaevangelica.pt\\\/site\\\/unidos-no-amor-e-na-esperanc%cc%a7a\\\/#primaryimage\"},\"thumbnailUrl\":\"https:\\\/\\\/aliancaevangelica.pt\\\/site\\\/wp-content\\\/uploads\\\/2020\\\/04\\\/banner-FB-pa\u0301scoa2020_Prancheta-1.png\",\"articleSection\":[\"1-Geral\",\"2-Artigos Gerais\"],\"inLanguage\":\"pt-PT\",\"potentialAction\":[{\"@type\":\"CommentAction\",\"name\":\"Comment\",\"target\":[\"https:\\\/\\\/aliancaevangelica.pt\\\/site\\\/unidos-no-amor-e-na-esperanc%cc%a7a\\\/#respond\"]}]},{\"@type\":\"WebPage\",\"@id\":\"https:\\\/\\\/aliancaevangelica.pt\\\/site\\\/unidos-no-amor-e-na-esperanc%cc%a7a\\\/\",\"url\":\"https:\\\/\\\/aliancaevangelica.pt\\\/site\\\/unidos-no-amor-e-na-esperanc%cc%a7a\\\/\",\"name\":\"Unidos no Amor e na Esperanc\u0327a - AEP\",\"isPartOf\":{\"@id\":\"https:\\\/\\\/aliancaevangelica.pt\\\/site\\\/#website\"},\"primaryImageOfPage\":{\"@id\":\"https:\\\/\\\/aliancaevangelica.pt\\\/site\\\/unidos-no-amor-e-na-esperanc%cc%a7a\\\/#primaryimage\"},\"image\":{\"@id\":\"https:\\\/\\\/aliancaevangelica.pt\\\/site\\\/unidos-no-amor-e-na-esperanc%cc%a7a\\\/#primaryimage\"},\"thumbnailUrl\":\"https:\\\/\\\/aliancaevangelica.pt\\\/site\\\/wp-content\\\/uploads\\\/2020\\\/04\\\/banner-FB-pa\u0301scoa2020_Prancheta-1.png\",\"datePublished\":\"2020-04-09T10:56:27+00:00\",\"breadcrumb\":{\"@id\":\"https:\\\/\\\/aliancaevangelica.pt\\\/site\\\/unidos-no-amor-e-na-esperanc%cc%a7a\\\/#breadcrumb\"},\"inLanguage\":\"pt-PT\",\"potentialAction\":[{\"@type\":\"ReadAction\",\"target\":[\"https:\\\/\\\/aliancaevangelica.pt\\\/site\\\/unidos-no-amor-e-na-esperanc%cc%a7a\\\/\"]}]},{\"@type\":\"ImageObject\",\"inLanguage\":\"pt-PT\",\"@id\":\"https:\\\/\\\/aliancaevangelica.pt\\\/site\\\/unidos-no-amor-e-na-esperanc%cc%a7a\\\/#primaryimage\",\"url\":\"https:\\\/\\\/aliancaevangelica.pt\\\/site\\\/wp-content\\\/uploads\\\/2020\\\/04\\\/banner-FB-pa\u0301scoa2020_Prancheta-1.png\",\"contentUrl\":\"https:\\\/\\\/aliancaevangelica.pt\\\/site\\\/wp-content\\\/uploads\\\/2020\\\/04\\\/banner-FB-pa\u0301scoa2020_Prancheta-1.png\",\"width\":820,\"height\":360},{\"@type\":\"BreadcrumbList\",\"@id\":\"https:\\\/\\\/aliancaevangelica.pt\\\/site\\\/unidos-no-amor-e-na-esperanc%cc%a7a\\\/#breadcrumb\",\"itemListElement\":[{\"@type\":\"ListItem\",\"position\":1,\"name\":\"In\u00edcio\",\"item\":\"https:\\\/\\\/aliancaevangelica.pt\\\/site\\\/\"},{\"@type\":\"ListItem\",\"position\":2,\"name\":\"Unidos no Amor e na Esperanc\u0327a\"}]},{\"@type\":\"WebSite\",\"@id\":\"https:\\\/\\\/aliancaevangelica.pt\\\/site\\\/#website\",\"url\":\"https:\\\/\\\/aliancaevangelica.pt\\\/site\\\/\",\"name\":\"Alian\u00e7a Evang\u00e9lica Portuguesa\",\"description\":\"Alian\u00e7a Evang\u00e9lica Portuguesa\",\"publisher\":{\"@id\":\"https:\\\/\\\/aliancaevangelica.pt\\\/site\\\/#organization\"},\"potentialAction\":[{\"@type\":\"SearchAction\",\"target\":{\"@type\":\"EntryPoint\",\"urlTemplate\":\"https:\\\/\\\/aliancaevangelica.pt\\\/site\\\/?s={search_term_string}\"},\"query-input\":{\"@type\":\"PropertyValueSpecification\",\"valueRequired\":true,\"valueName\":\"search_term_string\"}}],\"inLanguage\":\"pt-PT\"},{\"@type\":\"Organization\",\"@id\":\"https:\\\/\\\/aliancaevangelica.pt\\\/site\\\/#organization\",\"name\":\"Alian\u00e7a Evang\u00e9lica Portuguesa\",\"url\":\"https:\\\/\\\/aliancaevangelica.pt\\\/site\\\/\",\"logo\":{\"@type\":\"ImageObject\",\"inLanguage\":\"pt-PT\",\"@id\":\"https:\\\/\\\/aliancaevangelica.pt\\\/site\\\/#\\\/schema\\\/logo\\\/image\\\/\",\"url\":\"https:\\\/\\\/aliancaevangelica.pt\\\/site\\\/wp-content\\\/uploads\\\/2017\\\/11\\\/logo-AEP-cor.png\",\"contentUrl\":\"https:\\\/\\\/aliancaevangelica.pt\\\/site\\\/wp-content\\\/uploads\\\/2017\\\/11\\\/logo-AEP-cor.png\",\"width\":1156,\"height\":672,\"caption\":\"Alian\u00e7a Evang\u00e9lica Portuguesa\"},\"image\":{\"@id\":\"https:\\\/\\\/aliancaevangelica.pt\\\/site\\\/#\\\/schema\\\/logo\\\/image\\\/\"},\"sameAs\":[\"http:\\\/\\\/facebook.com\\\/aeportuguesa\",\"http:\\\/\\\/instagram.com\\\/aliancaep\",\"http:\\\/\\\/youtube.com\\\/aeportuguesa\"]},{\"@type\":\"Person\",\"@id\":\"https:\\\/\\\/aliancaevangelica.pt\\\/site\\\/#\\\/schema\\\/person\\\/3b47cfc7535eff1e820f31c2d67eafcf\",\"name\":\"AEP\",\"sameAs\":[\"aeportugal\"],\"url\":\"https:\\\/\\\/aliancaevangelica.pt\\\/site\\\/author\\\/aeportugal\\\/\"}]}<\/script>\n<!-- \/ Yoast SEO plugin. -->","yoast_head_json":{"title":"Unidos no Amor e na Esperanc\u0327a - AEP","robots":{"index":"index","follow":"follow","max-snippet":"max-snippet:-1","max-image-preview":"max-image-preview:large","max-video-preview":"max-video-preview:-1"},"canonical":"https:\/\/aliancaevangelica.pt\/site\/unidos-no-amor-e-na-esperanc\u0327a\/","og_locale":"pt_PT","og_type":"article","og_title":"Unidos no Amor e na Esperanc\u0327a - AEP","og_description":"&nbsp; Mensagem conjunta de Pa\u0301scoa 2020 de lideres crista\u0303os em Portugal Vivemos um tempo particular da nossa histo\u0301ria coletiva. Su\u0301bita e inesperadamente fomos confrontados com desafios e exige\u0302ncias que nunca ti\u0301nhamos imaginado. Fica\u0301mos privados da liberdade de circulac\u0327a\u0303o, impossibilitados de estar juntos e sujeitos a uma ameac\u0327a latente capaz de fazer perigar a pro\u0301pria vida.","og_url":"https:\/\/aliancaevangelica.pt\/site\/unidos-no-amor-e-na-esperanc\u0327a\/","og_site_name":"AEP","article_publisher":"http:\/\/facebook.com\/aeportuguesa","article_author":"aeportugal","article_published_time":"2020-04-09T10:56:27+00:00","og_image":[{"width":820,"height":360,"url":"https:\/\/aliancaevangelica.pt\/site\/wp-content\/uploads\/2020\/04\/banner-FB-pa\u0301scoa2020_Prancheta-1.png","type":"image\/png"}],"author":"AEP","twitter_card":"summary_large_image","twitter_misc":{"Escrito por":"AEP","Tempo estimado de leitura":"3 minutos"},"schema":{"@context":"https:\/\/schema.org","@graph":[{"@type":"Article","@id":"https:\/\/aliancaevangelica.pt\/site\/unidos-no-amor-e-na-esperanc%cc%a7a\/#article","isPartOf":{"@id":"https:\/\/aliancaevangelica.pt\/site\/unidos-no-amor-e-na-esperanc%cc%a7a\/"},"author":{"name":"AEP","@id":"https:\/\/aliancaevangelica.pt\/site\/#\/schema\/person\/3b47cfc7535eff1e820f31c2d67eafcf"},"headline":"Unidos no Amor e na Esperanc\u0327a","datePublished":"2020-04-09T10:56:27+00:00","mainEntityOfPage":{"@id":"https:\/\/aliancaevangelica.pt\/site\/unidos-no-amor-e-na-esperanc%cc%a7a\/"},"wordCount":517,"commentCount":0,"publisher":{"@id":"https:\/\/aliancaevangelica.pt\/site\/#organization"},"image":{"@id":"https:\/\/aliancaevangelica.pt\/site\/unidos-no-amor-e-na-esperanc%cc%a7a\/#primaryimage"},"thumbnailUrl":"https:\/\/aliancaevangelica.pt\/site\/wp-content\/uploads\/2020\/04\/banner-FB-pa\u0301scoa2020_Prancheta-1.png","articleSection":["1-Geral","2-Artigos Gerais"],"inLanguage":"pt-PT","potentialAction":[{"@type":"CommentAction","name":"Comment","target":["https:\/\/aliancaevangelica.pt\/site\/unidos-no-amor-e-na-esperanc%cc%a7a\/#respond"]}]},{"@type":"WebPage","@id":"https:\/\/aliancaevangelica.pt\/site\/unidos-no-amor-e-na-esperanc%cc%a7a\/","url":"https:\/\/aliancaevangelica.pt\/site\/unidos-no-amor-e-na-esperanc%cc%a7a\/","name":"Unidos no Amor e na Esperanc\u0327a - AEP","isPartOf":{"@id":"https:\/\/aliancaevangelica.pt\/site\/#website"},"primaryImageOfPage":{"@id":"https:\/\/aliancaevangelica.pt\/site\/unidos-no-amor-e-na-esperanc%cc%a7a\/#primaryimage"},"image":{"@id":"https:\/\/aliancaevangelica.pt\/site\/unidos-no-amor-e-na-esperanc%cc%a7a\/#primaryimage"},"thumbnailUrl":"https:\/\/aliancaevangelica.pt\/site\/wp-content\/uploads\/2020\/04\/banner-FB-pa\u0301scoa2020_Prancheta-1.png","datePublished":"2020-04-09T10:56:27+00:00","breadcrumb":{"@id":"https:\/\/aliancaevangelica.pt\/site\/unidos-no-amor-e-na-esperanc%cc%a7a\/#breadcrumb"},"inLanguage":"pt-PT","potentialAction":[{"@type":"ReadAction","target":["https:\/\/aliancaevangelica.pt\/site\/unidos-no-amor-e-na-esperanc%cc%a7a\/"]}]},{"@type":"ImageObject","inLanguage":"pt-PT","@id":"https:\/\/aliancaevangelica.pt\/site\/unidos-no-amor-e-na-esperanc%cc%a7a\/#primaryimage","url":"https:\/\/aliancaevangelica.pt\/site\/wp-content\/uploads\/2020\/04\/banner-FB-pa\u0301scoa2020_Prancheta-1.png","contentUrl":"https:\/\/aliancaevangelica.pt\/site\/wp-content\/uploads\/2020\/04\/banner-FB-pa\u0301scoa2020_Prancheta-1.png","width":820,"height":360},{"@type":"BreadcrumbList","@id":"https:\/\/aliancaevangelica.pt\/site\/unidos-no-amor-e-na-esperanc%cc%a7a\/#breadcrumb","itemListElement":[{"@type":"ListItem","position":1,"name":"In\u00edcio","item":"https:\/\/aliancaevangelica.pt\/site\/"},{"@type":"ListItem","position":2,"name":"Unidos no Amor e na Esperanc\u0327a"}]},{"@type":"WebSite","@id":"https:\/\/aliancaevangelica.pt\/site\/#website","url":"https:\/\/aliancaevangelica.pt\/site\/","name":"Alian\u00e7a Evang\u00e9lica Portuguesa","description":"Alian\u00e7a Evang\u00e9lica Portuguesa","publisher":{"@id":"https:\/\/aliancaevangelica.pt\/site\/#organization"},"potentialAction":[{"@type":"SearchAction","target":{"@type":"EntryPoint","urlTemplate":"https:\/\/aliancaevangelica.pt\/site\/?s={search_term_string}"},"query-input":{"@type":"PropertyValueSpecification","valueRequired":true,"valueName":"search_term_string"}}],"inLanguage":"pt-PT"},{"@type":"Organization","@id":"https:\/\/aliancaevangelica.pt\/site\/#organization","name":"Alian\u00e7a Evang\u00e9lica Portuguesa","url":"https:\/\/aliancaevangelica.pt\/site\/","logo":{"@type":"ImageObject","inLanguage":"pt-PT","@id":"https:\/\/aliancaevangelica.pt\/site\/#\/schema\/logo\/image\/","url":"https:\/\/aliancaevangelica.pt\/site\/wp-content\/uploads\/2017\/11\/logo-AEP-cor.png","contentUrl":"https:\/\/aliancaevangelica.pt\/site\/wp-content\/uploads\/2017\/11\/logo-AEP-cor.png","width":1156,"height":672,"caption":"Alian\u00e7a Evang\u00e9lica Portuguesa"},"image":{"@id":"https:\/\/aliancaevangelica.pt\/site\/#\/schema\/logo\/image\/"},"sameAs":["http:\/\/facebook.com\/aeportuguesa","http:\/\/instagram.com\/aliancaep","http:\/\/youtube.com\/aeportuguesa"]},{"@type":"Person","@id":"https:\/\/aliancaevangelica.pt\/site\/#\/schema\/person\/3b47cfc7535eff1e820f31c2d67eafcf","name":"AEP","sameAs":["aeportugal"],"url":"https:\/\/aliancaevangelica.pt\/site\/author\/aeportugal\/"}]}},"uagb_featured_image_src":{"full":["https:\/\/aliancaevangelica.pt\/site\/wp-content\/uploads\/2020\/04\/banner-FB-pa\u0301scoa2020_Prancheta-1.png",820,360,false],"thumbnail":["https:\/\/aliancaevangelica.pt\/site\/wp-content\/uploads\/2020\/04\/banner-FB-pa\u0301scoa2020_Prancheta-1-150x150.png",150,150,true],"medium":["https:\/\/aliancaevangelica.pt\/site\/wp-content\/uploads\/2020\/04\/banner-FB-pa\u0301scoa2020_Prancheta-1-300x132.png",300,132,true],"medium_large":["https:\/\/aliancaevangelica.pt\/site\/wp-content\/uploads\/2020\/04\/banner-FB-pa\u0301scoa2020_Prancheta-1-768x337.png",768,337,true],"large":["https:\/\/aliancaevangelica.pt\/site\/wp-content\/uploads\/2020\/04\/banner-FB-pa\u0301scoa2020_Prancheta-1.png",820,360,false],"1536x1536":["https:\/\/aliancaevangelica.pt\/site\/wp-content\/uploads\/2020\/04\/banner-FB-pa\u0301scoa2020_Prancheta-1.png",820,360,false],"2048x2048":["https:\/\/aliancaevangelica.pt\/site\/wp-content\/uploads\/2020\/04\/banner-FB-pa\u0301scoa2020_Prancheta-1.png",820,360,false],"vp_sm":["https:\/\/aliancaevangelica.pt\/site\/wp-content\/uploads\/2020\/04\/banner-FB-pa\u0301scoa2020_Prancheta-1.png",500,220,false],"vp_md":["https:\/\/aliancaevangelica.pt\/site\/wp-content\/uploads\/2020\/04\/banner-FB-pa\u0301scoa2020_Prancheta-1.png",800,351,false],"vp_lg":["https:\/\/aliancaevangelica.pt\/site\/wp-content\/uploads\/2020\/04\/banner-FB-pa\u0301scoa2020_Prancheta-1.png",820,360,false],"vp_xl":["https:\/\/aliancaevangelica.pt\/site\/wp-content\/uploads\/2020\/04\/banner-FB-pa\u0301scoa2020_Prancheta-1.png",820,360,false],"vp_sm_popup":["https:\/\/aliancaevangelica.pt\/site\/wp-content\/uploads\/2020\/04\/banner-FB-pa\u0301scoa2020_Prancheta-1.png",500,220,false],"vp_md_popup":["https:\/\/aliancaevangelica.pt\/site\/wp-content\/uploads\/2020\/04\/banner-FB-pa\u0301scoa2020_Prancheta-1.png",800,351,false],"vp_xl_popup":["https:\/\/aliancaevangelica.pt\/site\/wp-content\/uploads\/2020\/04\/banner-FB-pa\u0301scoa2020_Prancheta-1.png",820,360,false],"newsx-150x100":["https:\/\/aliancaevangelica.pt\/site\/wp-content\/uploads\/2020\/04\/banner-FB-pa\u0301scoa2020_Prancheta-1.png",150,66,false],"newsx-330x220":["https:\/\/aliancaevangelica.pt\/site\/wp-content\/uploads\/2020\/04\/banner-FB-pa\u0301scoa2020_Prancheta-1.png",330,145,false],"newsx-420x280":["https:\/\/aliancaevangelica.pt\/site\/wp-content\/uploads\/2020\/04\/banner-FB-pa\u0301scoa2020_Prancheta-1.png",420,184,false],"newsx-510x340":["https:\/\/aliancaevangelica.pt\/site\/wp-content\/uploads\/2020\/04\/banner-FB-pa\u0301scoa2020_Prancheta-1.png",510,224,false],"newsx-640x480":["https:\/\/aliancaevangelica.pt\/site\/wp-content\/uploads\/2020\/04\/banner-FB-pa\u0301scoa2020_Prancheta-1.png",640,281,false],"newsx-670x370":["https:\/\/aliancaevangelica.pt\/site\/wp-content\/uploads\/2020\/04\/banner-FB-pa\u0301scoa2020_Prancheta-1.png",670,294,false],"newsx-860x570":["https:\/\/aliancaevangelica.pt\/site\/wp-content\/uploads\/2020\/04\/banner-FB-pa\u0301scoa2020_Prancheta-1.png",820,360,false],"newsx-1000x750":["https:\/\/aliancaevangelica.pt\/site\/wp-content\/uploads\/2020\/04\/banner-FB-pa\u0301scoa2020_Prancheta-1.png",820,360,false],"newsx-1200x600":["https:\/\/aliancaevangelica.pt\/site\/wp-content\/uploads\/2020\/04\/banner-FB-pa\u0301scoa2020_Prancheta-1.png",820,360,false]},"uagb_author_info":{"display_name":"AEP","author_link":"https:\/\/aliancaevangelica.pt\/site\/author\/aeportugal\/"},"uagb_comment_info":0,"uagb_excerpt":"&nbsp; Mensagem conjunta de Pa\u0301scoa 2020 de lideres crista\u0303os em Portugal Vivemos um tempo particular da nossa histo\u0301ria coletiva. Su\u0301bita e inesperadamente fomos confrontados com desafios e exige\u0302ncias que nunca ti\u0301nhamos imaginado. Fica\u0301mos privados da liberdade de circulac\u0327a\u0303o, impossibilitados de estar juntos e sujeitos a uma ameac\u0327a latente capaz de fazer perigar a pro\u0301pria vida.","_links":{"self":[{"href":"https:\/\/aliancaevangelica.pt\/site\/wp-json\/wp\/v2\/posts\/18155","targetHints":{"allow":["GET"]}}],"collection":[{"href":"https:\/\/aliancaevangelica.pt\/site\/wp-json\/wp\/v2\/posts"}],"about":[{"href":"https:\/\/aliancaevangelica.pt\/site\/wp-json\/wp\/v2\/types\/post"}],"author":[{"embeddable":true,"href":"https:\/\/aliancaevangelica.pt\/site\/wp-json\/wp\/v2\/users\/2"}],"replies":[{"embeddable":true,"href":"https:\/\/aliancaevangelica.pt\/site\/wp-json\/wp\/v2\/comments?post=18155"}],"version-history":[{"count":1,"href":"https:\/\/aliancaevangelica.pt\/site\/wp-json\/wp\/v2\/posts\/18155\/revisions"}],"predecessor-version":[{"id":18157,"href":"https:\/\/aliancaevangelica.pt\/site\/wp-json\/wp\/v2\/posts\/18155\/revisions\/18157"}],"wp:featuredmedia":[{"embeddable":true,"href":"https:\/\/aliancaevangelica.pt\/site\/wp-json\/wp\/v2\/media\/18156"}],"wp:attachment":[{"href":"https:\/\/aliancaevangelica.pt\/site\/wp-json\/wp\/v2\/media?parent=18155"}],"wp:term":[{"taxonomy":"category","embeddable":true,"href":"https:\/\/aliancaevangelica.pt\/site\/wp-json\/wp\/v2\/categories?post=18155"},{"taxonomy":"post_tag","embeddable":true,"href":"https:\/\/aliancaevangelica.pt\/site\/wp-json\/wp\/v2\/tags?post=18155"}],"curies":[{"name":"wp","href":"https:\/\/api.w.org\/{rel}","templated":true}]}}