{"id":18143,"date":"2020-04-17T08:00:25","date_gmt":"2020-04-17T08:00:25","guid":{"rendered":"https:\/\/aliancaevangelica.pt\/site\/?p=18143"},"modified":"2020-03-30T17:25:30","modified_gmt":"2020-03-30T17:25:30","slug":"avos-e-netos-em-tempo-de-pandemia","status":"publish","type":"post","link":"https:\/\/aliancaevangelica.pt\/site\/avos-e-netos-em-tempo-de-pandemia\/","title":{"rendered":"Av\u00f3s e netos, em tempo de pandemia"},"content":{"rendered":"<p class=\"p1\"><span class=\"s1\">&#8220;O maior orgulho e alegria para os velhos s\u00e3o os seus netos;&#8221; (Prov\u00e9rbios 17:6, A B\u00edblia Viva)<\/span><\/p>\n<p class=\"p1\"><span class=\"s1\">Olhamos para os nossos netos e vemos o que os pais deles ainda n\u00e3o conseguem ver completamente: vemos a sua perfei\u00e7\u00e3o, a sua intelig\u00eancia, perspic\u00e1cia, alegria e for\u00e7a de viver, o reflexo dos pr\u00f3prios pais e o nosso reflexo tamb\u00e9m; vemos o presente e o futuro, o nosso legado a estender-se por mais uma gera\u00e7\u00e3o!<\/span><\/p>\n<p class=\"p1\"><span class=\"s1\">Vemos a sua personalidade maravilhosa e o seu car\u00e1ter em forma\u00e7\u00e3o, sob a orienta\u00e7\u00e3o e responsabilidade dos pais (Gra\u00e7as a Deus!)<\/span><\/p>\n<p class=\"p1\"><span class=\"s1\">E pensamos: &#8220;J\u00e1 por l\u00e1 passei&#8230; \u00c9 um grande desafio&#8230; No fim, vai bater tudo certo&#8230; As traquinices fazem parte da vida. Eles est\u00e3o a aprender. E eles v\u00e3o crescer, tornar-se pessoas de bem, pessoas fant\u00e1sticas, como os seus pais&#8230;&#8221;<\/span><\/p>\n<p class=\"p1\"><span class=\"s1\">Os nossos pequeninos s\u00e3o um mundo novo de oportunidades para n\u00f3s! O nosso tesouro, a nossa grande alegria! Amamo-los como nunca conseguimos amar ningu\u00e9m, e nem sequer sabemos como \u00e9 que isso nos est\u00e1 a acontecer, como \u00e9 que \u00e9 poss\u00edvel&#8230;<\/span><\/p>\n<p class=\"p1\"><span class=\"s1\">\u00c9 maior do que n\u00f3s! \u00c9 um amor diferente daquele que temos pelos filhos&#8230; \u00c9 uma d\u00e1diva divina, uma b\u00ean\u00e7\u00e3o sublime!&#8230;<\/span><\/p>\n<p class=\"p1\"><span class=\"s1\">Nestes dias de isolamento, sentimos a falta deles mais do que conseguimos explicar em palavras&#8230; Sentimos, profundamente, a falta de os abra\u00e7ar, de ficarmos sentados no ch\u00e3o a brincar com eles, como se f\u00f4ssemos crian\u00e7as tamb\u00e9m. Sentimos falta daquele cansa\u00e7o saud\u00e1vel de umas boas corridas atr\u00e1s deles, das gargalhadas em conjunto, at\u00e9 n\u00e3o termos for\u00e7a para rir mais!<\/span><\/p>\n<p class=\"p1\"><span class=\"s1\">Sentimos falta de lhes preparar o almo\u00e7o ou o lanche, de os levar a s\u00edtios onde t\u00eam de ir, de cantarmos juntos no carro! Sentimos falta de fazer rimas divertidas, ler e contar hist\u00f3rias, responder \u00e0s suas perguntas incr\u00edveis e mostrar como se fazem, de forma simples, coisas que lhes parecem muito dif\u00edceis!<\/span><\/p>\n<p class=\"p1\"><span class=\"s1\">A maioria dos av\u00f3s tem a possibilidade de contactar os seus pequeninos por telem\u00f3vel ou por v\u00eddeo-chamada. Que b\u00ean\u00e7\u00e3o! Como estou grata ao Senhor por esses meios tecnol\u00f3gicos, que me permitem ver e ouvir os meus netos todos os dias! Ali ficam eles, mesmo \u00e0 frente dos meus olhos, com toda a sua vivacidade! N\u00e3o posso tocar-lhes, mas posso v\u00ea-los. Sinto-me grata, t\u00e3o grata por esses momentos!<\/span><\/p>\n<p class=\"p1\"><span class=\"s1\">Durante o dia, oro por eles e pelos seus pais. Pe\u00e7o ao Senhor que guarde a cada um deles e que os leve em seguran\u00e7a at\u00e9 ao fim desta esp\u00e9cie de guerra que estamos a viver. Oro para que o Senhor alivie o cansa\u00e7o dos pais, que os fortale\u00e7a, anime e ajude em todas as suas tarefas, tanto no cuidado das crian\u00e7as como no teletrabalho. Oro para que Deus lhes d\u00ea a perspetiva melhor do que lhes est\u00e1 a acontecer: o privil\u00e9gio de estarem mais tempo com as suas crian\u00e7as, de as conhecerem melhor e de as amarem &#8211; de facto &#8211; incondicionalmente!<\/span><\/p>\n<p class=\"p1\"><span class=\"s1\">Av\u00f3s, sei perfeitamente como se sentem. N\u00e3o se desesperem, n\u00e3o fiquem ansiosos, lancem para longe a tristeza e a depress\u00e3o. Tirem for\u00e7as da vossa fraqueza, permane\u00e7am saud\u00e1veis, ativos e animados! Este tempo vai chegar ao fim e os vossos netos v\u00e3o querer recuperar todo o tempo perdido! V\u00e3o precisar de todos os abra\u00e7os que est\u00e3o a ser armazenados agora, de todo o amor e de toda a compreens\u00e3o. Em breve eles ir\u00e3o &#8220;invadir&#8221; a vossa casa e a vossa vida com aquela alegria especial, que s\u00f3 eles t\u00eam!<\/span><\/p>\n<p class=\"p1\"><span class=\"s1\">Esperar com paci\u00eancia no Senhor \u00e9 uma arte que se aprende&#8230; Vamos aprend\u00ea-la?<\/span><\/p>\n<p>&nbsp;<\/p>\n<p>&nbsp;<\/p>\n<p>[movedo_single_image image=&#8221;16295&#8243; animation=&#8221;grve-zoom-in&#8221;]Clarisse Barros<br \/>\nProfessora e Escritora<\/p>\n","protected":false},"excerpt":{"rendered":"<p>&#8220;O maior orgulho e alegria para os velhos s\u00e3o os seus netos;&#8221; (Prov\u00e9rbios 17:6, A B\u00edblia Viva) Olhamos para os nossos netos e vemos o que os pais deles ainda n\u00e3o conseguem ver completamente: vemos a sua perfei\u00e7\u00e3o, a sua intelig\u00eancia, perspic\u00e1cia, alegria e for\u00e7a de viver, o reflexo dos pr\u00f3prios pais e o nosso<\/p>\n","protected":false},"author":2,"featured_media":18144,"comment_status":"open","ping_status":"open","sticky":false,"template":"","format":"standard","meta":{"_uag_custom_page_level_css":"","_themeisle_gutenberg_block_has_review":false,"_vp_format_video_url":"","_vp_image_focal_point":[],"footnotes":""},"categories":[45,47],"tags":[],"class_list":["post-18143","post","type-post","status-publish","format-standard","has-post-thumbnail","hentry","category-geral","category-mulheres-casais-e-familia"],"yoast_head":"<!-- This site is optimized with the Yoast SEO plugin v27.5 - https:\/\/yoast.com\/product\/yoast-seo-wordpress\/ -->\n<title>Av\u00f3s e netos, em tempo de pandemia - AEP<\/title>\n<meta name=\"robots\" content=\"index, follow, max-snippet:-1, max-image-preview:large, max-video-preview:-1\" \/>\n<link rel=\"canonical\" href=\"https:\/\/aliancaevangelica.pt\/site\/avos-e-netos-em-tempo-de-pandemia\/\" \/>\n<meta property=\"og:locale\" content=\"pt_PT\" \/>\n<meta property=\"og:type\" content=\"article\" \/>\n<meta property=\"og:title\" content=\"Av\u00f3s e netos, em tempo de pandemia - AEP\" \/>\n<meta property=\"og:description\" content=\"&#8220;O maior orgulho e alegria para os velhos s\u00e3o os seus netos;&#8221; (Prov\u00e9rbios 17:6, A B\u00edblia Viva) Olhamos para os nossos netos e vemos o que os pais deles ainda n\u00e3o conseguem ver completamente: vemos a sua perfei\u00e7\u00e3o, a sua intelig\u00eancia, perspic\u00e1cia, alegria e for\u00e7a de viver, o reflexo dos pr\u00f3prios pais e o nosso\" \/>\n<meta property=\"og:url\" content=\"https:\/\/aliancaevangelica.pt\/site\/avos-e-netos-em-tempo-de-pandemia\/\" \/>\n<meta property=\"og:site_name\" content=\"AEP\" \/>\n<meta property=\"article:publisher\" content=\"http:\/\/facebook.com\/aeportuguesa\" \/>\n<meta property=\"article:author\" content=\"aeportugal\" \/>\n<meta property=\"article:published_time\" content=\"2020-04-17T08:00:25+00:00\" \/>\n<meta property=\"og:image\" content=\"https:\/\/aliancaevangelica.pt\/site\/wp-content\/uploads\/2020\/03\/avo\u0301s-e-netos-em-tempo-de-pandemia.jpg\" \/>\n\t<meta property=\"og:image:width\" content=\"626\" \/>\n\t<meta property=\"og:image:height\" content=\"417\" \/>\n\t<meta property=\"og:image:type\" content=\"image\/jpeg\" \/>\n<meta name=\"author\" content=\"AEP\" \/>\n<meta name=\"twitter:card\" content=\"summary_large_image\" \/>\n<meta name=\"twitter:label1\" content=\"Escrito por\" \/>\n\t<meta name=\"twitter:data1\" content=\"AEP\" \/>\n\t<meta name=\"twitter:label2\" content=\"Tempo estimado de leitura\" \/>\n\t<meta name=\"twitter:data2\" content=\"3 minutos\" \/>\n<script type=\"application\/ld+json\" class=\"yoast-schema-graph\">{\"@context\":\"https:\\\/\\\/schema.org\",\"@graph\":[{\"@type\":\"Article\",\"@id\":\"https:\\\/\\\/aliancaevangelica.pt\\\/site\\\/avos-e-netos-em-tempo-de-pandemia\\\/#article\",\"isPartOf\":{\"@id\":\"https:\\\/\\\/aliancaevangelica.pt\\\/site\\\/avos-e-netos-em-tempo-de-pandemia\\\/\"},\"author\":{\"name\":\"AEP\",\"@id\":\"https:\\\/\\\/aliancaevangelica.pt\\\/site\\\/#\\\/schema\\\/person\\\/3b47cfc7535eff1e820f31c2d67eafcf\"},\"headline\":\"Av\u00f3s e netos, em tempo de pandemia\",\"datePublished\":\"2020-04-17T08:00:25+00:00\",\"mainEntityOfPage\":{\"@id\":\"https:\\\/\\\/aliancaevangelica.pt\\\/site\\\/avos-e-netos-em-tempo-de-pandemia\\\/\"},\"wordCount\":663,\"commentCount\":0,\"publisher\":{\"@id\":\"https:\\\/\\\/aliancaevangelica.pt\\\/site\\\/#organization\"},\"image\":{\"@id\":\"https:\\\/\\\/aliancaevangelica.pt\\\/site\\\/avos-e-netos-em-tempo-de-pandemia\\\/#primaryimage\"},\"thumbnailUrl\":\"https:\\\/\\\/aliancaevangelica.pt\\\/site\\\/wp-content\\\/uploads\\\/2020\\\/03\\\/avo\u0301s-e-netos-em-tempo-de-pandemia.jpg\",\"articleSection\":[\"1-Geral\",\"MULHERES, CASAIS E FAM\u00cdLIA\"],\"inLanguage\":\"pt-PT\",\"potentialAction\":[{\"@type\":\"CommentAction\",\"name\":\"Comment\",\"target\":[\"https:\\\/\\\/aliancaevangelica.pt\\\/site\\\/avos-e-netos-em-tempo-de-pandemia\\\/#respond\"]}]},{\"@type\":\"WebPage\",\"@id\":\"https:\\\/\\\/aliancaevangelica.pt\\\/site\\\/avos-e-netos-em-tempo-de-pandemia\\\/\",\"url\":\"https:\\\/\\\/aliancaevangelica.pt\\\/site\\\/avos-e-netos-em-tempo-de-pandemia\\\/\",\"name\":\"Av\u00f3s e netos, em tempo de pandemia - AEP\",\"isPartOf\":{\"@id\":\"https:\\\/\\\/aliancaevangelica.pt\\\/site\\\/#website\"},\"primaryImageOfPage\":{\"@id\":\"https:\\\/\\\/aliancaevangelica.pt\\\/site\\\/avos-e-netos-em-tempo-de-pandemia\\\/#primaryimage\"},\"image\":{\"@id\":\"https:\\\/\\\/aliancaevangelica.pt\\\/site\\\/avos-e-netos-em-tempo-de-pandemia\\\/#primaryimage\"},\"thumbnailUrl\":\"https:\\\/\\\/aliancaevangelica.pt\\\/site\\\/wp-content\\\/uploads\\\/2020\\\/03\\\/avo\u0301s-e-netos-em-tempo-de-pandemia.jpg\",\"datePublished\":\"2020-04-17T08:00:25+00:00\",\"breadcrumb\":{\"@id\":\"https:\\\/\\\/aliancaevangelica.pt\\\/site\\\/avos-e-netos-em-tempo-de-pandemia\\\/#breadcrumb\"},\"inLanguage\":\"pt-PT\",\"potentialAction\":[{\"@type\":\"ReadAction\",\"target\":[\"https:\\\/\\\/aliancaevangelica.pt\\\/site\\\/avos-e-netos-em-tempo-de-pandemia\\\/\"]}]},{\"@type\":\"ImageObject\",\"inLanguage\":\"pt-PT\",\"@id\":\"https:\\\/\\\/aliancaevangelica.pt\\\/site\\\/avos-e-netos-em-tempo-de-pandemia\\\/#primaryimage\",\"url\":\"https:\\\/\\\/aliancaevangelica.pt\\\/site\\\/wp-content\\\/uploads\\\/2020\\\/03\\\/avo\u0301s-e-netos-em-tempo-de-pandemia.jpg\",\"contentUrl\":\"https:\\\/\\\/aliancaevangelica.pt\\\/site\\\/wp-content\\\/uploads\\\/2020\\\/03\\\/avo\u0301s-e-netos-em-tempo-de-pandemia.jpg\",\"width\":626,\"height\":417},{\"@type\":\"BreadcrumbList\",\"@id\":\"https:\\\/\\\/aliancaevangelica.pt\\\/site\\\/avos-e-netos-em-tempo-de-pandemia\\\/#breadcrumb\",\"itemListElement\":[{\"@type\":\"ListItem\",\"position\":1,\"name\":\"In\u00edcio\",\"item\":\"https:\\\/\\\/aliancaevangelica.pt\\\/site\\\/\"},{\"@type\":\"ListItem\",\"position\":2,\"name\":\"Av\u00f3s e netos, em tempo de pandemia\"}]},{\"@type\":\"WebSite\",\"@id\":\"https:\\\/\\\/aliancaevangelica.pt\\\/site\\\/#website\",\"url\":\"https:\\\/\\\/aliancaevangelica.pt\\\/site\\\/\",\"name\":\"Alian\u00e7a Evang\u00e9lica Portuguesa\",\"description\":\"Alian\u00e7a Evang\u00e9lica Portuguesa\",\"publisher\":{\"@id\":\"https:\\\/\\\/aliancaevangelica.pt\\\/site\\\/#organization\"},\"potentialAction\":[{\"@type\":\"SearchAction\",\"target\":{\"@type\":\"EntryPoint\",\"urlTemplate\":\"https:\\\/\\\/aliancaevangelica.pt\\\/site\\\/?s={search_term_string}\"},\"query-input\":{\"@type\":\"PropertyValueSpecification\",\"valueRequired\":true,\"valueName\":\"search_term_string\"}}],\"inLanguage\":\"pt-PT\"},{\"@type\":\"Organization\",\"@id\":\"https:\\\/\\\/aliancaevangelica.pt\\\/site\\\/#organization\",\"name\":\"Alian\u00e7a Evang\u00e9lica Portuguesa\",\"url\":\"https:\\\/\\\/aliancaevangelica.pt\\\/site\\\/\",\"logo\":{\"@type\":\"ImageObject\",\"inLanguage\":\"pt-PT\",\"@id\":\"https:\\\/\\\/aliancaevangelica.pt\\\/site\\\/#\\\/schema\\\/logo\\\/image\\\/\",\"url\":\"https:\\\/\\\/aliancaevangelica.pt\\\/site\\\/wp-content\\\/uploads\\\/2017\\\/11\\\/logo-AEP-cor.png\",\"contentUrl\":\"https:\\\/\\\/aliancaevangelica.pt\\\/site\\\/wp-content\\\/uploads\\\/2017\\\/11\\\/logo-AEP-cor.png\",\"width\":1156,\"height\":672,\"caption\":\"Alian\u00e7a Evang\u00e9lica Portuguesa\"},\"image\":{\"@id\":\"https:\\\/\\\/aliancaevangelica.pt\\\/site\\\/#\\\/schema\\\/logo\\\/image\\\/\"},\"sameAs\":[\"http:\\\/\\\/facebook.com\\\/aeportuguesa\",\"http:\\\/\\\/instagram.com\\\/aliancaep\",\"http:\\\/\\\/youtube.com\\\/aeportuguesa\"]},{\"@type\":\"Person\",\"@id\":\"https:\\\/\\\/aliancaevangelica.pt\\\/site\\\/#\\\/schema\\\/person\\\/3b47cfc7535eff1e820f31c2d67eafcf\",\"name\":\"AEP\",\"sameAs\":[\"aeportugal\"],\"url\":\"https:\\\/\\\/aliancaevangelica.pt\\\/site\\\/author\\\/aeportugal\\\/\"}]}<\/script>\n<!-- \/ Yoast SEO plugin. -->","yoast_head_json":{"title":"Av\u00f3s e netos, em tempo de pandemia - AEP","robots":{"index":"index","follow":"follow","max-snippet":"max-snippet:-1","max-image-preview":"max-image-preview:large","max-video-preview":"max-video-preview:-1"},"canonical":"https:\/\/aliancaevangelica.pt\/site\/avos-e-netos-em-tempo-de-pandemia\/","og_locale":"pt_PT","og_type":"article","og_title":"Av\u00f3s e netos, em tempo de pandemia - AEP","og_description":"&#8220;O maior orgulho e alegria para os velhos s\u00e3o os seus netos;&#8221; (Prov\u00e9rbios 17:6, A B\u00edblia Viva) Olhamos para os nossos netos e vemos o que os pais deles ainda n\u00e3o conseguem ver completamente: vemos a sua perfei\u00e7\u00e3o, a sua intelig\u00eancia, perspic\u00e1cia, alegria e for\u00e7a de viver, o reflexo dos pr\u00f3prios pais e o nosso","og_url":"https:\/\/aliancaevangelica.pt\/site\/avos-e-netos-em-tempo-de-pandemia\/","og_site_name":"AEP","article_publisher":"http:\/\/facebook.com\/aeportuguesa","article_author":"aeportugal","article_published_time":"2020-04-17T08:00:25+00:00","og_image":[{"width":626,"height":417,"url":"https:\/\/aliancaevangelica.pt\/site\/wp-content\/uploads\/2020\/03\/avo\u0301s-e-netos-em-tempo-de-pandemia.jpg","type":"image\/jpeg"}],"author":"AEP","twitter_card":"summary_large_image","twitter_misc":{"Escrito por":"AEP","Tempo estimado de leitura":"3 minutos"},"schema":{"@context":"https:\/\/schema.org","@graph":[{"@type":"Article","@id":"https:\/\/aliancaevangelica.pt\/site\/avos-e-netos-em-tempo-de-pandemia\/#article","isPartOf":{"@id":"https:\/\/aliancaevangelica.pt\/site\/avos-e-netos-em-tempo-de-pandemia\/"},"author":{"name":"AEP","@id":"https:\/\/aliancaevangelica.pt\/site\/#\/schema\/person\/3b47cfc7535eff1e820f31c2d67eafcf"},"headline":"Av\u00f3s e netos, em tempo de pandemia","datePublished":"2020-04-17T08:00:25+00:00","mainEntityOfPage":{"@id":"https:\/\/aliancaevangelica.pt\/site\/avos-e-netos-em-tempo-de-pandemia\/"},"wordCount":663,"commentCount":0,"publisher":{"@id":"https:\/\/aliancaevangelica.pt\/site\/#organization"},"image":{"@id":"https:\/\/aliancaevangelica.pt\/site\/avos-e-netos-em-tempo-de-pandemia\/#primaryimage"},"thumbnailUrl":"https:\/\/aliancaevangelica.pt\/site\/wp-content\/uploads\/2020\/03\/avo\u0301s-e-netos-em-tempo-de-pandemia.jpg","articleSection":["1-Geral","MULHERES, CASAIS E FAM\u00cdLIA"],"inLanguage":"pt-PT","potentialAction":[{"@type":"CommentAction","name":"Comment","target":["https:\/\/aliancaevangelica.pt\/site\/avos-e-netos-em-tempo-de-pandemia\/#respond"]}]},{"@type":"WebPage","@id":"https:\/\/aliancaevangelica.pt\/site\/avos-e-netos-em-tempo-de-pandemia\/","url":"https:\/\/aliancaevangelica.pt\/site\/avos-e-netos-em-tempo-de-pandemia\/","name":"Av\u00f3s e netos, em tempo de pandemia - AEP","isPartOf":{"@id":"https:\/\/aliancaevangelica.pt\/site\/#website"},"primaryImageOfPage":{"@id":"https:\/\/aliancaevangelica.pt\/site\/avos-e-netos-em-tempo-de-pandemia\/#primaryimage"},"image":{"@id":"https:\/\/aliancaevangelica.pt\/site\/avos-e-netos-em-tempo-de-pandemia\/#primaryimage"},"thumbnailUrl":"https:\/\/aliancaevangelica.pt\/site\/wp-content\/uploads\/2020\/03\/avo\u0301s-e-netos-em-tempo-de-pandemia.jpg","datePublished":"2020-04-17T08:00:25+00:00","breadcrumb":{"@id":"https:\/\/aliancaevangelica.pt\/site\/avos-e-netos-em-tempo-de-pandemia\/#breadcrumb"},"inLanguage":"pt-PT","potentialAction":[{"@type":"ReadAction","target":["https:\/\/aliancaevangelica.pt\/site\/avos-e-netos-em-tempo-de-pandemia\/"]}]},{"@type":"ImageObject","inLanguage":"pt-PT","@id":"https:\/\/aliancaevangelica.pt\/site\/avos-e-netos-em-tempo-de-pandemia\/#primaryimage","url":"https:\/\/aliancaevangelica.pt\/site\/wp-content\/uploads\/2020\/03\/avo\u0301s-e-netos-em-tempo-de-pandemia.jpg","contentUrl":"https:\/\/aliancaevangelica.pt\/site\/wp-content\/uploads\/2020\/03\/avo\u0301s-e-netos-em-tempo-de-pandemia.jpg","width":626,"height":417},{"@type":"BreadcrumbList","@id":"https:\/\/aliancaevangelica.pt\/site\/avos-e-netos-em-tempo-de-pandemia\/#breadcrumb","itemListElement":[{"@type":"ListItem","position":1,"name":"In\u00edcio","item":"https:\/\/aliancaevangelica.pt\/site\/"},{"@type":"ListItem","position":2,"name":"Av\u00f3s e netos, em tempo de pandemia"}]},{"@type":"WebSite","@id":"https:\/\/aliancaevangelica.pt\/site\/#website","url":"https:\/\/aliancaevangelica.pt\/site\/","name":"Alian\u00e7a Evang\u00e9lica Portuguesa","description":"Alian\u00e7a Evang\u00e9lica Portuguesa","publisher":{"@id":"https:\/\/aliancaevangelica.pt\/site\/#organization"},"potentialAction":[{"@type":"SearchAction","target":{"@type":"EntryPoint","urlTemplate":"https:\/\/aliancaevangelica.pt\/site\/?s={search_term_string}"},"query-input":{"@type":"PropertyValueSpecification","valueRequired":true,"valueName":"search_term_string"}}],"inLanguage":"pt-PT"},{"@type":"Organization","@id":"https:\/\/aliancaevangelica.pt\/site\/#organization","name":"Alian\u00e7a Evang\u00e9lica Portuguesa","url":"https:\/\/aliancaevangelica.pt\/site\/","logo":{"@type":"ImageObject","inLanguage":"pt-PT","@id":"https:\/\/aliancaevangelica.pt\/site\/#\/schema\/logo\/image\/","url":"https:\/\/aliancaevangelica.pt\/site\/wp-content\/uploads\/2017\/11\/logo-AEP-cor.png","contentUrl":"https:\/\/aliancaevangelica.pt\/site\/wp-content\/uploads\/2017\/11\/logo-AEP-cor.png","width":1156,"height":672,"caption":"Alian\u00e7a Evang\u00e9lica Portuguesa"},"image":{"@id":"https:\/\/aliancaevangelica.pt\/site\/#\/schema\/logo\/image\/"},"sameAs":["http:\/\/facebook.com\/aeportuguesa","http:\/\/instagram.com\/aliancaep","http:\/\/youtube.com\/aeportuguesa"]},{"@type":"Person","@id":"https:\/\/aliancaevangelica.pt\/site\/#\/schema\/person\/3b47cfc7535eff1e820f31c2d67eafcf","name":"AEP","sameAs":["aeportugal"],"url":"https:\/\/aliancaevangelica.pt\/site\/author\/aeportugal\/"}]}},"uagb_featured_image_src":{"full":["https:\/\/aliancaevangelica.pt\/site\/wp-content\/uploads\/2020\/03\/avo\u0301s-e-netos-em-tempo-de-pandemia.jpg",626,417,false],"thumbnail":["https:\/\/aliancaevangelica.pt\/site\/wp-content\/uploads\/2020\/03\/avo\u0301s-e-netos-em-tempo-de-pandemia-150x150.jpg",150,150,true],"medium":["https:\/\/aliancaevangelica.pt\/site\/wp-content\/uploads\/2020\/03\/avo\u0301s-e-netos-em-tempo-de-pandemia-300x200.jpg",300,200,true],"medium_large":["https:\/\/aliancaevangelica.pt\/site\/wp-content\/uploads\/2020\/03\/avo\u0301s-e-netos-em-tempo-de-pandemia.jpg",626,417,false],"large":["https:\/\/aliancaevangelica.pt\/site\/wp-content\/uploads\/2020\/03\/avo\u0301s-e-netos-em-tempo-de-pandemia.jpg",626,417,false],"1536x1536":["https:\/\/aliancaevangelica.pt\/site\/wp-content\/uploads\/2020\/03\/avo\u0301s-e-netos-em-tempo-de-pandemia.jpg",626,417,false],"2048x2048":["https:\/\/aliancaevangelica.pt\/site\/wp-content\/uploads\/2020\/03\/avo\u0301s-e-netos-em-tempo-de-pandemia.jpg",626,417,false],"vp_sm":["https:\/\/aliancaevangelica.pt\/site\/wp-content\/uploads\/2020\/03\/avo\u0301s-e-netos-em-tempo-de-pandemia.jpg",500,333,false],"vp_md":["https:\/\/aliancaevangelica.pt\/site\/wp-content\/uploads\/2020\/03\/avo\u0301s-e-netos-em-tempo-de-pandemia.jpg",626,417,false],"vp_lg":["https:\/\/aliancaevangelica.pt\/site\/wp-content\/uploads\/2020\/03\/avo\u0301s-e-netos-em-tempo-de-pandemia.jpg",626,417,false],"vp_xl":["https:\/\/aliancaevangelica.pt\/site\/wp-content\/uploads\/2020\/03\/avo\u0301s-e-netos-em-tempo-de-pandemia.jpg",626,417,false],"vp_sm_popup":["https:\/\/aliancaevangelica.pt\/site\/wp-content\/uploads\/2020\/03\/avo\u0301s-e-netos-em-tempo-de-pandemia.jpg",500,333,false],"vp_md_popup":["https:\/\/aliancaevangelica.pt\/site\/wp-content\/uploads\/2020\/03\/avo\u0301s-e-netos-em-tempo-de-pandemia.jpg",626,417,false],"vp_xl_popup":["https:\/\/aliancaevangelica.pt\/site\/wp-content\/uploads\/2020\/03\/avo\u0301s-e-netos-em-tempo-de-pandemia.jpg",626,417,false],"newsx-150x100":["https:\/\/aliancaevangelica.pt\/site\/wp-content\/uploads\/2020\/03\/avo\u0301s-e-netos-em-tempo-de-pandemia.jpg",150,100,false],"newsx-330x220":["https:\/\/aliancaevangelica.pt\/site\/wp-content\/uploads\/2020\/03\/avo\u0301s-e-netos-em-tempo-de-pandemia.jpg",330,220,false],"newsx-420x280":["https:\/\/aliancaevangelica.pt\/site\/wp-content\/uploads\/2020\/03\/avo\u0301s-e-netos-em-tempo-de-pandemia.jpg",420,280,false],"newsx-510x340":["https:\/\/aliancaevangelica.pt\/site\/wp-content\/uploads\/2020\/03\/avo\u0301s-e-netos-em-tempo-de-pandemia.jpg",510,340,false],"newsx-640x480":["https:\/\/aliancaevangelica.pt\/site\/wp-content\/uploads\/2020\/03\/avo\u0301s-e-netos-em-tempo-de-pandemia.jpg",626,417,false],"newsx-670x370":["https:\/\/aliancaevangelica.pt\/site\/wp-content\/uploads\/2020\/03\/avo\u0301s-e-netos-em-tempo-de-pandemia.jpg",555,370,false],"newsx-860x570":["https:\/\/aliancaevangelica.pt\/site\/wp-content\/uploads\/2020\/03\/avo\u0301s-e-netos-em-tempo-de-pandemia.jpg",626,417,false],"newsx-1000x750":["https:\/\/aliancaevangelica.pt\/site\/wp-content\/uploads\/2020\/03\/avo\u0301s-e-netos-em-tempo-de-pandemia.jpg",626,417,false],"newsx-1200x600":["https:\/\/aliancaevangelica.pt\/site\/wp-content\/uploads\/2020\/03\/avo\u0301s-e-netos-em-tempo-de-pandemia.jpg",626,417,false]},"uagb_author_info":{"display_name":"AEP","author_link":"https:\/\/aliancaevangelica.pt\/site\/author\/aeportugal\/"},"uagb_comment_info":0,"uagb_excerpt":"&#8220;O maior orgulho e alegria para os velhos s\u00e3o os seus netos;&#8221; (Prov\u00e9rbios 17:6, A B\u00edblia Viva) Olhamos para os nossos netos e vemos o que os pais deles ainda n\u00e3o conseguem ver completamente: vemos a sua perfei\u00e7\u00e3o, a sua intelig\u00eancia, perspic\u00e1cia, alegria e for\u00e7a de viver, o reflexo dos pr\u00f3prios pais e o nosso","_links":{"self":[{"href":"https:\/\/aliancaevangelica.pt\/site\/wp-json\/wp\/v2\/posts\/18143","targetHints":{"allow":["GET"]}}],"collection":[{"href":"https:\/\/aliancaevangelica.pt\/site\/wp-json\/wp\/v2\/posts"}],"about":[{"href":"https:\/\/aliancaevangelica.pt\/site\/wp-json\/wp\/v2\/types\/post"}],"author":[{"embeddable":true,"href":"https:\/\/aliancaevangelica.pt\/site\/wp-json\/wp\/v2\/users\/2"}],"replies":[{"embeddable":true,"href":"https:\/\/aliancaevangelica.pt\/site\/wp-json\/wp\/v2\/comments?post=18143"}],"version-history":[{"count":3,"href":"https:\/\/aliancaevangelica.pt\/site\/wp-json\/wp\/v2\/posts\/18143\/revisions"}],"predecessor-version":[{"id":18184,"href":"https:\/\/aliancaevangelica.pt\/site\/wp-json\/wp\/v2\/posts\/18143\/revisions\/18184"}],"wp:featuredmedia":[{"embeddable":true,"href":"https:\/\/aliancaevangelica.pt\/site\/wp-json\/wp\/v2\/media\/18144"}],"wp:attachment":[{"href":"https:\/\/aliancaevangelica.pt\/site\/wp-json\/wp\/v2\/media?parent=18143"}],"wp:term":[{"taxonomy":"category","embeddable":true,"href":"https:\/\/aliancaevangelica.pt\/site\/wp-json\/wp\/v2\/categories?post=18143"},{"taxonomy":"post_tag","embeddable":true,"href":"https:\/\/aliancaevangelica.pt\/site\/wp-json\/wp\/v2\/tags?post=18143"}],"curies":[{"name":"wp","href":"https:\/\/api.w.org\/{rel}","templated":true}]}}