{"id":18138,"date":"2020-04-03T08:00:29","date_gmt":"2020-04-03T08:00:29","guid":{"rendered":"https:\/\/aliancaevangelica.pt\/site\/?p=18138"},"modified":"2020-03-30T17:20:57","modified_gmt":"2020-03-30T17:20:57","slug":"mudancas-necessarias","status":"publish","type":"post","link":"https:\/\/aliancaevangelica.pt\/site\/mudancas-necessarias\/","title":{"rendered":"Mudan\u00e7as necess\u00e1rias!"},"content":{"rendered":"<p class=\"p2\"><span class=\"s1\">Vivemos um tempo de grande perplexidade, medo, preocupa\u00e7\u00e3o, priva\u00e7\u00e3o. Como crist\u00e3os, \u00e9 a oportunidade de aprofundar a nossa f\u00e9. Como Jeremias, podemos dizer: \u201cTodavia, lembro-me tamb\u00e9m do que pode dar-me esperan\u00e7a: Gra\u00e7as ao grande amor do Senhor \u00e9 que n\u00e3o somos consumidos, pois as suas miseric\u00f3rdias s\u00e3o inesgot\u00e1veis. Renovam-se cada manh\u00e3; grande \u00e9 a tua fidelidade!\u201d Lm 3:21-23<\/span><\/p>\n<p class=\"p2\"><span class=\"s1\">O sofrimento \u00e9 esperado num mundo que jaz no maligno. Em vez de nos chocarmos com o mal, n\u00f3s dev\u00edamos surpreender-nos com o bem, com o facto de continuarmos amados por Deus, com a bondade de Deus manifesta de in\u00fameras maneiras &#8211; o sol continua a brilhar, a natureza renova-se \u2013 e, principalmente, Cristo provou o Seu amor na cruz.<\/span><\/p>\n<p class=\"p2\"><span class=\"s1\">C.S Lewis diz que o sofrimento \u00e9 o megafone de Deus. \u00c9 leg\u00edtimo orar para Deus aliviar o sofrimento, mas precisamos tamb\u00e9m de perceber a mensagem que Deus est\u00e1 a enviando \u00e0 humanidade, \u00e0 sua igreja e a cada um de n\u00f3s.<\/span><\/p>\n<p class=\"p2\"><span class=\"s1\">N\u00e3o pretendo ser porta-voz de Deus, mas apenas sugerir algumas linhas de reflex\u00e3o.<\/span><\/p>\n<p class=\"p2\"><span class=\"s1\"><strong>Para a humanidade:<\/strong> esta pandemia mostra que somos todos afetados pelo que acontece na terra, mesmo se for do outro lado do mundo. Mostra que o desenvolvimento tecnol\u00f3gico n\u00e3o se acompanhou de um desenvolvimento social equilibrado. E este desequilibro torna a vida muito prec\u00e1ria. Somos fr\u00e1geis, vulner\u00e1veis e ef\u00e9meros. Da\u00ed a necessidade de sermos solid\u00e1rios, de rever as nossas prioridades, este modelo econ\u00f3mico insustent\u00e1vel, a grande desigualdade social, a falta de investimento em sa\u00fade, saneamento b\u00e1sico e educa\u00e7\u00e3o, principalmente nos pa\u00edses mais pobres. Como cidad\u00e3os, precisamos rever os nossos padr\u00f5es de consumo, consumir menos bens materiais e mais bens culturais, gerar menos lixo e gastar menos recursos finitos da terra, apoiar a\u00e7\u00f5es solid\u00e1rias em dire\u00e7\u00e3o aos exclu\u00eddos, aos que sofrem, aos desfavorecidos. \u00c9 not\u00e1vel que, enquanto homens morem asfixiados pelo v\u00edrus, a natureza respira, a polui\u00e7\u00e3o diminui. <\/span><\/p>\n<p class=\"p2\"><span class=\"s1\"><strong>Para a Igreja:<\/strong> perceber que sua ess\u00eancia s\u00e3o as pessoas, que precisamos de investir mais em pessoas que em locais, priorizar o exerc\u00edcio da f\u00e9 em fam\u00edlia, nas casas. Zelar pela qualidade dos nossos v\u00ednculos familiares. Rever os nossos modelos e padr\u00f5es religiosos para promover o exerc\u00edcio dos dons. N\u00e3o h\u00e1 membro in\u00fatil no corpo. No entanto, muitos se contentam em assistir ao culto e, no m\u00e1ximo, contribuir financeiramente. Somos todos sacerdotes, todos mission\u00e1rios e disc\u00edpulos de Cristo. Chamados a aprender a amar e servir a Deus no outro. Talvez o primeiro passo seja realmente confessar as nossas falhas e omiss\u00f5es e iniciar um processo de mudan\u00e7a: orando e tomando iniciativas. Lembremos 2 Cr 7:13,14 \u201cSe eu fechar os c\u00e9us, e n\u00e3o houver chuva; ou se ordenar aos gafanhotos que consumam a terra; ou se enviar a peste entre o meu povo; E se o meu povo, que se chama pelo meu nome, se humilhar, e orar, e buscar a minha face e se converter dos seus maus caminhos, ent\u00e3o eu ouvirei dos c\u00e9us, e perdoarei os seus pecados, e sararei a sua terra.\u201d<\/span><\/p>\n<p class=\"p2\"><span class=\"s1\"><strong>Individualmente:<\/strong> Deus convida-nos a nos aquietar, entrar no quarto do nosso cora\u00e7\u00e3o e nos aproximar para aprofundar a nossa intimidade com Ele. Deus convida-nos a derramar o nosso cora\u00e7\u00e3o e a receber a Sua paz, Fp 4:6,7 \u201cN\u00e3o estejais inquietos por coisa alguma; antes as vossas peti\u00e7\u00f5es sejam em tudo conhecidas diante de Deus pela ora\u00e7\u00e3o e s\u00faplica, com a\u00e7\u00e3o de gra\u00e7as. E a paz de Deus, que excede todo o entendimento, guardar\u00e1 os vossos cora\u00e7\u00f5es e os vossos pensamentos em Cristo Jesus.\u201d Aprofundar a nossa intimidade \u00e9 tamb\u00e9m aprender a silenciar para ouvi-Lo atrav\u00e9s da Sua Palavra e das revela\u00e7\u00f5es que Ele quiser nos dar.<\/span><\/p>\n<p class=\"p2\"><span class=\"s1\">A partir do seu acolhimento incondicional, podemos olhar para dentro de n\u00f3s neste tempo de quarentena e de quaresma para identificar e confessar aquilo que distorce a Sua imagem em n\u00f3s. O pecado distorce a nossa vis\u00e3o de n\u00f3s mesmos e do mundo. Assim como Jesus curou o cego, ele quer hoje curar a nossa cegueira espiritual.<\/span><\/p>\n<p class=\"p2\"><span class=\"s1\">Que possamos enxergar na Sua Luz para iluminar outros. Sigamos o conselho de Paulo aos Ef 5:8-10 \u201cPorque outrora voc\u00eas eram trevas, mas agora s\u00e3o luz no Senhor. Vivam como filhos da luz, pois o fruto da luz consiste em toda bondade, justi\u00e7a e verdade; e aprendam a discernir o que \u00e9 agrad\u00e1vel ao Senhor.\u201d<\/span><\/p>\n<p class=\"p2\"><span class=\"s1\"><strong>Resumindo:<\/strong> Vamos lavar as m\u00e3os e tamb\u00e9m o cora\u00e7\u00e3o. Aproveitar este tempo de quaresma\/quarentena para refletir sobre a nossa vida, as nossas escolhas, confessar os descaminhos e reorientar a nossa vida de acordo com os valores do Reino, cuidando do nosso cora\u00e7\u00e3o, do pr\u00f3ximo e do mundo que Deus nos confiou.<\/span><\/p>\n<p class=\"p2\"><span class=\"s1\">Estamos vivendo uma crise. Crise, no ideograma chin\u00eas \u00e9 perigo e oportunidade. Se tirar o s, sobra crie! \u00c9 oportunidade de desenvolver novas habilidades e delinear novas prioridades. Uma paragem para gerar um recome\u00e7o. A Gra\u00e7a \u00e9 a possibilidade de recome\u00e7ar sempre!<\/span><\/p>\n<p class=\"p2\"><span class=\"s1\">Que todo o sofrimento deste per\u00edodo seja revertido em transforma\u00e7\u00e3o para nos tornar mais parecidos com Cristo! Am\u00e9m!<\/span><\/p>\n<p>&nbsp;<\/p>\n<p>[movedo_single_image image=&#8221;16234&#8243; animation=&#8221;grve-zoom-in&#8221;] Isabelle Ludovico da Silva<br \/>\nPsic\u00f3loga cl\u00ednica com especializa\u00e7\u00e3o em Terapia Familiar Sist\u00e9mica.<\/p>\n<p class=\"p1\"><span class=\"s1\"><a href=\"mailto:isabelle@ludovicosilva.com.br\"><b>isabelle@ludovicosilva.com.br<\/b><\/a><\/span><\/p>\n","protected":false},"excerpt":{"rendered":"<p>Vivemos um tempo de grande perplexidade, medo, preocupa\u00e7\u00e3o, priva\u00e7\u00e3o. Como crist\u00e3os, \u00e9 a oportunidade de aprofundar a nossa f\u00e9. Como Jeremias, podemos dizer: \u201cTodavia, lembro-me tamb\u00e9m do que pode dar-me esperan\u00e7a: Gra\u00e7as ao grande amor do Senhor \u00e9 que n\u00e3o somos consumidos, pois as suas miseric\u00f3rdias s\u00e3o inesgot\u00e1veis. Renovam-se cada manh\u00e3; grande \u00e9 a tua<\/p>\n","protected":false},"author":2,"featured_media":18139,"comment_status":"open","ping_status":"open","sticky":false,"template":"","format":"standard","meta":{"_uag_custom_page_level_css":"","_themeisle_gutenberg_block_has_review":false,"_vp_format_video_url":"","_vp_image_focal_point":[],"footnotes":""},"categories":[45,47],"tags":[181],"class_list":["post-18138","post","type-post","status-publish","format-standard","has-post-thumbnail","hentry","category-geral","category-mulheres-casais-e-familia","tag-1-geral"],"yoast_head":"<!-- This site is optimized with the Yoast SEO plugin v27.5 - https:\/\/yoast.com\/product\/yoast-seo-wordpress\/ -->\n<title>Mudan\u00e7as necess\u00e1rias! - AEP<\/title>\n<meta name=\"robots\" content=\"index, follow, max-snippet:-1, max-image-preview:large, max-video-preview:-1\" \/>\n<link rel=\"canonical\" href=\"https:\/\/aliancaevangelica.pt\/site\/mudancas-necessarias\/\" \/>\n<meta property=\"og:locale\" content=\"pt_PT\" \/>\n<meta property=\"og:type\" content=\"article\" \/>\n<meta property=\"og:title\" content=\"Mudan\u00e7as necess\u00e1rias! - AEP\" \/>\n<meta property=\"og:description\" content=\"Vivemos um tempo de grande perplexidade, medo, preocupa\u00e7\u00e3o, priva\u00e7\u00e3o. Como crist\u00e3os, \u00e9 a oportunidade de aprofundar a nossa f\u00e9. Como Jeremias, podemos dizer: \u201cTodavia, lembro-me tamb\u00e9m do que pode dar-me esperan\u00e7a: Gra\u00e7as ao grande amor do Senhor \u00e9 que n\u00e3o somos consumidos, pois as suas miseric\u00f3rdias s\u00e3o inesgot\u00e1veis. Renovam-se cada manh\u00e3; grande \u00e9 a tua\" \/>\n<meta property=\"og:url\" content=\"https:\/\/aliancaevangelica.pt\/site\/mudancas-necessarias\/\" \/>\n<meta property=\"og:site_name\" content=\"AEP\" \/>\n<meta property=\"article:publisher\" content=\"http:\/\/facebook.com\/aeportuguesa\" \/>\n<meta property=\"article:author\" content=\"aeportugal\" \/>\n<meta property=\"article:published_time\" content=\"2020-04-03T08:00:29+00:00\" \/>\n<meta property=\"og:image\" content=\"https:\/\/aliancaevangelica.pt\/site\/wp-content\/uploads\/2020\/03\/Captura-de-ecra\u0303-2020-03-30-a\u0300s-17.12.02.png\" \/>\n\t<meta property=\"og:image:width\" content=\"957\" \/>\n\t<meta property=\"og:image:height\" content=\"637\" \/>\n\t<meta property=\"og:image:type\" content=\"image\/png\" \/>\n<meta name=\"author\" content=\"AEP\" \/>\n<meta name=\"twitter:card\" content=\"summary_large_image\" \/>\n<meta name=\"twitter:label1\" content=\"Escrito por\" \/>\n\t<meta name=\"twitter:data1\" content=\"AEP\" \/>\n\t<meta name=\"twitter:label2\" content=\"Tempo estimado de leitura\" \/>\n\t<meta name=\"twitter:data2\" content=\"5 minutos\" \/>\n<script type=\"application\/ld+json\" class=\"yoast-schema-graph\">{\"@context\":\"https:\\\/\\\/schema.org\",\"@graph\":[{\"@type\":\"Article\",\"@id\":\"https:\\\/\\\/aliancaevangelica.pt\\\/site\\\/mudancas-necessarias\\\/#article\",\"isPartOf\":{\"@id\":\"https:\\\/\\\/aliancaevangelica.pt\\\/site\\\/mudancas-necessarias\\\/\"},\"author\":{\"name\":\"AEP\",\"@id\":\"https:\\\/\\\/aliancaevangelica.pt\\\/site\\\/#\\\/schema\\\/person\\\/3b47cfc7535eff1e820f31c2d67eafcf\"},\"headline\":\"Mudan\u00e7as necess\u00e1rias!\",\"datePublished\":\"2020-04-03T08:00:29+00:00\",\"mainEntityOfPage\":{\"@id\":\"https:\\\/\\\/aliancaevangelica.pt\\\/site\\\/mudancas-necessarias\\\/\"},\"wordCount\":928,\"commentCount\":0,\"publisher\":{\"@id\":\"https:\\\/\\\/aliancaevangelica.pt\\\/site\\\/#organization\"},\"image\":{\"@id\":\"https:\\\/\\\/aliancaevangelica.pt\\\/site\\\/mudancas-necessarias\\\/#primaryimage\"},\"thumbnailUrl\":\"https:\\\/\\\/aliancaevangelica.pt\\\/site\\\/wp-content\\\/uploads\\\/2020\\\/03\\\/Captura-de-ecra\u0303-2020-03-30-a\u0300s-17.12.02.png\",\"keywords\":[\"1-Geral\"],\"articleSection\":[\"GERAL\",\"MULHERES, CASAIS E FAM\u00cdLIA\"],\"inLanguage\":\"pt-PT\",\"potentialAction\":[{\"@type\":\"CommentAction\",\"name\":\"Comment\",\"target\":[\"https:\\\/\\\/aliancaevangelica.pt\\\/site\\\/mudancas-necessarias\\\/#respond\"]}]},{\"@type\":\"WebPage\",\"@id\":\"https:\\\/\\\/aliancaevangelica.pt\\\/site\\\/mudancas-necessarias\\\/\",\"url\":\"https:\\\/\\\/aliancaevangelica.pt\\\/site\\\/mudancas-necessarias\\\/\",\"name\":\"Mudan\u00e7as necess\u00e1rias! - AEP\",\"isPartOf\":{\"@id\":\"https:\\\/\\\/aliancaevangelica.pt\\\/site\\\/#website\"},\"primaryImageOfPage\":{\"@id\":\"https:\\\/\\\/aliancaevangelica.pt\\\/site\\\/mudancas-necessarias\\\/#primaryimage\"},\"image\":{\"@id\":\"https:\\\/\\\/aliancaevangelica.pt\\\/site\\\/mudancas-necessarias\\\/#primaryimage\"},\"thumbnailUrl\":\"https:\\\/\\\/aliancaevangelica.pt\\\/site\\\/wp-content\\\/uploads\\\/2020\\\/03\\\/Captura-de-ecra\u0303-2020-03-30-a\u0300s-17.12.02.png\",\"datePublished\":\"2020-04-03T08:00:29+00:00\",\"breadcrumb\":{\"@id\":\"https:\\\/\\\/aliancaevangelica.pt\\\/site\\\/mudancas-necessarias\\\/#breadcrumb\"},\"inLanguage\":\"pt-PT\",\"potentialAction\":[{\"@type\":\"ReadAction\",\"target\":[\"https:\\\/\\\/aliancaevangelica.pt\\\/site\\\/mudancas-necessarias\\\/\"]}]},{\"@type\":\"ImageObject\",\"inLanguage\":\"pt-PT\",\"@id\":\"https:\\\/\\\/aliancaevangelica.pt\\\/site\\\/mudancas-necessarias\\\/#primaryimage\",\"url\":\"https:\\\/\\\/aliancaevangelica.pt\\\/site\\\/wp-content\\\/uploads\\\/2020\\\/03\\\/Captura-de-ecra\u0303-2020-03-30-a\u0300s-17.12.02.png\",\"contentUrl\":\"https:\\\/\\\/aliancaevangelica.pt\\\/site\\\/wp-content\\\/uploads\\\/2020\\\/03\\\/Captura-de-ecra\u0303-2020-03-30-a\u0300s-17.12.02.png\",\"width\":957,\"height\":637},{\"@type\":\"BreadcrumbList\",\"@id\":\"https:\\\/\\\/aliancaevangelica.pt\\\/site\\\/mudancas-necessarias\\\/#breadcrumb\",\"itemListElement\":[{\"@type\":\"ListItem\",\"position\":1,\"name\":\"In\u00edcio\",\"item\":\"https:\\\/\\\/aliancaevangelica.pt\\\/site\\\/\"},{\"@type\":\"ListItem\",\"position\":2,\"name\":\"Mudan\u00e7as necess\u00e1rias!\"}]},{\"@type\":\"WebSite\",\"@id\":\"https:\\\/\\\/aliancaevangelica.pt\\\/site\\\/#website\",\"url\":\"https:\\\/\\\/aliancaevangelica.pt\\\/site\\\/\",\"name\":\"Alian\u00e7a Evang\u00e9lica Portuguesa\",\"description\":\"Alian\u00e7a Evang\u00e9lica Portuguesa\",\"publisher\":{\"@id\":\"https:\\\/\\\/aliancaevangelica.pt\\\/site\\\/#organization\"},\"potentialAction\":[{\"@type\":\"SearchAction\",\"target\":{\"@type\":\"EntryPoint\",\"urlTemplate\":\"https:\\\/\\\/aliancaevangelica.pt\\\/site\\\/?s={search_term_string}\"},\"query-input\":{\"@type\":\"PropertyValueSpecification\",\"valueRequired\":true,\"valueName\":\"search_term_string\"}}],\"inLanguage\":\"pt-PT\"},{\"@type\":\"Organization\",\"@id\":\"https:\\\/\\\/aliancaevangelica.pt\\\/site\\\/#organization\",\"name\":\"Alian\u00e7a Evang\u00e9lica Portuguesa\",\"url\":\"https:\\\/\\\/aliancaevangelica.pt\\\/site\\\/\",\"logo\":{\"@type\":\"ImageObject\",\"inLanguage\":\"pt-PT\",\"@id\":\"https:\\\/\\\/aliancaevangelica.pt\\\/site\\\/#\\\/schema\\\/logo\\\/image\\\/\",\"url\":\"https:\\\/\\\/aliancaevangelica.pt\\\/site\\\/wp-content\\\/uploads\\\/2017\\\/11\\\/logo-AEP-cor.png\",\"contentUrl\":\"https:\\\/\\\/aliancaevangelica.pt\\\/site\\\/wp-content\\\/uploads\\\/2017\\\/11\\\/logo-AEP-cor.png\",\"width\":1156,\"height\":672,\"caption\":\"Alian\u00e7a Evang\u00e9lica Portuguesa\"},\"image\":{\"@id\":\"https:\\\/\\\/aliancaevangelica.pt\\\/site\\\/#\\\/schema\\\/logo\\\/image\\\/\"},\"sameAs\":[\"http:\\\/\\\/facebook.com\\\/aeportuguesa\",\"http:\\\/\\\/instagram.com\\\/aliancaep\",\"http:\\\/\\\/youtube.com\\\/aeportuguesa\"]},{\"@type\":\"Person\",\"@id\":\"https:\\\/\\\/aliancaevangelica.pt\\\/site\\\/#\\\/schema\\\/person\\\/3b47cfc7535eff1e820f31c2d67eafcf\",\"name\":\"AEP\",\"sameAs\":[\"aeportugal\"],\"url\":\"https:\\\/\\\/aliancaevangelica.pt\\\/site\\\/author\\\/aeportugal\\\/\"}]}<\/script>\n<!-- \/ Yoast SEO plugin. -->","yoast_head_json":{"title":"Mudan\u00e7as necess\u00e1rias! - AEP","robots":{"index":"index","follow":"follow","max-snippet":"max-snippet:-1","max-image-preview":"max-image-preview:large","max-video-preview":"max-video-preview:-1"},"canonical":"https:\/\/aliancaevangelica.pt\/site\/mudancas-necessarias\/","og_locale":"pt_PT","og_type":"article","og_title":"Mudan\u00e7as necess\u00e1rias! - AEP","og_description":"Vivemos um tempo de grande perplexidade, medo, preocupa\u00e7\u00e3o, priva\u00e7\u00e3o. Como crist\u00e3os, \u00e9 a oportunidade de aprofundar a nossa f\u00e9. Como Jeremias, podemos dizer: \u201cTodavia, lembro-me tamb\u00e9m do que pode dar-me esperan\u00e7a: Gra\u00e7as ao grande amor do Senhor \u00e9 que n\u00e3o somos consumidos, pois as suas miseric\u00f3rdias s\u00e3o inesgot\u00e1veis. Renovam-se cada manh\u00e3; grande \u00e9 a tua","og_url":"https:\/\/aliancaevangelica.pt\/site\/mudancas-necessarias\/","og_site_name":"AEP","article_publisher":"http:\/\/facebook.com\/aeportuguesa","article_author":"aeportugal","article_published_time":"2020-04-03T08:00:29+00:00","og_image":[{"width":957,"height":637,"url":"https:\/\/aliancaevangelica.pt\/site\/wp-content\/uploads\/2020\/03\/Captura-de-ecra\u0303-2020-03-30-a\u0300s-17.12.02.png","type":"image\/png"}],"author":"AEP","twitter_card":"summary_large_image","twitter_misc":{"Escrito por":"AEP","Tempo estimado de leitura":"5 minutos"},"schema":{"@context":"https:\/\/schema.org","@graph":[{"@type":"Article","@id":"https:\/\/aliancaevangelica.pt\/site\/mudancas-necessarias\/#article","isPartOf":{"@id":"https:\/\/aliancaevangelica.pt\/site\/mudancas-necessarias\/"},"author":{"name":"AEP","@id":"https:\/\/aliancaevangelica.pt\/site\/#\/schema\/person\/3b47cfc7535eff1e820f31c2d67eafcf"},"headline":"Mudan\u00e7as necess\u00e1rias!","datePublished":"2020-04-03T08:00:29+00:00","mainEntityOfPage":{"@id":"https:\/\/aliancaevangelica.pt\/site\/mudancas-necessarias\/"},"wordCount":928,"commentCount":0,"publisher":{"@id":"https:\/\/aliancaevangelica.pt\/site\/#organization"},"image":{"@id":"https:\/\/aliancaevangelica.pt\/site\/mudancas-necessarias\/#primaryimage"},"thumbnailUrl":"https:\/\/aliancaevangelica.pt\/site\/wp-content\/uploads\/2020\/03\/Captura-de-ecra\u0303-2020-03-30-a\u0300s-17.12.02.png","keywords":["1-Geral"],"articleSection":["GERAL","MULHERES, CASAIS E FAM\u00cdLIA"],"inLanguage":"pt-PT","potentialAction":[{"@type":"CommentAction","name":"Comment","target":["https:\/\/aliancaevangelica.pt\/site\/mudancas-necessarias\/#respond"]}]},{"@type":"WebPage","@id":"https:\/\/aliancaevangelica.pt\/site\/mudancas-necessarias\/","url":"https:\/\/aliancaevangelica.pt\/site\/mudancas-necessarias\/","name":"Mudan\u00e7as necess\u00e1rias! - AEP","isPartOf":{"@id":"https:\/\/aliancaevangelica.pt\/site\/#website"},"primaryImageOfPage":{"@id":"https:\/\/aliancaevangelica.pt\/site\/mudancas-necessarias\/#primaryimage"},"image":{"@id":"https:\/\/aliancaevangelica.pt\/site\/mudancas-necessarias\/#primaryimage"},"thumbnailUrl":"https:\/\/aliancaevangelica.pt\/site\/wp-content\/uploads\/2020\/03\/Captura-de-ecra\u0303-2020-03-30-a\u0300s-17.12.02.png","datePublished":"2020-04-03T08:00:29+00:00","breadcrumb":{"@id":"https:\/\/aliancaevangelica.pt\/site\/mudancas-necessarias\/#breadcrumb"},"inLanguage":"pt-PT","potentialAction":[{"@type":"ReadAction","target":["https:\/\/aliancaevangelica.pt\/site\/mudancas-necessarias\/"]}]},{"@type":"ImageObject","inLanguage":"pt-PT","@id":"https:\/\/aliancaevangelica.pt\/site\/mudancas-necessarias\/#primaryimage","url":"https:\/\/aliancaevangelica.pt\/site\/wp-content\/uploads\/2020\/03\/Captura-de-ecra\u0303-2020-03-30-a\u0300s-17.12.02.png","contentUrl":"https:\/\/aliancaevangelica.pt\/site\/wp-content\/uploads\/2020\/03\/Captura-de-ecra\u0303-2020-03-30-a\u0300s-17.12.02.png","width":957,"height":637},{"@type":"BreadcrumbList","@id":"https:\/\/aliancaevangelica.pt\/site\/mudancas-necessarias\/#breadcrumb","itemListElement":[{"@type":"ListItem","position":1,"name":"In\u00edcio","item":"https:\/\/aliancaevangelica.pt\/site\/"},{"@type":"ListItem","position":2,"name":"Mudan\u00e7as necess\u00e1rias!"}]},{"@type":"WebSite","@id":"https:\/\/aliancaevangelica.pt\/site\/#website","url":"https:\/\/aliancaevangelica.pt\/site\/","name":"Alian\u00e7a Evang\u00e9lica Portuguesa","description":"Alian\u00e7a Evang\u00e9lica Portuguesa","publisher":{"@id":"https:\/\/aliancaevangelica.pt\/site\/#organization"},"potentialAction":[{"@type":"SearchAction","target":{"@type":"EntryPoint","urlTemplate":"https:\/\/aliancaevangelica.pt\/site\/?s={search_term_string}"},"query-input":{"@type":"PropertyValueSpecification","valueRequired":true,"valueName":"search_term_string"}}],"inLanguage":"pt-PT"},{"@type":"Organization","@id":"https:\/\/aliancaevangelica.pt\/site\/#organization","name":"Alian\u00e7a Evang\u00e9lica Portuguesa","url":"https:\/\/aliancaevangelica.pt\/site\/","logo":{"@type":"ImageObject","inLanguage":"pt-PT","@id":"https:\/\/aliancaevangelica.pt\/site\/#\/schema\/logo\/image\/","url":"https:\/\/aliancaevangelica.pt\/site\/wp-content\/uploads\/2017\/11\/logo-AEP-cor.png","contentUrl":"https:\/\/aliancaevangelica.pt\/site\/wp-content\/uploads\/2017\/11\/logo-AEP-cor.png","width":1156,"height":672,"caption":"Alian\u00e7a Evang\u00e9lica Portuguesa"},"image":{"@id":"https:\/\/aliancaevangelica.pt\/site\/#\/schema\/logo\/image\/"},"sameAs":["http:\/\/facebook.com\/aeportuguesa","http:\/\/instagram.com\/aliancaep","http:\/\/youtube.com\/aeportuguesa"]},{"@type":"Person","@id":"https:\/\/aliancaevangelica.pt\/site\/#\/schema\/person\/3b47cfc7535eff1e820f31c2d67eafcf","name":"AEP","sameAs":["aeportugal"],"url":"https:\/\/aliancaevangelica.pt\/site\/author\/aeportugal\/"}]}},"uagb_featured_image_src":{"full":["https:\/\/aliancaevangelica.pt\/site\/wp-content\/uploads\/2020\/03\/Captura-de-ecra\u0303-2020-03-30-a\u0300s-17.12.02.png",957,637,false],"thumbnail":["https:\/\/aliancaevangelica.pt\/site\/wp-content\/uploads\/2020\/03\/Captura-de-ecra\u0303-2020-03-30-a\u0300s-17.12.02-150x150.png",150,150,true],"medium":["https:\/\/aliancaevangelica.pt\/site\/wp-content\/uploads\/2020\/03\/Captura-de-ecra\u0303-2020-03-30-a\u0300s-17.12.02-300x200.png",300,200,true],"medium_large":["https:\/\/aliancaevangelica.pt\/site\/wp-content\/uploads\/2020\/03\/Captura-de-ecra\u0303-2020-03-30-a\u0300s-17.12.02-768x511.png",768,511,true],"large":["https:\/\/aliancaevangelica.pt\/site\/wp-content\/uploads\/2020\/03\/Captura-de-ecra\u0303-2020-03-30-a\u0300s-17.12.02.png",957,637,false],"1536x1536":["https:\/\/aliancaevangelica.pt\/site\/wp-content\/uploads\/2020\/03\/Captura-de-ecra\u0303-2020-03-30-a\u0300s-17.12.02.png",957,637,false],"2048x2048":["https:\/\/aliancaevangelica.pt\/site\/wp-content\/uploads\/2020\/03\/Captura-de-ecra\u0303-2020-03-30-a\u0300s-17.12.02.png",957,637,false],"vp_sm":["https:\/\/aliancaevangelica.pt\/site\/wp-content\/uploads\/2020\/03\/Captura-de-ecra\u0303-2020-03-30-a\u0300s-17.12.02.png",500,333,false],"vp_md":["https:\/\/aliancaevangelica.pt\/site\/wp-content\/uploads\/2020\/03\/Captura-de-ecra\u0303-2020-03-30-a\u0300s-17.12.02.png",800,532,false],"vp_lg":["https:\/\/aliancaevangelica.pt\/site\/wp-content\/uploads\/2020\/03\/Captura-de-ecra\u0303-2020-03-30-a\u0300s-17.12.02.png",957,637,false],"vp_xl":["https:\/\/aliancaevangelica.pt\/site\/wp-content\/uploads\/2020\/03\/Captura-de-ecra\u0303-2020-03-30-a\u0300s-17.12.02.png",957,637,false],"vp_sm_popup":["https:\/\/aliancaevangelica.pt\/site\/wp-content\/uploads\/2020\/03\/Captura-de-ecra\u0303-2020-03-30-a\u0300s-17.12.02.png",500,333,false],"vp_md_popup":["https:\/\/aliancaevangelica.pt\/site\/wp-content\/uploads\/2020\/03\/Captura-de-ecra\u0303-2020-03-30-a\u0300s-17.12.02.png",800,532,false],"vp_xl_popup":["https:\/\/aliancaevangelica.pt\/site\/wp-content\/uploads\/2020\/03\/Captura-de-ecra\u0303-2020-03-30-a\u0300s-17.12.02.png",957,637,false],"newsx-150x100":["https:\/\/aliancaevangelica.pt\/site\/wp-content\/uploads\/2020\/03\/Captura-de-ecra\u0303-2020-03-30-a\u0300s-17.12.02.png",150,100,false],"newsx-330x220":["https:\/\/aliancaevangelica.pt\/site\/wp-content\/uploads\/2020\/03\/Captura-de-ecra\u0303-2020-03-30-a\u0300s-17.12.02.png",330,220,false],"newsx-420x280":["https:\/\/aliancaevangelica.pt\/site\/wp-content\/uploads\/2020\/03\/Captura-de-ecra\u0303-2020-03-30-a\u0300s-17.12.02.png",420,280,false],"newsx-510x340":["https:\/\/aliancaevangelica.pt\/site\/wp-content\/uploads\/2020\/03\/Captura-de-ecra\u0303-2020-03-30-a\u0300s-17.12.02.png",510,340,false],"newsx-640x480":["https:\/\/aliancaevangelica.pt\/site\/wp-content\/uploads\/2020\/03\/Captura-de-ecra\u0303-2020-03-30-a\u0300s-17.12.02.png",640,426,false],"newsx-670x370":["https:\/\/aliancaevangelica.pt\/site\/wp-content\/uploads\/2020\/03\/Captura-de-ecra\u0303-2020-03-30-a\u0300s-17.12.02.png",556,370,false],"newsx-860x570":["https:\/\/aliancaevangelica.pt\/site\/wp-content\/uploads\/2020\/03\/Captura-de-ecra\u0303-2020-03-30-a\u0300s-17.12.02.png",856,570,false],"newsx-1000x750":["https:\/\/aliancaevangelica.pt\/site\/wp-content\/uploads\/2020\/03\/Captura-de-ecra\u0303-2020-03-30-a\u0300s-17.12.02.png",957,637,false],"newsx-1200x600":["https:\/\/aliancaevangelica.pt\/site\/wp-content\/uploads\/2020\/03\/Captura-de-ecra\u0303-2020-03-30-a\u0300s-17.12.02.png",901,600,false]},"uagb_author_info":{"display_name":"AEP","author_link":"https:\/\/aliancaevangelica.pt\/site\/author\/aeportugal\/"},"uagb_comment_info":0,"uagb_excerpt":"Vivemos um tempo de grande perplexidade, medo, preocupa\u00e7\u00e3o, priva\u00e7\u00e3o. Como crist\u00e3os, \u00e9 a oportunidade de aprofundar a nossa f\u00e9. Como Jeremias, podemos dizer: \u201cTodavia, lembro-me tamb\u00e9m do que pode dar-me esperan\u00e7a: Gra\u00e7as ao grande amor do Senhor \u00e9 que n\u00e3o somos consumidos, pois as suas miseric\u00f3rdias s\u00e3o inesgot\u00e1veis. Renovam-se cada manh\u00e3; grande \u00e9 a tua","_links":{"self":[{"href":"https:\/\/aliancaevangelica.pt\/site\/wp-json\/wp\/v2\/posts\/18138","targetHints":{"allow":["GET"]}}],"collection":[{"href":"https:\/\/aliancaevangelica.pt\/site\/wp-json\/wp\/v2\/posts"}],"about":[{"href":"https:\/\/aliancaevangelica.pt\/site\/wp-json\/wp\/v2\/types\/post"}],"author":[{"embeddable":true,"href":"https:\/\/aliancaevangelica.pt\/site\/wp-json\/wp\/v2\/users\/2"}],"replies":[{"embeddable":true,"href":"https:\/\/aliancaevangelica.pt\/site\/wp-json\/wp\/v2\/comments?post=18138"}],"version-history":[{"count":3,"href":"https:\/\/aliancaevangelica.pt\/site\/wp-json\/wp\/v2\/posts\/18138\/revisions"}],"predecessor-version":[{"id":18146,"href":"https:\/\/aliancaevangelica.pt\/site\/wp-json\/wp\/v2\/posts\/18138\/revisions\/18146"}],"wp:featuredmedia":[{"embeddable":true,"href":"https:\/\/aliancaevangelica.pt\/site\/wp-json\/wp\/v2\/media\/18139"}],"wp:attachment":[{"href":"https:\/\/aliancaevangelica.pt\/site\/wp-json\/wp\/v2\/media?parent=18138"}],"wp:term":[{"taxonomy":"category","embeddable":true,"href":"https:\/\/aliancaevangelica.pt\/site\/wp-json\/wp\/v2\/categories?post=18138"},{"taxonomy":"post_tag","embeddable":true,"href":"https:\/\/aliancaevangelica.pt\/site\/wp-json\/wp\/v2\/tags?post=18138"}],"curies":[{"name":"wp","href":"https:\/\/api.w.org\/{rel}","templated":true}]}}