{"id":18124,"date":"2020-03-20T16:55:15","date_gmt":"2020-03-20T16:55:15","guid":{"rendered":"https:\/\/aliancaevangelica.pt\/site\/?p=18124"},"modified":"2020-03-20T16:55:15","modified_gmt":"2020-03-20T16:55:15","slug":"o-sentir-de-uma-cidade","status":"publish","type":"post","link":"https:\/\/aliancaevangelica.pt\/site\/o-sentir-de-uma-cidade\/","title":{"rendered":"O SENTIR DE UMA CIDADE"},"content":{"rendered":"<p class=\"p1\"><span class=\"s1\">Como se fossemos numa viagem, ao ler a B\u00edblia encontramos diferentes paisagens, climas, ambientes, din\u00e2micas e preocupa\u00e7\u00f5es em cidades daquele tempo. <\/span><\/p>\n<h4 class=\"p1\"><span class=\"s1\"><b>Quatro cidades<\/b><\/span><\/h4>\n<p class=\"p1\"><span class=\"s1\">Curioso \u00e9 que, por vezes, tamb\u00e9m descobrimos \u201csentimentos\u201d nestas cidades. \u00c9 verdade, o texto refere o \u201cpulsar do cora\u00e7\u00e3o\u201d desta e daquela cidade, como se de uma pessoa se tratasse. Recordemos aqui algumas delas:<\/span><\/p>\n<p class=\"p1\"><strong><span class=\"s1\">Bel\u00e9m: Cidade comovida<\/span><\/strong><\/p>\n<p class=\"p1\"><span class=\"s1\">\u201cAssim, pois, foram-se ambas, at\u00e9 que chegaram a Bel\u00e9m; e sucedeu que, entrando elas em Bel\u00e9m, toda a cidade se comoveu por causa delas, e diziam: N\u00e3o \u00e9 esta Noemi?\u201d (Rute 1:19)<\/span><\/p>\n<p class=\"p1\"><strong><span class=\"s1\">Sus\u00e3: Cidade confusa<\/span><\/strong><\/p>\n<p class=\"p1\"><span class=\"s1\">\u201cOs correios, pois, impelidos pela palavra do rei, sa\u00edram, e a lei se proclamou na fortaleza de Sus\u00e3; e o rei e Ham\u00e3 se assentaram a beber; por\u00e9m a cidade de Sus\u00e3 estava confusa.\u201d (Ester 3:15)<\/span><\/p>\n<p class=\"p1\"><strong><span class=\"s1\">Jerusal\u00e9m: Cidade perturbada<\/span><\/strong><\/p>\n<p class=\"p1\"><span class=\"s1\">\u201cE o rei Herodes, ouvindo isto, perturbou-se, e toda Jerusal\u00e9m com ele.\u201d (Mateus 2:3)<\/span><\/p>\n<p class=\"p1\"><strong><span class=\"s1\">Samaria: Cidade alegre<\/span><\/strong><\/p>\n<p class=\"p1\"><span class=\"s1\">\u201cE havia grande alegria naquela cidade.\u201d (Actos 8:8)<\/span><\/p>\n<h4 class=\"p1\"><span class=\"s1\"><b>E a sua cidade?<\/b><\/span><\/h4>\n<p class=\"p1\"><span class=\"s1\">Que adjectivo lhe atribuiria, hoje? Como se sente a sua cidade? Possivelmente sente o mesmo que a minha. H\u00e1 lojas fechadas, edif\u00edcios escolares silenciosos, gin\u00e1sios sem movimento, ruas quase desertas. As nossas cidades est\u00e3o perplexas, receosas, perante a propaga\u00e7\u00e3o r\u00e1pida do coronav\u00edrus e todos os perigos da\u00ed decorrentes. O que lhe caber\u00e1 fazer? <\/span><\/p>\n<p class=\"p1\"><span class=\"s1\">\u201cAh, mas eu, sozinha, pouco poderei fazer pela minha cidade\u2026\u201d Talvez seja este o seu pensamento. Contudo, acredito que cada um(a) de n\u00f3s pode fazer mais do que imaginamos. \u00c9 que, nos quatro exemplos acima referidos, o sentimento de cada uma das cidades foi despertado por uma pessoa s\u00f3. Veja: <\/span><\/p>\n<p class=\"p1\"><strong><span class=\"s1\">Bel\u00e9m \u2013 o regresso de Noemi<\/span><\/strong><\/p>\n<p class=\"p1\"><strong><span class=\"s1\">Sus\u00e3 \u2013 a perversidade de Ham\u00e3<\/span><\/strong><\/p>\n<p class=\"p1\"><strong><span class=\"s1\">Jerusal\u00e9m \u2013 a perturba\u00e7\u00e3o de Herodes<\/span><\/strong><\/p>\n<p class=\"p1\"><strong><span class=\"s1\">Samaria \u2013 a prega\u00e7\u00e3o de Filipe<\/span><\/strong><\/p>\n<p class=\"p1\"><span class=\"s1\">Deixe que Deus a use, como Ele quiser, em favor da localidade onde vive.<\/span><\/p>\n<h4 class=\"p1\"><span class=\"s1\"><b>Duas ideias<\/b><\/span><\/h4>\n<p class=\"p1\"><span class=\"s1\">Aqui est\u00e3o elas: <\/span><\/p>\n<p class=\"p1\"><span class=\"s1\">&#8211; Cumprir \u00e0 risca tudo aquilo que tem sido recomendado, sem banalizar as informa\u00e7\u00f5es oficiais que vamos tendo sobre a situa\u00e7\u00e3o e valorizando a experi\u00eancia de outros pa\u00edses onde o v\u00edrus fez adoecer primeiro.\u00a0<\/span><\/p>\n<p class=\"p1\"><span class=\"s1\">&#8211; Reconhecer o amor de Deus pelas cidades e o Seu poder para curar a terra, e interceder em ora\u00e7\u00e3o, lembrando estas Suas palavras: \u201cE se o meu povo, que se chama pelo meu nome, se humilhar, e orar, e buscar a minha face e se converter dos seus maus caminhos, ent\u00e3o eu ouvirei dos c\u00e9us, e perdoarei os seus pecados, e sararei a sua terra.\u201d (II Cr\u00f3nicas 7:14)<\/span><\/p>\n<p class=\"p1\"><span class=\"s1\">Nestes dias, li algures esta frase: \u201cN\u00e3o est\u00e1 tudo bem, mas vai ficar.\u201d Acredito que sim, confiando no amor e na protec\u00e7\u00e3o do nosso Deus. <\/span><\/p>\n<p class=\"p1\"><span class=\"s1\">Para todas, um fim-de-semana aben\u00e7oado. <\/span><\/p>\n<p>[movedo_single_image image=&#8221;17799&#8243; animation=&#8221;grve-zoom-in&#8221;]Bertina Coias Tom\u00e9<br \/>\nPsic\u00f3loga, Especialista em Psicologia Cl\u00ednica e da Sa\u00fade e Psicologia Comunit\u00e1ria<\/p>\n","protected":false},"excerpt":{"rendered":"<p>Como se fossemos numa viagem, ao ler a B\u00edblia encontramos diferentes paisagens, climas, ambientes, din\u00e2micas e preocupa\u00e7\u00f5es em cidades daquele tempo. Quatro cidades Curioso \u00e9 que, por vezes, tamb\u00e9m descobrimos \u201csentimentos\u201d nestas cidades. \u00c9 verdade, o texto refere o \u201cpulsar do cora\u00e7\u00e3o\u201d desta e daquela cidade, como se de uma pessoa se tratasse. Recordemos aqui<\/p>\n","protected":false},"author":2,"featured_media":18126,"comment_status":"open","ping_status":"open","sticky":false,"template":"","format":"standard","meta":{"_uag_custom_page_level_css":"","_themeisle_gutenberg_block_has_review":false,"_vp_format_video_url":"","_vp_image_focal_point":[],"footnotes":""},"categories":[45,47],"tags":[181],"class_list":["post-18124","post","type-post","status-publish","format-standard","has-post-thumbnail","hentry","category-geral","category-mulheres-casais-e-familia","tag-1-geral"],"yoast_head":"<!-- This site is optimized with the Yoast SEO plugin v27.5 - https:\/\/yoast.com\/product\/yoast-seo-wordpress\/ -->\n<title>O SENTIR DE UMA CIDADE - AEP<\/title>\n<meta name=\"robots\" content=\"index, follow, max-snippet:-1, max-image-preview:large, max-video-preview:-1\" \/>\n<link rel=\"canonical\" href=\"https:\/\/aliancaevangelica.pt\/site\/o-sentir-de-uma-cidade\/\" \/>\n<meta property=\"og:locale\" content=\"pt_PT\" \/>\n<meta property=\"og:type\" content=\"article\" \/>\n<meta property=\"og:title\" content=\"O SENTIR DE UMA CIDADE - AEP\" \/>\n<meta property=\"og:description\" content=\"Como se fossemos numa viagem, ao ler a B\u00edblia encontramos diferentes paisagens, climas, ambientes, din\u00e2micas e preocupa\u00e7\u00f5es em cidades daquele tempo. Quatro cidades Curioso \u00e9 que, por vezes, tamb\u00e9m descobrimos \u201csentimentos\u201d nestas cidades. \u00c9 verdade, o texto refere o \u201cpulsar do cora\u00e7\u00e3o\u201d desta e daquela cidade, como se de uma pessoa se tratasse. Recordemos aqui\" \/>\n<meta property=\"og:url\" content=\"https:\/\/aliancaevangelica.pt\/site\/o-sentir-de-uma-cidade\/\" \/>\n<meta property=\"og:site_name\" content=\"AEP\" \/>\n<meta property=\"article:publisher\" content=\"http:\/\/facebook.com\/aeportuguesa\" \/>\n<meta property=\"article:author\" content=\"aeportugal\" \/>\n<meta property=\"article:published_time\" content=\"2020-03-20T16:55:15+00:00\" \/>\n<meta property=\"og:image\" content=\"https:\/\/aliancaevangelica.pt\/site\/wp-content\/uploads\/2020\/03\/Lisboa.jpg\" \/>\n\t<meta property=\"og:image:width\" content=\"960\" \/>\n\t<meta property=\"og:image:height\" content=\"638\" \/>\n\t<meta property=\"og:image:type\" content=\"image\/jpeg\" \/>\n<meta name=\"author\" content=\"AEP\" \/>\n<meta name=\"twitter:card\" content=\"summary_large_image\" \/>\n<meta name=\"twitter:label1\" content=\"Escrito por\" \/>\n\t<meta name=\"twitter:data1\" content=\"AEP\" \/>\n\t<meta name=\"twitter:label2\" content=\"Tempo estimado de leitura\" \/>\n\t<meta name=\"twitter:data2\" content=\"2 minutos\" \/>\n<script type=\"application\/ld+json\" class=\"yoast-schema-graph\">{\"@context\":\"https:\\\/\\\/schema.org\",\"@graph\":[{\"@type\":\"Article\",\"@id\":\"https:\\\/\\\/aliancaevangelica.pt\\\/site\\\/o-sentir-de-uma-cidade\\\/#article\",\"isPartOf\":{\"@id\":\"https:\\\/\\\/aliancaevangelica.pt\\\/site\\\/o-sentir-de-uma-cidade\\\/\"},\"author\":{\"name\":\"AEP\",\"@id\":\"https:\\\/\\\/aliancaevangelica.pt\\\/site\\\/#\\\/schema\\\/person\\\/3b47cfc7535eff1e820f31c2d67eafcf\"},\"headline\":\"O SENTIR DE UMA CIDADE\",\"datePublished\":\"2020-03-20T16:55:15+00:00\",\"mainEntityOfPage\":{\"@id\":\"https:\\\/\\\/aliancaevangelica.pt\\\/site\\\/o-sentir-de-uma-cidade\\\/\"},\"wordCount\":495,\"commentCount\":0,\"publisher\":{\"@id\":\"https:\\\/\\\/aliancaevangelica.pt\\\/site\\\/#organization\"},\"image\":{\"@id\":\"https:\\\/\\\/aliancaevangelica.pt\\\/site\\\/o-sentir-de-uma-cidade\\\/#primaryimage\"},\"thumbnailUrl\":\"https:\\\/\\\/aliancaevangelica.pt\\\/site\\\/wp-content\\\/uploads\\\/2020\\\/03\\\/Lisboa.jpg\",\"keywords\":[\"1-Geral\"],\"articleSection\":[\"GERAL\",\"MULHERES, CASAIS E FAM\u00cdLIA\"],\"inLanguage\":\"pt-PT\",\"potentialAction\":[{\"@type\":\"CommentAction\",\"name\":\"Comment\",\"target\":[\"https:\\\/\\\/aliancaevangelica.pt\\\/site\\\/o-sentir-de-uma-cidade\\\/#respond\"]}]},{\"@type\":\"WebPage\",\"@id\":\"https:\\\/\\\/aliancaevangelica.pt\\\/site\\\/o-sentir-de-uma-cidade\\\/\",\"url\":\"https:\\\/\\\/aliancaevangelica.pt\\\/site\\\/o-sentir-de-uma-cidade\\\/\",\"name\":\"O SENTIR DE UMA CIDADE - AEP\",\"isPartOf\":{\"@id\":\"https:\\\/\\\/aliancaevangelica.pt\\\/site\\\/#website\"},\"primaryImageOfPage\":{\"@id\":\"https:\\\/\\\/aliancaevangelica.pt\\\/site\\\/o-sentir-de-uma-cidade\\\/#primaryimage\"},\"image\":{\"@id\":\"https:\\\/\\\/aliancaevangelica.pt\\\/site\\\/o-sentir-de-uma-cidade\\\/#primaryimage\"},\"thumbnailUrl\":\"https:\\\/\\\/aliancaevangelica.pt\\\/site\\\/wp-content\\\/uploads\\\/2020\\\/03\\\/Lisboa.jpg\",\"datePublished\":\"2020-03-20T16:55:15+00:00\",\"breadcrumb\":{\"@id\":\"https:\\\/\\\/aliancaevangelica.pt\\\/site\\\/o-sentir-de-uma-cidade\\\/#breadcrumb\"},\"inLanguage\":\"pt-PT\",\"potentialAction\":[{\"@type\":\"ReadAction\",\"target\":[\"https:\\\/\\\/aliancaevangelica.pt\\\/site\\\/o-sentir-de-uma-cidade\\\/\"]}]},{\"@type\":\"ImageObject\",\"inLanguage\":\"pt-PT\",\"@id\":\"https:\\\/\\\/aliancaevangelica.pt\\\/site\\\/o-sentir-de-uma-cidade\\\/#primaryimage\",\"url\":\"https:\\\/\\\/aliancaevangelica.pt\\\/site\\\/wp-content\\\/uploads\\\/2020\\\/03\\\/Lisboa.jpg\",\"contentUrl\":\"https:\\\/\\\/aliancaevangelica.pt\\\/site\\\/wp-content\\\/uploads\\\/2020\\\/03\\\/Lisboa.jpg\",\"width\":960,\"height\":638},{\"@type\":\"BreadcrumbList\",\"@id\":\"https:\\\/\\\/aliancaevangelica.pt\\\/site\\\/o-sentir-de-uma-cidade\\\/#breadcrumb\",\"itemListElement\":[{\"@type\":\"ListItem\",\"position\":1,\"name\":\"In\u00edcio\",\"item\":\"https:\\\/\\\/aliancaevangelica.pt\\\/site\\\/\"},{\"@type\":\"ListItem\",\"position\":2,\"name\":\"O SENTIR DE UMA CIDADE\"}]},{\"@type\":\"WebSite\",\"@id\":\"https:\\\/\\\/aliancaevangelica.pt\\\/site\\\/#website\",\"url\":\"https:\\\/\\\/aliancaevangelica.pt\\\/site\\\/\",\"name\":\"Alian\u00e7a Evang\u00e9lica Portuguesa\",\"description\":\"Alian\u00e7a Evang\u00e9lica Portuguesa\",\"publisher\":{\"@id\":\"https:\\\/\\\/aliancaevangelica.pt\\\/site\\\/#organization\"},\"potentialAction\":[{\"@type\":\"SearchAction\",\"target\":{\"@type\":\"EntryPoint\",\"urlTemplate\":\"https:\\\/\\\/aliancaevangelica.pt\\\/site\\\/?s={search_term_string}\"},\"query-input\":{\"@type\":\"PropertyValueSpecification\",\"valueRequired\":true,\"valueName\":\"search_term_string\"}}],\"inLanguage\":\"pt-PT\"},{\"@type\":\"Organization\",\"@id\":\"https:\\\/\\\/aliancaevangelica.pt\\\/site\\\/#organization\",\"name\":\"Alian\u00e7a Evang\u00e9lica Portuguesa\",\"url\":\"https:\\\/\\\/aliancaevangelica.pt\\\/site\\\/\",\"logo\":{\"@type\":\"ImageObject\",\"inLanguage\":\"pt-PT\",\"@id\":\"https:\\\/\\\/aliancaevangelica.pt\\\/site\\\/#\\\/schema\\\/logo\\\/image\\\/\",\"url\":\"https:\\\/\\\/aliancaevangelica.pt\\\/site\\\/wp-content\\\/uploads\\\/2017\\\/11\\\/logo-AEP-cor.png\",\"contentUrl\":\"https:\\\/\\\/aliancaevangelica.pt\\\/site\\\/wp-content\\\/uploads\\\/2017\\\/11\\\/logo-AEP-cor.png\",\"width\":1156,\"height\":672,\"caption\":\"Alian\u00e7a Evang\u00e9lica Portuguesa\"},\"image\":{\"@id\":\"https:\\\/\\\/aliancaevangelica.pt\\\/site\\\/#\\\/schema\\\/logo\\\/image\\\/\"},\"sameAs\":[\"http:\\\/\\\/facebook.com\\\/aeportuguesa\",\"http:\\\/\\\/instagram.com\\\/aliancaep\",\"http:\\\/\\\/youtube.com\\\/aeportuguesa\"]},{\"@type\":\"Person\",\"@id\":\"https:\\\/\\\/aliancaevangelica.pt\\\/site\\\/#\\\/schema\\\/person\\\/3b47cfc7535eff1e820f31c2d67eafcf\",\"name\":\"AEP\",\"sameAs\":[\"aeportugal\"],\"url\":\"https:\\\/\\\/aliancaevangelica.pt\\\/site\\\/author\\\/aeportugal\\\/\"}]}<\/script>\n<!-- \/ Yoast SEO plugin. -->","yoast_head_json":{"title":"O SENTIR DE UMA CIDADE - AEP","robots":{"index":"index","follow":"follow","max-snippet":"max-snippet:-1","max-image-preview":"max-image-preview:large","max-video-preview":"max-video-preview:-1"},"canonical":"https:\/\/aliancaevangelica.pt\/site\/o-sentir-de-uma-cidade\/","og_locale":"pt_PT","og_type":"article","og_title":"O SENTIR DE UMA CIDADE - AEP","og_description":"Como se fossemos numa viagem, ao ler a B\u00edblia encontramos diferentes paisagens, climas, ambientes, din\u00e2micas e preocupa\u00e7\u00f5es em cidades daquele tempo. Quatro cidades Curioso \u00e9 que, por vezes, tamb\u00e9m descobrimos \u201csentimentos\u201d nestas cidades. \u00c9 verdade, o texto refere o \u201cpulsar do cora\u00e7\u00e3o\u201d desta e daquela cidade, como se de uma pessoa se tratasse. Recordemos aqui","og_url":"https:\/\/aliancaevangelica.pt\/site\/o-sentir-de-uma-cidade\/","og_site_name":"AEP","article_publisher":"http:\/\/facebook.com\/aeportuguesa","article_author":"aeportugal","article_published_time":"2020-03-20T16:55:15+00:00","og_image":[{"width":960,"height":638,"url":"https:\/\/aliancaevangelica.pt\/site\/wp-content\/uploads\/2020\/03\/Lisboa.jpg","type":"image\/jpeg"}],"author":"AEP","twitter_card":"summary_large_image","twitter_misc":{"Escrito por":"AEP","Tempo estimado de leitura":"2 minutos"},"schema":{"@context":"https:\/\/schema.org","@graph":[{"@type":"Article","@id":"https:\/\/aliancaevangelica.pt\/site\/o-sentir-de-uma-cidade\/#article","isPartOf":{"@id":"https:\/\/aliancaevangelica.pt\/site\/o-sentir-de-uma-cidade\/"},"author":{"name":"AEP","@id":"https:\/\/aliancaevangelica.pt\/site\/#\/schema\/person\/3b47cfc7535eff1e820f31c2d67eafcf"},"headline":"O SENTIR DE UMA CIDADE","datePublished":"2020-03-20T16:55:15+00:00","mainEntityOfPage":{"@id":"https:\/\/aliancaevangelica.pt\/site\/o-sentir-de-uma-cidade\/"},"wordCount":495,"commentCount":0,"publisher":{"@id":"https:\/\/aliancaevangelica.pt\/site\/#organization"},"image":{"@id":"https:\/\/aliancaevangelica.pt\/site\/o-sentir-de-uma-cidade\/#primaryimage"},"thumbnailUrl":"https:\/\/aliancaevangelica.pt\/site\/wp-content\/uploads\/2020\/03\/Lisboa.jpg","keywords":["1-Geral"],"articleSection":["GERAL","MULHERES, CASAIS E FAM\u00cdLIA"],"inLanguage":"pt-PT","potentialAction":[{"@type":"CommentAction","name":"Comment","target":["https:\/\/aliancaevangelica.pt\/site\/o-sentir-de-uma-cidade\/#respond"]}]},{"@type":"WebPage","@id":"https:\/\/aliancaevangelica.pt\/site\/o-sentir-de-uma-cidade\/","url":"https:\/\/aliancaevangelica.pt\/site\/o-sentir-de-uma-cidade\/","name":"O SENTIR DE UMA CIDADE - AEP","isPartOf":{"@id":"https:\/\/aliancaevangelica.pt\/site\/#website"},"primaryImageOfPage":{"@id":"https:\/\/aliancaevangelica.pt\/site\/o-sentir-de-uma-cidade\/#primaryimage"},"image":{"@id":"https:\/\/aliancaevangelica.pt\/site\/o-sentir-de-uma-cidade\/#primaryimage"},"thumbnailUrl":"https:\/\/aliancaevangelica.pt\/site\/wp-content\/uploads\/2020\/03\/Lisboa.jpg","datePublished":"2020-03-20T16:55:15+00:00","breadcrumb":{"@id":"https:\/\/aliancaevangelica.pt\/site\/o-sentir-de-uma-cidade\/#breadcrumb"},"inLanguage":"pt-PT","potentialAction":[{"@type":"ReadAction","target":["https:\/\/aliancaevangelica.pt\/site\/o-sentir-de-uma-cidade\/"]}]},{"@type":"ImageObject","inLanguage":"pt-PT","@id":"https:\/\/aliancaevangelica.pt\/site\/o-sentir-de-uma-cidade\/#primaryimage","url":"https:\/\/aliancaevangelica.pt\/site\/wp-content\/uploads\/2020\/03\/Lisboa.jpg","contentUrl":"https:\/\/aliancaevangelica.pt\/site\/wp-content\/uploads\/2020\/03\/Lisboa.jpg","width":960,"height":638},{"@type":"BreadcrumbList","@id":"https:\/\/aliancaevangelica.pt\/site\/o-sentir-de-uma-cidade\/#breadcrumb","itemListElement":[{"@type":"ListItem","position":1,"name":"In\u00edcio","item":"https:\/\/aliancaevangelica.pt\/site\/"},{"@type":"ListItem","position":2,"name":"O SENTIR DE UMA CIDADE"}]},{"@type":"WebSite","@id":"https:\/\/aliancaevangelica.pt\/site\/#website","url":"https:\/\/aliancaevangelica.pt\/site\/","name":"Alian\u00e7a Evang\u00e9lica Portuguesa","description":"Alian\u00e7a Evang\u00e9lica Portuguesa","publisher":{"@id":"https:\/\/aliancaevangelica.pt\/site\/#organization"},"potentialAction":[{"@type":"SearchAction","target":{"@type":"EntryPoint","urlTemplate":"https:\/\/aliancaevangelica.pt\/site\/?s={search_term_string}"},"query-input":{"@type":"PropertyValueSpecification","valueRequired":true,"valueName":"search_term_string"}}],"inLanguage":"pt-PT"},{"@type":"Organization","@id":"https:\/\/aliancaevangelica.pt\/site\/#organization","name":"Alian\u00e7a Evang\u00e9lica Portuguesa","url":"https:\/\/aliancaevangelica.pt\/site\/","logo":{"@type":"ImageObject","inLanguage":"pt-PT","@id":"https:\/\/aliancaevangelica.pt\/site\/#\/schema\/logo\/image\/","url":"https:\/\/aliancaevangelica.pt\/site\/wp-content\/uploads\/2017\/11\/logo-AEP-cor.png","contentUrl":"https:\/\/aliancaevangelica.pt\/site\/wp-content\/uploads\/2017\/11\/logo-AEP-cor.png","width":1156,"height":672,"caption":"Alian\u00e7a Evang\u00e9lica Portuguesa"},"image":{"@id":"https:\/\/aliancaevangelica.pt\/site\/#\/schema\/logo\/image\/"},"sameAs":["http:\/\/facebook.com\/aeportuguesa","http:\/\/instagram.com\/aliancaep","http:\/\/youtube.com\/aeportuguesa"]},{"@type":"Person","@id":"https:\/\/aliancaevangelica.pt\/site\/#\/schema\/person\/3b47cfc7535eff1e820f31c2d67eafcf","name":"AEP","sameAs":["aeportugal"],"url":"https:\/\/aliancaevangelica.pt\/site\/author\/aeportugal\/"}]}},"uagb_featured_image_src":{"full":["https:\/\/aliancaevangelica.pt\/site\/wp-content\/uploads\/2020\/03\/Lisboa.jpg",960,638,false],"thumbnail":["https:\/\/aliancaevangelica.pt\/site\/wp-content\/uploads\/2020\/03\/Lisboa-150x150.jpg",150,150,true],"medium":["https:\/\/aliancaevangelica.pt\/site\/wp-content\/uploads\/2020\/03\/Lisboa-300x199.jpg",300,199,true],"medium_large":["https:\/\/aliancaevangelica.pt\/site\/wp-content\/uploads\/2020\/03\/Lisboa-768x510.jpg",768,510,true],"large":["https:\/\/aliancaevangelica.pt\/site\/wp-content\/uploads\/2020\/03\/Lisboa.jpg",960,638,false],"1536x1536":["https:\/\/aliancaevangelica.pt\/site\/wp-content\/uploads\/2020\/03\/Lisboa.jpg",960,638,false],"2048x2048":["https:\/\/aliancaevangelica.pt\/site\/wp-content\/uploads\/2020\/03\/Lisboa.jpg",960,638,false],"vp_sm":["https:\/\/aliancaevangelica.pt\/site\/wp-content\/uploads\/2020\/03\/Lisboa.jpg",500,332,false],"vp_md":["https:\/\/aliancaevangelica.pt\/site\/wp-content\/uploads\/2020\/03\/Lisboa.jpg",800,532,false],"vp_lg":["https:\/\/aliancaevangelica.pt\/site\/wp-content\/uploads\/2020\/03\/Lisboa.jpg",960,638,false],"vp_xl":["https:\/\/aliancaevangelica.pt\/site\/wp-content\/uploads\/2020\/03\/Lisboa.jpg",960,638,false],"vp_sm_popup":["https:\/\/aliancaevangelica.pt\/site\/wp-content\/uploads\/2020\/03\/Lisboa.jpg",500,332,false],"vp_md_popup":["https:\/\/aliancaevangelica.pt\/site\/wp-content\/uploads\/2020\/03\/Lisboa.jpg",800,532,false],"vp_xl_popup":["https:\/\/aliancaevangelica.pt\/site\/wp-content\/uploads\/2020\/03\/Lisboa.jpg",960,638,false],"newsx-150x100":["https:\/\/aliancaevangelica.pt\/site\/wp-content\/uploads\/2020\/03\/Lisboa.jpg",150,100,false],"newsx-330x220":["https:\/\/aliancaevangelica.pt\/site\/wp-content\/uploads\/2020\/03\/Lisboa.jpg",330,220,false],"newsx-420x280":["https:\/\/aliancaevangelica.pt\/site\/wp-content\/uploads\/2020\/03\/Lisboa.jpg",420,280,false],"newsx-510x340":["https:\/\/aliancaevangelica.pt\/site\/wp-content\/uploads\/2020\/03\/Lisboa.jpg",510,340,false],"newsx-640x480":["https:\/\/aliancaevangelica.pt\/site\/wp-content\/uploads\/2020\/03\/Lisboa.jpg",640,425,false],"newsx-670x370":["https:\/\/aliancaevangelica.pt\/site\/wp-content\/uploads\/2020\/03\/Lisboa.jpg",557,370,false],"newsx-860x570":["https:\/\/aliancaevangelica.pt\/site\/wp-content\/uploads\/2020\/03\/Lisboa.jpg",858,570,false],"newsx-1000x750":["https:\/\/aliancaevangelica.pt\/site\/wp-content\/uploads\/2020\/03\/Lisboa.jpg",960,638,false],"newsx-1200x600":["https:\/\/aliancaevangelica.pt\/site\/wp-content\/uploads\/2020\/03\/Lisboa.jpg",903,600,false]},"uagb_author_info":{"display_name":"AEP","author_link":"https:\/\/aliancaevangelica.pt\/site\/author\/aeportugal\/"},"uagb_comment_info":0,"uagb_excerpt":"Como se fossemos numa viagem, ao ler a B\u00edblia encontramos diferentes paisagens, climas, ambientes, din\u00e2micas e preocupa\u00e7\u00f5es em cidades daquele tempo. Quatro cidades Curioso \u00e9 que, por vezes, tamb\u00e9m descobrimos \u201csentimentos\u201d nestas cidades. \u00c9 verdade, o texto refere o \u201cpulsar do cora\u00e7\u00e3o\u201d desta e daquela cidade, como se de uma pessoa se tratasse. Recordemos aqui","_links":{"self":[{"href":"https:\/\/aliancaevangelica.pt\/site\/wp-json\/wp\/v2\/posts\/18124","targetHints":{"allow":["GET"]}}],"collection":[{"href":"https:\/\/aliancaevangelica.pt\/site\/wp-json\/wp\/v2\/posts"}],"about":[{"href":"https:\/\/aliancaevangelica.pt\/site\/wp-json\/wp\/v2\/types\/post"}],"author":[{"embeddable":true,"href":"https:\/\/aliancaevangelica.pt\/site\/wp-json\/wp\/v2\/users\/2"}],"replies":[{"embeddable":true,"href":"https:\/\/aliancaevangelica.pt\/site\/wp-json\/wp\/v2\/comments?post=18124"}],"version-history":[{"count":6,"href":"https:\/\/aliancaevangelica.pt\/site\/wp-json\/wp\/v2\/posts\/18124\/revisions"}],"predecessor-version":[{"id":18131,"href":"https:\/\/aliancaevangelica.pt\/site\/wp-json\/wp\/v2\/posts\/18124\/revisions\/18131"}],"wp:featuredmedia":[{"embeddable":true,"href":"https:\/\/aliancaevangelica.pt\/site\/wp-json\/wp\/v2\/media\/18126"}],"wp:attachment":[{"href":"https:\/\/aliancaevangelica.pt\/site\/wp-json\/wp\/v2\/media?parent=18124"}],"wp:term":[{"taxonomy":"category","embeddable":true,"href":"https:\/\/aliancaevangelica.pt\/site\/wp-json\/wp\/v2\/categories?post=18124"},{"taxonomy":"post_tag","embeddable":true,"href":"https:\/\/aliancaevangelica.pt\/site\/wp-json\/wp\/v2\/tags?post=18124"}],"curies":[{"name":"wp","href":"https:\/\/api.w.org\/{rel}","templated":true}]}}